{"id":636,"date":"2024-10-24T10:24:04","date_gmt":"2024-10-24T10:24:04","guid":{"rendered":"https:\/\/agrupacionespsoe.es\/ponferrada\/?p=636"},"modified":"2024-10-25T11:03:02","modified_gmt":"2024-10-25T11:03:02","slug":"el-equipo-de-gobierno-plantea-una-ocurrencia-que-creara-un-problema-en-otras-zonas","status":"publish","type":"post","link":"https:\/\/agrupacionespsoe.es\/ponferrada\/el-equipo-de-gobierno-plantea-una-ocurrencia-que-creara-un-problema-en-otras-zonas\/","title":{"rendered":"El equipo de gobierno plantea una ocurrencia que crear\u00e1 un problema en otras zonas"},"content":{"rendered":"\n<p class=\"has-medium-font-size\"><strong>El PSOE pide al equipo de gobierno que trabaje en buscar financiaci\u00f3n para la Ronda Sur y deje de derrochar el dinero<\/strong><\/p>\n\n\n\n<p>El grupo socialista quiere valorar el proyecto que se present\u00f3 a bombo y platillo, el pasado martes, para la semipeatonalizaci\u00f3n de la Avenida del Castillo.<\/p>\n\n\n\n<p>El Grupo Municipal Socialista considera que la presentaci\u00f3n m\u00e1s que un proyecto de futuro para Ponferrada es una mala secuela de una pel\u00edcula que no sabemos a\u00fan si del g\u00e9nero comedia o de terror.<\/p>\n\n\n\n<p>Pedro Fern\u00e1ndez se\u00f1ala que despu\u00e9s de la primera parte de la pel\u00edcula donde nos quer\u00edan hacer creer que el soterramiento de la avenida del castillo era \u201clevantar y poner un tablero\u201d y luego result\u00f3 que era una coletilla que se hab\u00eda inventado el PSOE<\/p>\n\n\n\n<p>\u201cEn la secuela de la pel\u00edcula nos presentan un proyecto de m\u00e1s de 3 millones de euros que es una ocurrencia y no es la soluci\u00f3n al problema sino que va a crear uno m\u00e1s grande en un barrio que no est\u00e1 dise\u00f1ado para soportar la cantidad de tr\u00e1fico que quieren derivar, sin mencionar que va a pasar por delante de un centro hospitalario que ya recibe bastante tr\u00e1fico.\u201d<\/p>\n\n\n\n<p>Desde el grupo socialista les pedimos que dejen de innovar porque la soluci\u00f3n est\u00e1 perfectamente delimitada con el Plan General de Ordenaci\u00f3n Urbana (PGOU) de 2007, es una ronda sur pero la de verdad.<\/p>\n\n\n\n<p>Pedro Fern\u00e1ndez afirma que \u201ccualquier ciudadano que conozca ese barrio sabe que la idea de derivar la circulaci\u00f3n de la avenida del Castillo no es m\u00e1s que una ocurrencia o una idea peregrina. Gastar m\u00e1s de 3 millones de euros para un desv\u00edo de uno de los sentidos de circulaci\u00f3n no es la soluci\u00f3n definitiva y est\u00e1&nbsp; lejos de ser uno de los proyectos m\u00e1s avanzados en la historia de Ponferrada o un proyecto serio de ese tramo de la Ronda Sur, como se\u00f1alaba ayer el Sr. Morala, est\u00e1 m\u00e1s cerca de convertirse en la Ronda de la Matanza de San Andr\u00e9s (del barrio de San Andr\u00e9s concretamente).\u201d<\/p>\n\n\n\n<p>Desde el Grupo Socialista estamos convencidos que incluso PP y CB saben de la poca viabilidad del proyecto, y un ejemplo es que tienen previsto prohibir el acceso a camiones y autobuses. No han aclarado si el autob\u00fas urbano podr\u00eda circular, lo que a\u00f1adir\u00eda otro efecto negativo al barrio de San Andr\u00e9s que es el aislamiento.<\/p>\n\n\n\n<p>Otro ejemplo de que la idea es p\u00e9sima y no es una soluci\u00f3n es que ellos mismos reconocen que la circulaci\u00f3n se va a ver muy reducida, porque seg\u00fan ellos mismos han indicado \u201cva a ser m\u00e1s atractivo circular por el Puente del Centenario o el Puente Celso L\u00f3pez Gavela\u201d o por \u201cGeneral Vives\u201d. Lo que significa que no es una soluci\u00f3n sino que genera dos graves problemas, uno para el propio barrio de San Andr\u00e9s que ver\u00e1 como pasa de ser un barrio tranquilo a convertirse en uno de los 4 \u00fanicos accesos para la zona alta. Y el otro para las otras v\u00edas que ya soportan mucho tr\u00e1fico y que ver\u00e1n c\u00f3mo se intensifica.<\/p>\n\n\n\n<p>Ha querido recordar que la finalizaci\u00f3n del Puente del Centenario en la Avenida del Bierzo provoc\u00f3 un aislamiento del \u201cbarrio de las flores\u201d y esta propuesta lo que va a hacer es incrementar la circulaci\u00f3n y por lo tanto dificultar mucho m\u00e1s el acceso al barrio y a la universidad y sobre todo la salida que ya es bastante complicada.<\/p>\n\n\n\n<p>A\u00f1ade que \u201ctambi\u00e9n se ver\u00eda muy afectado el barrio de los jud\u00edos si pretenden incrementar la circulaci\u00f3n por una zona donde se concentra la biblioteca p\u00fablica, la escuela de idiomas, un colegio p\u00fablico, un instituto y los juzgados en apenas 50 metros para que los coches acaben subiendo o por General Vives o por el Puente del Centenario.\u201d<\/p>\n\n\n\n<figure class=\"wp-block-image size-full\"><img loading=\"lazy\" decoding=\"async\" width=\"581\" height=\"595\" src=\"https:\/\/agrupacionespsoe.es\/ponferrada\/wp-content\/uploads\/sites\/36\/2024\/04\/WhatsApp-Image-2024-04-10-at-13.14.58.jpeg\" alt=\"\" class=\"wp-image-458\" srcset=\"https:\/\/agrupacionespsoe.es\/ponferrada\/wp-content\/uploads\/sites\/36\/2024\/04\/WhatsApp-Image-2024-04-10-at-13.14.58.jpeg 581w, https:\/\/agrupacionespsoe.es\/ponferrada\/wp-content\/uploads\/sites\/36\/2024\/04\/WhatsApp-Image-2024-04-10-at-13.14.58-293x300.jpeg 293w\" sizes=\"auto, (max-width: 581px) 100vw, 581px\" \/><\/figure>\n\n\n\n<p>Desde el PSOE volvemos a pedir que se centren en buscar financiaci\u00f3n para la I fase de la Ronda Sur que ya est\u00e1 planificada desde casi 20 a\u00f1os y que dejen de derrochar el dinero para no solucionar un problema sino causar varios a los vecinos de las zonas que va a afectar. Que auguramos que va a conllevar muchas protestas vecinales porque una vez m\u00e1s este equipo de gobierno no ha escuchado a todos los vecinos solo a los amigos.<\/p>\n\n\n\n<p>En el Grupo Municipal\u00a0 creemos que este proyecto no tiene nada que ver con la valent\u00eda sino con intentar lavar la cara a un pacto de gobierno del que no vemos nada y nos tememos que poco vamos a ver. Prometieron 22 millones de euros de inversi\u00f3n de la Junta de Castilla y Le\u00f3n y por el momento no es que no haya llegado nada es que no est\u00e1n ni reivindicando los compromisos que la Junta hab\u00eda adquirido como son las viviendas sociales<\/p>\n\n\n\n<figure class=\"wp-block-embed is-type-video is-provider-youtube wp-block-embed-youtube wp-embed-aspect-16-9 wp-has-aspect-ratio\"><div class=\"wp-block-embed__wrapper\">\n<iframe loading=\"lazy\" title=\"PP y CB presentan: La matanza del barrio de San Andr\u00e9s\" width=\"500\" height=\"281\" src=\"https:\/\/www.youtube.com\/embed\/WTuf4J8yTRo?feature=oembed\" frameborder=\"0\" allow=\"accelerometer; autoplay; clipboard-write; encrypted-media; gyroscope; picture-in-picture; web-share\" referrerpolicy=\"strict-origin-when-cross-origin\" allowfullscreen><\/iframe>\n<\/div><figcaption class=\"wp-element-caption\">Video de las calles por donde quieren derivar la circulaci\u00f3n de al menos 4.000 veh\u00edculos<\/figcaption><\/figure>\n\n\n","protected":false},"excerpt":{"rendered":"<p>El PSOE pide al equipo de gobierno que trabaje en buscar financiaci\u00f3n para la Ronda Sur y deje de derrochar el dinero El grupo socialista quiere valorar el proyecto que se present\u00f3 a bombo y platillo, el pasado martes, para la semipeatonalizaci\u00f3n de la Avenida del Castillo. El Grupo Municipal Socialista considera que la presentaci\u00f3n &#8230;<\/p>\n","protected":false},"author":32,"featured_media":458,"comment_status":"open","ping_status":"open","sticky":false,"template":"","format":"standard","meta":{"_jetpack_memberships_contains_paid_content":false,"footnotes":""},"categories":[6],"tags":[],"class_list":["post-636","post","type-post","status-publish","format-standard","has-post-thumbnail","hentry","category-actualidad"],"yoast_head":"<!-- This site is optimized with the Yoast SEO plugin v24.0 - https:\/\/yoast.com\/wordpress\/plugins\/seo\/ -->\n<title>El equipo de gobierno plantea una ocurrencia que crear\u00e1 un problema en otras zonas - Agrupaci\u00f3n Socialista de Ponferrada<\/title>\n<meta name=\"robots\" content=\"index, follow, max-snippet:-1, max-image-preview:large, max-video-preview:-1\" \/>\n<link rel=\"canonical\" href=\"https:\/\/agrupacionespsoe.es\/ponferrada\/el-equipo-de-gobierno-plantea-una-ocurrencia-que-creara-un-problema-en-otras-zonas\/\" \/>\n<meta property=\"og:locale\" content=\"es_ES\" \/>\n<meta property=\"og:type\" content=\"article\" \/>\n<meta property=\"og:title\" content=\"El equipo de gobierno plantea una ocurrencia que crear\u00e1 un problema en otras zonas - Agrupaci\u00f3n Socialista de Ponferrada\" \/>\n<meta property=\"og:description\" content=\"El PSOE pide al equipo de gobierno que trabaje en buscar financiaci\u00f3n para la Ronda Sur y deje de derrochar el dinero El grupo socialista quiere valorar el proyecto que se present\u00f3 a bombo y platillo, el pasado martes, para la semipeatonalizaci\u00f3n de la Avenida del Castillo. El Grupo Municipal Socialista considera que la presentaci\u00f3n ...\" \/>\n<meta property=\"og:url\" content=\"https:\/\/agrupacionespsoe.es\/ponferrada\/el-equipo-de-gobierno-plantea-una-ocurrencia-que-creara-un-problema-en-otras-zonas\/\" \/>\n<meta property=\"og:site_name\" content=\"Agrupaci\u00f3n Socialista de Ponferrada\" \/>\n<meta property=\"article:published_time\" content=\"2024-10-24T10:24:04+00:00\" \/>\n<meta property=\"article:modified_time\" content=\"2024-10-25T11:03:02+00:00\" \/>\n<meta property=\"og:image\" content=\"https:\/\/agrupacionespsoe.es\/ponferrada\/wp-content\/uploads\/sites\/36\/2024\/04\/WhatsApp-Image-2024-04-10-at-13.14.58.jpeg\" \/>\n\t<meta property=\"og:image:width\" content=\"581\" \/>\n\t<meta property=\"og:image:height\" content=\"595\" \/>\n\t<meta property=\"og:image:type\" content=\"image\/jpeg\" \/>\n<meta name=\"author\" content=\"ponferrada2\" \/>\n<meta name=\"twitter:card\" content=\"summary_large_image\" \/>\n<meta name=\"twitter:label1\" content=\"Escrito por\" \/>\n\t<meta name=\"twitter:data1\" content=\"ponferrada2\" \/>\n\t<meta name=\"twitter:label2\" content=\"Tiempo de lectura\" \/>\n\t<meta name=\"twitter:data2\" content=\"4 minutos\" \/>\n<script type=\"application\/ld+json\" class=\"yoast-schema-graph\">{\"@context\":\"https:\/\/schema.org\",\"@graph\":[{\"@type\":\"Article\",\"@id\":\"https:\/\/agrupacionespsoe.es\/ponferrada\/el-equipo-de-gobierno-plantea-una-ocurrencia-que-creara-un-problema-en-otras-zonas\/#article\",\"isPartOf\":{\"@id\":\"https:\/\/agrupacionespsoe.es\/ponferrada\/el-equipo-de-gobierno-plantea-una-ocurrencia-que-creara-un-problema-en-otras-zonas\/\"},\"author\":{\"name\":\"ponferrada2\",\"@id\":\"https:\/\/agrupacionespsoe.es\/ponferrada\/#\/schema\/person\/cd29ee627f3b70c05d415f02596debaa\"},\"headline\":\"El equipo de gobierno plantea una ocurrencia que crear\u00e1 un problema en otras zonas\",\"datePublished\":\"2024-10-24T10:24:04+00:00\",\"dateModified\":\"2024-10-25T11:03:02+00:00\",\"mainEntityOfPage\":{\"@id\":\"https:\/\/agrupacionespsoe.es\/ponferrada\/el-equipo-de-gobierno-plantea-una-ocurrencia-que-creara-un-problema-en-otras-zonas\/\"},\"wordCount\":892,\"commentCount\":0,\"publisher\":{\"@id\":\"https:\/\/agrupacionespsoe.es\/ponferrada\/#organization\"},\"image\":{\"@id\":\"https:\/\/agrupacionespsoe.es\/ponferrada\/el-equipo-de-gobierno-plantea-una-ocurrencia-que-creara-un-problema-en-otras-zonas\/#primaryimage\"},\"thumbnailUrl\":\"https:\/\/agrupacionespsoe.es\/ponferrada\/wp-content\/uploads\/sites\/36\/2024\/04\/WhatsApp-Image-2024-04-10-at-13.14.58.jpeg\",\"articleSection\":[\"ACTUALIDAD\"],\"inLanguage\":\"es\",\"potentialAction\":[{\"@type\":\"CommentAction\",\"name\":\"Comment\",\"target\":[\"https:\/\/agrupacionespsoe.es\/ponferrada\/el-equipo-de-gobierno-plantea-una-ocurrencia-que-creara-un-problema-en-otras-zonas\/#respond\"]}]},{\"@type\":\"WebPage\",\"@id\":\"https:\/\/agrupacionespsoe.es\/ponferrada\/el-equipo-de-gobierno-plantea-una-ocurrencia-que-creara-un-problema-en-otras-zonas\/\",\"url\":\"https:\/\/agrupacionespsoe.es\/ponferrada\/el-equipo-de-gobierno-plantea-una-ocurrencia-que-creara-un-problema-en-otras-zonas\/\",\"name\":\"El equipo de gobierno plantea una ocurrencia que crear\u00e1 un problema en otras zonas - Agrupaci\u00f3n Socialista de Ponferrada\",\"isPartOf\":{\"@id\":\"https:\/\/agrupacionespsoe.es\/ponferrada\/#website\"},\"primaryImageOfPage\":{\"@id\":\"https:\/\/agrupacionespsoe.es\/ponferrada\/el-equipo-de-gobierno-plantea-una-ocurrencia-que-creara-un-problema-en-otras-zonas\/#primaryimage\"},\"image\":{\"@id\":\"https:\/\/agrupacionespsoe.es\/ponferrada\/el-equipo-de-gobierno-plantea-una-ocurrencia-que-creara-un-problema-en-otras-zonas\/#primaryimage\"},\"thumbnailUrl\":\"https:\/\/agrupacionespsoe.es\/ponferrada\/wp-content\/uploads\/sites\/36\/2024\/04\/WhatsApp-Image-2024-04-10-at-13.14.58.jpeg\",\"datePublished\":\"2024-10-24T10:24:04+00:00\",\"dateModified\":\"2024-10-25T11:03:02+00:00\",\"breadcrumb\":{\"@id\":\"https:\/\/agrupacionespsoe.es\/ponferrada\/el-equipo-de-gobierno-plantea-una-ocurrencia-que-creara-un-problema-en-otras-zonas\/#breadcrumb\"},\"inLanguage\":\"es\",\"potentialAction\":[{\"@type\":\"ReadAction\",\"target\":[\"https:\/\/agrupacionespsoe.es\/ponferrada\/el-equipo-de-gobierno-plantea-una-ocurrencia-que-creara-un-problema-en-otras-zonas\/\"]}]},{\"@type\":\"ImageObject\",\"inLanguage\":\"es\",\"@id\":\"https:\/\/agrupacionespsoe.es\/ponferrada\/el-equipo-de-gobierno-plantea-una-ocurrencia-que-creara-un-problema-en-otras-zonas\/#primaryimage\",\"url\":\"https:\/\/agrupacionespsoe.es\/ponferrada\/wp-content\/uploads\/sites\/36\/2024\/04\/WhatsApp-Image-2024-04-10-at-13.14.58.jpeg\",\"contentUrl\":\"https:\/\/agrupacionespsoe.es\/ponferrada\/wp-content\/uploads\/sites\/36\/2024\/04\/WhatsApp-Image-2024-04-10-at-13.14.58.jpeg\",\"width\":581,\"height\":595},{\"@type\":\"BreadcrumbList\",\"@id\":\"https:\/\/agrupacionespsoe.es\/ponferrada\/el-equipo-de-gobierno-plantea-una-ocurrencia-que-creara-un-problema-en-otras-zonas\/#breadcrumb\",\"itemListElement\":[{\"@type\":\"ListItem\",\"position\":1,\"name\":\"Portada\",\"item\":\"https:\/\/agrupacionespsoe.es\/ponferrada\/\"},{\"@type\":\"ListItem\",\"position\":2,\"name\":\"El equipo de gobierno plantea una ocurrencia que crear\u00e1 un problema en otras zonas\"}]},{\"@type\":\"WebSite\",\"@id\":\"https:\/\/agrupacionespsoe.es\/ponferrada\/#website\",\"url\":\"https:\/\/agrupacionespsoe.es\/ponferrada\/\",\"name\":\"Agrupaci\u00f3n Socialista de Ponferrada\",\"description\":\"Agrupaci\u00f3n Socialista de Ponferrada\",\"publisher\":{\"@id\":\"https:\/\/agrupacionespsoe.es\/ponferrada\/#organization\"},\"potentialAction\":[{\"@type\":\"SearchAction\",\"target\":{\"@type\":\"EntryPoint\",\"urlTemplate\":\"https:\/\/agrupacionespsoe.es\/ponferrada\/?s={search_term_string}\"},\"query-input\":{\"@type\":\"PropertyValueSpecification\",\"valueRequired\":true,\"valueName\":\"search_term_string\"}}],\"inLanguage\":\"es\"},{\"@type\":\"Organization\",\"@id\":\"https:\/\/agrupacionespsoe.es\/ponferrada\/#organization\",\"name\":\"Agrupaci\u00f3n Socialista de Ponferrada\",\"url\":\"https:\/\/agrupacionespsoe.es\/ponferrada\/\",\"logo\":{\"@type\":\"ImageObject\",\"inLanguage\":\"es\",\"@id\":\"https:\/\/agrupacionespsoe.es\/ponferrada\/#\/schema\/logo\/image\/\",\"url\":\"https:\/\/agrupacionespsoe.es\/wp-content\/uploads\/2022\/07\/Logotipo_electoral_del_PSOE.png\",\"contentUrl\":\"https:\/\/agrupacionespsoe.es\/wp-content\/uploads\/2022\/07\/Logotipo_electoral_del_PSOE.png\",\"width\":422,\"height\":422,\"caption\":\"Agrupaci\u00f3n Socialista de Ponferrada\"},\"image\":{\"@id\":\"https:\/\/agrupacionespsoe.es\/ponferrada\/#\/schema\/logo\/image\/\"}},{\"@type\":\"Person\",\"@id\":\"https:\/\/agrupacionespsoe.es\/ponferrada\/#\/schema\/person\/cd29ee627f3b70c05d415f02596debaa\",\"name\":\"ponferrada2\",\"image\":{\"@type\":\"ImageObject\",\"inLanguage\":\"es\",\"@id\":\"https:\/\/agrupacionespsoe.es\/ponferrada\/#\/schema\/person\/image\/\",\"url\":\"https:\/\/secure.gravatar.com\/avatar\/f499eeb60144c664cf7b7edf75549b50?s=96&d=mm&r=g\",\"contentUrl\":\"https:\/\/secure.gravatar.com\/avatar\/f499eeb60144c664cf7b7edf75549b50?s=96&d=mm&r=g\",\"caption\":\"ponferrada2\"},\"url\":\"https:\/\/agrupacionespsoe.es\/ponferrada\/author\/ponferrada2\/\"}]}<\/script>\n<!-- \/ Yoast SEO plugin. -->","yoast_head_json":{"title":"El equipo de gobierno plantea una ocurrencia que crear\u00e1 un problema en otras zonas - Agrupaci\u00f3n Socialista de Ponferrada","robots":{"index":"index","follow":"follow","max-snippet":"max-snippet:-1","max-image-preview":"max-image-preview:large","max-video-preview":"max-video-preview:-1"},"canonical":"https:\/\/agrupacionespsoe.es\/ponferrada\/el-equipo-de-gobierno-plantea-una-ocurrencia-que-creara-un-problema-en-otras-zonas\/","og_locale":"es_ES","og_type":"article","og_title":"El equipo de gobierno plantea una ocurrencia que crear\u00e1 un problema en otras zonas - Agrupaci\u00f3n Socialista de Ponferrada","og_description":"El PSOE pide al equipo de gobierno que trabaje en buscar financiaci\u00f3n para la Ronda Sur y deje de derrochar el dinero El grupo socialista quiere valorar el proyecto que se present\u00f3 a bombo y platillo, el pasado martes, para la semipeatonalizaci\u00f3n de la Avenida del Castillo. El Grupo Municipal Socialista considera que la presentaci\u00f3n ...","og_url":"https:\/\/agrupacionespsoe.es\/ponferrada\/el-equipo-de-gobierno-plantea-una-ocurrencia-que-creara-un-problema-en-otras-zonas\/","og_site_name":"Agrupaci\u00f3n Socialista de Ponferrada","article_published_time":"2024-10-24T10:24:04+00:00","article_modified_time":"2024-10-25T11:03:02+00:00","og_image":[{"width":581,"height":595,"url":"https:\/\/agrupacionespsoe.es\/ponferrada\/wp-content\/uploads\/sites\/36\/2024\/04\/WhatsApp-Image-2024-04-10-at-13.14.58.jpeg","type":"image\/jpeg"}],"author":"ponferrada2","twitter_card":"summary_large_image","twitter_misc":{"Escrito por":"ponferrada2","Tiempo de lectura":"4 minutos"},"schema":{"@context":"https:\/\/schema.org","@graph":[{"@type":"Article","@id":"https:\/\/agrupacionespsoe.es\/ponferrada\/el-equipo-de-gobierno-plantea-una-ocurrencia-que-creara-un-problema-en-otras-zonas\/#article","isPartOf":{"@id":"https:\/\/agrupacionespsoe.es\/ponferrada\/el-equipo-de-gobierno-plantea-una-ocurrencia-que-creara-un-problema-en-otras-zonas\/"},"author":{"name":"ponferrada2","@id":"https:\/\/agrupacionespsoe.es\/ponferrada\/#\/schema\/person\/cd29ee627f3b70c05d415f02596debaa"},"headline":"El equipo de gobierno plantea una ocurrencia que crear\u00e1 un problema en otras zonas","datePublished":"2024-10-24T10:24:04+00:00","dateModified":"2024-10-25T11:03:02+00:00","mainEntityOfPage":{"@id":"https:\/\/agrupacionespsoe.es\/ponferrada\/el-equipo-de-gobierno-plantea-una-ocurrencia-que-creara-un-problema-en-otras-zonas\/"},"wordCount":892,"commentCount":0,"publisher":{"@id":"https:\/\/agrupacionespsoe.es\/ponferrada\/#organization"},"image":{"@id":"https:\/\/agrupacionespsoe.es\/ponferrada\/el-equipo-de-gobierno-plantea-una-ocurrencia-que-creara-un-problema-en-otras-zonas\/#primaryimage"},"thumbnailUrl":"https:\/\/agrupacionespsoe.es\/ponferrada\/wp-content\/uploads\/sites\/36\/2024\/04\/WhatsApp-Image-2024-04-10-at-13.14.58.jpeg","articleSection":["ACTUALIDAD"],"inLanguage":"es","potentialAction":[{"@type":"CommentAction","name":"Comment","target":["https:\/\/agrupacionespsoe.es\/ponferrada\/el-equipo-de-gobierno-plantea-una-ocurrencia-que-creara-un-problema-en-otras-zonas\/#respond"]}]},{"@type":"WebPage","@id":"https:\/\/agrupacionespsoe.es\/ponferrada\/el-equipo-de-gobierno-plantea-una-ocurrencia-que-creara-un-problema-en-otras-zonas\/","url":"https:\/\/agrupacionespsoe.es\/ponferrada\/el-equipo-de-gobierno-plantea-una-ocurrencia-que-creara-un-problema-en-otras-zonas\/","name":"El equipo de gobierno plantea una ocurrencia que crear\u00e1 un problema en otras zonas - Agrupaci\u00f3n Socialista de Ponferrada","isPartOf":{"@id":"https:\/\/agrupacionespsoe.es\/ponferrada\/#website"},"primaryImageOfPage":{"@id":"https:\/\/agrupacionespsoe.es\/ponferrada\/el-equipo-de-gobierno-plantea-una-ocurrencia-que-creara-un-problema-en-otras-zonas\/#primaryimage"},"image":{"@id":"https:\/\/agrupacionespsoe.es\/ponferrada\/el-equipo-de-gobierno-plantea-una-ocurrencia-que-creara-un-problema-en-otras-zonas\/#primaryimage"},"thumbnailUrl":"https:\/\/agrupacionespsoe.es\/ponferrada\/wp-content\/uploads\/sites\/36\/2024\/04\/WhatsApp-Image-2024-04-10-at-13.14.58.jpeg","datePublished":"2024-10-24T10:24:04+00:00","dateModified":"2024-10-25T11:03:02+00:00","breadcrumb":{"@id":"https:\/\/agrupacionespsoe.es\/ponferrada\/el-equipo-de-gobierno-plantea-una-ocurrencia-que-creara-un-problema-en-otras-zonas\/#breadcrumb"},"inLanguage":"es","potentialAction":[{"@type":"ReadAction","target":["https:\/\/agrupacionespsoe.es\/ponferrada\/el-equipo-de-gobierno-plantea-una-ocurrencia-que-creara-un-problema-en-otras-zonas\/"]}]},{"@type":"ImageObject","inLanguage":"es","@id":"https:\/\/agrupacionespsoe.es\/ponferrada\/el-equipo-de-gobierno-plantea-una-ocurrencia-que-creara-un-problema-en-otras-zonas\/#primaryimage","url":"https:\/\/agrupacionespsoe.es\/ponferrada\/wp-content\/uploads\/sites\/36\/2024\/04\/WhatsApp-Image-2024-04-10-at-13.14.58.jpeg","contentUrl":"https:\/\/agrupacionespsoe.es\/ponferrada\/wp-content\/uploads\/sites\/36\/2024\/04\/WhatsApp-Image-2024-04-10-at-13.14.58.jpeg","width":581,"height":595},{"@type":"BreadcrumbList","@id":"https:\/\/agrupacionespsoe.es\/ponferrada\/el-equipo-de-gobierno-plantea-una-ocurrencia-que-creara-un-problema-en-otras-zonas\/#breadcrumb","itemListElement":[{"@type":"ListItem","position":1,"name":"Portada","item":"https:\/\/agrupacionespsoe.es\/ponferrada\/"},{"@type":"ListItem","position":2,"name":"El equipo de gobierno plantea una ocurrencia que crear\u00e1 un problema en otras zonas"}]},{"@type":"WebSite","@id":"https:\/\/agrupacionespsoe.es\/ponferrada\/#website","url":"https:\/\/agrupacionespsoe.es\/ponferrada\/","name":"Agrupaci\u00f3n Socialista de Ponferrada","description":"Agrupaci\u00f3n Socialista de Ponferrada","publisher":{"@id":"https:\/\/agrupacionespsoe.es\/ponferrada\/#organization"},"potentialAction":[{"@type":"SearchAction","target":{"@type":"EntryPoint","urlTemplate":"https:\/\/agrupacionespsoe.es\/ponferrada\/?s={search_term_string}"},"query-input":{"@type":"PropertyValueSpecification","valueRequired":true,"valueName":"search_term_string"}}],"inLanguage":"es"},{"@type":"Organization","@id":"https:\/\/agrupacionespsoe.es\/ponferrada\/#organization","name":"Agrupaci\u00f3n Socialista de Ponferrada","url":"https:\/\/agrupacionespsoe.es\/ponferrada\/","logo":{"@type":"ImageObject","inLanguage":"es","@id":"https:\/\/agrupacionespsoe.es\/ponferrada\/#\/schema\/logo\/image\/","url":"https:\/\/agrupacionespsoe.es\/wp-content\/uploads\/2022\/07\/Logotipo_electoral_del_PSOE.png","contentUrl":"https:\/\/agrupacionespsoe.es\/wp-content\/uploads\/2022\/07\/Logotipo_electoral_del_PSOE.png","width":422,"height":422,"caption":"Agrupaci\u00f3n Socialista de Ponferrada"},"image":{"@id":"https:\/\/agrupacionespsoe.es\/ponferrada\/#\/schema\/logo\/image\/"}},{"@type":"Person","@id":"https:\/\/agrupacionespsoe.es\/ponferrada\/#\/schema\/person\/cd29ee627f3b70c05d415f02596debaa","name":"ponferrada2","image":{"@type":"ImageObject","inLanguage":"es","@id":"https:\/\/agrupacionespsoe.es\/ponferrada\/#\/schema\/person\/image\/","url":"https:\/\/secure.gravatar.com\/avatar\/f499eeb60144c664cf7b7edf75549b50?s=96&d=mm&r=g","contentUrl":"https:\/\/secure.gravatar.com\/avatar\/f499eeb60144c664cf7b7edf75549b50?s=96&d=mm&r=g","caption":"ponferrada2"},"url":"https:\/\/agrupacionespsoe.es\/ponferrada\/author\/ponferrada2\/"}]}},"jetpack_featured_media_url":"https:\/\/agrupacionespsoe.es\/ponferrada\/wp-content\/uploads\/sites\/36\/2024\/04\/WhatsApp-Image-2024-04-10-at-13.14.58.jpeg","jetpack_sharing_enabled":true,"_links":{"self":[{"href":"https:\/\/agrupacionespsoe.es\/ponferrada\/wp-json\/wp\/v2\/posts\/636","targetHints":{"allow":["GET"]}}],"collection":[{"href":"https:\/\/agrupacionespsoe.es\/ponferrada\/wp-json\/wp\/v2\/posts"}],"about":[{"href":"https:\/\/agrupacionespsoe.es\/ponferrada\/wp-json\/wp\/v2\/types\/post"}],"author":[{"embeddable":true,"href":"https:\/\/agrupacionespsoe.es\/ponferrada\/wp-json\/wp\/v2\/users\/32"}],"replies":[{"embeddable":true,"href":"https:\/\/agrupacionespsoe.es\/ponferrada\/wp-json\/wp\/v2\/comments?post=636"}],"version-history":[{"count":2,"href":"https:\/\/agrupacionespsoe.es\/ponferrada\/wp-json\/wp\/v2\/posts\/636\/revisions"}],"predecessor-version":[{"id":638,"href":"https:\/\/agrupacionespsoe.es\/ponferrada\/wp-json\/wp\/v2\/posts\/636\/revisions\/638"}],"wp:featuredmedia":[{"embeddable":true,"href":"https:\/\/agrupacionespsoe.es\/ponferrada\/wp-json\/wp\/v2\/media\/458"}],"wp:attachment":[{"href":"https:\/\/agrupacionespsoe.es\/ponferrada\/wp-json\/wp\/v2\/media?parent=636"}],"wp:term":[{"taxonomy":"category","embeddable":true,"href":"https:\/\/agrupacionespsoe.es\/ponferrada\/wp-json\/wp\/v2\/categories?post=636"},{"taxonomy":"post_tag","embeddable":true,"href":"https:\/\/agrupacionespsoe.es\/ponferrada\/wp-json\/wp\/v2\/tags?post=636"}],"curies":[{"name":"wp","href":"https:\/\/api.w.org\/{rel}","templated":true}]}}