{"id":628,"date":"2024-09-24T17:23:28","date_gmt":"2024-09-24T17:23:28","guid":{"rendered":"https:\/\/agrupacionespsoe.es\/ponferrada\/?p=628"},"modified":"2024-09-24T17:23:28","modified_gmt":"2024-09-24T17:23:28","slug":"el-grupo-municipal-socialista-senala-que-el-capricho-del-alcalde-de-retirar-el-parklet-ha-costado-segun-las-estimaciones-del-psoe-lo-mismo-que-supuso-al-ayuntamiento-su-instalacion","status":"publish","type":"post","link":"https:\/\/agrupacionespsoe.es\/ponferrada\/el-grupo-municipal-socialista-senala-que-el-capricho-del-alcalde-de-retirar-el-parklet-ha-costado-segun-las-estimaciones-del-psoe-lo-mismo-que-supuso-al-ayuntamiento-su-instalacion\/","title":{"rendered":"El Grupo Municipal Socialista se\u00f1ala que el capricho del Alcalde de retirar el parklet ha costado seg\u00fan las estimaciones del PSOE lo mismo que supuso al ayuntamiento su instalaci\u00f3n."},"content":{"rendered":"\n<p>El grupo municipal socialista se\u00f1ala que esta ma\u00f1ana en la Comisi\u00f3n de Hacienda entre los puntos del orden del d\u00eda figuraba la convalidaci\u00f3n de la omisi\u00f3n de fiscalizaci\u00f3n de intervenci\u00f3n de la factura correspondiente a los gastos del traslado del Parklet.<\/p>\n\n\n\n<p>Mabel Fern\u00e1ndez explica que este punto deriva de la obligaci\u00f3n de la administraci\u00f3n p\u00fablica de tener un procedimiento para la realizaci\u00f3n de gastos que requiere que haya partida en el presupuesto y que se apruebe el gasto.<\/p>\n\n\n\n<p>Mabel Fern\u00e1ndez ha se\u00f1alado que no solo no hab\u00eda presupuesto para llevar a cabo ese traslado sino que el procedimiento administrativo para aprobar el gasto tambi\u00e9n fue irregular se continu\u00f3 con la orden sabiendo que no hab\u00eda presupuesto y una vez ejecutado de los cinco d\u00edas que la intervenci\u00f3n les dio para contestar tardaron casi 3 meses. Se\u00f1ala que empieza a ser frecuentes las omisiones de fiscalizaci\u00f3n que se llevan a Pleno por saltarse el procedimiento.<\/p>\n\n\n\n<p>Mabel Fern\u00e1ndez tambi\u00e9n ha se\u00f1alado que el \u201ccapricho\u201d del Alcalde por quitar el parklet ha supuesto que la retirada del mismo casi haya costado m\u00e1s que ponerlo. Ha recordado que el coste del ayuntamiento fueron 12.000 euros y que el traslado cost\u00f3 solo el acondicionamiento 7.160 euros, a lo que hay que a\u00f1adir el coste de los 6 bancos que tuvieron que poner y el trabajo de la brigada, sum\u00e1ndolo todo supera los 12.000 euros que abono el ayuntamiento por la colocaci\u00f3n del mismo.<\/p>\n\n\n\n<p>Para finalizar Mabel Fern\u00e1ndez indica que no solo afecta al ayuntamiento sino que tambi\u00e9n a las empresas locales que se han visto metidas en los lios de este eqipo de gobierno que no tienen porque saber si este equipo<\/p>\n\n\n\n<p>de gobierno se salta o no los procedimientos administrativos y que ha sido advertida por intervenci\u00f3n de que en \u201ccaso de continuar prestando servicios\/suministros\/obras sin la previa existencia de procedimiento administrativo de contrataci\u00f3n, pueden provocar un impago total o parcial al entenderse que dicho tercero ha coadyuvado a la realizaci\u00f3n de gastos p\u00fablicos de forma irregular<\/p>\n\n\n\n<p><\/p>\n\n\n\n<figure class=\"wp-block-image size-full\"><img loading=\"lazy\" decoding=\"async\" width=\"703\" height=\"1000\" src=\"https:\/\/agrupacionespsoe.es\/ponferrada\/wp-content\/uploads\/sites\/36\/2024\/07\/FOTO-MABEL.jpeg\" alt=\"\" class=\"wp-image-563\" srcset=\"https:\/\/agrupacionespsoe.es\/ponferrada\/wp-content\/uploads\/sites\/36\/2024\/07\/FOTO-MABEL.jpeg 703w, https:\/\/agrupacionespsoe.es\/ponferrada\/wp-content\/uploads\/sites\/36\/2024\/07\/FOTO-MABEL-211x300.jpeg 211w\" sizes=\"auto, (max-width: 703px) 100vw, 703px\" \/><\/figure>\n","protected":false},"excerpt":{"rendered":"<p>El grupo municipal socialista se\u00f1ala que esta ma\u00f1ana en la Comisi\u00f3n de Hacienda entre los puntos del orden del d\u00eda figuraba la convalidaci\u00f3n de la omisi\u00f3n de fiscalizaci\u00f3n de intervenci\u00f3n de la factura correspondiente a los gastos del traslado del Parklet. Mabel Fern\u00e1ndez explica que este punto deriva de la obligaci\u00f3n de la administraci\u00f3n p\u00fablica &#8230;<\/p>\n","protected":false},"author":32,"featured_media":563,"comment_status":"open","ping_status":"open","sticky":false,"template":"","format":"standard","meta":{"_jetpack_memberships_contains_paid_content":false,"footnotes":""},"categories":[6],"tags":[],"class_list":["post-628","post","type-post","status-publish","format-standard","has-post-thumbnail","hentry","category-actualidad"],"yoast_head":"<!-- This site is optimized with the Yoast SEO plugin v24.0 - https:\/\/yoast.com\/wordpress\/plugins\/seo\/ -->\n<title>El Grupo Municipal Socialista se\u00f1ala que el capricho del Alcalde de retirar el parklet ha costado seg\u00fan las estimaciones del PSOE lo mismo que supuso al ayuntamiento su instalaci\u00f3n. - Agrupaci\u00f3n Socialista de Ponferrada<\/title>\n<meta name=\"robots\" content=\"index, follow, max-snippet:-1, max-image-preview:large, max-video-preview:-1\" \/>\n<link rel=\"canonical\" href=\"https:\/\/agrupacionespsoe.es\/ponferrada\/el-grupo-municipal-socialista-senala-que-el-capricho-del-alcalde-de-retirar-el-parklet-ha-costado-segun-las-estimaciones-del-psoe-lo-mismo-que-supuso-al-ayuntamiento-su-instalacion\/\" \/>\n<meta property=\"og:locale\" content=\"es_ES\" \/>\n<meta property=\"og:type\" content=\"article\" \/>\n<meta property=\"og:title\" content=\"El Grupo Municipal Socialista se\u00f1ala que el capricho del Alcalde de retirar el parklet ha costado seg\u00fan las estimaciones del PSOE lo mismo que supuso al ayuntamiento su instalaci\u00f3n. - Agrupaci\u00f3n Socialista de Ponferrada\" \/>\n<meta property=\"og:description\" content=\"El grupo municipal socialista se\u00f1ala que esta ma\u00f1ana en la Comisi\u00f3n de Hacienda entre los puntos del orden del d\u00eda figuraba la convalidaci\u00f3n de la omisi\u00f3n de fiscalizaci\u00f3n de intervenci\u00f3n de la factura correspondiente a los gastos del traslado del Parklet. Mabel Fern\u00e1ndez explica que este punto deriva de la obligaci\u00f3n de la administraci\u00f3n p\u00fablica ...\" \/>\n<meta property=\"og:url\" content=\"https:\/\/agrupacionespsoe.es\/ponferrada\/el-grupo-municipal-socialista-senala-que-el-capricho-del-alcalde-de-retirar-el-parklet-ha-costado-segun-las-estimaciones-del-psoe-lo-mismo-que-supuso-al-ayuntamiento-su-instalacion\/\" \/>\n<meta property=\"og:site_name\" content=\"Agrupaci\u00f3n Socialista de Ponferrada\" \/>\n<meta property=\"article:published_time\" content=\"2024-09-24T17:23:28+00:00\" \/>\n<meta property=\"og:image\" content=\"https:\/\/agrupacionespsoe.es\/ponferrada\/wp-content\/uploads\/sites\/36\/2024\/07\/FOTO-MABEL.jpeg\" \/>\n\t<meta property=\"og:image:width\" content=\"703\" \/>\n\t<meta property=\"og:image:height\" content=\"1000\" \/>\n\t<meta property=\"og:image:type\" content=\"image\/jpeg\" \/>\n<meta name=\"author\" content=\"ponferrada2\" \/>\n<meta name=\"twitter:card\" content=\"summary_large_image\" \/>\n<meta name=\"twitter:label1\" content=\"Escrito por\" \/>\n\t<meta name=\"twitter:data1\" content=\"ponferrada2\" \/>\n\t<meta name=\"twitter:label2\" content=\"Tiempo de lectura\" \/>\n\t<meta name=\"twitter:data2\" content=\"2 minutos\" \/>\n<script type=\"application\/ld+json\" class=\"yoast-schema-graph\">{\"@context\":\"https:\/\/schema.org\",\"@graph\":[{\"@type\":\"Article\",\"@id\":\"https:\/\/agrupacionespsoe.es\/ponferrada\/el-grupo-municipal-socialista-senala-que-el-capricho-del-alcalde-de-retirar-el-parklet-ha-costado-segun-las-estimaciones-del-psoe-lo-mismo-que-supuso-al-ayuntamiento-su-instalacion\/#article\",\"isPartOf\":{\"@id\":\"https:\/\/agrupacionespsoe.es\/ponferrada\/el-grupo-municipal-socialista-senala-que-el-capricho-del-alcalde-de-retirar-el-parklet-ha-costado-segun-las-estimaciones-del-psoe-lo-mismo-que-supuso-al-ayuntamiento-su-instalacion\/\"},\"author\":{\"name\":\"ponferrada2\",\"@id\":\"https:\/\/agrupacionespsoe.es\/ponferrada\/#\/schema\/person\/cd29ee627f3b70c05d415f02596debaa\"},\"headline\":\"El Grupo Municipal Socialista se\u00f1ala que el capricho del Alcalde de retirar el parklet ha costado seg\u00fan las estimaciones del PSOE lo mismo que supuso al ayuntamiento su instalaci\u00f3n.\",\"datePublished\":\"2024-09-24T17:23:28+00:00\",\"dateModified\":\"2024-09-24T17:23:28+00:00\",\"mainEntityOfPage\":{\"@id\":\"https:\/\/agrupacionespsoe.es\/ponferrada\/el-grupo-municipal-socialista-senala-que-el-capricho-del-alcalde-de-retirar-el-parklet-ha-costado-segun-las-estimaciones-del-psoe-lo-mismo-que-supuso-al-ayuntamiento-su-instalacion\/\"},\"wordCount\":397,\"commentCount\":0,\"publisher\":{\"@id\":\"https:\/\/agrupacionespsoe.es\/ponferrada\/#organization\"},\"image\":{\"@id\":\"https:\/\/agrupacionespsoe.es\/ponferrada\/el-grupo-municipal-socialista-senala-que-el-capricho-del-alcalde-de-retirar-el-parklet-ha-costado-segun-las-estimaciones-del-psoe-lo-mismo-que-supuso-al-ayuntamiento-su-instalacion\/#primaryimage\"},\"thumbnailUrl\":\"https:\/\/agrupacionespsoe.es\/ponferrada\/wp-content\/uploads\/sites\/36\/2024\/07\/FOTO-MABEL.jpeg\",\"articleSection\":[\"ACTUALIDAD\"],\"inLanguage\":\"es\",\"potentialAction\":[{\"@type\":\"CommentAction\",\"name\":\"Comment\",\"target\":[\"https:\/\/agrupacionespsoe.es\/ponferrada\/el-grupo-municipal-socialista-senala-que-el-capricho-del-alcalde-de-retirar-el-parklet-ha-costado-segun-las-estimaciones-del-psoe-lo-mismo-que-supuso-al-ayuntamiento-su-instalacion\/#respond\"]}]},{\"@type\":\"WebPage\",\"@id\":\"https:\/\/agrupacionespsoe.es\/ponferrada\/el-grupo-municipal-socialista-senala-que-el-capricho-del-alcalde-de-retirar-el-parklet-ha-costado-segun-las-estimaciones-del-psoe-lo-mismo-que-supuso-al-ayuntamiento-su-instalacion\/\",\"url\":\"https:\/\/agrupacionespsoe.es\/ponferrada\/el-grupo-municipal-socialista-senala-que-el-capricho-del-alcalde-de-retirar-el-parklet-ha-costado-segun-las-estimaciones-del-psoe-lo-mismo-que-supuso-al-ayuntamiento-su-instalacion\/\",\"name\":\"El Grupo Municipal Socialista se\u00f1ala que el capricho del Alcalde de retirar el parklet ha costado seg\u00fan las estimaciones del PSOE lo mismo que supuso al ayuntamiento su instalaci\u00f3n. - Agrupaci\u00f3n Socialista de Ponferrada\",\"isPartOf\":{\"@id\":\"https:\/\/agrupacionespsoe.es\/ponferrada\/#website\"},\"primaryImageOfPage\":{\"@id\":\"https:\/\/agrupacionespsoe.es\/ponferrada\/el-grupo-municipal-socialista-senala-que-el-capricho-del-alcalde-de-retirar-el-parklet-ha-costado-segun-las-estimaciones-del-psoe-lo-mismo-que-supuso-al-ayuntamiento-su-instalacion\/#primaryimage\"},\"image\":{\"@id\":\"https:\/\/agrupacionespsoe.es\/ponferrada\/el-grupo-municipal-socialista-senala-que-el-capricho-del-alcalde-de-retirar-el-parklet-ha-costado-segun-las-estimaciones-del-psoe-lo-mismo-que-supuso-al-ayuntamiento-su-instalacion\/#primaryimage\"},\"thumbnailUrl\":\"https:\/\/agrupacionespsoe.es\/ponferrada\/wp-content\/uploads\/sites\/36\/2024\/07\/FOTO-MABEL.jpeg\",\"datePublished\":\"2024-09-24T17:23:28+00:00\",\"dateModified\":\"2024-09-24T17:23:28+00:00\",\"breadcrumb\":{\"@id\":\"https:\/\/agrupacionespsoe.es\/ponferrada\/el-grupo-municipal-socialista-senala-que-el-capricho-del-alcalde-de-retirar-el-parklet-ha-costado-segun-las-estimaciones-del-psoe-lo-mismo-que-supuso-al-ayuntamiento-su-instalacion\/#breadcrumb\"},\"inLanguage\":\"es\",\"potentialAction\":[{\"@type\":\"ReadAction\",\"target\":[\"https:\/\/agrupacionespsoe.es\/ponferrada\/el-grupo-municipal-socialista-senala-que-el-capricho-del-alcalde-de-retirar-el-parklet-ha-costado-segun-las-estimaciones-del-psoe-lo-mismo-que-supuso-al-ayuntamiento-su-instalacion\/\"]}]},{\"@type\":\"ImageObject\",\"inLanguage\":\"es\",\"@id\":\"https:\/\/agrupacionespsoe.es\/ponferrada\/el-grupo-municipal-socialista-senala-que-el-capricho-del-alcalde-de-retirar-el-parklet-ha-costado-segun-las-estimaciones-del-psoe-lo-mismo-que-supuso-al-ayuntamiento-su-instalacion\/#primaryimage\",\"url\":\"https:\/\/agrupacionespsoe.es\/ponferrada\/wp-content\/uploads\/sites\/36\/2024\/07\/FOTO-MABEL.jpeg\",\"contentUrl\":\"https:\/\/agrupacionespsoe.es\/ponferrada\/wp-content\/uploads\/sites\/36\/2024\/07\/FOTO-MABEL.jpeg\",\"width\":703,\"height\":1000},{\"@type\":\"BreadcrumbList\",\"@id\":\"https:\/\/agrupacionespsoe.es\/ponferrada\/el-grupo-municipal-socialista-senala-que-el-capricho-del-alcalde-de-retirar-el-parklet-ha-costado-segun-las-estimaciones-del-psoe-lo-mismo-que-supuso-al-ayuntamiento-su-instalacion\/#breadcrumb\",\"itemListElement\":[{\"@type\":\"ListItem\",\"position\":1,\"name\":\"Portada\",\"item\":\"https:\/\/agrupacionespsoe.es\/ponferrada\/\"},{\"@type\":\"ListItem\",\"position\":2,\"name\":\"El Grupo Municipal Socialista se\u00f1ala que el capricho del Alcalde de retirar el parklet ha costado seg\u00fan las estimaciones del PSOE lo mismo que supuso al ayuntamiento su instalaci\u00f3n.\"}]},{\"@type\":\"WebSite\",\"@id\":\"https:\/\/agrupacionespsoe.es\/ponferrada\/#website\",\"url\":\"https:\/\/agrupacionespsoe.es\/ponferrada\/\",\"name\":\"Agrupaci\u00f3n Socialista de Ponferrada\",\"description\":\"Agrupaci\u00f3n Socialista de Ponferrada\",\"publisher\":{\"@id\":\"https:\/\/agrupacionespsoe.es\/ponferrada\/#organization\"},\"potentialAction\":[{\"@type\":\"SearchAction\",\"target\":{\"@type\":\"EntryPoint\",\"urlTemplate\":\"https:\/\/agrupacionespsoe.es\/ponferrada\/?s={search_term_string}\"},\"query-input\":{\"@type\":\"PropertyValueSpecification\",\"valueRequired\":true,\"valueName\":\"search_term_string\"}}],\"inLanguage\":\"es\"},{\"@type\":\"Organization\",\"@id\":\"https:\/\/agrupacionespsoe.es\/ponferrada\/#organization\",\"name\":\"Agrupaci\u00f3n Socialista de Ponferrada\",\"url\":\"https:\/\/agrupacionespsoe.es\/ponferrada\/\",\"logo\":{\"@type\":\"ImageObject\",\"inLanguage\":\"es\",\"@id\":\"https:\/\/agrupacionespsoe.es\/ponferrada\/#\/schema\/logo\/image\/\",\"url\":\"https:\/\/agrupacionespsoe.es\/wp-content\/uploads\/2022\/07\/Logotipo_electoral_del_PSOE.png\",\"contentUrl\":\"https:\/\/agrupacionespsoe.es\/wp-content\/uploads\/2022\/07\/Logotipo_electoral_del_PSOE.png\",\"width\":422,\"height\":422,\"caption\":\"Agrupaci\u00f3n Socialista de Ponferrada\"},\"image\":{\"@id\":\"https:\/\/agrupacionespsoe.es\/ponferrada\/#\/schema\/logo\/image\/\"}},{\"@type\":\"Person\",\"@id\":\"https:\/\/agrupacionespsoe.es\/ponferrada\/#\/schema\/person\/cd29ee627f3b70c05d415f02596debaa\",\"name\":\"ponferrada2\",\"image\":{\"@type\":\"ImageObject\",\"inLanguage\":\"es\",\"@id\":\"https:\/\/agrupacionespsoe.es\/ponferrada\/#\/schema\/person\/image\/\",\"url\":\"https:\/\/secure.gravatar.com\/avatar\/f499eeb60144c664cf7b7edf75549b50?s=96&d=mm&r=g\",\"contentUrl\":\"https:\/\/secure.gravatar.com\/avatar\/f499eeb60144c664cf7b7edf75549b50?s=96&d=mm&r=g\",\"caption\":\"ponferrada2\"},\"url\":\"https:\/\/agrupacionespsoe.es\/ponferrada\/author\/ponferrada2\/\"}]}<\/script>\n<!-- \/ Yoast SEO plugin. -->","yoast_head_json":{"title":"El Grupo Municipal Socialista se\u00f1ala que el capricho del Alcalde de retirar el parklet ha costado seg\u00fan las estimaciones del PSOE lo mismo que supuso al ayuntamiento su instalaci\u00f3n. - Agrupaci\u00f3n Socialista de Ponferrada","robots":{"index":"index","follow":"follow","max-snippet":"max-snippet:-1","max-image-preview":"max-image-preview:large","max-video-preview":"max-video-preview:-1"},"canonical":"https:\/\/agrupacionespsoe.es\/ponferrada\/el-grupo-municipal-socialista-senala-que-el-capricho-del-alcalde-de-retirar-el-parklet-ha-costado-segun-las-estimaciones-del-psoe-lo-mismo-que-supuso-al-ayuntamiento-su-instalacion\/","og_locale":"es_ES","og_type":"article","og_title":"El Grupo Municipal Socialista se\u00f1ala que el capricho del Alcalde de retirar el parklet ha costado seg\u00fan las estimaciones del PSOE lo mismo que supuso al ayuntamiento su instalaci\u00f3n. - Agrupaci\u00f3n Socialista de Ponferrada","og_description":"El grupo municipal socialista se\u00f1ala que esta ma\u00f1ana en la Comisi\u00f3n de Hacienda entre los puntos del orden del d\u00eda figuraba la convalidaci\u00f3n de la omisi\u00f3n de fiscalizaci\u00f3n de intervenci\u00f3n de la factura correspondiente a los gastos del traslado del Parklet. Mabel Fern\u00e1ndez explica que este punto deriva de la obligaci\u00f3n de la administraci\u00f3n p\u00fablica ...","og_url":"https:\/\/agrupacionespsoe.es\/ponferrada\/el-grupo-municipal-socialista-senala-que-el-capricho-del-alcalde-de-retirar-el-parklet-ha-costado-segun-las-estimaciones-del-psoe-lo-mismo-que-supuso-al-ayuntamiento-su-instalacion\/","og_site_name":"Agrupaci\u00f3n Socialista de Ponferrada","article_published_time":"2024-09-24T17:23:28+00:00","og_image":[{"width":703,"height":1000,"url":"https:\/\/agrupacionespsoe.es\/ponferrada\/wp-content\/uploads\/sites\/36\/2024\/07\/FOTO-MABEL.jpeg","type":"image\/jpeg"}],"author":"ponferrada2","twitter_card":"summary_large_image","twitter_misc":{"Escrito por":"ponferrada2","Tiempo de lectura":"2 minutos"},"schema":{"@context":"https:\/\/schema.org","@graph":[{"@type":"Article","@id":"https:\/\/agrupacionespsoe.es\/ponferrada\/el-grupo-municipal-socialista-senala-que-el-capricho-del-alcalde-de-retirar-el-parklet-ha-costado-segun-las-estimaciones-del-psoe-lo-mismo-que-supuso-al-ayuntamiento-su-instalacion\/#article","isPartOf":{"@id":"https:\/\/agrupacionespsoe.es\/ponferrada\/el-grupo-municipal-socialista-senala-que-el-capricho-del-alcalde-de-retirar-el-parklet-ha-costado-segun-las-estimaciones-del-psoe-lo-mismo-que-supuso-al-ayuntamiento-su-instalacion\/"},"author":{"name":"ponferrada2","@id":"https:\/\/agrupacionespsoe.es\/ponferrada\/#\/schema\/person\/cd29ee627f3b70c05d415f02596debaa"},"headline":"El Grupo Municipal Socialista se\u00f1ala que el capricho del Alcalde de retirar el parklet ha costado seg\u00fan las estimaciones del PSOE lo mismo que supuso al ayuntamiento su instalaci\u00f3n.","datePublished":"2024-09-24T17:23:28+00:00","dateModified":"2024-09-24T17:23:28+00:00","mainEntityOfPage":{"@id":"https:\/\/agrupacionespsoe.es\/ponferrada\/el-grupo-municipal-socialista-senala-que-el-capricho-del-alcalde-de-retirar-el-parklet-ha-costado-segun-las-estimaciones-del-psoe-lo-mismo-que-supuso-al-ayuntamiento-su-instalacion\/"},"wordCount":397,"commentCount":0,"publisher":{"@id":"https:\/\/agrupacionespsoe.es\/ponferrada\/#organization"},"image":{"@id":"https:\/\/agrupacionespsoe.es\/ponferrada\/el-grupo-municipal-socialista-senala-que-el-capricho-del-alcalde-de-retirar-el-parklet-ha-costado-segun-las-estimaciones-del-psoe-lo-mismo-que-supuso-al-ayuntamiento-su-instalacion\/#primaryimage"},"thumbnailUrl":"https:\/\/agrupacionespsoe.es\/ponferrada\/wp-content\/uploads\/sites\/36\/2024\/07\/FOTO-MABEL.jpeg","articleSection":["ACTUALIDAD"],"inLanguage":"es","potentialAction":[{"@type":"CommentAction","name":"Comment","target":["https:\/\/agrupacionespsoe.es\/ponferrada\/el-grupo-municipal-socialista-senala-que-el-capricho-del-alcalde-de-retirar-el-parklet-ha-costado-segun-las-estimaciones-del-psoe-lo-mismo-que-supuso-al-ayuntamiento-su-instalacion\/#respond"]}]},{"@type":"WebPage","@id":"https:\/\/agrupacionespsoe.es\/ponferrada\/el-grupo-municipal-socialista-senala-que-el-capricho-del-alcalde-de-retirar-el-parklet-ha-costado-segun-las-estimaciones-del-psoe-lo-mismo-que-supuso-al-ayuntamiento-su-instalacion\/","url":"https:\/\/agrupacionespsoe.es\/ponferrada\/el-grupo-municipal-socialista-senala-que-el-capricho-del-alcalde-de-retirar-el-parklet-ha-costado-segun-las-estimaciones-del-psoe-lo-mismo-que-supuso-al-ayuntamiento-su-instalacion\/","name":"El Grupo Municipal Socialista se\u00f1ala que el capricho del Alcalde de retirar el parklet ha costado seg\u00fan las estimaciones del PSOE lo mismo que supuso al ayuntamiento su instalaci\u00f3n. - Agrupaci\u00f3n Socialista de Ponferrada","isPartOf":{"@id":"https:\/\/agrupacionespsoe.es\/ponferrada\/#website"},"primaryImageOfPage":{"@id":"https:\/\/agrupacionespsoe.es\/ponferrada\/el-grupo-municipal-socialista-senala-que-el-capricho-del-alcalde-de-retirar-el-parklet-ha-costado-segun-las-estimaciones-del-psoe-lo-mismo-que-supuso-al-ayuntamiento-su-instalacion\/#primaryimage"},"image":{"@id":"https:\/\/agrupacionespsoe.es\/ponferrada\/el-grupo-municipal-socialista-senala-que-el-capricho-del-alcalde-de-retirar-el-parklet-ha-costado-segun-las-estimaciones-del-psoe-lo-mismo-que-supuso-al-ayuntamiento-su-instalacion\/#primaryimage"},"thumbnailUrl":"https:\/\/agrupacionespsoe.es\/ponferrada\/wp-content\/uploads\/sites\/36\/2024\/07\/FOTO-MABEL.jpeg","datePublished":"2024-09-24T17:23:28+00:00","dateModified":"2024-09-24T17:23:28+00:00","breadcrumb":{"@id":"https:\/\/agrupacionespsoe.es\/ponferrada\/el-grupo-municipal-socialista-senala-que-el-capricho-del-alcalde-de-retirar-el-parklet-ha-costado-segun-las-estimaciones-del-psoe-lo-mismo-que-supuso-al-ayuntamiento-su-instalacion\/#breadcrumb"},"inLanguage":"es","potentialAction":[{"@type":"ReadAction","target":["https:\/\/agrupacionespsoe.es\/ponferrada\/el-grupo-municipal-socialista-senala-que-el-capricho-del-alcalde-de-retirar-el-parklet-ha-costado-segun-las-estimaciones-del-psoe-lo-mismo-que-supuso-al-ayuntamiento-su-instalacion\/"]}]},{"@type":"ImageObject","inLanguage":"es","@id":"https:\/\/agrupacionespsoe.es\/ponferrada\/el-grupo-municipal-socialista-senala-que-el-capricho-del-alcalde-de-retirar-el-parklet-ha-costado-segun-las-estimaciones-del-psoe-lo-mismo-que-supuso-al-ayuntamiento-su-instalacion\/#primaryimage","url":"https:\/\/agrupacionespsoe.es\/ponferrada\/wp-content\/uploads\/sites\/36\/2024\/07\/FOTO-MABEL.jpeg","contentUrl":"https:\/\/agrupacionespsoe.es\/ponferrada\/wp-content\/uploads\/sites\/36\/2024\/07\/FOTO-MABEL.jpeg","width":703,"height":1000},{"@type":"BreadcrumbList","@id":"https:\/\/agrupacionespsoe.es\/ponferrada\/el-grupo-municipal-socialista-senala-que-el-capricho-del-alcalde-de-retirar-el-parklet-ha-costado-segun-las-estimaciones-del-psoe-lo-mismo-que-supuso-al-ayuntamiento-su-instalacion\/#breadcrumb","itemListElement":[{"@type":"ListItem","position":1,"name":"Portada","item":"https:\/\/agrupacionespsoe.es\/ponferrada\/"},{"@type":"ListItem","position":2,"name":"El Grupo Municipal Socialista se\u00f1ala que el capricho del Alcalde de retirar el parklet ha costado seg\u00fan las estimaciones del PSOE lo mismo que supuso al ayuntamiento su instalaci\u00f3n."}]},{"@type":"WebSite","@id":"https:\/\/agrupacionespsoe.es\/ponferrada\/#website","url":"https:\/\/agrupacionespsoe.es\/ponferrada\/","name":"Agrupaci\u00f3n Socialista de Ponferrada","description":"Agrupaci\u00f3n Socialista de Ponferrada","publisher":{"@id":"https:\/\/agrupacionespsoe.es\/ponferrada\/#organization"},"potentialAction":[{"@type":"SearchAction","target":{"@type":"EntryPoint","urlTemplate":"https:\/\/agrupacionespsoe.es\/ponferrada\/?s={search_term_string}"},"query-input":{"@type":"PropertyValueSpecification","valueRequired":true,"valueName":"search_term_string"}}],"inLanguage":"es"},{"@type":"Organization","@id":"https:\/\/agrupacionespsoe.es\/ponferrada\/#organization","name":"Agrupaci\u00f3n Socialista de Ponferrada","url":"https:\/\/agrupacionespsoe.es\/ponferrada\/","logo":{"@type":"ImageObject","inLanguage":"es","@id":"https:\/\/agrupacionespsoe.es\/ponferrada\/#\/schema\/logo\/image\/","url":"https:\/\/agrupacionespsoe.es\/wp-content\/uploads\/2022\/07\/Logotipo_electoral_del_PSOE.png","contentUrl":"https:\/\/agrupacionespsoe.es\/wp-content\/uploads\/2022\/07\/Logotipo_electoral_del_PSOE.png","width":422,"height":422,"caption":"Agrupaci\u00f3n Socialista de Ponferrada"},"image":{"@id":"https:\/\/agrupacionespsoe.es\/ponferrada\/#\/schema\/logo\/image\/"}},{"@type":"Person","@id":"https:\/\/agrupacionespsoe.es\/ponferrada\/#\/schema\/person\/cd29ee627f3b70c05d415f02596debaa","name":"ponferrada2","image":{"@type":"ImageObject","inLanguage":"es","@id":"https:\/\/agrupacionespsoe.es\/ponferrada\/#\/schema\/person\/image\/","url":"https:\/\/secure.gravatar.com\/avatar\/f499eeb60144c664cf7b7edf75549b50?s=96&d=mm&r=g","contentUrl":"https:\/\/secure.gravatar.com\/avatar\/f499eeb60144c664cf7b7edf75549b50?s=96&d=mm&r=g","caption":"ponferrada2"},"url":"https:\/\/agrupacionespsoe.es\/ponferrada\/author\/ponferrada2\/"}]}},"jetpack_featured_media_url":"https:\/\/agrupacionespsoe.es\/ponferrada\/wp-content\/uploads\/sites\/36\/2024\/07\/FOTO-MABEL.jpeg","jetpack_sharing_enabled":true,"_links":{"self":[{"href":"https:\/\/agrupacionespsoe.es\/ponferrada\/wp-json\/wp\/v2\/posts\/628","targetHints":{"allow":["GET"]}}],"collection":[{"href":"https:\/\/agrupacionespsoe.es\/ponferrada\/wp-json\/wp\/v2\/posts"}],"about":[{"href":"https:\/\/agrupacionespsoe.es\/ponferrada\/wp-json\/wp\/v2\/types\/post"}],"author":[{"embeddable":true,"href":"https:\/\/agrupacionespsoe.es\/ponferrada\/wp-json\/wp\/v2\/users\/32"}],"replies":[{"embeddable":true,"href":"https:\/\/agrupacionespsoe.es\/ponferrada\/wp-json\/wp\/v2\/comments?post=628"}],"version-history":[{"count":1,"href":"https:\/\/agrupacionespsoe.es\/ponferrada\/wp-json\/wp\/v2\/posts\/628\/revisions"}],"predecessor-version":[{"id":629,"href":"https:\/\/agrupacionespsoe.es\/ponferrada\/wp-json\/wp\/v2\/posts\/628\/revisions\/629"}],"wp:featuredmedia":[{"embeddable":true,"href":"https:\/\/agrupacionespsoe.es\/ponferrada\/wp-json\/wp\/v2\/media\/563"}],"wp:attachment":[{"href":"https:\/\/agrupacionespsoe.es\/ponferrada\/wp-json\/wp\/v2\/media?parent=628"}],"wp:term":[{"taxonomy":"category","embeddable":true,"href":"https:\/\/agrupacionespsoe.es\/ponferrada\/wp-json\/wp\/v2\/categories?post=628"},{"taxonomy":"post_tag","embeddable":true,"href":"https:\/\/agrupacionespsoe.es\/ponferrada\/wp-json\/wp\/v2\/tags?post=628"}],"curies":[{"name":"wp","href":"https:\/\/api.w.org\/{rel}","templated":true}]}}