{"id":625,"date":"2024-09-20T11:37:53","date_gmt":"2024-09-20T11:37:53","guid":{"rendered":"https:\/\/agrupacionespsoe.es\/ponferrada\/?p=625"},"modified":"2024-09-20T11:37:54","modified_gmt":"2024-09-20T11:37:54","slug":"el-psoe-critica-la-eliminacion-del-refuerzo-delas-lineas-5-y-7","status":"publish","type":"post","link":"https:\/\/agrupacionespsoe.es\/ponferrada\/el-psoe-critica-la-eliminacion-del-refuerzo-delas-lineas-5-y-7\/","title":{"rendered":"El PSOE critica la eliminaci\u00f3n del refuerzo delas l\u00edneas 5 y 7."},"content":{"rendered":"\n<p class=\"has-large-font-size\">El servicio municipal de autobuses es el ejemplo de la mala gesti\u00f3n, \u201ccada vez que tocan algo lo estropean\u201d<\/p>\n\n\n\n<p>El grupo socialista vuelve a denunciar el funcionamiento del servicio<br>municipal de transportes, esta vez de las l\u00edneas 5, 7 y tambi\u00e9n de la L\u00ednea<br>6.<\/p>\n\n\n\n<p><br>A juicio de Jose Antonio Cart\u00f3n, desde que el PP gestiona el servicio<br>municipal de transportes es un desastre. Primero experimentaron con la<br>l\u00ednea 3 queriendo convertir un servicio regular en un servicio de<br>transporte a la demanda que ellos mismos no sab\u00edan c\u00f3mo iba a<br>funcionar. Despu\u00e9s dejaron pasar el plazo para prorrogar el anterior<br>contrato e hicieron una adjudicaci\u00f3n directa que nos est\u00e1 costando 90.000<br>euros m\u00e1s al mes por el mismo servicio.<\/p>\n\n\n\n<p><br>En verano, anunciaron que el nuevo contrato va a pasar de los casi 2,5<br>millones de euros que costaba en el mandato anterior a los<br>aproximadamente 4 millones que anunci\u00f3 el Sr. Morala y que en decreto<br>de inicio de contrato figura en m\u00e1s de 4,5 millones. Casi el doble por el<br>mismo servicio.<\/p>\n\n\n\n<p><br>En palabras de Jos\u00e9 Antonio Cart\u00f3n es un ejemplo de desastre y mala<br>gesti\u00f3n con el que gobierna PP y CB, solo invierten en \u201calegr\u00eda\u201d y los<br>asuntos importantes y de servicios que se ofrecen a la ciudadan\u00eda son m\u00e1s<br>caros y peores.<\/p>\n\n\n\n<p><br>Cart\u00f3n se ha centrado en las quejas que ya ha recibido por la situaci\u00f3n de<br>las l\u00edneas 5 y 7 y que afecta tambi\u00e9n a la l\u00ednea 6. Desde el actual equipo de<br>gobierno han decidido que han eliminado el refuerzo que se hac\u00eda a las<br>7.45h y a las 14.20h en esas l\u00edneas lo que est\u00e1 provocando, no solo que los<br>usuarios, que en este caso son chicos y chicas que van al instituto de<br>Fuentesnuevas, vayan como latas de sardinas sino que tambi\u00e9n hay<br>muchos chicos y chicas que tienen que ver c\u00f3mo el autob\u00fas pasa por delante de sus narices sin parar porque ya no hay m\u00e1s sitio dentro.<\/p>\n\n\n\n<p><br>Adem\u00e1s, la saturaci\u00f3n de las l\u00edneas repercute en la l\u00ednea 6.<br>Cart\u00f3n se\u00f1ala que resulta c\u00f3mico que cuando el Sr. Morala estaba en la<br>oposici\u00f3n reclamaba el refuerzo precisamente en esas l\u00edneas y cuando<br>gobierna los elimina.<\/p>\n\n\n\n<p><br>Cart\u00f3n aplica las palabras que en aquel momento dec\u00eda el Sr. Morala \u201cNo<br>puede ser tan dif\u00edcil que arreglen una cosa sin estropear otra, como las<br>frecuencias de los autobuses. No puede hacerse a costa de sacrificar otras:<br>no puede haber ciudadanos de primera y de segunda\u201d.<\/p>\n\n\n\n<p><br>Cart\u00f3n finaliza aconsejando al Sr. Morala que ya que le gusta tanto pedir a<br>los santos y v\u00edrgenes para arreglar los problemas de la ciudadan\u00eda,<br>problemas que muchas veces generan ellos mismos con su acci\u00f3n de<br>gobierno, que aplique la expresi\u00f3n conocida de \u201cno desvestir un santo<br>para vestir a otro\u201d y lo que no puede hacer es quitar un servicio que es<br>necesario por la cantidad de chicos y chicas que necesitan el autob\u00fas.<\/p>\n\n\n\n<p><br>El portavoz del Grupo Municipal Popular en el Ayuntamiento reclam\u00f3 que<br>se refuercen todas la l\u00edneas y frecuencias de autob\u00fas urbano que son<br>necesarias, \u00aben atenci\u00f3n a las necesidades y demandas reales de los<br>ciudadanos\u00bb y no \u00ablas ocurrencias del alcalde y del equipo de gobierno\u00bb.<br>Jose Antonio Cart\u00f3n a\u00f1ade que lo que no se debe es \u201cdesvestir un santo<br>para vestir a otro, solo por sacar pecho delante de su jefe de partido\u201d,<br>recuerda que fue el d\u00eda que se inaugur\u00f3 el colegio Mayor La Tebaida<br>cuando el Sr. Morala prometi\u00f3 esa nueva l\u00ednea, y no es que estemos en<br>desacuerdo con esa l\u00ednea pero lo que est\u00e1 claro es que lo que no se puede<br>es quitar un servicio necesario para dar otro servicio. Eso es priorizar a<br>unos ciudadanos por encima de los otros<\/p>\n\n\n\n<figure class=\"wp-block-image size-full\"><img loading=\"lazy\" decoding=\"async\" width=\"972\" height=\"1000\" src=\"https:\/\/agrupacionespsoe.es\/ponferrada\/wp-content\/uploads\/sites\/36\/2024\/06\/WhatsApp-Image-2024-06-13-at-13.49.15.jpeg\" alt=\"\" class=\"wp-image-515\" srcset=\"https:\/\/agrupacionespsoe.es\/ponferrada\/wp-content\/uploads\/sites\/36\/2024\/06\/WhatsApp-Image-2024-06-13-at-13.49.15.jpeg 972w, https:\/\/agrupacionespsoe.es\/ponferrada\/wp-content\/uploads\/sites\/36\/2024\/06\/WhatsApp-Image-2024-06-13-at-13.49.15-292x300.jpeg 292w, https:\/\/agrupacionespsoe.es\/ponferrada\/wp-content\/uploads\/sites\/36\/2024\/06\/WhatsApp-Image-2024-06-13-at-13.49.15-768x790.jpeg 768w\" sizes=\"auto, (max-width: 972px) 100vw, 972px\" \/><\/figure>\n","protected":false},"excerpt":{"rendered":"<p>El servicio municipal de autobuses es el ejemplo de la mala gesti\u00f3n, \u201ccada vez que tocan algo lo estropean\u201d El grupo socialista vuelve a denunciar el funcionamiento del serviciomunicipal de transportes, esta vez de las l\u00edneas 5, 7 y tambi\u00e9n de la L\u00ednea6. A juicio de Jose Antonio Cart\u00f3n, desde que el PP gestiona el &#8230;<\/p>\n","protected":false},"author":32,"featured_media":515,"comment_status":"open","ping_status":"open","sticky":false,"template":"","format":"standard","meta":{"_jetpack_memberships_contains_paid_content":false,"footnotes":""},"categories":[6],"tags":[],"class_list":["post-625","post","type-post","status-publish","format-standard","has-post-thumbnail","hentry","category-actualidad"],"yoast_head":"<!-- This site is optimized with the Yoast SEO plugin v24.0 - https:\/\/yoast.com\/wordpress\/plugins\/seo\/ -->\n<title>El PSOE critica la eliminaci\u00f3n del refuerzo delas l\u00edneas 5 y 7. - Agrupaci\u00f3n Socialista de Ponferrada<\/title>\n<meta name=\"robots\" content=\"index, follow, max-snippet:-1, max-image-preview:large, max-video-preview:-1\" \/>\n<link rel=\"canonical\" href=\"https:\/\/agrupacionespsoe.es\/ponferrada\/el-psoe-critica-la-eliminacion-del-refuerzo-delas-lineas-5-y-7\/\" \/>\n<meta property=\"og:locale\" content=\"es_ES\" \/>\n<meta property=\"og:type\" content=\"article\" \/>\n<meta property=\"og:title\" content=\"El PSOE critica la eliminaci\u00f3n del refuerzo delas l\u00edneas 5 y 7. - Agrupaci\u00f3n Socialista de Ponferrada\" \/>\n<meta property=\"og:description\" content=\"El servicio municipal de autobuses es el ejemplo de la mala gesti\u00f3n, \u201ccada vez que tocan algo lo estropean\u201d El grupo socialista vuelve a denunciar el funcionamiento del serviciomunicipal de transportes, esta vez de las l\u00edneas 5, 7 y tambi\u00e9n de la L\u00ednea6. A juicio de Jose Antonio Cart\u00f3n, desde que el PP gestiona el ...\" \/>\n<meta property=\"og:url\" content=\"https:\/\/agrupacionespsoe.es\/ponferrada\/el-psoe-critica-la-eliminacion-del-refuerzo-delas-lineas-5-y-7\/\" \/>\n<meta property=\"og:site_name\" content=\"Agrupaci\u00f3n Socialista de Ponferrada\" \/>\n<meta property=\"article:published_time\" content=\"2024-09-20T11:37:53+00:00\" \/>\n<meta property=\"article:modified_time\" content=\"2024-09-20T11:37:54+00:00\" \/>\n<meta property=\"og:image\" content=\"https:\/\/agrupacionespsoe.es\/ponferrada\/wp-content\/uploads\/sites\/36\/2024\/06\/WhatsApp-Image-2024-06-13-at-13.49.15.jpeg\" \/>\n\t<meta property=\"og:image:width\" content=\"972\" \/>\n\t<meta property=\"og:image:height\" content=\"1000\" \/>\n\t<meta property=\"og:image:type\" content=\"image\/jpeg\" \/>\n<meta name=\"author\" content=\"ponferrada2\" \/>\n<meta name=\"twitter:card\" content=\"summary_large_image\" \/>\n<meta name=\"twitter:label1\" content=\"Escrito por\" \/>\n\t<meta name=\"twitter:data1\" content=\"ponferrada2\" \/>\n\t<meta name=\"twitter:label2\" content=\"Tiempo de lectura\" \/>\n\t<meta name=\"twitter:data2\" content=\"4 minutos\" \/>\n<script type=\"application\/ld+json\" class=\"yoast-schema-graph\">{\"@context\":\"https:\/\/schema.org\",\"@graph\":[{\"@type\":\"Article\",\"@id\":\"https:\/\/agrupacionespsoe.es\/ponferrada\/el-psoe-critica-la-eliminacion-del-refuerzo-delas-lineas-5-y-7\/#article\",\"isPartOf\":{\"@id\":\"https:\/\/agrupacionespsoe.es\/ponferrada\/el-psoe-critica-la-eliminacion-del-refuerzo-delas-lineas-5-y-7\/\"},\"author\":{\"name\":\"ponferrada2\",\"@id\":\"https:\/\/agrupacionespsoe.es\/ponferrada\/#\/schema\/person\/cd29ee627f3b70c05d415f02596debaa\"},\"headline\":\"El PSOE critica la eliminaci\u00f3n del refuerzo delas l\u00edneas 5 y 7.\",\"datePublished\":\"2024-09-20T11:37:53+00:00\",\"dateModified\":\"2024-09-20T11:37:54+00:00\",\"mainEntityOfPage\":{\"@id\":\"https:\/\/agrupacionespsoe.es\/ponferrada\/el-psoe-critica-la-eliminacion-del-refuerzo-delas-lineas-5-y-7\/\"},\"wordCount\":646,\"commentCount\":0,\"publisher\":{\"@id\":\"https:\/\/agrupacionespsoe.es\/ponferrada\/#organization\"},\"image\":{\"@id\":\"https:\/\/agrupacionespsoe.es\/ponferrada\/el-psoe-critica-la-eliminacion-del-refuerzo-delas-lineas-5-y-7\/#primaryimage\"},\"thumbnailUrl\":\"https:\/\/agrupacionespsoe.es\/ponferrada\/wp-content\/uploads\/sites\/36\/2024\/06\/WhatsApp-Image-2024-06-13-at-13.49.15.jpeg\",\"articleSection\":[\"ACTUALIDAD\"],\"inLanguage\":\"es\",\"potentialAction\":[{\"@type\":\"CommentAction\",\"name\":\"Comment\",\"target\":[\"https:\/\/agrupacionespsoe.es\/ponferrada\/el-psoe-critica-la-eliminacion-del-refuerzo-delas-lineas-5-y-7\/#respond\"]}]},{\"@type\":\"WebPage\",\"@id\":\"https:\/\/agrupacionespsoe.es\/ponferrada\/el-psoe-critica-la-eliminacion-del-refuerzo-delas-lineas-5-y-7\/\",\"url\":\"https:\/\/agrupacionespsoe.es\/ponferrada\/el-psoe-critica-la-eliminacion-del-refuerzo-delas-lineas-5-y-7\/\",\"name\":\"El PSOE critica la eliminaci\u00f3n del refuerzo delas l\u00edneas 5 y 7. - Agrupaci\u00f3n Socialista de Ponferrada\",\"isPartOf\":{\"@id\":\"https:\/\/agrupacionespsoe.es\/ponferrada\/#website\"},\"primaryImageOfPage\":{\"@id\":\"https:\/\/agrupacionespsoe.es\/ponferrada\/el-psoe-critica-la-eliminacion-del-refuerzo-delas-lineas-5-y-7\/#primaryimage\"},\"image\":{\"@id\":\"https:\/\/agrupacionespsoe.es\/ponferrada\/el-psoe-critica-la-eliminacion-del-refuerzo-delas-lineas-5-y-7\/#primaryimage\"},\"thumbnailUrl\":\"https:\/\/agrupacionespsoe.es\/ponferrada\/wp-content\/uploads\/sites\/36\/2024\/06\/WhatsApp-Image-2024-06-13-at-13.49.15.jpeg\",\"datePublished\":\"2024-09-20T11:37:53+00:00\",\"dateModified\":\"2024-09-20T11:37:54+00:00\",\"breadcrumb\":{\"@id\":\"https:\/\/agrupacionespsoe.es\/ponferrada\/el-psoe-critica-la-eliminacion-del-refuerzo-delas-lineas-5-y-7\/#breadcrumb\"},\"inLanguage\":\"es\",\"potentialAction\":[{\"@type\":\"ReadAction\",\"target\":[\"https:\/\/agrupacionespsoe.es\/ponferrada\/el-psoe-critica-la-eliminacion-del-refuerzo-delas-lineas-5-y-7\/\"]}]},{\"@type\":\"ImageObject\",\"inLanguage\":\"es\",\"@id\":\"https:\/\/agrupacionespsoe.es\/ponferrada\/el-psoe-critica-la-eliminacion-del-refuerzo-delas-lineas-5-y-7\/#primaryimage\",\"url\":\"https:\/\/agrupacionespsoe.es\/ponferrada\/wp-content\/uploads\/sites\/36\/2024\/06\/WhatsApp-Image-2024-06-13-at-13.49.15.jpeg\",\"contentUrl\":\"https:\/\/agrupacionespsoe.es\/ponferrada\/wp-content\/uploads\/sites\/36\/2024\/06\/WhatsApp-Image-2024-06-13-at-13.49.15.jpeg\",\"width\":972,\"height\":1000},{\"@type\":\"BreadcrumbList\",\"@id\":\"https:\/\/agrupacionespsoe.es\/ponferrada\/el-psoe-critica-la-eliminacion-del-refuerzo-delas-lineas-5-y-7\/#breadcrumb\",\"itemListElement\":[{\"@type\":\"ListItem\",\"position\":1,\"name\":\"Portada\",\"item\":\"https:\/\/agrupacionespsoe.es\/ponferrada\/\"},{\"@type\":\"ListItem\",\"position\":2,\"name\":\"El PSOE critica la eliminaci\u00f3n del refuerzo delas l\u00edneas 5 y 7.\"}]},{\"@type\":\"WebSite\",\"@id\":\"https:\/\/agrupacionespsoe.es\/ponferrada\/#website\",\"url\":\"https:\/\/agrupacionespsoe.es\/ponferrada\/\",\"name\":\"Agrupaci\u00f3n Socialista de Ponferrada\",\"description\":\"Agrupaci\u00f3n Socialista de Ponferrada\",\"publisher\":{\"@id\":\"https:\/\/agrupacionespsoe.es\/ponferrada\/#organization\"},\"potentialAction\":[{\"@type\":\"SearchAction\",\"target\":{\"@type\":\"EntryPoint\",\"urlTemplate\":\"https:\/\/agrupacionespsoe.es\/ponferrada\/?s={search_term_string}\"},\"query-input\":{\"@type\":\"PropertyValueSpecification\",\"valueRequired\":true,\"valueName\":\"search_term_string\"}}],\"inLanguage\":\"es\"},{\"@type\":\"Organization\",\"@id\":\"https:\/\/agrupacionespsoe.es\/ponferrada\/#organization\",\"name\":\"Agrupaci\u00f3n Socialista de Ponferrada\",\"url\":\"https:\/\/agrupacionespsoe.es\/ponferrada\/\",\"logo\":{\"@type\":\"ImageObject\",\"inLanguage\":\"es\",\"@id\":\"https:\/\/agrupacionespsoe.es\/ponferrada\/#\/schema\/logo\/image\/\",\"url\":\"https:\/\/agrupacionespsoe.es\/wp-content\/uploads\/2022\/07\/Logotipo_electoral_del_PSOE.png\",\"contentUrl\":\"https:\/\/agrupacionespsoe.es\/wp-content\/uploads\/2022\/07\/Logotipo_electoral_del_PSOE.png\",\"width\":422,\"height\":422,\"caption\":\"Agrupaci\u00f3n Socialista de Ponferrada\"},\"image\":{\"@id\":\"https:\/\/agrupacionespsoe.es\/ponferrada\/#\/schema\/logo\/image\/\"}},{\"@type\":\"Person\",\"@id\":\"https:\/\/agrupacionespsoe.es\/ponferrada\/#\/schema\/person\/cd29ee627f3b70c05d415f02596debaa\",\"name\":\"ponferrada2\",\"image\":{\"@type\":\"ImageObject\",\"inLanguage\":\"es\",\"@id\":\"https:\/\/agrupacionespsoe.es\/ponferrada\/#\/schema\/person\/image\/\",\"url\":\"https:\/\/secure.gravatar.com\/avatar\/f499eeb60144c664cf7b7edf75549b50?s=96&d=mm&r=g\",\"contentUrl\":\"https:\/\/secure.gravatar.com\/avatar\/f499eeb60144c664cf7b7edf75549b50?s=96&d=mm&r=g\",\"caption\":\"ponferrada2\"},\"url\":\"https:\/\/agrupacionespsoe.es\/ponferrada\/author\/ponferrada2\/\"}]}<\/script>\n<!-- \/ Yoast SEO plugin. -->","yoast_head_json":{"title":"El PSOE critica la eliminaci\u00f3n del refuerzo delas l\u00edneas 5 y 7. - Agrupaci\u00f3n Socialista de Ponferrada","robots":{"index":"index","follow":"follow","max-snippet":"max-snippet:-1","max-image-preview":"max-image-preview:large","max-video-preview":"max-video-preview:-1"},"canonical":"https:\/\/agrupacionespsoe.es\/ponferrada\/el-psoe-critica-la-eliminacion-del-refuerzo-delas-lineas-5-y-7\/","og_locale":"es_ES","og_type":"article","og_title":"El PSOE critica la eliminaci\u00f3n del refuerzo delas l\u00edneas 5 y 7. - Agrupaci\u00f3n Socialista de Ponferrada","og_description":"El servicio municipal de autobuses es el ejemplo de la mala gesti\u00f3n, \u201ccada vez que tocan algo lo estropean\u201d El grupo socialista vuelve a denunciar el funcionamiento del serviciomunicipal de transportes, esta vez de las l\u00edneas 5, 7 y tambi\u00e9n de la L\u00ednea6. A juicio de Jose Antonio Cart\u00f3n, desde que el PP gestiona el ...","og_url":"https:\/\/agrupacionespsoe.es\/ponferrada\/el-psoe-critica-la-eliminacion-del-refuerzo-delas-lineas-5-y-7\/","og_site_name":"Agrupaci\u00f3n Socialista de Ponferrada","article_published_time":"2024-09-20T11:37:53+00:00","article_modified_time":"2024-09-20T11:37:54+00:00","og_image":[{"width":972,"height":1000,"url":"https:\/\/agrupacionespsoe.es\/ponferrada\/wp-content\/uploads\/sites\/36\/2024\/06\/WhatsApp-Image-2024-06-13-at-13.49.15.jpeg","type":"image\/jpeg"}],"author":"ponferrada2","twitter_card":"summary_large_image","twitter_misc":{"Escrito por":"ponferrada2","Tiempo de lectura":"4 minutos"},"schema":{"@context":"https:\/\/schema.org","@graph":[{"@type":"Article","@id":"https:\/\/agrupacionespsoe.es\/ponferrada\/el-psoe-critica-la-eliminacion-del-refuerzo-delas-lineas-5-y-7\/#article","isPartOf":{"@id":"https:\/\/agrupacionespsoe.es\/ponferrada\/el-psoe-critica-la-eliminacion-del-refuerzo-delas-lineas-5-y-7\/"},"author":{"name":"ponferrada2","@id":"https:\/\/agrupacionespsoe.es\/ponferrada\/#\/schema\/person\/cd29ee627f3b70c05d415f02596debaa"},"headline":"El PSOE critica la eliminaci\u00f3n del refuerzo delas l\u00edneas 5 y 7.","datePublished":"2024-09-20T11:37:53+00:00","dateModified":"2024-09-20T11:37:54+00:00","mainEntityOfPage":{"@id":"https:\/\/agrupacionespsoe.es\/ponferrada\/el-psoe-critica-la-eliminacion-del-refuerzo-delas-lineas-5-y-7\/"},"wordCount":646,"commentCount":0,"publisher":{"@id":"https:\/\/agrupacionespsoe.es\/ponferrada\/#organization"},"image":{"@id":"https:\/\/agrupacionespsoe.es\/ponferrada\/el-psoe-critica-la-eliminacion-del-refuerzo-delas-lineas-5-y-7\/#primaryimage"},"thumbnailUrl":"https:\/\/agrupacionespsoe.es\/ponferrada\/wp-content\/uploads\/sites\/36\/2024\/06\/WhatsApp-Image-2024-06-13-at-13.49.15.jpeg","articleSection":["ACTUALIDAD"],"inLanguage":"es","potentialAction":[{"@type":"CommentAction","name":"Comment","target":["https:\/\/agrupacionespsoe.es\/ponferrada\/el-psoe-critica-la-eliminacion-del-refuerzo-delas-lineas-5-y-7\/#respond"]}]},{"@type":"WebPage","@id":"https:\/\/agrupacionespsoe.es\/ponferrada\/el-psoe-critica-la-eliminacion-del-refuerzo-delas-lineas-5-y-7\/","url":"https:\/\/agrupacionespsoe.es\/ponferrada\/el-psoe-critica-la-eliminacion-del-refuerzo-delas-lineas-5-y-7\/","name":"El PSOE critica la eliminaci\u00f3n del refuerzo delas l\u00edneas 5 y 7. - Agrupaci\u00f3n Socialista de Ponferrada","isPartOf":{"@id":"https:\/\/agrupacionespsoe.es\/ponferrada\/#website"},"primaryImageOfPage":{"@id":"https:\/\/agrupacionespsoe.es\/ponferrada\/el-psoe-critica-la-eliminacion-del-refuerzo-delas-lineas-5-y-7\/#primaryimage"},"image":{"@id":"https:\/\/agrupacionespsoe.es\/ponferrada\/el-psoe-critica-la-eliminacion-del-refuerzo-delas-lineas-5-y-7\/#primaryimage"},"thumbnailUrl":"https:\/\/agrupacionespsoe.es\/ponferrada\/wp-content\/uploads\/sites\/36\/2024\/06\/WhatsApp-Image-2024-06-13-at-13.49.15.jpeg","datePublished":"2024-09-20T11:37:53+00:00","dateModified":"2024-09-20T11:37:54+00:00","breadcrumb":{"@id":"https:\/\/agrupacionespsoe.es\/ponferrada\/el-psoe-critica-la-eliminacion-del-refuerzo-delas-lineas-5-y-7\/#breadcrumb"},"inLanguage":"es","potentialAction":[{"@type":"ReadAction","target":["https:\/\/agrupacionespsoe.es\/ponferrada\/el-psoe-critica-la-eliminacion-del-refuerzo-delas-lineas-5-y-7\/"]}]},{"@type":"ImageObject","inLanguage":"es","@id":"https:\/\/agrupacionespsoe.es\/ponferrada\/el-psoe-critica-la-eliminacion-del-refuerzo-delas-lineas-5-y-7\/#primaryimage","url":"https:\/\/agrupacionespsoe.es\/ponferrada\/wp-content\/uploads\/sites\/36\/2024\/06\/WhatsApp-Image-2024-06-13-at-13.49.15.jpeg","contentUrl":"https:\/\/agrupacionespsoe.es\/ponferrada\/wp-content\/uploads\/sites\/36\/2024\/06\/WhatsApp-Image-2024-06-13-at-13.49.15.jpeg","width":972,"height":1000},{"@type":"BreadcrumbList","@id":"https:\/\/agrupacionespsoe.es\/ponferrada\/el-psoe-critica-la-eliminacion-del-refuerzo-delas-lineas-5-y-7\/#breadcrumb","itemListElement":[{"@type":"ListItem","position":1,"name":"Portada","item":"https:\/\/agrupacionespsoe.es\/ponferrada\/"},{"@type":"ListItem","position":2,"name":"El PSOE critica la eliminaci\u00f3n del refuerzo delas l\u00edneas 5 y 7."}]},{"@type":"WebSite","@id":"https:\/\/agrupacionespsoe.es\/ponferrada\/#website","url":"https:\/\/agrupacionespsoe.es\/ponferrada\/","name":"Agrupaci\u00f3n Socialista de Ponferrada","description":"Agrupaci\u00f3n Socialista de Ponferrada","publisher":{"@id":"https:\/\/agrupacionespsoe.es\/ponferrada\/#organization"},"potentialAction":[{"@type":"SearchAction","target":{"@type":"EntryPoint","urlTemplate":"https:\/\/agrupacionespsoe.es\/ponferrada\/?s={search_term_string}"},"query-input":{"@type":"PropertyValueSpecification","valueRequired":true,"valueName":"search_term_string"}}],"inLanguage":"es"},{"@type":"Organization","@id":"https:\/\/agrupacionespsoe.es\/ponferrada\/#organization","name":"Agrupaci\u00f3n Socialista de Ponferrada","url":"https:\/\/agrupacionespsoe.es\/ponferrada\/","logo":{"@type":"ImageObject","inLanguage":"es","@id":"https:\/\/agrupacionespsoe.es\/ponferrada\/#\/schema\/logo\/image\/","url":"https:\/\/agrupacionespsoe.es\/wp-content\/uploads\/2022\/07\/Logotipo_electoral_del_PSOE.png","contentUrl":"https:\/\/agrupacionespsoe.es\/wp-content\/uploads\/2022\/07\/Logotipo_electoral_del_PSOE.png","width":422,"height":422,"caption":"Agrupaci\u00f3n Socialista de Ponferrada"},"image":{"@id":"https:\/\/agrupacionespsoe.es\/ponferrada\/#\/schema\/logo\/image\/"}},{"@type":"Person","@id":"https:\/\/agrupacionespsoe.es\/ponferrada\/#\/schema\/person\/cd29ee627f3b70c05d415f02596debaa","name":"ponferrada2","image":{"@type":"ImageObject","inLanguage":"es","@id":"https:\/\/agrupacionespsoe.es\/ponferrada\/#\/schema\/person\/image\/","url":"https:\/\/secure.gravatar.com\/avatar\/f499eeb60144c664cf7b7edf75549b50?s=96&d=mm&r=g","contentUrl":"https:\/\/secure.gravatar.com\/avatar\/f499eeb60144c664cf7b7edf75549b50?s=96&d=mm&r=g","caption":"ponferrada2"},"url":"https:\/\/agrupacionespsoe.es\/ponferrada\/author\/ponferrada2\/"}]}},"jetpack_featured_media_url":"https:\/\/agrupacionespsoe.es\/ponferrada\/wp-content\/uploads\/sites\/36\/2024\/06\/WhatsApp-Image-2024-06-13-at-13.49.15.jpeg","jetpack_sharing_enabled":true,"_links":{"self":[{"href":"https:\/\/agrupacionespsoe.es\/ponferrada\/wp-json\/wp\/v2\/posts\/625","targetHints":{"allow":["GET"]}}],"collection":[{"href":"https:\/\/agrupacionespsoe.es\/ponferrada\/wp-json\/wp\/v2\/posts"}],"about":[{"href":"https:\/\/agrupacionespsoe.es\/ponferrada\/wp-json\/wp\/v2\/types\/post"}],"author":[{"embeddable":true,"href":"https:\/\/agrupacionespsoe.es\/ponferrada\/wp-json\/wp\/v2\/users\/32"}],"replies":[{"embeddable":true,"href":"https:\/\/agrupacionespsoe.es\/ponferrada\/wp-json\/wp\/v2\/comments?post=625"}],"version-history":[{"count":1,"href":"https:\/\/agrupacionespsoe.es\/ponferrada\/wp-json\/wp\/v2\/posts\/625\/revisions"}],"predecessor-version":[{"id":626,"href":"https:\/\/agrupacionespsoe.es\/ponferrada\/wp-json\/wp\/v2\/posts\/625\/revisions\/626"}],"wp:featuredmedia":[{"embeddable":true,"href":"https:\/\/agrupacionespsoe.es\/ponferrada\/wp-json\/wp\/v2\/media\/515"}],"wp:attachment":[{"href":"https:\/\/agrupacionespsoe.es\/ponferrada\/wp-json\/wp\/v2\/media?parent=625"}],"wp:term":[{"taxonomy":"category","embeddable":true,"href":"https:\/\/agrupacionespsoe.es\/ponferrada\/wp-json\/wp\/v2\/categories?post=625"},{"taxonomy":"post_tag","embeddable":true,"href":"https:\/\/agrupacionespsoe.es\/ponferrada\/wp-json\/wp\/v2\/tags?post=625"}],"curies":[{"name":"wp","href":"https:\/\/api.w.org\/{rel}","templated":true}]}}