{"id":617,"date":"2024-09-17T10:08:22","date_gmt":"2024-09-17T10:08:22","guid":{"rendered":"https:\/\/agrupacionespsoe.es\/ponferrada\/?p=617"},"modified":"2024-09-17T10:08:22","modified_gmt":"2024-09-17T10:08:22","slug":"el-grupo-municipal-pide-al-alcalde-que-invierta-menos-en-felicidad-y-mas-en-las-actuaciones-que-afectan-a-la-ciudadania","status":"publish","type":"post","link":"https:\/\/agrupacionespsoe.es\/ponferrada\/el-grupo-municipal-pide-al-alcalde-que-invierta-menos-en-felicidad-y-mas-en-las-actuaciones-que-afectan-a-la-ciudadania\/","title":{"rendered":"El Grupo Municipal pide al alcalde que invierta menos en felicidad y m\u00e1s en las actuaciones que afectan a la ciudadan\u00eda"},"content":{"rendered":"\n<p class=\"has-large-font-size\"><strong>El PSOE pide al equipo de gobierno finalice las obras de asfaltado que afectan al centro de Ponferrada<\/strong><\/p>\n\n\n\n<p>El grupo socialista ha querido volver a poner voz a las reivindicaciones de los vecinos de &nbsp;Traves\u00eda Navaliegos, Antol\u00edn L\u00f3pez Pel\u00e1ez y Eladia Baylina, que siguen esperando el asfaltado de sus carreteras y el arreglo de los rebajes de los pasos de peatones.<\/p>\n\n\n\n<p>Carmen Doel ha recordado que ya en la primavera se denunciaba por parte de los vecinos del centro de Ponferrada la situaci\u00f3n en la que se encuentra esa zona: rebajes de aceras sin hacer o hechos con gravilla \u201cde mala manera\u201d, baches, pasos de peatones despintados y charcos de grandes dimensiones, es decir, una obra que iniciamos en el mandato anterior y que no han sabido o querido finalizar.<\/p>\n\n\n\n<p>Carmen se\u00f1ala que \u201ca pesar de que fue el propio Alcalde el que en agosto del a\u00f1o pasado promet\u00eda que el nuevo equipo de gobierno invertir\u00eda m\u00e1s de 1,2 millones de euros (1.205.576 euros) en un plan de asfaltado y renovaci\u00f3n de aceras para el municipio lo cierto es que esas calles siguen esperando y el plan de asfaltado ni est\u00e1 ni se le espera.<\/p>\n\n\n\n<p>Contin\u00faa indicando que desde el Grupo Socialista hemos preguntado en varias ocasiones d\u00f3nde se ha invertido el dinero que qued\u00f3 consignado en los presupuestos de 2023 que aprob\u00f3 el equipo de Olegario Ram\u00f3n y los remanentes de 2022 que fueron aprobados por el actual equipo de gobierno y que destinaba m\u00e1s de 2,3 millones de euros al plan de asfaltado y desconocemos d\u00f3nde han ido a parar, suponemos que a financiar la pol\u00edtica de derroche y despilfarro de la que el actual equipo de\u00a0 gobierno hace gala.<\/p>\n\n\n\n<figure class=\"wp-block-gallery has-nested-images columns-default is-cropped wp-block-gallery-1 is-layout-flex wp-block-gallery-is-layout-flex\">\n<figure class=\"wp-block-image size-large\"><img loading=\"lazy\" decoding=\"async\" width=\"814\" height=\"1024\" data-id=\"623\" src=\"https:\/\/agrupacionespsoe.es\/ponferrada\/wp-content\/uploads\/sites\/36\/2024\/09\/IMG_8857-1-814x1024.jpg\" alt=\"\" class=\"wp-image-623\" srcset=\"https:\/\/agrupacionespsoe.es\/ponferrada\/wp-content\/uploads\/sites\/36\/2024\/09\/IMG_8857-1-814x1024.jpg 814w, https:\/\/agrupacionespsoe.es\/ponferrada\/wp-content\/uploads\/sites\/36\/2024\/09\/IMG_8857-1-238x300.jpg 238w, https:\/\/agrupacionespsoe.es\/ponferrada\/wp-content\/uploads\/sites\/36\/2024\/09\/IMG_8857-1-768x967.jpg 768w, https:\/\/agrupacionespsoe.es\/ponferrada\/wp-content\/uploads\/sites\/36\/2024\/09\/IMG_8857-1-1220x1536.jpg 1220w, https:\/\/agrupacionespsoe.es\/ponferrada\/wp-content\/uploads\/sites\/36\/2024\/09\/IMG_8857-1-1627x2048.jpg 1627w, https:\/\/agrupacionespsoe.es\/ponferrada\/wp-content\/uploads\/sites\/36\/2024\/09\/IMG_8857-1-scaled.jpg 2034w\" sizes=\"auto, (max-width: 814px) 100vw, 814px\" \/><\/figure>\n<\/figure>\n\n\n\n<p>Carmen Doel dice que el plan de asfaltado que anunciaron a bombo y platillo m\u00e1s bien es un plan de bacheado y no se ha previsto actuar sobre el centro, es incomprensible como no concluyen con la obra y los vecinos tengan aceras nuevas y la calzada en un estado totalmente inadecuado.<\/p>\n\n\n\n<p>Finaliza se\u00f1alando que sin acabar las obras del centro ahora mismo est\u00e1 en proceso de licitaci\u00f3n la calzada de la Calle Obispo Osmundo que ponemos en duda que tenga la misma urgencia, otra vez desde el equipo de gobierno, vuelven a apostar por obras nuevas en la zona alta y a relegar la soluci\u00f3n a obras inconclusas del anterior mandato.<\/p>\n\n\n\n<p>Aconsejamos al actual alcalde que invierta menos en felicidad e invierta m\u00e1s en renovar infraestructuras que afectan a vecinos y ciudadanos.<\/p>\n\n\n\n<figure class=\"wp-block-gallery has-nested-images columns-default is-cropped wp-block-gallery-2 is-layout-flex wp-block-gallery-is-layout-flex\">\n<figure class=\"wp-block-image size-large\"><img loading=\"lazy\" decoding=\"async\" width=\"1024\" height=\"473\" data-id=\"618\" src=\"https:\/\/agrupacionespsoe.es\/ponferrada\/wp-content\/uploads\/sites\/36\/2024\/09\/WhatsApp-Image-2024-09-17-at-11.57.45-2-1024x473.jpeg\" alt=\"\" class=\"wp-image-618\" srcset=\"https:\/\/agrupacionespsoe.es\/ponferrada\/wp-content\/uploads\/sites\/36\/2024\/09\/WhatsApp-Image-2024-09-17-at-11.57.45-2-1024x473.jpeg 1024w, https:\/\/agrupacionespsoe.es\/ponferrada\/wp-content\/uploads\/sites\/36\/2024\/09\/WhatsApp-Image-2024-09-17-at-11.57.45-2-300x138.jpeg 300w, https:\/\/agrupacionespsoe.es\/ponferrada\/wp-content\/uploads\/sites\/36\/2024\/09\/WhatsApp-Image-2024-09-17-at-11.57.45-2-768x354.jpeg 768w, https:\/\/agrupacionespsoe.es\/ponferrada\/wp-content\/uploads\/sites\/36\/2024\/09\/WhatsApp-Image-2024-09-17-at-11.57.45-2-1536x709.jpeg 1536w, https:\/\/agrupacionespsoe.es\/ponferrada\/wp-content\/uploads\/sites\/36\/2024\/09\/WhatsApp-Image-2024-09-17-at-11.57.45-2.jpeg 1976w\" sizes=\"auto, (max-width: 1024px) 100vw, 1024px\" \/><\/figure>\n\n\n\n<figure class=\"wp-block-image size-large\"><img loading=\"lazy\" decoding=\"async\" width=\"1024\" height=\"473\" data-id=\"620\" src=\"https:\/\/agrupacionespsoe.es\/ponferrada\/wp-content\/uploads\/sites\/36\/2024\/09\/WhatsApp-Image-2024-09-17-at-11.57.45-1-1024x473.jpeg\" alt=\"\" class=\"wp-image-620\" srcset=\"https:\/\/agrupacionespsoe.es\/ponferrada\/wp-content\/uploads\/sites\/36\/2024\/09\/WhatsApp-Image-2024-09-17-at-11.57.45-1-1024x473.jpeg 1024w, https:\/\/agrupacionespsoe.es\/ponferrada\/wp-content\/uploads\/sites\/36\/2024\/09\/WhatsApp-Image-2024-09-17-at-11.57.45-1-300x138.jpeg 300w, https:\/\/agrupacionespsoe.es\/ponferrada\/wp-content\/uploads\/sites\/36\/2024\/09\/WhatsApp-Image-2024-09-17-at-11.57.45-1-768x354.jpeg 768w, https:\/\/agrupacionespsoe.es\/ponferrada\/wp-content\/uploads\/sites\/36\/2024\/09\/WhatsApp-Image-2024-09-17-at-11.57.45-1-1536x709.jpeg 1536w, https:\/\/agrupacionespsoe.es\/ponferrada\/wp-content\/uploads\/sites\/36\/2024\/09\/WhatsApp-Image-2024-09-17-at-11.57.45-1.jpeg 1976w\" sizes=\"auto, (max-width: 1024px) 100vw, 1024px\" \/><\/figure>\n\n\n\n<figure class=\"wp-block-image size-large\"><img loading=\"lazy\" decoding=\"async\" width=\"1024\" height=\"473\" data-id=\"619\" src=\"https:\/\/agrupacionespsoe.es\/ponferrada\/wp-content\/uploads\/sites\/36\/2024\/09\/WhatsApp-Image-2024-09-17-at-11.57.45-1024x473.jpeg\" alt=\"\" class=\"wp-image-619\" srcset=\"https:\/\/agrupacionespsoe.es\/ponferrada\/wp-content\/uploads\/sites\/36\/2024\/09\/WhatsApp-Image-2024-09-17-at-11.57.45-1024x473.jpeg 1024w, https:\/\/agrupacionespsoe.es\/ponferrada\/wp-content\/uploads\/sites\/36\/2024\/09\/WhatsApp-Image-2024-09-17-at-11.57.45-300x138.jpeg 300w, https:\/\/agrupacionespsoe.es\/ponferrada\/wp-content\/uploads\/sites\/36\/2024\/09\/WhatsApp-Image-2024-09-17-at-11.57.45-768x354.jpeg 768w, https:\/\/agrupacionespsoe.es\/ponferrada\/wp-content\/uploads\/sites\/36\/2024\/09\/WhatsApp-Image-2024-09-17-at-11.57.45-1536x709.jpeg 1536w, https:\/\/agrupacionespsoe.es\/ponferrada\/wp-content\/uploads\/sites\/36\/2024\/09\/WhatsApp-Image-2024-09-17-at-11.57.45.jpeg 1976w\" sizes=\"auto, (max-width: 1024px) 100vw, 1024px\" \/><\/figure>\n\n\n\n<figure class=\"wp-block-image size-large\"><img loading=\"lazy\" decoding=\"async\" width=\"1024\" height=\"473\" data-id=\"621\" src=\"https:\/\/agrupacionespsoe.es\/ponferrada\/wp-content\/uploads\/sites\/36\/2024\/09\/WhatsApp-Image-2024-09-17-at-11.57.44-1-1024x473.jpeg\" alt=\"\" class=\"wp-image-621\" srcset=\"https:\/\/agrupacionespsoe.es\/ponferrada\/wp-content\/uploads\/sites\/36\/2024\/09\/WhatsApp-Image-2024-09-17-at-11.57.44-1-1024x473.jpeg 1024w, https:\/\/agrupacionespsoe.es\/ponferrada\/wp-content\/uploads\/sites\/36\/2024\/09\/WhatsApp-Image-2024-09-17-at-11.57.44-1-300x138.jpeg 300w, https:\/\/agrupacionespsoe.es\/ponferrada\/wp-content\/uploads\/sites\/36\/2024\/09\/WhatsApp-Image-2024-09-17-at-11.57.44-1-768x354.jpeg 768w, https:\/\/agrupacionespsoe.es\/ponferrada\/wp-content\/uploads\/sites\/36\/2024\/09\/WhatsApp-Image-2024-09-17-at-11.57.44-1-1536x709.jpeg 1536w, https:\/\/agrupacionespsoe.es\/ponferrada\/wp-content\/uploads\/sites\/36\/2024\/09\/WhatsApp-Image-2024-09-17-at-11.57.44-1.jpeg 1976w\" sizes=\"auto, (max-width: 1024px) 100vw, 1024px\" \/><\/figure>\n\n\n\n<figure class=\"wp-block-image size-large\"><img loading=\"lazy\" decoding=\"async\" width=\"1024\" height=\"473\" data-id=\"622\" src=\"https:\/\/agrupacionespsoe.es\/ponferrada\/wp-content\/uploads\/sites\/36\/2024\/09\/WhatsApp-Image-2024-09-17-at-11.57.44-1024x473.jpeg\" alt=\"\" class=\"wp-image-622\" srcset=\"https:\/\/agrupacionespsoe.es\/ponferrada\/wp-content\/uploads\/sites\/36\/2024\/09\/WhatsApp-Image-2024-09-17-at-11.57.44-1024x473.jpeg 1024w, https:\/\/agrupacionespsoe.es\/ponferrada\/wp-content\/uploads\/sites\/36\/2024\/09\/WhatsApp-Image-2024-09-17-at-11.57.44-300x138.jpeg 300w, https:\/\/agrupacionespsoe.es\/ponferrada\/wp-content\/uploads\/sites\/36\/2024\/09\/WhatsApp-Image-2024-09-17-at-11.57.44-768x354.jpeg 768w, https:\/\/agrupacionespsoe.es\/ponferrada\/wp-content\/uploads\/sites\/36\/2024\/09\/WhatsApp-Image-2024-09-17-at-11.57.44-1536x709.jpeg 1536w, https:\/\/agrupacionespsoe.es\/ponferrada\/wp-content\/uploads\/sites\/36\/2024\/09\/WhatsApp-Image-2024-09-17-at-11.57.44.jpeg 1976w\" sizes=\"auto, (max-width: 1024px) 100vw, 1024px\" \/><\/figure>\n<\/figure>\n","protected":false},"excerpt":{"rendered":"<p>El PSOE pide al equipo de gobierno finalice las obras de asfaltado que afectan al centro de Ponferrada El grupo socialista ha querido volver a poner voz a las reivindicaciones de los vecinos de &nbsp;Traves\u00eda Navaliegos, Antol\u00edn L\u00f3pez Pel\u00e1ez y Eladia Baylina, que siguen esperando el asfaltado de sus carreteras y el arreglo de los &#8230;<\/p>\n","protected":false},"author":32,"featured_media":623,"comment_status":"open","ping_status":"open","sticky":false,"template":"","format":"standard","meta":{"_jetpack_memberships_contains_paid_content":false,"footnotes":""},"categories":[6],"tags":[],"class_list":["post-617","post","type-post","status-publish","format-standard","has-post-thumbnail","hentry","category-actualidad"],"yoast_head":"<!-- This site is optimized with the Yoast SEO plugin v24.0 - https:\/\/yoast.com\/wordpress\/plugins\/seo\/ -->\n<title>El Grupo Municipal pide al alcalde que invierta menos en felicidad y m\u00e1s en las actuaciones que afectan a la ciudadan\u00eda - Agrupaci\u00f3n Socialista de Ponferrada<\/title>\n<meta name=\"robots\" content=\"index, follow, max-snippet:-1, max-image-preview:large, max-video-preview:-1\" \/>\n<link rel=\"canonical\" href=\"https:\/\/agrupacionespsoe.es\/ponferrada\/el-grupo-municipal-pide-al-alcalde-que-invierta-menos-en-felicidad-y-mas-en-las-actuaciones-que-afectan-a-la-ciudadania\/\" \/>\n<meta property=\"og:locale\" content=\"es_ES\" \/>\n<meta property=\"og:type\" content=\"article\" \/>\n<meta property=\"og:title\" content=\"El Grupo Municipal pide al alcalde que invierta menos en felicidad y m\u00e1s en las actuaciones que afectan a la ciudadan\u00eda - Agrupaci\u00f3n Socialista de Ponferrada\" \/>\n<meta property=\"og:description\" content=\"El PSOE pide al equipo de gobierno finalice las obras de asfaltado que afectan al centro de Ponferrada El grupo socialista ha querido volver a poner voz a las reivindicaciones de los vecinos de &nbsp;Traves\u00eda Navaliegos, Antol\u00edn L\u00f3pez Pel\u00e1ez y Eladia Baylina, que siguen esperando el asfaltado de sus carreteras y el arreglo de los ...\" \/>\n<meta property=\"og:url\" content=\"https:\/\/agrupacionespsoe.es\/ponferrada\/el-grupo-municipal-pide-al-alcalde-que-invierta-menos-en-felicidad-y-mas-en-las-actuaciones-que-afectan-a-la-ciudadania\/\" \/>\n<meta property=\"og:site_name\" content=\"Agrupaci\u00f3n Socialista de Ponferrada\" \/>\n<meta property=\"article:published_time\" content=\"2024-09-17T10:08:22+00:00\" \/>\n<meta property=\"og:image\" content=\"https:\/\/agrupacionespsoe.es\/ponferrada\/wp-content\/uploads\/sites\/36\/2024\/09\/IMG_8857-1-scaled.jpg\" \/>\n\t<meta property=\"og:image:width\" content=\"2034\" \/>\n\t<meta property=\"og:image:height\" content=\"2560\" \/>\n\t<meta property=\"og:image:type\" content=\"image\/jpeg\" \/>\n<meta name=\"author\" content=\"ponferrada2\" \/>\n<meta name=\"twitter:card\" content=\"summary_large_image\" \/>\n<meta name=\"twitter:label1\" content=\"Escrito por\" \/>\n\t<meta name=\"twitter:data1\" content=\"ponferrada2\" \/>\n\t<meta name=\"twitter:label2\" content=\"Tiempo de lectura\" \/>\n\t<meta name=\"twitter:data2\" content=\"4 minutos\" \/>\n<script type=\"application\/ld+json\" class=\"yoast-schema-graph\">{\"@context\":\"https:\/\/schema.org\",\"@graph\":[{\"@type\":\"Article\",\"@id\":\"https:\/\/agrupacionespsoe.es\/ponferrada\/el-grupo-municipal-pide-al-alcalde-que-invierta-menos-en-felicidad-y-mas-en-las-actuaciones-que-afectan-a-la-ciudadania\/#article\",\"isPartOf\":{\"@id\":\"https:\/\/agrupacionespsoe.es\/ponferrada\/el-grupo-municipal-pide-al-alcalde-que-invierta-menos-en-felicidad-y-mas-en-las-actuaciones-que-afectan-a-la-ciudadania\/\"},\"author\":{\"name\":\"ponferrada2\",\"@id\":\"https:\/\/agrupacionespsoe.es\/ponferrada\/#\/schema\/person\/cd29ee627f3b70c05d415f02596debaa\"},\"headline\":\"El Grupo Municipal pide al alcalde que invierta menos en felicidad y m\u00e1s en las actuaciones que afectan a la ciudadan\u00eda\",\"datePublished\":\"2024-09-17T10:08:22+00:00\",\"dateModified\":\"2024-09-17T10:08:22+00:00\",\"mainEntityOfPage\":{\"@id\":\"https:\/\/agrupacionespsoe.es\/ponferrada\/el-grupo-municipal-pide-al-alcalde-que-invierta-menos-en-felicidad-y-mas-en-las-actuaciones-que-afectan-a-la-ciudadania\/\"},\"wordCount\":456,\"commentCount\":0,\"publisher\":{\"@id\":\"https:\/\/agrupacionespsoe.es\/ponferrada\/#organization\"},\"image\":{\"@id\":\"https:\/\/agrupacionespsoe.es\/ponferrada\/el-grupo-municipal-pide-al-alcalde-que-invierta-menos-en-felicidad-y-mas-en-las-actuaciones-que-afectan-a-la-ciudadania\/#primaryimage\"},\"thumbnailUrl\":\"https:\/\/agrupacionespsoe.es\/ponferrada\/wp-content\/uploads\/sites\/36\/2024\/09\/IMG_8857-1-scaled.jpg\",\"articleSection\":[\"ACTUALIDAD\"],\"inLanguage\":\"es\",\"potentialAction\":[{\"@type\":\"CommentAction\",\"name\":\"Comment\",\"target\":[\"https:\/\/agrupacionespsoe.es\/ponferrada\/el-grupo-municipal-pide-al-alcalde-que-invierta-menos-en-felicidad-y-mas-en-las-actuaciones-que-afectan-a-la-ciudadania\/#respond\"]}]},{\"@type\":\"WebPage\",\"@id\":\"https:\/\/agrupacionespsoe.es\/ponferrada\/el-grupo-municipal-pide-al-alcalde-que-invierta-menos-en-felicidad-y-mas-en-las-actuaciones-que-afectan-a-la-ciudadania\/\",\"url\":\"https:\/\/agrupacionespsoe.es\/ponferrada\/el-grupo-municipal-pide-al-alcalde-que-invierta-menos-en-felicidad-y-mas-en-las-actuaciones-que-afectan-a-la-ciudadania\/\",\"name\":\"El Grupo Municipal pide al alcalde que invierta menos en felicidad y m\u00e1s en las actuaciones que afectan a la ciudadan\u00eda - Agrupaci\u00f3n Socialista de Ponferrada\",\"isPartOf\":{\"@id\":\"https:\/\/agrupacionespsoe.es\/ponferrada\/#website\"},\"primaryImageOfPage\":{\"@id\":\"https:\/\/agrupacionespsoe.es\/ponferrada\/el-grupo-municipal-pide-al-alcalde-que-invierta-menos-en-felicidad-y-mas-en-las-actuaciones-que-afectan-a-la-ciudadania\/#primaryimage\"},\"image\":{\"@id\":\"https:\/\/agrupacionespsoe.es\/ponferrada\/el-grupo-municipal-pide-al-alcalde-que-invierta-menos-en-felicidad-y-mas-en-las-actuaciones-que-afectan-a-la-ciudadania\/#primaryimage\"},\"thumbnailUrl\":\"https:\/\/agrupacionespsoe.es\/ponferrada\/wp-content\/uploads\/sites\/36\/2024\/09\/IMG_8857-1-scaled.jpg\",\"datePublished\":\"2024-09-17T10:08:22+00:00\",\"dateModified\":\"2024-09-17T10:08:22+00:00\",\"breadcrumb\":{\"@id\":\"https:\/\/agrupacionespsoe.es\/ponferrada\/el-grupo-municipal-pide-al-alcalde-que-invierta-menos-en-felicidad-y-mas-en-las-actuaciones-que-afectan-a-la-ciudadania\/#breadcrumb\"},\"inLanguage\":\"es\",\"potentialAction\":[{\"@type\":\"ReadAction\",\"target\":[\"https:\/\/agrupacionespsoe.es\/ponferrada\/el-grupo-municipal-pide-al-alcalde-que-invierta-menos-en-felicidad-y-mas-en-las-actuaciones-que-afectan-a-la-ciudadania\/\"]}]},{\"@type\":\"ImageObject\",\"inLanguage\":\"es\",\"@id\":\"https:\/\/agrupacionespsoe.es\/ponferrada\/el-grupo-municipal-pide-al-alcalde-que-invierta-menos-en-felicidad-y-mas-en-las-actuaciones-que-afectan-a-la-ciudadania\/#primaryimage\",\"url\":\"https:\/\/agrupacionespsoe.es\/ponferrada\/wp-content\/uploads\/sites\/36\/2024\/09\/IMG_8857-1-scaled.jpg\",\"contentUrl\":\"https:\/\/agrupacionespsoe.es\/ponferrada\/wp-content\/uploads\/sites\/36\/2024\/09\/IMG_8857-1-scaled.jpg\",\"width\":2034,\"height\":2560},{\"@type\":\"BreadcrumbList\",\"@id\":\"https:\/\/agrupacionespsoe.es\/ponferrada\/el-grupo-municipal-pide-al-alcalde-que-invierta-menos-en-felicidad-y-mas-en-las-actuaciones-que-afectan-a-la-ciudadania\/#breadcrumb\",\"itemListElement\":[{\"@type\":\"ListItem\",\"position\":1,\"name\":\"Portada\",\"item\":\"https:\/\/agrupacionespsoe.es\/ponferrada\/\"},{\"@type\":\"ListItem\",\"position\":2,\"name\":\"El Grupo Municipal pide al alcalde que invierta menos en felicidad y m\u00e1s en las actuaciones que afectan a la ciudadan\u00eda\"}]},{\"@type\":\"WebSite\",\"@id\":\"https:\/\/agrupacionespsoe.es\/ponferrada\/#website\",\"url\":\"https:\/\/agrupacionespsoe.es\/ponferrada\/\",\"name\":\"Agrupaci\u00f3n Socialista de Ponferrada\",\"description\":\"Agrupaci\u00f3n Socialista de Ponferrada\",\"publisher\":{\"@id\":\"https:\/\/agrupacionespsoe.es\/ponferrada\/#organization\"},\"potentialAction\":[{\"@type\":\"SearchAction\",\"target\":{\"@type\":\"EntryPoint\",\"urlTemplate\":\"https:\/\/agrupacionespsoe.es\/ponferrada\/?s={search_term_string}\"},\"query-input\":{\"@type\":\"PropertyValueSpecification\",\"valueRequired\":true,\"valueName\":\"search_term_string\"}}],\"inLanguage\":\"es\"},{\"@type\":\"Organization\",\"@id\":\"https:\/\/agrupacionespsoe.es\/ponferrada\/#organization\",\"name\":\"Agrupaci\u00f3n Socialista de Ponferrada\",\"url\":\"https:\/\/agrupacionespsoe.es\/ponferrada\/\",\"logo\":{\"@type\":\"ImageObject\",\"inLanguage\":\"es\",\"@id\":\"https:\/\/agrupacionespsoe.es\/ponferrada\/#\/schema\/logo\/image\/\",\"url\":\"https:\/\/agrupacionespsoe.es\/wp-content\/uploads\/2022\/07\/Logotipo_electoral_del_PSOE.png\",\"contentUrl\":\"https:\/\/agrupacionespsoe.es\/wp-content\/uploads\/2022\/07\/Logotipo_electoral_del_PSOE.png\",\"width\":422,\"height\":422,\"caption\":\"Agrupaci\u00f3n Socialista de Ponferrada\"},\"image\":{\"@id\":\"https:\/\/agrupacionespsoe.es\/ponferrada\/#\/schema\/logo\/image\/\"}},{\"@type\":\"Person\",\"@id\":\"https:\/\/agrupacionespsoe.es\/ponferrada\/#\/schema\/person\/cd29ee627f3b70c05d415f02596debaa\",\"name\":\"ponferrada2\",\"image\":{\"@type\":\"ImageObject\",\"inLanguage\":\"es\",\"@id\":\"https:\/\/agrupacionespsoe.es\/ponferrada\/#\/schema\/person\/image\/\",\"url\":\"https:\/\/secure.gravatar.com\/avatar\/f499eeb60144c664cf7b7edf75549b50?s=96&d=mm&r=g\",\"contentUrl\":\"https:\/\/secure.gravatar.com\/avatar\/f499eeb60144c664cf7b7edf75549b50?s=96&d=mm&r=g\",\"caption\":\"ponferrada2\"},\"url\":\"https:\/\/agrupacionespsoe.es\/ponferrada\/author\/ponferrada2\/\"}]}<\/script>\n<!-- \/ Yoast SEO plugin. -->","yoast_head_json":{"title":"El Grupo Municipal pide al alcalde que invierta menos en felicidad y m\u00e1s en las actuaciones que afectan a la ciudadan\u00eda - Agrupaci\u00f3n Socialista de Ponferrada","robots":{"index":"index","follow":"follow","max-snippet":"max-snippet:-1","max-image-preview":"max-image-preview:large","max-video-preview":"max-video-preview:-1"},"canonical":"https:\/\/agrupacionespsoe.es\/ponferrada\/el-grupo-municipal-pide-al-alcalde-que-invierta-menos-en-felicidad-y-mas-en-las-actuaciones-que-afectan-a-la-ciudadania\/","og_locale":"es_ES","og_type":"article","og_title":"El Grupo Municipal pide al alcalde que invierta menos en felicidad y m\u00e1s en las actuaciones que afectan a la ciudadan\u00eda - Agrupaci\u00f3n Socialista de Ponferrada","og_description":"El PSOE pide al equipo de gobierno finalice las obras de asfaltado que afectan al centro de Ponferrada El grupo socialista ha querido volver a poner voz a las reivindicaciones de los vecinos de &nbsp;Traves\u00eda Navaliegos, Antol\u00edn L\u00f3pez Pel\u00e1ez y Eladia Baylina, que siguen esperando el asfaltado de sus carreteras y el arreglo de los ...","og_url":"https:\/\/agrupacionespsoe.es\/ponferrada\/el-grupo-municipal-pide-al-alcalde-que-invierta-menos-en-felicidad-y-mas-en-las-actuaciones-que-afectan-a-la-ciudadania\/","og_site_name":"Agrupaci\u00f3n Socialista de Ponferrada","article_published_time":"2024-09-17T10:08:22+00:00","og_image":[{"width":2034,"height":2560,"url":"https:\/\/agrupacionespsoe.es\/ponferrada\/wp-content\/uploads\/sites\/36\/2024\/09\/IMG_8857-1-scaled.jpg","type":"image\/jpeg"}],"author":"ponferrada2","twitter_card":"summary_large_image","twitter_misc":{"Escrito por":"ponferrada2","Tiempo de lectura":"4 minutos"},"schema":{"@context":"https:\/\/schema.org","@graph":[{"@type":"Article","@id":"https:\/\/agrupacionespsoe.es\/ponferrada\/el-grupo-municipal-pide-al-alcalde-que-invierta-menos-en-felicidad-y-mas-en-las-actuaciones-que-afectan-a-la-ciudadania\/#article","isPartOf":{"@id":"https:\/\/agrupacionespsoe.es\/ponferrada\/el-grupo-municipal-pide-al-alcalde-que-invierta-menos-en-felicidad-y-mas-en-las-actuaciones-que-afectan-a-la-ciudadania\/"},"author":{"name":"ponferrada2","@id":"https:\/\/agrupacionespsoe.es\/ponferrada\/#\/schema\/person\/cd29ee627f3b70c05d415f02596debaa"},"headline":"El Grupo Municipal pide al alcalde que invierta menos en felicidad y m\u00e1s en las actuaciones que afectan a la ciudadan\u00eda","datePublished":"2024-09-17T10:08:22+00:00","dateModified":"2024-09-17T10:08:22+00:00","mainEntityOfPage":{"@id":"https:\/\/agrupacionespsoe.es\/ponferrada\/el-grupo-municipal-pide-al-alcalde-que-invierta-menos-en-felicidad-y-mas-en-las-actuaciones-que-afectan-a-la-ciudadania\/"},"wordCount":456,"commentCount":0,"publisher":{"@id":"https:\/\/agrupacionespsoe.es\/ponferrada\/#organization"},"image":{"@id":"https:\/\/agrupacionespsoe.es\/ponferrada\/el-grupo-municipal-pide-al-alcalde-que-invierta-menos-en-felicidad-y-mas-en-las-actuaciones-que-afectan-a-la-ciudadania\/#primaryimage"},"thumbnailUrl":"https:\/\/agrupacionespsoe.es\/ponferrada\/wp-content\/uploads\/sites\/36\/2024\/09\/IMG_8857-1-scaled.jpg","articleSection":["ACTUALIDAD"],"inLanguage":"es","potentialAction":[{"@type":"CommentAction","name":"Comment","target":["https:\/\/agrupacionespsoe.es\/ponferrada\/el-grupo-municipal-pide-al-alcalde-que-invierta-menos-en-felicidad-y-mas-en-las-actuaciones-que-afectan-a-la-ciudadania\/#respond"]}]},{"@type":"WebPage","@id":"https:\/\/agrupacionespsoe.es\/ponferrada\/el-grupo-municipal-pide-al-alcalde-que-invierta-menos-en-felicidad-y-mas-en-las-actuaciones-que-afectan-a-la-ciudadania\/","url":"https:\/\/agrupacionespsoe.es\/ponferrada\/el-grupo-municipal-pide-al-alcalde-que-invierta-menos-en-felicidad-y-mas-en-las-actuaciones-que-afectan-a-la-ciudadania\/","name":"El Grupo Municipal pide al alcalde que invierta menos en felicidad y m\u00e1s en las actuaciones que afectan a la ciudadan\u00eda - Agrupaci\u00f3n Socialista de Ponferrada","isPartOf":{"@id":"https:\/\/agrupacionespsoe.es\/ponferrada\/#website"},"primaryImageOfPage":{"@id":"https:\/\/agrupacionespsoe.es\/ponferrada\/el-grupo-municipal-pide-al-alcalde-que-invierta-menos-en-felicidad-y-mas-en-las-actuaciones-que-afectan-a-la-ciudadania\/#primaryimage"},"image":{"@id":"https:\/\/agrupacionespsoe.es\/ponferrada\/el-grupo-municipal-pide-al-alcalde-que-invierta-menos-en-felicidad-y-mas-en-las-actuaciones-que-afectan-a-la-ciudadania\/#primaryimage"},"thumbnailUrl":"https:\/\/agrupacionespsoe.es\/ponferrada\/wp-content\/uploads\/sites\/36\/2024\/09\/IMG_8857-1-scaled.jpg","datePublished":"2024-09-17T10:08:22+00:00","dateModified":"2024-09-17T10:08:22+00:00","breadcrumb":{"@id":"https:\/\/agrupacionespsoe.es\/ponferrada\/el-grupo-municipal-pide-al-alcalde-que-invierta-menos-en-felicidad-y-mas-en-las-actuaciones-que-afectan-a-la-ciudadania\/#breadcrumb"},"inLanguage":"es","potentialAction":[{"@type":"ReadAction","target":["https:\/\/agrupacionespsoe.es\/ponferrada\/el-grupo-municipal-pide-al-alcalde-que-invierta-menos-en-felicidad-y-mas-en-las-actuaciones-que-afectan-a-la-ciudadania\/"]}]},{"@type":"ImageObject","inLanguage":"es","@id":"https:\/\/agrupacionespsoe.es\/ponferrada\/el-grupo-municipal-pide-al-alcalde-que-invierta-menos-en-felicidad-y-mas-en-las-actuaciones-que-afectan-a-la-ciudadania\/#primaryimage","url":"https:\/\/agrupacionespsoe.es\/ponferrada\/wp-content\/uploads\/sites\/36\/2024\/09\/IMG_8857-1-scaled.jpg","contentUrl":"https:\/\/agrupacionespsoe.es\/ponferrada\/wp-content\/uploads\/sites\/36\/2024\/09\/IMG_8857-1-scaled.jpg","width":2034,"height":2560},{"@type":"BreadcrumbList","@id":"https:\/\/agrupacionespsoe.es\/ponferrada\/el-grupo-municipal-pide-al-alcalde-que-invierta-menos-en-felicidad-y-mas-en-las-actuaciones-que-afectan-a-la-ciudadania\/#breadcrumb","itemListElement":[{"@type":"ListItem","position":1,"name":"Portada","item":"https:\/\/agrupacionespsoe.es\/ponferrada\/"},{"@type":"ListItem","position":2,"name":"El Grupo Municipal pide al alcalde que invierta menos en felicidad y m\u00e1s en las actuaciones que afectan a la ciudadan\u00eda"}]},{"@type":"WebSite","@id":"https:\/\/agrupacionespsoe.es\/ponferrada\/#website","url":"https:\/\/agrupacionespsoe.es\/ponferrada\/","name":"Agrupaci\u00f3n Socialista de Ponferrada","description":"Agrupaci\u00f3n Socialista de Ponferrada","publisher":{"@id":"https:\/\/agrupacionespsoe.es\/ponferrada\/#organization"},"potentialAction":[{"@type":"SearchAction","target":{"@type":"EntryPoint","urlTemplate":"https:\/\/agrupacionespsoe.es\/ponferrada\/?s={search_term_string}"},"query-input":{"@type":"PropertyValueSpecification","valueRequired":true,"valueName":"search_term_string"}}],"inLanguage":"es"},{"@type":"Organization","@id":"https:\/\/agrupacionespsoe.es\/ponferrada\/#organization","name":"Agrupaci\u00f3n Socialista de Ponferrada","url":"https:\/\/agrupacionespsoe.es\/ponferrada\/","logo":{"@type":"ImageObject","inLanguage":"es","@id":"https:\/\/agrupacionespsoe.es\/ponferrada\/#\/schema\/logo\/image\/","url":"https:\/\/agrupacionespsoe.es\/wp-content\/uploads\/2022\/07\/Logotipo_electoral_del_PSOE.png","contentUrl":"https:\/\/agrupacionespsoe.es\/wp-content\/uploads\/2022\/07\/Logotipo_electoral_del_PSOE.png","width":422,"height":422,"caption":"Agrupaci\u00f3n Socialista de Ponferrada"},"image":{"@id":"https:\/\/agrupacionespsoe.es\/ponferrada\/#\/schema\/logo\/image\/"}},{"@type":"Person","@id":"https:\/\/agrupacionespsoe.es\/ponferrada\/#\/schema\/person\/cd29ee627f3b70c05d415f02596debaa","name":"ponferrada2","image":{"@type":"ImageObject","inLanguage":"es","@id":"https:\/\/agrupacionespsoe.es\/ponferrada\/#\/schema\/person\/image\/","url":"https:\/\/secure.gravatar.com\/avatar\/f499eeb60144c664cf7b7edf75549b50?s=96&d=mm&r=g","contentUrl":"https:\/\/secure.gravatar.com\/avatar\/f499eeb60144c664cf7b7edf75549b50?s=96&d=mm&r=g","caption":"ponferrada2"},"url":"https:\/\/agrupacionespsoe.es\/ponferrada\/author\/ponferrada2\/"}]}},"jetpack_featured_media_url":"https:\/\/agrupacionespsoe.es\/ponferrada\/wp-content\/uploads\/sites\/36\/2024\/09\/IMG_8857-1-scaled.jpg","jetpack_sharing_enabled":true,"_links":{"self":[{"href":"https:\/\/agrupacionespsoe.es\/ponferrada\/wp-json\/wp\/v2\/posts\/617","targetHints":{"allow":["GET"]}}],"collection":[{"href":"https:\/\/agrupacionespsoe.es\/ponferrada\/wp-json\/wp\/v2\/posts"}],"about":[{"href":"https:\/\/agrupacionespsoe.es\/ponferrada\/wp-json\/wp\/v2\/types\/post"}],"author":[{"embeddable":true,"href":"https:\/\/agrupacionespsoe.es\/ponferrada\/wp-json\/wp\/v2\/users\/32"}],"replies":[{"embeddable":true,"href":"https:\/\/agrupacionespsoe.es\/ponferrada\/wp-json\/wp\/v2\/comments?post=617"}],"version-history":[{"count":1,"href":"https:\/\/agrupacionespsoe.es\/ponferrada\/wp-json\/wp\/v2\/posts\/617\/revisions"}],"predecessor-version":[{"id":624,"href":"https:\/\/agrupacionespsoe.es\/ponferrada\/wp-json\/wp\/v2\/posts\/617\/revisions\/624"}],"wp:featuredmedia":[{"embeddable":true,"href":"https:\/\/agrupacionespsoe.es\/ponferrada\/wp-json\/wp\/v2\/media\/623"}],"wp:attachment":[{"href":"https:\/\/agrupacionespsoe.es\/ponferrada\/wp-json\/wp\/v2\/media?parent=617"}],"wp:term":[{"taxonomy":"category","embeddable":true,"href":"https:\/\/agrupacionespsoe.es\/ponferrada\/wp-json\/wp\/v2\/categories?post=617"},{"taxonomy":"post_tag","embeddable":true,"href":"https:\/\/agrupacionespsoe.es\/ponferrada\/wp-json\/wp\/v2\/tags?post=617"}],"curies":[{"name":"wp","href":"https:\/\/api.w.org\/{rel}","templated":true}]}}