{"id":613,"date":"2024-09-13T14:57:26","date_gmt":"2024-09-13T14:57:26","guid":{"rendered":"https:\/\/agrupacionespsoe.es\/ponferrada\/?p=613"},"modified":"2024-09-13T14:57:26","modified_gmt":"2024-09-13T14:57:26","slug":"el-psoe-se-hace-eco-del-deficiente-servicio-de-autobuses-que-sobre-todo-afecta-a-la-linea-2","status":"publish","type":"post","link":"https:\/\/agrupacionespsoe.es\/ponferrada\/el-psoe-se-hace-eco-del-deficiente-servicio-de-autobuses-que-sobre-todo-afecta-a-la-linea-2\/","title":{"rendered":"El PSOE se hace eco del deficiente servicio de autobuses que sobre todo afecta a la l\u00ednea 2"},"content":{"rendered":"\n<p class=\"has-large-font-size\"><strong>El actual equipo de gobierno o es irresponsable o c\u00f3mplice<\/strong><\/p>\n\n\n\n<p>El grupo socialista se hace eco de las m\u00faltiples quejas de la ciudadan\u00eda con respecto al funcionamiento del servicio de autobuses.<\/p>\n\n\n\n<p>El anterior responsable del PSOE en materia de transporte urbano, Jose Antonio Cart\u00f3n, concreta que la l\u00ednea 2 de autobuses, Toral de Merayo- Fuentesnuevas lleva d\u00edas acortando el recorrido m\u00e1s de 1,5 Km, dando la vuelta a la altura de la Avda. Portugal 90, en lugar de seguir recorrido hasta la Avda. de Portugal 302.<\/p>\n\n\n\n<p>Contin\u00faa se\u00f1alando que ya son numerosas las quejas de familias que utilizan de manera habitual el autob\u00fas y que ven como les deja tirados y tienen que seguir a pie su trayecto, en los \u00faltimos d\u00edas se han sucedido videos donde se ve claramente al autob\u00fas dando la vuelta. Estas quejas salen a colaci\u00f3n despu\u00e9s de que desde la concejal\u00eda de Medio Ambiente, que dirige el popular Carlos Fern\u00e1ndez sacaran ayer pecho por los grandes datos de usuarios del servicio municipal de transporte.<\/p>\n\n\n\n<p>Cart\u00f3n ha querido recordar que desde la adjudicaci\u00f3n directa del servicio por parte de este equipo de gobierno, el mismo servicio que se daba con anterioridad, nos est\u00e1 costando 90.000 euros m\u00e1s al mes.<\/p>\n\n\n\n<p>A\u00f1ade que se da adem\u00e1s la coincidencia que han aumentado las quejas de los usuarios en las l\u00edneas 5 y 7, que corresponden a las l\u00edneas La Placa-Fuentesnuevas y Fuentesnuevas-Puente Boeza, es curioso que las incidencias se produzcan en las l\u00edneas que afectan a la ciudadan\u00eda de Fuentesnuevas, desde el PSOE lo consideramos otra afrenta m\u00e1s.<\/p>\n\n\n\n<p>Por \u00faltimo, Cart\u00f3n pide explicaciones al actual equipo de gobierno e indica que \u201csi el equipo de gobierno desconoce esta situaci\u00f3n est\u00e1n siendo irresponsables y negligentes con su labor pol\u00edtica y si la conoce y no est\u00e1 exigiendo a la empresa que cumpla con el contrato est\u00e1n siendo c\u00f3mplices\u201d<\/p>\n\n\n\n<figure class=\"wp-block-gallery has-nested-images columns-default is-cropped wp-block-gallery-1 is-layout-flex wp-block-gallery-is-layout-flex\">\n<figure class=\"wp-block-image size-large\"><img loading=\"lazy\" decoding=\"async\" width=\"790\" height=\"1024\" data-id=\"614\" src=\"https:\/\/agrupacionespsoe.es\/ponferrada\/wp-content\/uploads\/sites\/36\/2024\/09\/WhatsApp-Image-2024-09-13-at-14.04.12-1-790x1024.jpeg\" alt=\"\" class=\"wp-image-614\" srcset=\"https:\/\/agrupacionespsoe.es\/ponferrada\/wp-content\/uploads\/sites\/36\/2024\/09\/WhatsApp-Image-2024-09-13-at-14.04.12-1-790x1024.jpeg 790w, https:\/\/agrupacionespsoe.es\/ponferrada\/wp-content\/uploads\/sites\/36\/2024\/09\/WhatsApp-Image-2024-09-13-at-14.04.12-1-231x300.jpeg 231w, https:\/\/agrupacionespsoe.es\/ponferrada\/wp-content\/uploads\/sites\/36\/2024\/09\/WhatsApp-Image-2024-09-13-at-14.04.12-1-768x996.jpeg 768w, https:\/\/agrupacionespsoe.es\/ponferrada\/wp-content\/uploads\/sites\/36\/2024\/09\/WhatsApp-Image-2024-09-13-at-14.04.12-1-1185x1536.jpeg 1185w, https:\/\/agrupacionespsoe.es\/ponferrada\/wp-content\/uploads\/sites\/36\/2024\/09\/WhatsApp-Image-2024-09-13-at-14.04.12-1.jpeg 1234w\" sizes=\"auto, (max-width: 790px) 100vw, 790px\" \/><\/figure>\n\n\n\n<figure class=\"wp-block-image size-large\"><img loading=\"lazy\" decoding=\"async\" width=\"794\" height=\"1024\" data-id=\"615\" src=\"https:\/\/agrupacionespsoe.es\/ponferrada\/wp-content\/uploads\/sites\/36\/2024\/09\/WhatsApp-Image-2024-09-13-at-14.04.12-794x1024.jpeg\" alt=\"\" class=\"wp-image-615\" srcset=\"https:\/\/agrupacionespsoe.es\/ponferrada\/wp-content\/uploads\/sites\/36\/2024\/09\/WhatsApp-Image-2024-09-13-at-14.04.12-794x1024.jpeg 794w, https:\/\/agrupacionespsoe.es\/ponferrada\/wp-content\/uploads\/sites\/36\/2024\/09\/WhatsApp-Image-2024-09-13-at-14.04.12-233x300.jpeg 233w, https:\/\/agrupacionespsoe.es\/ponferrada\/wp-content\/uploads\/sites\/36\/2024\/09\/WhatsApp-Image-2024-09-13-at-14.04.12-768x991.jpeg 768w, https:\/\/agrupacionespsoe.es\/ponferrada\/wp-content\/uploads\/sites\/36\/2024\/09\/WhatsApp-Image-2024-09-13-at-14.04.12-1190x1536.jpeg 1190w, https:\/\/agrupacionespsoe.es\/ponferrada\/wp-content\/uploads\/sites\/36\/2024\/09\/WhatsApp-Image-2024-09-13-at-14.04.12.jpeg 1240w\" sizes=\"auto, (max-width: 794px) 100vw, 794px\" \/><\/figure>\n<\/figure>\n","protected":false},"excerpt":{"rendered":"<p>El actual equipo de gobierno o es irresponsable o c\u00f3mplice El grupo socialista se hace eco de las m\u00faltiples quejas de la ciudadan\u00eda con respecto al funcionamiento del servicio de autobuses. El anterior responsable del PSOE en materia de transporte urbano, Jose Antonio Cart\u00f3n, concreta que la l\u00ednea 2 de autobuses, Toral de Merayo- Fuentesnuevas &#8230;<\/p>\n","protected":false},"author":32,"featured_media":614,"comment_status":"open","ping_status":"open","sticky":false,"template":"","format":"standard","meta":{"_jetpack_memberships_contains_paid_content":false,"footnotes":""},"categories":[6],"tags":[],"class_list":["post-613","post","type-post","status-publish","format-standard","has-post-thumbnail","hentry","category-actualidad"],"yoast_head":"<!-- This site is optimized with the Yoast SEO plugin v24.0 - https:\/\/yoast.com\/wordpress\/plugins\/seo\/ -->\n<title>El PSOE se hace eco del deficiente servicio de autobuses que sobre todo afecta a la l\u00ednea 2 - Agrupaci\u00f3n Socialista de Ponferrada<\/title>\n<meta name=\"robots\" content=\"index, follow, max-snippet:-1, max-image-preview:large, max-video-preview:-1\" \/>\n<link rel=\"canonical\" href=\"https:\/\/agrupacionespsoe.es\/ponferrada\/el-psoe-se-hace-eco-del-deficiente-servicio-de-autobuses-que-sobre-todo-afecta-a-la-linea-2\/\" \/>\n<meta property=\"og:locale\" content=\"es_ES\" \/>\n<meta property=\"og:type\" content=\"article\" \/>\n<meta property=\"og:title\" content=\"El PSOE se hace eco del deficiente servicio de autobuses que sobre todo afecta a la l\u00ednea 2 - Agrupaci\u00f3n Socialista de Ponferrada\" \/>\n<meta property=\"og:description\" content=\"El actual equipo de gobierno o es irresponsable o c\u00f3mplice El grupo socialista se hace eco de las m\u00faltiples quejas de la ciudadan\u00eda con respecto al funcionamiento del servicio de autobuses. El anterior responsable del PSOE en materia de transporte urbano, Jose Antonio Cart\u00f3n, concreta que la l\u00ednea 2 de autobuses, Toral de Merayo- Fuentesnuevas ...\" \/>\n<meta property=\"og:url\" content=\"https:\/\/agrupacionespsoe.es\/ponferrada\/el-psoe-se-hace-eco-del-deficiente-servicio-de-autobuses-que-sobre-todo-afecta-a-la-linea-2\/\" \/>\n<meta property=\"og:site_name\" content=\"Agrupaci\u00f3n Socialista de Ponferrada\" \/>\n<meta property=\"article:published_time\" content=\"2024-09-13T14:57:26+00:00\" \/>\n<meta property=\"og:image\" content=\"https:\/\/agrupacionespsoe.es\/ponferrada\/wp-content\/uploads\/sites\/36\/2024\/09\/WhatsApp-Image-2024-09-13-at-14.04.12-1.jpeg\" \/>\n\t<meta property=\"og:image:width\" content=\"1234\" \/>\n\t<meta property=\"og:image:height\" content=\"1600\" \/>\n\t<meta property=\"og:image:type\" content=\"image\/jpeg\" \/>\n<meta name=\"author\" content=\"ponferrada2\" \/>\n<meta name=\"twitter:card\" content=\"summary_large_image\" \/>\n<meta name=\"twitter:label1\" content=\"Escrito por\" \/>\n\t<meta name=\"twitter:data1\" content=\"ponferrada2\" \/>\n\t<meta name=\"twitter:label2\" content=\"Tiempo de lectura\" \/>\n\t<meta name=\"twitter:data2\" content=\"2 minutos\" \/>\n<script type=\"application\/ld+json\" class=\"yoast-schema-graph\">{\"@context\":\"https:\/\/schema.org\",\"@graph\":[{\"@type\":\"Article\",\"@id\":\"https:\/\/agrupacionespsoe.es\/ponferrada\/el-psoe-se-hace-eco-del-deficiente-servicio-de-autobuses-que-sobre-todo-afecta-a-la-linea-2\/#article\",\"isPartOf\":{\"@id\":\"https:\/\/agrupacionespsoe.es\/ponferrada\/el-psoe-se-hace-eco-del-deficiente-servicio-de-autobuses-que-sobre-todo-afecta-a-la-linea-2\/\"},\"author\":{\"name\":\"ponferrada2\",\"@id\":\"https:\/\/agrupacionespsoe.es\/ponferrada\/#\/schema\/person\/cd29ee627f3b70c05d415f02596debaa\"},\"headline\":\"El PSOE se hace eco del deficiente servicio de autobuses que sobre todo afecta a la l\u00ednea 2\",\"datePublished\":\"2024-09-13T14:57:26+00:00\",\"dateModified\":\"2024-09-13T14:57:26+00:00\",\"mainEntityOfPage\":{\"@id\":\"https:\/\/agrupacionespsoe.es\/ponferrada\/el-psoe-se-hace-eco-del-deficiente-servicio-de-autobuses-que-sobre-todo-afecta-a-la-linea-2\/\"},\"wordCount\":351,\"commentCount\":0,\"publisher\":{\"@id\":\"https:\/\/agrupacionespsoe.es\/ponferrada\/#organization\"},\"image\":{\"@id\":\"https:\/\/agrupacionespsoe.es\/ponferrada\/el-psoe-se-hace-eco-del-deficiente-servicio-de-autobuses-que-sobre-todo-afecta-a-la-linea-2\/#primaryimage\"},\"thumbnailUrl\":\"https:\/\/agrupacionespsoe.es\/ponferrada\/wp-content\/uploads\/sites\/36\/2024\/09\/WhatsApp-Image-2024-09-13-at-14.04.12-1.jpeg\",\"articleSection\":[\"ACTUALIDAD\"],\"inLanguage\":\"es\",\"potentialAction\":[{\"@type\":\"CommentAction\",\"name\":\"Comment\",\"target\":[\"https:\/\/agrupacionespsoe.es\/ponferrada\/el-psoe-se-hace-eco-del-deficiente-servicio-de-autobuses-que-sobre-todo-afecta-a-la-linea-2\/#respond\"]}]},{\"@type\":\"WebPage\",\"@id\":\"https:\/\/agrupacionespsoe.es\/ponferrada\/el-psoe-se-hace-eco-del-deficiente-servicio-de-autobuses-que-sobre-todo-afecta-a-la-linea-2\/\",\"url\":\"https:\/\/agrupacionespsoe.es\/ponferrada\/el-psoe-se-hace-eco-del-deficiente-servicio-de-autobuses-que-sobre-todo-afecta-a-la-linea-2\/\",\"name\":\"El PSOE se hace eco del deficiente servicio de autobuses que sobre todo afecta a la l\u00ednea 2 - Agrupaci\u00f3n Socialista de Ponferrada\",\"isPartOf\":{\"@id\":\"https:\/\/agrupacionespsoe.es\/ponferrada\/#website\"},\"primaryImageOfPage\":{\"@id\":\"https:\/\/agrupacionespsoe.es\/ponferrada\/el-psoe-se-hace-eco-del-deficiente-servicio-de-autobuses-que-sobre-todo-afecta-a-la-linea-2\/#primaryimage\"},\"image\":{\"@id\":\"https:\/\/agrupacionespsoe.es\/ponferrada\/el-psoe-se-hace-eco-del-deficiente-servicio-de-autobuses-que-sobre-todo-afecta-a-la-linea-2\/#primaryimage\"},\"thumbnailUrl\":\"https:\/\/agrupacionespsoe.es\/ponferrada\/wp-content\/uploads\/sites\/36\/2024\/09\/WhatsApp-Image-2024-09-13-at-14.04.12-1.jpeg\",\"datePublished\":\"2024-09-13T14:57:26+00:00\",\"dateModified\":\"2024-09-13T14:57:26+00:00\",\"breadcrumb\":{\"@id\":\"https:\/\/agrupacionespsoe.es\/ponferrada\/el-psoe-se-hace-eco-del-deficiente-servicio-de-autobuses-que-sobre-todo-afecta-a-la-linea-2\/#breadcrumb\"},\"inLanguage\":\"es\",\"potentialAction\":[{\"@type\":\"ReadAction\",\"target\":[\"https:\/\/agrupacionespsoe.es\/ponferrada\/el-psoe-se-hace-eco-del-deficiente-servicio-de-autobuses-que-sobre-todo-afecta-a-la-linea-2\/\"]}]},{\"@type\":\"ImageObject\",\"inLanguage\":\"es\",\"@id\":\"https:\/\/agrupacionespsoe.es\/ponferrada\/el-psoe-se-hace-eco-del-deficiente-servicio-de-autobuses-que-sobre-todo-afecta-a-la-linea-2\/#primaryimage\",\"url\":\"https:\/\/agrupacionespsoe.es\/ponferrada\/wp-content\/uploads\/sites\/36\/2024\/09\/WhatsApp-Image-2024-09-13-at-14.04.12-1.jpeg\",\"contentUrl\":\"https:\/\/agrupacionespsoe.es\/ponferrada\/wp-content\/uploads\/sites\/36\/2024\/09\/WhatsApp-Image-2024-09-13-at-14.04.12-1.jpeg\",\"width\":1234,\"height\":1600},{\"@type\":\"BreadcrumbList\",\"@id\":\"https:\/\/agrupacionespsoe.es\/ponferrada\/el-psoe-se-hace-eco-del-deficiente-servicio-de-autobuses-que-sobre-todo-afecta-a-la-linea-2\/#breadcrumb\",\"itemListElement\":[{\"@type\":\"ListItem\",\"position\":1,\"name\":\"Portada\",\"item\":\"https:\/\/agrupacionespsoe.es\/ponferrada\/\"},{\"@type\":\"ListItem\",\"position\":2,\"name\":\"El PSOE se hace eco del deficiente servicio de autobuses que sobre todo afecta a la l\u00ednea 2\"}]},{\"@type\":\"WebSite\",\"@id\":\"https:\/\/agrupacionespsoe.es\/ponferrada\/#website\",\"url\":\"https:\/\/agrupacionespsoe.es\/ponferrada\/\",\"name\":\"Agrupaci\u00f3n Socialista de Ponferrada\",\"description\":\"Agrupaci\u00f3n Socialista de Ponferrada\",\"publisher\":{\"@id\":\"https:\/\/agrupacionespsoe.es\/ponferrada\/#organization\"},\"potentialAction\":[{\"@type\":\"SearchAction\",\"target\":{\"@type\":\"EntryPoint\",\"urlTemplate\":\"https:\/\/agrupacionespsoe.es\/ponferrada\/?s={search_term_string}\"},\"query-input\":{\"@type\":\"PropertyValueSpecification\",\"valueRequired\":true,\"valueName\":\"search_term_string\"}}],\"inLanguage\":\"es\"},{\"@type\":\"Organization\",\"@id\":\"https:\/\/agrupacionespsoe.es\/ponferrada\/#organization\",\"name\":\"Agrupaci\u00f3n Socialista de Ponferrada\",\"url\":\"https:\/\/agrupacionespsoe.es\/ponferrada\/\",\"logo\":{\"@type\":\"ImageObject\",\"inLanguage\":\"es\",\"@id\":\"https:\/\/agrupacionespsoe.es\/ponferrada\/#\/schema\/logo\/image\/\",\"url\":\"https:\/\/agrupacionespsoe.es\/wp-content\/uploads\/2022\/07\/Logotipo_electoral_del_PSOE.png\",\"contentUrl\":\"https:\/\/agrupacionespsoe.es\/wp-content\/uploads\/2022\/07\/Logotipo_electoral_del_PSOE.png\",\"width\":422,\"height\":422,\"caption\":\"Agrupaci\u00f3n Socialista de Ponferrada\"},\"image\":{\"@id\":\"https:\/\/agrupacionespsoe.es\/ponferrada\/#\/schema\/logo\/image\/\"}},{\"@type\":\"Person\",\"@id\":\"https:\/\/agrupacionespsoe.es\/ponferrada\/#\/schema\/person\/cd29ee627f3b70c05d415f02596debaa\",\"name\":\"ponferrada2\",\"image\":{\"@type\":\"ImageObject\",\"inLanguage\":\"es\",\"@id\":\"https:\/\/agrupacionespsoe.es\/ponferrada\/#\/schema\/person\/image\/\",\"url\":\"https:\/\/secure.gravatar.com\/avatar\/f499eeb60144c664cf7b7edf75549b50?s=96&d=mm&r=g\",\"contentUrl\":\"https:\/\/secure.gravatar.com\/avatar\/f499eeb60144c664cf7b7edf75549b50?s=96&d=mm&r=g\",\"caption\":\"ponferrada2\"},\"url\":\"https:\/\/agrupacionespsoe.es\/ponferrada\/author\/ponferrada2\/\"}]}<\/script>\n<!-- \/ Yoast SEO plugin. -->","yoast_head_json":{"title":"El PSOE se hace eco del deficiente servicio de autobuses que sobre todo afecta a la l\u00ednea 2 - Agrupaci\u00f3n Socialista de Ponferrada","robots":{"index":"index","follow":"follow","max-snippet":"max-snippet:-1","max-image-preview":"max-image-preview:large","max-video-preview":"max-video-preview:-1"},"canonical":"https:\/\/agrupacionespsoe.es\/ponferrada\/el-psoe-se-hace-eco-del-deficiente-servicio-de-autobuses-que-sobre-todo-afecta-a-la-linea-2\/","og_locale":"es_ES","og_type":"article","og_title":"El PSOE se hace eco del deficiente servicio de autobuses que sobre todo afecta a la l\u00ednea 2 - Agrupaci\u00f3n Socialista de Ponferrada","og_description":"El actual equipo de gobierno o es irresponsable o c\u00f3mplice El grupo socialista se hace eco de las m\u00faltiples quejas de la ciudadan\u00eda con respecto al funcionamiento del servicio de autobuses. El anterior responsable del PSOE en materia de transporte urbano, Jose Antonio Cart\u00f3n, concreta que la l\u00ednea 2 de autobuses, Toral de Merayo- Fuentesnuevas ...","og_url":"https:\/\/agrupacionespsoe.es\/ponferrada\/el-psoe-se-hace-eco-del-deficiente-servicio-de-autobuses-que-sobre-todo-afecta-a-la-linea-2\/","og_site_name":"Agrupaci\u00f3n Socialista de Ponferrada","article_published_time":"2024-09-13T14:57:26+00:00","og_image":[{"width":1234,"height":1600,"url":"https:\/\/agrupacionespsoe.es\/ponferrada\/wp-content\/uploads\/sites\/36\/2024\/09\/WhatsApp-Image-2024-09-13-at-14.04.12-1.jpeg","type":"image\/jpeg"}],"author":"ponferrada2","twitter_card":"summary_large_image","twitter_misc":{"Escrito por":"ponferrada2","Tiempo de lectura":"2 minutos"},"schema":{"@context":"https:\/\/schema.org","@graph":[{"@type":"Article","@id":"https:\/\/agrupacionespsoe.es\/ponferrada\/el-psoe-se-hace-eco-del-deficiente-servicio-de-autobuses-que-sobre-todo-afecta-a-la-linea-2\/#article","isPartOf":{"@id":"https:\/\/agrupacionespsoe.es\/ponferrada\/el-psoe-se-hace-eco-del-deficiente-servicio-de-autobuses-que-sobre-todo-afecta-a-la-linea-2\/"},"author":{"name":"ponferrada2","@id":"https:\/\/agrupacionespsoe.es\/ponferrada\/#\/schema\/person\/cd29ee627f3b70c05d415f02596debaa"},"headline":"El PSOE se hace eco del deficiente servicio de autobuses que sobre todo afecta a la l\u00ednea 2","datePublished":"2024-09-13T14:57:26+00:00","dateModified":"2024-09-13T14:57:26+00:00","mainEntityOfPage":{"@id":"https:\/\/agrupacionespsoe.es\/ponferrada\/el-psoe-se-hace-eco-del-deficiente-servicio-de-autobuses-que-sobre-todo-afecta-a-la-linea-2\/"},"wordCount":351,"commentCount":0,"publisher":{"@id":"https:\/\/agrupacionespsoe.es\/ponferrada\/#organization"},"image":{"@id":"https:\/\/agrupacionespsoe.es\/ponferrada\/el-psoe-se-hace-eco-del-deficiente-servicio-de-autobuses-que-sobre-todo-afecta-a-la-linea-2\/#primaryimage"},"thumbnailUrl":"https:\/\/agrupacionespsoe.es\/ponferrada\/wp-content\/uploads\/sites\/36\/2024\/09\/WhatsApp-Image-2024-09-13-at-14.04.12-1.jpeg","articleSection":["ACTUALIDAD"],"inLanguage":"es","potentialAction":[{"@type":"CommentAction","name":"Comment","target":["https:\/\/agrupacionespsoe.es\/ponferrada\/el-psoe-se-hace-eco-del-deficiente-servicio-de-autobuses-que-sobre-todo-afecta-a-la-linea-2\/#respond"]}]},{"@type":"WebPage","@id":"https:\/\/agrupacionespsoe.es\/ponferrada\/el-psoe-se-hace-eco-del-deficiente-servicio-de-autobuses-que-sobre-todo-afecta-a-la-linea-2\/","url":"https:\/\/agrupacionespsoe.es\/ponferrada\/el-psoe-se-hace-eco-del-deficiente-servicio-de-autobuses-que-sobre-todo-afecta-a-la-linea-2\/","name":"El PSOE se hace eco del deficiente servicio de autobuses que sobre todo afecta a la l\u00ednea 2 - Agrupaci\u00f3n Socialista de Ponferrada","isPartOf":{"@id":"https:\/\/agrupacionespsoe.es\/ponferrada\/#website"},"primaryImageOfPage":{"@id":"https:\/\/agrupacionespsoe.es\/ponferrada\/el-psoe-se-hace-eco-del-deficiente-servicio-de-autobuses-que-sobre-todo-afecta-a-la-linea-2\/#primaryimage"},"image":{"@id":"https:\/\/agrupacionespsoe.es\/ponferrada\/el-psoe-se-hace-eco-del-deficiente-servicio-de-autobuses-que-sobre-todo-afecta-a-la-linea-2\/#primaryimage"},"thumbnailUrl":"https:\/\/agrupacionespsoe.es\/ponferrada\/wp-content\/uploads\/sites\/36\/2024\/09\/WhatsApp-Image-2024-09-13-at-14.04.12-1.jpeg","datePublished":"2024-09-13T14:57:26+00:00","dateModified":"2024-09-13T14:57:26+00:00","breadcrumb":{"@id":"https:\/\/agrupacionespsoe.es\/ponferrada\/el-psoe-se-hace-eco-del-deficiente-servicio-de-autobuses-que-sobre-todo-afecta-a-la-linea-2\/#breadcrumb"},"inLanguage":"es","potentialAction":[{"@type":"ReadAction","target":["https:\/\/agrupacionespsoe.es\/ponferrada\/el-psoe-se-hace-eco-del-deficiente-servicio-de-autobuses-que-sobre-todo-afecta-a-la-linea-2\/"]}]},{"@type":"ImageObject","inLanguage":"es","@id":"https:\/\/agrupacionespsoe.es\/ponferrada\/el-psoe-se-hace-eco-del-deficiente-servicio-de-autobuses-que-sobre-todo-afecta-a-la-linea-2\/#primaryimage","url":"https:\/\/agrupacionespsoe.es\/ponferrada\/wp-content\/uploads\/sites\/36\/2024\/09\/WhatsApp-Image-2024-09-13-at-14.04.12-1.jpeg","contentUrl":"https:\/\/agrupacionespsoe.es\/ponferrada\/wp-content\/uploads\/sites\/36\/2024\/09\/WhatsApp-Image-2024-09-13-at-14.04.12-1.jpeg","width":1234,"height":1600},{"@type":"BreadcrumbList","@id":"https:\/\/agrupacionespsoe.es\/ponferrada\/el-psoe-se-hace-eco-del-deficiente-servicio-de-autobuses-que-sobre-todo-afecta-a-la-linea-2\/#breadcrumb","itemListElement":[{"@type":"ListItem","position":1,"name":"Portada","item":"https:\/\/agrupacionespsoe.es\/ponferrada\/"},{"@type":"ListItem","position":2,"name":"El PSOE se hace eco del deficiente servicio de autobuses que sobre todo afecta a la l\u00ednea 2"}]},{"@type":"WebSite","@id":"https:\/\/agrupacionespsoe.es\/ponferrada\/#website","url":"https:\/\/agrupacionespsoe.es\/ponferrada\/","name":"Agrupaci\u00f3n Socialista de Ponferrada","description":"Agrupaci\u00f3n Socialista de Ponferrada","publisher":{"@id":"https:\/\/agrupacionespsoe.es\/ponferrada\/#organization"},"potentialAction":[{"@type":"SearchAction","target":{"@type":"EntryPoint","urlTemplate":"https:\/\/agrupacionespsoe.es\/ponferrada\/?s={search_term_string}"},"query-input":{"@type":"PropertyValueSpecification","valueRequired":true,"valueName":"search_term_string"}}],"inLanguage":"es"},{"@type":"Organization","@id":"https:\/\/agrupacionespsoe.es\/ponferrada\/#organization","name":"Agrupaci\u00f3n Socialista de Ponferrada","url":"https:\/\/agrupacionespsoe.es\/ponferrada\/","logo":{"@type":"ImageObject","inLanguage":"es","@id":"https:\/\/agrupacionespsoe.es\/ponferrada\/#\/schema\/logo\/image\/","url":"https:\/\/agrupacionespsoe.es\/wp-content\/uploads\/2022\/07\/Logotipo_electoral_del_PSOE.png","contentUrl":"https:\/\/agrupacionespsoe.es\/wp-content\/uploads\/2022\/07\/Logotipo_electoral_del_PSOE.png","width":422,"height":422,"caption":"Agrupaci\u00f3n Socialista de Ponferrada"},"image":{"@id":"https:\/\/agrupacionespsoe.es\/ponferrada\/#\/schema\/logo\/image\/"}},{"@type":"Person","@id":"https:\/\/agrupacionespsoe.es\/ponferrada\/#\/schema\/person\/cd29ee627f3b70c05d415f02596debaa","name":"ponferrada2","image":{"@type":"ImageObject","inLanguage":"es","@id":"https:\/\/agrupacionespsoe.es\/ponferrada\/#\/schema\/person\/image\/","url":"https:\/\/secure.gravatar.com\/avatar\/f499eeb60144c664cf7b7edf75549b50?s=96&d=mm&r=g","contentUrl":"https:\/\/secure.gravatar.com\/avatar\/f499eeb60144c664cf7b7edf75549b50?s=96&d=mm&r=g","caption":"ponferrada2"},"url":"https:\/\/agrupacionespsoe.es\/ponferrada\/author\/ponferrada2\/"}]}},"jetpack_featured_media_url":"https:\/\/agrupacionespsoe.es\/ponferrada\/wp-content\/uploads\/sites\/36\/2024\/09\/WhatsApp-Image-2024-09-13-at-14.04.12-1.jpeg","jetpack_sharing_enabled":true,"_links":{"self":[{"href":"https:\/\/agrupacionespsoe.es\/ponferrada\/wp-json\/wp\/v2\/posts\/613","targetHints":{"allow":["GET"]}}],"collection":[{"href":"https:\/\/agrupacionespsoe.es\/ponferrada\/wp-json\/wp\/v2\/posts"}],"about":[{"href":"https:\/\/agrupacionespsoe.es\/ponferrada\/wp-json\/wp\/v2\/types\/post"}],"author":[{"embeddable":true,"href":"https:\/\/agrupacionespsoe.es\/ponferrada\/wp-json\/wp\/v2\/users\/32"}],"replies":[{"embeddable":true,"href":"https:\/\/agrupacionespsoe.es\/ponferrada\/wp-json\/wp\/v2\/comments?post=613"}],"version-history":[{"count":1,"href":"https:\/\/agrupacionespsoe.es\/ponferrada\/wp-json\/wp\/v2\/posts\/613\/revisions"}],"predecessor-version":[{"id":616,"href":"https:\/\/agrupacionespsoe.es\/ponferrada\/wp-json\/wp\/v2\/posts\/613\/revisions\/616"}],"wp:featuredmedia":[{"embeddable":true,"href":"https:\/\/agrupacionespsoe.es\/ponferrada\/wp-json\/wp\/v2\/media\/614"}],"wp:attachment":[{"href":"https:\/\/agrupacionespsoe.es\/ponferrada\/wp-json\/wp\/v2\/media?parent=613"}],"wp:term":[{"taxonomy":"category","embeddable":true,"href":"https:\/\/agrupacionespsoe.es\/ponferrada\/wp-json\/wp\/v2\/categories?post=613"},{"taxonomy":"post_tag","embeddable":true,"href":"https:\/\/agrupacionespsoe.es\/ponferrada\/wp-json\/wp\/v2\/tags?post=613"}],"curies":[{"name":"wp","href":"https:\/\/api.w.org\/{rel}","templated":true}]}}