{"id":608,"date":"2024-09-12T08:22:20","date_gmt":"2024-09-12T08:22:20","guid":{"rendered":"https:\/\/agrupacionespsoe.es\/ponferrada\/?p=608"},"modified":"2024-09-12T08:22:21","modified_gmt":"2024-09-12T08:22:21","slug":"el-grupo-municipal-socialista-ha-presentado-una-mocion-para-su-debate-en-pleno-que-solicita-a-la-junta-de-castilla-y-leon-que-de-marcha-atras-en-su-decision-de-permitir-el-uso-de-la-uva-godello-en-l","status":"publish","type":"post","link":"https:\/\/agrupacionespsoe.es\/ponferrada\/el-grupo-municipal-socialista-ha-presentado-una-mocion-para-su-debate-en-pleno-que-solicita-a-la-junta-de-castilla-y-leon-que-de-marcha-atras-en-su-decision-de-permitir-el-uso-de-la-uva-godello-en-l\/","title":{"rendered":"El Grupo Municipal Socialista ha presentado una moci\u00f3n, para su debate en Pleno, que solicita a la Junta de Castilla y Le\u00f3n que d\u00e9 marcha atr\u00e1s en su decisi\u00f3n de permitir el uso de la uva godello en la DO Rueda"},"content":{"rendered":"\n<p>El grupo municipal socialista ha registrado esta ma\u00f1ana una moci\u00f3n para su debate en el Pleno Ordinario del Ayuntamiento del mes de septiembre que solicita a la Junta de Castilla y Le\u00f3n que d\u00e9 marcha atr\u00e1s en su decisi\u00f3n de permitir el uso de la uva godello en la DO Rueda.<\/p>\n\n\n\n<p>Se trata de una moci\u00f3n sin carga partidistas con el objetivo de que pueda aprobarse por unanimidad. Es un paso m\u00e1s que pretende unirse a las m\u00faltiples voces de rechazo que han surgido, desde la publicaci\u00f3n en el BOCyL de la decisi\u00f3n y trata que la instituci\u00f3n se pronuncie para apoyar las reivindicaciones del sector.<\/p>\n\n\n\n<p>Es evidente que la decisi\u00f3n de la Junta de Castilla y Le\u00f3n perjudica de manera grave e inmerecida a los productores de la DO Bierzo, permitiendo que de su escrupuloso trabajo se beneficien ahora otras Denominaciones que carecen de vinculaci\u00f3n con la uva godello, y que no han participado en ese proceso de valorizaci\u00f3n de los vinos godello.<\/p>\n\n\n\n<p>La moci\u00f3n pide a la Consejera de Agricultura, Ganader\u00eda y Desarrollo Rural que estime el recurso de alzada, que se la denominaci\u00f3n de Origen Bierzo ha anunciado que presentar\u00e1, para dejar sin efecto la autorizaci\u00f3n concedida.<\/p>\n\n\n\n<figure class=\"wp-block-image size-large\"><img loading=\"lazy\" decoding=\"async\" width=\"909\" height=\"1024\" src=\"https:\/\/agrupacionespsoe.es\/ponferrada\/wp-content\/uploads\/sites\/36\/2024\/09\/WhatsApp-Image-2024-09-12-at-10.21.44-909x1024.jpeg\" alt=\"\" class=\"wp-image-610\" srcset=\"https:\/\/agrupacionespsoe.es\/ponferrada\/wp-content\/uploads\/sites\/36\/2024\/09\/WhatsApp-Image-2024-09-12-at-10.21.44-909x1024.jpeg 909w, https:\/\/agrupacionespsoe.es\/ponferrada\/wp-content\/uploads\/sites\/36\/2024\/09\/WhatsApp-Image-2024-09-12-at-10.21.44-266x300.jpeg 266w, https:\/\/agrupacionespsoe.es\/ponferrada\/wp-content\/uploads\/sites\/36\/2024\/09\/WhatsApp-Image-2024-09-12-at-10.21.44-768x865.jpeg 768w, https:\/\/agrupacionespsoe.es\/ponferrada\/wp-content\/uploads\/sites\/36\/2024\/09\/WhatsApp-Image-2024-09-12-at-10.21.44-1363x1536.jpeg 1363w, https:\/\/agrupacionespsoe.es\/ponferrada\/wp-content\/uploads\/sites\/36\/2024\/09\/WhatsApp-Image-2024-09-12-at-10.21.44.jpeg 1420w\" sizes=\"auto, (max-width: 909px) 100vw, 909px\" \/><\/figure>\n\n\n\n<div data-wp-interactive=\"core\/file\" class=\"wp-block-file\"><object data-wp-bind--hidden=\"!state.hasPdfPreview\" hidden class=\"wp-block-file__embed\" data=\"https:\/\/agrupacionespsoe.es\/ponferrada\/wp-content\/uploads\/sites\/36\/2024\/09\/MOCION-UVA-GODELLO.pdf\" type=\"application\/pdf\" style=\"width:100%;height:600px\" aria-label=\"Incrustado de MOCION-UVA-GODELLO.\"><\/object><a id=\"wp-block-file--media-3b66795e-2d7b-4ee7-abea-94a7b6cb67ca\" href=\"https:\/\/agrupacionespsoe.es\/ponferrada\/wp-content\/uploads\/sites\/36\/2024\/09\/MOCION-UVA-GODELLO.pdf\">MOCION-UVA-GODELLO<\/a><a href=\"https:\/\/agrupacionespsoe.es\/ponferrada\/wp-content\/uploads\/sites\/36\/2024\/09\/MOCION-UVA-GODELLO.pdf\" class=\"wp-block-file__button wp-element-button\" download aria-describedby=\"wp-block-file--media-3b66795e-2d7b-4ee7-abea-94a7b6cb67ca\">Descarga<\/a><\/div>\n","protected":false},"excerpt":{"rendered":"<p>El grupo municipal socialista ha registrado esta ma\u00f1ana una moci\u00f3n para su debate en el Pleno Ordinario del Ayuntamiento del mes de septiembre que solicita a la Junta de Castilla y Le\u00f3n que d\u00e9 marcha atr\u00e1s en su decisi\u00f3n de permitir el uso de la uva godello en la DO Rueda. Se trata de una &#8230;<\/p>\n","protected":false},"author":32,"featured_media":610,"comment_status":"open","ping_status":"open","sticky":false,"template":"","format":"standard","meta":{"_jetpack_memberships_contains_paid_content":false,"footnotes":""},"categories":[6],"tags":[],"class_list":["post-608","post","type-post","status-publish","format-standard","has-post-thumbnail","hentry","category-actualidad"],"yoast_head":"<!-- This site is optimized with the Yoast SEO plugin v24.0 - https:\/\/yoast.com\/wordpress\/plugins\/seo\/ -->\n<title>El Grupo Municipal Socialista ha presentado una moci\u00f3n, para su debate en Pleno, que solicita a la Junta de Castilla y Le\u00f3n que d\u00e9 marcha atr\u00e1s en su decisi\u00f3n de permitir el uso de la uva godello en la DO Rueda - Agrupaci\u00f3n Socialista de Ponferrada<\/title>\n<meta name=\"robots\" content=\"index, follow, max-snippet:-1, max-image-preview:large, max-video-preview:-1\" \/>\n<link rel=\"canonical\" href=\"https:\/\/agrupacionespsoe.es\/ponferrada\/el-grupo-municipal-socialista-ha-presentado-una-mocion-para-su-debate-en-pleno-que-solicita-a-la-junta-de-castilla-y-leon-que-de-marcha-atras-en-su-decision-de-permitir-el-uso-de-la-uva-godello-en-l\/\" \/>\n<meta property=\"og:locale\" content=\"es_ES\" \/>\n<meta property=\"og:type\" content=\"article\" \/>\n<meta property=\"og:title\" content=\"El Grupo Municipal Socialista ha presentado una moci\u00f3n, para su debate en Pleno, que solicita a la Junta de Castilla y Le\u00f3n que d\u00e9 marcha atr\u00e1s en su decisi\u00f3n de permitir el uso de la uva godello en la DO Rueda - Agrupaci\u00f3n Socialista de Ponferrada\" \/>\n<meta property=\"og:description\" content=\"El grupo municipal socialista ha registrado esta ma\u00f1ana una moci\u00f3n para su debate en el Pleno Ordinario del Ayuntamiento del mes de septiembre que solicita a la Junta de Castilla y Le\u00f3n que d\u00e9 marcha atr\u00e1s en su decisi\u00f3n de permitir el uso de la uva godello en la DO Rueda. Se trata de una ...\" \/>\n<meta property=\"og:url\" content=\"https:\/\/agrupacionespsoe.es\/ponferrada\/el-grupo-municipal-socialista-ha-presentado-una-mocion-para-su-debate-en-pleno-que-solicita-a-la-junta-de-castilla-y-leon-que-de-marcha-atras-en-su-decision-de-permitir-el-uso-de-la-uva-godello-en-l\/\" \/>\n<meta property=\"og:site_name\" content=\"Agrupaci\u00f3n Socialista de Ponferrada\" \/>\n<meta property=\"article:published_time\" content=\"2024-09-12T08:22:20+00:00\" \/>\n<meta property=\"article:modified_time\" content=\"2024-09-12T08:22:21+00:00\" \/>\n<meta property=\"og:image\" content=\"https:\/\/agrupacionespsoe.es\/ponferrada\/wp-content\/uploads\/sites\/36\/2024\/09\/WhatsApp-Image-2024-09-12-at-10.21.44.jpeg\" \/>\n\t<meta property=\"og:image:width\" content=\"1420\" \/>\n\t<meta property=\"og:image:height\" content=\"1600\" \/>\n\t<meta property=\"og:image:type\" content=\"image\/jpeg\" \/>\n<meta name=\"author\" content=\"ponferrada2\" \/>\n<meta name=\"twitter:card\" content=\"summary_large_image\" \/>\n<meta name=\"twitter:label1\" content=\"Escrito por\" \/>\n\t<meta name=\"twitter:data1\" content=\"ponferrada2\" \/>\n\t<meta name=\"twitter:label2\" content=\"Tiempo de lectura\" \/>\n\t<meta name=\"twitter:data2\" content=\"2 minutos\" \/>\n<script type=\"application\/ld+json\" class=\"yoast-schema-graph\">{\"@context\":\"https:\/\/schema.org\",\"@graph\":[{\"@type\":\"Article\",\"@id\":\"https:\/\/agrupacionespsoe.es\/ponferrada\/el-grupo-municipal-socialista-ha-presentado-una-mocion-para-su-debate-en-pleno-que-solicita-a-la-junta-de-castilla-y-leon-que-de-marcha-atras-en-su-decision-de-permitir-el-uso-de-la-uva-godello-en-l\/#article\",\"isPartOf\":{\"@id\":\"https:\/\/agrupacionespsoe.es\/ponferrada\/el-grupo-municipal-socialista-ha-presentado-una-mocion-para-su-debate-en-pleno-que-solicita-a-la-junta-de-castilla-y-leon-que-de-marcha-atras-en-su-decision-de-permitir-el-uso-de-la-uva-godello-en-l\/\"},\"author\":{\"name\":\"ponferrada2\",\"@id\":\"https:\/\/agrupacionespsoe.es\/ponferrada\/#\/schema\/person\/cd29ee627f3b70c05d415f02596debaa\"},\"headline\":\"El Grupo Municipal Socialista ha presentado una moci\u00f3n, para su debate en Pleno, que solicita a la Junta de Castilla y Le\u00f3n que d\u00e9 marcha atr\u00e1s en su decisi\u00f3n de permitir el uso de la uva godello en la DO Rueda\",\"datePublished\":\"2024-09-12T08:22:20+00:00\",\"dateModified\":\"2024-09-12T08:22:21+00:00\",\"mainEntityOfPage\":{\"@id\":\"https:\/\/agrupacionespsoe.es\/ponferrada\/el-grupo-municipal-socialista-ha-presentado-una-mocion-para-su-debate-en-pleno-que-solicita-a-la-junta-de-castilla-y-leon-que-de-marcha-atras-en-su-decision-de-permitir-el-uso-de-la-uva-godello-en-l\/\"},\"wordCount\":266,\"commentCount\":0,\"publisher\":{\"@id\":\"https:\/\/agrupacionespsoe.es\/ponferrada\/#organization\"},\"image\":{\"@id\":\"https:\/\/agrupacionespsoe.es\/ponferrada\/el-grupo-municipal-socialista-ha-presentado-una-mocion-para-su-debate-en-pleno-que-solicita-a-la-junta-de-castilla-y-leon-que-de-marcha-atras-en-su-decision-de-permitir-el-uso-de-la-uva-godello-en-l\/#primaryimage\"},\"thumbnailUrl\":\"https:\/\/agrupacionespsoe.es\/ponferrada\/wp-content\/uploads\/sites\/36\/2024\/09\/WhatsApp-Image-2024-09-12-at-10.21.44.jpeg\",\"articleSection\":[\"ACTUALIDAD\"],\"inLanguage\":\"es\",\"potentialAction\":[{\"@type\":\"CommentAction\",\"name\":\"Comment\",\"target\":[\"https:\/\/agrupacionespsoe.es\/ponferrada\/el-grupo-municipal-socialista-ha-presentado-una-mocion-para-su-debate-en-pleno-que-solicita-a-la-junta-de-castilla-y-leon-que-de-marcha-atras-en-su-decision-de-permitir-el-uso-de-la-uva-godello-en-l\/#respond\"]}]},{\"@type\":\"WebPage\",\"@id\":\"https:\/\/agrupacionespsoe.es\/ponferrada\/el-grupo-municipal-socialista-ha-presentado-una-mocion-para-su-debate-en-pleno-que-solicita-a-la-junta-de-castilla-y-leon-que-de-marcha-atras-en-su-decision-de-permitir-el-uso-de-la-uva-godello-en-l\/\",\"url\":\"https:\/\/agrupacionespsoe.es\/ponferrada\/el-grupo-municipal-socialista-ha-presentado-una-mocion-para-su-debate-en-pleno-que-solicita-a-la-junta-de-castilla-y-leon-que-de-marcha-atras-en-su-decision-de-permitir-el-uso-de-la-uva-godello-en-l\/\",\"name\":\"El Grupo Municipal Socialista ha presentado una moci\u00f3n, para su debate en Pleno, que solicita a la Junta de Castilla y Le\u00f3n que d\u00e9 marcha atr\u00e1s en su decisi\u00f3n de permitir el uso de la uva godello en la DO Rueda - Agrupaci\u00f3n Socialista de Ponferrada\",\"isPartOf\":{\"@id\":\"https:\/\/agrupacionespsoe.es\/ponferrada\/#website\"},\"primaryImageOfPage\":{\"@id\":\"https:\/\/agrupacionespsoe.es\/ponferrada\/el-grupo-municipal-socialista-ha-presentado-una-mocion-para-su-debate-en-pleno-que-solicita-a-la-junta-de-castilla-y-leon-que-de-marcha-atras-en-su-decision-de-permitir-el-uso-de-la-uva-godello-en-l\/#primaryimage\"},\"image\":{\"@id\":\"https:\/\/agrupacionespsoe.es\/ponferrada\/el-grupo-municipal-socialista-ha-presentado-una-mocion-para-su-debate-en-pleno-que-solicita-a-la-junta-de-castilla-y-leon-que-de-marcha-atras-en-su-decision-de-permitir-el-uso-de-la-uva-godello-en-l\/#primaryimage\"},\"thumbnailUrl\":\"https:\/\/agrupacionespsoe.es\/ponferrada\/wp-content\/uploads\/sites\/36\/2024\/09\/WhatsApp-Image-2024-09-12-at-10.21.44.jpeg\",\"datePublished\":\"2024-09-12T08:22:20+00:00\",\"dateModified\":\"2024-09-12T08:22:21+00:00\",\"breadcrumb\":{\"@id\":\"https:\/\/agrupacionespsoe.es\/ponferrada\/el-grupo-municipal-socialista-ha-presentado-una-mocion-para-su-debate-en-pleno-que-solicita-a-la-junta-de-castilla-y-leon-que-de-marcha-atras-en-su-decision-de-permitir-el-uso-de-la-uva-godello-en-l\/#breadcrumb\"},\"inLanguage\":\"es\",\"potentialAction\":[{\"@type\":\"ReadAction\",\"target\":[\"https:\/\/agrupacionespsoe.es\/ponferrada\/el-grupo-municipal-socialista-ha-presentado-una-mocion-para-su-debate-en-pleno-que-solicita-a-la-junta-de-castilla-y-leon-que-de-marcha-atras-en-su-decision-de-permitir-el-uso-de-la-uva-godello-en-l\/\"]}]},{\"@type\":\"ImageObject\",\"inLanguage\":\"es\",\"@id\":\"https:\/\/agrupacionespsoe.es\/ponferrada\/el-grupo-municipal-socialista-ha-presentado-una-mocion-para-su-debate-en-pleno-que-solicita-a-la-junta-de-castilla-y-leon-que-de-marcha-atras-en-su-decision-de-permitir-el-uso-de-la-uva-godello-en-l\/#primaryimage\",\"url\":\"https:\/\/agrupacionespsoe.es\/ponferrada\/wp-content\/uploads\/sites\/36\/2024\/09\/WhatsApp-Image-2024-09-12-at-10.21.44.jpeg\",\"contentUrl\":\"https:\/\/agrupacionespsoe.es\/ponferrada\/wp-content\/uploads\/sites\/36\/2024\/09\/WhatsApp-Image-2024-09-12-at-10.21.44.jpeg\",\"width\":1420,\"height\":1600},{\"@type\":\"BreadcrumbList\",\"@id\":\"https:\/\/agrupacionespsoe.es\/ponferrada\/el-grupo-municipal-socialista-ha-presentado-una-mocion-para-su-debate-en-pleno-que-solicita-a-la-junta-de-castilla-y-leon-que-de-marcha-atras-en-su-decision-de-permitir-el-uso-de-la-uva-godello-en-l\/#breadcrumb\",\"itemListElement\":[{\"@type\":\"ListItem\",\"position\":1,\"name\":\"Portada\",\"item\":\"https:\/\/agrupacionespsoe.es\/ponferrada\/\"},{\"@type\":\"ListItem\",\"position\":2,\"name\":\"El Grupo Municipal Socialista ha presentado una moci\u00f3n, para su debate en Pleno, que solicita a la Junta de Castilla y Le\u00f3n que d\u00e9 marcha atr\u00e1s en su decisi\u00f3n de permitir el uso de la uva godello en la DO Rueda\"}]},{\"@type\":\"WebSite\",\"@id\":\"https:\/\/agrupacionespsoe.es\/ponferrada\/#website\",\"url\":\"https:\/\/agrupacionespsoe.es\/ponferrada\/\",\"name\":\"Agrupaci\u00f3n Socialista de Ponferrada\",\"description\":\"Agrupaci\u00f3n Socialista de Ponferrada\",\"publisher\":{\"@id\":\"https:\/\/agrupacionespsoe.es\/ponferrada\/#organization\"},\"potentialAction\":[{\"@type\":\"SearchAction\",\"target\":{\"@type\":\"EntryPoint\",\"urlTemplate\":\"https:\/\/agrupacionespsoe.es\/ponferrada\/?s={search_term_string}\"},\"query-input\":{\"@type\":\"PropertyValueSpecification\",\"valueRequired\":true,\"valueName\":\"search_term_string\"}}],\"inLanguage\":\"es\"},{\"@type\":\"Organization\",\"@id\":\"https:\/\/agrupacionespsoe.es\/ponferrada\/#organization\",\"name\":\"Agrupaci\u00f3n Socialista de Ponferrada\",\"url\":\"https:\/\/agrupacionespsoe.es\/ponferrada\/\",\"logo\":{\"@type\":\"ImageObject\",\"inLanguage\":\"es\",\"@id\":\"https:\/\/agrupacionespsoe.es\/ponferrada\/#\/schema\/logo\/image\/\",\"url\":\"https:\/\/agrupacionespsoe.es\/wp-content\/uploads\/2022\/07\/Logotipo_electoral_del_PSOE.png\",\"contentUrl\":\"https:\/\/agrupacionespsoe.es\/wp-content\/uploads\/2022\/07\/Logotipo_electoral_del_PSOE.png\",\"width\":422,\"height\":422,\"caption\":\"Agrupaci\u00f3n Socialista de Ponferrada\"},\"image\":{\"@id\":\"https:\/\/agrupacionespsoe.es\/ponferrada\/#\/schema\/logo\/image\/\"}},{\"@type\":\"Person\",\"@id\":\"https:\/\/agrupacionespsoe.es\/ponferrada\/#\/schema\/person\/cd29ee627f3b70c05d415f02596debaa\",\"name\":\"ponferrada2\",\"image\":{\"@type\":\"ImageObject\",\"inLanguage\":\"es\",\"@id\":\"https:\/\/agrupacionespsoe.es\/ponferrada\/#\/schema\/person\/image\/\",\"url\":\"https:\/\/secure.gravatar.com\/avatar\/f499eeb60144c664cf7b7edf75549b50?s=96&d=mm&r=g\",\"contentUrl\":\"https:\/\/secure.gravatar.com\/avatar\/f499eeb60144c664cf7b7edf75549b50?s=96&d=mm&r=g\",\"caption\":\"ponferrada2\"},\"url\":\"https:\/\/agrupacionespsoe.es\/ponferrada\/author\/ponferrada2\/\"}]}<\/script>\n<!-- \/ Yoast SEO plugin. -->","yoast_head_json":{"title":"El Grupo Municipal Socialista ha presentado una moci\u00f3n, para su debate en Pleno, que solicita a la Junta de Castilla y Le\u00f3n que d\u00e9 marcha atr\u00e1s en su decisi\u00f3n de permitir el uso de la uva godello en la DO Rueda - Agrupaci\u00f3n Socialista de Ponferrada","robots":{"index":"index","follow":"follow","max-snippet":"max-snippet:-1","max-image-preview":"max-image-preview:large","max-video-preview":"max-video-preview:-1"},"canonical":"https:\/\/agrupacionespsoe.es\/ponferrada\/el-grupo-municipal-socialista-ha-presentado-una-mocion-para-su-debate-en-pleno-que-solicita-a-la-junta-de-castilla-y-leon-que-de-marcha-atras-en-su-decision-de-permitir-el-uso-de-la-uva-godello-en-l\/","og_locale":"es_ES","og_type":"article","og_title":"El Grupo Municipal Socialista ha presentado una moci\u00f3n, para su debate en Pleno, que solicita a la Junta de Castilla y Le\u00f3n que d\u00e9 marcha atr\u00e1s en su decisi\u00f3n de permitir el uso de la uva godello en la DO Rueda - Agrupaci\u00f3n Socialista de Ponferrada","og_description":"El grupo municipal socialista ha registrado esta ma\u00f1ana una moci\u00f3n para su debate en el Pleno Ordinario del Ayuntamiento del mes de septiembre que solicita a la Junta de Castilla y Le\u00f3n que d\u00e9 marcha atr\u00e1s en su decisi\u00f3n de permitir el uso de la uva godello en la DO Rueda. Se trata de una ...","og_url":"https:\/\/agrupacionespsoe.es\/ponferrada\/el-grupo-municipal-socialista-ha-presentado-una-mocion-para-su-debate-en-pleno-que-solicita-a-la-junta-de-castilla-y-leon-que-de-marcha-atras-en-su-decision-de-permitir-el-uso-de-la-uva-godello-en-l\/","og_site_name":"Agrupaci\u00f3n Socialista de Ponferrada","article_published_time":"2024-09-12T08:22:20+00:00","article_modified_time":"2024-09-12T08:22:21+00:00","og_image":[{"width":1420,"height":1600,"url":"https:\/\/agrupacionespsoe.es\/ponferrada\/wp-content\/uploads\/sites\/36\/2024\/09\/WhatsApp-Image-2024-09-12-at-10.21.44.jpeg","type":"image\/jpeg"}],"author":"ponferrada2","twitter_card":"summary_large_image","twitter_misc":{"Escrito por":"ponferrada2","Tiempo de lectura":"2 minutos"},"schema":{"@context":"https:\/\/schema.org","@graph":[{"@type":"Article","@id":"https:\/\/agrupacionespsoe.es\/ponferrada\/el-grupo-municipal-socialista-ha-presentado-una-mocion-para-su-debate-en-pleno-que-solicita-a-la-junta-de-castilla-y-leon-que-de-marcha-atras-en-su-decision-de-permitir-el-uso-de-la-uva-godello-en-l\/#article","isPartOf":{"@id":"https:\/\/agrupacionespsoe.es\/ponferrada\/el-grupo-municipal-socialista-ha-presentado-una-mocion-para-su-debate-en-pleno-que-solicita-a-la-junta-de-castilla-y-leon-que-de-marcha-atras-en-su-decision-de-permitir-el-uso-de-la-uva-godello-en-l\/"},"author":{"name":"ponferrada2","@id":"https:\/\/agrupacionespsoe.es\/ponferrada\/#\/schema\/person\/cd29ee627f3b70c05d415f02596debaa"},"headline":"El Grupo Municipal Socialista ha presentado una moci\u00f3n, para su debate en Pleno, que solicita a la Junta de Castilla y Le\u00f3n que d\u00e9 marcha atr\u00e1s en su decisi\u00f3n de permitir el uso de la uva godello en la DO Rueda","datePublished":"2024-09-12T08:22:20+00:00","dateModified":"2024-09-12T08:22:21+00:00","mainEntityOfPage":{"@id":"https:\/\/agrupacionespsoe.es\/ponferrada\/el-grupo-municipal-socialista-ha-presentado-una-mocion-para-su-debate-en-pleno-que-solicita-a-la-junta-de-castilla-y-leon-que-de-marcha-atras-en-su-decision-de-permitir-el-uso-de-la-uva-godello-en-l\/"},"wordCount":266,"commentCount":0,"publisher":{"@id":"https:\/\/agrupacionespsoe.es\/ponferrada\/#organization"},"image":{"@id":"https:\/\/agrupacionespsoe.es\/ponferrada\/el-grupo-municipal-socialista-ha-presentado-una-mocion-para-su-debate-en-pleno-que-solicita-a-la-junta-de-castilla-y-leon-que-de-marcha-atras-en-su-decision-de-permitir-el-uso-de-la-uva-godello-en-l\/#primaryimage"},"thumbnailUrl":"https:\/\/agrupacionespsoe.es\/ponferrada\/wp-content\/uploads\/sites\/36\/2024\/09\/WhatsApp-Image-2024-09-12-at-10.21.44.jpeg","articleSection":["ACTUALIDAD"],"inLanguage":"es","potentialAction":[{"@type":"CommentAction","name":"Comment","target":["https:\/\/agrupacionespsoe.es\/ponferrada\/el-grupo-municipal-socialista-ha-presentado-una-mocion-para-su-debate-en-pleno-que-solicita-a-la-junta-de-castilla-y-leon-que-de-marcha-atras-en-su-decision-de-permitir-el-uso-de-la-uva-godello-en-l\/#respond"]}]},{"@type":"WebPage","@id":"https:\/\/agrupacionespsoe.es\/ponferrada\/el-grupo-municipal-socialista-ha-presentado-una-mocion-para-su-debate-en-pleno-que-solicita-a-la-junta-de-castilla-y-leon-que-de-marcha-atras-en-su-decision-de-permitir-el-uso-de-la-uva-godello-en-l\/","url":"https:\/\/agrupacionespsoe.es\/ponferrada\/el-grupo-municipal-socialista-ha-presentado-una-mocion-para-su-debate-en-pleno-que-solicita-a-la-junta-de-castilla-y-leon-que-de-marcha-atras-en-su-decision-de-permitir-el-uso-de-la-uva-godello-en-l\/","name":"El Grupo Municipal Socialista ha presentado una moci\u00f3n, para su debate en Pleno, que solicita a la Junta de Castilla y Le\u00f3n que d\u00e9 marcha atr\u00e1s en su decisi\u00f3n de permitir el uso de la uva godello en la DO Rueda - Agrupaci\u00f3n Socialista de Ponferrada","isPartOf":{"@id":"https:\/\/agrupacionespsoe.es\/ponferrada\/#website"},"primaryImageOfPage":{"@id":"https:\/\/agrupacionespsoe.es\/ponferrada\/el-grupo-municipal-socialista-ha-presentado-una-mocion-para-su-debate-en-pleno-que-solicita-a-la-junta-de-castilla-y-leon-que-de-marcha-atras-en-su-decision-de-permitir-el-uso-de-la-uva-godello-en-l\/#primaryimage"},"image":{"@id":"https:\/\/agrupacionespsoe.es\/ponferrada\/el-grupo-municipal-socialista-ha-presentado-una-mocion-para-su-debate-en-pleno-que-solicita-a-la-junta-de-castilla-y-leon-que-de-marcha-atras-en-su-decision-de-permitir-el-uso-de-la-uva-godello-en-l\/#primaryimage"},"thumbnailUrl":"https:\/\/agrupacionespsoe.es\/ponferrada\/wp-content\/uploads\/sites\/36\/2024\/09\/WhatsApp-Image-2024-09-12-at-10.21.44.jpeg","datePublished":"2024-09-12T08:22:20+00:00","dateModified":"2024-09-12T08:22:21+00:00","breadcrumb":{"@id":"https:\/\/agrupacionespsoe.es\/ponferrada\/el-grupo-municipal-socialista-ha-presentado-una-mocion-para-su-debate-en-pleno-que-solicita-a-la-junta-de-castilla-y-leon-que-de-marcha-atras-en-su-decision-de-permitir-el-uso-de-la-uva-godello-en-l\/#breadcrumb"},"inLanguage":"es","potentialAction":[{"@type":"ReadAction","target":["https:\/\/agrupacionespsoe.es\/ponferrada\/el-grupo-municipal-socialista-ha-presentado-una-mocion-para-su-debate-en-pleno-que-solicita-a-la-junta-de-castilla-y-leon-que-de-marcha-atras-en-su-decision-de-permitir-el-uso-de-la-uva-godello-en-l\/"]}]},{"@type":"ImageObject","inLanguage":"es","@id":"https:\/\/agrupacionespsoe.es\/ponferrada\/el-grupo-municipal-socialista-ha-presentado-una-mocion-para-su-debate-en-pleno-que-solicita-a-la-junta-de-castilla-y-leon-que-de-marcha-atras-en-su-decision-de-permitir-el-uso-de-la-uva-godello-en-l\/#primaryimage","url":"https:\/\/agrupacionespsoe.es\/ponferrada\/wp-content\/uploads\/sites\/36\/2024\/09\/WhatsApp-Image-2024-09-12-at-10.21.44.jpeg","contentUrl":"https:\/\/agrupacionespsoe.es\/ponferrada\/wp-content\/uploads\/sites\/36\/2024\/09\/WhatsApp-Image-2024-09-12-at-10.21.44.jpeg","width":1420,"height":1600},{"@type":"BreadcrumbList","@id":"https:\/\/agrupacionespsoe.es\/ponferrada\/el-grupo-municipal-socialista-ha-presentado-una-mocion-para-su-debate-en-pleno-que-solicita-a-la-junta-de-castilla-y-leon-que-de-marcha-atras-en-su-decision-de-permitir-el-uso-de-la-uva-godello-en-l\/#breadcrumb","itemListElement":[{"@type":"ListItem","position":1,"name":"Portada","item":"https:\/\/agrupacionespsoe.es\/ponferrada\/"},{"@type":"ListItem","position":2,"name":"El Grupo Municipal Socialista ha presentado una moci\u00f3n, para su debate en Pleno, que solicita a la Junta de Castilla y Le\u00f3n que d\u00e9 marcha atr\u00e1s en su decisi\u00f3n de permitir el uso de la uva godello en la DO Rueda"}]},{"@type":"WebSite","@id":"https:\/\/agrupacionespsoe.es\/ponferrada\/#website","url":"https:\/\/agrupacionespsoe.es\/ponferrada\/","name":"Agrupaci\u00f3n Socialista de Ponferrada","description":"Agrupaci\u00f3n Socialista de Ponferrada","publisher":{"@id":"https:\/\/agrupacionespsoe.es\/ponferrada\/#organization"},"potentialAction":[{"@type":"SearchAction","target":{"@type":"EntryPoint","urlTemplate":"https:\/\/agrupacionespsoe.es\/ponferrada\/?s={search_term_string}"},"query-input":{"@type":"PropertyValueSpecification","valueRequired":true,"valueName":"search_term_string"}}],"inLanguage":"es"},{"@type":"Organization","@id":"https:\/\/agrupacionespsoe.es\/ponferrada\/#organization","name":"Agrupaci\u00f3n Socialista de Ponferrada","url":"https:\/\/agrupacionespsoe.es\/ponferrada\/","logo":{"@type":"ImageObject","inLanguage":"es","@id":"https:\/\/agrupacionespsoe.es\/ponferrada\/#\/schema\/logo\/image\/","url":"https:\/\/agrupacionespsoe.es\/wp-content\/uploads\/2022\/07\/Logotipo_electoral_del_PSOE.png","contentUrl":"https:\/\/agrupacionespsoe.es\/wp-content\/uploads\/2022\/07\/Logotipo_electoral_del_PSOE.png","width":422,"height":422,"caption":"Agrupaci\u00f3n Socialista de Ponferrada"},"image":{"@id":"https:\/\/agrupacionespsoe.es\/ponferrada\/#\/schema\/logo\/image\/"}},{"@type":"Person","@id":"https:\/\/agrupacionespsoe.es\/ponferrada\/#\/schema\/person\/cd29ee627f3b70c05d415f02596debaa","name":"ponferrada2","image":{"@type":"ImageObject","inLanguage":"es","@id":"https:\/\/agrupacionespsoe.es\/ponferrada\/#\/schema\/person\/image\/","url":"https:\/\/secure.gravatar.com\/avatar\/f499eeb60144c664cf7b7edf75549b50?s=96&d=mm&r=g","contentUrl":"https:\/\/secure.gravatar.com\/avatar\/f499eeb60144c664cf7b7edf75549b50?s=96&d=mm&r=g","caption":"ponferrada2"},"url":"https:\/\/agrupacionespsoe.es\/ponferrada\/author\/ponferrada2\/"}]}},"jetpack_featured_media_url":"https:\/\/agrupacionespsoe.es\/ponferrada\/wp-content\/uploads\/sites\/36\/2024\/09\/WhatsApp-Image-2024-09-12-at-10.21.44.jpeg","jetpack_sharing_enabled":true,"_links":{"self":[{"href":"https:\/\/agrupacionespsoe.es\/ponferrada\/wp-json\/wp\/v2\/posts\/608","targetHints":{"allow":["GET"]}}],"collection":[{"href":"https:\/\/agrupacionespsoe.es\/ponferrada\/wp-json\/wp\/v2\/posts"}],"about":[{"href":"https:\/\/agrupacionespsoe.es\/ponferrada\/wp-json\/wp\/v2\/types\/post"}],"author":[{"embeddable":true,"href":"https:\/\/agrupacionespsoe.es\/ponferrada\/wp-json\/wp\/v2\/users\/32"}],"replies":[{"embeddable":true,"href":"https:\/\/agrupacionespsoe.es\/ponferrada\/wp-json\/wp\/v2\/comments?post=608"}],"version-history":[{"count":1,"href":"https:\/\/agrupacionespsoe.es\/ponferrada\/wp-json\/wp\/v2\/posts\/608\/revisions"}],"predecessor-version":[{"id":611,"href":"https:\/\/agrupacionespsoe.es\/ponferrada\/wp-json\/wp\/v2\/posts\/608\/revisions\/611"}],"wp:featuredmedia":[{"embeddable":true,"href":"https:\/\/agrupacionespsoe.es\/ponferrada\/wp-json\/wp\/v2\/media\/610"}],"wp:attachment":[{"href":"https:\/\/agrupacionespsoe.es\/ponferrada\/wp-json\/wp\/v2\/media?parent=608"}],"wp:term":[{"taxonomy":"category","embeddable":true,"href":"https:\/\/agrupacionespsoe.es\/ponferrada\/wp-json\/wp\/v2\/categories?post=608"},{"taxonomy":"post_tag","embeddable":true,"href":"https:\/\/agrupacionespsoe.es\/ponferrada\/wp-json\/wp\/v2\/tags?post=608"}],"curies":[{"name":"wp","href":"https:\/\/api.w.org\/{rel}","templated":true}]}}