{"id":605,"date":"2024-09-11T08:44:42","date_gmt":"2024-09-11T08:44:42","guid":{"rendered":"https:\/\/agrupacionespsoe.es\/ponferrada\/?p=605"},"modified":"2024-09-11T08:44:43","modified_gmt":"2024-09-11T08:44:43","slug":"al-alcalde-le-falta-talante-moderacion-y-sobre-todo-dialogo","status":"publish","type":"post","link":"https:\/\/agrupacionespsoe.es\/ponferrada\/al-alcalde-le-falta-talante-moderacion-y-sobre-todo-dialogo\/","title":{"rendered":"Al alcalde le falta talante, moderaci\u00f3n y sobre todo di\u00e1logo"},"content":{"rendered":"\n<p class=\"has-large-font-size\">\u2022 El superpleno del equipo de gobierno lo ha sido por la cantidad de puntos que ha tenido que retirar<\/p>\n\n\n\n<p>El PSOE de Ponferrada ha retomado la actividad org\u00e1nica despu\u00e9s del par\u00f3n de verano. Celebr\u00f3 la reuni\u00f3n de la Comisi\u00f3n Ejecutiva de septiembre que valor\u00f3 como no pod\u00eda ser de otra manera el Pleno Ordinario que se celebr\u00f3 el pasado 5 de septiembre en el ayuntamiento.<\/p>\n\n\n\n<p>Lo que el actual Alcalde hab\u00eda calificado como un superpleno por la cantidad de puntos que pretend\u00edan aprobar se convirti\u00f3 en un superpleno por la cantidad de puntos que tuvo que dejar sobre la mesa.<\/p>\n\n\n\n<p>En la comisi\u00f3n ejecutiva se hizo un balance de las \u00faltimas semanas donde el Sr. Morala hab\u00eda amenazado al PSOE de que si no se votaba a favor del punto del pago de 2 millones de euros al Banco Santander no seguir\u00eda con el acuerdo de presupuestos y no cumplir\u00eda con los compromisos que se hab\u00edan adquirido para que el PSOE se abstuviese en la votaci\u00f3n de los presupuestos de 2024.<\/p>\n\n\n\n<p>Es la segunda vez que el Sr. alcalde amenaza con no cumplir con su palabra como buen trilero trata de cambiar las reglas del juego a mitad de la partida. Desde el PSOE se se\u00f1ala que est\u00e1 utilizando a los y las vecinas de Fuentesnuevas en su guerra con el PSOE, en un asunto tan sensible como es poder o no enterrar a sus muertos en su pueblo.<\/p>\n\n\n\n<p>Al Sr. Morala le faltan las reglas b\u00e1sicas de la democracia: talante, moderaci\u00f3n, entendimiento y sobre todo di\u00e1logo y este \u00faltimo es la explicaci\u00f3n de la retirada de los puntos de esta ma\u00f1ana en el Pleno.<\/p>\n\n\n\n<p>El PP y CB han tenido que dejar sobre la mesa, adem\u00e1s, acuerdos como la zona de bajas emisiones, la modificaci\u00f3n del sector del aparcamiento del albergue de los peregrinos (SUNC3) que contemplaba el centro de salud de la zona alta, el incremento de la tasa del mercadillo que propon\u00edan desde coalici\u00f3n o el reparto del sueldo de Mendo entre el resto de los compa\u00f1eros.<\/p>\n\n\n\n<p>Adem\u00e1s el portavoz del grupo ha explicado de d\u00f3nde deriva la deuda con el banco Santander y de las actuaciones que desde el PSOE se llevaron a cabo en defensa de los intereses del ayuntamiento. Para el PSOE pagar 2 millones de euros cuando la<\/p>\n\n\n\n<p>sentencia no es firme no es ahorrar 1 mill\u00f3n como presume el PP sino gastar dos. Dos millones que se unen a la ruina econ\u00f3mica que supuso el mundial de ciclismo que gestion\u00f3 el bipartito pero que ide\u00f3 otro gobierno del PP en el que estaban algunos de los que hoy se sientan en el equipo de gobierno.<\/p>\n\n\n\n<p>Tambi\u00e9n se explic\u00f3 que se puede alcanzar un acuerdo en alguno de los puntos que quedaron sobre la mesa en el Pleno siempre y cuando el PP se siente a escuchar las propuestas del PSOE, propuestas que conocen desde hace meses.<\/p>\n\n\n\n<p>En otro punto del orden del d\u00eda se ha valorado el anuncio de nuestro secretario general de adelantar el proceso congresual, el PSOE de Ponferrada afronta este pr\u00f3ximo periodo con fortaleza y unidad y mucha sinton\u00eda entre la militancia y entre el partido y el grupo municipal.<\/p>\n\n\n\n<p>Para acabar el PSOE ha anunciado que celebrar\u00e1 una asamblea para que sus cargos p\u00fablicos den gesti\u00f3n en este mes de septiembre, se prev\u00e9 que el pr\u00f3ximo 19 de septiembre y que este mes tambi\u00e9n retomar\u00e1 la celebraci\u00f3n de la tradicional Fiesta de la Rosa de la Agrupaci\u00f3n<\/p>\n\n\n\n<figure class=\"wp-block-image size-large\"><img loading=\"lazy\" decoding=\"async\" width=\"1024\" height=\"768\" src=\"https:\/\/agrupacionespsoe.es\/ponferrada\/wp-content\/uploads\/sites\/36\/2024\/09\/WhatsApp-Image-2024-09-11-at-10.43.56-1024x768.jpeg\" alt=\"\" class=\"wp-image-606\" srcset=\"https:\/\/agrupacionespsoe.es\/ponferrada\/wp-content\/uploads\/sites\/36\/2024\/09\/WhatsApp-Image-2024-09-11-at-10.43.56-1024x768.jpeg 1024w, https:\/\/agrupacionespsoe.es\/ponferrada\/wp-content\/uploads\/sites\/36\/2024\/09\/WhatsApp-Image-2024-09-11-at-10.43.56-300x225.jpeg 300w, https:\/\/agrupacionespsoe.es\/ponferrada\/wp-content\/uploads\/sites\/36\/2024\/09\/WhatsApp-Image-2024-09-11-at-10.43.56-768x576.jpeg 768w, https:\/\/agrupacionespsoe.es\/ponferrada\/wp-content\/uploads\/sites\/36\/2024\/09\/WhatsApp-Image-2024-09-11-at-10.43.56-1536x1152.jpeg 1536w, https:\/\/agrupacionespsoe.es\/ponferrada\/wp-content\/uploads\/sites\/36\/2024\/09\/WhatsApp-Image-2024-09-11-at-10.43.56.jpeg 2000w\" sizes=\"auto, (max-width: 1024px) 100vw, 1024px\" \/><\/figure>\n","protected":false},"excerpt":{"rendered":"<p>\u2022 El superpleno del equipo de gobierno lo ha sido por la cantidad de puntos que ha tenido que retirar El PSOE de Ponferrada ha retomado la actividad org\u00e1nica despu\u00e9s del par\u00f3n de verano. Celebr\u00f3 la reuni\u00f3n de la Comisi\u00f3n Ejecutiva de septiembre que valor\u00f3 como no pod\u00eda ser de otra manera el Pleno Ordinario &#8230;<\/p>\n","protected":false},"author":32,"featured_media":606,"comment_status":"open","ping_status":"open","sticky":false,"template":"","format":"standard","meta":{"_jetpack_memberships_contains_paid_content":false,"footnotes":""},"categories":[6],"tags":[],"class_list":["post-605","post","type-post","status-publish","format-standard","has-post-thumbnail","hentry","category-actualidad"],"yoast_head":"<!-- This site is optimized with the Yoast SEO plugin v24.0 - https:\/\/yoast.com\/wordpress\/plugins\/seo\/ -->\n<title>Al alcalde le falta talante, moderaci\u00f3n y sobre todo di\u00e1logo - Agrupaci\u00f3n Socialista de Ponferrada<\/title>\n<meta name=\"robots\" content=\"index, follow, max-snippet:-1, max-image-preview:large, max-video-preview:-1\" \/>\n<link rel=\"canonical\" href=\"https:\/\/agrupacionespsoe.es\/ponferrada\/al-alcalde-le-falta-talante-moderacion-y-sobre-todo-dialogo\/\" \/>\n<meta property=\"og:locale\" content=\"es_ES\" \/>\n<meta property=\"og:type\" content=\"article\" \/>\n<meta property=\"og:title\" content=\"Al alcalde le falta talante, moderaci\u00f3n y sobre todo di\u00e1logo - Agrupaci\u00f3n Socialista de Ponferrada\" \/>\n<meta property=\"og:description\" content=\"\u2022 El superpleno del equipo de gobierno lo ha sido por la cantidad de puntos que ha tenido que retirar El PSOE de Ponferrada ha retomado la actividad org\u00e1nica despu\u00e9s del par\u00f3n de verano. Celebr\u00f3 la reuni\u00f3n de la Comisi\u00f3n Ejecutiva de septiembre que valor\u00f3 como no pod\u00eda ser de otra manera el Pleno Ordinario ...\" \/>\n<meta property=\"og:url\" content=\"https:\/\/agrupacionespsoe.es\/ponferrada\/al-alcalde-le-falta-talante-moderacion-y-sobre-todo-dialogo\/\" \/>\n<meta property=\"og:site_name\" content=\"Agrupaci\u00f3n Socialista de Ponferrada\" \/>\n<meta property=\"article:published_time\" content=\"2024-09-11T08:44:42+00:00\" \/>\n<meta property=\"article:modified_time\" content=\"2024-09-11T08:44:43+00:00\" \/>\n<meta property=\"og:image\" content=\"https:\/\/agrupacionespsoe.es\/ponferrada\/wp-content\/uploads\/sites\/36\/2024\/09\/WhatsApp-Image-2024-09-11-at-10.43.56.jpeg\" \/>\n\t<meta property=\"og:image:width\" content=\"2000\" \/>\n\t<meta property=\"og:image:height\" content=\"1500\" \/>\n\t<meta property=\"og:image:type\" content=\"image\/jpeg\" \/>\n<meta name=\"author\" content=\"ponferrada2\" \/>\n<meta name=\"twitter:card\" content=\"summary_large_image\" \/>\n<meta name=\"twitter:label1\" content=\"Escrito por\" \/>\n\t<meta name=\"twitter:data1\" content=\"ponferrada2\" \/>\n\t<meta name=\"twitter:label2\" content=\"Tiempo de lectura\" \/>\n\t<meta name=\"twitter:data2\" content=\"3 minutos\" \/>\n<script type=\"application\/ld+json\" class=\"yoast-schema-graph\">{\"@context\":\"https:\/\/schema.org\",\"@graph\":[{\"@type\":\"Article\",\"@id\":\"https:\/\/agrupacionespsoe.es\/ponferrada\/al-alcalde-le-falta-talante-moderacion-y-sobre-todo-dialogo\/#article\",\"isPartOf\":{\"@id\":\"https:\/\/agrupacionespsoe.es\/ponferrada\/al-alcalde-le-falta-talante-moderacion-y-sobre-todo-dialogo\/\"},\"author\":{\"name\":\"ponferrada2\",\"@id\":\"https:\/\/agrupacionespsoe.es\/ponferrada\/#\/schema\/person\/cd29ee627f3b70c05d415f02596debaa\"},\"headline\":\"Al alcalde le falta talante, moderaci\u00f3n y sobre todo di\u00e1logo\",\"datePublished\":\"2024-09-11T08:44:42+00:00\",\"dateModified\":\"2024-09-11T08:44:43+00:00\",\"mainEntityOfPage\":{\"@id\":\"https:\/\/agrupacionespsoe.es\/ponferrada\/al-alcalde-le-falta-talante-moderacion-y-sobre-todo-dialogo\/\"},\"wordCount\":624,\"commentCount\":0,\"publisher\":{\"@id\":\"https:\/\/agrupacionespsoe.es\/ponferrada\/#organization\"},\"image\":{\"@id\":\"https:\/\/agrupacionespsoe.es\/ponferrada\/al-alcalde-le-falta-talante-moderacion-y-sobre-todo-dialogo\/#primaryimage\"},\"thumbnailUrl\":\"https:\/\/agrupacionespsoe.es\/ponferrada\/wp-content\/uploads\/sites\/36\/2024\/09\/WhatsApp-Image-2024-09-11-at-10.43.56.jpeg\",\"articleSection\":[\"ACTUALIDAD\"],\"inLanguage\":\"es\",\"potentialAction\":[{\"@type\":\"CommentAction\",\"name\":\"Comment\",\"target\":[\"https:\/\/agrupacionespsoe.es\/ponferrada\/al-alcalde-le-falta-talante-moderacion-y-sobre-todo-dialogo\/#respond\"]}]},{\"@type\":\"WebPage\",\"@id\":\"https:\/\/agrupacionespsoe.es\/ponferrada\/al-alcalde-le-falta-talante-moderacion-y-sobre-todo-dialogo\/\",\"url\":\"https:\/\/agrupacionespsoe.es\/ponferrada\/al-alcalde-le-falta-talante-moderacion-y-sobre-todo-dialogo\/\",\"name\":\"Al alcalde le falta talante, moderaci\u00f3n y sobre todo di\u00e1logo - Agrupaci\u00f3n Socialista de Ponferrada\",\"isPartOf\":{\"@id\":\"https:\/\/agrupacionespsoe.es\/ponferrada\/#website\"},\"primaryImageOfPage\":{\"@id\":\"https:\/\/agrupacionespsoe.es\/ponferrada\/al-alcalde-le-falta-talante-moderacion-y-sobre-todo-dialogo\/#primaryimage\"},\"image\":{\"@id\":\"https:\/\/agrupacionespsoe.es\/ponferrada\/al-alcalde-le-falta-talante-moderacion-y-sobre-todo-dialogo\/#primaryimage\"},\"thumbnailUrl\":\"https:\/\/agrupacionespsoe.es\/ponferrada\/wp-content\/uploads\/sites\/36\/2024\/09\/WhatsApp-Image-2024-09-11-at-10.43.56.jpeg\",\"datePublished\":\"2024-09-11T08:44:42+00:00\",\"dateModified\":\"2024-09-11T08:44:43+00:00\",\"breadcrumb\":{\"@id\":\"https:\/\/agrupacionespsoe.es\/ponferrada\/al-alcalde-le-falta-talante-moderacion-y-sobre-todo-dialogo\/#breadcrumb\"},\"inLanguage\":\"es\",\"potentialAction\":[{\"@type\":\"ReadAction\",\"target\":[\"https:\/\/agrupacionespsoe.es\/ponferrada\/al-alcalde-le-falta-talante-moderacion-y-sobre-todo-dialogo\/\"]}]},{\"@type\":\"ImageObject\",\"inLanguage\":\"es\",\"@id\":\"https:\/\/agrupacionespsoe.es\/ponferrada\/al-alcalde-le-falta-talante-moderacion-y-sobre-todo-dialogo\/#primaryimage\",\"url\":\"https:\/\/agrupacionespsoe.es\/ponferrada\/wp-content\/uploads\/sites\/36\/2024\/09\/WhatsApp-Image-2024-09-11-at-10.43.56.jpeg\",\"contentUrl\":\"https:\/\/agrupacionespsoe.es\/ponferrada\/wp-content\/uploads\/sites\/36\/2024\/09\/WhatsApp-Image-2024-09-11-at-10.43.56.jpeg\",\"width\":2000,\"height\":1500},{\"@type\":\"BreadcrumbList\",\"@id\":\"https:\/\/agrupacionespsoe.es\/ponferrada\/al-alcalde-le-falta-talante-moderacion-y-sobre-todo-dialogo\/#breadcrumb\",\"itemListElement\":[{\"@type\":\"ListItem\",\"position\":1,\"name\":\"Portada\",\"item\":\"https:\/\/agrupacionespsoe.es\/ponferrada\/\"},{\"@type\":\"ListItem\",\"position\":2,\"name\":\"Al alcalde le falta talante, moderaci\u00f3n y sobre todo di\u00e1logo\"}]},{\"@type\":\"WebSite\",\"@id\":\"https:\/\/agrupacionespsoe.es\/ponferrada\/#website\",\"url\":\"https:\/\/agrupacionespsoe.es\/ponferrada\/\",\"name\":\"Agrupaci\u00f3n Socialista de Ponferrada\",\"description\":\"Agrupaci\u00f3n Socialista de Ponferrada\",\"publisher\":{\"@id\":\"https:\/\/agrupacionespsoe.es\/ponferrada\/#organization\"},\"potentialAction\":[{\"@type\":\"SearchAction\",\"target\":{\"@type\":\"EntryPoint\",\"urlTemplate\":\"https:\/\/agrupacionespsoe.es\/ponferrada\/?s={search_term_string}\"},\"query-input\":{\"@type\":\"PropertyValueSpecification\",\"valueRequired\":true,\"valueName\":\"search_term_string\"}}],\"inLanguage\":\"es\"},{\"@type\":\"Organization\",\"@id\":\"https:\/\/agrupacionespsoe.es\/ponferrada\/#organization\",\"name\":\"Agrupaci\u00f3n Socialista de Ponferrada\",\"url\":\"https:\/\/agrupacionespsoe.es\/ponferrada\/\",\"logo\":{\"@type\":\"ImageObject\",\"inLanguage\":\"es\",\"@id\":\"https:\/\/agrupacionespsoe.es\/ponferrada\/#\/schema\/logo\/image\/\",\"url\":\"https:\/\/agrupacionespsoe.es\/wp-content\/uploads\/2022\/07\/Logotipo_electoral_del_PSOE.png\",\"contentUrl\":\"https:\/\/agrupacionespsoe.es\/wp-content\/uploads\/2022\/07\/Logotipo_electoral_del_PSOE.png\",\"width\":422,\"height\":422,\"caption\":\"Agrupaci\u00f3n Socialista de Ponferrada\"},\"image\":{\"@id\":\"https:\/\/agrupacionespsoe.es\/ponferrada\/#\/schema\/logo\/image\/\"}},{\"@type\":\"Person\",\"@id\":\"https:\/\/agrupacionespsoe.es\/ponferrada\/#\/schema\/person\/cd29ee627f3b70c05d415f02596debaa\",\"name\":\"ponferrada2\",\"image\":{\"@type\":\"ImageObject\",\"inLanguage\":\"es\",\"@id\":\"https:\/\/agrupacionespsoe.es\/ponferrada\/#\/schema\/person\/image\/\",\"url\":\"https:\/\/secure.gravatar.com\/avatar\/f499eeb60144c664cf7b7edf75549b50?s=96&d=mm&r=g\",\"contentUrl\":\"https:\/\/secure.gravatar.com\/avatar\/f499eeb60144c664cf7b7edf75549b50?s=96&d=mm&r=g\",\"caption\":\"ponferrada2\"},\"url\":\"https:\/\/agrupacionespsoe.es\/ponferrada\/author\/ponferrada2\/\"}]}<\/script>\n<!-- \/ Yoast SEO plugin. -->","yoast_head_json":{"title":"Al alcalde le falta talante, moderaci\u00f3n y sobre todo di\u00e1logo - Agrupaci\u00f3n Socialista de Ponferrada","robots":{"index":"index","follow":"follow","max-snippet":"max-snippet:-1","max-image-preview":"max-image-preview:large","max-video-preview":"max-video-preview:-1"},"canonical":"https:\/\/agrupacionespsoe.es\/ponferrada\/al-alcalde-le-falta-talante-moderacion-y-sobre-todo-dialogo\/","og_locale":"es_ES","og_type":"article","og_title":"Al alcalde le falta talante, moderaci\u00f3n y sobre todo di\u00e1logo - Agrupaci\u00f3n Socialista de Ponferrada","og_description":"\u2022 El superpleno del equipo de gobierno lo ha sido por la cantidad de puntos que ha tenido que retirar El PSOE de Ponferrada ha retomado la actividad org\u00e1nica despu\u00e9s del par\u00f3n de verano. Celebr\u00f3 la reuni\u00f3n de la Comisi\u00f3n Ejecutiva de septiembre que valor\u00f3 como no pod\u00eda ser de otra manera el Pleno Ordinario ...","og_url":"https:\/\/agrupacionespsoe.es\/ponferrada\/al-alcalde-le-falta-talante-moderacion-y-sobre-todo-dialogo\/","og_site_name":"Agrupaci\u00f3n Socialista de Ponferrada","article_published_time":"2024-09-11T08:44:42+00:00","article_modified_time":"2024-09-11T08:44:43+00:00","og_image":[{"width":2000,"height":1500,"url":"https:\/\/agrupacionespsoe.es\/ponferrada\/wp-content\/uploads\/sites\/36\/2024\/09\/WhatsApp-Image-2024-09-11-at-10.43.56.jpeg","type":"image\/jpeg"}],"author":"ponferrada2","twitter_card":"summary_large_image","twitter_misc":{"Escrito por":"ponferrada2","Tiempo de lectura":"3 minutos"},"schema":{"@context":"https:\/\/schema.org","@graph":[{"@type":"Article","@id":"https:\/\/agrupacionespsoe.es\/ponferrada\/al-alcalde-le-falta-talante-moderacion-y-sobre-todo-dialogo\/#article","isPartOf":{"@id":"https:\/\/agrupacionespsoe.es\/ponferrada\/al-alcalde-le-falta-talante-moderacion-y-sobre-todo-dialogo\/"},"author":{"name":"ponferrada2","@id":"https:\/\/agrupacionespsoe.es\/ponferrada\/#\/schema\/person\/cd29ee627f3b70c05d415f02596debaa"},"headline":"Al alcalde le falta talante, moderaci\u00f3n y sobre todo di\u00e1logo","datePublished":"2024-09-11T08:44:42+00:00","dateModified":"2024-09-11T08:44:43+00:00","mainEntityOfPage":{"@id":"https:\/\/agrupacionespsoe.es\/ponferrada\/al-alcalde-le-falta-talante-moderacion-y-sobre-todo-dialogo\/"},"wordCount":624,"commentCount":0,"publisher":{"@id":"https:\/\/agrupacionespsoe.es\/ponferrada\/#organization"},"image":{"@id":"https:\/\/agrupacionespsoe.es\/ponferrada\/al-alcalde-le-falta-talante-moderacion-y-sobre-todo-dialogo\/#primaryimage"},"thumbnailUrl":"https:\/\/agrupacionespsoe.es\/ponferrada\/wp-content\/uploads\/sites\/36\/2024\/09\/WhatsApp-Image-2024-09-11-at-10.43.56.jpeg","articleSection":["ACTUALIDAD"],"inLanguage":"es","potentialAction":[{"@type":"CommentAction","name":"Comment","target":["https:\/\/agrupacionespsoe.es\/ponferrada\/al-alcalde-le-falta-talante-moderacion-y-sobre-todo-dialogo\/#respond"]}]},{"@type":"WebPage","@id":"https:\/\/agrupacionespsoe.es\/ponferrada\/al-alcalde-le-falta-talante-moderacion-y-sobre-todo-dialogo\/","url":"https:\/\/agrupacionespsoe.es\/ponferrada\/al-alcalde-le-falta-talante-moderacion-y-sobre-todo-dialogo\/","name":"Al alcalde le falta talante, moderaci\u00f3n y sobre todo di\u00e1logo - Agrupaci\u00f3n Socialista de Ponferrada","isPartOf":{"@id":"https:\/\/agrupacionespsoe.es\/ponferrada\/#website"},"primaryImageOfPage":{"@id":"https:\/\/agrupacionespsoe.es\/ponferrada\/al-alcalde-le-falta-talante-moderacion-y-sobre-todo-dialogo\/#primaryimage"},"image":{"@id":"https:\/\/agrupacionespsoe.es\/ponferrada\/al-alcalde-le-falta-talante-moderacion-y-sobre-todo-dialogo\/#primaryimage"},"thumbnailUrl":"https:\/\/agrupacionespsoe.es\/ponferrada\/wp-content\/uploads\/sites\/36\/2024\/09\/WhatsApp-Image-2024-09-11-at-10.43.56.jpeg","datePublished":"2024-09-11T08:44:42+00:00","dateModified":"2024-09-11T08:44:43+00:00","breadcrumb":{"@id":"https:\/\/agrupacionespsoe.es\/ponferrada\/al-alcalde-le-falta-talante-moderacion-y-sobre-todo-dialogo\/#breadcrumb"},"inLanguage":"es","potentialAction":[{"@type":"ReadAction","target":["https:\/\/agrupacionespsoe.es\/ponferrada\/al-alcalde-le-falta-talante-moderacion-y-sobre-todo-dialogo\/"]}]},{"@type":"ImageObject","inLanguage":"es","@id":"https:\/\/agrupacionespsoe.es\/ponferrada\/al-alcalde-le-falta-talante-moderacion-y-sobre-todo-dialogo\/#primaryimage","url":"https:\/\/agrupacionespsoe.es\/ponferrada\/wp-content\/uploads\/sites\/36\/2024\/09\/WhatsApp-Image-2024-09-11-at-10.43.56.jpeg","contentUrl":"https:\/\/agrupacionespsoe.es\/ponferrada\/wp-content\/uploads\/sites\/36\/2024\/09\/WhatsApp-Image-2024-09-11-at-10.43.56.jpeg","width":2000,"height":1500},{"@type":"BreadcrumbList","@id":"https:\/\/agrupacionespsoe.es\/ponferrada\/al-alcalde-le-falta-talante-moderacion-y-sobre-todo-dialogo\/#breadcrumb","itemListElement":[{"@type":"ListItem","position":1,"name":"Portada","item":"https:\/\/agrupacionespsoe.es\/ponferrada\/"},{"@type":"ListItem","position":2,"name":"Al alcalde le falta talante, moderaci\u00f3n y sobre todo di\u00e1logo"}]},{"@type":"WebSite","@id":"https:\/\/agrupacionespsoe.es\/ponferrada\/#website","url":"https:\/\/agrupacionespsoe.es\/ponferrada\/","name":"Agrupaci\u00f3n Socialista de Ponferrada","description":"Agrupaci\u00f3n Socialista de Ponferrada","publisher":{"@id":"https:\/\/agrupacionespsoe.es\/ponferrada\/#organization"},"potentialAction":[{"@type":"SearchAction","target":{"@type":"EntryPoint","urlTemplate":"https:\/\/agrupacionespsoe.es\/ponferrada\/?s={search_term_string}"},"query-input":{"@type":"PropertyValueSpecification","valueRequired":true,"valueName":"search_term_string"}}],"inLanguage":"es"},{"@type":"Organization","@id":"https:\/\/agrupacionespsoe.es\/ponferrada\/#organization","name":"Agrupaci\u00f3n Socialista de Ponferrada","url":"https:\/\/agrupacionespsoe.es\/ponferrada\/","logo":{"@type":"ImageObject","inLanguage":"es","@id":"https:\/\/agrupacionespsoe.es\/ponferrada\/#\/schema\/logo\/image\/","url":"https:\/\/agrupacionespsoe.es\/wp-content\/uploads\/2022\/07\/Logotipo_electoral_del_PSOE.png","contentUrl":"https:\/\/agrupacionespsoe.es\/wp-content\/uploads\/2022\/07\/Logotipo_electoral_del_PSOE.png","width":422,"height":422,"caption":"Agrupaci\u00f3n Socialista de Ponferrada"},"image":{"@id":"https:\/\/agrupacionespsoe.es\/ponferrada\/#\/schema\/logo\/image\/"}},{"@type":"Person","@id":"https:\/\/agrupacionespsoe.es\/ponferrada\/#\/schema\/person\/cd29ee627f3b70c05d415f02596debaa","name":"ponferrada2","image":{"@type":"ImageObject","inLanguage":"es","@id":"https:\/\/agrupacionespsoe.es\/ponferrada\/#\/schema\/person\/image\/","url":"https:\/\/secure.gravatar.com\/avatar\/f499eeb60144c664cf7b7edf75549b50?s=96&d=mm&r=g","contentUrl":"https:\/\/secure.gravatar.com\/avatar\/f499eeb60144c664cf7b7edf75549b50?s=96&d=mm&r=g","caption":"ponferrada2"},"url":"https:\/\/agrupacionespsoe.es\/ponferrada\/author\/ponferrada2\/"}]}},"jetpack_featured_media_url":"https:\/\/agrupacionespsoe.es\/ponferrada\/wp-content\/uploads\/sites\/36\/2024\/09\/WhatsApp-Image-2024-09-11-at-10.43.56.jpeg","jetpack_sharing_enabled":true,"_links":{"self":[{"href":"https:\/\/agrupacionespsoe.es\/ponferrada\/wp-json\/wp\/v2\/posts\/605","targetHints":{"allow":["GET"]}}],"collection":[{"href":"https:\/\/agrupacionespsoe.es\/ponferrada\/wp-json\/wp\/v2\/posts"}],"about":[{"href":"https:\/\/agrupacionespsoe.es\/ponferrada\/wp-json\/wp\/v2\/types\/post"}],"author":[{"embeddable":true,"href":"https:\/\/agrupacionespsoe.es\/ponferrada\/wp-json\/wp\/v2\/users\/32"}],"replies":[{"embeddable":true,"href":"https:\/\/agrupacionespsoe.es\/ponferrada\/wp-json\/wp\/v2\/comments?post=605"}],"version-history":[{"count":1,"href":"https:\/\/agrupacionespsoe.es\/ponferrada\/wp-json\/wp\/v2\/posts\/605\/revisions"}],"predecessor-version":[{"id":607,"href":"https:\/\/agrupacionespsoe.es\/ponferrada\/wp-json\/wp\/v2\/posts\/605\/revisions\/607"}],"wp:featuredmedia":[{"embeddable":true,"href":"https:\/\/agrupacionespsoe.es\/ponferrada\/wp-json\/wp\/v2\/media\/606"}],"wp:attachment":[{"href":"https:\/\/agrupacionespsoe.es\/ponferrada\/wp-json\/wp\/v2\/media?parent=605"}],"wp:term":[{"taxonomy":"category","embeddable":true,"href":"https:\/\/agrupacionespsoe.es\/ponferrada\/wp-json\/wp\/v2\/categories?post=605"},{"taxonomy":"post_tag","embeddable":true,"href":"https:\/\/agrupacionespsoe.es\/ponferrada\/wp-json\/wp\/v2\/tags?post=605"}],"curies":[{"name":"wp","href":"https:\/\/api.w.org\/{rel}","templated":true}]}}