{"id":603,"date":"2024-08-22T16:59:23","date_gmt":"2024-08-22T16:59:23","guid":{"rendered":"https:\/\/agrupacionespsoe.es\/ponferrada\/?p=603"},"modified":"2024-09-05T17:01:56","modified_gmt":"2024-09-05T17:01:56","slug":"el-grupo-socialista-senala-que-el-pp-sigue-el-camino-paraseguir-haciendo-el-ridiculo","status":"publish","type":"post","link":"https:\/\/agrupacionespsoe.es\/ponferrada\/el-grupo-socialista-senala-que-el-pp-sigue-el-camino-paraseguir-haciendo-el-ridiculo\/","title":{"rendered":"El Grupo Socialista se\u00f1ala que el PP sigue el camino paraseguir haciendo el rid\u00edculo"},"content":{"rendered":"\n<p class=\"has-large-font-size\">El PSOE acusa al equipo de gobierno de decir una cosa y hacer otra muy diferente<\/p>\n\n\n\n<p>Una vez m\u00e1s desde el grupo socialista de Ponferrada no salimos de nuestro asombro de la falta de seriedad y sobre todo por el populismo con la que act\u00faan nuestros actuales gobernantes municipales.<\/p>\n\n\n\n<p><br>Mabel Fern\u00e1ndez ha se\u00f1alado que \u201cuna cosa es lo que dicen y otra cosa muy diferente es lo que hacen. Y la puesta en marcha de la Zona de Bajas Emisiones es un ejemplo claro de esto.\u201d<\/p>\n\n\n\n<p><br>La anterior responsable de proyectos europeos, Mabel Fern\u00e1ndez ha querido recordar que tanto el PP como Coalici\u00f3n prometieron en elecciones que no iban a aplicar la ZBE socialista y la realidad es que la ZBE es exactamente la misma que planifico el PSOE.<\/p>\n\n\n\n<p><br>Dijeron que iban a hacer una ordenanza laxa y la realidad es que en esencia es la misma que planificaba el PSOE, tanto es as\u00ed que utilizan la web y los videos que se realizaron en el anterior mandato para explicarla.<\/p>\n\n\n\n<p><br>Primero dijeron que si no se aprobaba la ordenanza hab\u00eda que devolver el dinero y mientras comunicaban al ministerio que hab\u00edan llevado a pleno la ordenanza y no se la hab\u00edamos aprobado por otro lado decretaban la paralizaci\u00f3n de los contratos para el suministro de los sistemas de informaci\u00f3n, gesti\u00f3n y control de la ZBE o de la se\u00f1alizaci\u00f3n de la ZBE.<\/p>\n\n\n\n<p><br>Mabel Fern\u00e1ndez ha indicado que desde el PSOE lo que tenemos claro es que est\u00e1n actuando de manera torticera, intentando enfrentar a ciudadanos con medias explicaciones y medias verdades y la mejor soluci\u00f3n para que la ciudadan\u00eda vea que la implantaci\u00f3n de la ZBE no conlleva ninguna restricci\u00f3n es que la pongan en marcha. Para que se pueda comprobar que tiene ventajas para los comerciantes, para los compradores y para los residentes de la zona.<\/p>\n\n\n\n<p><br>Desde el PSOE volvemos a pedirle que ejecuten las inversiones y pongan en marcha la zona de bajas emisiones que es m\u00e1s importante que aprobar la ordenanza.<\/p>\n\n\n\n<p><br>Contin\u00faa se\u00f1alando que no entendemos c\u00f3mo en m\u00e1s de un a\u00f1o de gobierno no han conseguido instalar las pantallas y poner en marcha la sensorizaci\u00f3n de los aparcamientos, una medida muy beneficiosa para la zona. \u201cLo \u00fanico que est\u00e1n consiguiendo es que el dinero invertido en los sensores se tire, ya que ya hay muchas calles que se han quitado los sensores, lo que conllevar\u00e1 que al final se tenga que volver a gastar en algo que ya estaba colocado, como pasa en la C. Gregoria Campillo, pero no es la \u00fanica.\u201d<\/p>\n\n\n\n<p><br>Desde el PSOE consideramos que volver a llevar una ordenanza cuando no has alcanzado un consenso, cuando no has vuelto a hablar con el principal grupo de la oposici\u00f3n ni has avanzado en las inversiones que faltan por ejecutar en la zona de bajas emisiones es seguir haciendo el rid\u00edculo.<\/p>\n\n\n\n<p><br>Por \u00faltimo le pide al equipo de gobierno que deje de enfrentar a la ciudadan\u00eda y manipularla y pongan en funcionamiento la zona de bajas emisiones, ni siquiera han aprobado un proyecto de la misma, que se pongan a trabajar y dejen de hacer ruido.<\/p>\n\n\n\n<figure class=\"wp-block-image size-large\"><img loading=\"lazy\" decoding=\"async\" width=\"1024\" height=\"1005\" src=\"https:\/\/agrupacionespsoe.es\/ponferrada\/wp-content\/uploads\/sites\/36\/2024\/07\/mabel-y-olegario-1024x1005.jpeg\" alt=\"\" class=\"wp-image-560\" srcset=\"https:\/\/agrupacionespsoe.es\/ponferrada\/wp-content\/uploads\/sites\/36\/2024\/07\/mabel-y-olegario-1024x1005.jpeg 1024w, https:\/\/agrupacionespsoe.es\/ponferrada\/wp-content\/uploads\/sites\/36\/2024\/07\/mabel-y-olegario-300x294.jpeg 300w, https:\/\/agrupacionespsoe.es\/ponferrada\/wp-content\/uploads\/sites\/36\/2024\/07\/mabel-y-olegario-768x754.jpeg 768w, https:\/\/agrupacionespsoe.es\/ponferrada\/wp-content\/uploads\/sites\/36\/2024\/07\/mabel-y-olegario.jpeg 1169w\" sizes=\"auto, (max-width: 1024px) 100vw, 1024px\" \/><\/figure>\n","protected":false},"excerpt":{"rendered":"<p>El PSOE acusa al equipo de gobierno de decir una cosa y hacer otra muy diferente Una vez m\u00e1s desde el grupo socialista de Ponferrada no salimos de nuestro asombro de la falta de seriedad y sobre todo por el populismo con la que act\u00faan nuestros actuales gobernantes municipales. Mabel Fern\u00e1ndez ha se\u00f1alado que \u201cuna &#8230;<\/p>\n","protected":false},"author":32,"featured_media":504,"comment_status":"open","ping_status":"open","sticky":false,"template":"","format":"standard","meta":{"_jetpack_memberships_contains_paid_content":false,"footnotes":""},"categories":[6],"tags":[],"class_list":["post-603","post","type-post","status-publish","format-standard","has-post-thumbnail","hentry","category-actualidad"],"yoast_head":"<!-- This site is optimized with the Yoast SEO plugin v24.0 - https:\/\/yoast.com\/wordpress\/plugins\/seo\/ -->\n<title>El Grupo Socialista se\u00f1ala que el PP sigue el camino paraseguir haciendo el rid\u00edculo - Agrupaci\u00f3n Socialista de Ponferrada<\/title>\n<meta name=\"robots\" content=\"index, follow, max-snippet:-1, max-image-preview:large, max-video-preview:-1\" \/>\n<link rel=\"canonical\" href=\"https:\/\/agrupacionespsoe.es\/ponferrada\/el-grupo-socialista-senala-que-el-pp-sigue-el-camino-paraseguir-haciendo-el-ridiculo\/\" \/>\n<meta property=\"og:locale\" content=\"es_ES\" \/>\n<meta property=\"og:type\" content=\"article\" \/>\n<meta property=\"og:title\" content=\"El Grupo Socialista se\u00f1ala que el PP sigue el camino paraseguir haciendo el rid\u00edculo - Agrupaci\u00f3n Socialista de Ponferrada\" \/>\n<meta property=\"og:description\" content=\"El PSOE acusa al equipo de gobierno de decir una cosa y hacer otra muy diferente Una vez m\u00e1s desde el grupo socialista de Ponferrada no salimos de nuestro asombro de la falta de seriedad y sobre todo por el populismo con la que act\u00faan nuestros actuales gobernantes municipales. Mabel Fern\u00e1ndez ha se\u00f1alado que \u201cuna ...\" \/>\n<meta property=\"og:url\" content=\"https:\/\/agrupacionespsoe.es\/ponferrada\/el-grupo-socialista-senala-que-el-pp-sigue-el-camino-paraseguir-haciendo-el-ridiculo\/\" \/>\n<meta property=\"og:site_name\" content=\"Agrupaci\u00f3n Socialista de Ponferrada\" \/>\n<meta property=\"article:published_time\" content=\"2024-08-22T16:59:23+00:00\" \/>\n<meta property=\"article:modified_time\" content=\"2024-09-05T17:01:56+00:00\" \/>\n<meta property=\"og:image\" content=\"https:\/\/agrupacionespsoe.es\/ponferrada\/wp-content\/uploads\/sites\/36\/2024\/06\/Mabel-Fernandez.jpeg\" \/>\n\t<meta property=\"og:image:width\" content=\"797\" \/>\n\t<meta property=\"og:image:height\" content=\"1133\" \/>\n\t<meta property=\"og:image:type\" content=\"image\/jpeg\" \/>\n<meta name=\"author\" content=\"ponferrada2\" \/>\n<meta name=\"twitter:card\" content=\"summary_large_image\" \/>\n<meta name=\"twitter:label1\" content=\"Escrito por\" \/>\n\t<meta name=\"twitter:data1\" content=\"ponferrada2\" \/>\n\t<meta name=\"twitter:label2\" content=\"Tiempo de lectura\" \/>\n\t<meta name=\"twitter:data2\" content=\"3 minutos\" \/>\n<script type=\"application\/ld+json\" class=\"yoast-schema-graph\">{\"@context\":\"https:\/\/schema.org\",\"@graph\":[{\"@type\":\"Article\",\"@id\":\"https:\/\/agrupacionespsoe.es\/ponferrada\/el-grupo-socialista-senala-que-el-pp-sigue-el-camino-paraseguir-haciendo-el-ridiculo\/#article\",\"isPartOf\":{\"@id\":\"https:\/\/agrupacionespsoe.es\/ponferrada\/el-grupo-socialista-senala-que-el-pp-sigue-el-camino-paraseguir-haciendo-el-ridiculo\/\"},\"author\":{\"name\":\"ponferrada2\",\"@id\":\"https:\/\/agrupacionespsoe.es\/ponferrada\/#\/schema\/person\/cd29ee627f3b70c05d415f02596debaa\"},\"headline\":\"El Grupo Socialista se\u00f1ala que el PP sigue el camino paraseguir haciendo el rid\u00edculo\",\"datePublished\":\"2024-08-22T16:59:23+00:00\",\"dateModified\":\"2024-09-05T17:01:56+00:00\",\"mainEntityOfPage\":{\"@id\":\"https:\/\/agrupacionespsoe.es\/ponferrada\/el-grupo-socialista-senala-que-el-pp-sigue-el-camino-paraseguir-haciendo-el-ridiculo\/\"},\"wordCount\":568,\"commentCount\":0,\"publisher\":{\"@id\":\"https:\/\/agrupacionespsoe.es\/ponferrada\/#organization\"},\"image\":{\"@id\":\"https:\/\/agrupacionespsoe.es\/ponferrada\/el-grupo-socialista-senala-que-el-pp-sigue-el-camino-paraseguir-haciendo-el-ridiculo\/#primaryimage\"},\"thumbnailUrl\":\"https:\/\/agrupacionespsoe.es\/ponferrada\/wp-content\/uploads\/sites\/36\/2024\/06\/Mabel-Fernandez.jpeg\",\"articleSection\":[\"ACTUALIDAD\"],\"inLanguage\":\"es\",\"potentialAction\":[{\"@type\":\"CommentAction\",\"name\":\"Comment\",\"target\":[\"https:\/\/agrupacionespsoe.es\/ponferrada\/el-grupo-socialista-senala-que-el-pp-sigue-el-camino-paraseguir-haciendo-el-ridiculo\/#respond\"]}]},{\"@type\":\"WebPage\",\"@id\":\"https:\/\/agrupacionespsoe.es\/ponferrada\/el-grupo-socialista-senala-que-el-pp-sigue-el-camino-paraseguir-haciendo-el-ridiculo\/\",\"url\":\"https:\/\/agrupacionespsoe.es\/ponferrada\/el-grupo-socialista-senala-que-el-pp-sigue-el-camino-paraseguir-haciendo-el-ridiculo\/\",\"name\":\"El Grupo Socialista se\u00f1ala que el PP sigue el camino paraseguir haciendo el rid\u00edculo - Agrupaci\u00f3n Socialista de Ponferrada\",\"isPartOf\":{\"@id\":\"https:\/\/agrupacionespsoe.es\/ponferrada\/#website\"},\"primaryImageOfPage\":{\"@id\":\"https:\/\/agrupacionespsoe.es\/ponferrada\/el-grupo-socialista-senala-que-el-pp-sigue-el-camino-paraseguir-haciendo-el-ridiculo\/#primaryimage\"},\"image\":{\"@id\":\"https:\/\/agrupacionespsoe.es\/ponferrada\/el-grupo-socialista-senala-que-el-pp-sigue-el-camino-paraseguir-haciendo-el-ridiculo\/#primaryimage\"},\"thumbnailUrl\":\"https:\/\/agrupacionespsoe.es\/ponferrada\/wp-content\/uploads\/sites\/36\/2024\/06\/Mabel-Fernandez.jpeg\",\"datePublished\":\"2024-08-22T16:59:23+00:00\",\"dateModified\":\"2024-09-05T17:01:56+00:00\",\"breadcrumb\":{\"@id\":\"https:\/\/agrupacionespsoe.es\/ponferrada\/el-grupo-socialista-senala-que-el-pp-sigue-el-camino-paraseguir-haciendo-el-ridiculo\/#breadcrumb\"},\"inLanguage\":\"es\",\"potentialAction\":[{\"@type\":\"ReadAction\",\"target\":[\"https:\/\/agrupacionespsoe.es\/ponferrada\/el-grupo-socialista-senala-que-el-pp-sigue-el-camino-paraseguir-haciendo-el-ridiculo\/\"]}]},{\"@type\":\"ImageObject\",\"inLanguage\":\"es\",\"@id\":\"https:\/\/agrupacionespsoe.es\/ponferrada\/el-grupo-socialista-senala-que-el-pp-sigue-el-camino-paraseguir-haciendo-el-ridiculo\/#primaryimage\",\"url\":\"https:\/\/agrupacionespsoe.es\/ponferrada\/wp-content\/uploads\/sites\/36\/2024\/06\/Mabel-Fernandez.jpeg\",\"contentUrl\":\"https:\/\/agrupacionespsoe.es\/ponferrada\/wp-content\/uploads\/sites\/36\/2024\/06\/Mabel-Fernandez.jpeg\",\"width\":797,\"height\":1133},{\"@type\":\"BreadcrumbList\",\"@id\":\"https:\/\/agrupacionespsoe.es\/ponferrada\/el-grupo-socialista-senala-que-el-pp-sigue-el-camino-paraseguir-haciendo-el-ridiculo\/#breadcrumb\",\"itemListElement\":[{\"@type\":\"ListItem\",\"position\":1,\"name\":\"Portada\",\"item\":\"https:\/\/agrupacionespsoe.es\/ponferrada\/\"},{\"@type\":\"ListItem\",\"position\":2,\"name\":\"El Grupo Socialista se\u00f1ala que el PP sigue el camino paraseguir haciendo el rid\u00edculo\"}]},{\"@type\":\"WebSite\",\"@id\":\"https:\/\/agrupacionespsoe.es\/ponferrada\/#website\",\"url\":\"https:\/\/agrupacionespsoe.es\/ponferrada\/\",\"name\":\"Agrupaci\u00f3n Socialista de Ponferrada\",\"description\":\"Agrupaci\u00f3n Socialista de Ponferrada\",\"publisher\":{\"@id\":\"https:\/\/agrupacionespsoe.es\/ponferrada\/#organization\"},\"potentialAction\":[{\"@type\":\"SearchAction\",\"target\":{\"@type\":\"EntryPoint\",\"urlTemplate\":\"https:\/\/agrupacionespsoe.es\/ponferrada\/?s={search_term_string}\"},\"query-input\":{\"@type\":\"PropertyValueSpecification\",\"valueRequired\":true,\"valueName\":\"search_term_string\"}}],\"inLanguage\":\"es\"},{\"@type\":\"Organization\",\"@id\":\"https:\/\/agrupacionespsoe.es\/ponferrada\/#organization\",\"name\":\"Agrupaci\u00f3n Socialista de Ponferrada\",\"url\":\"https:\/\/agrupacionespsoe.es\/ponferrada\/\",\"logo\":{\"@type\":\"ImageObject\",\"inLanguage\":\"es\",\"@id\":\"https:\/\/agrupacionespsoe.es\/ponferrada\/#\/schema\/logo\/image\/\",\"url\":\"https:\/\/agrupacionespsoe.es\/wp-content\/uploads\/2022\/07\/Logotipo_electoral_del_PSOE.png\",\"contentUrl\":\"https:\/\/agrupacionespsoe.es\/wp-content\/uploads\/2022\/07\/Logotipo_electoral_del_PSOE.png\",\"width\":422,\"height\":422,\"caption\":\"Agrupaci\u00f3n Socialista de Ponferrada\"},\"image\":{\"@id\":\"https:\/\/agrupacionespsoe.es\/ponferrada\/#\/schema\/logo\/image\/\"}},{\"@type\":\"Person\",\"@id\":\"https:\/\/agrupacionespsoe.es\/ponferrada\/#\/schema\/person\/cd29ee627f3b70c05d415f02596debaa\",\"name\":\"ponferrada2\",\"image\":{\"@type\":\"ImageObject\",\"inLanguage\":\"es\",\"@id\":\"https:\/\/agrupacionespsoe.es\/ponferrada\/#\/schema\/person\/image\/\",\"url\":\"https:\/\/secure.gravatar.com\/avatar\/f499eeb60144c664cf7b7edf75549b50?s=96&d=mm&r=g\",\"contentUrl\":\"https:\/\/secure.gravatar.com\/avatar\/f499eeb60144c664cf7b7edf75549b50?s=96&d=mm&r=g\",\"caption\":\"ponferrada2\"},\"url\":\"https:\/\/agrupacionespsoe.es\/ponferrada\/author\/ponferrada2\/\"}]}<\/script>\n<!-- \/ Yoast SEO plugin. -->","yoast_head_json":{"title":"El Grupo Socialista se\u00f1ala que el PP sigue el camino paraseguir haciendo el rid\u00edculo - Agrupaci\u00f3n Socialista de Ponferrada","robots":{"index":"index","follow":"follow","max-snippet":"max-snippet:-1","max-image-preview":"max-image-preview:large","max-video-preview":"max-video-preview:-1"},"canonical":"https:\/\/agrupacionespsoe.es\/ponferrada\/el-grupo-socialista-senala-que-el-pp-sigue-el-camino-paraseguir-haciendo-el-ridiculo\/","og_locale":"es_ES","og_type":"article","og_title":"El Grupo Socialista se\u00f1ala que el PP sigue el camino paraseguir haciendo el rid\u00edculo - Agrupaci\u00f3n Socialista de Ponferrada","og_description":"El PSOE acusa al equipo de gobierno de decir una cosa y hacer otra muy diferente Una vez m\u00e1s desde el grupo socialista de Ponferrada no salimos de nuestro asombro de la falta de seriedad y sobre todo por el populismo con la que act\u00faan nuestros actuales gobernantes municipales. Mabel Fern\u00e1ndez ha se\u00f1alado que \u201cuna ...","og_url":"https:\/\/agrupacionespsoe.es\/ponferrada\/el-grupo-socialista-senala-que-el-pp-sigue-el-camino-paraseguir-haciendo-el-ridiculo\/","og_site_name":"Agrupaci\u00f3n Socialista de Ponferrada","article_published_time":"2024-08-22T16:59:23+00:00","article_modified_time":"2024-09-05T17:01:56+00:00","og_image":[{"width":797,"height":1133,"url":"https:\/\/agrupacionespsoe.es\/ponferrada\/wp-content\/uploads\/sites\/36\/2024\/06\/Mabel-Fernandez.jpeg","type":"image\/jpeg"}],"author":"ponferrada2","twitter_card":"summary_large_image","twitter_misc":{"Escrito por":"ponferrada2","Tiempo de lectura":"3 minutos"},"schema":{"@context":"https:\/\/schema.org","@graph":[{"@type":"Article","@id":"https:\/\/agrupacionespsoe.es\/ponferrada\/el-grupo-socialista-senala-que-el-pp-sigue-el-camino-paraseguir-haciendo-el-ridiculo\/#article","isPartOf":{"@id":"https:\/\/agrupacionespsoe.es\/ponferrada\/el-grupo-socialista-senala-que-el-pp-sigue-el-camino-paraseguir-haciendo-el-ridiculo\/"},"author":{"name":"ponferrada2","@id":"https:\/\/agrupacionespsoe.es\/ponferrada\/#\/schema\/person\/cd29ee627f3b70c05d415f02596debaa"},"headline":"El Grupo Socialista se\u00f1ala que el PP sigue el camino paraseguir haciendo el rid\u00edculo","datePublished":"2024-08-22T16:59:23+00:00","dateModified":"2024-09-05T17:01:56+00:00","mainEntityOfPage":{"@id":"https:\/\/agrupacionespsoe.es\/ponferrada\/el-grupo-socialista-senala-que-el-pp-sigue-el-camino-paraseguir-haciendo-el-ridiculo\/"},"wordCount":568,"commentCount":0,"publisher":{"@id":"https:\/\/agrupacionespsoe.es\/ponferrada\/#organization"},"image":{"@id":"https:\/\/agrupacionespsoe.es\/ponferrada\/el-grupo-socialista-senala-que-el-pp-sigue-el-camino-paraseguir-haciendo-el-ridiculo\/#primaryimage"},"thumbnailUrl":"https:\/\/agrupacionespsoe.es\/ponferrada\/wp-content\/uploads\/sites\/36\/2024\/06\/Mabel-Fernandez.jpeg","articleSection":["ACTUALIDAD"],"inLanguage":"es","potentialAction":[{"@type":"CommentAction","name":"Comment","target":["https:\/\/agrupacionespsoe.es\/ponferrada\/el-grupo-socialista-senala-que-el-pp-sigue-el-camino-paraseguir-haciendo-el-ridiculo\/#respond"]}]},{"@type":"WebPage","@id":"https:\/\/agrupacionespsoe.es\/ponferrada\/el-grupo-socialista-senala-que-el-pp-sigue-el-camino-paraseguir-haciendo-el-ridiculo\/","url":"https:\/\/agrupacionespsoe.es\/ponferrada\/el-grupo-socialista-senala-que-el-pp-sigue-el-camino-paraseguir-haciendo-el-ridiculo\/","name":"El Grupo Socialista se\u00f1ala que el PP sigue el camino paraseguir haciendo el rid\u00edculo - Agrupaci\u00f3n Socialista de Ponferrada","isPartOf":{"@id":"https:\/\/agrupacionespsoe.es\/ponferrada\/#website"},"primaryImageOfPage":{"@id":"https:\/\/agrupacionespsoe.es\/ponferrada\/el-grupo-socialista-senala-que-el-pp-sigue-el-camino-paraseguir-haciendo-el-ridiculo\/#primaryimage"},"image":{"@id":"https:\/\/agrupacionespsoe.es\/ponferrada\/el-grupo-socialista-senala-que-el-pp-sigue-el-camino-paraseguir-haciendo-el-ridiculo\/#primaryimage"},"thumbnailUrl":"https:\/\/agrupacionespsoe.es\/ponferrada\/wp-content\/uploads\/sites\/36\/2024\/06\/Mabel-Fernandez.jpeg","datePublished":"2024-08-22T16:59:23+00:00","dateModified":"2024-09-05T17:01:56+00:00","breadcrumb":{"@id":"https:\/\/agrupacionespsoe.es\/ponferrada\/el-grupo-socialista-senala-que-el-pp-sigue-el-camino-paraseguir-haciendo-el-ridiculo\/#breadcrumb"},"inLanguage":"es","potentialAction":[{"@type":"ReadAction","target":["https:\/\/agrupacionespsoe.es\/ponferrada\/el-grupo-socialista-senala-que-el-pp-sigue-el-camino-paraseguir-haciendo-el-ridiculo\/"]}]},{"@type":"ImageObject","inLanguage":"es","@id":"https:\/\/agrupacionespsoe.es\/ponferrada\/el-grupo-socialista-senala-que-el-pp-sigue-el-camino-paraseguir-haciendo-el-ridiculo\/#primaryimage","url":"https:\/\/agrupacionespsoe.es\/ponferrada\/wp-content\/uploads\/sites\/36\/2024\/06\/Mabel-Fernandez.jpeg","contentUrl":"https:\/\/agrupacionespsoe.es\/ponferrada\/wp-content\/uploads\/sites\/36\/2024\/06\/Mabel-Fernandez.jpeg","width":797,"height":1133},{"@type":"BreadcrumbList","@id":"https:\/\/agrupacionespsoe.es\/ponferrada\/el-grupo-socialista-senala-que-el-pp-sigue-el-camino-paraseguir-haciendo-el-ridiculo\/#breadcrumb","itemListElement":[{"@type":"ListItem","position":1,"name":"Portada","item":"https:\/\/agrupacionespsoe.es\/ponferrada\/"},{"@type":"ListItem","position":2,"name":"El Grupo Socialista se\u00f1ala que el PP sigue el camino paraseguir haciendo el rid\u00edculo"}]},{"@type":"WebSite","@id":"https:\/\/agrupacionespsoe.es\/ponferrada\/#website","url":"https:\/\/agrupacionespsoe.es\/ponferrada\/","name":"Agrupaci\u00f3n Socialista de Ponferrada","description":"Agrupaci\u00f3n Socialista de Ponferrada","publisher":{"@id":"https:\/\/agrupacionespsoe.es\/ponferrada\/#organization"},"potentialAction":[{"@type":"SearchAction","target":{"@type":"EntryPoint","urlTemplate":"https:\/\/agrupacionespsoe.es\/ponferrada\/?s={search_term_string}"},"query-input":{"@type":"PropertyValueSpecification","valueRequired":true,"valueName":"search_term_string"}}],"inLanguage":"es"},{"@type":"Organization","@id":"https:\/\/agrupacionespsoe.es\/ponferrada\/#organization","name":"Agrupaci\u00f3n Socialista de Ponferrada","url":"https:\/\/agrupacionespsoe.es\/ponferrada\/","logo":{"@type":"ImageObject","inLanguage":"es","@id":"https:\/\/agrupacionespsoe.es\/ponferrada\/#\/schema\/logo\/image\/","url":"https:\/\/agrupacionespsoe.es\/wp-content\/uploads\/2022\/07\/Logotipo_electoral_del_PSOE.png","contentUrl":"https:\/\/agrupacionespsoe.es\/wp-content\/uploads\/2022\/07\/Logotipo_electoral_del_PSOE.png","width":422,"height":422,"caption":"Agrupaci\u00f3n Socialista de Ponferrada"},"image":{"@id":"https:\/\/agrupacionespsoe.es\/ponferrada\/#\/schema\/logo\/image\/"}},{"@type":"Person","@id":"https:\/\/agrupacionespsoe.es\/ponferrada\/#\/schema\/person\/cd29ee627f3b70c05d415f02596debaa","name":"ponferrada2","image":{"@type":"ImageObject","inLanguage":"es","@id":"https:\/\/agrupacionespsoe.es\/ponferrada\/#\/schema\/person\/image\/","url":"https:\/\/secure.gravatar.com\/avatar\/f499eeb60144c664cf7b7edf75549b50?s=96&d=mm&r=g","contentUrl":"https:\/\/secure.gravatar.com\/avatar\/f499eeb60144c664cf7b7edf75549b50?s=96&d=mm&r=g","caption":"ponferrada2"},"url":"https:\/\/agrupacionespsoe.es\/ponferrada\/author\/ponferrada2\/"}]}},"jetpack_featured_media_url":"https:\/\/agrupacionespsoe.es\/ponferrada\/wp-content\/uploads\/sites\/36\/2024\/06\/Mabel-Fernandez.jpeg","jetpack_sharing_enabled":true,"_links":{"self":[{"href":"https:\/\/agrupacionespsoe.es\/ponferrada\/wp-json\/wp\/v2\/posts\/603","targetHints":{"allow":["GET"]}}],"collection":[{"href":"https:\/\/agrupacionespsoe.es\/ponferrada\/wp-json\/wp\/v2\/posts"}],"about":[{"href":"https:\/\/agrupacionespsoe.es\/ponferrada\/wp-json\/wp\/v2\/types\/post"}],"author":[{"embeddable":true,"href":"https:\/\/agrupacionespsoe.es\/ponferrada\/wp-json\/wp\/v2\/users\/32"}],"replies":[{"embeddable":true,"href":"https:\/\/agrupacionespsoe.es\/ponferrada\/wp-json\/wp\/v2\/comments?post=603"}],"version-history":[{"count":1,"href":"https:\/\/agrupacionespsoe.es\/ponferrada\/wp-json\/wp\/v2\/posts\/603\/revisions"}],"predecessor-version":[{"id":604,"href":"https:\/\/agrupacionespsoe.es\/ponferrada\/wp-json\/wp\/v2\/posts\/603\/revisions\/604"}],"wp:featuredmedia":[{"embeddable":true,"href":"https:\/\/agrupacionespsoe.es\/ponferrada\/wp-json\/wp\/v2\/media\/504"}],"wp:attachment":[{"href":"https:\/\/agrupacionespsoe.es\/ponferrada\/wp-json\/wp\/v2\/media?parent=603"}],"wp:term":[{"taxonomy":"category","embeddable":true,"href":"https:\/\/agrupacionespsoe.es\/ponferrada\/wp-json\/wp\/v2\/categories?post=603"},{"taxonomy":"post_tag","embeddable":true,"href":"https:\/\/agrupacionespsoe.es\/ponferrada\/wp-json\/wp\/v2\/tags?post=603"}],"curies":[{"name":"wp","href":"https:\/\/api.w.org\/{rel}","templated":true}]}}