{"id":595,"date":"2024-08-07T16:53:51","date_gmt":"2024-08-07T16:53:51","guid":{"rendered":"https:\/\/agrupacionespsoe.es\/ponferrada\/?p=595"},"modified":"2024-09-05T16:56:25","modified_gmt":"2024-09-05T16:56:25","slug":"el-psoe-no-ha-cambiado-de-opinion-respecto-a-la-subida-de-las-tasas-queafectan-los-comerciantes-del-mercado-que-propone-el-pp-y-coalicion-porel-bierzo","status":"publish","type":"post","link":"https:\/\/agrupacionespsoe.es\/ponferrada\/el-psoe-no-ha-cambiado-de-opinion-respecto-a-la-subida-de-las-tasas-queafectan-los-comerciantes-del-mercado-que-propone-el-pp-y-coalicion-porel-bierzo\/","title":{"rendered":"El PSOE no ha cambiado de opini\u00f3n respecto a la subida de las tasas que afectan los comerciantes del mercado que propone el PP y Coalici\u00f3n por El Bierzo."},"content":{"rendered":"\n<p class=\"has-large-font-size\">Desde el Grupo socialista estamos dispuestos a colaborar para hacer una ordenanza que haga mejor el mercado pero nunca vamos a apoyar la subida de las tasas.<\/p>\n\n\n\n<p>Esta subida lo \u00fanico que va a conllevar es que haya menos inter\u00e9s en instalarse en el mercado exterior y sobre todo, en las zonas a las que m\u00e1s afecta la subida son a los vendedores de frutas y verduras.<\/p>\n\n\n\n<p><br>Por lo tanto, van a cargarse la esencia del mercado, quieren descargar en los comerciantes el pago de sus gastos desorbitados.<\/p>\n\n\n\n<p><br>Para el PSOE es curioso como hablan de dinamizar la actividad econ\u00f3mica, y la primera medida que proponen para dinamizar esta actividad es la subida de las tasas de los comerciantes, cuando todo el mundo sabe y estaremos todos de acuerdo, que uno de los polos de dinamizaci\u00f3n del comercio en Ponferrada es el mercado de abastos, no solo para los comerciantes que se ponen sino tambi\u00e9n para los bares, restaurantes y el resto de negocios que est\u00e1n en la zona.<\/p>\n\n\n\n<p><br>Dinamizan pero parece que no para todos los comerciantes por igual. Queremos recordar adem\u00e1s, que el mercado no solo son los puestos de textil sino que hay<br>muchos puestos con productores ortofrut\u00edcolas locales y hasta emprendedores que han<br>cambiado su modo de vida urbanita para establecerse en Ponferrada. Esos comerciantes tambi\u00e9n venden sus productos en el mercado de abastos y tambi\u00e9n deben ser protegidos, tienen el mismo derecho que los dem\u00e1s comerciantes a que se dinamice su actividad.<\/p>\n\n\n\n<p><br>Volver a proponer una medida que sube las tasas que aprob\u00f3 el PSOE en la legislatura anterior cuando no se tiene la mayor\u00eda en el pleno, no deja de ser propaganda de cara a la galer\u00eda y enga\u00f1os a quien quiera dejarse enga\u00f1ar.<\/p>\n\n\n\n<p><br>Aconsejamos a Coalici\u00f3n por El Bierzo, que deje la pol\u00edtica populista de anuncios y propaganda y se ponga a trabajar en lo que anuncio hace m\u00e1s de un a\u00f1o, la modificaci\u00f3n de la ordenanza de los puestos interiores que mantienen unas condiciones de acceso que desincentiva la entrada de nuevos comerciantes, una ordenanza que si que urge y que genera un verdadero problema.<\/p>\n\n\n\n<p><br>Lo tenemos claro y no nos hace falta reflexionar, frenamos una vez esa subida y la frenaremos de nuevo.<\/p>\n\n\n\n<figure class=\"wp-block-image size-large\"><img loading=\"lazy\" decoding=\"async\" width=\"1024\" height=\"768\" src=\"https:\/\/agrupacionespsoe.es\/ponferrada\/wp-content\/uploads\/sites\/36\/2024\/09\/IMG_6619-1024x768.jpg\" alt=\"\" class=\"wp-image-596\" srcset=\"https:\/\/agrupacionespsoe.es\/ponferrada\/wp-content\/uploads\/sites\/36\/2024\/09\/IMG_6619-1024x768.jpg 1024w, https:\/\/agrupacionespsoe.es\/ponferrada\/wp-content\/uploads\/sites\/36\/2024\/09\/IMG_6619-300x225.jpg 300w, https:\/\/agrupacionespsoe.es\/ponferrada\/wp-content\/uploads\/sites\/36\/2024\/09\/IMG_6619-768x576.jpg 768w, https:\/\/agrupacionespsoe.es\/ponferrada\/wp-content\/uploads\/sites\/36\/2024\/09\/IMG_6619-1536x1152.jpg 1536w, https:\/\/agrupacionespsoe.es\/ponferrada\/wp-content\/uploads\/sites\/36\/2024\/09\/IMG_6619-2048x1536.jpg 2048w\" sizes=\"auto, (max-width: 1024px) 100vw, 1024px\" \/><\/figure>\n","protected":false},"excerpt":{"rendered":"<p>Desde el Grupo socialista estamos dispuestos a colaborar para hacer una ordenanza que haga mejor el mercado pero nunca vamos a apoyar la subida de las tasas. Esta subida lo \u00fanico que va a conllevar es que haya menos inter\u00e9s en instalarse en el mercado exterior y sobre todo, en las zonas a las que &#8230;<\/p>\n","protected":false},"author":32,"featured_media":596,"comment_status":"open","ping_status":"open","sticky":false,"template":"","format":"standard","meta":{"_jetpack_memberships_contains_paid_content":false,"footnotes":""},"categories":[6],"tags":[],"class_list":["post-595","post","type-post","status-publish","format-standard","has-post-thumbnail","hentry","category-actualidad"],"yoast_head":"<!-- This site is optimized with the Yoast SEO plugin v24.0 - https:\/\/yoast.com\/wordpress\/plugins\/seo\/ -->\n<title>El PSOE no ha cambiado de opini\u00f3n respecto a la subida de las tasas que afectan los comerciantes del mercado que propone el PP y Coalici\u00f3n por El Bierzo. - Agrupaci\u00f3n Socialista de Ponferrada<\/title>\n<meta name=\"robots\" content=\"index, follow, max-snippet:-1, max-image-preview:large, max-video-preview:-1\" \/>\n<link rel=\"canonical\" href=\"https:\/\/agrupacionespsoe.es\/ponferrada\/el-psoe-no-ha-cambiado-de-opinion-respecto-a-la-subida-de-las-tasas-queafectan-los-comerciantes-del-mercado-que-propone-el-pp-y-coalicion-porel-bierzo\/\" \/>\n<meta property=\"og:locale\" content=\"es_ES\" \/>\n<meta property=\"og:type\" content=\"article\" \/>\n<meta property=\"og:title\" content=\"El PSOE no ha cambiado de opini\u00f3n respecto a la subida de las tasas que afectan los comerciantes del mercado que propone el PP y Coalici\u00f3n por El Bierzo. - Agrupaci\u00f3n Socialista de Ponferrada\" \/>\n<meta property=\"og:description\" content=\"Desde el Grupo socialista estamos dispuestos a colaborar para hacer una ordenanza que haga mejor el mercado pero nunca vamos a apoyar la subida de las tasas. Esta subida lo \u00fanico que va a conllevar es que haya menos inter\u00e9s en instalarse en el mercado exterior y sobre todo, en las zonas a las que ...\" \/>\n<meta property=\"og:url\" content=\"https:\/\/agrupacionespsoe.es\/ponferrada\/el-psoe-no-ha-cambiado-de-opinion-respecto-a-la-subida-de-las-tasas-queafectan-los-comerciantes-del-mercado-que-propone-el-pp-y-coalicion-porel-bierzo\/\" \/>\n<meta property=\"og:site_name\" content=\"Agrupaci\u00f3n Socialista de Ponferrada\" \/>\n<meta property=\"article:published_time\" content=\"2024-08-07T16:53:51+00:00\" \/>\n<meta property=\"article:modified_time\" content=\"2024-09-05T16:56:25+00:00\" \/>\n<meta property=\"og:image\" content=\"https:\/\/agrupacionespsoe.es\/ponferrada\/wp-content\/uploads\/sites\/36\/2024\/09\/IMG_6619-scaled.jpg\" \/>\n\t<meta property=\"og:image:width\" content=\"2560\" \/>\n\t<meta property=\"og:image:height\" content=\"1920\" \/>\n\t<meta property=\"og:image:type\" content=\"image\/jpeg\" \/>\n<meta name=\"author\" content=\"ponferrada2\" \/>\n<meta name=\"twitter:card\" content=\"summary_large_image\" \/>\n<meta name=\"twitter:label1\" content=\"Escrito por\" \/>\n\t<meta name=\"twitter:data1\" content=\"ponferrada2\" \/>\n\t<meta name=\"twitter:label2\" content=\"Tiempo de lectura\" \/>\n\t<meta name=\"twitter:data2\" content=\"2 minutos\" \/>\n<script type=\"application\/ld+json\" class=\"yoast-schema-graph\">{\"@context\":\"https:\/\/schema.org\",\"@graph\":[{\"@type\":\"Article\",\"@id\":\"https:\/\/agrupacionespsoe.es\/ponferrada\/el-psoe-no-ha-cambiado-de-opinion-respecto-a-la-subida-de-las-tasas-queafectan-los-comerciantes-del-mercado-que-propone-el-pp-y-coalicion-porel-bierzo\/#article\",\"isPartOf\":{\"@id\":\"https:\/\/agrupacionespsoe.es\/ponferrada\/el-psoe-no-ha-cambiado-de-opinion-respecto-a-la-subida-de-las-tasas-queafectan-los-comerciantes-del-mercado-que-propone-el-pp-y-coalicion-porel-bierzo\/\"},\"author\":{\"name\":\"ponferrada2\",\"@id\":\"https:\/\/agrupacionespsoe.es\/ponferrada\/#\/schema\/person\/cd29ee627f3b70c05d415f02596debaa\"},\"headline\":\"El PSOE no ha cambiado de opini\u00f3n respecto a la subida de las tasas que afectan los comerciantes del mercado que propone el PP y Coalici\u00f3n por El Bierzo.\",\"datePublished\":\"2024-08-07T16:53:51+00:00\",\"dateModified\":\"2024-09-05T16:56:25+00:00\",\"mainEntityOfPage\":{\"@id\":\"https:\/\/agrupacionespsoe.es\/ponferrada\/el-psoe-no-ha-cambiado-de-opinion-respecto-a-la-subida-de-las-tasas-queafectan-los-comerciantes-del-mercado-que-propone-el-pp-y-coalicion-porel-bierzo\/\"},\"wordCount\":421,\"commentCount\":0,\"publisher\":{\"@id\":\"https:\/\/agrupacionespsoe.es\/ponferrada\/#organization\"},\"image\":{\"@id\":\"https:\/\/agrupacionespsoe.es\/ponferrada\/el-psoe-no-ha-cambiado-de-opinion-respecto-a-la-subida-de-las-tasas-queafectan-los-comerciantes-del-mercado-que-propone-el-pp-y-coalicion-porel-bierzo\/#primaryimage\"},\"thumbnailUrl\":\"https:\/\/agrupacionespsoe.es\/ponferrada\/wp-content\/uploads\/sites\/36\/2024\/09\/IMG_6619-scaled.jpg\",\"articleSection\":[\"ACTUALIDAD\"],\"inLanguage\":\"es\",\"potentialAction\":[{\"@type\":\"CommentAction\",\"name\":\"Comment\",\"target\":[\"https:\/\/agrupacionespsoe.es\/ponferrada\/el-psoe-no-ha-cambiado-de-opinion-respecto-a-la-subida-de-las-tasas-queafectan-los-comerciantes-del-mercado-que-propone-el-pp-y-coalicion-porel-bierzo\/#respond\"]}]},{\"@type\":\"WebPage\",\"@id\":\"https:\/\/agrupacionespsoe.es\/ponferrada\/el-psoe-no-ha-cambiado-de-opinion-respecto-a-la-subida-de-las-tasas-queafectan-los-comerciantes-del-mercado-que-propone-el-pp-y-coalicion-porel-bierzo\/\",\"url\":\"https:\/\/agrupacionespsoe.es\/ponferrada\/el-psoe-no-ha-cambiado-de-opinion-respecto-a-la-subida-de-las-tasas-queafectan-los-comerciantes-del-mercado-que-propone-el-pp-y-coalicion-porel-bierzo\/\",\"name\":\"El PSOE no ha cambiado de opini\u00f3n respecto a la subida de las tasas que afectan los comerciantes del mercado que propone el PP y Coalici\u00f3n por El Bierzo. - Agrupaci\u00f3n Socialista de Ponferrada\",\"isPartOf\":{\"@id\":\"https:\/\/agrupacionespsoe.es\/ponferrada\/#website\"},\"primaryImageOfPage\":{\"@id\":\"https:\/\/agrupacionespsoe.es\/ponferrada\/el-psoe-no-ha-cambiado-de-opinion-respecto-a-la-subida-de-las-tasas-queafectan-los-comerciantes-del-mercado-que-propone-el-pp-y-coalicion-porel-bierzo\/#primaryimage\"},\"image\":{\"@id\":\"https:\/\/agrupacionespsoe.es\/ponferrada\/el-psoe-no-ha-cambiado-de-opinion-respecto-a-la-subida-de-las-tasas-queafectan-los-comerciantes-del-mercado-que-propone-el-pp-y-coalicion-porel-bierzo\/#primaryimage\"},\"thumbnailUrl\":\"https:\/\/agrupacionespsoe.es\/ponferrada\/wp-content\/uploads\/sites\/36\/2024\/09\/IMG_6619-scaled.jpg\",\"datePublished\":\"2024-08-07T16:53:51+00:00\",\"dateModified\":\"2024-09-05T16:56:25+00:00\",\"breadcrumb\":{\"@id\":\"https:\/\/agrupacionespsoe.es\/ponferrada\/el-psoe-no-ha-cambiado-de-opinion-respecto-a-la-subida-de-las-tasas-queafectan-los-comerciantes-del-mercado-que-propone-el-pp-y-coalicion-porel-bierzo\/#breadcrumb\"},\"inLanguage\":\"es\",\"potentialAction\":[{\"@type\":\"ReadAction\",\"target\":[\"https:\/\/agrupacionespsoe.es\/ponferrada\/el-psoe-no-ha-cambiado-de-opinion-respecto-a-la-subida-de-las-tasas-queafectan-los-comerciantes-del-mercado-que-propone-el-pp-y-coalicion-porel-bierzo\/\"]}]},{\"@type\":\"ImageObject\",\"inLanguage\":\"es\",\"@id\":\"https:\/\/agrupacionespsoe.es\/ponferrada\/el-psoe-no-ha-cambiado-de-opinion-respecto-a-la-subida-de-las-tasas-queafectan-los-comerciantes-del-mercado-que-propone-el-pp-y-coalicion-porel-bierzo\/#primaryimage\",\"url\":\"https:\/\/agrupacionespsoe.es\/ponferrada\/wp-content\/uploads\/sites\/36\/2024\/09\/IMG_6619-scaled.jpg\",\"contentUrl\":\"https:\/\/agrupacionespsoe.es\/ponferrada\/wp-content\/uploads\/sites\/36\/2024\/09\/IMG_6619-scaled.jpg\",\"width\":2560,\"height\":1920},{\"@type\":\"BreadcrumbList\",\"@id\":\"https:\/\/agrupacionespsoe.es\/ponferrada\/el-psoe-no-ha-cambiado-de-opinion-respecto-a-la-subida-de-las-tasas-queafectan-los-comerciantes-del-mercado-que-propone-el-pp-y-coalicion-porel-bierzo\/#breadcrumb\",\"itemListElement\":[{\"@type\":\"ListItem\",\"position\":1,\"name\":\"Portada\",\"item\":\"https:\/\/agrupacionespsoe.es\/ponferrada\/\"},{\"@type\":\"ListItem\",\"position\":2,\"name\":\"El PSOE no ha cambiado de opini\u00f3n respecto a la subida de las tasas que afectan los comerciantes del mercado que propone el PP y Coalici\u00f3n por El Bierzo.\"}]},{\"@type\":\"WebSite\",\"@id\":\"https:\/\/agrupacionespsoe.es\/ponferrada\/#website\",\"url\":\"https:\/\/agrupacionespsoe.es\/ponferrada\/\",\"name\":\"Agrupaci\u00f3n Socialista de Ponferrada\",\"description\":\"Agrupaci\u00f3n Socialista de Ponferrada\",\"publisher\":{\"@id\":\"https:\/\/agrupacionespsoe.es\/ponferrada\/#organization\"},\"potentialAction\":[{\"@type\":\"SearchAction\",\"target\":{\"@type\":\"EntryPoint\",\"urlTemplate\":\"https:\/\/agrupacionespsoe.es\/ponferrada\/?s={search_term_string}\"},\"query-input\":{\"@type\":\"PropertyValueSpecification\",\"valueRequired\":true,\"valueName\":\"search_term_string\"}}],\"inLanguage\":\"es\"},{\"@type\":\"Organization\",\"@id\":\"https:\/\/agrupacionespsoe.es\/ponferrada\/#organization\",\"name\":\"Agrupaci\u00f3n Socialista de Ponferrada\",\"url\":\"https:\/\/agrupacionespsoe.es\/ponferrada\/\",\"logo\":{\"@type\":\"ImageObject\",\"inLanguage\":\"es\",\"@id\":\"https:\/\/agrupacionespsoe.es\/ponferrada\/#\/schema\/logo\/image\/\",\"url\":\"https:\/\/agrupacionespsoe.es\/wp-content\/uploads\/2022\/07\/Logotipo_electoral_del_PSOE.png\",\"contentUrl\":\"https:\/\/agrupacionespsoe.es\/wp-content\/uploads\/2022\/07\/Logotipo_electoral_del_PSOE.png\",\"width\":422,\"height\":422,\"caption\":\"Agrupaci\u00f3n Socialista de Ponferrada\"},\"image\":{\"@id\":\"https:\/\/agrupacionespsoe.es\/ponferrada\/#\/schema\/logo\/image\/\"}},{\"@type\":\"Person\",\"@id\":\"https:\/\/agrupacionespsoe.es\/ponferrada\/#\/schema\/person\/cd29ee627f3b70c05d415f02596debaa\",\"name\":\"ponferrada2\",\"image\":{\"@type\":\"ImageObject\",\"inLanguage\":\"es\",\"@id\":\"https:\/\/agrupacionespsoe.es\/ponferrada\/#\/schema\/person\/image\/\",\"url\":\"https:\/\/secure.gravatar.com\/avatar\/f499eeb60144c664cf7b7edf75549b50?s=96&d=mm&r=g\",\"contentUrl\":\"https:\/\/secure.gravatar.com\/avatar\/f499eeb60144c664cf7b7edf75549b50?s=96&d=mm&r=g\",\"caption\":\"ponferrada2\"},\"url\":\"https:\/\/agrupacionespsoe.es\/ponferrada\/author\/ponferrada2\/\"}]}<\/script>\n<!-- \/ Yoast SEO plugin. -->","yoast_head_json":{"title":"El PSOE no ha cambiado de opini\u00f3n respecto a la subida de las tasas que afectan los comerciantes del mercado que propone el PP y Coalici\u00f3n por El Bierzo. - Agrupaci\u00f3n Socialista de Ponferrada","robots":{"index":"index","follow":"follow","max-snippet":"max-snippet:-1","max-image-preview":"max-image-preview:large","max-video-preview":"max-video-preview:-1"},"canonical":"https:\/\/agrupacionespsoe.es\/ponferrada\/el-psoe-no-ha-cambiado-de-opinion-respecto-a-la-subida-de-las-tasas-queafectan-los-comerciantes-del-mercado-que-propone-el-pp-y-coalicion-porel-bierzo\/","og_locale":"es_ES","og_type":"article","og_title":"El PSOE no ha cambiado de opini\u00f3n respecto a la subida de las tasas que afectan los comerciantes del mercado que propone el PP y Coalici\u00f3n por El Bierzo. - Agrupaci\u00f3n Socialista de Ponferrada","og_description":"Desde el Grupo socialista estamos dispuestos a colaborar para hacer una ordenanza que haga mejor el mercado pero nunca vamos a apoyar la subida de las tasas. Esta subida lo \u00fanico que va a conllevar es que haya menos inter\u00e9s en instalarse en el mercado exterior y sobre todo, en las zonas a las que ...","og_url":"https:\/\/agrupacionespsoe.es\/ponferrada\/el-psoe-no-ha-cambiado-de-opinion-respecto-a-la-subida-de-las-tasas-queafectan-los-comerciantes-del-mercado-que-propone-el-pp-y-coalicion-porel-bierzo\/","og_site_name":"Agrupaci\u00f3n Socialista de Ponferrada","article_published_time":"2024-08-07T16:53:51+00:00","article_modified_time":"2024-09-05T16:56:25+00:00","og_image":[{"width":2560,"height":1920,"url":"https:\/\/agrupacionespsoe.es\/ponferrada\/wp-content\/uploads\/sites\/36\/2024\/09\/IMG_6619-scaled.jpg","type":"image\/jpeg"}],"author":"ponferrada2","twitter_card":"summary_large_image","twitter_misc":{"Escrito por":"ponferrada2","Tiempo de lectura":"2 minutos"},"schema":{"@context":"https:\/\/schema.org","@graph":[{"@type":"Article","@id":"https:\/\/agrupacionespsoe.es\/ponferrada\/el-psoe-no-ha-cambiado-de-opinion-respecto-a-la-subida-de-las-tasas-queafectan-los-comerciantes-del-mercado-que-propone-el-pp-y-coalicion-porel-bierzo\/#article","isPartOf":{"@id":"https:\/\/agrupacionespsoe.es\/ponferrada\/el-psoe-no-ha-cambiado-de-opinion-respecto-a-la-subida-de-las-tasas-queafectan-los-comerciantes-del-mercado-que-propone-el-pp-y-coalicion-porel-bierzo\/"},"author":{"name":"ponferrada2","@id":"https:\/\/agrupacionespsoe.es\/ponferrada\/#\/schema\/person\/cd29ee627f3b70c05d415f02596debaa"},"headline":"El PSOE no ha cambiado de opini\u00f3n respecto a la subida de las tasas que afectan los comerciantes del mercado que propone el PP y Coalici\u00f3n por El Bierzo.","datePublished":"2024-08-07T16:53:51+00:00","dateModified":"2024-09-05T16:56:25+00:00","mainEntityOfPage":{"@id":"https:\/\/agrupacionespsoe.es\/ponferrada\/el-psoe-no-ha-cambiado-de-opinion-respecto-a-la-subida-de-las-tasas-queafectan-los-comerciantes-del-mercado-que-propone-el-pp-y-coalicion-porel-bierzo\/"},"wordCount":421,"commentCount":0,"publisher":{"@id":"https:\/\/agrupacionespsoe.es\/ponferrada\/#organization"},"image":{"@id":"https:\/\/agrupacionespsoe.es\/ponferrada\/el-psoe-no-ha-cambiado-de-opinion-respecto-a-la-subida-de-las-tasas-queafectan-los-comerciantes-del-mercado-que-propone-el-pp-y-coalicion-porel-bierzo\/#primaryimage"},"thumbnailUrl":"https:\/\/agrupacionespsoe.es\/ponferrada\/wp-content\/uploads\/sites\/36\/2024\/09\/IMG_6619-scaled.jpg","articleSection":["ACTUALIDAD"],"inLanguage":"es","potentialAction":[{"@type":"CommentAction","name":"Comment","target":["https:\/\/agrupacionespsoe.es\/ponferrada\/el-psoe-no-ha-cambiado-de-opinion-respecto-a-la-subida-de-las-tasas-queafectan-los-comerciantes-del-mercado-que-propone-el-pp-y-coalicion-porel-bierzo\/#respond"]}]},{"@type":"WebPage","@id":"https:\/\/agrupacionespsoe.es\/ponferrada\/el-psoe-no-ha-cambiado-de-opinion-respecto-a-la-subida-de-las-tasas-queafectan-los-comerciantes-del-mercado-que-propone-el-pp-y-coalicion-porel-bierzo\/","url":"https:\/\/agrupacionespsoe.es\/ponferrada\/el-psoe-no-ha-cambiado-de-opinion-respecto-a-la-subida-de-las-tasas-queafectan-los-comerciantes-del-mercado-que-propone-el-pp-y-coalicion-porel-bierzo\/","name":"El PSOE no ha cambiado de opini\u00f3n respecto a la subida de las tasas que afectan los comerciantes del mercado que propone el PP y Coalici\u00f3n por El Bierzo. - Agrupaci\u00f3n Socialista de Ponferrada","isPartOf":{"@id":"https:\/\/agrupacionespsoe.es\/ponferrada\/#website"},"primaryImageOfPage":{"@id":"https:\/\/agrupacionespsoe.es\/ponferrada\/el-psoe-no-ha-cambiado-de-opinion-respecto-a-la-subida-de-las-tasas-queafectan-los-comerciantes-del-mercado-que-propone-el-pp-y-coalicion-porel-bierzo\/#primaryimage"},"image":{"@id":"https:\/\/agrupacionespsoe.es\/ponferrada\/el-psoe-no-ha-cambiado-de-opinion-respecto-a-la-subida-de-las-tasas-queafectan-los-comerciantes-del-mercado-que-propone-el-pp-y-coalicion-porel-bierzo\/#primaryimage"},"thumbnailUrl":"https:\/\/agrupacionespsoe.es\/ponferrada\/wp-content\/uploads\/sites\/36\/2024\/09\/IMG_6619-scaled.jpg","datePublished":"2024-08-07T16:53:51+00:00","dateModified":"2024-09-05T16:56:25+00:00","breadcrumb":{"@id":"https:\/\/agrupacionespsoe.es\/ponferrada\/el-psoe-no-ha-cambiado-de-opinion-respecto-a-la-subida-de-las-tasas-queafectan-los-comerciantes-del-mercado-que-propone-el-pp-y-coalicion-porel-bierzo\/#breadcrumb"},"inLanguage":"es","potentialAction":[{"@type":"ReadAction","target":["https:\/\/agrupacionespsoe.es\/ponferrada\/el-psoe-no-ha-cambiado-de-opinion-respecto-a-la-subida-de-las-tasas-queafectan-los-comerciantes-del-mercado-que-propone-el-pp-y-coalicion-porel-bierzo\/"]}]},{"@type":"ImageObject","inLanguage":"es","@id":"https:\/\/agrupacionespsoe.es\/ponferrada\/el-psoe-no-ha-cambiado-de-opinion-respecto-a-la-subida-de-las-tasas-queafectan-los-comerciantes-del-mercado-que-propone-el-pp-y-coalicion-porel-bierzo\/#primaryimage","url":"https:\/\/agrupacionespsoe.es\/ponferrada\/wp-content\/uploads\/sites\/36\/2024\/09\/IMG_6619-scaled.jpg","contentUrl":"https:\/\/agrupacionespsoe.es\/ponferrada\/wp-content\/uploads\/sites\/36\/2024\/09\/IMG_6619-scaled.jpg","width":2560,"height":1920},{"@type":"BreadcrumbList","@id":"https:\/\/agrupacionespsoe.es\/ponferrada\/el-psoe-no-ha-cambiado-de-opinion-respecto-a-la-subida-de-las-tasas-queafectan-los-comerciantes-del-mercado-que-propone-el-pp-y-coalicion-porel-bierzo\/#breadcrumb","itemListElement":[{"@type":"ListItem","position":1,"name":"Portada","item":"https:\/\/agrupacionespsoe.es\/ponferrada\/"},{"@type":"ListItem","position":2,"name":"El PSOE no ha cambiado de opini\u00f3n respecto a la subida de las tasas que afectan los comerciantes del mercado que propone el PP y Coalici\u00f3n por El Bierzo."}]},{"@type":"WebSite","@id":"https:\/\/agrupacionespsoe.es\/ponferrada\/#website","url":"https:\/\/agrupacionespsoe.es\/ponferrada\/","name":"Agrupaci\u00f3n Socialista de Ponferrada","description":"Agrupaci\u00f3n Socialista de Ponferrada","publisher":{"@id":"https:\/\/agrupacionespsoe.es\/ponferrada\/#organization"},"potentialAction":[{"@type":"SearchAction","target":{"@type":"EntryPoint","urlTemplate":"https:\/\/agrupacionespsoe.es\/ponferrada\/?s={search_term_string}"},"query-input":{"@type":"PropertyValueSpecification","valueRequired":true,"valueName":"search_term_string"}}],"inLanguage":"es"},{"@type":"Organization","@id":"https:\/\/agrupacionespsoe.es\/ponferrada\/#organization","name":"Agrupaci\u00f3n Socialista de Ponferrada","url":"https:\/\/agrupacionespsoe.es\/ponferrada\/","logo":{"@type":"ImageObject","inLanguage":"es","@id":"https:\/\/agrupacionespsoe.es\/ponferrada\/#\/schema\/logo\/image\/","url":"https:\/\/agrupacionespsoe.es\/wp-content\/uploads\/2022\/07\/Logotipo_electoral_del_PSOE.png","contentUrl":"https:\/\/agrupacionespsoe.es\/wp-content\/uploads\/2022\/07\/Logotipo_electoral_del_PSOE.png","width":422,"height":422,"caption":"Agrupaci\u00f3n Socialista de Ponferrada"},"image":{"@id":"https:\/\/agrupacionespsoe.es\/ponferrada\/#\/schema\/logo\/image\/"}},{"@type":"Person","@id":"https:\/\/agrupacionespsoe.es\/ponferrada\/#\/schema\/person\/cd29ee627f3b70c05d415f02596debaa","name":"ponferrada2","image":{"@type":"ImageObject","inLanguage":"es","@id":"https:\/\/agrupacionespsoe.es\/ponferrada\/#\/schema\/person\/image\/","url":"https:\/\/secure.gravatar.com\/avatar\/f499eeb60144c664cf7b7edf75549b50?s=96&d=mm&r=g","contentUrl":"https:\/\/secure.gravatar.com\/avatar\/f499eeb60144c664cf7b7edf75549b50?s=96&d=mm&r=g","caption":"ponferrada2"},"url":"https:\/\/agrupacionespsoe.es\/ponferrada\/author\/ponferrada2\/"}]}},"jetpack_featured_media_url":"https:\/\/agrupacionespsoe.es\/ponferrada\/wp-content\/uploads\/sites\/36\/2024\/09\/IMG_6619-scaled.jpg","jetpack_sharing_enabled":true,"_links":{"self":[{"href":"https:\/\/agrupacionespsoe.es\/ponferrada\/wp-json\/wp\/v2\/posts\/595","targetHints":{"allow":["GET"]}}],"collection":[{"href":"https:\/\/agrupacionespsoe.es\/ponferrada\/wp-json\/wp\/v2\/posts"}],"about":[{"href":"https:\/\/agrupacionespsoe.es\/ponferrada\/wp-json\/wp\/v2\/types\/post"}],"author":[{"embeddable":true,"href":"https:\/\/agrupacionespsoe.es\/ponferrada\/wp-json\/wp\/v2\/users\/32"}],"replies":[{"embeddable":true,"href":"https:\/\/agrupacionespsoe.es\/ponferrada\/wp-json\/wp\/v2\/comments?post=595"}],"version-history":[{"count":3,"href":"https:\/\/agrupacionespsoe.es\/ponferrada\/wp-json\/wp\/v2\/posts\/595\/revisions"}],"predecessor-version":[{"id":599,"href":"https:\/\/agrupacionespsoe.es\/ponferrada\/wp-json\/wp\/v2\/posts\/595\/revisions\/599"}],"wp:featuredmedia":[{"embeddable":true,"href":"https:\/\/agrupacionespsoe.es\/ponferrada\/wp-json\/wp\/v2\/media\/596"}],"wp:attachment":[{"href":"https:\/\/agrupacionespsoe.es\/ponferrada\/wp-json\/wp\/v2\/media?parent=595"}],"wp:term":[{"taxonomy":"category","embeddable":true,"href":"https:\/\/agrupacionespsoe.es\/ponferrada\/wp-json\/wp\/v2\/categories?post=595"},{"taxonomy":"post_tag","embeddable":true,"href":"https:\/\/agrupacionespsoe.es\/ponferrada\/wp-json\/wp\/v2\/tags?post=595"}],"curies":[{"name":"wp","href":"https:\/\/api.w.org\/{rel}","templated":true}]}}