{"id":579,"date":"2024-09-03T16:44:56","date_gmt":"2024-09-03T16:44:56","guid":{"rendered":"https:\/\/agrupacionespsoe.es\/ponferrada\/?p=579"},"modified":"2024-09-05T16:53:40","modified_gmt":"2024-09-05T16:53:40","slug":"el-gms-visita-dehesas-para-hacerse-eco-de-las-reivindicaciones-delpueblo","status":"publish","type":"post","link":"https:\/\/agrupacionespsoe.es\/ponferrada\/el-gms-visita-dehesas-para-hacerse-eco-de-las-reivindicaciones-delpueblo\/","title":{"rendered":"El GMS visita Dehesas para hacerse eco de las reivindicaciones delpueblo"},"content":{"rendered":"\n<p class=\"has-large-font-size\">El equipo de gobierno ha convertido a Dehesas en una selva y suspromesas se han convertido en humo<\/p>\n\n\n\n<p>El portavoz del Grupo Municipal Socialista junto con el responsable del<br>\u00e1rea de medio rural del grupo, Andr\u00e9s Gabella, han mantenido una<br>reuni\u00f3n con nuestro candidato a la pedan\u00eda de Dehesas, Jose Indalecio<br>Valderrey en la que han visitado el pueblo de Dehesas.<\/p>\n\n\n\n<p><br>En la visita han comprobado de primera mano el estado de abandono en<br>el que el actual equipo de gobierno tiene a la pedan\u00eda de Dehesas, aunque<br>ese abandono es generalizado en barrios y pedan\u00edas y lamentablemente<br>no se circunscribe solo a Dehesas, ha se\u00f1alado Andr\u00e9s Gabella.<br>Andr\u00e9s ha se\u00f1alado que \u201csi bien, el actual alcalde como portavoz de la<br>oposici\u00f3n hablaba de que la situaci\u00f3n de Dehesas requer\u00eda de una<br>soluci\u00f3n inmediata, hemos comprobado que las palabras en la oposici\u00f3n<br>son solo humo cuando gobiernan.\u201d<\/p>\n\n\n\n<p><br>Andr\u00e9s Gabella exige al concejal de medio rural y al concejal de<br>medioambiente que act\u00faen de manera urgente para adecentar la pedan\u00eda.<br>\u201cSolo hay que darse una vuelta por el pueblo para ver el estado<br>lamentable. Todos los espacios p\u00fablicos sin desbrozar con malas hierbas<br>por encima de las rodillas, jardines abandonados de manera alarmante,<br>aceras intransitables con carros de bebe o sillas de rueda por las hierbas y<br>arbustos que invaden las mismas, al igual que arcenes y cunetas, cruces<br>sin visibilidad por la vegetaci\u00f3n que se vuelven peligrosos\u201d. Andr\u00e9s Gabella<br>ha querido recordar que hace apenas unas semanas el concejal de<br>Medioambiente sacaba pecho por su gesti\u00f3n con el desbroce y los<br>requerimientos a propietarios para que mantengan el ornato p\u00fablico.<br>Se\u00f1ala que \u201cigual dedica mucho tiempo a sus actividades como cargo org\u00e1nico del PP y le impide darse cuenta del estado en el que tiene a<br>Dehesas\u201d.<\/p>\n\n\n\n<figure class=\"wp-block-image size-large\"><img loading=\"lazy\" decoding=\"async\" width=\"1024\" height=\"768\" src=\"https:\/\/agrupacionespsoe.es\/ponferrada\/wp-content\/uploads\/sites\/36\/2024\/09\/porterias-sin-colocar-1024x768.jpeg\" alt=\"\" class=\"wp-image-580\" srcset=\"https:\/\/agrupacionespsoe.es\/ponferrada\/wp-content\/uploads\/sites\/36\/2024\/09\/porterias-sin-colocar-1024x768.jpeg 1024w, https:\/\/agrupacionespsoe.es\/ponferrada\/wp-content\/uploads\/sites\/36\/2024\/09\/porterias-sin-colocar-300x225.jpeg 300w, https:\/\/agrupacionespsoe.es\/ponferrada\/wp-content\/uploads\/sites\/36\/2024\/09\/porterias-sin-colocar-768x576.jpeg 768w, https:\/\/agrupacionespsoe.es\/ponferrada\/wp-content\/uploads\/sites\/36\/2024\/09\/porterias-sin-colocar-1536x1152.jpeg 1536w, https:\/\/agrupacionespsoe.es\/ponferrada\/wp-content\/uploads\/sites\/36\/2024\/09\/porterias-sin-colocar.jpeg 2000w\" sizes=\"auto, (max-width: 1024px) 100vw, 1024px\" \/><\/figure>\n\n\n\n<p><br>Ha continuado se\u00f1alando que \u201cmenci\u00f3n especial el estado de los<br>sumideros, completamente cubiertos de hierbas, que provocan problemas<br>en desag\u00fces de la vecindad\u201d.<\/p>\n\n\n\n<p><br>Indica que \u201cel estado es tan lamentable que est\u00e1n poniendo nombre a los<br>baches y el primero parece que se lo han dedicado al propio alcalde.\u201d<br>Andr\u00e9s Gabella tambi\u00e9n ha denunciado la cantidad de basura que se<br>acumula alrededor de los contenedores, \u201cno hay ni un solo contenedor en<br>el que no se acumule por semanas o incluso meses basura, es<br>sorprendente y lamentable, parece que es otro municipio\u201d \u2013concluye.<br>Por su parte Jose Indalecio Valderrey ha denunciado el estado en el que se<br>encuentra la plaza aleda\u00f1a al centro c\u00edvico de Dehesas, ha lamentado que<br>el ayuntamiento haya ofrecido en las instalaciones de la ludoteca de<br>Dehesas el Servicio de Conciliaci\u00f3n Laboral y Familiar \u00abCon tu tiempo\u00bb<br>2024 hasta el pasado 30 de agosto y que decenas de ni\u00f1os que estaban<br>apuntados han tenido que jugar en la \u201cselva\u201d en la que el equipo de<br>gobierno tiene el entorno de la ludoteca y centro c\u00edvico. No solo hay<br>juegos infantiles con graves roturas que pueden ser peligrosas sino que el<br>entorno necesita de desbroce y adecuaci\u00f3n.<\/p>\n\n\n\n<p><br>Jose Indalecio Valderrey se\u00f1ala que era una pena ver el estado de los<br>espacios p\u00fablicos en los que los ni\u00f1as y ni\u00f1os jugaban todos los d\u00edas, y la<br>mala imagen que se est\u00e1 dando a las familias que decidieron apuntarse al<br>servicio en Dehesas.<\/p>\n\n\n\n<p><br>Acaba denunciado que han colocado biosaludables sin siquiera allanar el<br>terreno en el que crecen las malas hierbas sin control, entre agujeros y<br>piedras\u201d.<\/p>\n\n\n\n<p><br>Por su parte Olegario Ram\u00f3n, se\u00f1ala que Dehesas es la primera visita en<br>un calendario en la que desde el PSOE recorreremos pedan\u00edas y barrios<br>para hacernos eco de las numerosas denuncias que los y las vecinas est\u00e1n<br>haciendo del estado de abandono de barrios y pedan\u00edas.<\/p>\n\n\n\n<p>Olegario Ram\u00f3n se\u00f1ala que el actual equipo de gobierno \u201cni siquiera ha<br>sido capaz de poner las nuevas porter\u00edas en el campo de f\u00fatbol, y que las<br>tienen tiradas junto al campo de futbol que se adquirieron por parte de su<br>gobierno, y que las tienen tiradas junto al campo de futbol. Ya no solo es<br>que no inviertan ni gasten en mantenimiento, es que ni siquiera son<br>capaces de poner unas porter\u00edas que ya est\u00e1n all\u00ed. Es el colmo de la<br>dejadez. La flema con la que act\u00faa para arreglar barrios y pedan\u00edas se<br>contrapone a la prisa que tiene para arreglar asuntos que afectan a<br>grandes empresas, como ejemplo reciente el acuerdo con el Banco<br>Santander o cuando adjudic\u00f3 de manera directa el servicio de autobuses<br>con un coste de 89.000 euros m\u00e1s al mes por el mismo servicio. \u201c<br>Contin\u00faa se\u00f1alando que \u201cel actual alcalde se present\u00f3 a las elecciones<br>prometiendo que no iba a haber barrios de primero y de segunda, pero en<br>este primer a\u00f1o de mandato ha demostrado que es todo lo contrario, que<br>centran su actividad en el centro y en la zona alta y lo dem\u00e1s est\u00e1<br>completamente abandonado.\u201d<\/p>\n\n\n\n<p><br>Adem\u00e1s, Olegario Ram\u00f3n, ha mostrado su preocupaci\u00f3n por la pr\u00f3xima<br>jubilaci\u00f3n del actual m\u00e9dico de Dehesas que, seg\u00fan nos han contado los<br>vecinos, no est\u00e1 previsto su reemplazo con lo que obligar\u00eda a los<br>habitantes de Dehesas a recorrer varios kil\u00f3metros para tener asistencia<br>m\u00e9dica e incidir\u00eda de manera muy negativa en el mantenimiento de la<br>poblaci\u00f3n en el pueblo. \u201cLos socialistas tenemos claro, que es<br>indispensable ofrece servicios en los n\u00facleos rurales para asentar<br>poblaci\u00f3n y fijarla, y la pol\u00edtica sanitaria de la Junta va totalmente en<br>contra de esta aspiraci\u00f3n, nos preocupa que Dehesas se una a esa larga<br>lista de pueblos que no cuentan con m\u00e9dico\u201d<\/p>\n\n\n\n<p><br>Para acabar se\u00f1ala que la gente del pueblo de Dehesas merece lo mismo<br>que los residentes de otras zonas de la ciudad y pide al actual equipo de<br>gobierno que cumpla con todos los ciudadanos, los socialistas estaremos<br>apoyando las justas reivindicaciones de la ciudadan\u00eda.<\/p>\n\n\n\n<figure class=\"wp-block-gallery has-nested-images columns-default is-cropped wp-block-gallery-1 is-layout-flex wp-block-gallery-is-layout-flex\">\n<figure class=\"wp-block-image size-large\"><img loading=\"lazy\" decoding=\"async\" width=\"1024\" height=\"461\" data-id=\"583\" src=\"https:\/\/agrupacionespsoe.es\/ponferrada\/wp-content\/uploads\/sites\/36\/2024\/09\/sumideros-1024x461.jpeg\" alt=\"\" class=\"wp-image-583\" srcset=\"https:\/\/agrupacionespsoe.es\/ponferrada\/wp-content\/uploads\/sites\/36\/2024\/09\/sumideros-1024x461.jpeg 1024w, https:\/\/agrupacionespsoe.es\/ponferrada\/wp-content\/uploads\/sites\/36\/2024\/09\/sumideros-300x135.jpeg 300w, https:\/\/agrupacionespsoe.es\/ponferrada\/wp-content\/uploads\/sites\/36\/2024\/09\/sumideros-768x346.jpeg 768w, https:\/\/agrupacionespsoe.es\/ponferrada\/wp-content\/uploads\/sites\/36\/2024\/09\/sumideros-1536x691.jpeg 1536w, https:\/\/agrupacionespsoe.es\/ponferrada\/wp-content\/uploads\/sites\/36\/2024\/09\/sumideros.jpeg 2000w\" sizes=\"auto, (max-width: 1024px) 100vw, 1024px\" \/><\/figure>\n\n\n\n<figure class=\"wp-block-image size-large\"><img loading=\"lazy\" decoding=\"async\" width=\"1024\" height=\"461\" data-id=\"581\" src=\"https:\/\/agrupacionespsoe.es\/ponferrada\/wp-content\/uploads\/sites\/36\/2024\/09\/basura-acumulada-1024x461.jpeg\" alt=\"\" class=\"wp-image-581\" srcset=\"https:\/\/agrupacionespsoe.es\/ponferrada\/wp-content\/uploads\/sites\/36\/2024\/09\/basura-acumulada-1024x461.jpeg 1024w, https:\/\/agrupacionespsoe.es\/ponferrada\/wp-content\/uploads\/sites\/36\/2024\/09\/basura-acumulada-300x135.jpeg 300w, https:\/\/agrupacionespsoe.es\/ponferrada\/wp-content\/uploads\/sites\/36\/2024\/09\/basura-acumulada-768x346.jpeg 768w, https:\/\/agrupacionespsoe.es\/ponferrada\/wp-content\/uploads\/sites\/36\/2024\/09\/basura-acumulada-1536x691.jpeg 1536w, https:\/\/agrupacionespsoe.es\/ponferrada\/wp-content\/uploads\/sites\/36\/2024\/09\/basura-acumulada.jpeg 2000w\" sizes=\"auto, (max-width: 1024px) 100vw, 1024px\" \/><\/figure>\n\n\n\n<figure class=\"wp-block-image size-large\"><img loading=\"lazy\" decoding=\"async\" width=\"461\" height=\"1024\" data-id=\"582\" src=\"https:\/\/agrupacionespsoe.es\/ponferrada\/wp-content\/uploads\/sites\/36\/2024\/09\/basura-acumulada-1-461x1024.jpeg\" alt=\"\" class=\"wp-image-582\" srcset=\"https:\/\/agrupacionespsoe.es\/ponferrada\/wp-content\/uploads\/sites\/36\/2024\/09\/basura-acumulada-1-461x1024.jpeg 461w, https:\/\/agrupacionespsoe.es\/ponferrada\/wp-content\/uploads\/sites\/36\/2024\/09\/basura-acumulada-1-135x300.jpeg 135w, https:\/\/agrupacionespsoe.es\/ponferrada\/wp-content\/uploads\/sites\/36\/2024\/09\/basura-acumulada-1-768x1707.jpeg 768w, https:\/\/agrupacionespsoe.es\/ponferrada\/wp-content\/uploads\/sites\/36\/2024\/09\/basura-acumulada-1-691x1536.jpeg 691w, https:\/\/agrupacionespsoe.es\/ponferrada\/wp-content\/uploads\/sites\/36\/2024\/09\/basura-acumulada-1.jpeg 900w\" sizes=\"auto, (max-width: 461px) 100vw, 461px\" \/><\/figure>\n\n\n\n<figure class=\"wp-block-image size-large\"><img loading=\"lazy\" decoding=\"async\" width=\"1024\" height=\"768\" data-id=\"585\" src=\"https:\/\/agrupacionespsoe.es\/ponferrada\/wp-content\/uploads\/sites\/36\/2024\/09\/basuras-4-1024x768.jpeg\" alt=\"\" class=\"wp-image-585\" srcset=\"https:\/\/agrupacionespsoe.es\/ponferrada\/wp-content\/uploads\/sites\/36\/2024\/09\/basuras-4-1024x768.jpeg 1024w, https:\/\/agrupacionespsoe.es\/ponferrada\/wp-content\/uploads\/sites\/36\/2024\/09\/basuras-4-300x225.jpeg 300w, https:\/\/agrupacionespsoe.es\/ponferrada\/wp-content\/uploads\/sites\/36\/2024\/09\/basuras-4-768x576.jpeg 768w, https:\/\/agrupacionespsoe.es\/ponferrada\/wp-content\/uploads\/sites\/36\/2024\/09\/basuras-4-1536x1152.jpeg 1536w, https:\/\/agrupacionespsoe.es\/ponferrada\/wp-content\/uploads\/sites\/36\/2024\/09\/basuras-4.jpeg 2000w\" sizes=\"auto, (max-width: 1024px) 100vw, 1024px\" \/><\/figure>\n\n\n\n<figure class=\"wp-block-image size-large\"><img loading=\"lazy\" decoding=\"async\" width=\"1024\" height=\"768\" data-id=\"587\" src=\"https:\/\/agrupacionespsoe.es\/ponferrada\/wp-content\/uploads\/sites\/36\/2024\/09\/porterias-sin-colocar-1-1024x768.jpeg\" alt=\"\" class=\"wp-image-587\" srcset=\"https:\/\/agrupacionespsoe.es\/ponferrada\/wp-content\/uploads\/sites\/36\/2024\/09\/porterias-sin-colocar-1-1024x768.jpeg 1024w, https:\/\/agrupacionespsoe.es\/ponferrada\/wp-content\/uploads\/sites\/36\/2024\/09\/porterias-sin-colocar-1-300x225.jpeg 300w, https:\/\/agrupacionespsoe.es\/ponferrada\/wp-content\/uploads\/sites\/36\/2024\/09\/porterias-sin-colocar-1-768x576.jpeg 768w, https:\/\/agrupacionespsoe.es\/ponferrada\/wp-content\/uploads\/sites\/36\/2024\/09\/porterias-sin-colocar-1-1536x1152.jpeg 1536w, https:\/\/agrupacionespsoe.es\/ponferrada\/wp-content\/uploads\/sites\/36\/2024\/09\/porterias-sin-colocar-1.jpeg 2000w\" sizes=\"auto, (max-width: 1024px) 100vw, 1024px\" \/><\/figure>\n\n\n\n<figure class=\"wp-block-image size-large\"><img loading=\"lazy\" decoding=\"async\" width=\"461\" height=\"1024\" data-id=\"584\" src=\"https:\/\/agrupacionespsoe.es\/ponferrada\/wp-content\/uploads\/sites\/36\/2024\/09\/aceras-461x1024.jpeg\" alt=\"\" class=\"wp-image-584\" srcset=\"https:\/\/agrupacionespsoe.es\/ponferrada\/wp-content\/uploads\/sites\/36\/2024\/09\/aceras-461x1024.jpeg 461w, https:\/\/agrupacionespsoe.es\/ponferrada\/wp-content\/uploads\/sites\/36\/2024\/09\/aceras-135x300.jpeg 135w, https:\/\/agrupacionespsoe.es\/ponferrada\/wp-content\/uploads\/sites\/36\/2024\/09\/aceras-768x1707.jpeg 768w, https:\/\/agrupacionespsoe.es\/ponferrada\/wp-content\/uploads\/sites\/36\/2024\/09\/aceras-691x1536.jpeg 691w, https:\/\/agrupacionespsoe.es\/ponferrada\/wp-content\/uploads\/sites\/36\/2024\/09\/aceras.jpeg 900w\" sizes=\"auto, (max-width: 461px) 100vw, 461px\" \/><\/figure>\n\n\n\n<figure class=\"wp-block-image size-large\"><img loading=\"lazy\" decoding=\"async\" width=\"1024\" height=\"768\" data-id=\"588\" src=\"https:\/\/agrupacionespsoe.es\/ponferrada\/wp-content\/uploads\/sites\/36\/2024\/09\/basura-3-1024x768.jpeg\" alt=\"\" class=\"wp-image-588\" srcset=\"https:\/\/agrupacionespsoe.es\/ponferrada\/wp-content\/uploads\/sites\/36\/2024\/09\/basura-3-1024x768.jpeg 1024w, https:\/\/agrupacionespsoe.es\/ponferrada\/wp-content\/uploads\/sites\/36\/2024\/09\/basura-3-300x225.jpeg 300w, https:\/\/agrupacionespsoe.es\/ponferrada\/wp-content\/uploads\/sites\/36\/2024\/09\/basura-3-768x576.jpeg 768w, https:\/\/agrupacionespsoe.es\/ponferrada\/wp-content\/uploads\/sites\/36\/2024\/09\/basura-3-1536x1152.jpeg 1536w, https:\/\/agrupacionespsoe.es\/ponferrada\/wp-content\/uploads\/sites\/36\/2024\/09\/basura-3.jpeg 2000w\" sizes=\"auto, (max-width: 1024px) 100vw, 1024px\" \/><\/figure>\n\n\n\n<figure class=\"wp-block-image size-large\"><img loading=\"lazy\" decoding=\"async\" width=\"1024\" height=\"768\" data-id=\"586\" src=\"https:\/\/agrupacionespsoe.es\/ponferrada\/wp-content\/uploads\/sites\/36\/2024\/09\/bache-Morala-1024x768.jpeg\" alt=\"\" class=\"wp-image-586\" srcset=\"https:\/\/agrupacionespsoe.es\/ponferrada\/wp-content\/uploads\/sites\/36\/2024\/09\/bache-Morala-1024x768.jpeg 1024w, https:\/\/agrupacionespsoe.es\/ponferrada\/wp-content\/uploads\/sites\/36\/2024\/09\/bache-Morala-300x225.jpeg 300w, https:\/\/agrupacionespsoe.es\/ponferrada\/wp-content\/uploads\/sites\/36\/2024\/09\/bache-Morala-768x576.jpeg 768w, https:\/\/agrupacionespsoe.es\/ponferrada\/wp-content\/uploads\/sites\/36\/2024\/09\/bache-Morala-1536x1152.jpeg 1536w, https:\/\/agrupacionespsoe.es\/ponferrada\/wp-content\/uploads\/sites\/36\/2024\/09\/bache-Morala.jpeg 2000w\" sizes=\"auto, (max-width: 1024px) 100vw, 1024px\" \/><\/figure>\n\n\n\n<figure class=\"wp-block-image size-large\"><img loading=\"lazy\" decoding=\"async\" width=\"1024\" height=\"768\" data-id=\"589\" src=\"https:\/\/agrupacionespsoe.es\/ponferrada\/wp-content\/uploads\/sites\/36\/2024\/09\/biosaludables-1024x768.jpeg\" alt=\"\" class=\"wp-image-589\" srcset=\"https:\/\/agrupacionespsoe.es\/ponferrada\/wp-content\/uploads\/sites\/36\/2024\/09\/biosaludables-1024x768.jpeg 1024w, https:\/\/agrupacionespsoe.es\/ponferrada\/wp-content\/uploads\/sites\/36\/2024\/09\/biosaludables-300x225.jpeg 300w, https:\/\/agrupacionespsoe.es\/ponferrada\/wp-content\/uploads\/sites\/36\/2024\/09\/biosaludables-768x576.jpeg 768w, https:\/\/agrupacionespsoe.es\/ponferrada\/wp-content\/uploads\/sites\/36\/2024\/09\/biosaludables-1536x1152.jpeg 1536w, https:\/\/agrupacionespsoe.es\/ponferrada\/wp-content\/uploads\/sites\/36\/2024\/09\/biosaludables.jpeg 2000w\" sizes=\"auto, (max-width: 1024px) 100vw, 1024px\" \/><\/figure>\n\n\n\n<figure class=\"wp-block-image size-large\"><img loading=\"lazy\" decoding=\"async\" width=\"1024\" height=\"768\" data-id=\"590\" src=\"https:\/\/agrupacionespsoe.es\/ponferrada\/wp-content\/uploads\/sites\/36\/2024\/09\/juegos-infantiles-1024x768.jpeg\" alt=\"\" class=\"wp-image-590\" srcset=\"https:\/\/agrupacionespsoe.es\/ponferrada\/wp-content\/uploads\/sites\/36\/2024\/09\/juegos-infantiles-1024x768.jpeg 1024w, https:\/\/agrupacionespsoe.es\/ponferrada\/wp-content\/uploads\/sites\/36\/2024\/09\/juegos-infantiles-300x225.jpeg 300w, https:\/\/agrupacionespsoe.es\/ponferrada\/wp-content\/uploads\/sites\/36\/2024\/09\/juegos-infantiles-768x576.jpeg 768w, https:\/\/agrupacionespsoe.es\/ponferrada\/wp-content\/uploads\/sites\/36\/2024\/09\/juegos-infantiles-1536x1152.jpeg 1536w, https:\/\/agrupacionespsoe.es\/ponferrada\/wp-content\/uploads\/sites\/36\/2024\/09\/juegos-infantiles.jpeg 2000w\" sizes=\"auto, (max-width: 1024px) 100vw, 1024px\" \/><\/figure>\n\n\n\n<figure class=\"wp-block-image size-large\"><img loading=\"lazy\" decoding=\"async\" width=\"1024\" height=\"768\" data-id=\"591\" src=\"https:\/\/agrupacionespsoe.es\/ponferrada\/wp-content\/uploads\/sites\/36\/2024\/09\/plaza-ludoteca-1024x768.jpeg\" alt=\"\" class=\"wp-image-591\" srcset=\"https:\/\/agrupacionespsoe.es\/ponferrada\/wp-content\/uploads\/sites\/36\/2024\/09\/plaza-ludoteca-1024x768.jpeg 1024w, https:\/\/agrupacionespsoe.es\/ponferrada\/wp-content\/uploads\/sites\/36\/2024\/09\/plaza-ludoteca-300x225.jpeg 300w, https:\/\/agrupacionespsoe.es\/ponferrada\/wp-content\/uploads\/sites\/36\/2024\/09\/plaza-ludoteca-768x576.jpeg 768w, https:\/\/agrupacionespsoe.es\/ponferrada\/wp-content\/uploads\/sites\/36\/2024\/09\/plaza-ludoteca-1536x1152.jpeg 1536w, https:\/\/agrupacionespsoe.es\/ponferrada\/wp-content\/uploads\/sites\/36\/2024\/09\/plaza-ludoteca.jpeg 2000w\" sizes=\"auto, (max-width: 1024px) 100vw, 1024px\" \/><\/figure>\n\n\n\n<figure class=\"wp-block-image size-large\"><img loading=\"lazy\" decoding=\"async\" width=\"461\" height=\"1024\" data-id=\"592\" src=\"https:\/\/agrupacionespsoe.es\/ponferrada\/wp-content\/uploads\/sites\/36\/2024\/09\/juegos-infantiles-1-461x1024.jpeg\" alt=\"\" class=\"wp-image-592\" srcset=\"https:\/\/agrupacionespsoe.es\/ponferrada\/wp-content\/uploads\/sites\/36\/2024\/09\/juegos-infantiles-1-461x1024.jpeg 461w, https:\/\/agrupacionespsoe.es\/ponferrada\/wp-content\/uploads\/sites\/36\/2024\/09\/juegos-infantiles-1-135x300.jpeg 135w, https:\/\/agrupacionespsoe.es\/ponferrada\/wp-content\/uploads\/sites\/36\/2024\/09\/juegos-infantiles-1-768x1707.jpeg 768w, https:\/\/agrupacionespsoe.es\/ponferrada\/wp-content\/uploads\/sites\/36\/2024\/09\/juegos-infantiles-1-691x1536.jpeg 691w, https:\/\/agrupacionespsoe.es\/ponferrada\/wp-content\/uploads\/sites\/36\/2024\/09\/juegos-infantiles-1.jpeg 900w\" sizes=\"auto, (max-width: 461px) 100vw, 461px\" \/><\/figure>\n\n\n\n<figure class=\"wp-block-image size-large\"><img loading=\"lazy\" decoding=\"async\" width=\"1024\" height=\"768\" data-id=\"593\" src=\"https:\/\/agrupacionespsoe.es\/ponferrada\/wp-content\/uploads\/sites\/36\/2024\/09\/plaza-ludoteca-1-1024x768.jpeg\" alt=\"\" class=\"wp-image-593\" srcset=\"https:\/\/agrupacionespsoe.es\/ponferrada\/wp-content\/uploads\/sites\/36\/2024\/09\/plaza-ludoteca-1-1024x768.jpeg 1024w, https:\/\/agrupacionespsoe.es\/ponferrada\/wp-content\/uploads\/sites\/36\/2024\/09\/plaza-ludoteca-1-300x225.jpeg 300w, https:\/\/agrupacionespsoe.es\/ponferrada\/wp-content\/uploads\/sites\/36\/2024\/09\/plaza-ludoteca-1-768x576.jpeg 768w, https:\/\/agrupacionespsoe.es\/ponferrada\/wp-content\/uploads\/sites\/36\/2024\/09\/plaza-ludoteca-1-1536x1152.jpeg 1536w, https:\/\/agrupacionespsoe.es\/ponferrada\/wp-content\/uploads\/sites\/36\/2024\/09\/plaza-ludoteca-1.jpeg 2000w\" sizes=\"auto, (max-width: 1024px) 100vw, 1024px\" \/><\/figure>\n<\/figure>\n","protected":false},"excerpt":{"rendered":"<p>El equipo de gobierno ha convertido a Dehesas en una selva y suspromesas se han convertido en humo El portavoz del Grupo Municipal Socialista junto con el responsable del\u00e1rea de medio rural del grupo, Andr\u00e9s Gabella, han mantenido unareuni\u00f3n con nuestro candidato a la pedan\u00eda de Dehesas, Jose IndalecioValderrey en la que han visitado el &#8230;<\/p>\n","protected":false},"author":32,"featured_media":587,"comment_status":"open","ping_status":"open","sticky":false,"template":"","format":"standard","meta":{"_jetpack_memberships_contains_paid_content":false,"footnotes":""},"categories":[6],"tags":[],"class_list":["post-579","post","type-post","status-publish","format-standard","has-post-thumbnail","hentry","category-actualidad"],"yoast_head":"<!-- This site is optimized with the Yoast SEO plugin v24.0 - https:\/\/yoast.com\/wordpress\/plugins\/seo\/ -->\n<title>El GMS visita Dehesas para hacerse eco de las reivindicaciones delpueblo - Agrupaci\u00f3n Socialista de Ponferrada<\/title>\n<meta name=\"robots\" content=\"index, follow, max-snippet:-1, max-image-preview:large, max-video-preview:-1\" \/>\n<link rel=\"canonical\" href=\"https:\/\/agrupacionespsoe.es\/ponferrada\/el-gms-visita-dehesas-para-hacerse-eco-de-las-reivindicaciones-delpueblo\/\" \/>\n<meta property=\"og:locale\" content=\"es_ES\" \/>\n<meta property=\"og:type\" content=\"article\" \/>\n<meta property=\"og:title\" content=\"El GMS visita Dehesas para hacerse eco de las reivindicaciones delpueblo - Agrupaci\u00f3n Socialista de Ponferrada\" \/>\n<meta property=\"og:description\" content=\"El equipo de gobierno ha convertido a Dehesas en una selva y suspromesas se han convertido en humo El portavoz del Grupo Municipal Socialista junto con el responsable del\u00e1rea de medio rural del grupo, Andr\u00e9s Gabella, han mantenido unareuni\u00f3n con nuestro candidato a la pedan\u00eda de Dehesas, Jose IndalecioValderrey en la que han visitado el ...\" \/>\n<meta property=\"og:url\" content=\"https:\/\/agrupacionespsoe.es\/ponferrada\/el-gms-visita-dehesas-para-hacerse-eco-de-las-reivindicaciones-delpueblo\/\" \/>\n<meta property=\"og:site_name\" content=\"Agrupaci\u00f3n Socialista de Ponferrada\" \/>\n<meta property=\"article:published_time\" content=\"2024-09-03T16:44:56+00:00\" \/>\n<meta property=\"article:modified_time\" content=\"2024-09-05T16:53:40+00:00\" \/>\n<meta property=\"og:image\" content=\"https:\/\/agrupacionespsoe.es\/ponferrada\/wp-content\/uploads\/sites\/36\/2024\/09\/porterias-sin-colocar-1.jpeg\" \/>\n\t<meta property=\"og:image:width\" content=\"2000\" \/>\n\t<meta property=\"og:image:height\" content=\"1500\" \/>\n\t<meta property=\"og:image:type\" content=\"image\/jpeg\" \/>\n<meta name=\"author\" content=\"ponferrada2\" \/>\n<meta name=\"twitter:card\" content=\"summary_large_image\" \/>\n<meta name=\"twitter:label1\" content=\"Escrito por\" \/>\n\t<meta name=\"twitter:data1\" content=\"ponferrada2\" \/>\n\t<meta name=\"twitter:label2\" content=\"Tiempo de lectura\" \/>\n\t<meta name=\"twitter:data2\" content=\"8 minutos\" \/>\n<script type=\"application\/ld+json\" class=\"yoast-schema-graph\">{\"@context\":\"https:\/\/schema.org\",\"@graph\":[{\"@type\":\"Article\",\"@id\":\"https:\/\/agrupacionespsoe.es\/ponferrada\/el-gms-visita-dehesas-para-hacerse-eco-de-las-reivindicaciones-delpueblo\/#article\",\"isPartOf\":{\"@id\":\"https:\/\/agrupacionespsoe.es\/ponferrada\/el-gms-visita-dehesas-para-hacerse-eco-de-las-reivindicaciones-delpueblo\/\"},\"author\":{\"name\":\"ponferrada2\",\"@id\":\"https:\/\/agrupacionespsoe.es\/ponferrada\/#\/schema\/person\/cd29ee627f3b70c05d415f02596debaa\"},\"headline\":\"El GMS visita Dehesas para hacerse eco de las reivindicaciones delpueblo\",\"datePublished\":\"2024-09-03T16:44:56+00:00\",\"dateModified\":\"2024-09-05T16:53:40+00:00\",\"mainEntityOfPage\":{\"@id\":\"https:\/\/agrupacionespsoe.es\/ponferrada\/el-gms-visita-dehesas-para-hacerse-eco-de-las-reivindicaciones-delpueblo\/\"},\"wordCount\":985,\"commentCount\":0,\"publisher\":{\"@id\":\"https:\/\/agrupacionespsoe.es\/ponferrada\/#organization\"},\"image\":{\"@id\":\"https:\/\/agrupacionespsoe.es\/ponferrada\/el-gms-visita-dehesas-para-hacerse-eco-de-las-reivindicaciones-delpueblo\/#primaryimage\"},\"thumbnailUrl\":\"https:\/\/agrupacionespsoe.es\/ponferrada\/wp-content\/uploads\/sites\/36\/2024\/09\/porterias-sin-colocar-1.jpeg\",\"articleSection\":[\"ACTUALIDAD\"],\"inLanguage\":\"es\",\"potentialAction\":[{\"@type\":\"CommentAction\",\"name\":\"Comment\",\"target\":[\"https:\/\/agrupacionespsoe.es\/ponferrada\/el-gms-visita-dehesas-para-hacerse-eco-de-las-reivindicaciones-delpueblo\/#respond\"]}]},{\"@type\":\"WebPage\",\"@id\":\"https:\/\/agrupacionespsoe.es\/ponferrada\/el-gms-visita-dehesas-para-hacerse-eco-de-las-reivindicaciones-delpueblo\/\",\"url\":\"https:\/\/agrupacionespsoe.es\/ponferrada\/el-gms-visita-dehesas-para-hacerse-eco-de-las-reivindicaciones-delpueblo\/\",\"name\":\"El GMS visita Dehesas para hacerse eco de las reivindicaciones delpueblo - Agrupaci\u00f3n Socialista de Ponferrada\",\"isPartOf\":{\"@id\":\"https:\/\/agrupacionespsoe.es\/ponferrada\/#website\"},\"primaryImageOfPage\":{\"@id\":\"https:\/\/agrupacionespsoe.es\/ponferrada\/el-gms-visita-dehesas-para-hacerse-eco-de-las-reivindicaciones-delpueblo\/#primaryimage\"},\"image\":{\"@id\":\"https:\/\/agrupacionespsoe.es\/ponferrada\/el-gms-visita-dehesas-para-hacerse-eco-de-las-reivindicaciones-delpueblo\/#primaryimage\"},\"thumbnailUrl\":\"https:\/\/agrupacionespsoe.es\/ponferrada\/wp-content\/uploads\/sites\/36\/2024\/09\/porterias-sin-colocar-1.jpeg\",\"datePublished\":\"2024-09-03T16:44:56+00:00\",\"dateModified\":\"2024-09-05T16:53:40+00:00\",\"breadcrumb\":{\"@id\":\"https:\/\/agrupacionespsoe.es\/ponferrada\/el-gms-visita-dehesas-para-hacerse-eco-de-las-reivindicaciones-delpueblo\/#breadcrumb\"},\"inLanguage\":\"es\",\"potentialAction\":[{\"@type\":\"ReadAction\",\"target\":[\"https:\/\/agrupacionespsoe.es\/ponferrada\/el-gms-visita-dehesas-para-hacerse-eco-de-las-reivindicaciones-delpueblo\/\"]}]},{\"@type\":\"ImageObject\",\"inLanguage\":\"es\",\"@id\":\"https:\/\/agrupacionespsoe.es\/ponferrada\/el-gms-visita-dehesas-para-hacerse-eco-de-las-reivindicaciones-delpueblo\/#primaryimage\",\"url\":\"https:\/\/agrupacionespsoe.es\/ponferrada\/wp-content\/uploads\/sites\/36\/2024\/09\/porterias-sin-colocar-1.jpeg\",\"contentUrl\":\"https:\/\/agrupacionespsoe.es\/ponferrada\/wp-content\/uploads\/sites\/36\/2024\/09\/porterias-sin-colocar-1.jpeg\",\"width\":2000,\"height\":1500},{\"@type\":\"BreadcrumbList\",\"@id\":\"https:\/\/agrupacionespsoe.es\/ponferrada\/el-gms-visita-dehesas-para-hacerse-eco-de-las-reivindicaciones-delpueblo\/#breadcrumb\",\"itemListElement\":[{\"@type\":\"ListItem\",\"position\":1,\"name\":\"Portada\",\"item\":\"https:\/\/agrupacionespsoe.es\/ponferrada\/\"},{\"@type\":\"ListItem\",\"position\":2,\"name\":\"El GMS visita Dehesas para hacerse eco de las reivindicaciones delpueblo\"}]},{\"@type\":\"WebSite\",\"@id\":\"https:\/\/agrupacionespsoe.es\/ponferrada\/#website\",\"url\":\"https:\/\/agrupacionespsoe.es\/ponferrada\/\",\"name\":\"Agrupaci\u00f3n Socialista de Ponferrada\",\"description\":\"Agrupaci\u00f3n Socialista de Ponferrada\",\"publisher\":{\"@id\":\"https:\/\/agrupacionespsoe.es\/ponferrada\/#organization\"},\"potentialAction\":[{\"@type\":\"SearchAction\",\"target\":{\"@type\":\"EntryPoint\",\"urlTemplate\":\"https:\/\/agrupacionespsoe.es\/ponferrada\/?s={search_term_string}\"},\"query-input\":{\"@type\":\"PropertyValueSpecification\",\"valueRequired\":true,\"valueName\":\"search_term_string\"}}],\"inLanguage\":\"es\"},{\"@type\":\"Organization\",\"@id\":\"https:\/\/agrupacionespsoe.es\/ponferrada\/#organization\",\"name\":\"Agrupaci\u00f3n Socialista de Ponferrada\",\"url\":\"https:\/\/agrupacionespsoe.es\/ponferrada\/\",\"logo\":{\"@type\":\"ImageObject\",\"inLanguage\":\"es\",\"@id\":\"https:\/\/agrupacionespsoe.es\/ponferrada\/#\/schema\/logo\/image\/\",\"url\":\"https:\/\/agrupacionespsoe.es\/wp-content\/uploads\/2022\/07\/Logotipo_electoral_del_PSOE.png\",\"contentUrl\":\"https:\/\/agrupacionespsoe.es\/wp-content\/uploads\/2022\/07\/Logotipo_electoral_del_PSOE.png\",\"width\":422,\"height\":422,\"caption\":\"Agrupaci\u00f3n Socialista de Ponferrada\"},\"image\":{\"@id\":\"https:\/\/agrupacionespsoe.es\/ponferrada\/#\/schema\/logo\/image\/\"}},{\"@type\":\"Person\",\"@id\":\"https:\/\/agrupacionespsoe.es\/ponferrada\/#\/schema\/person\/cd29ee627f3b70c05d415f02596debaa\",\"name\":\"ponferrada2\",\"image\":{\"@type\":\"ImageObject\",\"inLanguage\":\"es\",\"@id\":\"https:\/\/agrupacionespsoe.es\/ponferrada\/#\/schema\/person\/image\/\",\"url\":\"https:\/\/secure.gravatar.com\/avatar\/f499eeb60144c664cf7b7edf75549b50?s=96&d=mm&r=g\",\"contentUrl\":\"https:\/\/secure.gravatar.com\/avatar\/f499eeb60144c664cf7b7edf75549b50?s=96&d=mm&r=g\",\"caption\":\"ponferrada2\"},\"url\":\"https:\/\/agrupacionespsoe.es\/ponferrada\/author\/ponferrada2\/\"}]}<\/script>\n<!-- \/ Yoast SEO plugin. -->","yoast_head_json":{"title":"El GMS visita Dehesas para hacerse eco de las reivindicaciones delpueblo - Agrupaci\u00f3n Socialista de Ponferrada","robots":{"index":"index","follow":"follow","max-snippet":"max-snippet:-1","max-image-preview":"max-image-preview:large","max-video-preview":"max-video-preview:-1"},"canonical":"https:\/\/agrupacionespsoe.es\/ponferrada\/el-gms-visita-dehesas-para-hacerse-eco-de-las-reivindicaciones-delpueblo\/","og_locale":"es_ES","og_type":"article","og_title":"El GMS visita Dehesas para hacerse eco de las reivindicaciones delpueblo - Agrupaci\u00f3n Socialista de Ponferrada","og_description":"El equipo de gobierno ha convertido a Dehesas en una selva y suspromesas se han convertido en humo El portavoz del Grupo Municipal Socialista junto con el responsable del\u00e1rea de medio rural del grupo, Andr\u00e9s Gabella, han mantenido unareuni\u00f3n con nuestro candidato a la pedan\u00eda de Dehesas, Jose IndalecioValderrey en la que han visitado el ...","og_url":"https:\/\/agrupacionespsoe.es\/ponferrada\/el-gms-visita-dehesas-para-hacerse-eco-de-las-reivindicaciones-delpueblo\/","og_site_name":"Agrupaci\u00f3n Socialista de Ponferrada","article_published_time":"2024-09-03T16:44:56+00:00","article_modified_time":"2024-09-05T16:53:40+00:00","og_image":[{"width":2000,"height":1500,"url":"https:\/\/agrupacionespsoe.es\/ponferrada\/wp-content\/uploads\/sites\/36\/2024\/09\/porterias-sin-colocar-1.jpeg","type":"image\/jpeg"}],"author":"ponferrada2","twitter_card":"summary_large_image","twitter_misc":{"Escrito por":"ponferrada2","Tiempo de lectura":"8 minutos"},"schema":{"@context":"https:\/\/schema.org","@graph":[{"@type":"Article","@id":"https:\/\/agrupacionespsoe.es\/ponferrada\/el-gms-visita-dehesas-para-hacerse-eco-de-las-reivindicaciones-delpueblo\/#article","isPartOf":{"@id":"https:\/\/agrupacionespsoe.es\/ponferrada\/el-gms-visita-dehesas-para-hacerse-eco-de-las-reivindicaciones-delpueblo\/"},"author":{"name":"ponferrada2","@id":"https:\/\/agrupacionespsoe.es\/ponferrada\/#\/schema\/person\/cd29ee627f3b70c05d415f02596debaa"},"headline":"El GMS visita Dehesas para hacerse eco de las reivindicaciones delpueblo","datePublished":"2024-09-03T16:44:56+00:00","dateModified":"2024-09-05T16:53:40+00:00","mainEntityOfPage":{"@id":"https:\/\/agrupacionespsoe.es\/ponferrada\/el-gms-visita-dehesas-para-hacerse-eco-de-las-reivindicaciones-delpueblo\/"},"wordCount":985,"commentCount":0,"publisher":{"@id":"https:\/\/agrupacionespsoe.es\/ponferrada\/#organization"},"image":{"@id":"https:\/\/agrupacionespsoe.es\/ponferrada\/el-gms-visita-dehesas-para-hacerse-eco-de-las-reivindicaciones-delpueblo\/#primaryimage"},"thumbnailUrl":"https:\/\/agrupacionespsoe.es\/ponferrada\/wp-content\/uploads\/sites\/36\/2024\/09\/porterias-sin-colocar-1.jpeg","articleSection":["ACTUALIDAD"],"inLanguage":"es","potentialAction":[{"@type":"CommentAction","name":"Comment","target":["https:\/\/agrupacionespsoe.es\/ponferrada\/el-gms-visita-dehesas-para-hacerse-eco-de-las-reivindicaciones-delpueblo\/#respond"]}]},{"@type":"WebPage","@id":"https:\/\/agrupacionespsoe.es\/ponferrada\/el-gms-visita-dehesas-para-hacerse-eco-de-las-reivindicaciones-delpueblo\/","url":"https:\/\/agrupacionespsoe.es\/ponferrada\/el-gms-visita-dehesas-para-hacerse-eco-de-las-reivindicaciones-delpueblo\/","name":"El GMS visita Dehesas para hacerse eco de las reivindicaciones delpueblo - Agrupaci\u00f3n Socialista de Ponferrada","isPartOf":{"@id":"https:\/\/agrupacionespsoe.es\/ponferrada\/#website"},"primaryImageOfPage":{"@id":"https:\/\/agrupacionespsoe.es\/ponferrada\/el-gms-visita-dehesas-para-hacerse-eco-de-las-reivindicaciones-delpueblo\/#primaryimage"},"image":{"@id":"https:\/\/agrupacionespsoe.es\/ponferrada\/el-gms-visita-dehesas-para-hacerse-eco-de-las-reivindicaciones-delpueblo\/#primaryimage"},"thumbnailUrl":"https:\/\/agrupacionespsoe.es\/ponferrada\/wp-content\/uploads\/sites\/36\/2024\/09\/porterias-sin-colocar-1.jpeg","datePublished":"2024-09-03T16:44:56+00:00","dateModified":"2024-09-05T16:53:40+00:00","breadcrumb":{"@id":"https:\/\/agrupacionespsoe.es\/ponferrada\/el-gms-visita-dehesas-para-hacerse-eco-de-las-reivindicaciones-delpueblo\/#breadcrumb"},"inLanguage":"es","potentialAction":[{"@type":"ReadAction","target":["https:\/\/agrupacionespsoe.es\/ponferrada\/el-gms-visita-dehesas-para-hacerse-eco-de-las-reivindicaciones-delpueblo\/"]}]},{"@type":"ImageObject","inLanguage":"es","@id":"https:\/\/agrupacionespsoe.es\/ponferrada\/el-gms-visita-dehesas-para-hacerse-eco-de-las-reivindicaciones-delpueblo\/#primaryimage","url":"https:\/\/agrupacionespsoe.es\/ponferrada\/wp-content\/uploads\/sites\/36\/2024\/09\/porterias-sin-colocar-1.jpeg","contentUrl":"https:\/\/agrupacionespsoe.es\/ponferrada\/wp-content\/uploads\/sites\/36\/2024\/09\/porterias-sin-colocar-1.jpeg","width":2000,"height":1500},{"@type":"BreadcrumbList","@id":"https:\/\/agrupacionespsoe.es\/ponferrada\/el-gms-visita-dehesas-para-hacerse-eco-de-las-reivindicaciones-delpueblo\/#breadcrumb","itemListElement":[{"@type":"ListItem","position":1,"name":"Portada","item":"https:\/\/agrupacionespsoe.es\/ponferrada\/"},{"@type":"ListItem","position":2,"name":"El GMS visita Dehesas para hacerse eco de las reivindicaciones delpueblo"}]},{"@type":"WebSite","@id":"https:\/\/agrupacionespsoe.es\/ponferrada\/#website","url":"https:\/\/agrupacionespsoe.es\/ponferrada\/","name":"Agrupaci\u00f3n Socialista de Ponferrada","description":"Agrupaci\u00f3n Socialista de Ponferrada","publisher":{"@id":"https:\/\/agrupacionespsoe.es\/ponferrada\/#organization"},"potentialAction":[{"@type":"SearchAction","target":{"@type":"EntryPoint","urlTemplate":"https:\/\/agrupacionespsoe.es\/ponferrada\/?s={search_term_string}"},"query-input":{"@type":"PropertyValueSpecification","valueRequired":true,"valueName":"search_term_string"}}],"inLanguage":"es"},{"@type":"Organization","@id":"https:\/\/agrupacionespsoe.es\/ponferrada\/#organization","name":"Agrupaci\u00f3n Socialista de Ponferrada","url":"https:\/\/agrupacionespsoe.es\/ponferrada\/","logo":{"@type":"ImageObject","inLanguage":"es","@id":"https:\/\/agrupacionespsoe.es\/ponferrada\/#\/schema\/logo\/image\/","url":"https:\/\/agrupacionespsoe.es\/wp-content\/uploads\/2022\/07\/Logotipo_electoral_del_PSOE.png","contentUrl":"https:\/\/agrupacionespsoe.es\/wp-content\/uploads\/2022\/07\/Logotipo_electoral_del_PSOE.png","width":422,"height":422,"caption":"Agrupaci\u00f3n Socialista de Ponferrada"},"image":{"@id":"https:\/\/agrupacionespsoe.es\/ponferrada\/#\/schema\/logo\/image\/"}},{"@type":"Person","@id":"https:\/\/agrupacionespsoe.es\/ponferrada\/#\/schema\/person\/cd29ee627f3b70c05d415f02596debaa","name":"ponferrada2","image":{"@type":"ImageObject","inLanguage":"es","@id":"https:\/\/agrupacionespsoe.es\/ponferrada\/#\/schema\/person\/image\/","url":"https:\/\/secure.gravatar.com\/avatar\/f499eeb60144c664cf7b7edf75549b50?s=96&d=mm&r=g","contentUrl":"https:\/\/secure.gravatar.com\/avatar\/f499eeb60144c664cf7b7edf75549b50?s=96&d=mm&r=g","caption":"ponferrada2"},"url":"https:\/\/agrupacionespsoe.es\/ponferrada\/author\/ponferrada2\/"}]}},"jetpack_featured_media_url":"https:\/\/agrupacionespsoe.es\/ponferrada\/wp-content\/uploads\/sites\/36\/2024\/09\/porterias-sin-colocar-1.jpeg","jetpack_sharing_enabled":true,"_links":{"self":[{"href":"https:\/\/agrupacionespsoe.es\/ponferrada\/wp-json\/wp\/v2\/posts\/579","targetHints":{"allow":["GET"]}}],"collection":[{"href":"https:\/\/agrupacionespsoe.es\/ponferrada\/wp-json\/wp\/v2\/posts"}],"about":[{"href":"https:\/\/agrupacionespsoe.es\/ponferrada\/wp-json\/wp\/v2\/types\/post"}],"author":[{"embeddable":true,"href":"https:\/\/agrupacionespsoe.es\/ponferrada\/wp-json\/wp\/v2\/users\/32"}],"replies":[{"embeddable":true,"href":"https:\/\/agrupacionespsoe.es\/ponferrada\/wp-json\/wp\/v2\/comments?post=579"}],"version-history":[{"count":1,"href":"https:\/\/agrupacionespsoe.es\/ponferrada\/wp-json\/wp\/v2\/posts\/579\/revisions"}],"predecessor-version":[{"id":594,"href":"https:\/\/agrupacionespsoe.es\/ponferrada\/wp-json\/wp\/v2\/posts\/579\/revisions\/594"}],"wp:featuredmedia":[{"embeddable":true,"href":"https:\/\/agrupacionespsoe.es\/ponferrada\/wp-json\/wp\/v2\/media\/587"}],"wp:attachment":[{"href":"https:\/\/agrupacionespsoe.es\/ponferrada\/wp-json\/wp\/v2\/media?parent=579"}],"wp:term":[{"taxonomy":"category","embeddable":true,"href":"https:\/\/agrupacionespsoe.es\/ponferrada\/wp-json\/wp\/v2\/categories?post=579"},{"taxonomy":"post_tag","embeddable":true,"href":"https:\/\/agrupacionespsoe.es\/ponferrada\/wp-json\/wp\/v2\/tags?post=579"}],"curies":[{"name":"wp","href":"https:\/\/api.w.org\/{rel}","templated":true}]}}