{"id":576,"date":"2024-08-26T16:42:10","date_gmt":"2024-08-26T16:42:10","guid":{"rendered":"https:\/\/agrupacionespsoe.es\/ponferrada\/?p=576"},"modified":"2024-09-05T16:44:49","modified_gmt":"2024-09-05T16:44:49","slug":"el-grupo-municipal-socialista-celebra-el-paso-atras-dado-por-el-alcalde-enla-instalacion-de-los-puntos-violeta-de-las-fiestas-de-la-encina","status":"publish","type":"post","link":"https:\/\/agrupacionespsoe.es\/ponferrada\/el-grupo-municipal-socialista-celebra-el-paso-atras-dado-por-el-alcalde-enla-instalacion-de-los-puntos-violeta-de-las-fiestas-de-la-encina\/","title":{"rendered":"El Grupo Municipal Socialista celebra el paso atr\u00e1s dado por el alcalde enla instalaci\u00f3n de los puntos violeta de las fiestas de La Encina."},"content":{"rendered":"\n<p>El grupo municipal socialista celebra el paso atr\u00e1s que ha dado el equipo<br>de gobierno en relaci\u00f3n a los puntos violeta y la recuperaci\u00f3n de los<br>mismos en las fiestas de La Encina.<br>Susana Rivada, la portavoz del PSOE en materia de igualdad y bienestar<br>social informa que ha tenido conocimiento que PP y CB reculan de su<br>posici\u00f3n anterior y van a recuperar los puntos violeta, como puntos<br>seguros para las mujeres en las pr\u00f3ximas fiestas de la Encina.<br>Susana Rivada ha querido recordar que el a\u00f1o pasado tuvo que ser la<br>propio delegaci\u00f3n del gobierno la que denunciara que Marco Morala, no<br>hab\u00eda permitido a la administraci\u00f3n central colocar sus propios Puntos<br>Violeta en las fiestas para evitar y atender posibles agresiones machistas,<br>despu\u00e9s de decidir eliminar los que hasta ahora ven\u00eda instalando el propio<br>Ayuntamiento<br>En esta ocasi\u00f3n ha sido el propio alcalde el que ha comunicado a las<br>asociaciones feministas que se recuperan los \u201cpuntos violeta\u201d, como<br>tradicionalmente se ven\u00edan realizando, con la colaboraci\u00f3n de las<br>asociaciones miembros del consejo municipal de la mujer.<br>Susana Rivada se\u00f1ala que ma\u00f1ana mismo tiene lugar una reuni\u00f3n del<br>consejo municipal delas mujeres y suponemos que lo comunicar\u00e1 all\u00ed de<br>manera oficial.<br>Desde el grupo socialista celebramos el cambio de criterio que estamos<br>seguros que responde a su ruptura con VOX. Susana Rivada se\u00f1ala que<br>esta decisi\u00f3n evita que se repita el esperpento de las anteriores fiestas de<br>La Encina, que provoc\u00f3 no solo un enfrentamiento institucional en el que<br>el alcalde hizo gala de su ya conocida deslealtad institucional sino que<br>tambi\u00e9n provoc\u00f3 el enfado de las asociaciones feministas del municipio.<\/p>\n\n\n\n<p>Para finalizar creemos que esto es un triunfo para todas las mujeres.<br>Desde el PSOE seguiremos luchando x la igualdad y eliminar todo vestigio<br>negacionista de la Violencia de Genero.<\/p>\n\n\n\n<figure class=\"wp-block-image size-large\"><img loading=\"lazy\" decoding=\"async\" width=\"876\" height=\"1024\" src=\"https:\/\/agrupacionespsoe.es\/ponferrada\/wp-content\/uploads\/sites\/36\/2024\/09\/Susana-Rivada-PSOE-876x1024.jpeg\" alt=\"\" class=\"wp-image-577\" srcset=\"https:\/\/agrupacionespsoe.es\/ponferrada\/wp-content\/uploads\/sites\/36\/2024\/09\/Susana-Rivada-PSOE-876x1024.jpeg 876w, https:\/\/agrupacionespsoe.es\/ponferrada\/wp-content\/uploads\/sites\/36\/2024\/09\/Susana-Rivada-PSOE-257x300.jpeg 257w, https:\/\/agrupacionespsoe.es\/ponferrada\/wp-content\/uploads\/sites\/36\/2024\/09\/Susana-Rivada-PSOE-768x897.jpeg 768w, https:\/\/agrupacionespsoe.es\/ponferrada\/wp-content\/uploads\/sites\/36\/2024\/09\/Susana-Rivada-PSOE-1314x1536.jpeg 1314w, https:\/\/agrupacionespsoe.es\/ponferrada\/wp-content\/uploads\/sites\/36\/2024\/09\/Susana-Rivada-PSOE.jpeg 1424w\" sizes=\"auto, (max-width: 876px) 100vw, 876px\" \/><\/figure>\n","protected":false},"excerpt":{"rendered":"<p>El grupo municipal socialista celebra el paso atr\u00e1s que ha dado el equipode gobierno en relaci\u00f3n a los puntos violeta y la recuperaci\u00f3n de losmismos en las fiestas de La Encina.Susana Rivada, la portavoz del PSOE en materia de igualdad y bienestarsocial informa que ha tenido conocimiento que PP y CB reculan de suposici\u00f3n anterior &#8230;<\/p>\n","protected":false},"author":32,"featured_media":577,"comment_status":"open","ping_status":"open","sticky":false,"template":"","format":"standard","meta":{"_jetpack_memberships_contains_paid_content":false,"footnotes":""},"categories":[6],"tags":[],"class_list":["post-576","post","type-post","status-publish","format-standard","has-post-thumbnail","hentry","category-actualidad"],"yoast_head":"<!-- This site is optimized with the Yoast SEO plugin v24.0 - https:\/\/yoast.com\/wordpress\/plugins\/seo\/ -->\n<title>El Grupo Municipal Socialista celebra el paso atr\u00e1s dado por el alcalde enla instalaci\u00f3n de los puntos violeta de las fiestas de La Encina. - Agrupaci\u00f3n Socialista de Ponferrada<\/title>\n<meta name=\"robots\" content=\"index, follow, max-snippet:-1, max-image-preview:large, max-video-preview:-1\" \/>\n<link rel=\"canonical\" href=\"https:\/\/agrupacionespsoe.es\/ponferrada\/el-grupo-municipal-socialista-celebra-el-paso-atras-dado-por-el-alcalde-enla-instalacion-de-los-puntos-violeta-de-las-fiestas-de-la-encina\/\" \/>\n<meta property=\"og:locale\" content=\"es_ES\" \/>\n<meta property=\"og:type\" content=\"article\" \/>\n<meta property=\"og:title\" content=\"El Grupo Municipal Socialista celebra el paso atr\u00e1s dado por el alcalde enla instalaci\u00f3n de los puntos violeta de las fiestas de La Encina. - Agrupaci\u00f3n Socialista de Ponferrada\" \/>\n<meta property=\"og:description\" content=\"El grupo municipal socialista celebra el paso atr\u00e1s que ha dado el equipode gobierno en relaci\u00f3n a los puntos violeta y la recuperaci\u00f3n de losmismos en las fiestas de La Encina.Susana Rivada, la portavoz del PSOE en materia de igualdad y bienestarsocial informa que ha tenido conocimiento que PP y CB reculan de suposici\u00f3n anterior ...\" \/>\n<meta property=\"og:url\" content=\"https:\/\/agrupacionespsoe.es\/ponferrada\/el-grupo-municipal-socialista-celebra-el-paso-atras-dado-por-el-alcalde-enla-instalacion-de-los-puntos-violeta-de-las-fiestas-de-la-encina\/\" \/>\n<meta property=\"og:site_name\" content=\"Agrupaci\u00f3n Socialista de Ponferrada\" \/>\n<meta property=\"article:published_time\" content=\"2024-08-26T16:42:10+00:00\" \/>\n<meta property=\"article:modified_time\" content=\"2024-09-05T16:44:49+00:00\" \/>\n<meta property=\"og:image\" content=\"https:\/\/agrupacionespsoe.es\/ponferrada\/wp-content\/uploads\/sites\/36\/2024\/09\/Susana-Rivada-PSOE.jpeg\" \/>\n\t<meta property=\"og:image:width\" content=\"1424\" \/>\n\t<meta property=\"og:image:height\" content=\"1664\" \/>\n\t<meta property=\"og:image:type\" content=\"image\/jpeg\" \/>\n<meta name=\"author\" content=\"ponferrada2\" \/>\n<meta name=\"twitter:card\" content=\"summary_large_image\" \/>\n<meta name=\"twitter:label1\" content=\"Escrito por\" \/>\n\t<meta name=\"twitter:data1\" content=\"ponferrada2\" \/>\n\t<meta name=\"twitter:label2\" content=\"Tiempo de lectura\" \/>\n\t<meta name=\"twitter:data2\" content=\"2 minutos\" \/>\n<script type=\"application\/ld+json\" class=\"yoast-schema-graph\">{\"@context\":\"https:\/\/schema.org\",\"@graph\":[{\"@type\":\"Article\",\"@id\":\"https:\/\/agrupacionespsoe.es\/ponferrada\/el-grupo-municipal-socialista-celebra-el-paso-atras-dado-por-el-alcalde-enla-instalacion-de-los-puntos-violeta-de-las-fiestas-de-la-encina\/#article\",\"isPartOf\":{\"@id\":\"https:\/\/agrupacionespsoe.es\/ponferrada\/el-grupo-municipal-socialista-celebra-el-paso-atras-dado-por-el-alcalde-enla-instalacion-de-los-puntos-violeta-de-las-fiestas-de-la-encina\/\"},\"author\":{\"name\":\"ponferrada2\",\"@id\":\"https:\/\/agrupacionespsoe.es\/ponferrada\/#\/schema\/person\/cd29ee627f3b70c05d415f02596debaa\"},\"headline\":\"El Grupo Municipal Socialista celebra el paso atr\u00e1s dado por el alcalde enla instalaci\u00f3n de los puntos violeta de las fiestas de La Encina.\",\"datePublished\":\"2024-08-26T16:42:10+00:00\",\"dateModified\":\"2024-09-05T16:44:49+00:00\",\"mainEntityOfPage\":{\"@id\":\"https:\/\/agrupacionespsoe.es\/ponferrada\/el-grupo-municipal-socialista-celebra-el-paso-atras-dado-por-el-alcalde-enla-instalacion-de-los-puntos-violeta-de-las-fiestas-de-la-encina\/\"},\"wordCount\":327,\"commentCount\":0,\"publisher\":{\"@id\":\"https:\/\/agrupacionespsoe.es\/ponferrada\/#organization\"},\"image\":{\"@id\":\"https:\/\/agrupacionespsoe.es\/ponferrada\/el-grupo-municipal-socialista-celebra-el-paso-atras-dado-por-el-alcalde-enla-instalacion-de-los-puntos-violeta-de-las-fiestas-de-la-encina\/#primaryimage\"},\"thumbnailUrl\":\"https:\/\/agrupacionespsoe.es\/ponferrada\/wp-content\/uploads\/sites\/36\/2024\/09\/Susana-Rivada-PSOE.jpeg\",\"articleSection\":[\"ACTUALIDAD\"],\"inLanguage\":\"es\",\"potentialAction\":[{\"@type\":\"CommentAction\",\"name\":\"Comment\",\"target\":[\"https:\/\/agrupacionespsoe.es\/ponferrada\/el-grupo-municipal-socialista-celebra-el-paso-atras-dado-por-el-alcalde-enla-instalacion-de-los-puntos-violeta-de-las-fiestas-de-la-encina\/#respond\"]}]},{\"@type\":\"WebPage\",\"@id\":\"https:\/\/agrupacionespsoe.es\/ponferrada\/el-grupo-municipal-socialista-celebra-el-paso-atras-dado-por-el-alcalde-enla-instalacion-de-los-puntos-violeta-de-las-fiestas-de-la-encina\/\",\"url\":\"https:\/\/agrupacionespsoe.es\/ponferrada\/el-grupo-municipal-socialista-celebra-el-paso-atras-dado-por-el-alcalde-enla-instalacion-de-los-puntos-violeta-de-las-fiestas-de-la-encina\/\",\"name\":\"El Grupo Municipal Socialista celebra el paso atr\u00e1s dado por el alcalde enla instalaci\u00f3n de los puntos violeta de las fiestas de La Encina. - Agrupaci\u00f3n Socialista de Ponferrada\",\"isPartOf\":{\"@id\":\"https:\/\/agrupacionespsoe.es\/ponferrada\/#website\"},\"primaryImageOfPage\":{\"@id\":\"https:\/\/agrupacionespsoe.es\/ponferrada\/el-grupo-municipal-socialista-celebra-el-paso-atras-dado-por-el-alcalde-enla-instalacion-de-los-puntos-violeta-de-las-fiestas-de-la-encina\/#primaryimage\"},\"image\":{\"@id\":\"https:\/\/agrupacionespsoe.es\/ponferrada\/el-grupo-municipal-socialista-celebra-el-paso-atras-dado-por-el-alcalde-enla-instalacion-de-los-puntos-violeta-de-las-fiestas-de-la-encina\/#primaryimage\"},\"thumbnailUrl\":\"https:\/\/agrupacionespsoe.es\/ponferrada\/wp-content\/uploads\/sites\/36\/2024\/09\/Susana-Rivada-PSOE.jpeg\",\"datePublished\":\"2024-08-26T16:42:10+00:00\",\"dateModified\":\"2024-09-05T16:44:49+00:00\",\"breadcrumb\":{\"@id\":\"https:\/\/agrupacionespsoe.es\/ponferrada\/el-grupo-municipal-socialista-celebra-el-paso-atras-dado-por-el-alcalde-enla-instalacion-de-los-puntos-violeta-de-las-fiestas-de-la-encina\/#breadcrumb\"},\"inLanguage\":\"es\",\"potentialAction\":[{\"@type\":\"ReadAction\",\"target\":[\"https:\/\/agrupacionespsoe.es\/ponferrada\/el-grupo-municipal-socialista-celebra-el-paso-atras-dado-por-el-alcalde-enla-instalacion-de-los-puntos-violeta-de-las-fiestas-de-la-encina\/\"]}]},{\"@type\":\"ImageObject\",\"inLanguage\":\"es\",\"@id\":\"https:\/\/agrupacionespsoe.es\/ponferrada\/el-grupo-municipal-socialista-celebra-el-paso-atras-dado-por-el-alcalde-enla-instalacion-de-los-puntos-violeta-de-las-fiestas-de-la-encina\/#primaryimage\",\"url\":\"https:\/\/agrupacionespsoe.es\/ponferrada\/wp-content\/uploads\/sites\/36\/2024\/09\/Susana-Rivada-PSOE.jpeg\",\"contentUrl\":\"https:\/\/agrupacionespsoe.es\/ponferrada\/wp-content\/uploads\/sites\/36\/2024\/09\/Susana-Rivada-PSOE.jpeg\",\"width\":1424,\"height\":1664},{\"@type\":\"BreadcrumbList\",\"@id\":\"https:\/\/agrupacionespsoe.es\/ponferrada\/el-grupo-municipal-socialista-celebra-el-paso-atras-dado-por-el-alcalde-enla-instalacion-de-los-puntos-violeta-de-las-fiestas-de-la-encina\/#breadcrumb\",\"itemListElement\":[{\"@type\":\"ListItem\",\"position\":1,\"name\":\"Portada\",\"item\":\"https:\/\/agrupacionespsoe.es\/ponferrada\/\"},{\"@type\":\"ListItem\",\"position\":2,\"name\":\"El Grupo Municipal Socialista celebra el paso atr\u00e1s dado por el alcalde enla instalaci\u00f3n de los puntos violeta de las fiestas de La Encina.\"}]},{\"@type\":\"WebSite\",\"@id\":\"https:\/\/agrupacionespsoe.es\/ponferrada\/#website\",\"url\":\"https:\/\/agrupacionespsoe.es\/ponferrada\/\",\"name\":\"Agrupaci\u00f3n Socialista de Ponferrada\",\"description\":\"Agrupaci\u00f3n Socialista de Ponferrada\",\"publisher\":{\"@id\":\"https:\/\/agrupacionespsoe.es\/ponferrada\/#organization\"},\"potentialAction\":[{\"@type\":\"SearchAction\",\"target\":{\"@type\":\"EntryPoint\",\"urlTemplate\":\"https:\/\/agrupacionespsoe.es\/ponferrada\/?s={search_term_string}\"},\"query-input\":{\"@type\":\"PropertyValueSpecification\",\"valueRequired\":true,\"valueName\":\"search_term_string\"}}],\"inLanguage\":\"es\"},{\"@type\":\"Organization\",\"@id\":\"https:\/\/agrupacionespsoe.es\/ponferrada\/#organization\",\"name\":\"Agrupaci\u00f3n Socialista de Ponferrada\",\"url\":\"https:\/\/agrupacionespsoe.es\/ponferrada\/\",\"logo\":{\"@type\":\"ImageObject\",\"inLanguage\":\"es\",\"@id\":\"https:\/\/agrupacionespsoe.es\/ponferrada\/#\/schema\/logo\/image\/\",\"url\":\"https:\/\/agrupacionespsoe.es\/wp-content\/uploads\/2022\/07\/Logotipo_electoral_del_PSOE.png\",\"contentUrl\":\"https:\/\/agrupacionespsoe.es\/wp-content\/uploads\/2022\/07\/Logotipo_electoral_del_PSOE.png\",\"width\":422,\"height\":422,\"caption\":\"Agrupaci\u00f3n Socialista de Ponferrada\"},\"image\":{\"@id\":\"https:\/\/agrupacionespsoe.es\/ponferrada\/#\/schema\/logo\/image\/\"}},{\"@type\":\"Person\",\"@id\":\"https:\/\/agrupacionespsoe.es\/ponferrada\/#\/schema\/person\/cd29ee627f3b70c05d415f02596debaa\",\"name\":\"ponferrada2\",\"image\":{\"@type\":\"ImageObject\",\"inLanguage\":\"es\",\"@id\":\"https:\/\/agrupacionespsoe.es\/ponferrada\/#\/schema\/person\/image\/\",\"url\":\"https:\/\/secure.gravatar.com\/avatar\/f499eeb60144c664cf7b7edf75549b50?s=96&d=mm&r=g\",\"contentUrl\":\"https:\/\/secure.gravatar.com\/avatar\/f499eeb60144c664cf7b7edf75549b50?s=96&d=mm&r=g\",\"caption\":\"ponferrada2\"},\"url\":\"https:\/\/agrupacionespsoe.es\/ponferrada\/author\/ponferrada2\/\"}]}<\/script>\n<!-- \/ Yoast SEO plugin. -->","yoast_head_json":{"title":"El Grupo Municipal Socialista celebra el paso atr\u00e1s dado por el alcalde enla instalaci\u00f3n de los puntos violeta de las fiestas de La Encina. - Agrupaci\u00f3n Socialista de Ponferrada","robots":{"index":"index","follow":"follow","max-snippet":"max-snippet:-1","max-image-preview":"max-image-preview:large","max-video-preview":"max-video-preview:-1"},"canonical":"https:\/\/agrupacionespsoe.es\/ponferrada\/el-grupo-municipal-socialista-celebra-el-paso-atras-dado-por-el-alcalde-enla-instalacion-de-los-puntos-violeta-de-las-fiestas-de-la-encina\/","og_locale":"es_ES","og_type":"article","og_title":"El Grupo Municipal Socialista celebra el paso atr\u00e1s dado por el alcalde enla instalaci\u00f3n de los puntos violeta de las fiestas de La Encina. - Agrupaci\u00f3n Socialista de Ponferrada","og_description":"El grupo municipal socialista celebra el paso atr\u00e1s que ha dado el equipode gobierno en relaci\u00f3n a los puntos violeta y la recuperaci\u00f3n de losmismos en las fiestas de La Encina.Susana Rivada, la portavoz del PSOE en materia de igualdad y bienestarsocial informa que ha tenido conocimiento que PP y CB reculan de suposici\u00f3n anterior ...","og_url":"https:\/\/agrupacionespsoe.es\/ponferrada\/el-grupo-municipal-socialista-celebra-el-paso-atras-dado-por-el-alcalde-enla-instalacion-de-los-puntos-violeta-de-las-fiestas-de-la-encina\/","og_site_name":"Agrupaci\u00f3n Socialista de Ponferrada","article_published_time":"2024-08-26T16:42:10+00:00","article_modified_time":"2024-09-05T16:44:49+00:00","og_image":[{"width":1424,"height":1664,"url":"https:\/\/agrupacionespsoe.es\/ponferrada\/wp-content\/uploads\/sites\/36\/2024\/09\/Susana-Rivada-PSOE.jpeg","type":"image\/jpeg"}],"author":"ponferrada2","twitter_card":"summary_large_image","twitter_misc":{"Escrito por":"ponferrada2","Tiempo de lectura":"2 minutos"},"schema":{"@context":"https:\/\/schema.org","@graph":[{"@type":"Article","@id":"https:\/\/agrupacionespsoe.es\/ponferrada\/el-grupo-municipal-socialista-celebra-el-paso-atras-dado-por-el-alcalde-enla-instalacion-de-los-puntos-violeta-de-las-fiestas-de-la-encina\/#article","isPartOf":{"@id":"https:\/\/agrupacionespsoe.es\/ponferrada\/el-grupo-municipal-socialista-celebra-el-paso-atras-dado-por-el-alcalde-enla-instalacion-de-los-puntos-violeta-de-las-fiestas-de-la-encina\/"},"author":{"name":"ponferrada2","@id":"https:\/\/agrupacionespsoe.es\/ponferrada\/#\/schema\/person\/cd29ee627f3b70c05d415f02596debaa"},"headline":"El Grupo Municipal Socialista celebra el paso atr\u00e1s dado por el alcalde enla instalaci\u00f3n de los puntos violeta de las fiestas de La Encina.","datePublished":"2024-08-26T16:42:10+00:00","dateModified":"2024-09-05T16:44:49+00:00","mainEntityOfPage":{"@id":"https:\/\/agrupacionespsoe.es\/ponferrada\/el-grupo-municipal-socialista-celebra-el-paso-atras-dado-por-el-alcalde-enla-instalacion-de-los-puntos-violeta-de-las-fiestas-de-la-encina\/"},"wordCount":327,"commentCount":0,"publisher":{"@id":"https:\/\/agrupacionespsoe.es\/ponferrada\/#organization"},"image":{"@id":"https:\/\/agrupacionespsoe.es\/ponferrada\/el-grupo-municipal-socialista-celebra-el-paso-atras-dado-por-el-alcalde-enla-instalacion-de-los-puntos-violeta-de-las-fiestas-de-la-encina\/#primaryimage"},"thumbnailUrl":"https:\/\/agrupacionespsoe.es\/ponferrada\/wp-content\/uploads\/sites\/36\/2024\/09\/Susana-Rivada-PSOE.jpeg","articleSection":["ACTUALIDAD"],"inLanguage":"es","potentialAction":[{"@type":"CommentAction","name":"Comment","target":["https:\/\/agrupacionespsoe.es\/ponferrada\/el-grupo-municipal-socialista-celebra-el-paso-atras-dado-por-el-alcalde-enla-instalacion-de-los-puntos-violeta-de-las-fiestas-de-la-encina\/#respond"]}]},{"@type":"WebPage","@id":"https:\/\/agrupacionespsoe.es\/ponferrada\/el-grupo-municipal-socialista-celebra-el-paso-atras-dado-por-el-alcalde-enla-instalacion-de-los-puntos-violeta-de-las-fiestas-de-la-encina\/","url":"https:\/\/agrupacionespsoe.es\/ponferrada\/el-grupo-municipal-socialista-celebra-el-paso-atras-dado-por-el-alcalde-enla-instalacion-de-los-puntos-violeta-de-las-fiestas-de-la-encina\/","name":"El Grupo Municipal Socialista celebra el paso atr\u00e1s dado por el alcalde enla instalaci\u00f3n de los puntos violeta de las fiestas de La Encina. - Agrupaci\u00f3n Socialista de Ponferrada","isPartOf":{"@id":"https:\/\/agrupacionespsoe.es\/ponferrada\/#website"},"primaryImageOfPage":{"@id":"https:\/\/agrupacionespsoe.es\/ponferrada\/el-grupo-municipal-socialista-celebra-el-paso-atras-dado-por-el-alcalde-enla-instalacion-de-los-puntos-violeta-de-las-fiestas-de-la-encina\/#primaryimage"},"image":{"@id":"https:\/\/agrupacionespsoe.es\/ponferrada\/el-grupo-municipal-socialista-celebra-el-paso-atras-dado-por-el-alcalde-enla-instalacion-de-los-puntos-violeta-de-las-fiestas-de-la-encina\/#primaryimage"},"thumbnailUrl":"https:\/\/agrupacionespsoe.es\/ponferrada\/wp-content\/uploads\/sites\/36\/2024\/09\/Susana-Rivada-PSOE.jpeg","datePublished":"2024-08-26T16:42:10+00:00","dateModified":"2024-09-05T16:44:49+00:00","breadcrumb":{"@id":"https:\/\/agrupacionespsoe.es\/ponferrada\/el-grupo-municipal-socialista-celebra-el-paso-atras-dado-por-el-alcalde-enla-instalacion-de-los-puntos-violeta-de-las-fiestas-de-la-encina\/#breadcrumb"},"inLanguage":"es","potentialAction":[{"@type":"ReadAction","target":["https:\/\/agrupacionespsoe.es\/ponferrada\/el-grupo-municipal-socialista-celebra-el-paso-atras-dado-por-el-alcalde-enla-instalacion-de-los-puntos-violeta-de-las-fiestas-de-la-encina\/"]}]},{"@type":"ImageObject","inLanguage":"es","@id":"https:\/\/agrupacionespsoe.es\/ponferrada\/el-grupo-municipal-socialista-celebra-el-paso-atras-dado-por-el-alcalde-enla-instalacion-de-los-puntos-violeta-de-las-fiestas-de-la-encina\/#primaryimage","url":"https:\/\/agrupacionespsoe.es\/ponferrada\/wp-content\/uploads\/sites\/36\/2024\/09\/Susana-Rivada-PSOE.jpeg","contentUrl":"https:\/\/agrupacionespsoe.es\/ponferrada\/wp-content\/uploads\/sites\/36\/2024\/09\/Susana-Rivada-PSOE.jpeg","width":1424,"height":1664},{"@type":"BreadcrumbList","@id":"https:\/\/agrupacionespsoe.es\/ponferrada\/el-grupo-municipal-socialista-celebra-el-paso-atras-dado-por-el-alcalde-enla-instalacion-de-los-puntos-violeta-de-las-fiestas-de-la-encina\/#breadcrumb","itemListElement":[{"@type":"ListItem","position":1,"name":"Portada","item":"https:\/\/agrupacionespsoe.es\/ponferrada\/"},{"@type":"ListItem","position":2,"name":"El Grupo Municipal Socialista celebra el paso atr\u00e1s dado por el alcalde enla instalaci\u00f3n de los puntos violeta de las fiestas de La Encina."}]},{"@type":"WebSite","@id":"https:\/\/agrupacionespsoe.es\/ponferrada\/#website","url":"https:\/\/agrupacionespsoe.es\/ponferrada\/","name":"Agrupaci\u00f3n Socialista de Ponferrada","description":"Agrupaci\u00f3n Socialista de Ponferrada","publisher":{"@id":"https:\/\/agrupacionespsoe.es\/ponferrada\/#organization"},"potentialAction":[{"@type":"SearchAction","target":{"@type":"EntryPoint","urlTemplate":"https:\/\/agrupacionespsoe.es\/ponferrada\/?s={search_term_string}"},"query-input":{"@type":"PropertyValueSpecification","valueRequired":true,"valueName":"search_term_string"}}],"inLanguage":"es"},{"@type":"Organization","@id":"https:\/\/agrupacionespsoe.es\/ponferrada\/#organization","name":"Agrupaci\u00f3n Socialista de Ponferrada","url":"https:\/\/agrupacionespsoe.es\/ponferrada\/","logo":{"@type":"ImageObject","inLanguage":"es","@id":"https:\/\/agrupacionespsoe.es\/ponferrada\/#\/schema\/logo\/image\/","url":"https:\/\/agrupacionespsoe.es\/wp-content\/uploads\/2022\/07\/Logotipo_electoral_del_PSOE.png","contentUrl":"https:\/\/agrupacionespsoe.es\/wp-content\/uploads\/2022\/07\/Logotipo_electoral_del_PSOE.png","width":422,"height":422,"caption":"Agrupaci\u00f3n Socialista de Ponferrada"},"image":{"@id":"https:\/\/agrupacionespsoe.es\/ponferrada\/#\/schema\/logo\/image\/"}},{"@type":"Person","@id":"https:\/\/agrupacionespsoe.es\/ponferrada\/#\/schema\/person\/cd29ee627f3b70c05d415f02596debaa","name":"ponferrada2","image":{"@type":"ImageObject","inLanguage":"es","@id":"https:\/\/agrupacionespsoe.es\/ponferrada\/#\/schema\/person\/image\/","url":"https:\/\/secure.gravatar.com\/avatar\/f499eeb60144c664cf7b7edf75549b50?s=96&d=mm&r=g","contentUrl":"https:\/\/secure.gravatar.com\/avatar\/f499eeb60144c664cf7b7edf75549b50?s=96&d=mm&r=g","caption":"ponferrada2"},"url":"https:\/\/agrupacionespsoe.es\/ponferrada\/author\/ponferrada2\/"}]}},"jetpack_featured_media_url":"https:\/\/agrupacionespsoe.es\/ponferrada\/wp-content\/uploads\/sites\/36\/2024\/09\/Susana-Rivada-PSOE.jpeg","jetpack_sharing_enabled":true,"_links":{"self":[{"href":"https:\/\/agrupacionespsoe.es\/ponferrada\/wp-json\/wp\/v2\/posts\/576","targetHints":{"allow":["GET"]}}],"collection":[{"href":"https:\/\/agrupacionespsoe.es\/ponferrada\/wp-json\/wp\/v2\/posts"}],"about":[{"href":"https:\/\/agrupacionespsoe.es\/ponferrada\/wp-json\/wp\/v2\/types\/post"}],"author":[{"embeddable":true,"href":"https:\/\/agrupacionespsoe.es\/ponferrada\/wp-json\/wp\/v2\/users\/32"}],"replies":[{"embeddable":true,"href":"https:\/\/agrupacionespsoe.es\/ponferrada\/wp-json\/wp\/v2\/comments?post=576"}],"version-history":[{"count":1,"href":"https:\/\/agrupacionespsoe.es\/ponferrada\/wp-json\/wp\/v2\/posts\/576\/revisions"}],"predecessor-version":[{"id":578,"href":"https:\/\/agrupacionespsoe.es\/ponferrada\/wp-json\/wp\/v2\/posts\/576\/revisions\/578"}],"wp:featuredmedia":[{"embeddable":true,"href":"https:\/\/agrupacionespsoe.es\/ponferrada\/wp-json\/wp\/v2\/media\/577"}],"wp:attachment":[{"href":"https:\/\/agrupacionespsoe.es\/ponferrada\/wp-json\/wp\/v2\/media?parent=576"}],"wp:term":[{"taxonomy":"category","embeddable":true,"href":"https:\/\/agrupacionespsoe.es\/ponferrada\/wp-json\/wp\/v2\/categories?post=576"},{"taxonomy":"post_tag","embeddable":true,"href":"https:\/\/agrupacionespsoe.es\/ponferrada\/wp-json\/wp\/v2\/tags?post=576"}],"curies":[{"name":"wp","href":"https:\/\/api.w.org\/{rel}","templated":true}]}}