{"id":572,"date":"2024-07-30T10:23:18","date_gmt":"2024-07-30T10:23:18","guid":{"rendered":"https:\/\/agrupacionespsoe.es\/ponferrada\/?p=572"},"modified":"2024-07-30T10:23:19","modified_gmt":"2024-07-30T10:23:19","slug":"el-grupo-municipal-socialista-le-pide-a-morala-que-utilice-la-cabeza-en-la-planificacion-de-las-obras-de-reforma-de-los-campos-de-futbol","status":"publish","type":"post","link":"https:\/\/agrupacionespsoe.es\/ponferrada\/el-grupo-municipal-socialista-le-pide-a-morala-que-utilice-la-cabeza-en-la-planificacion-de-las-obras-de-reforma-de-los-campos-de-futbol\/","title":{"rendered":"El Grupo Municipal Socialista le pide a Morala que utilice la cabeza en la planificaci\u00f3n de las obras de reforma de los campos de f\u00fatbol."},"content":{"rendered":"\n<p class=\"has-large-font-size\"><strong>Koseki pide al Sr Morala que se dedique menos a los insultos personales y que se ponga al d\u00eda en lo que a pruebas deportivas se refiere<\/strong><\/p>\n\n\n\n<p>Ivan Castrillo- Koseki ha respondido a las cr\u00edticas personales que le ha dirigido el Sr. Morala en las \u00faltimas ruedas de prensa del \u00e1rea de deportes, aconseja al Alcalde que se ci\u00f1a a las cr\u00edticas a su gesti\u00f3n y pone en duda si los insultos personales no se deber\u00e1n a que poco pueden criticar de su actividad al frente de la concejal\u00eda.<\/p>\n\n\n\n<p>Ha se\u00f1alado que lo penoso es la ignorancia de la que hace gala el Sr. Alcalde en relaci\u00f3n a las pruebas deportivas, que no distingue una competici\u00f3n oficial de una carrera popular.<\/p>\n\n\n\n<p>Esto lo se\u00f1ala al hilo del gran anuncio a principios de mes de la recuperaci\u00f3n de la media marat\u00f3n 21 lunas, sin embargo hoy nos han informado en la comisi\u00f3n que va a ser otra carrera popular, ni incluida en el calendario oficial, sin recorrido homologado, ni es puntuable a nivel federativo y no va a atraer competidores de fuera al coincidir con la media marat\u00f3n puntuable en Valladolid.<\/p>\n\n\n\n<p>Koseki augura que la carrera se va a quedar muy lejos de los 700 participantes que anunciaron, es otra de las medidas est\u00e9ticas de las que hace gala el actual equipo de gobierno. Anuncios a bombo y platillo que no son m\u00e1s que eso: anuncios. Podr\u00eda llamarla la media marat\u00f3n \u201cMarco Morala\u201d porque ser\u00eda lo mismo.<\/p>\n\n\n\n<p>Recuerda que su gesti\u00f3n vino marcada por dos a\u00f1os de pandemia donde las actividades deportivas, al igual que todo lo dem\u00e1s, se suspendi\u00f3 y aun as\u00ed se lograron grandes hitos para el deporte y se continuaron con otros que ya se realizaban, como la Farinato, la 10K, el Ajedrez Gigante o el peso templario que este equipo de gobierno no va a realizar. Sino lo que es m\u00e1s importante se apoy\u00f3 al deporte de base sac\u00e1ndolo \u201ca la calle\u201d para hacerlo m\u00e1s popular.<\/p>\n\n\n\n<p>Otra de las informaciones facilitadas en la comisi\u00f3n de esta ma\u00f1ana es que los campos de f\u00fatbol del Ram\u00f3n Mart\u00ednez y de Flores del Sil muy dif\u00edcilmente van a estar este a\u00f1o a pesar de los anuncios del Sr. Morala, y si comienzan las obras a finales de este a\u00f1o van a dificultar mucho la pr\u00e1ctica del deporte para los equipos que utilizan las instalaciones, por lo que Iv\u00e1n Castrillo les pide que utilicen la cabeza y que planifiquen la ejecuci\u00f3n de las obras haciendo el menor da\u00f1o posible para los clubs y los equipos deportivos.<\/p>\n\n\n\n<figure class=\"wp-block-image size-large\"><img loading=\"lazy\" decoding=\"async\" width=\"1024\" height=\"683\" src=\"https:\/\/agrupacionespsoe.es\/ponferrada\/wp-content\/uploads\/sites\/36\/2024\/07\/WhatsApp-Image-2024-07-30-at-12.17.35-1024x683.jpeg\" alt=\"\" class=\"wp-image-573\" srcset=\"https:\/\/agrupacionespsoe.es\/ponferrada\/wp-content\/uploads\/sites\/36\/2024\/07\/WhatsApp-Image-2024-07-30-at-12.17.35-1024x683.jpeg 1024w, https:\/\/agrupacionespsoe.es\/ponferrada\/wp-content\/uploads\/sites\/36\/2024\/07\/WhatsApp-Image-2024-07-30-at-12.17.35-300x200.jpeg 300w, https:\/\/agrupacionespsoe.es\/ponferrada\/wp-content\/uploads\/sites\/36\/2024\/07\/WhatsApp-Image-2024-07-30-at-12.17.35-768x512.jpeg 768w, https:\/\/agrupacionespsoe.es\/ponferrada\/wp-content\/uploads\/sites\/36\/2024\/07\/WhatsApp-Image-2024-07-30-at-12.17.35-1536x1024.jpeg 1536w, https:\/\/agrupacionespsoe.es\/ponferrada\/wp-content\/uploads\/sites\/36\/2024\/07\/WhatsApp-Image-2024-07-30-at-12.17.35.jpeg 1600w\" sizes=\"auto, (max-width: 1024px) 100vw, 1024px\" \/><\/figure>\n","protected":false},"excerpt":{"rendered":"<p>Koseki pide al Sr Morala que se dedique menos a los insultos personales y que se ponga al d\u00eda en lo que a pruebas deportivas se refiere Ivan Castrillo- Koseki ha respondido a las cr\u00edticas personales que le ha dirigido el Sr. Morala en las \u00faltimas ruedas de prensa del \u00e1rea de deportes, aconseja al &#8230;<\/p>\n","protected":false},"author":32,"featured_media":573,"comment_status":"open","ping_status":"open","sticky":false,"template":"","format":"standard","meta":{"_jetpack_memberships_contains_paid_content":false,"footnotes":""},"categories":[6],"tags":[],"class_list":["post-572","post","type-post","status-publish","format-standard","has-post-thumbnail","hentry","category-actualidad"],"yoast_head":"<!-- This site is optimized with the Yoast SEO plugin v24.0 - https:\/\/yoast.com\/wordpress\/plugins\/seo\/ -->\n<title>El Grupo Municipal Socialista le pide a Morala que utilice la cabeza en la planificaci\u00f3n de las obras de reforma de los campos de f\u00fatbol. - Agrupaci\u00f3n Socialista de Ponferrada<\/title>\n<meta name=\"robots\" content=\"index, follow, max-snippet:-1, max-image-preview:large, max-video-preview:-1\" \/>\n<link rel=\"canonical\" href=\"https:\/\/agrupacionespsoe.es\/ponferrada\/el-grupo-municipal-socialista-le-pide-a-morala-que-utilice-la-cabeza-en-la-planificacion-de-las-obras-de-reforma-de-los-campos-de-futbol\/\" \/>\n<meta property=\"og:locale\" content=\"es_ES\" \/>\n<meta property=\"og:type\" content=\"article\" \/>\n<meta property=\"og:title\" content=\"El Grupo Municipal Socialista le pide a Morala que utilice la cabeza en la planificaci\u00f3n de las obras de reforma de los campos de f\u00fatbol. - Agrupaci\u00f3n Socialista de Ponferrada\" \/>\n<meta property=\"og:description\" content=\"Koseki pide al Sr Morala que se dedique menos a los insultos personales y que se ponga al d\u00eda en lo que a pruebas deportivas se refiere Ivan Castrillo- Koseki ha respondido a las cr\u00edticas personales que le ha dirigido el Sr. Morala en las \u00faltimas ruedas de prensa del \u00e1rea de deportes, aconseja al ...\" \/>\n<meta property=\"og:url\" content=\"https:\/\/agrupacionespsoe.es\/ponferrada\/el-grupo-municipal-socialista-le-pide-a-morala-que-utilice-la-cabeza-en-la-planificacion-de-las-obras-de-reforma-de-los-campos-de-futbol\/\" \/>\n<meta property=\"og:site_name\" content=\"Agrupaci\u00f3n Socialista de Ponferrada\" \/>\n<meta property=\"article:published_time\" content=\"2024-07-30T10:23:18+00:00\" \/>\n<meta property=\"article:modified_time\" content=\"2024-07-30T10:23:19+00:00\" \/>\n<meta property=\"og:image\" content=\"https:\/\/agrupacionespsoe.es\/ponferrada\/wp-content\/uploads\/sites\/36\/2024\/07\/WhatsApp-Image-2024-07-30-at-12.17.35.jpeg\" \/>\n\t<meta property=\"og:image:width\" content=\"1600\" \/>\n\t<meta property=\"og:image:height\" content=\"1067\" \/>\n\t<meta property=\"og:image:type\" content=\"image\/jpeg\" \/>\n<meta name=\"author\" content=\"ponferrada2\" \/>\n<meta name=\"twitter:card\" content=\"summary_large_image\" \/>\n<meta name=\"twitter:label1\" content=\"Escrito por\" \/>\n\t<meta name=\"twitter:data1\" content=\"ponferrada2\" \/>\n\t<meta name=\"twitter:label2\" content=\"Tiempo de lectura\" \/>\n\t<meta name=\"twitter:data2\" content=\"3 minutos\" \/>\n<script type=\"application\/ld+json\" class=\"yoast-schema-graph\">{\"@context\":\"https:\/\/schema.org\",\"@graph\":[{\"@type\":\"Article\",\"@id\":\"https:\/\/agrupacionespsoe.es\/ponferrada\/el-grupo-municipal-socialista-le-pide-a-morala-que-utilice-la-cabeza-en-la-planificacion-de-las-obras-de-reforma-de-los-campos-de-futbol\/#article\",\"isPartOf\":{\"@id\":\"https:\/\/agrupacionespsoe.es\/ponferrada\/el-grupo-municipal-socialista-le-pide-a-morala-que-utilice-la-cabeza-en-la-planificacion-de-las-obras-de-reforma-de-los-campos-de-futbol\/\"},\"author\":{\"name\":\"ponferrada2\",\"@id\":\"https:\/\/agrupacionespsoe.es\/ponferrada\/#\/schema\/person\/cd29ee627f3b70c05d415f02596debaa\"},\"headline\":\"El Grupo Municipal Socialista le pide a Morala que utilice la cabeza en la planificaci\u00f3n de las obras de reforma de los campos de f\u00fatbol.\",\"datePublished\":\"2024-07-30T10:23:18+00:00\",\"dateModified\":\"2024-07-30T10:23:19+00:00\",\"mainEntityOfPage\":{\"@id\":\"https:\/\/agrupacionespsoe.es\/ponferrada\/el-grupo-municipal-socialista-le-pide-a-morala-que-utilice-la-cabeza-en-la-planificacion-de-las-obras-de-reforma-de-los-campos-de-futbol\/\"},\"wordCount\":488,\"commentCount\":0,\"publisher\":{\"@id\":\"https:\/\/agrupacionespsoe.es\/ponferrada\/#organization\"},\"image\":{\"@id\":\"https:\/\/agrupacionespsoe.es\/ponferrada\/el-grupo-municipal-socialista-le-pide-a-morala-que-utilice-la-cabeza-en-la-planificacion-de-las-obras-de-reforma-de-los-campos-de-futbol\/#primaryimage\"},\"thumbnailUrl\":\"https:\/\/agrupacionespsoe.es\/ponferrada\/wp-content\/uploads\/sites\/36\/2024\/07\/WhatsApp-Image-2024-07-30-at-12.17.35.jpeg\",\"articleSection\":[\"ACTUALIDAD\"],\"inLanguage\":\"es\",\"potentialAction\":[{\"@type\":\"CommentAction\",\"name\":\"Comment\",\"target\":[\"https:\/\/agrupacionespsoe.es\/ponferrada\/el-grupo-municipal-socialista-le-pide-a-morala-que-utilice-la-cabeza-en-la-planificacion-de-las-obras-de-reforma-de-los-campos-de-futbol\/#respond\"]}]},{\"@type\":\"WebPage\",\"@id\":\"https:\/\/agrupacionespsoe.es\/ponferrada\/el-grupo-municipal-socialista-le-pide-a-morala-que-utilice-la-cabeza-en-la-planificacion-de-las-obras-de-reforma-de-los-campos-de-futbol\/\",\"url\":\"https:\/\/agrupacionespsoe.es\/ponferrada\/el-grupo-municipal-socialista-le-pide-a-morala-que-utilice-la-cabeza-en-la-planificacion-de-las-obras-de-reforma-de-los-campos-de-futbol\/\",\"name\":\"El Grupo Municipal Socialista le pide a Morala que utilice la cabeza en la planificaci\u00f3n de las obras de reforma de los campos de f\u00fatbol. - Agrupaci\u00f3n Socialista de Ponferrada\",\"isPartOf\":{\"@id\":\"https:\/\/agrupacionespsoe.es\/ponferrada\/#website\"},\"primaryImageOfPage\":{\"@id\":\"https:\/\/agrupacionespsoe.es\/ponferrada\/el-grupo-municipal-socialista-le-pide-a-morala-que-utilice-la-cabeza-en-la-planificacion-de-las-obras-de-reforma-de-los-campos-de-futbol\/#primaryimage\"},\"image\":{\"@id\":\"https:\/\/agrupacionespsoe.es\/ponferrada\/el-grupo-municipal-socialista-le-pide-a-morala-que-utilice-la-cabeza-en-la-planificacion-de-las-obras-de-reforma-de-los-campos-de-futbol\/#primaryimage\"},\"thumbnailUrl\":\"https:\/\/agrupacionespsoe.es\/ponferrada\/wp-content\/uploads\/sites\/36\/2024\/07\/WhatsApp-Image-2024-07-30-at-12.17.35.jpeg\",\"datePublished\":\"2024-07-30T10:23:18+00:00\",\"dateModified\":\"2024-07-30T10:23:19+00:00\",\"breadcrumb\":{\"@id\":\"https:\/\/agrupacionespsoe.es\/ponferrada\/el-grupo-municipal-socialista-le-pide-a-morala-que-utilice-la-cabeza-en-la-planificacion-de-las-obras-de-reforma-de-los-campos-de-futbol\/#breadcrumb\"},\"inLanguage\":\"es\",\"potentialAction\":[{\"@type\":\"ReadAction\",\"target\":[\"https:\/\/agrupacionespsoe.es\/ponferrada\/el-grupo-municipal-socialista-le-pide-a-morala-que-utilice-la-cabeza-en-la-planificacion-de-las-obras-de-reforma-de-los-campos-de-futbol\/\"]}]},{\"@type\":\"ImageObject\",\"inLanguage\":\"es\",\"@id\":\"https:\/\/agrupacionespsoe.es\/ponferrada\/el-grupo-municipal-socialista-le-pide-a-morala-que-utilice-la-cabeza-en-la-planificacion-de-las-obras-de-reforma-de-los-campos-de-futbol\/#primaryimage\",\"url\":\"https:\/\/agrupacionespsoe.es\/ponferrada\/wp-content\/uploads\/sites\/36\/2024\/07\/WhatsApp-Image-2024-07-30-at-12.17.35.jpeg\",\"contentUrl\":\"https:\/\/agrupacionespsoe.es\/ponferrada\/wp-content\/uploads\/sites\/36\/2024\/07\/WhatsApp-Image-2024-07-30-at-12.17.35.jpeg\",\"width\":1600,\"height\":1067},{\"@type\":\"BreadcrumbList\",\"@id\":\"https:\/\/agrupacionespsoe.es\/ponferrada\/el-grupo-municipal-socialista-le-pide-a-morala-que-utilice-la-cabeza-en-la-planificacion-de-las-obras-de-reforma-de-los-campos-de-futbol\/#breadcrumb\",\"itemListElement\":[{\"@type\":\"ListItem\",\"position\":1,\"name\":\"Portada\",\"item\":\"https:\/\/agrupacionespsoe.es\/ponferrada\/\"},{\"@type\":\"ListItem\",\"position\":2,\"name\":\"El Grupo Municipal Socialista le pide a Morala que utilice la cabeza en la planificaci\u00f3n de las obras de reforma de los campos de f\u00fatbol.\"}]},{\"@type\":\"WebSite\",\"@id\":\"https:\/\/agrupacionespsoe.es\/ponferrada\/#website\",\"url\":\"https:\/\/agrupacionespsoe.es\/ponferrada\/\",\"name\":\"Agrupaci\u00f3n Socialista de Ponferrada\",\"description\":\"Agrupaci\u00f3n Socialista de Ponferrada\",\"publisher\":{\"@id\":\"https:\/\/agrupacionespsoe.es\/ponferrada\/#organization\"},\"potentialAction\":[{\"@type\":\"SearchAction\",\"target\":{\"@type\":\"EntryPoint\",\"urlTemplate\":\"https:\/\/agrupacionespsoe.es\/ponferrada\/?s={search_term_string}\"},\"query-input\":{\"@type\":\"PropertyValueSpecification\",\"valueRequired\":true,\"valueName\":\"search_term_string\"}}],\"inLanguage\":\"es\"},{\"@type\":\"Organization\",\"@id\":\"https:\/\/agrupacionespsoe.es\/ponferrada\/#organization\",\"name\":\"Agrupaci\u00f3n Socialista de Ponferrada\",\"url\":\"https:\/\/agrupacionespsoe.es\/ponferrada\/\",\"logo\":{\"@type\":\"ImageObject\",\"inLanguage\":\"es\",\"@id\":\"https:\/\/agrupacionespsoe.es\/ponferrada\/#\/schema\/logo\/image\/\",\"url\":\"https:\/\/agrupacionespsoe.es\/wp-content\/uploads\/2022\/07\/Logotipo_electoral_del_PSOE.png\",\"contentUrl\":\"https:\/\/agrupacionespsoe.es\/wp-content\/uploads\/2022\/07\/Logotipo_electoral_del_PSOE.png\",\"width\":422,\"height\":422,\"caption\":\"Agrupaci\u00f3n Socialista de Ponferrada\"},\"image\":{\"@id\":\"https:\/\/agrupacionespsoe.es\/ponferrada\/#\/schema\/logo\/image\/\"}},{\"@type\":\"Person\",\"@id\":\"https:\/\/agrupacionespsoe.es\/ponferrada\/#\/schema\/person\/cd29ee627f3b70c05d415f02596debaa\",\"name\":\"ponferrada2\",\"image\":{\"@type\":\"ImageObject\",\"inLanguage\":\"es\",\"@id\":\"https:\/\/agrupacionespsoe.es\/ponferrada\/#\/schema\/person\/image\/\",\"url\":\"https:\/\/secure.gravatar.com\/avatar\/f499eeb60144c664cf7b7edf75549b50?s=96&d=mm&r=g\",\"contentUrl\":\"https:\/\/secure.gravatar.com\/avatar\/f499eeb60144c664cf7b7edf75549b50?s=96&d=mm&r=g\",\"caption\":\"ponferrada2\"},\"url\":\"https:\/\/agrupacionespsoe.es\/ponferrada\/author\/ponferrada2\/\"}]}<\/script>\n<!-- \/ Yoast SEO plugin. -->","yoast_head_json":{"title":"El Grupo Municipal Socialista le pide a Morala que utilice la cabeza en la planificaci\u00f3n de las obras de reforma de los campos de f\u00fatbol. - Agrupaci\u00f3n Socialista de Ponferrada","robots":{"index":"index","follow":"follow","max-snippet":"max-snippet:-1","max-image-preview":"max-image-preview:large","max-video-preview":"max-video-preview:-1"},"canonical":"https:\/\/agrupacionespsoe.es\/ponferrada\/el-grupo-municipal-socialista-le-pide-a-morala-que-utilice-la-cabeza-en-la-planificacion-de-las-obras-de-reforma-de-los-campos-de-futbol\/","og_locale":"es_ES","og_type":"article","og_title":"El Grupo Municipal Socialista le pide a Morala que utilice la cabeza en la planificaci\u00f3n de las obras de reforma de los campos de f\u00fatbol. - Agrupaci\u00f3n Socialista de Ponferrada","og_description":"Koseki pide al Sr Morala que se dedique menos a los insultos personales y que se ponga al d\u00eda en lo que a pruebas deportivas se refiere Ivan Castrillo- Koseki ha respondido a las cr\u00edticas personales que le ha dirigido el Sr. Morala en las \u00faltimas ruedas de prensa del \u00e1rea de deportes, aconseja al ...","og_url":"https:\/\/agrupacionespsoe.es\/ponferrada\/el-grupo-municipal-socialista-le-pide-a-morala-que-utilice-la-cabeza-en-la-planificacion-de-las-obras-de-reforma-de-los-campos-de-futbol\/","og_site_name":"Agrupaci\u00f3n Socialista de Ponferrada","article_published_time":"2024-07-30T10:23:18+00:00","article_modified_time":"2024-07-30T10:23:19+00:00","og_image":[{"width":1600,"height":1067,"url":"https:\/\/agrupacionespsoe.es\/ponferrada\/wp-content\/uploads\/sites\/36\/2024\/07\/WhatsApp-Image-2024-07-30-at-12.17.35.jpeg","type":"image\/jpeg"}],"author":"ponferrada2","twitter_card":"summary_large_image","twitter_misc":{"Escrito por":"ponferrada2","Tiempo de lectura":"3 minutos"},"schema":{"@context":"https:\/\/schema.org","@graph":[{"@type":"Article","@id":"https:\/\/agrupacionespsoe.es\/ponferrada\/el-grupo-municipal-socialista-le-pide-a-morala-que-utilice-la-cabeza-en-la-planificacion-de-las-obras-de-reforma-de-los-campos-de-futbol\/#article","isPartOf":{"@id":"https:\/\/agrupacionespsoe.es\/ponferrada\/el-grupo-municipal-socialista-le-pide-a-morala-que-utilice-la-cabeza-en-la-planificacion-de-las-obras-de-reforma-de-los-campos-de-futbol\/"},"author":{"name":"ponferrada2","@id":"https:\/\/agrupacionespsoe.es\/ponferrada\/#\/schema\/person\/cd29ee627f3b70c05d415f02596debaa"},"headline":"El Grupo Municipal Socialista le pide a Morala que utilice la cabeza en la planificaci\u00f3n de las obras de reforma de los campos de f\u00fatbol.","datePublished":"2024-07-30T10:23:18+00:00","dateModified":"2024-07-30T10:23:19+00:00","mainEntityOfPage":{"@id":"https:\/\/agrupacionespsoe.es\/ponferrada\/el-grupo-municipal-socialista-le-pide-a-morala-que-utilice-la-cabeza-en-la-planificacion-de-las-obras-de-reforma-de-los-campos-de-futbol\/"},"wordCount":488,"commentCount":0,"publisher":{"@id":"https:\/\/agrupacionespsoe.es\/ponferrada\/#organization"},"image":{"@id":"https:\/\/agrupacionespsoe.es\/ponferrada\/el-grupo-municipal-socialista-le-pide-a-morala-que-utilice-la-cabeza-en-la-planificacion-de-las-obras-de-reforma-de-los-campos-de-futbol\/#primaryimage"},"thumbnailUrl":"https:\/\/agrupacionespsoe.es\/ponferrada\/wp-content\/uploads\/sites\/36\/2024\/07\/WhatsApp-Image-2024-07-30-at-12.17.35.jpeg","articleSection":["ACTUALIDAD"],"inLanguage":"es","potentialAction":[{"@type":"CommentAction","name":"Comment","target":["https:\/\/agrupacionespsoe.es\/ponferrada\/el-grupo-municipal-socialista-le-pide-a-morala-que-utilice-la-cabeza-en-la-planificacion-de-las-obras-de-reforma-de-los-campos-de-futbol\/#respond"]}]},{"@type":"WebPage","@id":"https:\/\/agrupacionespsoe.es\/ponferrada\/el-grupo-municipal-socialista-le-pide-a-morala-que-utilice-la-cabeza-en-la-planificacion-de-las-obras-de-reforma-de-los-campos-de-futbol\/","url":"https:\/\/agrupacionespsoe.es\/ponferrada\/el-grupo-municipal-socialista-le-pide-a-morala-que-utilice-la-cabeza-en-la-planificacion-de-las-obras-de-reforma-de-los-campos-de-futbol\/","name":"El Grupo Municipal Socialista le pide a Morala que utilice la cabeza en la planificaci\u00f3n de las obras de reforma de los campos de f\u00fatbol. - Agrupaci\u00f3n Socialista de Ponferrada","isPartOf":{"@id":"https:\/\/agrupacionespsoe.es\/ponferrada\/#website"},"primaryImageOfPage":{"@id":"https:\/\/agrupacionespsoe.es\/ponferrada\/el-grupo-municipal-socialista-le-pide-a-morala-que-utilice-la-cabeza-en-la-planificacion-de-las-obras-de-reforma-de-los-campos-de-futbol\/#primaryimage"},"image":{"@id":"https:\/\/agrupacionespsoe.es\/ponferrada\/el-grupo-municipal-socialista-le-pide-a-morala-que-utilice-la-cabeza-en-la-planificacion-de-las-obras-de-reforma-de-los-campos-de-futbol\/#primaryimage"},"thumbnailUrl":"https:\/\/agrupacionespsoe.es\/ponferrada\/wp-content\/uploads\/sites\/36\/2024\/07\/WhatsApp-Image-2024-07-30-at-12.17.35.jpeg","datePublished":"2024-07-30T10:23:18+00:00","dateModified":"2024-07-30T10:23:19+00:00","breadcrumb":{"@id":"https:\/\/agrupacionespsoe.es\/ponferrada\/el-grupo-municipal-socialista-le-pide-a-morala-que-utilice-la-cabeza-en-la-planificacion-de-las-obras-de-reforma-de-los-campos-de-futbol\/#breadcrumb"},"inLanguage":"es","potentialAction":[{"@type":"ReadAction","target":["https:\/\/agrupacionespsoe.es\/ponferrada\/el-grupo-municipal-socialista-le-pide-a-morala-que-utilice-la-cabeza-en-la-planificacion-de-las-obras-de-reforma-de-los-campos-de-futbol\/"]}]},{"@type":"ImageObject","inLanguage":"es","@id":"https:\/\/agrupacionespsoe.es\/ponferrada\/el-grupo-municipal-socialista-le-pide-a-morala-que-utilice-la-cabeza-en-la-planificacion-de-las-obras-de-reforma-de-los-campos-de-futbol\/#primaryimage","url":"https:\/\/agrupacionespsoe.es\/ponferrada\/wp-content\/uploads\/sites\/36\/2024\/07\/WhatsApp-Image-2024-07-30-at-12.17.35.jpeg","contentUrl":"https:\/\/agrupacionespsoe.es\/ponferrada\/wp-content\/uploads\/sites\/36\/2024\/07\/WhatsApp-Image-2024-07-30-at-12.17.35.jpeg","width":1600,"height":1067},{"@type":"BreadcrumbList","@id":"https:\/\/agrupacionespsoe.es\/ponferrada\/el-grupo-municipal-socialista-le-pide-a-morala-que-utilice-la-cabeza-en-la-planificacion-de-las-obras-de-reforma-de-los-campos-de-futbol\/#breadcrumb","itemListElement":[{"@type":"ListItem","position":1,"name":"Portada","item":"https:\/\/agrupacionespsoe.es\/ponferrada\/"},{"@type":"ListItem","position":2,"name":"El Grupo Municipal Socialista le pide a Morala que utilice la cabeza en la planificaci\u00f3n de las obras de reforma de los campos de f\u00fatbol."}]},{"@type":"WebSite","@id":"https:\/\/agrupacionespsoe.es\/ponferrada\/#website","url":"https:\/\/agrupacionespsoe.es\/ponferrada\/","name":"Agrupaci\u00f3n Socialista de Ponferrada","description":"Agrupaci\u00f3n Socialista de Ponferrada","publisher":{"@id":"https:\/\/agrupacionespsoe.es\/ponferrada\/#organization"},"potentialAction":[{"@type":"SearchAction","target":{"@type":"EntryPoint","urlTemplate":"https:\/\/agrupacionespsoe.es\/ponferrada\/?s={search_term_string}"},"query-input":{"@type":"PropertyValueSpecification","valueRequired":true,"valueName":"search_term_string"}}],"inLanguage":"es"},{"@type":"Organization","@id":"https:\/\/agrupacionespsoe.es\/ponferrada\/#organization","name":"Agrupaci\u00f3n Socialista de Ponferrada","url":"https:\/\/agrupacionespsoe.es\/ponferrada\/","logo":{"@type":"ImageObject","inLanguage":"es","@id":"https:\/\/agrupacionespsoe.es\/ponferrada\/#\/schema\/logo\/image\/","url":"https:\/\/agrupacionespsoe.es\/wp-content\/uploads\/2022\/07\/Logotipo_electoral_del_PSOE.png","contentUrl":"https:\/\/agrupacionespsoe.es\/wp-content\/uploads\/2022\/07\/Logotipo_electoral_del_PSOE.png","width":422,"height":422,"caption":"Agrupaci\u00f3n Socialista de Ponferrada"},"image":{"@id":"https:\/\/agrupacionespsoe.es\/ponferrada\/#\/schema\/logo\/image\/"}},{"@type":"Person","@id":"https:\/\/agrupacionespsoe.es\/ponferrada\/#\/schema\/person\/cd29ee627f3b70c05d415f02596debaa","name":"ponferrada2","image":{"@type":"ImageObject","inLanguage":"es","@id":"https:\/\/agrupacionespsoe.es\/ponferrada\/#\/schema\/person\/image\/","url":"https:\/\/secure.gravatar.com\/avatar\/f499eeb60144c664cf7b7edf75549b50?s=96&d=mm&r=g","contentUrl":"https:\/\/secure.gravatar.com\/avatar\/f499eeb60144c664cf7b7edf75549b50?s=96&d=mm&r=g","caption":"ponferrada2"},"url":"https:\/\/agrupacionespsoe.es\/ponferrada\/author\/ponferrada2\/"}]}},"jetpack_featured_media_url":"https:\/\/agrupacionespsoe.es\/ponferrada\/wp-content\/uploads\/sites\/36\/2024\/07\/WhatsApp-Image-2024-07-30-at-12.17.35.jpeg","jetpack_sharing_enabled":true,"_links":{"self":[{"href":"https:\/\/agrupacionespsoe.es\/ponferrada\/wp-json\/wp\/v2\/posts\/572","targetHints":{"allow":["GET"]}}],"collection":[{"href":"https:\/\/agrupacionespsoe.es\/ponferrada\/wp-json\/wp\/v2\/posts"}],"about":[{"href":"https:\/\/agrupacionespsoe.es\/ponferrada\/wp-json\/wp\/v2\/types\/post"}],"author":[{"embeddable":true,"href":"https:\/\/agrupacionespsoe.es\/ponferrada\/wp-json\/wp\/v2\/users\/32"}],"replies":[{"embeddable":true,"href":"https:\/\/agrupacionespsoe.es\/ponferrada\/wp-json\/wp\/v2\/comments?post=572"}],"version-history":[{"count":1,"href":"https:\/\/agrupacionespsoe.es\/ponferrada\/wp-json\/wp\/v2\/posts\/572\/revisions"}],"predecessor-version":[{"id":574,"href":"https:\/\/agrupacionespsoe.es\/ponferrada\/wp-json\/wp\/v2\/posts\/572\/revisions\/574"}],"wp:featuredmedia":[{"embeddable":true,"href":"https:\/\/agrupacionespsoe.es\/ponferrada\/wp-json\/wp\/v2\/media\/573"}],"wp:attachment":[{"href":"https:\/\/agrupacionespsoe.es\/ponferrada\/wp-json\/wp\/v2\/media?parent=572"}],"wp:term":[{"taxonomy":"category","embeddable":true,"href":"https:\/\/agrupacionespsoe.es\/ponferrada\/wp-json\/wp\/v2\/categories?post=572"},{"taxonomy":"post_tag","embeddable":true,"href":"https:\/\/agrupacionespsoe.es\/ponferrada\/wp-json\/wp\/v2\/tags?post=572"}],"curies":[{"name":"wp","href":"https:\/\/api.w.org\/{rel}","templated":true}]}}