{"id":568,"date":"2024-07-25T11:04:00","date_gmt":"2024-07-25T11:04:00","guid":{"rendered":"https:\/\/agrupacionespsoe.es\/ponferrada\/?p=568"},"modified":"2024-07-27T06:21:37","modified_gmt":"2024-07-27T06:21:37","slug":"568-2","status":"publish","type":"post","link":"https:\/\/agrupacionespsoe.es\/ponferrada\/568-2\/","title":{"rendered":"El Grupo Socialista detalla el origen de las supuestas deudas que dice Morala que ha heredado"},"content":{"rendered":"\n<p>El portavoz del grupo socialista, Olegario Ram\u00f3n, di\u00f3 una rueda de prensa para poner negro sobre blanco sobre los datos de las supuestas deudas que anuncia el actual alcalde. <\/p>\n\n\n\n<p>Olegario comenz\u00f3 se\u00f1alando que el Sr. Morala\u00a0\u201cmiente todos los d\u00edas y a todas horas\u201d y ha detallado \u201ccon documentos que apoyan lo que decimos\u201d , \u201cnosotros nos encontramos una deuda de 27 millones en 2019 y en 2023 cuando nos fuimos, ya era de 21,4 millones, se rebaj\u00f3 un 26%\u201d<\/p>\n\n\n\n<p>Olegario continu\u00f3 desgranando cu\u00e1les son las deudas que alcanzan seg\u00fan el alcalde los 15 millones de euros. La primera es la que se refiere a la actual concesionaria del servicio de recogida de basuras, ha querido se\u00f1alar que la cantidad que reclamen, m\u00e1s de 7 millones de euros, procede en un alt\u00edsimo porcentaje de aquellos\u00a0acuerdos plenarios que hizo el PP en 2017 en el que para alzar una huelga asumi\u00f3 que todos pagar\u00edamos el acuerdo al que lleg\u00f3 con la empresa\u201c. A trav\u00e9s de este acuerdo al que llegar\u00eda la anterior alcaldesa Gloria Fern\u00e1ndez Merayo \u201cse pagar\u00eda m\u00e1s de un mill\u00f3n de euros por a\u00f1o\u201c. <\/p>\n\n\n\n<p>Olegario adem\u00e1s ha se\u00f1alado que \u201chubo un retraso muy importante en el cumplimiento de la ejecuci\u00f3n de la sentencia y fueron sum\u00e1ndose cantidades por ese retraso. Para apoyar su afirmaci\u00f3n ha le\u00eddo un extracto de la sentencia del propio Tribunal Superior de Justicia de Castilla y Le\u00f3n que le daba un tir\u00f3n de orejas muy importante a la alcaldesa al responderle a sus recursos que\u00a0<em>\u201ctodo ello pone de manifiesto el ejercicio abusivo que por parte de la administracion se esta haciendo del tramite de ejecuci\u00f3n de sentencia, demorando la misma con el planteamiento de incidentes innecesario\u201d.\u00a0<\/em><\/p>\n\n\n\n<p>Olegario indic\u00f3 que \u201cprimero asumi\u00f3 los gastos que supon\u00eda aquel acuerdo y luego retras\u00f3 la liquidaci\u00f3n con incidentes innecesarios como dec\u00eda la propia sentencia.\u00a0Sobre este asunto le hemos preguntado al equipo de Gobierno si ya lo han revisado y no nos han contestado\u201c, esto supone que la cantidad reclamada no tiene porque ser la que realmente adeude el ayuntamiento.<\/p>\n\n\n\n<p>Otra de las partidas que supuestamente engrosan esa deuda es la subvenci\u00f3n que se recibi\u00f3 para la<a href=\"https:\/\/www.elbierzodigital.com\/multas-zona-bajas-emisiones-ponferrada-2027\/\" target=\"_blank\" rel=\"noreferrer noopener\">\u00a0Zona de Bajas Emisiones<\/a>. Olegario le ha indicado al actual equipo de gobierno que esto se soluciona llegando a un acuerdo con el PSOE, y ha adelantado al PP que aprobar\u00edamos la ordenanza si entre en vigor completamente el 1 de enero de 2027\u00a0 y aceptan que si los \u00edndices de contaminaci\u00f3n son altos y peligrosos habr\u00e1 medidas sucesivas cada 24 horas, as\u00ed no habr\u00e1 que devolver la cantidad de m\u00e1s de 2,4 millones de euros. <\/p>\n\n\n\n<p>Ha recalcado que la propuesta inicial del PSOE era el 1 de enero de 2026, despu\u00e9s trasladamos al equipo de Gobierno el 1 de julio del 26 y ayer les trasladamos el 1 de enero 2027, lo que demuestra la buena voluntad del PSOE.<\/p>\n\n\n\n<p>Otra de las razones de esa deuda \u201ctiene que ver con los 2,4 millones de euros del \u00a0Mundial de Ciclismo\u201d que indic\u00f3 \u201cojal\u00e1 no se hubiera hecho nunca\u201d pero record\u00f3 que ya hay consignados casi 3 millones de euros para saldar esa deuda.<\/p>\n\n\n\n<p>Por \u00faltimo, Olegario se\u00f1al\u00f3 que la otra parte de la cuant\u00eda tiene que ver con una reclamaci\u00f3n de Aquona de un total de 3,3 millones de euros. \u201cReclama un cumplimiento de acuerdo del 2014 que dec\u00eda que todos los a\u00f1os se tenia que subir el precio del agua. En este sentido, recuerdo que\u00a0cuando gobiernas tienes que tomar decisiones y nosotros en su momento tuvimos que tomar una decisi\u00f3n que dura que fue la de subir m\u00e1s de un 9% el agua.\u00a0Ahora la empresa exige una subida de entorno al 17%. Cuando tomamos aquella medida, el PP dijo que mantendr\u00eda su voto en contra porque entend\u00edan que se trataba de un desprop\u00f3sito del que no deben ser c\u00f3mplices ni pagar innecesariamente todos los ponferradinos. Y finaliza animando al actual equipo de gobierno a que tome decisiones para solucionar los problemas y a que si tan preocupados est\u00e1n de las supuestas deudas dejen de derrochar en otras cuestiones.<\/p>\n\n\n\n<figure class=\"wp-block-image size-large\"><img loading=\"lazy\" decoding=\"async\" width=\"1024\" height=\"768\" src=\"https:\/\/agrupacionespsoe.es\/ponferrada\/wp-content\/uploads\/sites\/36\/2024\/07\/WhatsApp-Image-2024-07-25-at-13.18.44-1024x768.jpeg\" alt=\"\" class=\"wp-image-569\" srcset=\"https:\/\/agrupacionespsoe.es\/ponferrada\/wp-content\/uploads\/sites\/36\/2024\/07\/WhatsApp-Image-2024-07-25-at-13.18.44-1024x768.jpeg 1024w, https:\/\/agrupacionespsoe.es\/ponferrada\/wp-content\/uploads\/sites\/36\/2024\/07\/WhatsApp-Image-2024-07-25-at-13.18.44-300x225.jpeg 300w, https:\/\/agrupacionespsoe.es\/ponferrada\/wp-content\/uploads\/sites\/36\/2024\/07\/WhatsApp-Image-2024-07-25-at-13.18.44-768x576.jpeg 768w, https:\/\/agrupacionespsoe.es\/ponferrada\/wp-content\/uploads\/sites\/36\/2024\/07\/WhatsApp-Image-2024-07-25-at-13.18.44-1536x1152.jpeg 1536w, https:\/\/agrupacionespsoe.es\/ponferrada\/wp-content\/uploads\/sites\/36\/2024\/07\/WhatsApp-Image-2024-07-25-at-13.18.44.jpeg 2048w\" sizes=\"auto, (max-width: 1024px) 100vw, 1024px\" \/><\/figure>\n","protected":false},"excerpt":{"rendered":"<p>El portavoz del grupo socialista, Olegario Ram\u00f3n, di\u00f3 una rueda de prensa para poner negro sobre blanco sobre los datos de las supuestas deudas que anuncia el actual alcalde. Olegario comenz\u00f3 se\u00f1alando que el Sr. Morala\u00a0\u201cmiente todos los d\u00edas y a todas horas\u201d y ha detallado \u201ccon documentos que apoyan lo que decimos\u201d , \u201cnosotros &#8230;<\/p>\n","protected":false},"author":32,"featured_media":569,"comment_status":"open","ping_status":"open","sticky":false,"template":"","format":"standard","meta":{"_jetpack_memberships_contains_paid_content":false,"footnotes":""},"categories":[6],"tags":[],"class_list":["post-568","post","type-post","status-publish","format-standard","has-post-thumbnail","hentry","category-actualidad"],"yoast_head":"<!-- This site is optimized with the Yoast SEO plugin v24.0 - https:\/\/yoast.com\/wordpress\/plugins\/seo\/ -->\n<title>El Grupo Socialista detalla el origen de las supuestas deudas que dice Morala que ha heredado - Agrupaci\u00f3n Socialista de Ponferrada<\/title>\n<meta name=\"robots\" content=\"index, follow, max-snippet:-1, max-image-preview:large, max-video-preview:-1\" \/>\n<link rel=\"canonical\" href=\"https:\/\/agrupacionespsoe.es\/ponferrada\/568-2\/\" \/>\n<meta property=\"og:locale\" content=\"es_ES\" \/>\n<meta property=\"og:type\" content=\"article\" \/>\n<meta property=\"og:title\" content=\"El Grupo Socialista detalla el origen de las supuestas deudas que dice Morala que ha heredado - Agrupaci\u00f3n Socialista de Ponferrada\" \/>\n<meta property=\"og:description\" content=\"El portavoz del grupo socialista, Olegario Ram\u00f3n, di\u00f3 una rueda de prensa para poner negro sobre blanco sobre los datos de las supuestas deudas que anuncia el actual alcalde. Olegario comenz\u00f3 se\u00f1alando que el Sr. Morala\u00a0\u201cmiente todos los d\u00edas y a todas horas\u201d y ha detallado \u201ccon documentos que apoyan lo que decimos\u201d , \u201cnosotros ...\" \/>\n<meta property=\"og:url\" content=\"https:\/\/agrupacionespsoe.es\/ponferrada\/568-2\/\" \/>\n<meta property=\"og:site_name\" content=\"Agrupaci\u00f3n Socialista de Ponferrada\" \/>\n<meta property=\"article:published_time\" content=\"2024-07-25T11:04:00+00:00\" \/>\n<meta property=\"article:modified_time\" content=\"2024-07-27T06:21:37+00:00\" \/>\n<meta property=\"og:image\" content=\"https:\/\/agrupacionespsoe.es\/ponferrada\/wp-content\/uploads\/sites\/36\/2024\/07\/WhatsApp-Image-2024-07-25-at-13.18.44.jpeg\" \/>\n\t<meta property=\"og:image:width\" content=\"2048\" \/>\n\t<meta property=\"og:image:height\" content=\"1536\" \/>\n\t<meta property=\"og:image:type\" content=\"image\/jpeg\" \/>\n<meta name=\"author\" content=\"ponferrada2\" \/>\n<meta name=\"twitter:card\" content=\"summary_large_image\" \/>\n<meta name=\"twitter:label1\" content=\"Escrito por\" \/>\n\t<meta name=\"twitter:data1\" content=\"ponferrada2\" \/>\n\t<meta name=\"twitter:label2\" content=\"Tiempo de lectura\" \/>\n\t<meta name=\"twitter:data2\" content=\"4 minutos\" \/>\n<script type=\"application\/ld+json\" class=\"yoast-schema-graph\">{\"@context\":\"https:\/\/schema.org\",\"@graph\":[{\"@type\":\"Article\",\"@id\":\"https:\/\/agrupacionespsoe.es\/ponferrada\/568-2\/#article\",\"isPartOf\":{\"@id\":\"https:\/\/agrupacionespsoe.es\/ponferrada\/568-2\/\"},\"author\":{\"name\":\"ponferrada2\",\"@id\":\"https:\/\/agrupacionespsoe.es\/ponferrada\/#\/schema\/person\/cd29ee627f3b70c05d415f02596debaa\"},\"headline\":\"El Grupo Socialista detalla el origen de las supuestas deudas que dice Morala que ha heredado\",\"datePublished\":\"2024-07-25T11:04:00+00:00\",\"dateModified\":\"2024-07-27T06:21:37+00:00\",\"mainEntityOfPage\":{\"@id\":\"https:\/\/agrupacionespsoe.es\/ponferrada\/568-2\/\"},\"wordCount\":717,\"commentCount\":0,\"publisher\":{\"@id\":\"https:\/\/agrupacionespsoe.es\/ponferrada\/#organization\"},\"image\":{\"@id\":\"https:\/\/agrupacionespsoe.es\/ponferrada\/568-2\/#primaryimage\"},\"thumbnailUrl\":\"https:\/\/agrupacionespsoe.es\/ponferrada\/wp-content\/uploads\/sites\/36\/2024\/07\/WhatsApp-Image-2024-07-25-at-13.18.44.jpeg\",\"articleSection\":[\"ACTUALIDAD\"],\"inLanguage\":\"es\",\"potentialAction\":[{\"@type\":\"CommentAction\",\"name\":\"Comment\",\"target\":[\"https:\/\/agrupacionespsoe.es\/ponferrada\/568-2\/#respond\"]}]},{\"@type\":\"WebPage\",\"@id\":\"https:\/\/agrupacionespsoe.es\/ponferrada\/568-2\/\",\"url\":\"https:\/\/agrupacionespsoe.es\/ponferrada\/568-2\/\",\"name\":\"El Grupo Socialista detalla el origen de las supuestas deudas que dice Morala que ha heredado - Agrupaci\u00f3n Socialista de Ponferrada\",\"isPartOf\":{\"@id\":\"https:\/\/agrupacionespsoe.es\/ponferrada\/#website\"},\"primaryImageOfPage\":{\"@id\":\"https:\/\/agrupacionespsoe.es\/ponferrada\/568-2\/#primaryimage\"},\"image\":{\"@id\":\"https:\/\/agrupacionespsoe.es\/ponferrada\/568-2\/#primaryimage\"},\"thumbnailUrl\":\"https:\/\/agrupacionespsoe.es\/ponferrada\/wp-content\/uploads\/sites\/36\/2024\/07\/WhatsApp-Image-2024-07-25-at-13.18.44.jpeg\",\"datePublished\":\"2024-07-25T11:04:00+00:00\",\"dateModified\":\"2024-07-27T06:21:37+00:00\",\"breadcrumb\":{\"@id\":\"https:\/\/agrupacionespsoe.es\/ponferrada\/568-2\/#breadcrumb\"},\"inLanguage\":\"es\",\"potentialAction\":[{\"@type\":\"ReadAction\",\"target\":[\"https:\/\/agrupacionespsoe.es\/ponferrada\/568-2\/\"]}]},{\"@type\":\"ImageObject\",\"inLanguage\":\"es\",\"@id\":\"https:\/\/agrupacionespsoe.es\/ponferrada\/568-2\/#primaryimage\",\"url\":\"https:\/\/agrupacionespsoe.es\/ponferrada\/wp-content\/uploads\/sites\/36\/2024\/07\/WhatsApp-Image-2024-07-25-at-13.18.44.jpeg\",\"contentUrl\":\"https:\/\/agrupacionespsoe.es\/ponferrada\/wp-content\/uploads\/sites\/36\/2024\/07\/WhatsApp-Image-2024-07-25-at-13.18.44.jpeg\",\"width\":2048,\"height\":1536},{\"@type\":\"BreadcrumbList\",\"@id\":\"https:\/\/agrupacionespsoe.es\/ponferrada\/568-2\/#breadcrumb\",\"itemListElement\":[{\"@type\":\"ListItem\",\"position\":1,\"name\":\"Portada\",\"item\":\"https:\/\/agrupacionespsoe.es\/ponferrada\/\"},{\"@type\":\"ListItem\",\"position\":2,\"name\":\"El Grupo Socialista detalla el origen de las supuestas deudas que dice Morala que ha heredado\"}]},{\"@type\":\"WebSite\",\"@id\":\"https:\/\/agrupacionespsoe.es\/ponferrada\/#website\",\"url\":\"https:\/\/agrupacionespsoe.es\/ponferrada\/\",\"name\":\"Agrupaci\u00f3n Socialista de Ponferrada\",\"description\":\"Agrupaci\u00f3n Socialista de Ponferrada\",\"publisher\":{\"@id\":\"https:\/\/agrupacionespsoe.es\/ponferrada\/#organization\"},\"potentialAction\":[{\"@type\":\"SearchAction\",\"target\":{\"@type\":\"EntryPoint\",\"urlTemplate\":\"https:\/\/agrupacionespsoe.es\/ponferrada\/?s={search_term_string}\"},\"query-input\":{\"@type\":\"PropertyValueSpecification\",\"valueRequired\":true,\"valueName\":\"search_term_string\"}}],\"inLanguage\":\"es\"},{\"@type\":\"Organization\",\"@id\":\"https:\/\/agrupacionespsoe.es\/ponferrada\/#organization\",\"name\":\"Agrupaci\u00f3n Socialista de Ponferrada\",\"url\":\"https:\/\/agrupacionespsoe.es\/ponferrada\/\",\"logo\":{\"@type\":\"ImageObject\",\"inLanguage\":\"es\",\"@id\":\"https:\/\/agrupacionespsoe.es\/ponferrada\/#\/schema\/logo\/image\/\",\"url\":\"https:\/\/agrupacionespsoe.es\/wp-content\/uploads\/2022\/07\/Logotipo_electoral_del_PSOE.png\",\"contentUrl\":\"https:\/\/agrupacionespsoe.es\/wp-content\/uploads\/2022\/07\/Logotipo_electoral_del_PSOE.png\",\"width\":422,\"height\":422,\"caption\":\"Agrupaci\u00f3n Socialista de Ponferrada\"},\"image\":{\"@id\":\"https:\/\/agrupacionespsoe.es\/ponferrada\/#\/schema\/logo\/image\/\"}},{\"@type\":\"Person\",\"@id\":\"https:\/\/agrupacionespsoe.es\/ponferrada\/#\/schema\/person\/cd29ee627f3b70c05d415f02596debaa\",\"name\":\"ponferrada2\",\"image\":{\"@type\":\"ImageObject\",\"inLanguage\":\"es\",\"@id\":\"https:\/\/agrupacionespsoe.es\/ponferrada\/#\/schema\/person\/image\/\",\"url\":\"https:\/\/secure.gravatar.com\/avatar\/f499eeb60144c664cf7b7edf75549b50?s=96&d=mm&r=g\",\"contentUrl\":\"https:\/\/secure.gravatar.com\/avatar\/f499eeb60144c664cf7b7edf75549b50?s=96&d=mm&r=g\",\"caption\":\"ponferrada2\"},\"url\":\"https:\/\/agrupacionespsoe.es\/ponferrada\/author\/ponferrada2\/\"}]}<\/script>\n<!-- \/ Yoast SEO plugin. -->","yoast_head_json":{"title":"El Grupo Socialista detalla el origen de las supuestas deudas que dice Morala que ha heredado - Agrupaci\u00f3n Socialista de Ponferrada","robots":{"index":"index","follow":"follow","max-snippet":"max-snippet:-1","max-image-preview":"max-image-preview:large","max-video-preview":"max-video-preview:-1"},"canonical":"https:\/\/agrupacionespsoe.es\/ponferrada\/568-2\/","og_locale":"es_ES","og_type":"article","og_title":"El Grupo Socialista detalla el origen de las supuestas deudas que dice Morala que ha heredado - Agrupaci\u00f3n Socialista de Ponferrada","og_description":"El portavoz del grupo socialista, Olegario Ram\u00f3n, di\u00f3 una rueda de prensa para poner negro sobre blanco sobre los datos de las supuestas deudas que anuncia el actual alcalde. Olegario comenz\u00f3 se\u00f1alando que el Sr. Morala\u00a0\u201cmiente todos los d\u00edas y a todas horas\u201d y ha detallado \u201ccon documentos que apoyan lo que decimos\u201d , \u201cnosotros ...","og_url":"https:\/\/agrupacionespsoe.es\/ponferrada\/568-2\/","og_site_name":"Agrupaci\u00f3n Socialista de Ponferrada","article_published_time":"2024-07-25T11:04:00+00:00","article_modified_time":"2024-07-27T06:21:37+00:00","og_image":[{"width":2048,"height":1536,"url":"https:\/\/agrupacionespsoe.es\/ponferrada\/wp-content\/uploads\/sites\/36\/2024\/07\/WhatsApp-Image-2024-07-25-at-13.18.44.jpeg","type":"image\/jpeg"}],"author":"ponferrada2","twitter_card":"summary_large_image","twitter_misc":{"Escrito por":"ponferrada2","Tiempo de lectura":"4 minutos"},"schema":{"@context":"https:\/\/schema.org","@graph":[{"@type":"Article","@id":"https:\/\/agrupacionespsoe.es\/ponferrada\/568-2\/#article","isPartOf":{"@id":"https:\/\/agrupacionespsoe.es\/ponferrada\/568-2\/"},"author":{"name":"ponferrada2","@id":"https:\/\/agrupacionespsoe.es\/ponferrada\/#\/schema\/person\/cd29ee627f3b70c05d415f02596debaa"},"headline":"El Grupo Socialista detalla el origen de las supuestas deudas que dice Morala que ha heredado","datePublished":"2024-07-25T11:04:00+00:00","dateModified":"2024-07-27T06:21:37+00:00","mainEntityOfPage":{"@id":"https:\/\/agrupacionespsoe.es\/ponferrada\/568-2\/"},"wordCount":717,"commentCount":0,"publisher":{"@id":"https:\/\/agrupacionespsoe.es\/ponferrada\/#organization"},"image":{"@id":"https:\/\/agrupacionespsoe.es\/ponferrada\/568-2\/#primaryimage"},"thumbnailUrl":"https:\/\/agrupacionespsoe.es\/ponferrada\/wp-content\/uploads\/sites\/36\/2024\/07\/WhatsApp-Image-2024-07-25-at-13.18.44.jpeg","articleSection":["ACTUALIDAD"],"inLanguage":"es","potentialAction":[{"@type":"CommentAction","name":"Comment","target":["https:\/\/agrupacionespsoe.es\/ponferrada\/568-2\/#respond"]}]},{"@type":"WebPage","@id":"https:\/\/agrupacionespsoe.es\/ponferrada\/568-2\/","url":"https:\/\/agrupacionespsoe.es\/ponferrada\/568-2\/","name":"El Grupo Socialista detalla el origen de las supuestas deudas que dice Morala que ha heredado - Agrupaci\u00f3n Socialista de Ponferrada","isPartOf":{"@id":"https:\/\/agrupacionespsoe.es\/ponferrada\/#website"},"primaryImageOfPage":{"@id":"https:\/\/agrupacionespsoe.es\/ponferrada\/568-2\/#primaryimage"},"image":{"@id":"https:\/\/agrupacionespsoe.es\/ponferrada\/568-2\/#primaryimage"},"thumbnailUrl":"https:\/\/agrupacionespsoe.es\/ponferrada\/wp-content\/uploads\/sites\/36\/2024\/07\/WhatsApp-Image-2024-07-25-at-13.18.44.jpeg","datePublished":"2024-07-25T11:04:00+00:00","dateModified":"2024-07-27T06:21:37+00:00","breadcrumb":{"@id":"https:\/\/agrupacionespsoe.es\/ponferrada\/568-2\/#breadcrumb"},"inLanguage":"es","potentialAction":[{"@type":"ReadAction","target":["https:\/\/agrupacionespsoe.es\/ponferrada\/568-2\/"]}]},{"@type":"ImageObject","inLanguage":"es","@id":"https:\/\/agrupacionespsoe.es\/ponferrada\/568-2\/#primaryimage","url":"https:\/\/agrupacionespsoe.es\/ponferrada\/wp-content\/uploads\/sites\/36\/2024\/07\/WhatsApp-Image-2024-07-25-at-13.18.44.jpeg","contentUrl":"https:\/\/agrupacionespsoe.es\/ponferrada\/wp-content\/uploads\/sites\/36\/2024\/07\/WhatsApp-Image-2024-07-25-at-13.18.44.jpeg","width":2048,"height":1536},{"@type":"BreadcrumbList","@id":"https:\/\/agrupacionespsoe.es\/ponferrada\/568-2\/#breadcrumb","itemListElement":[{"@type":"ListItem","position":1,"name":"Portada","item":"https:\/\/agrupacionespsoe.es\/ponferrada\/"},{"@type":"ListItem","position":2,"name":"El Grupo Socialista detalla el origen de las supuestas deudas que dice Morala que ha heredado"}]},{"@type":"WebSite","@id":"https:\/\/agrupacionespsoe.es\/ponferrada\/#website","url":"https:\/\/agrupacionespsoe.es\/ponferrada\/","name":"Agrupaci\u00f3n Socialista de Ponferrada","description":"Agrupaci\u00f3n Socialista de Ponferrada","publisher":{"@id":"https:\/\/agrupacionespsoe.es\/ponferrada\/#organization"},"potentialAction":[{"@type":"SearchAction","target":{"@type":"EntryPoint","urlTemplate":"https:\/\/agrupacionespsoe.es\/ponferrada\/?s={search_term_string}"},"query-input":{"@type":"PropertyValueSpecification","valueRequired":true,"valueName":"search_term_string"}}],"inLanguage":"es"},{"@type":"Organization","@id":"https:\/\/agrupacionespsoe.es\/ponferrada\/#organization","name":"Agrupaci\u00f3n Socialista de Ponferrada","url":"https:\/\/agrupacionespsoe.es\/ponferrada\/","logo":{"@type":"ImageObject","inLanguage":"es","@id":"https:\/\/agrupacionespsoe.es\/ponferrada\/#\/schema\/logo\/image\/","url":"https:\/\/agrupacionespsoe.es\/wp-content\/uploads\/2022\/07\/Logotipo_electoral_del_PSOE.png","contentUrl":"https:\/\/agrupacionespsoe.es\/wp-content\/uploads\/2022\/07\/Logotipo_electoral_del_PSOE.png","width":422,"height":422,"caption":"Agrupaci\u00f3n Socialista de Ponferrada"},"image":{"@id":"https:\/\/agrupacionespsoe.es\/ponferrada\/#\/schema\/logo\/image\/"}},{"@type":"Person","@id":"https:\/\/agrupacionespsoe.es\/ponferrada\/#\/schema\/person\/cd29ee627f3b70c05d415f02596debaa","name":"ponferrada2","image":{"@type":"ImageObject","inLanguage":"es","@id":"https:\/\/agrupacionespsoe.es\/ponferrada\/#\/schema\/person\/image\/","url":"https:\/\/secure.gravatar.com\/avatar\/f499eeb60144c664cf7b7edf75549b50?s=96&d=mm&r=g","contentUrl":"https:\/\/secure.gravatar.com\/avatar\/f499eeb60144c664cf7b7edf75549b50?s=96&d=mm&r=g","caption":"ponferrada2"},"url":"https:\/\/agrupacionespsoe.es\/ponferrada\/author\/ponferrada2\/"}]}},"jetpack_featured_media_url":"https:\/\/agrupacionespsoe.es\/ponferrada\/wp-content\/uploads\/sites\/36\/2024\/07\/WhatsApp-Image-2024-07-25-at-13.18.44.jpeg","jetpack_sharing_enabled":true,"_links":{"self":[{"href":"https:\/\/agrupacionespsoe.es\/ponferrada\/wp-json\/wp\/v2\/posts\/568","targetHints":{"allow":["GET"]}}],"collection":[{"href":"https:\/\/agrupacionespsoe.es\/ponferrada\/wp-json\/wp\/v2\/posts"}],"about":[{"href":"https:\/\/agrupacionespsoe.es\/ponferrada\/wp-json\/wp\/v2\/types\/post"}],"author":[{"embeddable":true,"href":"https:\/\/agrupacionespsoe.es\/ponferrada\/wp-json\/wp\/v2\/users\/32"}],"replies":[{"embeddable":true,"href":"https:\/\/agrupacionespsoe.es\/ponferrada\/wp-json\/wp\/v2\/comments?post=568"}],"version-history":[{"count":2,"href":"https:\/\/agrupacionespsoe.es\/ponferrada\/wp-json\/wp\/v2\/posts\/568\/revisions"}],"predecessor-version":[{"id":571,"href":"https:\/\/agrupacionespsoe.es\/ponferrada\/wp-json\/wp\/v2\/posts\/568\/revisions\/571"}],"wp:featuredmedia":[{"embeddable":true,"href":"https:\/\/agrupacionespsoe.es\/ponferrada\/wp-json\/wp\/v2\/media\/569"}],"wp:attachment":[{"href":"https:\/\/agrupacionespsoe.es\/ponferrada\/wp-json\/wp\/v2\/media?parent=568"}],"wp:term":[{"taxonomy":"category","embeddable":true,"href":"https:\/\/agrupacionespsoe.es\/ponferrada\/wp-json\/wp\/v2\/categories?post=568"},{"taxonomy":"post_tag","embeddable":true,"href":"https:\/\/agrupacionespsoe.es\/ponferrada\/wp-json\/wp\/v2\/tags?post=568"}],"curies":[{"name":"wp","href":"https:\/\/api.w.org\/{rel}","templated":true}]}}