{"id":565,"date":"2024-07-26T11:52:00","date_gmt":"2024-07-26T11:52:00","guid":{"rendered":"https:\/\/agrupacionespsoe.es\/ponferrada\/?p=565"},"modified":"2024-07-27T05:54:45","modified_gmt":"2024-07-27T05:54:45","slug":"la-propuesta-inicial-de-cb-y-pp-era-una-subida-del-precio-publico-y-una-reduccion-del-horario-de-apertura-y-cierre-es-decir-un-peor-servicio-a-un-precio-mayor","status":"publish","type":"post","link":"https:\/\/agrupacionespsoe.es\/ponferrada\/la-propuesta-inicial-de-cb-y-pp-era-una-subida-del-precio-publico-y-una-reduccion-del-horario-de-apertura-y-cierre-es-decir-un-peor-servicio-a-un-precio-mayor\/","title":{"rendered":"\u201cLa propuesta inicial de CB y PP era una subida del precio p\u00fablico y una reducci\u00f3n del horario de apertura y cierre, es decir un peor servicio a un precio mayor.\u201d"},"content":{"rendered":"\n<p>El grupo municipal socialista se felicita por la marcha atr\u00e1s que ha hecho el actual equipo de gobierno, que propon\u00eda otra nueva subida de tasas o precios p\u00fablicos para las familias que utilizan el servicio de las escuelas infantiles p\u00fablicas. Hecho que ocurre tras la marcha atr\u00e1s del equipo de gobierno de incrementar la tasa del mercadillo municipal.<\/p>\n\n\n\n<p>Esta ma\u00f1ana en el pleno municipal se ha materializado la enmienda que propuso el PSOE para mejorar el servicio de escuelas municipales que propon\u00eda PP y CB, desde el Grupo Socialista explican que en la comisi\u00f3n de hacienda el PP hab\u00eda propuesto otra nueva subida para los ciudadanos. En este caso del precio p\u00fablico que las familias abonan por el servicio de escuelas infantiles en los meses de julio y agosto y lo que es m\u00e1s importante la modificaci\u00f3n del horario, que el PP propon\u00eda que pasara a ser de 8.00h a 14.00h, en lugar de hasta las 16.00h como viene funcionando.<\/p>\n\n\n\n<p>A juicio del PSOE esta modificaci\u00f3n en el horario de apertura y cierre de las escuelas infantiles iba a conllevar que las familias tuvieran que buscar otra forma de conciliar en verano. Ya que es muy habitual que la jornada laboral en \u00e9poca estival se ampl\u00ede lo que supondr\u00eda que el horario que planteaba el PP y CB no se adaptara a las necesidades de las familias.<\/p>\n\n\n\n<p>El Grupo socialista ha se\u00f1alado que \u00e9ste es uno de los primeros plenos donde se aprueban asuntos que afectan al d\u00eda a d\u00eda de la ciudadan\u00eda y la propuesta del PP y de CB ha sido subir los precios p\u00fablicos que se abonan y reducir el servicio que se presta desde el ayuntamiento. Y sin la enmienda del PSOE esto es lo que se hubiera aprobado, ya que la propuesta inicial de PP y CB era empeorar el servicio a un precio mayo.<\/p>\n\n\n\n<p>Para finalizar el PSOE ha pedido al equipo de gobierno que recapacite en su manera de actuar y de gobernar y que priorice el bienestar de la ciudadan\u00eda a sus intereses personales y partidistas.<\/p>\n\n\n\n<figure class=\"wp-block-image size-large\"><img loading=\"lazy\" decoding=\"async\" width=\"1024\" height=\"768\" src=\"https:\/\/agrupacionespsoe.es\/ponferrada\/wp-content\/uploads\/sites\/36\/2024\/07\/WhatsApp-Image-2024-07-26-at-13.57.11-1024x768.jpeg\" alt=\"\" class=\"wp-image-566\" srcset=\"https:\/\/agrupacionespsoe.es\/ponferrada\/wp-content\/uploads\/sites\/36\/2024\/07\/WhatsApp-Image-2024-07-26-at-13.57.11-1024x768.jpeg 1024w, https:\/\/agrupacionespsoe.es\/ponferrada\/wp-content\/uploads\/sites\/36\/2024\/07\/WhatsApp-Image-2024-07-26-at-13.57.11-300x225.jpeg 300w, https:\/\/agrupacionespsoe.es\/ponferrada\/wp-content\/uploads\/sites\/36\/2024\/07\/WhatsApp-Image-2024-07-26-at-13.57.11-768x576.jpeg 768w, https:\/\/agrupacionespsoe.es\/ponferrada\/wp-content\/uploads\/sites\/36\/2024\/07\/WhatsApp-Image-2024-07-26-at-13.57.11-1536x1152.jpeg 1536w, https:\/\/agrupacionespsoe.es\/ponferrada\/wp-content\/uploads\/sites\/36\/2024\/07\/WhatsApp-Image-2024-07-26-at-13.57.11.jpeg 1600w\" sizes=\"auto, (max-width: 1024px) 100vw, 1024px\" \/><\/figure>\n","protected":false},"excerpt":{"rendered":"<p>El grupo municipal socialista se felicita por la marcha atr\u00e1s que ha hecho el actual equipo de gobierno, que propon\u00eda otra nueva subida de tasas o precios p\u00fablicos para las familias que utilizan el servicio de las escuelas infantiles p\u00fablicas. Hecho que ocurre tras la marcha atr\u00e1s del equipo de gobierno de incrementar la tasa &#8230;<\/p>\n","protected":false},"author":32,"featured_media":566,"comment_status":"open","ping_status":"open","sticky":false,"template":"","format":"standard","meta":{"_jetpack_memberships_contains_paid_content":false,"footnotes":""},"categories":[6],"tags":[],"class_list":["post-565","post","type-post","status-publish","format-standard","has-post-thumbnail","hentry","category-actualidad"],"yoast_head":"<!-- This site is optimized with the Yoast SEO plugin v24.0 - https:\/\/yoast.com\/wordpress\/plugins\/seo\/ -->\n<title>\u201cLa propuesta inicial de CB y PP era una subida del precio p\u00fablico y una reducci\u00f3n del horario de apertura y cierre, es decir un peor servicio a un precio mayor.\u201d - Agrupaci\u00f3n Socialista de Ponferrada<\/title>\n<meta name=\"robots\" content=\"index, follow, max-snippet:-1, max-image-preview:large, max-video-preview:-1\" \/>\n<link rel=\"canonical\" href=\"https:\/\/agrupacionespsoe.es\/ponferrada\/la-propuesta-inicial-de-cb-y-pp-era-una-subida-del-precio-publico-y-una-reduccion-del-horario-de-apertura-y-cierre-es-decir-un-peor-servicio-a-un-precio-mayor\/\" \/>\n<meta property=\"og:locale\" content=\"es_ES\" \/>\n<meta property=\"og:type\" content=\"article\" \/>\n<meta property=\"og:title\" content=\"\u201cLa propuesta inicial de CB y PP era una subida del precio p\u00fablico y una reducci\u00f3n del horario de apertura y cierre, es decir un peor servicio a un precio mayor.\u201d - Agrupaci\u00f3n Socialista de Ponferrada\" \/>\n<meta property=\"og:description\" content=\"El grupo municipal socialista se felicita por la marcha atr\u00e1s que ha hecho el actual equipo de gobierno, que propon\u00eda otra nueva subida de tasas o precios p\u00fablicos para las familias que utilizan el servicio de las escuelas infantiles p\u00fablicas. Hecho que ocurre tras la marcha atr\u00e1s del equipo de gobierno de incrementar la tasa ...\" \/>\n<meta property=\"og:url\" content=\"https:\/\/agrupacionespsoe.es\/ponferrada\/la-propuesta-inicial-de-cb-y-pp-era-una-subida-del-precio-publico-y-una-reduccion-del-horario-de-apertura-y-cierre-es-decir-un-peor-servicio-a-un-precio-mayor\/\" \/>\n<meta property=\"og:site_name\" content=\"Agrupaci\u00f3n Socialista de Ponferrada\" \/>\n<meta property=\"article:published_time\" content=\"2024-07-26T11:52:00+00:00\" \/>\n<meta property=\"article:modified_time\" content=\"2024-07-27T05:54:45+00:00\" \/>\n<meta property=\"og:image\" content=\"https:\/\/agrupacionespsoe.es\/ponferrada\/wp-content\/uploads\/sites\/36\/2024\/07\/WhatsApp-Image-2024-07-26-at-13.57.11.jpeg\" \/>\n\t<meta property=\"og:image:width\" content=\"1600\" \/>\n\t<meta property=\"og:image:height\" content=\"1200\" \/>\n\t<meta property=\"og:image:type\" content=\"image\/jpeg\" \/>\n<meta name=\"author\" content=\"ponferrada2\" \/>\n<meta name=\"twitter:card\" content=\"summary_large_image\" \/>\n<meta name=\"twitter:label1\" content=\"Escrito por\" \/>\n\t<meta name=\"twitter:data1\" content=\"ponferrada2\" \/>\n\t<meta name=\"twitter:label2\" content=\"Tiempo de lectura\" \/>\n\t<meta name=\"twitter:data2\" content=\"2 minutos\" \/>\n<script type=\"application\/ld+json\" class=\"yoast-schema-graph\">{\"@context\":\"https:\/\/schema.org\",\"@graph\":[{\"@type\":\"Article\",\"@id\":\"https:\/\/agrupacionespsoe.es\/ponferrada\/la-propuesta-inicial-de-cb-y-pp-era-una-subida-del-precio-publico-y-una-reduccion-del-horario-de-apertura-y-cierre-es-decir-un-peor-servicio-a-un-precio-mayor\/#article\",\"isPartOf\":{\"@id\":\"https:\/\/agrupacionespsoe.es\/ponferrada\/la-propuesta-inicial-de-cb-y-pp-era-una-subida-del-precio-publico-y-una-reduccion-del-horario-de-apertura-y-cierre-es-decir-un-peor-servicio-a-un-precio-mayor\/\"},\"author\":{\"name\":\"ponferrada2\",\"@id\":\"https:\/\/agrupacionespsoe.es\/ponferrada\/#\/schema\/person\/cd29ee627f3b70c05d415f02596debaa\"},\"headline\":\"\u201cLa propuesta inicial de CB y PP era una subida del precio p\u00fablico y una reducci\u00f3n del horario de apertura y cierre, es decir un peor servicio a un precio mayor.\u201d\",\"datePublished\":\"2024-07-26T11:52:00+00:00\",\"dateModified\":\"2024-07-27T05:54:45+00:00\",\"mainEntityOfPage\":{\"@id\":\"https:\/\/agrupacionespsoe.es\/ponferrada\/la-propuesta-inicial-de-cb-y-pp-era-una-subida-del-precio-publico-y-una-reduccion-del-horario-de-apertura-y-cierre-es-decir-un-peor-servicio-a-un-precio-mayor\/\"},\"wordCount\":399,\"commentCount\":0,\"publisher\":{\"@id\":\"https:\/\/agrupacionespsoe.es\/ponferrada\/#organization\"},\"image\":{\"@id\":\"https:\/\/agrupacionespsoe.es\/ponferrada\/la-propuesta-inicial-de-cb-y-pp-era-una-subida-del-precio-publico-y-una-reduccion-del-horario-de-apertura-y-cierre-es-decir-un-peor-servicio-a-un-precio-mayor\/#primaryimage\"},\"thumbnailUrl\":\"https:\/\/agrupacionespsoe.es\/ponferrada\/wp-content\/uploads\/sites\/36\/2024\/07\/WhatsApp-Image-2024-07-26-at-13.57.11.jpeg\",\"articleSection\":[\"ACTUALIDAD\"],\"inLanguage\":\"es\",\"potentialAction\":[{\"@type\":\"CommentAction\",\"name\":\"Comment\",\"target\":[\"https:\/\/agrupacionespsoe.es\/ponferrada\/la-propuesta-inicial-de-cb-y-pp-era-una-subida-del-precio-publico-y-una-reduccion-del-horario-de-apertura-y-cierre-es-decir-un-peor-servicio-a-un-precio-mayor\/#respond\"]}]},{\"@type\":\"WebPage\",\"@id\":\"https:\/\/agrupacionespsoe.es\/ponferrada\/la-propuesta-inicial-de-cb-y-pp-era-una-subida-del-precio-publico-y-una-reduccion-del-horario-de-apertura-y-cierre-es-decir-un-peor-servicio-a-un-precio-mayor\/\",\"url\":\"https:\/\/agrupacionespsoe.es\/ponferrada\/la-propuesta-inicial-de-cb-y-pp-era-una-subida-del-precio-publico-y-una-reduccion-del-horario-de-apertura-y-cierre-es-decir-un-peor-servicio-a-un-precio-mayor\/\",\"name\":\"\u201cLa propuesta inicial de CB y PP era una subida del precio p\u00fablico y una reducci\u00f3n del horario de apertura y cierre, es decir un peor servicio a un precio mayor.\u201d - Agrupaci\u00f3n Socialista de Ponferrada\",\"isPartOf\":{\"@id\":\"https:\/\/agrupacionespsoe.es\/ponferrada\/#website\"},\"primaryImageOfPage\":{\"@id\":\"https:\/\/agrupacionespsoe.es\/ponferrada\/la-propuesta-inicial-de-cb-y-pp-era-una-subida-del-precio-publico-y-una-reduccion-del-horario-de-apertura-y-cierre-es-decir-un-peor-servicio-a-un-precio-mayor\/#primaryimage\"},\"image\":{\"@id\":\"https:\/\/agrupacionespsoe.es\/ponferrada\/la-propuesta-inicial-de-cb-y-pp-era-una-subida-del-precio-publico-y-una-reduccion-del-horario-de-apertura-y-cierre-es-decir-un-peor-servicio-a-un-precio-mayor\/#primaryimage\"},\"thumbnailUrl\":\"https:\/\/agrupacionespsoe.es\/ponferrada\/wp-content\/uploads\/sites\/36\/2024\/07\/WhatsApp-Image-2024-07-26-at-13.57.11.jpeg\",\"datePublished\":\"2024-07-26T11:52:00+00:00\",\"dateModified\":\"2024-07-27T05:54:45+00:00\",\"breadcrumb\":{\"@id\":\"https:\/\/agrupacionespsoe.es\/ponferrada\/la-propuesta-inicial-de-cb-y-pp-era-una-subida-del-precio-publico-y-una-reduccion-del-horario-de-apertura-y-cierre-es-decir-un-peor-servicio-a-un-precio-mayor\/#breadcrumb\"},\"inLanguage\":\"es\",\"potentialAction\":[{\"@type\":\"ReadAction\",\"target\":[\"https:\/\/agrupacionespsoe.es\/ponferrada\/la-propuesta-inicial-de-cb-y-pp-era-una-subida-del-precio-publico-y-una-reduccion-del-horario-de-apertura-y-cierre-es-decir-un-peor-servicio-a-un-precio-mayor\/\"]}]},{\"@type\":\"ImageObject\",\"inLanguage\":\"es\",\"@id\":\"https:\/\/agrupacionespsoe.es\/ponferrada\/la-propuesta-inicial-de-cb-y-pp-era-una-subida-del-precio-publico-y-una-reduccion-del-horario-de-apertura-y-cierre-es-decir-un-peor-servicio-a-un-precio-mayor\/#primaryimage\",\"url\":\"https:\/\/agrupacionespsoe.es\/ponferrada\/wp-content\/uploads\/sites\/36\/2024\/07\/WhatsApp-Image-2024-07-26-at-13.57.11.jpeg\",\"contentUrl\":\"https:\/\/agrupacionespsoe.es\/ponferrada\/wp-content\/uploads\/sites\/36\/2024\/07\/WhatsApp-Image-2024-07-26-at-13.57.11.jpeg\",\"width\":1600,\"height\":1200},{\"@type\":\"BreadcrumbList\",\"@id\":\"https:\/\/agrupacionespsoe.es\/ponferrada\/la-propuesta-inicial-de-cb-y-pp-era-una-subida-del-precio-publico-y-una-reduccion-del-horario-de-apertura-y-cierre-es-decir-un-peor-servicio-a-un-precio-mayor\/#breadcrumb\",\"itemListElement\":[{\"@type\":\"ListItem\",\"position\":1,\"name\":\"Portada\",\"item\":\"https:\/\/agrupacionespsoe.es\/ponferrada\/\"},{\"@type\":\"ListItem\",\"position\":2,\"name\":\"\u201cLa propuesta inicial de CB y PP era una subida del precio p\u00fablico y una reducci\u00f3n del horario de apertura y cierre, es decir un peor servicio a un precio mayor.\u201d\"}]},{\"@type\":\"WebSite\",\"@id\":\"https:\/\/agrupacionespsoe.es\/ponferrada\/#website\",\"url\":\"https:\/\/agrupacionespsoe.es\/ponferrada\/\",\"name\":\"Agrupaci\u00f3n Socialista de Ponferrada\",\"description\":\"Agrupaci\u00f3n Socialista de Ponferrada\",\"publisher\":{\"@id\":\"https:\/\/agrupacionespsoe.es\/ponferrada\/#organization\"},\"potentialAction\":[{\"@type\":\"SearchAction\",\"target\":{\"@type\":\"EntryPoint\",\"urlTemplate\":\"https:\/\/agrupacionespsoe.es\/ponferrada\/?s={search_term_string}\"},\"query-input\":{\"@type\":\"PropertyValueSpecification\",\"valueRequired\":true,\"valueName\":\"search_term_string\"}}],\"inLanguage\":\"es\"},{\"@type\":\"Organization\",\"@id\":\"https:\/\/agrupacionespsoe.es\/ponferrada\/#organization\",\"name\":\"Agrupaci\u00f3n Socialista de Ponferrada\",\"url\":\"https:\/\/agrupacionespsoe.es\/ponferrada\/\",\"logo\":{\"@type\":\"ImageObject\",\"inLanguage\":\"es\",\"@id\":\"https:\/\/agrupacionespsoe.es\/ponferrada\/#\/schema\/logo\/image\/\",\"url\":\"https:\/\/agrupacionespsoe.es\/wp-content\/uploads\/2022\/07\/Logotipo_electoral_del_PSOE.png\",\"contentUrl\":\"https:\/\/agrupacionespsoe.es\/wp-content\/uploads\/2022\/07\/Logotipo_electoral_del_PSOE.png\",\"width\":422,\"height\":422,\"caption\":\"Agrupaci\u00f3n Socialista de Ponferrada\"},\"image\":{\"@id\":\"https:\/\/agrupacionespsoe.es\/ponferrada\/#\/schema\/logo\/image\/\"}},{\"@type\":\"Person\",\"@id\":\"https:\/\/agrupacionespsoe.es\/ponferrada\/#\/schema\/person\/cd29ee627f3b70c05d415f02596debaa\",\"name\":\"ponferrada2\",\"image\":{\"@type\":\"ImageObject\",\"inLanguage\":\"es\",\"@id\":\"https:\/\/agrupacionespsoe.es\/ponferrada\/#\/schema\/person\/image\/\",\"url\":\"https:\/\/secure.gravatar.com\/avatar\/f499eeb60144c664cf7b7edf75549b50?s=96&d=mm&r=g\",\"contentUrl\":\"https:\/\/secure.gravatar.com\/avatar\/f499eeb60144c664cf7b7edf75549b50?s=96&d=mm&r=g\",\"caption\":\"ponferrada2\"},\"url\":\"https:\/\/agrupacionespsoe.es\/ponferrada\/author\/ponferrada2\/\"}]}<\/script>\n<!-- \/ Yoast SEO plugin. -->","yoast_head_json":{"title":"\u201cLa propuesta inicial de CB y PP era una subida del precio p\u00fablico y una reducci\u00f3n del horario de apertura y cierre, es decir un peor servicio a un precio mayor.\u201d - Agrupaci\u00f3n Socialista de Ponferrada","robots":{"index":"index","follow":"follow","max-snippet":"max-snippet:-1","max-image-preview":"max-image-preview:large","max-video-preview":"max-video-preview:-1"},"canonical":"https:\/\/agrupacionespsoe.es\/ponferrada\/la-propuesta-inicial-de-cb-y-pp-era-una-subida-del-precio-publico-y-una-reduccion-del-horario-de-apertura-y-cierre-es-decir-un-peor-servicio-a-un-precio-mayor\/","og_locale":"es_ES","og_type":"article","og_title":"\u201cLa propuesta inicial de CB y PP era una subida del precio p\u00fablico y una reducci\u00f3n del horario de apertura y cierre, es decir un peor servicio a un precio mayor.\u201d - Agrupaci\u00f3n Socialista de Ponferrada","og_description":"El grupo municipal socialista se felicita por la marcha atr\u00e1s que ha hecho el actual equipo de gobierno, que propon\u00eda otra nueva subida de tasas o precios p\u00fablicos para las familias que utilizan el servicio de las escuelas infantiles p\u00fablicas. Hecho que ocurre tras la marcha atr\u00e1s del equipo de gobierno de incrementar la tasa ...","og_url":"https:\/\/agrupacionespsoe.es\/ponferrada\/la-propuesta-inicial-de-cb-y-pp-era-una-subida-del-precio-publico-y-una-reduccion-del-horario-de-apertura-y-cierre-es-decir-un-peor-servicio-a-un-precio-mayor\/","og_site_name":"Agrupaci\u00f3n Socialista de Ponferrada","article_published_time":"2024-07-26T11:52:00+00:00","article_modified_time":"2024-07-27T05:54:45+00:00","og_image":[{"width":1600,"height":1200,"url":"https:\/\/agrupacionespsoe.es\/ponferrada\/wp-content\/uploads\/sites\/36\/2024\/07\/WhatsApp-Image-2024-07-26-at-13.57.11.jpeg","type":"image\/jpeg"}],"author":"ponferrada2","twitter_card":"summary_large_image","twitter_misc":{"Escrito por":"ponferrada2","Tiempo de lectura":"2 minutos"},"schema":{"@context":"https:\/\/schema.org","@graph":[{"@type":"Article","@id":"https:\/\/agrupacionespsoe.es\/ponferrada\/la-propuesta-inicial-de-cb-y-pp-era-una-subida-del-precio-publico-y-una-reduccion-del-horario-de-apertura-y-cierre-es-decir-un-peor-servicio-a-un-precio-mayor\/#article","isPartOf":{"@id":"https:\/\/agrupacionespsoe.es\/ponferrada\/la-propuesta-inicial-de-cb-y-pp-era-una-subida-del-precio-publico-y-una-reduccion-del-horario-de-apertura-y-cierre-es-decir-un-peor-servicio-a-un-precio-mayor\/"},"author":{"name":"ponferrada2","@id":"https:\/\/agrupacionespsoe.es\/ponferrada\/#\/schema\/person\/cd29ee627f3b70c05d415f02596debaa"},"headline":"\u201cLa propuesta inicial de CB y PP era una subida del precio p\u00fablico y una reducci\u00f3n del horario de apertura y cierre, es decir un peor servicio a un precio mayor.\u201d","datePublished":"2024-07-26T11:52:00+00:00","dateModified":"2024-07-27T05:54:45+00:00","mainEntityOfPage":{"@id":"https:\/\/agrupacionespsoe.es\/ponferrada\/la-propuesta-inicial-de-cb-y-pp-era-una-subida-del-precio-publico-y-una-reduccion-del-horario-de-apertura-y-cierre-es-decir-un-peor-servicio-a-un-precio-mayor\/"},"wordCount":399,"commentCount":0,"publisher":{"@id":"https:\/\/agrupacionespsoe.es\/ponferrada\/#organization"},"image":{"@id":"https:\/\/agrupacionespsoe.es\/ponferrada\/la-propuesta-inicial-de-cb-y-pp-era-una-subida-del-precio-publico-y-una-reduccion-del-horario-de-apertura-y-cierre-es-decir-un-peor-servicio-a-un-precio-mayor\/#primaryimage"},"thumbnailUrl":"https:\/\/agrupacionespsoe.es\/ponferrada\/wp-content\/uploads\/sites\/36\/2024\/07\/WhatsApp-Image-2024-07-26-at-13.57.11.jpeg","articleSection":["ACTUALIDAD"],"inLanguage":"es","potentialAction":[{"@type":"CommentAction","name":"Comment","target":["https:\/\/agrupacionespsoe.es\/ponferrada\/la-propuesta-inicial-de-cb-y-pp-era-una-subida-del-precio-publico-y-una-reduccion-del-horario-de-apertura-y-cierre-es-decir-un-peor-servicio-a-un-precio-mayor\/#respond"]}]},{"@type":"WebPage","@id":"https:\/\/agrupacionespsoe.es\/ponferrada\/la-propuesta-inicial-de-cb-y-pp-era-una-subida-del-precio-publico-y-una-reduccion-del-horario-de-apertura-y-cierre-es-decir-un-peor-servicio-a-un-precio-mayor\/","url":"https:\/\/agrupacionespsoe.es\/ponferrada\/la-propuesta-inicial-de-cb-y-pp-era-una-subida-del-precio-publico-y-una-reduccion-del-horario-de-apertura-y-cierre-es-decir-un-peor-servicio-a-un-precio-mayor\/","name":"\u201cLa propuesta inicial de CB y PP era una subida del precio p\u00fablico y una reducci\u00f3n del horario de apertura y cierre, es decir un peor servicio a un precio mayor.\u201d - Agrupaci\u00f3n Socialista de Ponferrada","isPartOf":{"@id":"https:\/\/agrupacionespsoe.es\/ponferrada\/#website"},"primaryImageOfPage":{"@id":"https:\/\/agrupacionespsoe.es\/ponferrada\/la-propuesta-inicial-de-cb-y-pp-era-una-subida-del-precio-publico-y-una-reduccion-del-horario-de-apertura-y-cierre-es-decir-un-peor-servicio-a-un-precio-mayor\/#primaryimage"},"image":{"@id":"https:\/\/agrupacionespsoe.es\/ponferrada\/la-propuesta-inicial-de-cb-y-pp-era-una-subida-del-precio-publico-y-una-reduccion-del-horario-de-apertura-y-cierre-es-decir-un-peor-servicio-a-un-precio-mayor\/#primaryimage"},"thumbnailUrl":"https:\/\/agrupacionespsoe.es\/ponferrada\/wp-content\/uploads\/sites\/36\/2024\/07\/WhatsApp-Image-2024-07-26-at-13.57.11.jpeg","datePublished":"2024-07-26T11:52:00+00:00","dateModified":"2024-07-27T05:54:45+00:00","breadcrumb":{"@id":"https:\/\/agrupacionespsoe.es\/ponferrada\/la-propuesta-inicial-de-cb-y-pp-era-una-subida-del-precio-publico-y-una-reduccion-del-horario-de-apertura-y-cierre-es-decir-un-peor-servicio-a-un-precio-mayor\/#breadcrumb"},"inLanguage":"es","potentialAction":[{"@type":"ReadAction","target":["https:\/\/agrupacionespsoe.es\/ponferrada\/la-propuesta-inicial-de-cb-y-pp-era-una-subida-del-precio-publico-y-una-reduccion-del-horario-de-apertura-y-cierre-es-decir-un-peor-servicio-a-un-precio-mayor\/"]}]},{"@type":"ImageObject","inLanguage":"es","@id":"https:\/\/agrupacionespsoe.es\/ponferrada\/la-propuesta-inicial-de-cb-y-pp-era-una-subida-del-precio-publico-y-una-reduccion-del-horario-de-apertura-y-cierre-es-decir-un-peor-servicio-a-un-precio-mayor\/#primaryimage","url":"https:\/\/agrupacionespsoe.es\/ponferrada\/wp-content\/uploads\/sites\/36\/2024\/07\/WhatsApp-Image-2024-07-26-at-13.57.11.jpeg","contentUrl":"https:\/\/agrupacionespsoe.es\/ponferrada\/wp-content\/uploads\/sites\/36\/2024\/07\/WhatsApp-Image-2024-07-26-at-13.57.11.jpeg","width":1600,"height":1200},{"@type":"BreadcrumbList","@id":"https:\/\/agrupacionespsoe.es\/ponferrada\/la-propuesta-inicial-de-cb-y-pp-era-una-subida-del-precio-publico-y-una-reduccion-del-horario-de-apertura-y-cierre-es-decir-un-peor-servicio-a-un-precio-mayor\/#breadcrumb","itemListElement":[{"@type":"ListItem","position":1,"name":"Portada","item":"https:\/\/agrupacionespsoe.es\/ponferrada\/"},{"@type":"ListItem","position":2,"name":"\u201cLa propuesta inicial de CB y PP era una subida del precio p\u00fablico y una reducci\u00f3n del horario de apertura y cierre, es decir un peor servicio a un precio mayor.\u201d"}]},{"@type":"WebSite","@id":"https:\/\/agrupacionespsoe.es\/ponferrada\/#website","url":"https:\/\/agrupacionespsoe.es\/ponferrada\/","name":"Agrupaci\u00f3n Socialista de Ponferrada","description":"Agrupaci\u00f3n Socialista de Ponferrada","publisher":{"@id":"https:\/\/agrupacionespsoe.es\/ponferrada\/#organization"},"potentialAction":[{"@type":"SearchAction","target":{"@type":"EntryPoint","urlTemplate":"https:\/\/agrupacionespsoe.es\/ponferrada\/?s={search_term_string}"},"query-input":{"@type":"PropertyValueSpecification","valueRequired":true,"valueName":"search_term_string"}}],"inLanguage":"es"},{"@type":"Organization","@id":"https:\/\/agrupacionespsoe.es\/ponferrada\/#organization","name":"Agrupaci\u00f3n Socialista de Ponferrada","url":"https:\/\/agrupacionespsoe.es\/ponferrada\/","logo":{"@type":"ImageObject","inLanguage":"es","@id":"https:\/\/agrupacionespsoe.es\/ponferrada\/#\/schema\/logo\/image\/","url":"https:\/\/agrupacionespsoe.es\/wp-content\/uploads\/2022\/07\/Logotipo_electoral_del_PSOE.png","contentUrl":"https:\/\/agrupacionespsoe.es\/wp-content\/uploads\/2022\/07\/Logotipo_electoral_del_PSOE.png","width":422,"height":422,"caption":"Agrupaci\u00f3n Socialista de Ponferrada"},"image":{"@id":"https:\/\/agrupacionespsoe.es\/ponferrada\/#\/schema\/logo\/image\/"}},{"@type":"Person","@id":"https:\/\/agrupacionespsoe.es\/ponferrada\/#\/schema\/person\/cd29ee627f3b70c05d415f02596debaa","name":"ponferrada2","image":{"@type":"ImageObject","inLanguage":"es","@id":"https:\/\/agrupacionespsoe.es\/ponferrada\/#\/schema\/person\/image\/","url":"https:\/\/secure.gravatar.com\/avatar\/f499eeb60144c664cf7b7edf75549b50?s=96&d=mm&r=g","contentUrl":"https:\/\/secure.gravatar.com\/avatar\/f499eeb60144c664cf7b7edf75549b50?s=96&d=mm&r=g","caption":"ponferrada2"},"url":"https:\/\/agrupacionespsoe.es\/ponferrada\/author\/ponferrada2\/"}]}},"jetpack_featured_media_url":"https:\/\/agrupacionespsoe.es\/ponferrada\/wp-content\/uploads\/sites\/36\/2024\/07\/WhatsApp-Image-2024-07-26-at-13.57.11.jpeg","jetpack_sharing_enabled":true,"_links":{"self":[{"href":"https:\/\/agrupacionespsoe.es\/ponferrada\/wp-json\/wp\/v2\/posts\/565","targetHints":{"allow":["GET"]}}],"collection":[{"href":"https:\/\/agrupacionespsoe.es\/ponferrada\/wp-json\/wp\/v2\/posts"}],"about":[{"href":"https:\/\/agrupacionespsoe.es\/ponferrada\/wp-json\/wp\/v2\/types\/post"}],"author":[{"embeddable":true,"href":"https:\/\/agrupacionespsoe.es\/ponferrada\/wp-json\/wp\/v2\/users\/32"}],"replies":[{"embeddable":true,"href":"https:\/\/agrupacionespsoe.es\/ponferrada\/wp-json\/wp\/v2\/comments?post=565"}],"version-history":[{"count":1,"href":"https:\/\/agrupacionespsoe.es\/ponferrada\/wp-json\/wp\/v2\/posts\/565\/revisions"}],"predecessor-version":[{"id":567,"href":"https:\/\/agrupacionespsoe.es\/ponferrada\/wp-json\/wp\/v2\/posts\/565\/revisions\/567"}],"wp:featuredmedia":[{"embeddable":true,"href":"https:\/\/agrupacionespsoe.es\/ponferrada\/wp-json\/wp\/v2\/media\/566"}],"wp:attachment":[{"href":"https:\/\/agrupacionespsoe.es\/ponferrada\/wp-json\/wp\/v2\/media?parent=565"}],"wp:term":[{"taxonomy":"category","embeddable":true,"href":"https:\/\/agrupacionespsoe.es\/ponferrada\/wp-json\/wp\/v2\/categories?post=565"},{"taxonomy":"post_tag","embeddable":true,"href":"https:\/\/agrupacionespsoe.es\/ponferrada\/wp-json\/wp\/v2\/tags?post=565"}],"curies":[{"name":"wp","href":"https:\/\/api.w.org\/{rel}","templated":true}]}}