{"id":562,"date":"2024-07-23T08:26:06","date_gmt":"2024-07-23T08:26:06","guid":{"rendered":"https:\/\/agrupacionespsoe.es\/ponferrada\/?p=562"},"modified":"2024-07-23T08:26:07","modified_gmt":"2024-07-23T08:26:07","slug":"el-grupo-socialista-acusa-al-equipo-de-gobierno-de-actuar-de-manera-vergonzosamente-sonrojante","status":"publish","type":"post","link":"https:\/\/agrupacionespsoe.es\/ponferrada\/el-grupo-socialista-acusa-al-equipo-de-gobierno-de-actuar-de-manera-vergonzosamente-sonrojante\/","title":{"rendered":"El grupo socialista acusa al equipo de gobierno de actuar de manera vergonzosamente sonrojante"},"content":{"rendered":"\n<p class=\"has-large-font-size\"><strong>&nbsp;La reforma de la ordenanza fiscal que proponen PP y CB supon\u00eda en algunos casos el incremento del 400%<\/strong><\/p>\n\n\n\n<p>El grupo socialista se congratula por la retirada del punto en el que se pretend\u00eda la subida de las tasas que abonan los comerciantes del mercadillo municipal.<\/p>\n\n\n\n<p>Esta ma\u00f1ana en la comisi\u00f3n de hacienda, el punto del orden del d\u00eda donde se iba a dictaminar la modificaci\u00f3n de la ordenanza fiscal reguladora de la tasa por ocupaci\u00f3n de los puestos de los mercadillos municipales ha quedado sobre la mesa por la posici\u00f3n del grupo socialista de negarse a aprobar la subida que se planteaba desde el equipo de gobierno de PP y CB.<\/p>\n\n\n\n<p>Mabel Fern\u00e1ndez ha querido recordar que la actual ordenanza fiscal deriva de la bajada de impuestos y tasas que aprob\u00f3 el equipo de gobierno del PSOE en octubre de 2021, donde se acord\u00f3 fijar como definitiva la reducci\u00f3n temporal que se hab\u00eda dise\u00f1ado como medida para reducir el impacto de la COVID-19 y que supon\u00eda una reducci\u00f3n de las tarifas en un 50 %.<\/p>\n\n\n\n<p>Mabel Fern\u00e1ndez quiere poner de manifiesto la incongruencia con la que gobierna el PP y CB. Cuando el PSOE propuso esta rebaja al actual alcalde las medidas le parec\u00edan \u201cinsuficientes e incluso irrisorias\u201d \u201ctan nimias, tan p\u00edrricas que no ten\u00edan ni siquiera importancia\u201d y acusaba al anterior equipo de gobierno de \u201csacacuartos\u201d y de \u201cllenarse los bolsillos\u201d. Ahora en su primera medida que afecta a la recaudaci\u00f3n propone una subida de m\u00e1s del 163%, seg\u00fan se\u00f1ala el informe del tesorero la recaudaci\u00f3n pasar\u00eda de los casi 57.000 euros a 93.000 \u20ac.<\/p>\n\n\n\n<p>Contin\u00faa se\u00f1alando que esta propuesta es vergonzosamente sonrojante si tenemos en cuenta que una de las medidas estrella del PP fue la rebaja de la presi\u00f3n fiscal a la ciudadan\u00eda. Esto da un ejemplo de lo que vale la palabra del actual alcalde: mientras estaba en la oposici\u00f3n no apoy\u00f3 ninguna rebaja porque le parec\u00edan nimias y como alcalde trata de subir las tasas. Mabel ironiza utilizando las mismas palabras del Sr. Morala que en su faceta de Alcalde por lo visto las rebajas fiscales ya no son \u201csocialmente imprescindibles, econ\u00f3micamente convenientes, pol\u00edticamente posibles y jur\u00eddicamente incontrovertidas\u201d seg\u00fan manifestaba como l\u00edder de la oposici\u00f3n.<\/p>\n\n\n\n<p>En cuanto al an\u00e1lisis de la medida concreta de PP y CB destaca la subida desorbitada que proponen para los peque\u00f1os vendedores hortofrut\u00edcolas que se sit\u00faan en la calle Pasaje Matachana, principalmente peque\u00f1os agricultores del entorno rural de Ponferrada y alrededores con poca mercanc\u00eda a la venta, procedente de sus peque\u00f1os huertos o plantaciones, y peque\u00f1os puestos que se pueden consideran como los comerciantes m\u00e1s vulnerables y que en su caso se planteaba una subida de tarifa desde los 33,28 euros\/m2 al a\u00f1o, es decir 99,84 euros por un puesto de 3 metros a los 400 euros al a\u00f1o que proponen PP y CB, una subida de m\u00e1s del 400%.<\/p>\n\n\n\n<p>Indica que se trata de una propuesta con una subida generalizada, un puesto de flores peque\u00f1o, de 2 metros, pasar\u00eda de pagar 41.60 \u20ac\/a\u00f1o a pagar 180 \u20ac\/a\u00f1o.<\/p>\n\n\n\n<p>Mabel Fern\u00e1ndez concluye pregunt\u00e1ndose d\u00f3nde est\u00e1 la prometida rebaja de la presi\u00f3n fiscal que fue bandera del actual Alcalde y c\u00f3mo se est\u00e1 protegiendo a los peque\u00f1os agricultores y hortelanos del medio rural de Ponferrada y por qu\u00e9 ese ensa\u00f1amiento con los comerciantes de la calle del Pasaje Matachana. \u201cEsto viene a demostrar la pol\u00edtica de propaganda con la que ha llegado el Sr. Morala al gobierno\u201d.<\/p>\n\n\n\n<p>Finaliza indicando que al PSOE lo encontrar\u00e1n en los acuerdos que beneficien a la ciudadan\u00eda y que protejan a los que m\u00e1s lo necesiten pero que se olviden de contar con nuestro apoyo para la contrarreforma tributaria que parece que quiere emprender el PP y CB.<\/p>\n\n\n\n<figure class=\"wp-block-image size-full\"><img loading=\"lazy\" decoding=\"async\" width=\"703\" height=\"1000\" src=\"https:\/\/agrupacionespsoe.es\/ponferrada\/wp-content\/uploads\/sites\/36\/2024\/07\/FOTO-MABEL.jpeg\" alt=\"\" class=\"wp-image-563\" srcset=\"https:\/\/agrupacionespsoe.es\/ponferrada\/wp-content\/uploads\/sites\/36\/2024\/07\/FOTO-MABEL.jpeg 703w, https:\/\/agrupacionespsoe.es\/ponferrada\/wp-content\/uploads\/sites\/36\/2024\/07\/FOTO-MABEL-211x300.jpeg 211w\" sizes=\"auto, (max-width: 703px) 100vw, 703px\" \/><\/figure>\n","protected":false},"excerpt":{"rendered":"<p>&nbsp;La reforma de la ordenanza fiscal que proponen PP y CB supon\u00eda en algunos casos el incremento del 400% El grupo socialista se congratula por la retirada del punto en el que se pretend\u00eda la subida de las tasas que abonan los comerciantes del mercadillo municipal. Esta ma\u00f1ana en la comisi\u00f3n de hacienda, el punto &#8230;<\/p>\n","protected":false},"author":32,"featured_media":563,"comment_status":"open","ping_status":"open","sticky":false,"template":"","format":"standard","meta":{"_jetpack_memberships_contains_paid_content":false,"footnotes":""},"categories":[6],"tags":[],"class_list":["post-562","post","type-post","status-publish","format-standard","has-post-thumbnail","hentry","category-actualidad"],"yoast_head":"<!-- This site is optimized with the Yoast SEO plugin v24.0 - https:\/\/yoast.com\/wordpress\/plugins\/seo\/ -->\n<title>El grupo socialista acusa al equipo de gobierno de actuar de manera vergonzosamente sonrojante - Agrupaci\u00f3n Socialista de Ponferrada<\/title>\n<meta name=\"robots\" content=\"index, follow, max-snippet:-1, max-image-preview:large, max-video-preview:-1\" \/>\n<link rel=\"canonical\" href=\"https:\/\/agrupacionespsoe.es\/ponferrada\/el-grupo-socialista-acusa-al-equipo-de-gobierno-de-actuar-de-manera-vergonzosamente-sonrojante\/\" \/>\n<meta property=\"og:locale\" content=\"es_ES\" \/>\n<meta property=\"og:type\" content=\"article\" \/>\n<meta property=\"og:title\" content=\"El grupo socialista acusa al equipo de gobierno de actuar de manera vergonzosamente sonrojante - Agrupaci\u00f3n Socialista de Ponferrada\" \/>\n<meta property=\"og:description\" content=\"&nbsp;La reforma de la ordenanza fiscal que proponen PP y CB supon\u00eda en algunos casos el incremento del 400% El grupo socialista se congratula por la retirada del punto en el que se pretend\u00eda la subida de las tasas que abonan los comerciantes del mercadillo municipal. Esta ma\u00f1ana en la comisi\u00f3n de hacienda, el punto ...\" \/>\n<meta property=\"og:url\" content=\"https:\/\/agrupacionespsoe.es\/ponferrada\/el-grupo-socialista-acusa-al-equipo-de-gobierno-de-actuar-de-manera-vergonzosamente-sonrojante\/\" \/>\n<meta property=\"og:site_name\" content=\"Agrupaci\u00f3n Socialista de Ponferrada\" \/>\n<meta property=\"article:published_time\" content=\"2024-07-23T08:26:06+00:00\" \/>\n<meta property=\"article:modified_time\" content=\"2024-07-23T08:26:07+00:00\" \/>\n<meta property=\"og:image\" content=\"https:\/\/agrupacionespsoe.es\/ponferrada\/wp-content\/uploads\/sites\/36\/2024\/07\/FOTO-MABEL.jpeg\" \/>\n\t<meta property=\"og:image:width\" content=\"703\" \/>\n\t<meta property=\"og:image:height\" content=\"1000\" \/>\n\t<meta property=\"og:image:type\" content=\"image\/jpeg\" \/>\n<meta name=\"author\" content=\"ponferrada2\" \/>\n<meta name=\"twitter:card\" content=\"summary_large_image\" \/>\n<meta name=\"twitter:label1\" content=\"Escrito por\" \/>\n\t<meta name=\"twitter:data1\" content=\"ponferrada2\" \/>\n\t<meta name=\"twitter:label2\" content=\"Tiempo de lectura\" \/>\n\t<meta name=\"twitter:data2\" content=\"4 minutos\" \/>\n<script type=\"application\/ld+json\" class=\"yoast-schema-graph\">{\"@context\":\"https:\/\/schema.org\",\"@graph\":[{\"@type\":\"Article\",\"@id\":\"https:\/\/agrupacionespsoe.es\/ponferrada\/el-grupo-socialista-acusa-al-equipo-de-gobierno-de-actuar-de-manera-vergonzosamente-sonrojante\/#article\",\"isPartOf\":{\"@id\":\"https:\/\/agrupacionespsoe.es\/ponferrada\/el-grupo-socialista-acusa-al-equipo-de-gobierno-de-actuar-de-manera-vergonzosamente-sonrojante\/\"},\"author\":{\"name\":\"ponferrada2\",\"@id\":\"https:\/\/agrupacionespsoe.es\/ponferrada\/#\/schema\/person\/cd29ee627f3b70c05d415f02596debaa\"},\"headline\":\"El grupo socialista acusa al equipo de gobierno de actuar de manera vergonzosamente sonrojante\",\"datePublished\":\"2024-07-23T08:26:06+00:00\",\"dateModified\":\"2024-07-23T08:26:07+00:00\",\"mainEntityOfPage\":{\"@id\":\"https:\/\/agrupacionespsoe.es\/ponferrada\/el-grupo-socialista-acusa-al-equipo-de-gobierno-de-actuar-de-manera-vergonzosamente-sonrojante\/\"},\"wordCount\":685,\"commentCount\":0,\"publisher\":{\"@id\":\"https:\/\/agrupacionespsoe.es\/ponferrada\/#organization\"},\"image\":{\"@id\":\"https:\/\/agrupacionespsoe.es\/ponferrada\/el-grupo-socialista-acusa-al-equipo-de-gobierno-de-actuar-de-manera-vergonzosamente-sonrojante\/#primaryimage\"},\"thumbnailUrl\":\"https:\/\/agrupacionespsoe.es\/ponferrada\/wp-content\/uploads\/sites\/36\/2024\/07\/FOTO-MABEL.jpeg\",\"articleSection\":[\"ACTUALIDAD\"],\"inLanguage\":\"es\",\"potentialAction\":[{\"@type\":\"CommentAction\",\"name\":\"Comment\",\"target\":[\"https:\/\/agrupacionespsoe.es\/ponferrada\/el-grupo-socialista-acusa-al-equipo-de-gobierno-de-actuar-de-manera-vergonzosamente-sonrojante\/#respond\"]}]},{\"@type\":\"WebPage\",\"@id\":\"https:\/\/agrupacionespsoe.es\/ponferrada\/el-grupo-socialista-acusa-al-equipo-de-gobierno-de-actuar-de-manera-vergonzosamente-sonrojante\/\",\"url\":\"https:\/\/agrupacionespsoe.es\/ponferrada\/el-grupo-socialista-acusa-al-equipo-de-gobierno-de-actuar-de-manera-vergonzosamente-sonrojante\/\",\"name\":\"El grupo socialista acusa al equipo de gobierno de actuar de manera vergonzosamente sonrojante - Agrupaci\u00f3n Socialista de Ponferrada\",\"isPartOf\":{\"@id\":\"https:\/\/agrupacionespsoe.es\/ponferrada\/#website\"},\"primaryImageOfPage\":{\"@id\":\"https:\/\/agrupacionespsoe.es\/ponferrada\/el-grupo-socialista-acusa-al-equipo-de-gobierno-de-actuar-de-manera-vergonzosamente-sonrojante\/#primaryimage\"},\"image\":{\"@id\":\"https:\/\/agrupacionespsoe.es\/ponferrada\/el-grupo-socialista-acusa-al-equipo-de-gobierno-de-actuar-de-manera-vergonzosamente-sonrojante\/#primaryimage\"},\"thumbnailUrl\":\"https:\/\/agrupacionespsoe.es\/ponferrada\/wp-content\/uploads\/sites\/36\/2024\/07\/FOTO-MABEL.jpeg\",\"datePublished\":\"2024-07-23T08:26:06+00:00\",\"dateModified\":\"2024-07-23T08:26:07+00:00\",\"breadcrumb\":{\"@id\":\"https:\/\/agrupacionespsoe.es\/ponferrada\/el-grupo-socialista-acusa-al-equipo-de-gobierno-de-actuar-de-manera-vergonzosamente-sonrojante\/#breadcrumb\"},\"inLanguage\":\"es\",\"potentialAction\":[{\"@type\":\"ReadAction\",\"target\":[\"https:\/\/agrupacionespsoe.es\/ponferrada\/el-grupo-socialista-acusa-al-equipo-de-gobierno-de-actuar-de-manera-vergonzosamente-sonrojante\/\"]}]},{\"@type\":\"ImageObject\",\"inLanguage\":\"es\",\"@id\":\"https:\/\/agrupacionespsoe.es\/ponferrada\/el-grupo-socialista-acusa-al-equipo-de-gobierno-de-actuar-de-manera-vergonzosamente-sonrojante\/#primaryimage\",\"url\":\"https:\/\/agrupacionespsoe.es\/ponferrada\/wp-content\/uploads\/sites\/36\/2024\/07\/FOTO-MABEL.jpeg\",\"contentUrl\":\"https:\/\/agrupacionespsoe.es\/ponferrada\/wp-content\/uploads\/sites\/36\/2024\/07\/FOTO-MABEL.jpeg\",\"width\":703,\"height\":1000},{\"@type\":\"BreadcrumbList\",\"@id\":\"https:\/\/agrupacionespsoe.es\/ponferrada\/el-grupo-socialista-acusa-al-equipo-de-gobierno-de-actuar-de-manera-vergonzosamente-sonrojante\/#breadcrumb\",\"itemListElement\":[{\"@type\":\"ListItem\",\"position\":1,\"name\":\"Portada\",\"item\":\"https:\/\/agrupacionespsoe.es\/ponferrada\/\"},{\"@type\":\"ListItem\",\"position\":2,\"name\":\"El grupo socialista acusa al equipo de gobierno de actuar de manera vergonzosamente sonrojante\"}]},{\"@type\":\"WebSite\",\"@id\":\"https:\/\/agrupacionespsoe.es\/ponferrada\/#website\",\"url\":\"https:\/\/agrupacionespsoe.es\/ponferrada\/\",\"name\":\"Agrupaci\u00f3n Socialista de Ponferrada\",\"description\":\"Agrupaci\u00f3n Socialista de Ponferrada\",\"publisher\":{\"@id\":\"https:\/\/agrupacionespsoe.es\/ponferrada\/#organization\"},\"potentialAction\":[{\"@type\":\"SearchAction\",\"target\":{\"@type\":\"EntryPoint\",\"urlTemplate\":\"https:\/\/agrupacionespsoe.es\/ponferrada\/?s={search_term_string}\"},\"query-input\":{\"@type\":\"PropertyValueSpecification\",\"valueRequired\":true,\"valueName\":\"search_term_string\"}}],\"inLanguage\":\"es\"},{\"@type\":\"Organization\",\"@id\":\"https:\/\/agrupacionespsoe.es\/ponferrada\/#organization\",\"name\":\"Agrupaci\u00f3n Socialista de Ponferrada\",\"url\":\"https:\/\/agrupacionespsoe.es\/ponferrada\/\",\"logo\":{\"@type\":\"ImageObject\",\"inLanguage\":\"es\",\"@id\":\"https:\/\/agrupacionespsoe.es\/ponferrada\/#\/schema\/logo\/image\/\",\"url\":\"https:\/\/agrupacionespsoe.es\/wp-content\/uploads\/2022\/07\/Logotipo_electoral_del_PSOE.png\",\"contentUrl\":\"https:\/\/agrupacionespsoe.es\/wp-content\/uploads\/2022\/07\/Logotipo_electoral_del_PSOE.png\",\"width\":422,\"height\":422,\"caption\":\"Agrupaci\u00f3n Socialista de Ponferrada\"},\"image\":{\"@id\":\"https:\/\/agrupacionespsoe.es\/ponferrada\/#\/schema\/logo\/image\/\"}},{\"@type\":\"Person\",\"@id\":\"https:\/\/agrupacionespsoe.es\/ponferrada\/#\/schema\/person\/cd29ee627f3b70c05d415f02596debaa\",\"name\":\"ponferrada2\",\"image\":{\"@type\":\"ImageObject\",\"inLanguage\":\"es\",\"@id\":\"https:\/\/agrupacionespsoe.es\/ponferrada\/#\/schema\/person\/image\/\",\"url\":\"https:\/\/secure.gravatar.com\/avatar\/f499eeb60144c664cf7b7edf75549b50?s=96&d=mm&r=g\",\"contentUrl\":\"https:\/\/secure.gravatar.com\/avatar\/f499eeb60144c664cf7b7edf75549b50?s=96&d=mm&r=g\",\"caption\":\"ponferrada2\"},\"url\":\"https:\/\/agrupacionespsoe.es\/ponferrada\/author\/ponferrada2\/\"}]}<\/script>\n<!-- \/ Yoast SEO plugin. -->","yoast_head_json":{"title":"El grupo socialista acusa al equipo de gobierno de actuar de manera vergonzosamente sonrojante - Agrupaci\u00f3n Socialista de Ponferrada","robots":{"index":"index","follow":"follow","max-snippet":"max-snippet:-1","max-image-preview":"max-image-preview:large","max-video-preview":"max-video-preview:-1"},"canonical":"https:\/\/agrupacionespsoe.es\/ponferrada\/el-grupo-socialista-acusa-al-equipo-de-gobierno-de-actuar-de-manera-vergonzosamente-sonrojante\/","og_locale":"es_ES","og_type":"article","og_title":"El grupo socialista acusa al equipo de gobierno de actuar de manera vergonzosamente sonrojante - Agrupaci\u00f3n Socialista de Ponferrada","og_description":"&nbsp;La reforma de la ordenanza fiscal que proponen PP y CB supon\u00eda en algunos casos el incremento del 400% El grupo socialista se congratula por la retirada del punto en el que se pretend\u00eda la subida de las tasas que abonan los comerciantes del mercadillo municipal. Esta ma\u00f1ana en la comisi\u00f3n de hacienda, el punto ...","og_url":"https:\/\/agrupacionespsoe.es\/ponferrada\/el-grupo-socialista-acusa-al-equipo-de-gobierno-de-actuar-de-manera-vergonzosamente-sonrojante\/","og_site_name":"Agrupaci\u00f3n Socialista de Ponferrada","article_published_time":"2024-07-23T08:26:06+00:00","article_modified_time":"2024-07-23T08:26:07+00:00","og_image":[{"width":703,"height":1000,"url":"https:\/\/agrupacionespsoe.es\/ponferrada\/wp-content\/uploads\/sites\/36\/2024\/07\/FOTO-MABEL.jpeg","type":"image\/jpeg"}],"author":"ponferrada2","twitter_card":"summary_large_image","twitter_misc":{"Escrito por":"ponferrada2","Tiempo de lectura":"4 minutos"},"schema":{"@context":"https:\/\/schema.org","@graph":[{"@type":"Article","@id":"https:\/\/agrupacionespsoe.es\/ponferrada\/el-grupo-socialista-acusa-al-equipo-de-gobierno-de-actuar-de-manera-vergonzosamente-sonrojante\/#article","isPartOf":{"@id":"https:\/\/agrupacionespsoe.es\/ponferrada\/el-grupo-socialista-acusa-al-equipo-de-gobierno-de-actuar-de-manera-vergonzosamente-sonrojante\/"},"author":{"name":"ponferrada2","@id":"https:\/\/agrupacionespsoe.es\/ponferrada\/#\/schema\/person\/cd29ee627f3b70c05d415f02596debaa"},"headline":"El grupo socialista acusa al equipo de gobierno de actuar de manera vergonzosamente sonrojante","datePublished":"2024-07-23T08:26:06+00:00","dateModified":"2024-07-23T08:26:07+00:00","mainEntityOfPage":{"@id":"https:\/\/agrupacionespsoe.es\/ponferrada\/el-grupo-socialista-acusa-al-equipo-de-gobierno-de-actuar-de-manera-vergonzosamente-sonrojante\/"},"wordCount":685,"commentCount":0,"publisher":{"@id":"https:\/\/agrupacionespsoe.es\/ponferrada\/#organization"},"image":{"@id":"https:\/\/agrupacionespsoe.es\/ponferrada\/el-grupo-socialista-acusa-al-equipo-de-gobierno-de-actuar-de-manera-vergonzosamente-sonrojante\/#primaryimage"},"thumbnailUrl":"https:\/\/agrupacionespsoe.es\/ponferrada\/wp-content\/uploads\/sites\/36\/2024\/07\/FOTO-MABEL.jpeg","articleSection":["ACTUALIDAD"],"inLanguage":"es","potentialAction":[{"@type":"CommentAction","name":"Comment","target":["https:\/\/agrupacionespsoe.es\/ponferrada\/el-grupo-socialista-acusa-al-equipo-de-gobierno-de-actuar-de-manera-vergonzosamente-sonrojante\/#respond"]}]},{"@type":"WebPage","@id":"https:\/\/agrupacionespsoe.es\/ponferrada\/el-grupo-socialista-acusa-al-equipo-de-gobierno-de-actuar-de-manera-vergonzosamente-sonrojante\/","url":"https:\/\/agrupacionespsoe.es\/ponferrada\/el-grupo-socialista-acusa-al-equipo-de-gobierno-de-actuar-de-manera-vergonzosamente-sonrojante\/","name":"El grupo socialista acusa al equipo de gobierno de actuar de manera vergonzosamente sonrojante - Agrupaci\u00f3n Socialista de Ponferrada","isPartOf":{"@id":"https:\/\/agrupacionespsoe.es\/ponferrada\/#website"},"primaryImageOfPage":{"@id":"https:\/\/agrupacionespsoe.es\/ponferrada\/el-grupo-socialista-acusa-al-equipo-de-gobierno-de-actuar-de-manera-vergonzosamente-sonrojante\/#primaryimage"},"image":{"@id":"https:\/\/agrupacionespsoe.es\/ponferrada\/el-grupo-socialista-acusa-al-equipo-de-gobierno-de-actuar-de-manera-vergonzosamente-sonrojante\/#primaryimage"},"thumbnailUrl":"https:\/\/agrupacionespsoe.es\/ponferrada\/wp-content\/uploads\/sites\/36\/2024\/07\/FOTO-MABEL.jpeg","datePublished":"2024-07-23T08:26:06+00:00","dateModified":"2024-07-23T08:26:07+00:00","breadcrumb":{"@id":"https:\/\/agrupacionespsoe.es\/ponferrada\/el-grupo-socialista-acusa-al-equipo-de-gobierno-de-actuar-de-manera-vergonzosamente-sonrojante\/#breadcrumb"},"inLanguage":"es","potentialAction":[{"@type":"ReadAction","target":["https:\/\/agrupacionespsoe.es\/ponferrada\/el-grupo-socialista-acusa-al-equipo-de-gobierno-de-actuar-de-manera-vergonzosamente-sonrojante\/"]}]},{"@type":"ImageObject","inLanguage":"es","@id":"https:\/\/agrupacionespsoe.es\/ponferrada\/el-grupo-socialista-acusa-al-equipo-de-gobierno-de-actuar-de-manera-vergonzosamente-sonrojante\/#primaryimage","url":"https:\/\/agrupacionespsoe.es\/ponferrada\/wp-content\/uploads\/sites\/36\/2024\/07\/FOTO-MABEL.jpeg","contentUrl":"https:\/\/agrupacionespsoe.es\/ponferrada\/wp-content\/uploads\/sites\/36\/2024\/07\/FOTO-MABEL.jpeg","width":703,"height":1000},{"@type":"BreadcrumbList","@id":"https:\/\/agrupacionespsoe.es\/ponferrada\/el-grupo-socialista-acusa-al-equipo-de-gobierno-de-actuar-de-manera-vergonzosamente-sonrojante\/#breadcrumb","itemListElement":[{"@type":"ListItem","position":1,"name":"Portada","item":"https:\/\/agrupacionespsoe.es\/ponferrada\/"},{"@type":"ListItem","position":2,"name":"El grupo socialista acusa al equipo de gobierno de actuar de manera vergonzosamente sonrojante"}]},{"@type":"WebSite","@id":"https:\/\/agrupacionespsoe.es\/ponferrada\/#website","url":"https:\/\/agrupacionespsoe.es\/ponferrada\/","name":"Agrupaci\u00f3n Socialista de Ponferrada","description":"Agrupaci\u00f3n Socialista de Ponferrada","publisher":{"@id":"https:\/\/agrupacionespsoe.es\/ponferrada\/#organization"},"potentialAction":[{"@type":"SearchAction","target":{"@type":"EntryPoint","urlTemplate":"https:\/\/agrupacionespsoe.es\/ponferrada\/?s={search_term_string}"},"query-input":{"@type":"PropertyValueSpecification","valueRequired":true,"valueName":"search_term_string"}}],"inLanguage":"es"},{"@type":"Organization","@id":"https:\/\/agrupacionespsoe.es\/ponferrada\/#organization","name":"Agrupaci\u00f3n Socialista de Ponferrada","url":"https:\/\/agrupacionespsoe.es\/ponferrada\/","logo":{"@type":"ImageObject","inLanguage":"es","@id":"https:\/\/agrupacionespsoe.es\/ponferrada\/#\/schema\/logo\/image\/","url":"https:\/\/agrupacionespsoe.es\/wp-content\/uploads\/2022\/07\/Logotipo_electoral_del_PSOE.png","contentUrl":"https:\/\/agrupacionespsoe.es\/wp-content\/uploads\/2022\/07\/Logotipo_electoral_del_PSOE.png","width":422,"height":422,"caption":"Agrupaci\u00f3n Socialista de Ponferrada"},"image":{"@id":"https:\/\/agrupacionespsoe.es\/ponferrada\/#\/schema\/logo\/image\/"}},{"@type":"Person","@id":"https:\/\/agrupacionespsoe.es\/ponferrada\/#\/schema\/person\/cd29ee627f3b70c05d415f02596debaa","name":"ponferrada2","image":{"@type":"ImageObject","inLanguage":"es","@id":"https:\/\/agrupacionespsoe.es\/ponferrada\/#\/schema\/person\/image\/","url":"https:\/\/secure.gravatar.com\/avatar\/f499eeb60144c664cf7b7edf75549b50?s=96&d=mm&r=g","contentUrl":"https:\/\/secure.gravatar.com\/avatar\/f499eeb60144c664cf7b7edf75549b50?s=96&d=mm&r=g","caption":"ponferrada2"},"url":"https:\/\/agrupacionespsoe.es\/ponferrada\/author\/ponferrada2\/"}]}},"jetpack_featured_media_url":"https:\/\/agrupacionespsoe.es\/ponferrada\/wp-content\/uploads\/sites\/36\/2024\/07\/FOTO-MABEL.jpeg","jetpack_sharing_enabled":true,"_links":{"self":[{"href":"https:\/\/agrupacionespsoe.es\/ponferrada\/wp-json\/wp\/v2\/posts\/562","targetHints":{"allow":["GET"]}}],"collection":[{"href":"https:\/\/agrupacionespsoe.es\/ponferrada\/wp-json\/wp\/v2\/posts"}],"about":[{"href":"https:\/\/agrupacionespsoe.es\/ponferrada\/wp-json\/wp\/v2\/types\/post"}],"author":[{"embeddable":true,"href":"https:\/\/agrupacionespsoe.es\/ponferrada\/wp-json\/wp\/v2\/users\/32"}],"replies":[{"embeddable":true,"href":"https:\/\/agrupacionespsoe.es\/ponferrada\/wp-json\/wp\/v2\/comments?post=562"}],"version-history":[{"count":1,"href":"https:\/\/agrupacionespsoe.es\/ponferrada\/wp-json\/wp\/v2\/posts\/562\/revisions"}],"predecessor-version":[{"id":564,"href":"https:\/\/agrupacionespsoe.es\/ponferrada\/wp-json\/wp\/v2\/posts\/562\/revisions\/564"}],"wp:featuredmedia":[{"embeddable":true,"href":"https:\/\/agrupacionespsoe.es\/ponferrada\/wp-json\/wp\/v2\/media\/563"}],"wp:attachment":[{"href":"https:\/\/agrupacionespsoe.es\/ponferrada\/wp-json\/wp\/v2\/media?parent=562"}],"wp:term":[{"taxonomy":"category","embeddable":true,"href":"https:\/\/agrupacionespsoe.es\/ponferrada\/wp-json\/wp\/v2\/categories?post=562"},{"taxonomy":"post_tag","embeddable":true,"href":"https:\/\/agrupacionespsoe.es\/ponferrada\/wp-json\/wp\/v2\/tags?post=562"}],"curies":[{"name":"wp","href":"https:\/\/api.w.org\/{rel}","templated":true}]}}