{"id":559,"date":"2024-07-19T14:12:00","date_gmt":"2024-07-19T14:12:00","guid":{"rendered":"https:\/\/agrupacionespsoe.es\/ponferrada\/?p=559"},"modified":"2024-07-22T15:13:29","modified_gmt":"2024-07-22T15:13:29","slug":"el-actual-equipo-de-gobierno-no-pierde-la-oportunidad-de-hacer-politica-espectaculo-y-rebajarse-al-fango-politico-cada-vez-que-tienen-alguna-oportunidad","status":"publish","type":"post","link":"https:\/\/agrupacionespsoe.es\/ponferrada\/el-actual-equipo-de-gobierno-no-pierde-la-oportunidad-de-hacer-politica-espectaculo-y-rebajarse-al-fango-politico-cada-vez-que-tienen-alguna-oportunidad\/","title":{"rendered":"El actual equipo de gobierno no pierde la oportunidad de hacer pol\u00edtica espect\u00e1culo y rebajarse al fango pol\u00edtico cada vez que tienen alguna oportunidad."},"content":{"rendered":"\n<p>Desde el grupo municipal socialista queremos aclarar &nbsp;que lo que desde el PP y CB han calificado como \u201cclaro fin electoralista\u201d porque la presentaci\u00f3n se hizo el 12 de mayo es simplemente que los plazos de las convocatorias y los proyectos que se elaboran son los que marcan la fecha para la presentaci\u00f3n de las subvenciones. Y queremos recordar que al estar en periodo electoral no se hizo una presentaci\u00f3n p\u00fablica simplemente se present\u00f3 un proyecto para optar por una subvenci\u00f3n que se consideraba que era el mejor proyecto para la ciudadan\u00eda.<\/p>\n\n\n\n<p>El PP confunde los t\u00e9rminos en clara voluntad de manipular y seguir enfangando, est\u00e1n instalados en la pol\u00edtica espect\u00e1culo de grandes titulares y culpabilizar de todo lo negativo al anterior equipo de gobierno.<\/p>\n\n\n\n<p>Desde el PSOE se\u00f1alan que en el anterior gobierno, se presentaban a todas las subvenciones que pod\u00edan conllevar una mejora para la ciudadan\u00eda, muchas se consiguieron y algunas otras se denegaron, lo que ha pasado en todos los grandes ayuntamientos. Como resumen, &nbsp;se consiguieron proyectos por valor de m\u00e1s de 13 millones de euros y se perdieron algunas subvenciones como por ejemplo el proyecto Patrimonio Tebaida por valor de 3 millones que por la misma regla de tres que aplica el PP lo perdi\u00f3 el Sr. Alonso.<\/p>\n\n\n\n<p><a><\/a>Aclaramos que sin la renuncia expresa a la anterior subvenci\u00f3n de 100.000 euros, el ayuntamiento no pod\u00eda optar a esta subvenci\u00f3n y evidentemente se opt\u00f3 por la que m\u00e1s dinero pod\u00eda suponer y que ten\u00eda mayores acciones.<\/p>\n\n\n\n<p>Pedimos al actual equipo de gobierno que empiecen a gestionar y abandonen la pol\u00edtica de fango y de pol\u00edtica espect\u00e1culo en el que est\u00e1n sumidos, en palabras llanas le pedimos que \u201cmenos ruido y m\u00e1s nueces\u201d<\/p>\n\n\n\n<figure class=\"wp-block-image size-large\"><img loading=\"lazy\" decoding=\"async\" width=\"1024\" height=\"1005\" src=\"https:\/\/agrupacionespsoe.es\/ponferrada\/wp-content\/uploads\/sites\/36\/2024\/07\/mabel-y-olegario-1024x1005.jpeg\" alt=\"\" class=\"wp-image-560\" srcset=\"https:\/\/agrupacionespsoe.es\/ponferrada\/wp-content\/uploads\/sites\/36\/2024\/07\/mabel-y-olegario-1024x1005.jpeg 1024w, https:\/\/agrupacionespsoe.es\/ponferrada\/wp-content\/uploads\/sites\/36\/2024\/07\/mabel-y-olegario-300x294.jpeg 300w, https:\/\/agrupacionespsoe.es\/ponferrada\/wp-content\/uploads\/sites\/36\/2024\/07\/mabel-y-olegario-768x754.jpeg 768w, https:\/\/agrupacionespsoe.es\/ponferrada\/wp-content\/uploads\/sites\/36\/2024\/07\/mabel-y-olegario.jpeg 1169w\" sizes=\"auto, (max-width: 1024px) 100vw, 1024px\" \/><\/figure>\n","protected":false},"excerpt":{"rendered":"<p>Desde el grupo municipal socialista queremos aclarar &nbsp;que lo que desde el PP y CB han calificado como \u201cclaro fin electoralista\u201d porque la presentaci\u00f3n se hizo el 12 de mayo es simplemente que los plazos de las convocatorias y los proyectos que se elaboran son los que marcan la fecha para la presentaci\u00f3n de las &#8230;<\/p>\n","protected":false},"author":32,"featured_media":560,"comment_status":"open","ping_status":"open","sticky":false,"template":"","format":"standard","meta":{"_jetpack_memberships_contains_paid_content":false,"footnotes":""},"categories":[6],"tags":[],"class_list":["post-559","post","type-post","status-publish","format-standard","has-post-thumbnail","hentry","category-actualidad"],"yoast_head":"<!-- This site is optimized with the Yoast SEO plugin v24.0 - https:\/\/yoast.com\/wordpress\/plugins\/seo\/ -->\n<title>El actual equipo de gobierno no pierde la oportunidad de hacer pol\u00edtica espect\u00e1culo y rebajarse al fango pol\u00edtico cada vez que tienen alguna oportunidad. - Agrupaci\u00f3n Socialista de Ponferrada<\/title>\n<meta name=\"robots\" content=\"index, follow, max-snippet:-1, max-image-preview:large, max-video-preview:-1\" \/>\n<link rel=\"canonical\" href=\"https:\/\/agrupacionespsoe.es\/ponferrada\/el-actual-equipo-de-gobierno-no-pierde-la-oportunidad-de-hacer-politica-espectaculo-y-rebajarse-al-fango-politico-cada-vez-que-tienen-alguna-oportunidad\/\" \/>\n<meta property=\"og:locale\" content=\"es_ES\" \/>\n<meta property=\"og:type\" content=\"article\" \/>\n<meta property=\"og:title\" content=\"El actual equipo de gobierno no pierde la oportunidad de hacer pol\u00edtica espect\u00e1culo y rebajarse al fango pol\u00edtico cada vez que tienen alguna oportunidad. - Agrupaci\u00f3n Socialista de Ponferrada\" \/>\n<meta property=\"og:description\" content=\"Desde el grupo municipal socialista queremos aclarar &nbsp;que lo que desde el PP y CB han calificado como \u201cclaro fin electoralista\u201d porque la presentaci\u00f3n se hizo el 12 de mayo es simplemente que los plazos de las convocatorias y los proyectos que se elaboran son los que marcan la fecha para la presentaci\u00f3n de las ...\" \/>\n<meta property=\"og:url\" content=\"https:\/\/agrupacionespsoe.es\/ponferrada\/el-actual-equipo-de-gobierno-no-pierde-la-oportunidad-de-hacer-politica-espectaculo-y-rebajarse-al-fango-politico-cada-vez-que-tienen-alguna-oportunidad\/\" \/>\n<meta property=\"og:site_name\" content=\"Agrupaci\u00f3n Socialista de Ponferrada\" \/>\n<meta property=\"article:published_time\" content=\"2024-07-19T14:12:00+00:00\" \/>\n<meta property=\"article:modified_time\" content=\"2024-07-22T15:13:29+00:00\" \/>\n<meta property=\"og:image\" content=\"https:\/\/agrupacionespsoe.es\/ponferrada\/wp-content\/uploads\/sites\/36\/2024\/07\/mabel-y-olegario.jpeg\" \/>\n\t<meta property=\"og:image:width\" content=\"1169\" \/>\n\t<meta property=\"og:image:height\" content=\"1147\" \/>\n\t<meta property=\"og:image:type\" content=\"image\/jpeg\" \/>\n<meta name=\"author\" content=\"ponferrada2\" \/>\n<meta name=\"twitter:card\" content=\"summary_large_image\" \/>\n<meta name=\"twitter:label1\" content=\"Escrito por\" \/>\n\t<meta name=\"twitter:data1\" content=\"ponferrada2\" \/>\n\t<meta name=\"twitter:label2\" content=\"Tiempo de lectura\" \/>\n\t<meta name=\"twitter:data2\" content=\"2 minutos\" \/>\n<script type=\"application\/ld+json\" class=\"yoast-schema-graph\">{\"@context\":\"https:\/\/schema.org\",\"@graph\":[{\"@type\":\"Article\",\"@id\":\"https:\/\/agrupacionespsoe.es\/ponferrada\/el-actual-equipo-de-gobierno-no-pierde-la-oportunidad-de-hacer-politica-espectaculo-y-rebajarse-al-fango-politico-cada-vez-que-tienen-alguna-oportunidad\/#article\",\"isPartOf\":{\"@id\":\"https:\/\/agrupacionespsoe.es\/ponferrada\/el-actual-equipo-de-gobierno-no-pierde-la-oportunidad-de-hacer-politica-espectaculo-y-rebajarse-al-fango-politico-cada-vez-que-tienen-alguna-oportunidad\/\"},\"author\":{\"name\":\"ponferrada2\",\"@id\":\"https:\/\/agrupacionespsoe.es\/ponferrada\/#\/schema\/person\/cd29ee627f3b70c05d415f02596debaa\"},\"headline\":\"El actual equipo de gobierno no pierde la oportunidad de hacer pol\u00edtica espect\u00e1culo y rebajarse al fango pol\u00edtico cada vez que tienen alguna oportunidad.\",\"datePublished\":\"2024-07-19T14:12:00+00:00\",\"dateModified\":\"2024-07-22T15:13:29+00:00\",\"mainEntityOfPage\":{\"@id\":\"https:\/\/agrupacionespsoe.es\/ponferrada\/el-actual-equipo-de-gobierno-no-pierde-la-oportunidad-de-hacer-politica-espectaculo-y-rebajarse-al-fango-politico-cada-vez-que-tienen-alguna-oportunidad\/\"},\"wordCount\":335,\"commentCount\":0,\"publisher\":{\"@id\":\"https:\/\/agrupacionespsoe.es\/ponferrada\/#organization\"},\"image\":{\"@id\":\"https:\/\/agrupacionespsoe.es\/ponferrada\/el-actual-equipo-de-gobierno-no-pierde-la-oportunidad-de-hacer-politica-espectaculo-y-rebajarse-al-fango-politico-cada-vez-que-tienen-alguna-oportunidad\/#primaryimage\"},\"thumbnailUrl\":\"https:\/\/agrupacionespsoe.es\/ponferrada\/wp-content\/uploads\/sites\/36\/2024\/07\/mabel-y-olegario.jpeg\",\"articleSection\":[\"ACTUALIDAD\"],\"inLanguage\":\"es\",\"potentialAction\":[{\"@type\":\"CommentAction\",\"name\":\"Comment\",\"target\":[\"https:\/\/agrupacionespsoe.es\/ponferrada\/el-actual-equipo-de-gobierno-no-pierde-la-oportunidad-de-hacer-politica-espectaculo-y-rebajarse-al-fango-politico-cada-vez-que-tienen-alguna-oportunidad\/#respond\"]}]},{\"@type\":\"WebPage\",\"@id\":\"https:\/\/agrupacionespsoe.es\/ponferrada\/el-actual-equipo-de-gobierno-no-pierde-la-oportunidad-de-hacer-politica-espectaculo-y-rebajarse-al-fango-politico-cada-vez-que-tienen-alguna-oportunidad\/\",\"url\":\"https:\/\/agrupacionespsoe.es\/ponferrada\/el-actual-equipo-de-gobierno-no-pierde-la-oportunidad-de-hacer-politica-espectaculo-y-rebajarse-al-fango-politico-cada-vez-que-tienen-alguna-oportunidad\/\",\"name\":\"El actual equipo de gobierno no pierde la oportunidad de hacer pol\u00edtica espect\u00e1culo y rebajarse al fango pol\u00edtico cada vez que tienen alguna oportunidad. - Agrupaci\u00f3n Socialista de Ponferrada\",\"isPartOf\":{\"@id\":\"https:\/\/agrupacionespsoe.es\/ponferrada\/#website\"},\"primaryImageOfPage\":{\"@id\":\"https:\/\/agrupacionespsoe.es\/ponferrada\/el-actual-equipo-de-gobierno-no-pierde-la-oportunidad-de-hacer-politica-espectaculo-y-rebajarse-al-fango-politico-cada-vez-que-tienen-alguna-oportunidad\/#primaryimage\"},\"image\":{\"@id\":\"https:\/\/agrupacionespsoe.es\/ponferrada\/el-actual-equipo-de-gobierno-no-pierde-la-oportunidad-de-hacer-politica-espectaculo-y-rebajarse-al-fango-politico-cada-vez-que-tienen-alguna-oportunidad\/#primaryimage\"},\"thumbnailUrl\":\"https:\/\/agrupacionespsoe.es\/ponferrada\/wp-content\/uploads\/sites\/36\/2024\/07\/mabel-y-olegario.jpeg\",\"datePublished\":\"2024-07-19T14:12:00+00:00\",\"dateModified\":\"2024-07-22T15:13:29+00:00\",\"breadcrumb\":{\"@id\":\"https:\/\/agrupacionespsoe.es\/ponferrada\/el-actual-equipo-de-gobierno-no-pierde-la-oportunidad-de-hacer-politica-espectaculo-y-rebajarse-al-fango-politico-cada-vez-que-tienen-alguna-oportunidad\/#breadcrumb\"},\"inLanguage\":\"es\",\"potentialAction\":[{\"@type\":\"ReadAction\",\"target\":[\"https:\/\/agrupacionespsoe.es\/ponferrada\/el-actual-equipo-de-gobierno-no-pierde-la-oportunidad-de-hacer-politica-espectaculo-y-rebajarse-al-fango-politico-cada-vez-que-tienen-alguna-oportunidad\/\"]}]},{\"@type\":\"ImageObject\",\"inLanguage\":\"es\",\"@id\":\"https:\/\/agrupacionespsoe.es\/ponferrada\/el-actual-equipo-de-gobierno-no-pierde-la-oportunidad-de-hacer-politica-espectaculo-y-rebajarse-al-fango-politico-cada-vez-que-tienen-alguna-oportunidad\/#primaryimage\",\"url\":\"https:\/\/agrupacionespsoe.es\/ponferrada\/wp-content\/uploads\/sites\/36\/2024\/07\/mabel-y-olegario.jpeg\",\"contentUrl\":\"https:\/\/agrupacionespsoe.es\/ponferrada\/wp-content\/uploads\/sites\/36\/2024\/07\/mabel-y-olegario.jpeg\",\"width\":1169,\"height\":1147},{\"@type\":\"BreadcrumbList\",\"@id\":\"https:\/\/agrupacionespsoe.es\/ponferrada\/el-actual-equipo-de-gobierno-no-pierde-la-oportunidad-de-hacer-politica-espectaculo-y-rebajarse-al-fango-politico-cada-vez-que-tienen-alguna-oportunidad\/#breadcrumb\",\"itemListElement\":[{\"@type\":\"ListItem\",\"position\":1,\"name\":\"Portada\",\"item\":\"https:\/\/agrupacionespsoe.es\/ponferrada\/\"},{\"@type\":\"ListItem\",\"position\":2,\"name\":\"El actual equipo de gobierno no pierde la oportunidad de hacer pol\u00edtica espect\u00e1culo y rebajarse al fango pol\u00edtico cada vez que tienen alguna oportunidad.\"}]},{\"@type\":\"WebSite\",\"@id\":\"https:\/\/agrupacionespsoe.es\/ponferrada\/#website\",\"url\":\"https:\/\/agrupacionespsoe.es\/ponferrada\/\",\"name\":\"Agrupaci\u00f3n Socialista de Ponferrada\",\"description\":\"Agrupaci\u00f3n Socialista de Ponferrada\",\"publisher\":{\"@id\":\"https:\/\/agrupacionespsoe.es\/ponferrada\/#organization\"},\"potentialAction\":[{\"@type\":\"SearchAction\",\"target\":{\"@type\":\"EntryPoint\",\"urlTemplate\":\"https:\/\/agrupacionespsoe.es\/ponferrada\/?s={search_term_string}\"},\"query-input\":{\"@type\":\"PropertyValueSpecification\",\"valueRequired\":true,\"valueName\":\"search_term_string\"}}],\"inLanguage\":\"es\"},{\"@type\":\"Organization\",\"@id\":\"https:\/\/agrupacionespsoe.es\/ponferrada\/#organization\",\"name\":\"Agrupaci\u00f3n Socialista de Ponferrada\",\"url\":\"https:\/\/agrupacionespsoe.es\/ponferrada\/\",\"logo\":{\"@type\":\"ImageObject\",\"inLanguage\":\"es\",\"@id\":\"https:\/\/agrupacionespsoe.es\/ponferrada\/#\/schema\/logo\/image\/\",\"url\":\"https:\/\/agrupacionespsoe.es\/wp-content\/uploads\/2022\/07\/Logotipo_electoral_del_PSOE.png\",\"contentUrl\":\"https:\/\/agrupacionespsoe.es\/wp-content\/uploads\/2022\/07\/Logotipo_electoral_del_PSOE.png\",\"width\":422,\"height\":422,\"caption\":\"Agrupaci\u00f3n Socialista de Ponferrada\"},\"image\":{\"@id\":\"https:\/\/agrupacionespsoe.es\/ponferrada\/#\/schema\/logo\/image\/\"}},{\"@type\":\"Person\",\"@id\":\"https:\/\/agrupacionespsoe.es\/ponferrada\/#\/schema\/person\/cd29ee627f3b70c05d415f02596debaa\",\"name\":\"ponferrada2\",\"image\":{\"@type\":\"ImageObject\",\"inLanguage\":\"es\",\"@id\":\"https:\/\/agrupacionespsoe.es\/ponferrada\/#\/schema\/person\/image\/\",\"url\":\"https:\/\/secure.gravatar.com\/avatar\/f499eeb60144c664cf7b7edf75549b50?s=96&d=mm&r=g\",\"contentUrl\":\"https:\/\/secure.gravatar.com\/avatar\/f499eeb60144c664cf7b7edf75549b50?s=96&d=mm&r=g\",\"caption\":\"ponferrada2\"},\"url\":\"https:\/\/agrupacionespsoe.es\/ponferrada\/author\/ponferrada2\/\"}]}<\/script>\n<!-- \/ Yoast SEO plugin. -->","yoast_head_json":{"title":"El actual equipo de gobierno no pierde la oportunidad de hacer pol\u00edtica espect\u00e1culo y rebajarse al fango pol\u00edtico cada vez que tienen alguna oportunidad. - Agrupaci\u00f3n Socialista de Ponferrada","robots":{"index":"index","follow":"follow","max-snippet":"max-snippet:-1","max-image-preview":"max-image-preview:large","max-video-preview":"max-video-preview:-1"},"canonical":"https:\/\/agrupacionespsoe.es\/ponferrada\/el-actual-equipo-de-gobierno-no-pierde-la-oportunidad-de-hacer-politica-espectaculo-y-rebajarse-al-fango-politico-cada-vez-que-tienen-alguna-oportunidad\/","og_locale":"es_ES","og_type":"article","og_title":"El actual equipo de gobierno no pierde la oportunidad de hacer pol\u00edtica espect\u00e1culo y rebajarse al fango pol\u00edtico cada vez que tienen alguna oportunidad. - Agrupaci\u00f3n Socialista de Ponferrada","og_description":"Desde el grupo municipal socialista queremos aclarar &nbsp;que lo que desde el PP y CB han calificado como \u201cclaro fin electoralista\u201d porque la presentaci\u00f3n se hizo el 12 de mayo es simplemente que los plazos de las convocatorias y los proyectos que se elaboran son los que marcan la fecha para la presentaci\u00f3n de las ...","og_url":"https:\/\/agrupacionespsoe.es\/ponferrada\/el-actual-equipo-de-gobierno-no-pierde-la-oportunidad-de-hacer-politica-espectaculo-y-rebajarse-al-fango-politico-cada-vez-que-tienen-alguna-oportunidad\/","og_site_name":"Agrupaci\u00f3n Socialista de Ponferrada","article_published_time":"2024-07-19T14:12:00+00:00","article_modified_time":"2024-07-22T15:13:29+00:00","og_image":[{"width":1169,"height":1147,"url":"https:\/\/agrupacionespsoe.es\/ponferrada\/wp-content\/uploads\/sites\/36\/2024\/07\/mabel-y-olegario.jpeg","type":"image\/jpeg"}],"author":"ponferrada2","twitter_card":"summary_large_image","twitter_misc":{"Escrito por":"ponferrada2","Tiempo de lectura":"2 minutos"},"schema":{"@context":"https:\/\/schema.org","@graph":[{"@type":"Article","@id":"https:\/\/agrupacionespsoe.es\/ponferrada\/el-actual-equipo-de-gobierno-no-pierde-la-oportunidad-de-hacer-politica-espectaculo-y-rebajarse-al-fango-politico-cada-vez-que-tienen-alguna-oportunidad\/#article","isPartOf":{"@id":"https:\/\/agrupacionespsoe.es\/ponferrada\/el-actual-equipo-de-gobierno-no-pierde-la-oportunidad-de-hacer-politica-espectaculo-y-rebajarse-al-fango-politico-cada-vez-que-tienen-alguna-oportunidad\/"},"author":{"name":"ponferrada2","@id":"https:\/\/agrupacionespsoe.es\/ponferrada\/#\/schema\/person\/cd29ee627f3b70c05d415f02596debaa"},"headline":"El actual equipo de gobierno no pierde la oportunidad de hacer pol\u00edtica espect\u00e1culo y rebajarse al fango pol\u00edtico cada vez que tienen alguna oportunidad.","datePublished":"2024-07-19T14:12:00+00:00","dateModified":"2024-07-22T15:13:29+00:00","mainEntityOfPage":{"@id":"https:\/\/agrupacionespsoe.es\/ponferrada\/el-actual-equipo-de-gobierno-no-pierde-la-oportunidad-de-hacer-politica-espectaculo-y-rebajarse-al-fango-politico-cada-vez-que-tienen-alguna-oportunidad\/"},"wordCount":335,"commentCount":0,"publisher":{"@id":"https:\/\/agrupacionespsoe.es\/ponferrada\/#organization"},"image":{"@id":"https:\/\/agrupacionespsoe.es\/ponferrada\/el-actual-equipo-de-gobierno-no-pierde-la-oportunidad-de-hacer-politica-espectaculo-y-rebajarse-al-fango-politico-cada-vez-que-tienen-alguna-oportunidad\/#primaryimage"},"thumbnailUrl":"https:\/\/agrupacionespsoe.es\/ponferrada\/wp-content\/uploads\/sites\/36\/2024\/07\/mabel-y-olegario.jpeg","articleSection":["ACTUALIDAD"],"inLanguage":"es","potentialAction":[{"@type":"CommentAction","name":"Comment","target":["https:\/\/agrupacionespsoe.es\/ponferrada\/el-actual-equipo-de-gobierno-no-pierde-la-oportunidad-de-hacer-politica-espectaculo-y-rebajarse-al-fango-politico-cada-vez-que-tienen-alguna-oportunidad\/#respond"]}]},{"@type":"WebPage","@id":"https:\/\/agrupacionespsoe.es\/ponferrada\/el-actual-equipo-de-gobierno-no-pierde-la-oportunidad-de-hacer-politica-espectaculo-y-rebajarse-al-fango-politico-cada-vez-que-tienen-alguna-oportunidad\/","url":"https:\/\/agrupacionespsoe.es\/ponferrada\/el-actual-equipo-de-gobierno-no-pierde-la-oportunidad-de-hacer-politica-espectaculo-y-rebajarse-al-fango-politico-cada-vez-que-tienen-alguna-oportunidad\/","name":"El actual equipo de gobierno no pierde la oportunidad de hacer pol\u00edtica espect\u00e1culo y rebajarse al fango pol\u00edtico cada vez que tienen alguna oportunidad. - Agrupaci\u00f3n Socialista de Ponferrada","isPartOf":{"@id":"https:\/\/agrupacionespsoe.es\/ponferrada\/#website"},"primaryImageOfPage":{"@id":"https:\/\/agrupacionespsoe.es\/ponferrada\/el-actual-equipo-de-gobierno-no-pierde-la-oportunidad-de-hacer-politica-espectaculo-y-rebajarse-al-fango-politico-cada-vez-que-tienen-alguna-oportunidad\/#primaryimage"},"image":{"@id":"https:\/\/agrupacionespsoe.es\/ponferrada\/el-actual-equipo-de-gobierno-no-pierde-la-oportunidad-de-hacer-politica-espectaculo-y-rebajarse-al-fango-politico-cada-vez-que-tienen-alguna-oportunidad\/#primaryimage"},"thumbnailUrl":"https:\/\/agrupacionespsoe.es\/ponferrada\/wp-content\/uploads\/sites\/36\/2024\/07\/mabel-y-olegario.jpeg","datePublished":"2024-07-19T14:12:00+00:00","dateModified":"2024-07-22T15:13:29+00:00","breadcrumb":{"@id":"https:\/\/agrupacionespsoe.es\/ponferrada\/el-actual-equipo-de-gobierno-no-pierde-la-oportunidad-de-hacer-politica-espectaculo-y-rebajarse-al-fango-politico-cada-vez-que-tienen-alguna-oportunidad\/#breadcrumb"},"inLanguage":"es","potentialAction":[{"@type":"ReadAction","target":["https:\/\/agrupacionespsoe.es\/ponferrada\/el-actual-equipo-de-gobierno-no-pierde-la-oportunidad-de-hacer-politica-espectaculo-y-rebajarse-al-fango-politico-cada-vez-que-tienen-alguna-oportunidad\/"]}]},{"@type":"ImageObject","inLanguage":"es","@id":"https:\/\/agrupacionespsoe.es\/ponferrada\/el-actual-equipo-de-gobierno-no-pierde-la-oportunidad-de-hacer-politica-espectaculo-y-rebajarse-al-fango-politico-cada-vez-que-tienen-alguna-oportunidad\/#primaryimage","url":"https:\/\/agrupacionespsoe.es\/ponferrada\/wp-content\/uploads\/sites\/36\/2024\/07\/mabel-y-olegario.jpeg","contentUrl":"https:\/\/agrupacionespsoe.es\/ponferrada\/wp-content\/uploads\/sites\/36\/2024\/07\/mabel-y-olegario.jpeg","width":1169,"height":1147},{"@type":"BreadcrumbList","@id":"https:\/\/agrupacionespsoe.es\/ponferrada\/el-actual-equipo-de-gobierno-no-pierde-la-oportunidad-de-hacer-politica-espectaculo-y-rebajarse-al-fango-politico-cada-vez-que-tienen-alguna-oportunidad\/#breadcrumb","itemListElement":[{"@type":"ListItem","position":1,"name":"Portada","item":"https:\/\/agrupacionespsoe.es\/ponferrada\/"},{"@type":"ListItem","position":2,"name":"El actual equipo de gobierno no pierde la oportunidad de hacer pol\u00edtica espect\u00e1culo y rebajarse al fango pol\u00edtico cada vez que tienen alguna oportunidad."}]},{"@type":"WebSite","@id":"https:\/\/agrupacionespsoe.es\/ponferrada\/#website","url":"https:\/\/agrupacionespsoe.es\/ponferrada\/","name":"Agrupaci\u00f3n Socialista de Ponferrada","description":"Agrupaci\u00f3n Socialista de Ponferrada","publisher":{"@id":"https:\/\/agrupacionespsoe.es\/ponferrada\/#organization"},"potentialAction":[{"@type":"SearchAction","target":{"@type":"EntryPoint","urlTemplate":"https:\/\/agrupacionespsoe.es\/ponferrada\/?s={search_term_string}"},"query-input":{"@type":"PropertyValueSpecification","valueRequired":true,"valueName":"search_term_string"}}],"inLanguage":"es"},{"@type":"Organization","@id":"https:\/\/agrupacionespsoe.es\/ponferrada\/#organization","name":"Agrupaci\u00f3n Socialista de Ponferrada","url":"https:\/\/agrupacionespsoe.es\/ponferrada\/","logo":{"@type":"ImageObject","inLanguage":"es","@id":"https:\/\/agrupacionespsoe.es\/ponferrada\/#\/schema\/logo\/image\/","url":"https:\/\/agrupacionespsoe.es\/wp-content\/uploads\/2022\/07\/Logotipo_electoral_del_PSOE.png","contentUrl":"https:\/\/agrupacionespsoe.es\/wp-content\/uploads\/2022\/07\/Logotipo_electoral_del_PSOE.png","width":422,"height":422,"caption":"Agrupaci\u00f3n Socialista de Ponferrada"},"image":{"@id":"https:\/\/agrupacionespsoe.es\/ponferrada\/#\/schema\/logo\/image\/"}},{"@type":"Person","@id":"https:\/\/agrupacionespsoe.es\/ponferrada\/#\/schema\/person\/cd29ee627f3b70c05d415f02596debaa","name":"ponferrada2","image":{"@type":"ImageObject","inLanguage":"es","@id":"https:\/\/agrupacionespsoe.es\/ponferrada\/#\/schema\/person\/image\/","url":"https:\/\/secure.gravatar.com\/avatar\/f499eeb60144c664cf7b7edf75549b50?s=96&d=mm&r=g","contentUrl":"https:\/\/secure.gravatar.com\/avatar\/f499eeb60144c664cf7b7edf75549b50?s=96&d=mm&r=g","caption":"ponferrada2"},"url":"https:\/\/agrupacionespsoe.es\/ponferrada\/author\/ponferrada2\/"}]}},"jetpack_featured_media_url":"https:\/\/agrupacionespsoe.es\/ponferrada\/wp-content\/uploads\/sites\/36\/2024\/07\/mabel-y-olegario.jpeg","jetpack_sharing_enabled":true,"_links":{"self":[{"href":"https:\/\/agrupacionespsoe.es\/ponferrada\/wp-json\/wp\/v2\/posts\/559","targetHints":{"allow":["GET"]}}],"collection":[{"href":"https:\/\/agrupacionespsoe.es\/ponferrada\/wp-json\/wp\/v2\/posts"}],"about":[{"href":"https:\/\/agrupacionespsoe.es\/ponferrada\/wp-json\/wp\/v2\/types\/post"}],"author":[{"embeddable":true,"href":"https:\/\/agrupacionespsoe.es\/ponferrada\/wp-json\/wp\/v2\/users\/32"}],"replies":[{"embeddable":true,"href":"https:\/\/agrupacionespsoe.es\/ponferrada\/wp-json\/wp\/v2\/comments?post=559"}],"version-history":[{"count":1,"href":"https:\/\/agrupacionespsoe.es\/ponferrada\/wp-json\/wp\/v2\/posts\/559\/revisions"}],"predecessor-version":[{"id":561,"href":"https:\/\/agrupacionespsoe.es\/ponferrada\/wp-json\/wp\/v2\/posts\/559\/revisions\/561"}],"wp:featuredmedia":[{"embeddable":true,"href":"https:\/\/agrupacionespsoe.es\/ponferrada\/wp-json\/wp\/v2\/media\/560"}],"wp:attachment":[{"href":"https:\/\/agrupacionespsoe.es\/ponferrada\/wp-json\/wp\/v2\/media?parent=559"}],"wp:term":[{"taxonomy":"category","embeddable":true,"href":"https:\/\/agrupacionespsoe.es\/ponferrada\/wp-json\/wp\/v2\/categories?post=559"},{"taxonomy":"post_tag","embeddable":true,"href":"https:\/\/agrupacionespsoe.es\/ponferrada\/wp-json\/wp\/v2\/tags?post=559"}],"curies":[{"name":"wp","href":"https:\/\/api.w.org\/{rel}","templated":true}]}}