{"id":556,"date":"2024-07-16T10:09:00","date_gmt":"2024-07-16T10:09:00","guid":{"rendered":"https:\/\/agrupacionespsoe.es\/ponferrada\/?p=556"},"modified":"2024-07-22T15:12:16","modified_gmt":"2024-07-22T15:12:16","slug":"el-grupo-socialista-le-pide-a-la-concejala-de-deportes-que-asuma-economicamente-o-politicamente-si-el-ayuntamiento-es-sancionado-por-su-negligencia","status":"publish","type":"post","link":"https:\/\/agrupacionespsoe.es\/ponferrada\/el-grupo-socialista-le-pide-a-la-concejala-de-deportes-que-asuma-economicamente-o-politicamente-si-el-ayuntamiento-es-sancionado-por-su-negligencia\/","title":{"rendered":"El grupo socialista le pide a la concejala de deportes que asuma econ\u00f3micamente o pol\u00edticamente si el ayuntamiento es sancionado por su negligencia."},"content":{"rendered":"\n<p>El grupo socialista ha reiterado su denuncia de la semana pasada relativa al personal de las piscinas que comenz\u00f3 a trabajar sin haber sido dados de alta en la seguridad social.<\/p>\n\n\n\n<p>Ayer el grupo socialista tuvo acceso al expediente del personal de las piscinas de verano y ha podido ratificar la veracidad de la denuncia que efectu\u00f3 Olegario Ram\u00f3n.<\/p>\n\n\n\n<p>Los 4 socorristas que se incorporaron a las piscinas de verano comenzaron a trabajar sin haber estado dados de alta en la seguridad social. De hecho comenzaron a trabajar, seg\u00fan se\u00f1ala la documentaci\u00f3n, el s\u00e1bado 22 y el alta no se produjo hasta el d\u00eda 26, lo que supone una negligencia grave por parte de la concejala de deportes, Eva Gonz\u00e1lez.<\/p>\n\n\n\n<p>Lo que la concejala responsable se\u00f1al\u00f3 como \u201cbulo\u201d y como \u201cincidencia administrativa\u201d y que no era \u201catribuible a la actuaci\u00f3n del equipo de gobierno\u201d es una situaci\u00f3n que no se ha producido en el ayuntamiento en los \u00faltimos 20 a\u00f1os, y retamos a la concejala que si es mentira ponga sobre la mesa alg\u00fan ejemplo que niegue esta afirmaci\u00f3n.<\/p>\n\n\n\n<p>Resulta adem\u00e1s obsceno que indique que no es atribuible a la actuaci\u00f3n del equipo de gobierno. Desde el grupo socialista nos preguntamos entonces qui\u00e9n es el responsable, si es la concejal\u00eda quienes elaboran el cuadrante y fueron ellos quienes decidieron que esas personas se incorporaran a trabajar el d\u00eda 22.<\/p>\n\n\n\n<p>La concejala del \u00e1rea tambi\u00e9n hab\u00eda se\u00f1alado que no tendr\u00eda ning\u00fan perjuicio para los y las trabajadoras, el grupo socialista ha comprobado que en el expediente no consta que se haya buscado ninguna soluci\u00f3n y tampoco sabemos c\u00f3mo se puede arreglar porque las altas en la seguridad social no se pueden modificar.<\/p>\n\n\n\n<p>Por \u00faltimo, el grupo socialista ha retado a la concejala del \u00e1rea de deportes que si finalmente el ayuntamiento es sancionado por su negligencia sea ella quien asuma la sanci\u00f3n o de forma econ\u00f3mica o con su puesto pol\u00edtico.<\/p>\n\n\n\n<figure class=\"wp-block-image size-large\"><img loading=\"lazy\" decoding=\"async\" width=\"1024\" height=\"768\" src=\"https:\/\/agrupacionespsoe.es\/ponferrada\/wp-content\/uploads\/sites\/36\/2024\/07\/grupo-1024x768.jpeg\" alt=\"\" class=\"wp-image-557\" srcset=\"https:\/\/agrupacionespsoe.es\/ponferrada\/wp-content\/uploads\/sites\/36\/2024\/07\/grupo-1024x768.jpeg 1024w, https:\/\/agrupacionespsoe.es\/ponferrada\/wp-content\/uploads\/sites\/36\/2024\/07\/grupo-300x225.jpeg 300w, https:\/\/agrupacionespsoe.es\/ponferrada\/wp-content\/uploads\/sites\/36\/2024\/07\/grupo-768x576.jpeg 768w, https:\/\/agrupacionespsoe.es\/ponferrada\/wp-content\/uploads\/sites\/36\/2024\/07\/grupo-1536x1152.jpeg 1536w, https:\/\/agrupacionespsoe.es\/ponferrada\/wp-content\/uploads\/sites\/36\/2024\/07\/grupo.jpeg 1600w\" sizes=\"auto, (max-width: 1024px) 100vw, 1024px\" \/><\/figure>\n","protected":false},"excerpt":{"rendered":"<p>El grupo socialista ha reiterado su denuncia de la semana pasada relativa al personal de las piscinas que comenz\u00f3 a trabajar sin haber sido dados de alta en la seguridad social. Ayer el grupo socialista tuvo acceso al expediente del personal de las piscinas de verano y ha podido ratificar la veracidad de la denuncia &#8230;<\/p>\n","protected":false},"author":32,"featured_media":557,"comment_status":"open","ping_status":"open","sticky":false,"template":"","format":"standard","meta":{"_jetpack_memberships_contains_paid_content":false,"footnotes":""},"categories":[6],"tags":[],"class_list":["post-556","post","type-post","status-publish","format-standard","has-post-thumbnail","hentry","category-actualidad"],"yoast_head":"<!-- This site is optimized with the Yoast SEO plugin v24.0 - https:\/\/yoast.com\/wordpress\/plugins\/seo\/ -->\n<title>El grupo socialista le pide a la concejala de deportes que asuma econ\u00f3micamente o pol\u00edticamente si el ayuntamiento es sancionado por su negligencia. - Agrupaci\u00f3n Socialista de Ponferrada<\/title>\n<meta name=\"robots\" content=\"index, follow, max-snippet:-1, max-image-preview:large, max-video-preview:-1\" \/>\n<link rel=\"canonical\" href=\"https:\/\/agrupacionespsoe.es\/ponferrada\/el-grupo-socialista-le-pide-a-la-concejala-de-deportes-que-asuma-economicamente-o-politicamente-si-el-ayuntamiento-es-sancionado-por-su-negligencia\/\" \/>\n<meta property=\"og:locale\" content=\"es_ES\" \/>\n<meta property=\"og:type\" content=\"article\" \/>\n<meta property=\"og:title\" content=\"El grupo socialista le pide a la concejala de deportes que asuma econ\u00f3micamente o pol\u00edticamente si el ayuntamiento es sancionado por su negligencia. - Agrupaci\u00f3n Socialista de Ponferrada\" \/>\n<meta property=\"og:description\" content=\"El grupo socialista ha reiterado su denuncia de la semana pasada relativa al personal de las piscinas que comenz\u00f3 a trabajar sin haber sido dados de alta en la seguridad social. Ayer el grupo socialista tuvo acceso al expediente del personal de las piscinas de verano y ha podido ratificar la veracidad de la denuncia ...\" \/>\n<meta property=\"og:url\" content=\"https:\/\/agrupacionespsoe.es\/ponferrada\/el-grupo-socialista-le-pide-a-la-concejala-de-deportes-que-asuma-economicamente-o-politicamente-si-el-ayuntamiento-es-sancionado-por-su-negligencia\/\" \/>\n<meta property=\"og:site_name\" content=\"Agrupaci\u00f3n Socialista de Ponferrada\" \/>\n<meta property=\"article:published_time\" content=\"2024-07-16T10:09:00+00:00\" \/>\n<meta property=\"article:modified_time\" content=\"2024-07-22T15:12:16+00:00\" \/>\n<meta property=\"og:image\" content=\"https:\/\/agrupacionespsoe.es\/ponferrada\/wp-content\/uploads\/sites\/36\/2024\/07\/grupo.jpeg\" \/>\n\t<meta property=\"og:image:width\" content=\"1600\" \/>\n\t<meta property=\"og:image:height\" content=\"1200\" \/>\n\t<meta property=\"og:image:type\" content=\"image\/jpeg\" \/>\n<meta name=\"author\" content=\"ponferrada2\" \/>\n<meta name=\"twitter:card\" content=\"summary_large_image\" \/>\n<meta name=\"twitter:label1\" content=\"Escrito por\" \/>\n\t<meta name=\"twitter:data1\" content=\"ponferrada2\" \/>\n\t<meta name=\"twitter:label2\" content=\"Tiempo de lectura\" \/>\n\t<meta name=\"twitter:data2\" content=\"2 minutos\" \/>\n<script type=\"application\/ld+json\" class=\"yoast-schema-graph\">{\"@context\":\"https:\/\/schema.org\",\"@graph\":[{\"@type\":\"Article\",\"@id\":\"https:\/\/agrupacionespsoe.es\/ponferrada\/el-grupo-socialista-le-pide-a-la-concejala-de-deportes-que-asuma-economicamente-o-politicamente-si-el-ayuntamiento-es-sancionado-por-su-negligencia\/#article\",\"isPartOf\":{\"@id\":\"https:\/\/agrupacionespsoe.es\/ponferrada\/el-grupo-socialista-le-pide-a-la-concejala-de-deportes-que-asuma-economicamente-o-politicamente-si-el-ayuntamiento-es-sancionado-por-su-negligencia\/\"},\"author\":{\"name\":\"ponferrada2\",\"@id\":\"https:\/\/agrupacionespsoe.es\/ponferrada\/#\/schema\/person\/cd29ee627f3b70c05d415f02596debaa\"},\"headline\":\"El grupo socialista le pide a la concejala de deportes que asuma econ\u00f3micamente o pol\u00edticamente si el ayuntamiento es sancionado por su negligencia.\",\"datePublished\":\"2024-07-16T10:09:00+00:00\",\"dateModified\":\"2024-07-22T15:12:16+00:00\",\"mainEntityOfPage\":{\"@id\":\"https:\/\/agrupacionespsoe.es\/ponferrada\/el-grupo-socialista-le-pide-a-la-concejala-de-deportes-que-asuma-economicamente-o-politicamente-si-el-ayuntamiento-es-sancionado-por-su-negligencia\/\"},\"wordCount\":368,\"commentCount\":0,\"publisher\":{\"@id\":\"https:\/\/agrupacionespsoe.es\/ponferrada\/#organization\"},\"image\":{\"@id\":\"https:\/\/agrupacionespsoe.es\/ponferrada\/el-grupo-socialista-le-pide-a-la-concejala-de-deportes-que-asuma-economicamente-o-politicamente-si-el-ayuntamiento-es-sancionado-por-su-negligencia\/#primaryimage\"},\"thumbnailUrl\":\"https:\/\/agrupacionespsoe.es\/ponferrada\/wp-content\/uploads\/sites\/36\/2024\/07\/grupo.jpeg\",\"articleSection\":[\"ACTUALIDAD\"],\"inLanguage\":\"es\",\"potentialAction\":[{\"@type\":\"CommentAction\",\"name\":\"Comment\",\"target\":[\"https:\/\/agrupacionespsoe.es\/ponferrada\/el-grupo-socialista-le-pide-a-la-concejala-de-deportes-que-asuma-economicamente-o-politicamente-si-el-ayuntamiento-es-sancionado-por-su-negligencia\/#respond\"]}]},{\"@type\":\"WebPage\",\"@id\":\"https:\/\/agrupacionespsoe.es\/ponferrada\/el-grupo-socialista-le-pide-a-la-concejala-de-deportes-que-asuma-economicamente-o-politicamente-si-el-ayuntamiento-es-sancionado-por-su-negligencia\/\",\"url\":\"https:\/\/agrupacionespsoe.es\/ponferrada\/el-grupo-socialista-le-pide-a-la-concejala-de-deportes-que-asuma-economicamente-o-politicamente-si-el-ayuntamiento-es-sancionado-por-su-negligencia\/\",\"name\":\"El grupo socialista le pide a la concejala de deportes que asuma econ\u00f3micamente o pol\u00edticamente si el ayuntamiento es sancionado por su negligencia. - Agrupaci\u00f3n Socialista de Ponferrada\",\"isPartOf\":{\"@id\":\"https:\/\/agrupacionespsoe.es\/ponferrada\/#website\"},\"primaryImageOfPage\":{\"@id\":\"https:\/\/agrupacionespsoe.es\/ponferrada\/el-grupo-socialista-le-pide-a-la-concejala-de-deportes-que-asuma-economicamente-o-politicamente-si-el-ayuntamiento-es-sancionado-por-su-negligencia\/#primaryimage\"},\"image\":{\"@id\":\"https:\/\/agrupacionespsoe.es\/ponferrada\/el-grupo-socialista-le-pide-a-la-concejala-de-deportes-que-asuma-economicamente-o-politicamente-si-el-ayuntamiento-es-sancionado-por-su-negligencia\/#primaryimage\"},\"thumbnailUrl\":\"https:\/\/agrupacionespsoe.es\/ponferrada\/wp-content\/uploads\/sites\/36\/2024\/07\/grupo.jpeg\",\"datePublished\":\"2024-07-16T10:09:00+00:00\",\"dateModified\":\"2024-07-22T15:12:16+00:00\",\"breadcrumb\":{\"@id\":\"https:\/\/agrupacionespsoe.es\/ponferrada\/el-grupo-socialista-le-pide-a-la-concejala-de-deportes-que-asuma-economicamente-o-politicamente-si-el-ayuntamiento-es-sancionado-por-su-negligencia\/#breadcrumb\"},\"inLanguage\":\"es\",\"potentialAction\":[{\"@type\":\"ReadAction\",\"target\":[\"https:\/\/agrupacionespsoe.es\/ponferrada\/el-grupo-socialista-le-pide-a-la-concejala-de-deportes-que-asuma-economicamente-o-politicamente-si-el-ayuntamiento-es-sancionado-por-su-negligencia\/\"]}]},{\"@type\":\"ImageObject\",\"inLanguage\":\"es\",\"@id\":\"https:\/\/agrupacionespsoe.es\/ponferrada\/el-grupo-socialista-le-pide-a-la-concejala-de-deportes-que-asuma-economicamente-o-politicamente-si-el-ayuntamiento-es-sancionado-por-su-negligencia\/#primaryimage\",\"url\":\"https:\/\/agrupacionespsoe.es\/ponferrada\/wp-content\/uploads\/sites\/36\/2024\/07\/grupo.jpeg\",\"contentUrl\":\"https:\/\/agrupacionespsoe.es\/ponferrada\/wp-content\/uploads\/sites\/36\/2024\/07\/grupo.jpeg\",\"width\":1600,\"height\":1200},{\"@type\":\"BreadcrumbList\",\"@id\":\"https:\/\/agrupacionespsoe.es\/ponferrada\/el-grupo-socialista-le-pide-a-la-concejala-de-deportes-que-asuma-economicamente-o-politicamente-si-el-ayuntamiento-es-sancionado-por-su-negligencia\/#breadcrumb\",\"itemListElement\":[{\"@type\":\"ListItem\",\"position\":1,\"name\":\"Portada\",\"item\":\"https:\/\/agrupacionespsoe.es\/ponferrada\/\"},{\"@type\":\"ListItem\",\"position\":2,\"name\":\"El grupo socialista le pide a la concejala de deportes que asuma econ\u00f3micamente o pol\u00edticamente si el ayuntamiento es sancionado por su negligencia.\"}]},{\"@type\":\"WebSite\",\"@id\":\"https:\/\/agrupacionespsoe.es\/ponferrada\/#website\",\"url\":\"https:\/\/agrupacionespsoe.es\/ponferrada\/\",\"name\":\"Agrupaci\u00f3n Socialista de Ponferrada\",\"description\":\"Agrupaci\u00f3n Socialista de Ponferrada\",\"publisher\":{\"@id\":\"https:\/\/agrupacionespsoe.es\/ponferrada\/#organization\"},\"potentialAction\":[{\"@type\":\"SearchAction\",\"target\":{\"@type\":\"EntryPoint\",\"urlTemplate\":\"https:\/\/agrupacionespsoe.es\/ponferrada\/?s={search_term_string}\"},\"query-input\":{\"@type\":\"PropertyValueSpecification\",\"valueRequired\":true,\"valueName\":\"search_term_string\"}}],\"inLanguage\":\"es\"},{\"@type\":\"Organization\",\"@id\":\"https:\/\/agrupacionespsoe.es\/ponferrada\/#organization\",\"name\":\"Agrupaci\u00f3n Socialista de Ponferrada\",\"url\":\"https:\/\/agrupacionespsoe.es\/ponferrada\/\",\"logo\":{\"@type\":\"ImageObject\",\"inLanguage\":\"es\",\"@id\":\"https:\/\/agrupacionespsoe.es\/ponferrada\/#\/schema\/logo\/image\/\",\"url\":\"https:\/\/agrupacionespsoe.es\/wp-content\/uploads\/2022\/07\/Logotipo_electoral_del_PSOE.png\",\"contentUrl\":\"https:\/\/agrupacionespsoe.es\/wp-content\/uploads\/2022\/07\/Logotipo_electoral_del_PSOE.png\",\"width\":422,\"height\":422,\"caption\":\"Agrupaci\u00f3n Socialista de Ponferrada\"},\"image\":{\"@id\":\"https:\/\/agrupacionespsoe.es\/ponferrada\/#\/schema\/logo\/image\/\"}},{\"@type\":\"Person\",\"@id\":\"https:\/\/agrupacionespsoe.es\/ponferrada\/#\/schema\/person\/cd29ee627f3b70c05d415f02596debaa\",\"name\":\"ponferrada2\",\"image\":{\"@type\":\"ImageObject\",\"inLanguage\":\"es\",\"@id\":\"https:\/\/agrupacionespsoe.es\/ponferrada\/#\/schema\/person\/image\/\",\"url\":\"https:\/\/secure.gravatar.com\/avatar\/f499eeb60144c664cf7b7edf75549b50?s=96&d=mm&r=g\",\"contentUrl\":\"https:\/\/secure.gravatar.com\/avatar\/f499eeb60144c664cf7b7edf75549b50?s=96&d=mm&r=g\",\"caption\":\"ponferrada2\"},\"url\":\"https:\/\/agrupacionespsoe.es\/ponferrada\/author\/ponferrada2\/\"}]}<\/script>\n<!-- \/ Yoast SEO plugin. -->","yoast_head_json":{"title":"El grupo socialista le pide a la concejala de deportes que asuma econ\u00f3micamente o pol\u00edticamente si el ayuntamiento es sancionado por su negligencia. - Agrupaci\u00f3n Socialista de Ponferrada","robots":{"index":"index","follow":"follow","max-snippet":"max-snippet:-1","max-image-preview":"max-image-preview:large","max-video-preview":"max-video-preview:-1"},"canonical":"https:\/\/agrupacionespsoe.es\/ponferrada\/el-grupo-socialista-le-pide-a-la-concejala-de-deportes-que-asuma-economicamente-o-politicamente-si-el-ayuntamiento-es-sancionado-por-su-negligencia\/","og_locale":"es_ES","og_type":"article","og_title":"El grupo socialista le pide a la concejala de deportes que asuma econ\u00f3micamente o pol\u00edticamente si el ayuntamiento es sancionado por su negligencia. - Agrupaci\u00f3n Socialista de Ponferrada","og_description":"El grupo socialista ha reiterado su denuncia de la semana pasada relativa al personal de las piscinas que comenz\u00f3 a trabajar sin haber sido dados de alta en la seguridad social. Ayer el grupo socialista tuvo acceso al expediente del personal de las piscinas de verano y ha podido ratificar la veracidad de la denuncia ...","og_url":"https:\/\/agrupacionespsoe.es\/ponferrada\/el-grupo-socialista-le-pide-a-la-concejala-de-deportes-que-asuma-economicamente-o-politicamente-si-el-ayuntamiento-es-sancionado-por-su-negligencia\/","og_site_name":"Agrupaci\u00f3n Socialista de Ponferrada","article_published_time":"2024-07-16T10:09:00+00:00","article_modified_time":"2024-07-22T15:12:16+00:00","og_image":[{"width":1600,"height":1200,"url":"https:\/\/agrupacionespsoe.es\/ponferrada\/wp-content\/uploads\/sites\/36\/2024\/07\/grupo.jpeg","type":"image\/jpeg"}],"author":"ponferrada2","twitter_card":"summary_large_image","twitter_misc":{"Escrito por":"ponferrada2","Tiempo de lectura":"2 minutos"},"schema":{"@context":"https:\/\/schema.org","@graph":[{"@type":"Article","@id":"https:\/\/agrupacionespsoe.es\/ponferrada\/el-grupo-socialista-le-pide-a-la-concejala-de-deportes-que-asuma-economicamente-o-politicamente-si-el-ayuntamiento-es-sancionado-por-su-negligencia\/#article","isPartOf":{"@id":"https:\/\/agrupacionespsoe.es\/ponferrada\/el-grupo-socialista-le-pide-a-la-concejala-de-deportes-que-asuma-economicamente-o-politicamente-si-el-ayuntamiento-es-sancionado-por-su-negligencia\/"},"author":{"name":"ponferrada2","@id":"https:\/\/agrupacionespsoe.es\/ponferrada\/#\/schema\/person\/cd29ee627f3b70c05d415f02596debaa"},"headline":"El grupo socialista le pide a la concejala de deportes que asuma econ\u00f3micamente o pol\u00edticamente si el ayuntamiento es sancionado por su negligencia.","datePublished":"2024-07-16T10:09:00+00:00","dateModified":"2024-07-22T15:12:16+00:00","mainEntityOfPage":{"@id":"https:\/\/agrupacionespsoe.es\/ponferrada\/el-grupo-socialista-le-pide-a-la-concejala-de-deportes-que-asuma-economicamente-o-politicamente-si-el-ayuntamiento-es-sancionado-por-su-negligencia\/"},"wordCount":368,"commentCount":0,"publisher":{"@id":"https:\/\/agrupacionespsoe.es\/ponferrada\/#organization"},"image":{"@id":"https:\/\/agrupacionespsoe.es\/ponferrada\/el-grupo-socialista-le-pide-a-la-concejala-de-deportes-que-asuma-economicamente-o-politicamente-si-el-ayuntamiento-es-sancionado-por-su-negligencia\/#primaryimage"},"thumbnailUrl":"https:\/\/agrupacionespsoe.es\/ponferrada\/wp-content\/uploads\/sites\/36\/2024\/07\/grupo.jpeg","articleSection":["ACTUALIDAD"],"inLanguage":"es","potentialAction":[{"@type":"CommentAction","name":"Comment","target":["https:\/\/agrupacionespsoe.es\/ponferrada\/el-grupo-socialista-le-pide-a-la-concejala-de-deportes-que-asuma-economicamente-o-politicamente-si-el-ayuntamiento-es-sancionado-por-su-negligencia\/#respond"]}]},{"@type":"WebPage","@id":"https:\/\/agrupacionespsoe.es\/ponferrada\/el-grupo-socialista-le-pide-a-la-concejala-de-deportes-que-asuma-economicamente-o-politicamente-si-el-ayuntamiento-es-sancionado-por-su-negligencia\/","url":"https:\/\/agrupacionespsoe.es\/ponferrada\/el-grupo-socialista-le-pide-a-la-concejala-de-deportes-que-asuma-economicamente-o-politicamente-si-el-ayuntamiento-es-sancionado-por-su-negligencia\/","name":"El grupo socialista le pide a la concejala de deportes que asuma econ\u00f3micamente o pol\u00edticamente si el ayuntamiento es sancionado por su negligencia. - Agrupaci\u00f3n Socialista de Ponferrada","isPartOf":{"@id":"https:\/\/agrupacionespsoe.es\/ponferrada\/#website"},"primaryImageOfPage":{"@id":"https:\/\/agrupacionespsoe.es\/ponferrada\/el-grupo-socialista-le-pide-a-la-concejala-de-deportes-que-asuma-economicamente-o-politicamente-si-el-ayuntamiento-es-sancionado-por-su-negligencia\/#primaryimage"},"image":{"@id":"https:\/\/agrupacionespsoe.es\/ponferrada\/el-grupo-socialista-le-pide-a-la-concejala-de-deportes-que-asuma-economicamente-o-politicamente-si-el-ayuntamiento-es-sancionado-por-su-negligencia\/#primaryimage"},"thumbnailUrl":"https:\/\/agrupacionespsoe.es\/ponferrada\/wp-content\/uploads\/sites\/36\/2024\/07\/grupo.jpeg","datePublished":"2024-07-16T10:09:00+00:00","dateModified":"2024-07-22T15:12:16+00:00","breadcrumb":{"@id":"https:\/\/agrupacionespsoe.es\/ponferrada\/el-grupo-socialista-le-pide-a-la-concejala-de-deportes-que-asuma-economicamente-o-politicamente-si-el-ayuntamiento-es-sancionado-por-su-negligencia\/#breadcrumb"},"inLanguage":"es","potentialAction":[{"@type":"ReadAction","target":["https:\/\/agrupacionespsoe.es\/ponferrada\/el-grupo-socialista-le-pide-a-la-concejala-de-deportes-que-asuma-economicamente-o-politicamente-si-el-ayuntamiento-es-sancionado-por-su-negligencia\/"]}]},{"@type":"ImageObject","inLanguage":"es","@id":"https:\/\/agrupacionespsoe.es\/ponferrada\/el-grupo-socialista-le-pide-a-la-concejala-de-deportes-que-asuma-economicamente-o-politicamente-si-el-ayuntamiento-es-sancionado-por-su-negligencia\/#primaryimage","url":"https:\/\/agrupacionespsoe.es\/ponferrada\/wp-content\/uploads\/sites\/36\/2024\/07\/grupo.jpeg","contentUrl":"https:\/\/agrupacionespsoe.es\/ponferrada\/wp-content\/uploads\/sites\/36\/2024\/07\/grupo.jpeg","width":1600,"height":1200},{"@type":"BreadcrumbList","@id":"https:\/\/agrupacionespsoe.es\/ponferrada\/el-grupo-socialista-le-pide-a-la-concejala-de-deportes-que-asuma-economicamente-o-politicamente-si-el-ayuntamiento-es-sancionado-por-su-negligencia\/#breadcrumb","itemListElement":[{"@type":"ListItem","position":1,"name":"Portada","item":"https:\/\/agrupacionespsoe.es\/ponferrada\/"},{"@type":"ListItem","position":2,"name":"El grupo socialista le pide a la concejala de deportes que asuma econ\u00f3micamente o pol\u00edticamente si el ayuntamiento es sancionado por su negligencia."}]},{"@type":"WebSite","@id":"https:\/\/agrupacionespsoe.es\/ponferrada\/#website","url":"https:\/\/agrupacionespsoe.es\/ponferrada\/","name":"Agrupaci\u00f3n Socialista de Ponferrada","description":"Agrupaci\u00f3n Socialista de Ponferrada","publisher":{"@id":"https:\/\/agrupacionespsoe.es\/ponferrada\/#organization"},"potentialAction":[{"@type":"SearchAction","target":{"@type":"EntryPoint","urlTemplate":"https:\/\/agrupacionespsoe.es\/ponferrada\/?s={search_term_string}"},"query-input":{"@type":"PropertyValueSpecification","valueRequired":true,"valueName":"search_term_string"}}],"inLanguage":"es"},{"@type":"Organization","@id":"https:\/\/agrupacionespsoe.es\/ponferrada\/#organization","name":"Agrupaci\u00f3n Socialista de Ponferrada","url":"https:\/\/agrupacionespsoe.es\/ponferrada\/","logo":{"@type":"ImageObject","inLanguage":"es","@id":"https:\/\/agrupacionespsoe.es\/ponferrada\/#\/schema\/logo\/image\/","url":"https:\/\/agrupacionespsoe.es\/wp-content\/uploads\/2022\/07\/Logotipo_electoral_del_PSOE.png","contentUrl":"https:\/\/agrupacionespsoe.es\/wp-content\/uploads\/2022\/07\/Logotipo_electoral_del_PSOE.png","width":422,"height":422,"caption":"Agrupaci\u00f3n Socialista de Ponferrada"},"image":{"@id":"https:\/\/agrupacionespsoe.es\/ponferrada\/#\/schema\/logo\/image\/"}},{"@type":"Person","@id":"https:\/\/agrupacionespsoe.es\/ponferrada\/#\/schema\/person\/cd29ee627f3b70c05d415f02596debaa","name":"ponferrada2","image":{"@type":"ImageObject","inLanguage":"es","@id":"https:\/\/agrupacionespsoe.es\/ponferrada\/#\/schema\/person\/image\/","url":"https:\/\/secure.gravatar.com\/avatar\/f499eeb60144c664cf7b7edf75549b50?s=96&d=mm&r=g","contentUrl":"https:\/\/secure.gravatar.com\/avatar\/f499eeb60144c664cf7b7edf75549b50?s=96&d=mm&r=g","caption":"ponferrada2"},"url":"https:\/\/agrupacionespsoe.es\/ponferrada\/author\/ponferrada2\/"}]}},"jetpack_featured_media_url":"https:\/\/agrupacionespsoe.es\/ponferrada\/wp-content\/uploads\/sites\/36\/2024\/07\/grupo.jpeg","jetpack_sharing_enabled":true,"_links":{"self":[{"href":"https:\/\/agrupacionespsoe.es\/ponferrada\/wp-json\/wp\/v2\/posts\/556","targetHints":{"allow":["GET"]}}],"collection":[{"href":"https:\/\/agrupacionespsoe.es\/ponferrada\/wp-json\/wp\/v2\/posts"}],"about":[{"href":"https:\/\/agrupacionespsoe.es\/ponferrada\/wp-json\/wp\/v2\/types\/post"}],"author":[{"embeddable":true,"href":"https:\/\/agrupacionespsoe.es\/ponferrada\/wp-json\/wp\/v2\/users\/32"}],"replies":[{"embeddable":true,"href":"https:\/\/agrupacionespsoe.es\/ponferrada\/wp-json\/wp\/v2\/comments?post=556"}],"version-history":[{"count":1,"href":"https:\/\/agrupacionespsoe.es\/ponferrada\/wp-json\/wp\/v2\/posts\/556\/revisions"}],"predecessor-version":[{"id":558,"href":"https:\/\/agrupacionespsoe.es\/ponferrada\/wp-json\/wp\/v2\/posts\/556\/revisions\/558"}],"wp:featuredmedia":[{"embeddable":true,"href":"https:\/\/agrupacionespsoe.es\/ponferrada\/wp-json\/wp\/v2\/media\/557"}],"wp:attachment":[{"href":"https:\/\/agrupacionespsoe.es\/ponferrada\/wp-json\/wp\/v2\/media?parent=556"}],"wp:term":[{"taxonomy":"category","embeddable":true,"href":"https:\/\/agrupacionespsoe.es\/ponferrada\/wp-json\/wp\/v2\/categories?post=556"},{"taxonomy":"post_tag","embeddable":true,"href":"https:\/\/agrupacionespsoe.es\/ponferrada\/wp-json\/wp\/v2\/tags?post=556"}],"curies":[{"name":"wp","href":"https:\/\/api.w.org\/{rel}","templated":true}]}}