{"id":547,"date":"2024-07-04T11:06:47","date_gmt":"2024-07-04T11:06:47","guid":{"rendered":"https:\/\/agrupacionespsoe.es\/ponferrada\/?p=547"},"modified":"2024-07-04T11:06:48","modified_gmt":"2024-07-04T11:06:48","slug":"el-grupo-socialista-senala-el-ridiculo-que-supone-la-contestacion-del-sr-morala-al-ministerio","status":"publish","type":"post","link":"https:\/\/agrupacionespsoe.es\/ponferrada\/el-grupo-socialista-senala-el-ridiculo-que-supone-la-contestacion-del-sr-morala-al-ministerio\/","title":{"rendered":"El Grupo Socialista se\u00f1ala el rid\u00edculo que supone la contestaci\u00f3n del Sr. Morala al Ministerio."},"content":{"rendered":"\n<p class=\"has-large-font-size\"><strong>La ZBE que propone el PP parece una mera medida cosm\u00e9tica que puede conllevar repercusiones econ\u00f3micas<\/strong><\/p>\n\n\n\n<p>El grupo socialista ha querido contestar a las declaraciones de ayer del Sr. Morala en relaci\u00f3n al requerimiento del Ministerio para la Transici\u00f3n Ecol\u00f3gica y el Reto Demogr\u00e1fico sobre la creaci\u00f3n de la Zona de Bajas Emisiones.<\/p>\n\n\n\n<p>El portavoz del grupo socialista quiso recordar que el PSOE fue quien dise\u00f1o, con el apoyo de los t\u00e9cnicos, la zona de bajas emisiones. Y desde el PSOE somos partidarios de la misma que es, adem\u00e1s, una obligaci\u00f3n europea.<\/p>\n\n\n\n<p>Continu\u00f3 se\u00f1alando que desde el PSOE tenemos voluntad de aprobar la ordenanza pero no vamos a aprobar cualquier propuesta. Se\u00f1alamos que hay dos motivos de discrepancia con la ordenanza que propusieron y por eso nuestro voto en contra: que la ordenanza debe incluir medidas cuando los \u00edndices de contaminaci\u00f3n sean graves y peligrosos para la salud y que la ordenanza debe ponerse en marcha antes de 1 de diciembre de 2027.<\/p>\n\n\n\n<p>Olegario Ram\u00f3n quiso recordar que el alcalde minti\u00f3 para ganarlas elecciones cuando dijo que no habr\u00eda zona de bajas emisiones o planteo la posibilidad de que se estableciera en el casco antiguo, cuando sab\u00eda perfectamente que la ZBE iba a ser la que es.<\/p>\n\n\n\n<p>El portavoz del PSOE ha se\u00f1alado que \u201cresulta muy sencillo llegar a un acuerdo con nuestro grupo para la aprobaci\u00f3n de esta ordenanza, tan solo tienen que admitir las enmiendas que propusimos. Y han perdido una gran oportunidad de llegar en plazo si hubieran hablado y negociado con el grupo mayoritario antes de llevar a Pleno su propuesta de ordenanza\u201d.<\/p>\n\n\n\n<p>El PSOE ha querido defender su planteamiento que est\u00e1 en sinton\u00eda con el resto de ciudades que est\u00e1n poniendo en marcha la zona de bajas emisiones, con independencia de su color pol\u00edtico. Adem\u00e1s los ministerios de Transportes y Transici\u00f3n Ecol\u00f3gica han iniciado reuniones para definir criterios que impiden que las ciudades creen zonas de bajas emisiones que son meras medidas cosm\u00e9ticas que no reducen ni el tr\u00e1fico ni la contaminaci\u00f3n. A juicio del PSOE la ordenanza de Ponferrada que ha propuesto el PP se parece en mucho a una medida meramente cosm\u00e9tica, que puede tener repercusiones en la devoluci\u00f3n de subvenciones cobradas.<\/p>\n\n\n\n<p>Desde el PSOE se ha reconocido que estamos negociando esa ordenanza pero que el Sr. Morala va a hacer el rid\u00edculo contestando de esa manera al Ministerio, solo demuestra que no ha hecho los deberes, y queremos recordarle que gobierna en minor\u00eda y eso le obliga a dialogar y llegar a acuerdos si quiere sacar adelante los asuntos municipales.<\/p>\n\n\n\n<p>El Grupo Socialista tambi\u00e9n ha se\u00f1alado que hay muchas otras actuaciones que se incluyen en el proyecto de Ponferrada 4.0 que est\u00e1n actualmente paradas y que no exigen tener en marcha una ordenanza, aconsejan al equipo de gobierno que empiecen a ejecutar las inversiones que quedan pendientes, que comiencen por ejemplo poniendo en marcha la sensorizaci\u00f3n de las plazas de aparcamiento para facilitar a la ciudadan\u00eda la circulaci\u00f3n por la ZBE, que son inversiones que tienen un plazo de ejecuci\u00f3n y que no dependen de la aprobaci\u00f3n de la ordenanza.<\/p>\n\n\n\n<figure class=\"wp-block-image size-large\"><img loading=\"lazy\" decoding=\"async\" width=\"1024\" height=\"781\" src=\"https:\/\/agrupacionespsoe.es\/ponferrada\/wp-content\/uploads\/sites\/36\/2024\/07\/WhatsApp-Image-2024-07-04-at-13.05.51-1024x781.jpeg\" alt=\"\" class=\"wp-image-548\" srcset=\"https:\/\/agrupacionespsoe.es\/ponferrada\/wp-content\/uploads\/sites\/36\/2024\/07\/WhatsApp-Image-2024-07-04-at-13.05.51-1024x781.jpeg 1024w, https:\/\/agrupacionespsoe.es\/ponferrada\/wp-content\/uploads\/sites\/36\/2024\/07\/WhatsApp-Image-2024-07-04-at-13.05.51-300x229.jpeg 300w, https:\/\/agrupacionespsoe.es\/ponferrada\/wp-content\/uploads\/sites\/36\/2024\/07\/WhatsApp-Image-2024-07-04-at-13.05.51-768x586.jpeg 768w, https:\/\/agrupacionespsoe.es\/ponferrada\/wp-content\/uploads\/sites\/36\/2024\/07\/WhatsApp-Image-2024-07-04-at-13.05.51-1536x1172.jpeg 1536w, https:\/\/agrupacionespsoe.es\/ponferrada\/wp-content\/uploads\/sites\/36\/2024\/07\/WhatsApp-Image-2024-07-04-at-13.05.51.jpeg 1716w\" sizes=\"auto, (max-width: 1024px) 100vw, 1024px\" \/><\/figure>\n","protected":false},"excerpt":{"rendered":"<p>La ZBE que propone el PP parece una mera medida cosm\u00e9tica que puede conllevar repercusiones econ\u00f3micas El grupo socialista ha querido contestar a las declaraciones de ayer del Sr. Morala en relaci\u00f3n al requerimiento del Ministerio para la Transici\u00f3n Ecol\u00f3gica y el Reto Demogr\u00e1fico sobre la creaci\u00f3n de la Zona de Bajas Emisiones. El portavoz &#8230;<\/p>\n","protected":false},"author":32,"featured_media":548,"comment_status":"open","ping_status":"open","sticky":false,"template":"","format":"standard","meta":{"_jetpack_memberships_contains_paid_content":false,"footnotes":""},"categories":[6],"tags":[],"class_list":["post-547","post","type-post","status-publish","format-standard","has-post-thumbnail","hentry","category-actualidad"],"yoast_head":"<!-- This site is optimized with the Yoast SEO plugin v24.0 - https:\/\/yoast.com\/wordpress\/plugins\/seo\/ -->\n<title>El Grupo Socialista se\u00f1ala el rid\u00edculo que supone la contestaci\u00f3n del Sr. Morala al Ministerio. - Agrupaci\u00f3n Socialista de Ponferrada<\/title>\n<meta name=\"robots\" content=\"index, follow, max-snippet:-1, max-image-preview:large, max-video-preview:-1\" \/>\n<link rel=\"canonical\" href=\"https:\/\/agrupacionespsoe.es\/ponferrada\/el-grupo-socialista-senala-el-ridiculo-que-supone-la-contestacion-del-sr-morala-al-ministerio\/\" \/>\n<meta property=\"og:locale\" content=\"es_ES\" \/>\n<meta property=\"og:type\" content=\"article\" \/>\n<meta property=\"og:title\" content=\"El Grupo Socialista se\u00f1ala el rid\u00edculo que supone la contestaci\u00f3n del Sr. Morala al Ministerio. - Agrupaci\u00f3n Socialista de Ponferrada\" \/>\n<meta property=\"og:description\" content=\"La ZBE que propone el PP parece una mera medida cosm\u00e9tica que puede conllevar repercusiones econ\u00f3micas El grupo socialista ha querido contestar a las declaraciones de ayer del Sr. Morala en relaci\u00f3n al requerimiento del Ministerio para la Transici\u00f3n Ecol\u00f3gica y el Reto Demogr\u00e1fico sobre la creaci\u00f3n de la Zona de Bajas Emisiones. El portavoz ...\" \/>\n<meta property=\"og:url\" content=\"https:\/\/agrupacionespsoe.es\/ponferrada\/el-grupo-socialista-senala-el-ridiculo-que-supone-la-contestacion-del-sr-morala-al-ministerio\/\" \/>\n<meta property=\"og:site_name\" content=\"Agrupaci\u00f3n Socialista de Ponferrada\" \/>\n<meta property=\"article:published_time\" content=\"2024-07-04T11:06:47+00:00\" \/>\n<meta property=\"article:modified_time\" content=\"2024-07-04T11:06:48+00:00\" \/>\n<meta property=\"og:image\" content=\"https:\/\/agrupacionespsoe.es\/ponferrada\/wp-content\/uploads\/sites\/36\/2024\/07\/WhatsApp-Image-2024-07-04-at-13.05.51.jpeg\" \/>\n\t<meta property=\"og:image:width\" content=\"1716\" \/>\n\t<meta property=\"og:image:height\" content=\"1309\" \/>\n\t<meta property=\"og:image:type\" content=\"image\/jpeg\" \/>\n<meta name=\"author\" content=\"ponferrada2\" \/>\n<meta name=\"twitter:card\" content=\"summary_large_image\" \/>\n<meta name=\"twitter:label1\" content=\"Escrito por\" \/>\n\t<meta name=\"twitter:data1\" content=\"ponferrada2\" \/>\n\t<meta name=\"twitter:label2\" content=\"Tiempo de lectura\" \/>\n\t<meta name=\"twitter:data2\" content=\"3 minutos\" \/>\n<script type=\"application\/ld+json\" class=\"yoast-schema-graph\">{\"@context\":\"https:\/\/schema.org\",\"@graph\":[{\"@type\":\"Article\",\"@id\":\"https:\/\/agrupacionespsoe.es\/ponferrada\/el-grupo-socialista-senala-el-ridiculo-que-supone-la-contestacion-del-sr-morala-al-ministerio\/#article\",\"isPartOf\":{\"@id\":\"https:\/\/agrupacionespsoe.es\/ponferrada\/el-grupo-socialista-senala-el-ridiculo-que-supone-la-contestacion-del-sr-morala-al-ministerio\/\"},\"author\":{\"name\":\"ponferrada2\",\"@id\":\"https:\/\/agrupacionespsoe.es\/ponferrada\/#\/schema\/person\/cd29ee627f3b70c05d415f02596debaa\"},\"headline\":\"El Grupo Socialista se\u00f1ala el rid\u00edculo que supone la contestaci\u00f3n del Sr. Morala al Ministerio.\",\"datePublished\":\"2024-07-04T11:06:47+00:00\",\"dateModified\":\"2024-07-04T11:06:48+00:00\",\"mainEntityOfPage\":{\"@id\":\"https:\/\/agrupacionespsoe.es\/ponferrada\/el-grupo-socialista-senala-el-ridiculo-que-supone-la-contestacion-del-sr-morala-al-ministerio\/\"},\"wordCount\":573,\"commentCount\":0,\"publisher\":{\"@id\":\"https:\/\/agrupacionespsoe.es\/ponferrada\/#organization\"},\"image\":{\"@id\":\"https:\/\/agrupacionespsoe.es\/ponferrada\/el-grupo-socialista-senala-el-ridiculo-que-supone-la-contestacion-del-sr-morala-al-ministerio\/#primaryimage\"},\"thumbnailUrl\":\"https:\/\/agrupacionespsoe.es\/ponferrada\/wp-content\/uploads\/sites\/36\/2024\/07\/WhatsApp-Image-2024-07-04-at-13.05.51.jpeg\",\"articleSection\":[\"ACTUALIDAD\"],\"inLanguage\":\"es\",\"potentialAction\":[{\"@type\":\"CommentAction\",\"name\":\"Comment\",\"target\":[\"https:\/\/agrupacionespsoe.es\/ponferrada\/el-grupo-socialista-senala-el-ridiculo-que-supone-la-contestacion-del-sr-morala-al-ministerio\/#respond\"]}]},{\"@type\":\"WebPage\",\"@id\":\"https:\/\/agrupacionespsoe.es\/ponferrada\/el-grupo-socialista-senala-el-ridiculo-que-supone-la-contestacion-del-sr-morala-al-ministerio\/\",\"url\":\"https:\/\/agrupacionespsoe.es\/ponferrada\/el-grupo-socialista-senala-el-ridiculo-que-supone-la-contestacion-del-sr-morala-al-ministerio\/\",\"name\":\"El Grupo Socialista se\u00f1ala el rid\u00edculo que supone la contestaci\u00f3n del Sr. Morala al Ministerio. - Agrupaci\u00f3n Socialista de Ponferrada\",\"isPartOf\":{\"@id\":\"https:\/\/agrupacionespsoe.es\/ponferrada\/#website\"},\"primaryImageOfPage\":{\"@id\":\"https:\/\/agrupacionespsoe.es\/ponferrada\/el-grupo-socialista-senala-el-ridiculo-que-supone-la-contestacion-del-sr-morala-al-ministerio\/#primaryimage\"},\"image\":{\"@id\":\"https:\/\/agrupacionespsoe.es\/ponferrada\/el-grupo-socialista-senala-el-ridiculo-que-supone-la-contestacion-del-sr-morala-al-ministerio\/#primaryimage\"},\"thumbnailUrl\":\"https:\/\/agrupacionespsoe.es\/ponferrada\/wp-content\/uploads\/sites\/36\/2024\/07\/WhatsApp-Image-2024-07-04-at-13.05.51.jpeg\",\"datePublished\":\"2024-07-04T11:06:47+00:00\",\"dateModified\":\"2024-07-04T11:06:48+00:00\",\"breadcrumb\":{\"@id\":\"https:\/\/agrupacionespsoe.es\/ponferrada\/el-grupo-socialista-senala-el-ridiculo-que-supone-la-contestacion-del-sr-morala-al-ministerio\/#breadcrumb\"},\"inLanguage\":\"es\",\"potentialAction\":[{\"@type\":\"ReadAction\",\"target\":[\"https:\/\/agrupacionespsoe.es\/ponferrada\/el-grupo-socialista-senala-el-ridiculo-que-supone-la-contestacion-del-sr-morala-al-ministerio\/\"]}]},{\"@type\":\"ImageObject\",\"inLanguage\":\"es\",\"@id\":\"https:\/\/agrupacionespsoe.es\/ponferrada\/el-grupo-socialista-senala-el-ridiculo-que-supone-la-contestacion-del-sr-morala-al-ministerio\/#primaryimage\",\"url\":\"https:\/\/agrupacionespsoe.es\/ponferrada\/wp-content\/uploads\/sites\/36\/2024\/07\/WhatsApp-Image-2024-07-04-at-13.05.51.jpeg\",\"contentUrl\":\"https:\/\/agrupacionespsoe.es\/ponferrada\/wp-content\/uploads\/sites\/36\/2024\/07\/WhatsApp-Image-2024-07-04-at-13.05.51.jpeg\",\"width\":1716,\"height\":1309},{\"@type\":\"BreadcrumbList\",\"@id\":\"https:\/\/agrupacionespsoe.es\/ponferrada\/el-grupo-socialista-senala-el-ridiculo-que-supone-la-contestacion-del-sr-morala-al-ministerio\/#breadcrumb\",\"itemListElement\":[{\"@type\":\"ListItem\",\"position\":1,\"name\":\"Portada\",\"item\":\"https:\/\/agrupacionespsoe.es\/ponferrada\/\"},{\"@type\":\"ListItem\",\"position\":2,\"name\":\"El Grupo Socialista se\u00f1ala el rid\u00edculo que supone la contestaci\u00f3n del Sr. Morala al Ministerio.\"}]},{\"@type\":\"WebSite\",\"@id\":\"https:\/\/agrupacionespsoe.es\/ponferrada\/#website\",\"url\":\"https:\/\/agrupacionespsoe.es\/ponferrada\/\",\"name\":\"Agrupaci\u00f3n Socialista de Ponferrada\",\"description\":\"Agrupaci\u00f3n Socialista de Ponferrada\",\"publisher\":{\"@id\":\"https:\/\/agrupacionespsoe.es\/ponferrada\/#organization\"},\"potentialAction\":[{\"@type\":\"SearchAction\",\"target\":{\"@type\":\"EntryPoint\",\"urlTemplate\":\"https:\/\/agrupacionespsoe.es\/ponferrada\/?s={search_term_string}\"},\"query-input\":{\"@type\":\"PropertyValueSpecification\",\"valueRequired\":true,\"valueName\":\"search_term_string\"}}],\"inLanguage\":\"es\"},{\"@type\":\"Organization\",\"@id\":\"https:\/\/agrupacionespsoe.es\/ponferrada\/#organization\",\"name\":\"Agrupaci\u00f3n Socialista de Ponferrada\",\"url\":\"https:\/\/agrupacionespsoe.es\/ponferrada\/\",\"logo\":{\"@type\":\"ImageObject\",\"inLanguage\":\"es\",\"@id\":\"https:\/\/agrupacionespsoe.es\/ponferrada\/#\/schema\/logo\/image\/\",\"url\":\"https:\/\/agrupacionespsoe.es\/wp-content\/uploads\/2022\/07\/Logotipo_electoral_del_PSOE.png\",\"contentUrl\":\"https:\/\/agrupacionespsoe.es\/wp-content\/uploads\/2022\/07\/Logotipo_electoral_del_PSOE.png\",\"width\":422,\"height\":422,\"caption\":\"Agrupaci\u00f3n Socialista de Ponferrada\"},\"image\":{\"@id\":\"https:\/\/agrupacionespsoe.es\/ponferrada\/#\/schema\/logo\/image\/\"}},{\"@type\":\"Person\",\"@id\":\"https:\/\/agrupacionespsoe.es\/ponferrada\/#\/schema\/person\/cd29ee627f3b70c05d415f02596debaa\",\"name\":\"ponferrada2\",\"image\":{\"@type\":\"ImageObject\",\"inLanguage\":\"es\",\"@id\":\"https:\/\/agrupacionespsoe.es\/ponferrada\/#\/schema\/person\/image\/\",\"url\":\"https:\/\/secure.gravatar.com\/avatar\/f499eeb60144c664cf7b7edf75549b50?s=96&d=mm&r=g\",\"contentUrl\":\"https:\/\/secure.gravatar.com\/avatar\/f499eeb60144c664cf7b7edf75549b50?s=96&d=mm&r=g\",\"caption\":\"ponferrada2\"},\"url\":\"https:\/\/agrupacionespsoe.es\/ponferrada\/author\/ponferrada2\/\"}]}<\/script>\n<!-- \/ Yoast SEO plugin. -->","yoast_head_json":{"title":"El Grupo Socialista se\u00f1ala el rid\u00edculo que supone la contestaci\u00f3n del Sr. Morala al Ministerio. - Agrupaci\u00f3n Socialista de Ponferrada","robots":{"index":"index","follow":"follow","max-snippet":"max-snippet:-1","max-image-preview":"max-image-preview:large","max-video-preview":"max-video-preview:-1"},"canonical":"https:\/\/agrupacionespsoe.es\/ponferrada\/el-grupo-socialista-senala-el-ridiculo-que-supone-la-contestacion-del-sr-morala-al-ministerio\/","og_locale":"es_ES","og_type":"article","og_title":"El Grupo Socialista se\u00f1ala el rid\u00edculo que supone la contestaci\u00f3n del Sr. Morala al Ministerio. - Agrupaci\u00f3n Socialista de Ponferrada","og_description":"La ZBE que propone el PP parece una mera medida cosm\u00e9tica que puede conllevar repercusiones econ\u00f3micas El grupo socialista ha querido contestar a las declaraciones de ayer del Sr. Morala en relaci\u00f3n al requerimiento del Ministerio para la Transici\u00f3n Ecol\u00f3gica y el Reto Demogr\u00e1fico sobre la creaci\u00f3n de la Zona de Bajas Emisiones. El portavoz ...","og_url":"https:\/\/agrupacionespsoe.es\/ponferrada\/el-grupo-socialista-senala-el-ridiculo-que-supone-la-contestacion-del-sr-morala-al-ministerio\/","og_site_name":"Agrupaci\u00f3n Socialista de Ponferrada","article_published_time":"2024-07-04T11:06:47+00:00","article_modified_time":"2024-07-04T11:06:48+00:00","og_image":[{"width":1716,"height":1309,"url":"https:\/\/agrupacionespsoe.es\/ponferrada\/wp-content\/uploads\/sites\/36\/2024\/07\/WhatsApp-Image-2024-07-04-at-13.05.51.jpeg","type":"image\/jpeg"}],"author":"ponferrada2","twitter_card":"summary_large_image","twitter_misc":{"Escrito por":"ponferrada2","Tiempo de lectura":"3 minutos"},"schema":{"@context":"https:\/\/schema.org","@graph":[{"@type":"Article","@id":"https:\/\/agrupacionespsoe.es\/ponferrada\/el-grupo-socialista-senala-el-ridiculo-que-supone-la-contestacion-del-sr-morala-al-ministerio\/#article","isPartOf":{"@id":"https:\/\/agrupacionespsoe.es\/ponferrada\/el-grupo-socialista-senala-el-ridiculo-que-supone-la-contestacion-del-sr-morala-al-ministerio\/"},"author":{"name":"ponferrada2","@id":"https:\/\/agrupacionespsoe.es\/ponferrada\/#\/schema\/person\/cd29ee627f3b70c05d415f02596debaa"},"headline":"El Grupo Socialista se\u00f1ala el rid\u00edculo que supone la contestaci\u00f3n del Sr. Morala al Ministerio.","datePublished":"2024-07-04T11:06:47+00:00","dateModified":"2024-07-04T11:06:48+00:00","mainEntityOfPage":{"@id":"https:\/\/agrupacionespsoe.es\/ponferrada\/el-grupo-socialista-senala-el-ridiculo-que-supone-la-contestacion-del-sr-morala-al-ministerio\/"},"wordCount":573,"commentCount":0,"publisher":{"@id":"https:\/\/agrupacionespsoe.es\/ponferrada\/#organization"},"image":{"@id":"https:\/\/agrupacionespsoe.es\/ponferrada\/el-grupo-socialista-senala-el-ridiculo-que-supone-la-contestacion-del-sr-morala-al-ministerio\/#primaryimage"},"thumbnailUrl":"https:\/\/agrupacionespsoe.es\/ponferrada\/wp-content\/uploads\/sites\/36\/2024\/07\/WhatsApp-Image-2024-07-04-at-13.05.51.jpeg","articleSection":["ACTUALIDAD"],"inLanguage":"es","potentialAction":[{"@type":"CommentAction","name":"Comment","target":["https:\/\/agrupacionespsoe.es\/ponferrada\/el-grupo-socialista-senala-el-ridiculo-que-supone-la-contestacion-del-sr-morala-al-ministerio\/#respond"]}]},{"@type":"WebPage","@id":"https:\/\/agrupacionespsoe.es\/ponferrada\/el-grupo-socialista-senala-el-ridiculo-que-supone-la-contestacion-del-sr-morala-al-ministerio\/","url":"https:\/\/agrupacionespsoe.es\/ponferrada\/el-grupo-socialista-senala-el-ridiculo-que-supone-la-contestacion-del-sr-morala-al-ministerio\/","name":"El Grupo Socialista se\u00f1ala el rid\u00edculo que supone la contestaci\u00f3n del Sr. Morala al Ministerio. - Agrupaci\u00f3n Socialista de Ponferrada","isPartOf":{"@id":"https:\/\/agrupacionespsoe.es\/ponferrada\/#website"},"primaryImageOfPage":{"@id":"https:\/\/agrupacionespsoe.es\/ponferrada\/el-grupo-socialista-senala-el-ridiculo-que-supone-la-contestacion-del-sr-morala-al-ministerio\/#primaryimage"},"image":{"@id":"https:\/\/agrupacionespsoe.es\/ponferrada\/el-grupo-socialista-senala-el-ridiculo-que-supone-la-contestacion-del-sr-morala-al-ministerio\/#primaryimage"},"thumbnailUrl":"https:\/\/agrupacionespsoe.es\/ponferrada\/wp-content\/uploads\/sites\/36\/2024\/07\/WhatsApp-Image-2024-07-04-at-13.05.51.jpeg","datePublished":"2024-07-04T11:06:47+00:00","dateModified":"2024-07-04T11:06:48+00:00","breadcrumb":{"@id":"https:\/\/agrupacionespsoe.es\/ponferrada\/el-grupo-socialista-senala-el-ridiculo-que-supone-la-contestacion-del-sr-morala-al-ministerio\/#breadcrumb"},"inLanguage":"es","potentialAction":[{"@type":"ReadAction","target":["https:\/\/agrupacionespsoe.es\/ponferrada\/el-grupo-socialista-senala-el-ridiculo-que-supone-la-contestacion-del-sr-morala-al-ministerio\/"]}]},{"@type":"ImageObject","inLanguage":"es","@id":"https:\/\/agrupacionespsoe.es\/ponferrada\/el-grupo-socialista-senala-el-ridiculo-que-supone-la-contestacion-del-sr-morala-al-ministerio\/#primaryimage","url":"https:\/\/agrupacionespsoe.es\/ponferrada\/wp-content\/uploads\/sites\/36\/2024\/07\/WhatsApp-Image-2024-07-04-at-13.05.51.jpeg","contentUrl":"https:\/\/agrupacionespsoe.es\/ponferrada\/wp-content\/uploads\/sites\/36\/2024\/07\/WhatsApp-Image-2024-07-04-at-13.05.51.jpeg","width":1716,"height":1309},{"@type":"BreadcrumbList","@id":"https:\/\/agrupacionespsoe.es\/ponferrada\/el-grupo-socialista-senala-el-ridiculo-que-supone-la-contestacion-del-sr-morala-al-ministerio\/#breadcrumb","itemListElement":[{"@type":"ListItem","position":1,"name":"Portada","item":"https:\/\/agrupacionespsoe.es\/ponferrada\/"},{"@type":"ListItem","position":2,"name":"El Grupo Socialista se\u00f1ala el rid\u00edculo que supone la contestaci\u00f3n del Sr. Morala al Ministerio."}]},{"@type":"WebSite","@id":"https:\/\/agrupacionespsoe.es\/ponferrada\/#website","url":"https:\/\/agrupacionespsoe.es\/ponferrada\/","name":"Agrupaci\u00f3n Socialista de Ponferrada","description":"Agrupaci\u00f3n Socialista de Ponferrada","publisher":{"@id":"https:\/\/agrupacionespsoe.es\/ponferrada\/#organization"},"potentialAction":[{"@type":"SearchAction","target":{"@type":"EntryPoint","urlTemplate":"https:\/\/agrupacionespsoe.es\/ponferrada\/?s={search_term_string}"},"query-input":{"@type":"PropertyValueSpecification","valueRequired":true,"valueName":"search_term_string"}}],"inLanguage":"es"},{"@type":"Organization","@id":"https:\/\/agrupacionespsoe.es\/ponferrada\/#organization","name":"Agrupaci\u00f3n Socialista de Ponferrada","url":"https:\/\/agrupacionespsoe.es\/ponferrada\/","logo":{"@type":"ImageObject","inLanguage":"es","@id":"https:\/\/agrupacionespsoe.es\/ponferrada\/#\/schema\/logo\/image\/","url":"https:\/\/agrupacionespsoe.es\/wp-content\/uploads\/2022\/07\/Logotipo_electoral_del_PSOE.png","contentUrl":"https:\/\/agrupacionespsoe.es\/wp-content\/uploads\/2022\/07\/Logotipo_electoral_del_PSOE.png","width":422,"height":422,"caption":"Agrupaci\u00f3n Socialista de Ponferrada"},"image":{"@id":"https:\/\/agrupacionespsoe.es\/ponferrada\/#\/schema\/logo\/image\/"}},{"@type":"Person","@id":"https:\/\/agrupacionespsoe.es\/ponferrada\/#\/schema\/person\/cd29ee627f3b70c05d415f02596debaa","name":"ponferrada2","image":{"@type":"ImageObject","inLanguage":"es","@id":"https:\/\/agrupacionespsoe.es\/ponferrada\/#\/schema\/person\/image\/","url":"https:\/\/secure.gravatar.com\/avatar\/f499eeb60144c664cf7b7edf75549b50?s=96&d=mm&r=g","contentUrl":"https:\/\/secure.gravatar.com\/avatar\/f499eeb60144c664cf7b7edf75549b50?s=96&d=mm&r=g","caption":"ponferrada2"},"url":"https:\/\/agrupacionespsoe.es\/ponferrada\/author\/ponferrada2\/"}]}},"jetpack_featured_media_url":"https:\/\/agrupacionespsoe.es\/ponferrada\/wp-content\/uploads\/sites\/36\/2024\/07\/WhatsApp-Image-2024-07-04-at-13.05.51.jpeg","jetpack_sharing_enabled":true,"_links":{"self":[{"href":"https:\/\/agrupacionespsoe.es\/ponferrada\/wp-json\/wp\/v2\/posts\/547","targetHints":{"allow":["GET"]}}],"collection":[{"href":"https:\/\/agrupacionespsoe.es\/ponferrada\/wp-json\/wp\/v2\/posts"}],"about":[{"href":"https:\/\/agrupacionespsoe.es\/ponferrada\/wp-json\/wp\/v2\/types\/post"}],"author":[{"embeddable":true,"href":"https:\/\/agrupacionespsoe.es\/ponferrada\/wp-json\/wp\/v2\/users\/32"}],"replies":[{"embeddable":true,"href":"https:\/\/agrupacionespsoe.es\/ponferrada\/wp-json\/wp\/v2\/comments?post=547"}],"version-history":[{"count":1,"href":"https:\/\/agrupacionespsoe.es\/ponferrada\/wp-json\/wp\/v2\/posts\/547\/revisions"}],"predecessor-version":[{"id":549,"href":"https:\/\/agrupacionespsoe.es\/ponferrada\/wp-json\/wp\/v2\/posts\/547\/revisions\/549"}],"wp:featuredmedia":[{"embeddable":true,"href":"https:\/\/agrupacionespsoe.es\/ponferrada\/wp-json\/wp\/v2\/media\/548"}],"wp:attachment":[{"href":"https:\/\/agrupacionespsoe.es\/ponferrada\/wp-json\/wp\/v2\/media?parent=547"}],"wp:term":[{"taxonomy":"category","embeddable":true,"href":"https:\/\/agrupacionespsoe.es\/ponferrada\/wp-json\/wp\/v2\/categories?post=547"},{"taxonomy":"post_tag","embeddable":true,"href":"https:\/\/agrupacionespsoe.es\/ponferrada\/wp-json\/wp\/v2\/tags?post=547"}],"curies":[{"name":"wp","href":"https:\/\/api.w.org\/{rel}","templated":true}]}}