{"id":538,"date":"2024-06-28T11:43:57","date_gmt":"2024-06-28T11:43:57","guid":{"rendered":"https:\/\/agrupacionespsoe.es\/ponferrada\/?p=538"},"modified":"2024-06-28T11:43:58","modified_gmt":"2024-06-28T11:43:58","slug":"el-grupo-municipal-socialista-lamenta-el-hecho-de-suspender-unos-talleres-que-empezaban-este-mismo-lunes","status":"publish","type":"post","link":"https:\/\/agrupacionespsoe.es\/ponferrada\/el-grupo-municipal-socialista-lamenta-el-hecho-de-suspender-unos-talleres-que-empezaban-este-mismo-lunes\/","title":{"rendered":"El grupo municipal socialista lamenta el hecho de suspender unos talleres que empezaban este mismo lunes"},"content":{"rendered":"\n<p class=\"has-large-font-size\">Susana Rivada pide a la concejal\u00eda que se pongan en contacto directamente con las familias afectadas<\/p>\n\n\n\n<p>El grupo socialista ha lamentado hoy el comunicado del PP \u201caplazando\u201d el inicio de los talleres de verano organizados por el \u00c1rea de Bienestar Social y Familia.<\/p>\n\n\n\n<p>Susana Rivada, portavoz del PSOE en esta \u00e1rea, ha lamentado conocer esa noticia por la prensa as\u00ed como su contenido limitado: \u201csin informaci\u00f3n concreta sobre a qu\u00e9 talleres afecta lo \u00fanico que genera es desasosiego en las familias que esperan el inicio de los talleres para poder llevar a sus hijos e hijas y disponer de ese tiempo y conciliar su trabajo con el cuidado en estas \u00e9pocas estivales y pide diligencia para solventar el problema\u201d.<\/p>\n\n\n\n<p>Susana ha a\u00f1adido que las explicaciones tambi\u00e9n han sido escasas, \u201cse\u00f1alar complicaciones administrativas no da informaci\u00f3n a las familias que est\u00e1n esperando cu\u00e1ndo puede tener lugar el inicio de esos talleres, solo sirve para generar m\u00e1s incertidumbre\u201d-indica.<\/p>\n\n\n\n<p>Rivada se\u00f1ala que hace m\u00e1s de 15 d\u00edas la concejala present\u00f3&nbsp; estos talleres, concediendo a las familias, tan solo, un par de d\u00edas para apuntarse y lo que no es de recibo es que imponga esas dif\u00edciles condiciones para que las familias se inscriban y ellos ni siquiera ten\u00edan cerrados los contratos para prestar los talleres lo que ha provocado que se cancelen los talleres a menos de dos d\u00edas de su inicio.<\/p>\n\n\n\n<p>Para finalizar pide que desde el \u00e1rea se pongan en contacto directamente con las familias para explicar y comunicar qu\u00e9 talleres se van a cancelar, porque con tan poca antelaci\u00f3n es posible que muchas de ellas no se enteren, lo que el lunes puede conllevarles un problema.<\/p>\n\n\n\n<figure class=\"wp-block-image size-large\"><img loading=\"lazy\" decoding=\"async\" width=\"947\" height=\"1024\" src=\"https:\/\/agrupacionespsoe.es\/ponferrada\/wp-content\/uploads\/sites\/36\/2024\/03\/WhatsApp-Image-2024-03-08-at-10.22.38-947x1024.jpeg\" alt=\"\" class=\"wp-image-409\" srcset=\"https:\/\/agrupacionespsoe.es\/ponferrada\/wp-content\/uploads\/sites\/36\/2024\/03\/WhatsApp-Image-2024-03-08-at-10.22.38-947x1024.jpeg 947w, https:\/\/agrupacionespsoe.es\/ponferrada\/wp-content\/uploads\/sites\/36\/2024\/03\/WhatsApp-Image-2024-03-08-at-10.22.38-277x300.jpeg 277w, https:\/\/agrupacionespsoe.es\/ponferrada\/wp-content\/uploads\/sites\/36\/2024\/03\/WhatsApp-Image-2024-03-08-at-10.22.38-768x831.jpeg 768w, https:\/\/agrupacionespsoe.es\/ponferrada\/wp-content\/uploads\/sites\/36\/2024\/03\/WhatsApp-Image-2024-03-08-at-10.22.38-1420x1536.jpeg 1420w, https:\/\/agrupacionespsoe.es\/ponferrada\/wp-content\/uploads\/sites\/36\/2024\/03\/WhatsApp-Image-2024-03-08-at-10.22.38.jpeg 1479w\" sizes=\"auto, (max-width: 947px) 100vw, 947px\" \/><\/figure>\n","protected":false},"excerpt":{"rendered":"<p>Susana Rivada pide a la concejal\u00eda que se pongan en contacto directamente con las familias afectadas El grupo socialista ha lamentado hoy el comunicado del PP \u201caplazando\u201d el inicio de los talleres de verano organizados por el \u00c1rea de Bienestar Social y Familia. Susana Rivada, portavoz del PSOE en esta \u00e1rea, ha lamentado conocer esa &#8230;<\/p>\n","protected":false},"author":32,"featured_media":409,"comment_status":"open","ping_status":"open","sticky":false,"template":"","format":"standard","meta":{"_jetpack_memberships_contains_paid_content":false,"footnotes":""},"categories":[6],"tags":[],"class_list":["post-538","post","type-post","status-publish","format-standard","has-post-thumbnail","hentry","category-actualidad"],"yoast_head":"<!-- This site is optimized with the Yoast SEO plugin v24.0 - https:\/\/yoast.com\/wordpress\/plugins\/seo\/ -->\n<title>El grupo municipal socialista lamenta el hecho de suspender unos talleres que empezaban este mismo lunes - Agrupaci\u00f3n Socialista de Ponferrada<\/title>\n<meta name=\"robots\" content=\"index, follow, max-snippet:-1, max-image-preview:large, max-video-preview:-1\" \/>\n<link rel=\"canonical\" href=\"https:\/\/agrupacionespsoe.es\/ponferrada\/el-grupo-municipal-socialista-lamenta-el-hecho-de-suspender-unos-talleres-que-empezaban-este-mismo-lunes\/\" \/>\n<meta property=\"og:locale\" content=\"es_ES\" \/>\n<meta property=\"og:type\" content=\"article\" \/>\n<meta property=\"og:title\" content=\"El grupo municipal socialista lamenta el hecho de suspender unos talleres que empezaban este mismo lunes - Agrupaci\u00f3n Socialista de Ponferrada\" \/>\n<meta property=\"og:description\" content=\"Susana Rivada pide a la concejal\u00eda que se pongan en contacto directamente con las familias afectadas El grupo socialista ha lamentado hoy el comunicado del PP \u201caplazando\u201d el inicio de los talleres de verano organizados por el \u00c1rea de Bienestar Social y Familia. Susana Rivada, portavoz del PSOE en esta \u00e1rea, ha lamentado conocer esa ...\" \/>\n<meta property=\"og:url\" content=\"https:\/\/agrupacionespsoe.es\/ponferrada\/el-grupo-municipal-socialista-lamenta-el-hecho-de-suspender-unos-talleres-que-empezaban-este-mismo-lunes\/\" \/>\n<meta property=\"og:site_name\" content=\"Agrupaci\u00f3n Socialista de Ponferrada\" \/>\n<meta property=\"article:published_time\" content=\"2024-06-28T11:43:57+00:00\" \/>\n<meta property=\"article:modified_time\" content=\"2024-06-28T11:43:58+00:00\" \/>\n<meta property=\"og:image\" content=\"https:\/\/agrupacionespsoe.es\/ponferrada\/wp-content\/uploads\/sites\/36\/2024\/03\/WhatsApp-Image-2024-03-08-at-10.22.38.jpeg\" \/>\n\t<meta property=\"og:image:width\" content=\"1479\" \/>\n\t<meta property=\"og:image:height\" content=\"1600\" \/>\n\t<meta property=\"og:image:type\" content=\"image\/jpeg\" \/>\n<meta name=\"author\" content=\"ponferrada2\" \/>\n<meta name=\"twitter:card\" content=\"summary_large_image\" \/>\n<meta name=\"twitter:label1\" content=\"Escrito por\" \/>\n\t<meta name=\"twitter:data1\" content=\"ponferrada2\" \/>\n\t<meta name=\"twitter:label2\" content=\"Tiempo de lectura\" \/>\n\t<meta name=\"twitter:data2\" content=\"2 minutos\" \/>\n<script type=\"application\/ld+json\" class=\"yoast-schema-graph\">{\"@context\":\"https:\/\/schema.org\",\"@graph\":[{\"@type\":\"Article\",\"@id\":\"https:\/\/agrupacionespsoe.es\/ponferrada\/el-grupo-municipal-socialista-lamenta-el-hecho-de-suspender-unos-talleres-que-empezaban-este-mismo-lunes\/#article\",\"isPartOf\":{\"@id\":\"https:\/\/agrupacionespsoe.es\/ponferrada\/el-grupo-municipal-socialista-lamenta-el-hecho-de-suspender-unos-talleres-que-empezaban-este-mismo-lunes\/\"},\"author\":{\"name\":\"ponferrada2\",\"@id\":\"https:\/\/agrupacionespsoe.es\/ponferrada\/#\/schema\/person\/cd29ee627f3b70c05d415f02596debaa\"},\"headline\":\"El grupo municipal socialista lamenta el hecho de suspender unos talleres que empezaban este mismo lunes\",\"datePublished\":\"2024-06-28T11:43:57+00:00\",\"dateModified\":\"2024-06-28T11:43:58+00:00\",\"mainEntityOfPage\":{\"@id\":\"https:\/\/agrupacionespsoe.es\/ponferrada\/el-grupo-municipal-socialista-lamenta-el-hecho-de-suspender-unos-talleres-que-empezaban-este-mismo-lunes\/\"},\"wordCount\":310,\"commentCount\":0,\"publisher\":{\"@id\":\"https:\/\/agrupacionespsoe.es\/ponferrada\/#organization\"},\"image\":{\"@id\":\"https:\/\/agrupacionespsoe.es\/ponferrada\/el-grupo-municipal-socialista-lamenta-el-hecho-de-suspender-unos-talleres-que-empezaban-este-mismo-lunes\/#primaryimage\"},\"thumbnailUrl\":\"https:\/\/agrupacionespsoe.es\/ponferrada\/wp-content\/uploads\/sites\/36\/2024\/03\/WhatsApp-Image-2024-03-08-at-10.22.38.jpeg\",\"articleSection\":[\"ACTUALIDAD\"],\"inLanguage\":\"es\",\"potentialAction\":[{\"@type\":\"CommentAction\",\"name\":\"Comment\",\"target\":[\"https:\/\/agrupacionespsoe.es\/ponferrada\/el-grupo-municipal-socialista-lamenta-el-hecho-de-suspender-unos-talleres-que-empezaban-este-mismo-lunes\/#respond\"]}]},{\"@type\":\"WebPage\",\"@id\":\"https:\/\/agrupacionespsoe.es\/ponferrada\/el-grupo-municipal-socialista-lamenta-el-hecho-de-suspender-unos-talleres-que-empezaban-este-mismo-lunes\/\",\"url\":\"https:\/\/agrupacionespsoe.es\/ponferrada\/el-grupo-municipal-socialista-lamenta-el-hecho-de-suspender-unos-talleres-que-empezaban-este-mismo-lunes\/\",\"name\":\"El grupo municipal socialista lamenta el hecho de suspender unos talleres que empezaban este mismo lunes - Agrupaci\u00f3n Socialista de Ponferrada\",\"isPartOf\":{\"@id\":\"https:\/\/agrupacionespsoe.es\/ponferrada\/#website\"},\"primaryImageOfPage\":{\"@id\":\"https:\/\/agrupacionespsoe.es\/ponferrada\/el-grupo-municipal-socialista-lamenta-el-hecho-de-suspender-unos-talleres-que-empezaban-este-mismo-lunes\/#primaryimage\"},\"image\":{\"@id\":\"https:\/\/agrupacionespsoe.es\/ponferrada\/el-grupo-municipal-socialista-lamenta-el-hecho-de-suspender-unos-talleres-que-empezaban-este-mismo-lunes\/#primaryimage\"},\"thumbnailUrl\":\"https:\/\/agrupacionespsoe.es\/ponferrada\/wp-content\/uploads\/sites\/36\/2024\/03\/WhatsApp-Image-2024-03-08-at-10.22.38.jpeg\",\"datePublished\":\"2024-06-28T11:43:57+00:00\",\"dateModified\":\"2024-06-28T11:43:58+00:00\",\"breadcrumb\":{\"@id\":\"https:\/\/agrupacionespsoe.es\/ponferrada\/el-grupo-municipal-socialista-lamenta-el-hecho-de-suspender-unos-talleres-que-empezaban-este-mismo-lunes\/#breadcrumb\"},\"inLanguage\":\"es\",\"potentialAction\":[{\"@type\":\"ReadAction\",\"target\":[\"https:\/\/agrupacionespsoe.es\/ponferrada\/el-grupo-municipal-socialista-lamenta-el-hecho-de-suspender-unos-talleres-que-empezaban-este-mismo-lunes\/\"]}]},{\"@type\":\"ImageObject\",\"inLanguage\":\"es\",\"@id\":\"https:\/\/agrupacionespsoe.es\/ponferrada\/el-grupo-municipal-socialista-lamenta-el-hecho-de-suspender-unos-talleres-que-empezaban-este-mismo-lunes\/#primaryimage\",\"url\":\"https:\/\/agrupacionespsoe.es\/ponferrada\/wp-content\/uploads\/sites\/36\/2024\/03\/WhatsApp-Image-2024-03-08-at-10.22.38.jpeg\",\"contentUrl\":\"https:\/\/agrupacionespsoe.es\/ponferrada\/wp-content\/uploads\/sites\/36\/2024\/03\/WhatsApp-Image-2024-03-08-at-10.22.38.jpeg\",\"width\":1479,\"height\":1600},{\"@type\":\"BreadcrumbList\",\"@id\":\"https:\/\/agrupacionespsoe.es\/ponferrada\/el-grupo-municipal-socialista-lamenta-el-hecho-de-suspender-unos-talleres-que-empezaban-este-mismo-lunes\/#breadcrumb\",\"itemListElement\":[{\"@type\":\"ListItem\",\"position\":1,\"name\":\"Portada\",\"item\":\"https:\/\/agrupacionespsoe.es\/ponferrada\/\"},{\"@type\":\"ListItem\",\"position\":2,\"name\":\"El grupo municipal socialista lamenta el hecho de suspender unos talleres que empezaban este mismo lunes\"}]},{\"@type\":\"WebSite\",\"@id\":\"https:\/\/agrupacionespsoe.es\/ponferrada\/#website\",\"url\":\"https:\/\/agrupacionespsoe.es\/ponferrada\/\",\"name\":\"Agrupaci\u00f3n Socialista de Ponferrada\",\"description\":\"Agrupaci\u00f3n Socialista de Ponferrada\",\"publisher\":{\"@id\":\"https:\/\/agrupacionespsoe.es\/ponferrada\/#organization\"},\"potentialAction\":[{\"@type\":\"SearchAction\",\"target\":{\"@type\":\"EntryPoint\",\"urlTemplate\":\"https:\/\/agrupacionespsoe.es\/ponferrada\/?s={search_term_string}\"},\"query-input\":{\"@type\":\"PropertyValueSpecification\",\"valueRequired\":true,\"valueName\":\"search_term_string\"}}],\"inLanguage\":\"es\"},{\"@type\":\"Organization\",\"@id\":\"https:\/\/agrupacionespsoe.es\/ponferrada\/#organization\",\"name\":\"Agrupaci\u00f3n Socialista de Ponferrada\",\"url\":\"https:\/\/agrupacionespsoe.es\/ponferrada\/\",\"logo\":{\"@type\":\"ImageObject\",\"inLanguage\":\"es\",\"@id\":\"https:\/\/agrupacionespsoe.es\/ponferrada\/#\/schema\/logo\/image\/\",\"url\":\"https:\/\/agrupacionespsoe.es\/wp-content\/uploads\/2022\/07\/Logotipo_electoral_del_PSOE.png\",\"contentUrl\":\"https:\/\/agrupacionespsoe.es\/wp-content\/uploads\/2022\/07\/Logotipo_electoral_del_PSOE.png\",\"width\":422,\"height\":422,\"caption\":\"Agrupaci\u00f3n Socialista de Ponferrada\"},\"image\":{\"@id\":\"https:\/\/agrupacionespsoe.es\/ponferrada\/#\/schema\/logo\/image\/\"}},{\"@type\":\"Person\",\"@id\":\"https:\/\/agrupacionespsoe.es\/ponferrada\/#\/schema\/person\/cd29ee627f3b70c05d415f02596debaa\",\"name\":\"ponferrada2\",\"image\":{\"@type\":\"ImageObject\",\"inLanguage\":\"es\",\"@id\":\"https:\/\/agrupacionespsoe.es\/ponferrada\/#\/schema\/person\/image\/\",\"url\":\"https:\/\/secure.gravatar.com\/avatar\/f499eeb60144c664cf7b7edf75549b50?s=96&d=mm&r=g\",\"contentUrl\":\"https:\/\/secure.gravatar.com\/avatar\/f499eeb60144c664cf7b7edf75549b50?s=96&d=mm&r=g\",\"caption\":\"ponferrada2\"},\"url\":\"https:\/\/agrupacionespsoe.es\/ponferrada\/author\/ponferrada2\/\"}]}<\/script>\n<!-- \/ Yoast SEO plugin. -->","yoast_head_json":{"title":"El grupo municipal socialista lamenta el hecho de suspender unos talleres que empezaban este mismo lunes - Agrupaci\u00f3n Socialista de Ponferrada","robots":{"index":"index","follow":"follow","max-snippet":"max-snippet:-1","max-image-preview":"max-image-preview:large","max-video-preview":"max-video-preview:-1"},"canonical":"https:\/\/agrupacionespsoe.es\/ponferrada\/el-grupo-municipal-socialista-lamenta-el-hecho-de-suspender-unos-talleres-que-empezaban-este-mismo-lunes\/","og_locale":"es_ES","og_type":"article","og_title":"El grupo municipal socialista lamenta el hecho de suspender unos talleres que empezaban este mismo lunes - Agrupaci\u00f3n Socialista de Ponferrada","og_description":"Susana Rivada pide a la concejal\u00eda que se pongan en contacto directamente con las familias afectadas El grupo socialista ha lamentado hoy el comunicado del PP \u201caplazando\u201d el inicio de los talleres de verano organizados por el \u00c1rea de Bienestar Social y Familia. Susana Rivada, portavoz del PSOE en esta \u00e1rea, ha lamentado conocer esa ...","og_url":"https:\/\/agrupacionespsoe.es\/ponferrada\/el-grupo-municipal-socialista-lamenta-el-hecho-de-suspender-unos-talleres-que-empezaban-este-mismo-lunes\/","og_site_name":"Agrupaci\u00f3n Socialista de Ponferrada","article_published_time":"2024-06-28T11:43:57+00:00","article_modified_time":"2024-06-28T11:43:58+00:00","og_image":[{"width":1479,"height":1600,"url":"https:\/\/agrupacionespsoe.es\/ponferrada\/wp-content\/uploads\/sites\/36\/2024\/03\/WhatsApp-Image-2024-03-08-at-10.22.38.jpeg","type":"image\/jpeg"}],"author":"ponferrada2","twitter_card":"summary_large_image","twitter_misc":{"Escrito por":"ponferrada2","Tiempo de lectura":"2 minutos"},"schema":{"@context":"https:\/\/schema.org","@graph":[{"@type":"Article","@id":"https:\/\/agrupacionespsoe.es\/ponferrada\/el-grupo-municipal-socialista-lamenta-el-hecho-de-suspender-unos-talleres-que-empezaban-este-mismo-lunes\/#article","isPartOf":{"@id":"https:\/\/agrupacionespsoe.es\/ponferrada\/el-grupo-municipal-socialista-lamenta-el-hecho-de-suspender-unos-talleres-que-empezaban-este-mismo-lunes\/"},"author":{"name":"ponferrada2","@id":"https:\/\/agrupacionespsoe.es\/ponferrada\/#\/schema\/person\/cd29ee627f3b70c05d415f02596debaa"},"headline":"El grupo municipal socialista lamenta el hecho de suspender unos talleres que empezaban este mismo lunes","datePublished":"2024-06-28T11:43:57+00:00","dateModified":"2024-06-28T11:43:58+00:00","mainEntityOfPage":{"@id":"https:\/\/agrupacionespsoe.es\/ponferrada\/el-grupo-municipal-socialista-lamenta-el-hecho-de-suspender-unos-talleres-que-empezaban-este-mismo-lunes\/"},"wordCount":310,"commentCount":0,"publisher":{"@id":"https:\/\/agrupacionespsoe.es\/ponferrada\/#organization"},"image":{"@id":"https:\/\/agrupacionespsoe.es\/ponferrada\/el-grupo-municipal-socialista-lamenta-el-hecho-de-suspender-unos-talleres-que-empezaban-este-mismo-lunes\/#primaryimage"},"thumbnailUrl":"https:\/\/agrupacionespsoe.es\/ponferrada\/wp-content\/uploads\/sites\/36\/2024\/03\/WhatsApp-Image-2024-03-08-at-10.22.38.jpeg","articleSection":["ACTUALIDAD"],"inLanguage":"es","potentialAction":[{"@type":"CommentAction","name":"Comment","target":["https:\/\/agrupacionespsoe.es\/ponferrada\/el-grupo-municipal-socialista-lamenta-el-hecho-de-suspender-unos-talleres-que-empezaban-este-mismo-lunes\/#respond"]}]},{"@type":"WebPage","@id":"https:\/\/agrupacionespsoe.es\/ponferrada\/el-grupo-municipal-socialista-lamenta-el-hecho-de-suspender-unos-talleres-que-empezaban-este-mismo-lunes\/","url":"https:\/\/agrupacionespsoe.es\/ponferrada\/el-grupo-municipal-socialista-lamenta-el-hecho-de-suspender-unos-talleres-que-empezaban-este-mismo-lunes\/","name":"El grupo municipal socialista lamenta el hecho de suspender unos talleres que empezaban este mismo lunes - Agrupaci\u00f3n Socialista de Ponferrada","isPartOf":{"@id":"https:\/\/agrupacionespsoe.es\/ponferrada\/#website"},"primaryImageOfPage":{"@id":"https:\/\/agrupacionespsoe.es\/ponferrada\/el-grupo-municipal-socialista-lamenta-el-hecho-de-suspender-unos-talleres-que-empezaban-este-mismo-lunes\/#primaryimage"},"image":{"@id":"https:\/\/agrupacionespsoe.es\/ponferrada\/el-grupo-municipal-socialista-lamenta-el-hecho-de-suspender-unos-talleres-que-empezaban-este-mismo-lunes\/#primaryimage"},"thumbnailUrl":"https:\/\/agrupacionespsoe.es\/ponferrada\/wp-content\/uploads\/sites\/36\/2024\/03\/WhatsApp-Image-2024-03-08-at-10.22.38.jpeg","datePublished":"2024-06-28T11:43:57+00:00","dateModified":"2024-06-28T11:43:58+00:00","breadcrumb":{"@id":"https:\/\/agrupacionespsoe.es\/ponferrada\/el-grupo-municipal-socialista-lamenta-el-hecho-de-suspender-unos-talleres-que-empezaban-este-mismo-lunes\/#breadcrumb"},"inLanguage":"es","potentialAction":[{"@type":"ReadAction","target":["https:\/\/agrupacionespsoe.es\/ponferrada\/el-grupo-municipal-socialista-lamenta-el-hecho-de-suspender-unos-talleres-que-empezaban-este-mismo-lunes\/"]}]},{"@type":"ImageObject","inLanguage":"es","@id":"https:\/\/agrupacionespsoe.es\/ponferrada\/el-grupo-municipal-socialista-lamenta-el-hecho-de-suspender-unos-talleres-que-empezaban-este-mismo-lunes\/#primaryimage","url":"https:\/\/agrupacionespsoe.es\/ponferrada\/wp-content\/uploads\/sites\/36\/2024\/03\/WhatsApp-Image-2024-03-08-at-10.22.38.jpeg","contentUrl":"https:\/\/agrupacionespsoe.es\/ponferrada\/wp-content\/uploads\/sites\/36\/2024\/03\/WhatsApp-Image-2024-03-08-at-10.22.38.jpeg","width":1479,"height":1600},{"@type":"BreadcrumbList","@id":"https:\/\/agrupacionespsoe.es\/ponferrada\/el-grupo-municipal-socialista-lamenta-el-hecho-de-suspender-unos-talleres-que-empezaban-este-mismo-lunes\/#breadcrumb","itemListElement":[{"@type":"ListItem","position":1,"name":"Portada","item":"https:\/\/agrupacionespsoe.es\/ponferrada\/"},{"@type":"ListItem","position":2,"name":"El grupo municipal socialista lamenta el hecho de suspender unos talleres que empezaban este mismo lunes"}]},{"@type":"WebSite","@id":"https:\/\/agrupacionespsoe.es\/ponferrada\/#website","url":"https:\/\/agrupacionespsoe.es\/ponferrada\/","name":"Agrupaci\u00f3n Socialista de Ponferrada","description":"Agrupaci\u00f3n Socialista de Ponferrada","publisher":{"@id":"https:\/\/agrupacionespsoe.es\/ponferrada\/#organization"},"potentialAction":[{"@type":"SearchAction","target":{"@type":"EntryPoint","urlTemplate":"https:\/\/agrupacionespsoe.es\/ponferrada\/?s={search_term_string}"},"query-input":{"@type":"PropertyValueSpecification","valueRequired":true,"valueName":"search_term_string"}}],"inLanguage":"es"},{"@type":"Organization","@id":"https:\/\/agrupacionespsoe.es\/ponferrada\/#organization","name":"Agrupaci\u00f3n Socialista de Ponferrada","url":"https:\/\/agrupacionespsoe.es\/ponferrada\/","logo":{"@type":"ImageObject","inLanguage":"es","@id":"https:\/\/agrupacionespsoe.es\/ponferrada\/#\/schema\/logo\/image\/","url":"https:\/\/agrupacionespsoe.es\/wp-content\/uploads\/2022\/07\/Logotipo_electoral_del_PSOE.png","contentUrl":"https:\/\/agrupacionespsoe.es\/wp-content\/uploads\/2022\/07\/Logotipo_electoral_del_PSOE.png","width":422,"height":422,"caption":"Agrupaci\u00f3n Socialista de Ponferrada"},"image":{"@id":"https:\/\/agrupacionespsoe.es\/ponferrada\/#\/schema\/logo\/image\/"}},{"@type":"Person","@id":"https:\/\/agrupacionespsoe.es\/ponferrada\/#\/schema\/person\/cd29ee627f3b70c05d415f02596debaa","name":"ponferrada2","image":{"@type":"ImageObject","inLanguage":"es","@id":"https:\/\/agrupacionespsoe.es\/ponferrada\/#\/schema\/person\/image\/","url":"https:\/\/secure.gravatar.com\/avatar\/f499eeb60144c664cf7b7edf75549b50?s=96&d=mm&r=g","contentUrl":"https:\/\/secure.gravatar.com\/avatar\/f499eeb60144c664cf7b7edf75549b50?s=96&d=mm&r=g","caption":"ponferrada2"},"url":"https:\/\/agrupacionespsoe.es\/ponferrada\/author\/ponferrada2\/"}]}},"jetpack_featured_media_url":"https:\/\/agrupacionespsoe.es\/ponferrada\/wp-content\/uploads\/sites\/36\/2024\/03\/WhatsApp-Image-2024-03-08-at-10.22.38.jpeg","jetpack_sharing_enabled":true,"_links":{"self":[{"href":"https:\/\/agrupacionespsoe.es\/ponferrada\/wp-json\/wp\/v2\/posts\/538","targetHints":{"allow":["GET"]}}],"collection":[{"href":"https:\/\/agrupacionespsoe.es\/ponferrada\/wp-json\/wp\/v2\/posts"}],"about":[{"href":"https:\/\/agrupacionespsoe.es\/ponferrada\/wp-json\/wp\/v2\/types\/post"}],"author":[{"embeddable":true,"href":"https:\/\/agrupacionespsoe.es\/ponferrada\/wp-json\/wp\/v2\/users\/32"}],"replies":[{"embeddable":true,"href":"https:\/\/agrupacionespsoe.es\/ponferrada\/wp-json\/wp\/v2\/comments?post=538"}],"version-history":[{"count":2,"href":"https:\/\/agrupacionespsoe.es\/ponferrada\/wp-json\/wp\/v2\/posts\/538\/revisions"}],"predecessor-version":[{"id":540,"href":"https:\/\/agrupacionespsoe.es\/ponferrada\/wp-json\/wp\/v2\/posts\/538\/revisions\/540"}],"wp:featuredmedia":[{"embeddable":true,"href":"https:\/\/agrupacionespsoe.es\/ponferrada\/wp-json\/wp\/v2\/media\/409"}],"wp:attachment":[{"href":"https:\/\/agrupacionespsoe.es\/ponferrada\/wp-json\/wp\/v2\/media?parent=538"}],"wp:term":[{"taxonomy":"category","embeddable":true,"href":"https:\/\/agrupacionespsoe.es\/ponferrada\/wp-json\/wp\/v2\/categories?post=538"},{"taxonomy":"post_tag","embeddable":true,"href":"https:\/\/agrupacionespsoe.es\/ponferrada\/wp-json\/wp\/v2\/tags?post=538"}],"curies":[{"name":"wp","href":"https:\/\/api.w.org\/{rel}","templated":true}]}}