{"id":531,"date":"2024-06-28T10:19:16","date_gmt":"2024-06-28T10:19:16","guid":{"rendered":"https:\/\/agrupacionespsoe.es\/ponferrada\/?p=531"},"modified":"2024-06-28T10:19:17","modified_gmt":"2024-06-28T10:19:17","slug":"el-grupo-municipal-socialista-le-pide-al-equipo-de-gobierno-mas-trabajo-y-agilidad","status":"publish","type":"post","link":"https:\/\/agrupacionespsoe.es\/ponferrada\/el-grupo-municipal-socialista-le-pide-al-equipo-de-gobierno-mas-trabajo-y-agilidad\/","title":{"rendered":"El grupo municipal socialista le pide al equipo de gobierno m\u00e1s trabajo y agilidad"},"content":{"rendered":"\n<p class=\"has-large-font-size\"><strong>Otro Pleno con asuntos de poco inter\u00e9s para la ciudadan\u00eda<\/strong><\/p>\n\n\n\n<p>El grupo socialista valora el pleno ordinario, a su juicio llevan un a\u00f1o gobernando y no han conseguido traer al Pleno asuntos de importancia para la ciudadan\u00eda, Pleno tras Pleno se ve la falta de diligencia y trabajo que caracteriza a este equipo de gobierno.<\/p>\n\n\n\n<p>En el Pleno de esta ma\u00f1ana, entre los puntos del orden del d\u00eda adem\u00e1s de cambios en el Plan Estrat\u00e9gico de Subvenciones que ellos mismos aprobaron solo se inici\u00f3 el procedimiento para reducir la temporalidad de los empleados p\u00fablicos, un procedimiento que inici\u00f3 el Grupo Socialista en su anterior mandato.<\/p>\n\n\n\n<p>Al grupo socialista no nos sorprende este hecho porque si ni siquiera son capaces de hacer una comisi\u00f3n para informar de las actuaciones que est\u00e1n realizando de manera mensual dif\u00edcilmente van a estar trabajando en asuntos de calado que interesen a la ciudadan\u00eda.<\/p>\n\n\n\n<p>En el Pleno de esta ma\u00f1ana como en otras ocasiones, solo ha destacado la negativa de VOX de apoyar medidas para garantizar los derechos de las personas LQTBIQA+, lo que ha impedido que se pueda leer una declaraci\u00f3n institucional y se ha hecho una conmemoraci\u00f3n porque el grupo socialista present\u00f3 una moci\u00f3n al respecto.<\/p>\n\n\n\n<p>Y el control al equipo de gobierno que desde el grupo socialista se le ha hecho a trav\u00e9s del punto de ruegos y preguntas donde se ha intentado esclarecer qu\u00e9 se ha hecho desde el ayuntamiento a favor de que el colegio Virgen del Carmen-La Placa tenga por fin un comedor, y se le ha preguntado por la obra de las piscinas climatizadas, por la posible inhumaci\u00f3n de los restos del cementerio de El Carmen o si el personal de las piscinas comenz\u00f3 a trabajar sin contrato y sin estar dados de alta en la Seguridad Social.<\/p>\n\n\n\n<p>Desde el grupo socialista le volvemos a pedir trabajo, acierto y agilidad hay muchos proyectos comprometidos que tienen plazos de ejecuci\u00f3n y a este ritmo nos tememos que no vamos a llegar.<\/p>\n\n\n\n<figure class=\"wp-block-image size-large\"><img loading=\"lazy\" decoding=\"async\" width=\"1024\" height=\"768\" src=\"https:\/\/agrupacionespsoe.es\/ponferrada\/wp-content\/uploads\/sites\/36\/2024\/06\/WhatsApp-Image-2024-06-28-at-12.14.15-1024x768.jpeg\" alt=\"\" class=\"wp-image-532\" srcset=\"https:\/\/agrupacionespsoe.es\/ponferrada\/wp-content\/uploads\/sites\/36\/2024\/06\/WhatsApp-Image-2024-06-28-at-12.14.15-1024x768.jpeg 1024w, https:\/\/agrupacionespsoe.es\/ponferrada\/wp-content\/uploads\/sites\/36\/2024\/06\/WhatsApp-Image-2024-06-28-at-12.14.15-300x225.jpeg 300w, https:\/\/agrupacionespsoe.es\/ponferrada\/wp-content\/uploads\/sites\/36\/2024\/06\/WhatsApp-Image-2024-06-28-at-12.14.15-768x576.jpeg 768w, https:\/\/agrupacionespsoe.es\/ponferrada\/wp-content\/uploads\/sites\/36\/2024\/06\/WhatsApp-Image-2024-06-28-at-12.14.15-1536x1152.jpeg 1536w, https:\/\/agrupacionespsoe.es\/ponferrada\/wp-content\/uploads\/sites\/36\/2024\/06\/WhatsApp-Image-2024-06-28-at-12.14.15.jpeg 1600w\" sizes=\"auto, (max-width: 1024px) 100vw, 1024px\" \/><\/figure>\n","protected":false},"excerpt":{"rendered":"<p>Otro Pleno con asuntos de poco inter\u00e9s para la ciudadan\u00eda El grupo socialista valora el pleno ordinario, a su juicio llevan un a\u00f1o gobernando y no han conseguido traer al Pleno asuntos de importancia para la ciudadan\u00eda, Pleno tras Pleno se ve la falta de diligencia y trabajo que caracteriza a este equipo de gobierno. &#8230;<\/p>\n","protected":false},"author":32,"featured_media":532,"comment_status":"open","ping_status":"open","sticky":false,"template":"","format":"standard","meta":{"_jetpack_memberships_contains_paid_content":false,"footnotes":""},"categories":[6],"tags":[],"class_list":["post-531","post","type-post","status-publish","format-standard","has-post-thumbnail","hentry","category-actualidad"],"yoast_head":"<!-- This site is optimized with the Yoast SEO plugin v24.0 - https:\/\/yoast.com\/wordpress\/plugins\/seo\/ -->\n<title>El grupo municipal socialista le pide al equipo de gobierno m\u00e1s trabajo y agilidad - Agrupaci\u00f3n Socialista de Ponferrada<\/title>\n<meta name=\"robots\" content=\"index, follow, max-snippet:-1, max-image-preview:large, max-video-preview:-1\" \/>\n<link rel=\"canonical\" href=\"https:\/\/agrupacionespsoe.es\/ponferrada\/el-grupo-municipal-socialista-le-pide-al-equipo-de-gobierno-mas-trabajo-y-agilidad\/\" \/>\n<meta property=\"og:locale\" content=\"es_ES\" \/>\n<meta property=\"og:type\" content=\"article\" \/>\n<meta property=\"og:title\" content=\"El grupo municipal socialista le pide al equipo de gobierno m\u00e1s trabajo y agilidad - Agrupaci\u00f3n Socialista de Ponferrada\" \/>\n<meta property=\"og:description\" content=\"Otro Pleno con asuntos de poco inter\u00e9s para la ciudadan\u00eda El grupo socialista valora el pleno ordinario, a su juicio llevan un a\u00f1o gobernando y no han conseguido traer al Pleno asuntos de importancia para la ciudadan\u00eda, Pleno tras Pleno se ve la falta de diligencia y trabajo que caracteriza a este equipo de gobierno. ...\" \/>\n<meta property=\"og:url\" content=\"https:\/\/agrupacionespsoe.es\/ponferrada\/el-grupo-municipal-socialista-le-pide-al-equipo-de-gobierno-mas-trabajo-y-agilidad\/\" \/>\n<meta property=\"og:site_name\" content=\"Agrupaci\u00f3n Socialista de Ponferrada\" \/>\n<meta property=\"article:published_time\" content=\"2024-06-28T10:19:16+00:00\" \/>\n<meta property=\"article:modified_time\" content=\"2024-06-28T10:19:17+00:00\" \/>\n<meta property=\"og:image\" content=\"https:\/\/agrupacionespsoe.es\/ponferrada\/wp-content\/uploads\/sites\/36\/2024\/06\/WhatsApp-Image-2024-06-28-at-12.14.15.jpeg\" \/>\n\t<meta property=\"og:image:width\" content=\"1600\" \/>\n\t<meta property=\"og:image:height\" content=\"1200\" \/>\n\t<meta property=\"og:image:type\" content=\"image\/jpeg\" \/>\n<meta name=\"author\" content=\"ponferrada2\" \/>\n<meta name=\"twitter:card\" content=\"summary_large_image\" \/>\n<meta name=\"twitter:label1\" content=\"Escrito por\" \/>\n\t<meta name=\"twitter:data1\" content=\"ponferrada2\" \/>\n\t<meta name=\"twitter:label2\" content=\"Tiempo de lectura\" \/>\n\t<meta name=\"twitter:data2\" content=\"2 minutos\" \/>\n<script type=\"application\/ld+json\" class=\"yoast-schema-graph\">{\"@context\":\"https:\/\/schema.org\",\"@graph\":[{\"@type\":\"Article\",\"@id\":\"https:\/\/agrupacionespsoe.es\/ponferrada\/el-grupo-municipal-socialista-le-pide-al-equipo-de-gobierno-mas-trabajo-y-agilidad\/#article\",\"isPartOf\":{\"@id\":\"https:\/\/agrupacionespsoe.es\/ponferrada\/el-grupo-municipal-socialista-le-pide-al-equipo-de-gobierno-mas-trabajo-y-agilidad\/\"},\"author\":{\"name\":\"ponferrada2\",\"@id\":\"https:\/\/agrupacionespsoe.es\/ponferrada\/#\/schema\/person\/cd29ee627f3b70c05d415f02596debaa\"},\"headline\":\"El grupo municipal socialista le pide al equipo de gobierno m\u00e1s trabajo y agilidad\",\"datePublished\":\"2024-06-28T10:19:16+00:00\",\"dateModified\":\"2024-06-28T10:19:17+00:00\",\"mainEntityOfPage\":{\"@id\":\"https:\/\/agrupacionespsoe.es\/ponferrada\/el-grupo-municipal-socialista-le-pide-al-equipo-de-gobierno-mas-trabajo-y-agilidad\/\"},\"wordCount\":366,\"commentCount\":0,\"publisher\":{\"@id\":\"https:\/\/agrupacionespsoe.es\/ponferrada\/#organization\"},\"image\":{\"@id\":\"https:\/\/agrupacionespsoe.es\/ponferrada\/el-grupo-municipal-socialista-le-pide-al-equipo-de-gobierno-mas-trabajo-y-agilidad\/#primaryimage\"},\"thumbnailUrl\":\"https:\/\/agrupacionespsoe.es\/ponferrada\/wp-content\/uploads\/sites\/36\/2024\/06\/WhatsApp-Image-2024-06-28-at-12.14.15.jpeg\",\"articleSection\":[\"ACTUALIDAD\"],\"inLanguage\":\"es\",\"potentialAction\":[{\"@type\":\"CommentAction\",\"name\":\"Comment\",\"target\":[\"https:\/\/agrupacionespsoe.es\/ponferrada\/el-grupo-municipal-socialista-le-pide-al-equipo-de-gobierno-mas-trabajo-y-agilidad\/#respond\"]}]},{\"@type\":\"WebPage\",\"@id\":\"https:\/\/agrupacionespsoe.es\/ponferrada\/el-grupo-municipal-socialista-le-pide-al-equipo-de-gobierno-mas-trabajo-y-agilidad\/\",\"url\":\"https:\/\/agrupacionespsoe.es\/ponferrada\/el-grupo-municipal-socialista-le-pide-al-equipo-de-gobierno-mas-trabajo-y-agilidad\/\",\"name\":\"El grupo municipal socialista le pide al equipo de gobierno m\u00e1s trabajo y agilidad - Agrupaci\u00f3n Socialista de Ponferrada\",\"isPartOf\":{\"@id\":\"https:\/\/agrupacionespsoe.es\/ponferrada\/#website\"},\"primaryImageOfPage\":{\"@id\":\"https:\/\/agrupacionespsoe.es\/ponferrada\/el-grupo-municipal-socialista-le-pide-al-equipo-de-gobierno-mas-trabajo-y-agilidad\/#primaryimage\"},\"image\":{\"@id\":\"https:\/\/agrupacionespsoe.es\/ponferrada\/el-grupo-municipal-socialista-le-pide-al-equipo-de-gobierno-mas-trabajo-y-agilidad\/#primaryimage\"},\"thumbnailUrl\":\"https:\/\/agrupacionespsoe.es\/ponferrada\/wp-content\/uploads\/sites\/36\/2024\/06\/WhatsApp-Image-2024-06-28-at-12.14.15.jpeg\",\"datePublished\":\"2024-06-28T10:19:16+00:00\",\"dateModified\":\"2024-06-28T10:19:17+00:00\",\"breadcrumb\":{\"@id\":\"https:\/\/agrupacionespsoe.es\/ponferrada\/el-grupo-municipal-socialista-le-pide-al-equipo-de-gobierno-mas-trabajo-y-agilidad\/#breadcrumb\"},\"inLanguage\":\"es\",\"potentialAction\":[{\"@type\":\"ReadAction\",\"target\":[\"https:\/\/agrupacionespsoe.es\/ponferrada\/el-grupo-municipal-socialista-le-pide-al-equipo-de-gobierno-mas-trabajo-y-agilidad\/\"]}]},{\"@type\":\"ImageObject\",\"inLanguage\":\"es\",\"@id\":\"https:\/\/agrupacionespsoe.es\/ponferrada\/el-grupo-municipal-socialista-le-pide-al-equipo-de-gobierno-mas-trabajo-y-agilidad\/#primaryimage\",\"url\":\"https:\/\/agrupacionespsoe.es\/ponferrada\/wp-content\/uploads\/sites\/36\/2024\/06\/WhatsApp-Image-2024-06-28-at-12.14.15.jpeg\",\"contentUrl\":\"https:\/\/agrupacionespsoe.es\/ponferrada\/wp-content\/uploads\/sites\/36\/2024\/06\/WhatsApp-Image-2024-06-28-at-12.14.15.jpeg\",\"width\":1600,\"height\":1200},{\"@type\":\"BreadcrumbList\",\"@id\":\"https:\/\/agrupacionespsoe.es\/ponferrada\/el-grupo-municipal-socialista-le-pide-al-equipo-de-gobierno-mas-trabajo-y-agilidad\/#breadcrumb\",\"itemListElement\":[{\"@type\":\"ListItem\",\"position\":1,\"name\":\"Portada\",\"item\":\"https:\/\/agrupacionespsoe.es\/ponferrada\/\"},{\"@type\":\"ListItem\",\"position\":2,\"name\":\"El grupo municipal socialista le pide al equipo de gobierno m\u00e1s trabajo y agilidad\"}]},{\"@type\":\"WebSite\",\"@id\":\"https:\/\/agrupacionespsoe.es\/ponferrada\/#website\",\"url\":\"https:\/\/agrupacionespsoe.es\/ponferrada\/\",\"name\":\"Agrupaci\u00f3n Socialista de Ponferrada\",\"description\":\"Agrupaci\u00f3n Socialista de Ponferrada\",\"publisher\":{\"@id\":\"https:\/\/agrupacionespsoe.es\/ponferrada\/#organization\"},\"potentialAction\":[{\"@type\":\"SearchAction\",\"target\":{\"@type\":\"EntryPoint\",\"urlTemplate\":\"https:\/\/agrupacionespsoe.es\/ponferrada\/?s={search_term_string}\"},\"query-input\":{\"@type\":\"PropertyValueSpecification\",\"valueRequired\":true,\"valueName\":\"search_term_string\"}}],\"inLanguage\":\"es\"},{\"@type\":\"Organization\",\"@id\":\"https:\/\/agrupacionespsoe.es\/ponferrada\/#organization\",\"name\":\"Agrupaci\u00f3n Socialista de Ponferrada\",\"url\":\"https:\/\/agrupacionespsoe.es\/ponferrada\/\",\"logo\":{\"@type\":\"ImageObject\",\"inLanguage\":\"es\",\"@id\":\"https:\/\/agrupacionespsoe.es\/ponferrada\/#\/schema\/logo\/image\/\",\"url\":\"https:\/\/agrupacionespsoe.es\/wp-content\/uploads\/2022\/07\/Logotipo_electoral_del_PSOE.png\",\"contentUrl\":\"https:\/\/agrupacionespsoe.es\/wp-content\/uploads\/2022\/07\/Logotipo_electoral_del_PSOE.png\",\"width\":422,\"height\":422,\"caption\":\"Agrupaci\u00f3n Socialista de Ponferrada\"},\"image\":{\"@id\":\"https:\/\/agrupacionespsoe.es\/ponferrada\/#\/schema\/logo\/image\/\"}},{\"@type\":\"Person\",\"@id\":\"https:\/\/agrupacionespsoe.es\/ponferrada\/#\/schema\/person\/cd29ee627f3b70c05d415f02596debaa\",\"name\":\"ponferrada2\",\"image\":{\"@type\":\"ImageObject\",\"inLanguage\":\"es\",\"@id\":\"https:\/\/agrupacionespsoe.es\/ponferrada\/#\/schema\/person\/image\/\",\"url\":\"https:\/\/secure.gravatar.com\/avatar\/f499eeb60144c664cf7b7edf75549b50?s=96&d=mm&r=g\",\"contentUrl\":\"https:\/\/secure.gravatar.com\/avatar\/f499eeb60144c664cf7b7edf75549b50?s=96&d=mm&r=g\",\"caption\":\"ponferrada2\"},\"url\":\"https:\/\/agrupacionespsoe.es\/ponferrada\/author\/ponferrada2\/\"}]}<\/script>\n<!-- \/ Yoast SEO plugin. -->","yoast_head_json":{"title":"El grupo municipal socialista le pide al equipo de gobierno m\u00e1s trabajo y agilidad - Agrupaci\u00f3n Socialista de Ponferrada","robots":{"index":"index","follow":"follow","max-snippet":"max-snippet:-1","max-image-preview":"max-image-preview:large","max-video-preview":"max-video-preview:-1"},"canonical":"https:\/\/agrupacionespsoe.es\/ponferrada\/el-grupo-municipal-socialista-le-pide-al-equipo-de-gobierno-mas-trabajo-y-agilidad\/","og_locale":"es_ES","og_type":"article","og_title":"El grupo municipal socialista le pide al equipo de gobierno m\u00e1s trabajo y agilidad - Agrupaci\u00f3n Socialista de Ponferrada","og_description":"Otro Pleno con asuntos de poco inter\u00e9s para la ciudadan\u00eda El grupo socialista valora el pleno ordinario, a su juicio llevan un a\u00f1o gobernando y no han conseguido traer al Pleno asuntos de importancia para la ciudadan\u00eda, Pleno tras Pleno se ve la falta de diligencia y trabajo que caracteriza a este equipo de gobierno. ...","og_url":"https:\/\/agrupacionespsoe.es\/ponferrada\/el-grupo-municipal-socialista-le-pide-al-equipo-de-gobierno-mas-trabajo-y-agilidad\/","og_site_name":"Agrupaci\u00f3n Socialista de Ponferrada","article_published_time":"2024-06-28T10:19:16+00:00","article_modified_time":"2024-06-28T10:19:17+00:00","og_image":[{"width":1600,"height":1200,"url":"https:\/\/agrupacionespsoe.es\/ponferrada\/wp-content\/uploads\/sites\/36\/2024\/06\/WhatsApp-Image-2024-06-28-at-12.14.15.jpeg","type":"image\/jpeg"}],"author":"ponferrada2","twitter_card":"summary_large_image","twitter_misc":{"Escrito por":"ponferrada2","Tiempo de lectura":"2 minutos"},"schema":{"@context":"https:\/\/schema.org","@graph":[{"@type":"Article","@id":"https:\/\/agrupacionespsoe.es\/ponferrada\/el-grupo-municipal-socialista-le-pide-al-equipo-de-gobierno-mas-trabajo-y-agilidad\/#article","isPartOf":{"@id":"https:\/\/agrupacionespsoe.es\/ponferrada\/el-grupo-municipal-socialista-le-pide-al-equipo-de-gobierno-mas-trabajo-y-agilidad\/"},"author":{"name":"ponferrada2","@id":"https:\/\/agrupacionespsoe.es\/ponferrada\/#\/schema\/person\/cd29ee627f3b70c05d415f02596debaa"},"headline":"El grupo municipal socialista le pide al equipo de gobierno m\u00e1s trabajo y agilidad","datePublished":"2024-06-28T10:19:16+00:00","dateModified":"2024-06-28T10:19:17+00:00","mainEntityOfPage":{"@id":"https:\/\/agrupacionespsoe.es\/ponferrada\/el-grupo-municipal-socialista-le-pide-al-equipo-de-gobierno-mas-trabajo-y-agilidad\/"},"wordCount":366,"commentCount":0,"publisher":{"@id":"https:\/\/agrupacionespsoe.es\/ponferrada\/#organization"},"image":{"@id":"https:\/\/agrupacionespsoe.es\/ponferrada\/el-grupo-municipal-socialista-le-pide-al-equipo-de-gobierno-mas-trabajo-y-agilidad\/#primaryimage"},"thumbnailUrl":"https:\/\/agrupacionespsoe.es\/ponferrada\/wp-content\/uploads\/sites\/36\/2024\/06\/WhatsApp-Image-2024-06-28-at-12.14.15.jpeg","articleSection":["ACTUALIDAD"],"inLanguage":"es","potentialAction":[{"@type":"CommentAction","name":"Comment","target":["https:\/\/agrupacionespsoe.es\/ponferrada\/el-grupo-municipal-socialista-le-pide-al-equipo-de-gobierno-mas-trabajo-y-agilidad\/#respond"]}]},{"@type":"WebPage","@id":"https:\/\/agrupacionespsoe.es\/ponferrada\/el-grupo-municipal-socialista-le-pide-al-equipo-de-gobierno-mas-trabajo-y-agilidad\/","url":"https:\/\/agrupacionespsoe.es\/ponferrada\/el-grupo-municipal-socialista-le-pide-al-equipo-de-gobierno-mas-trabajo-y-agilidad\/","name":"El grupo municipal socialista le pide al equipo de gobierno m\u00e1s trabajo y agilidad - Agrupaci\u00f3n Socialista de Ponferrada","isPartOf":{"@id":"https:\/\/agrupacionespsoe.es\/ponferrada\/#website"},"primaryImageOfPage":{"@id":"https:\/\/agrupacionespsoe.es\/ponferrada\/el-grupo-municipal-socialista-le-pide-al-equipo-de-gobierno-mas-trabajo-y-agilidad\/#primaryimage"},"image":{"@id":"https:\/\/agrupacionespsoe.es\/ponferrada\/el-grupo-municipal-socialista-le-pide-al-equipo-de-gobierno-mas-trabajo-y-agilidad\/#primaryimage"},"thumbnailUrl":"https:\/\/agrupacionespsoe.es\/ponferrada\/wp-content\/uploads\/sites\/36\/2024\/06\/WhatsApp-Image-2024-06-28-at-12.14.15.jpeg","datePublished":"2024-06-28T10:19:16+00:00","dateModified":"2024-06-28T10:19:17+00:00","breadcrumb":{"@id":"https:\/\/agrupacionespsoe.es\/ponferrada\/el-grupo-municipal-socialista-le-pide-al-equipo-de-gobierno-mas-trabajo-y-agilidad\/#breadcrumb"},"inLanguage":"es","potentialAction":[{"@type":"ReadAction","target":["https:\/\/agrupacionespsoe.es\/ponferrada\/el-grupo-municipal-socialista-le-pide-al-equipo-de-gobierno-mas-trabajo-y-agilidad\/"]}]},{"@type":"ImageObject","inLanguage":"es","@id":"https:\/\/agrupacionespsoe.es\/ponferrada\/el-grupo-municipal-socialista-le-pide-al-equipo-de-gobierno-mas-trabajo-y-agilidad\/#primaryimage","url":"https:\/\/agrupacionespsoe.es\/ponferrada\/wp-content\/uploads\/sites\/36\/2024\/06\/WhatsApp-Image-2024-06-28-at-12.14.15.jpeg","contentUrl":"https:\/\/agrupacionespsoe.es\/ponferrada\/wp-content\/uploads\/sites\/36\/2024\/06\/WhatsApp-Image-2024-06-28-at-12.14.15.jpeg","width":1600,"height":1200},{"@type":"BreadcrumbList","@id":"https:\/\/agrupacionespsoe.es\/ponferrada\/el-grupo-municipal-socialista-le-pide-al-equipo-de-gobierno-mas-trabajo-y-agilidad\/#breadcrumb","itemListElement":[{"@type":"ListItem","position":1,"name":"Portada","item":"https:\/\/agrupacionespsoe.es\/ponferrada\/"},{"@type":"ListItem","position":2,"name":"El grupo municipal socialista le pide al equipo de gobierno m\u00e1s trabajo y agilidad"}]},{"@type":"WebSite","@id":"https:\/\/agrupacionespsoe.es\/ponferrada\/#website","url":"https:\/\/agrupacionespsoe.es\/ponferrada\/","name":"Agrupaci\u00f3n Socialista de Ponferrada","description":"Agrupaci\u00f3n Socialista de Ponferrada","publisher":{"@id":"https:\/\/agrupacionespsoe.es\/ponferrada\/#organization"},"potentialAction":[{"@type":"SearchAction","target":{"@type":"EntryPoint","urlTemplate":"https:\/\/agrupacionespsoe.es\/ponferrada\/?s={search_term_string}"},"query-input":{"@type":"PropertyValueSpecification","valueRequired":true,"valueName":"search_term_string"}}],"inLanguage":"es"},{"@type":"Organization","@id":"https:\/\/agrupacionespsoe.es\/ponferrada\/#organization","name":"Agrupaci\u00f3n Socialista de Ponferrada","url":"https:\/\/agrupacionespsoe.es\/ponferrada\/","logo":{"@type":"ImageObject","inLanguage":"es","@id":"https:\/\/agrupacionespsoe.es\/ponferrada\/#\/schema\/logo\/image\/","url":"https:\/\/agrupacionespsoe.es\/wp-content\/uploads\/2022\/07\/Logotipo_electoral_del_PSOE.png","contentUrl":"https:\/\/agrupacionespsoe.es\/wp-content\/uploads\/2022\/07\/Logotipo_electoral_del_PSOE.png","width":422,"height":422,"caption":"Agrupaci\u00f3n Socialista de Ponferrada"},"image":{"@id":"https:\/\/agrupacionespsoe.es\/ponferrada\/#\/schema\/logo\/image\/"}},{"@type":"Person","@id":"https:\/\/agrupacionespsoe.es\/ponferrada\/#\/schema\/person\/cd29ee627f3b70c05d415f02596debaa","name":"ponferrada2","image":{"@type":"ImageObject","inLanguage":"es","@id":"https:\/\/agrupacionespsoe.es\/ponferrada\/#\/schema\/person\/image\/","url":"https:\/\/secure.gravatar.com\/avatar\/f499eeb60144c664cf7b7edf75549b50?s=96&d=mm&r=g","contentUrl":"https:\/\/secure.gravatar.com\/avatar\/f499eeb60144c664cf7b7edf75549b50?s=96&d=mm&r=g","caption":"ponferrada2"},"url":"https:\/\/agrupacionespsoe.es\/ponferrada\/author\/ponferrada2\/"}]}},"jetpack_featured_media_url":"https:\/\/agrupacionespsoe.es\/ponferrada\/wp-content\/uploads\/sites\/36\/2024\/06\/WhatsApp-Image-2024-06-28-at-12.14.15.jpeg","jetpack_sharing_enabled":true,"_links":{"self":[{"href":"https:\/\/agrupacionespsoe.es\/ponferrada\/wp-json\/wp\/v2\/posts\/531","targetHints":{"allow":["GET"]}}],"collection":[{"href":"https:\/\/agrupacionespsoe.es\/ponferrada\/wp-json\/wp\/v2\/posts"}],"about":[{"href":"https:\/\/agrupacionespsoe.es\/ponferrada\/wp-json\/wp\/v2\/types\/post"}],"author":[{"embeddable":true,"href":"https:\/\/agrupacionespsoe.es\/ponferrada\/wp-json\/wp\/v2\/users\/32"}],"replies":[{"embeddable":true,"href":"https:\/\/agrupacionespsoe.es\/ponferrada\/wp-json\/wp\/v2\/comments?post=531"}],"version-history":[{"count":1,"href":"https:\/\/agrupacionespsoe.es\/ponferrada\/wp-json\/wp\/v2\/posts\/531\/revisions"}],"predecessor-version":[{"id":533,"href":"https:\/\/agrupacionespsoe.es\/ponferrada\/wp-json\/wp\/v2\/posts\/531\/revisions\/533"}],"wp:featuredmedia":[{"embeddable":true,"href":"https:\/\/agrupacionespsoe.es\/ponferrada\/wp-json\/wp\/v2\/media\/532"}],"wp:attachment":[{"href":"https:\/\/agrupacionespsoe.es\/ponferrada\/wp-json\/wp\/v2\/media?parent=531"}],"wp:term":[{"taxonomy":"category","embeddable":true,"href":"https:\/\/agrupacionespsoe.es\/ponferrada\/wp-json\/wp\/v2\/categories?post=531"},{"taxonomy":"post_tag","embeddable":true,"href":"https:\/\/agrupacionespsoe.es\/ponferrada\/wp-json\/wp\/v2\/tags?post=531"}],"curies":[{"name":"wp","href":"https:\/\/api.w.org\/{rel}","templated":true}]}}