{"id":528,"date":"2024-06-19T14:06:01","date_gmt":"2024-06-19T14:06:01","guid":{"rendered":"https:\/\/agrupacionespsoe.es\/ponferrada\/?p=528"},"modified":"2024-06-19T14:06:02","modified_gmt":"2024-06-19T14:06:02","slug":"el-grupo-municipal-socialista-senala-que-el-pp-va-a-dejar-sin-el-servicio-de-piscinas-municipales-mas-de-medio-mes","status":"publish","type":"post","link":"https:\/\/agrupacionespsoe.es\/ponferrada\/el-grupo-municipal-socialista-senala-que-el-pp-va-a-dejar-sin-el-servicio-de-piscinas-municipales-mas-de-medio-mes\/","title":{"rendered":"El Grupo Municipal Socialista se\u00f1ala que el PP va a dejar sin el servicio de piscinas municipales m\u00e1s de medio mes."},"content":{"rendered":"\n<blockquote class=\"wp-block-quote has-large-font-size is-layout-flow wp-block-quote-is-layout-flow\">\n<p><strong>Ivan Castrillo- la concejala de Deportes pone excusas para ocultar que a\u00fan no han acabado los trabajos de preparaci\u00f3n para abrir las piscinas<\/strong><\/p>\n<\/blockquote>\n\n\n\n<p>El grupo socialista ha querido criticar las declaraciones de la actual concejala de Deportes, Eva Gonz\u00e1lez.<\/p>\n\n\n\n<p>A juicio de Iv\u00e1n Castrillo-Koseki se equivoca con la gesti\u00f3n de las piscinas municipales, \u201clas va a abrir muy tarde y las va a cerrar muy temprano\u201d.<\/p>\n\n\n\n<p>A\u00f1ade que tradicionalmente las piscinas de verano se abr\u00edan a mediados de junio si no exist\u00eda alguna dificultad que lo impidiera, y seg\u00fan Morala cuando en el a\u00f1o 2022 no se consigui\u00f3 abrir a mediados de junio, se\u00f1al\u00f3 que yo solo val\u00eda para entregar trofeos, supongo que se podr\u00e1 aplicar lo mismo para su actual concejala.<\/p>\n\n\n\n<p>Iv\u00e1n Castrillo se\u00f1ala que la explicaci\u00f3n que ha dado para cerrar las piscinas a principios de septiembre no se sostiene. Ha se\u00f1alado que entre los d\u00edas de retraso y el cierre prematuro la ciudadan\u00eda se va a quedar sin piscinas municipales medio mes.<\/p>\n\n\n\n<p>Iv\u00e1n Castrillo ha continuado se\u00f1alando que fue \u00e9l como concejal el que ampli\u00f3 la apertura de las piscinas hasta el 15 de septiembre por dos razones fundamentales: porque cada vez hace m\u00e1s calor en septiembre, y lo notamos toda la ciudadan\u00eda y porque las piscinas de los municipios cercanos a Ponferrada s\u00ed que abren en septiembre por lo que la ciudadan\u00eda de Ponferrada se acaba desplazando a las piscinas de alrededor para poder darse su ba\u00f1o<\/p>\n\n\n\n<p>Indica que las piscinas municipales son la \u00fanica posibilidad que tiene algunas personas para poder ba\u00f1arse en los d\u00edas de calor y la concejala de deportes les va a quitar ese servicio. Iv\u00e1n Castrillo-Koseki dice que los servicios a la ciudadan\u00eda hay que prestarlos aun cuando se reduzca el n\u00famero de usuarios con respecto a julio.<\/p>\n\n\n\n<p>Para finalizar, Iv\u00e1n Castrillo se\u00f1ala que la verdadera raz\u00f3n por la que no se han abierto a tiempo las piscinas, no es la climatolog\u00eda como ha se\u00f1alado la concejala, sino que no han llegado a tiempo a tenerlas listas, en estos d\u00edas de atr\u00e1s desde los servicios municipales est\u00e1n haciendo los acondicionamientos necesarios para su apertura, como en las piscinas de Flores del Sil o en las del Plant\u00edo y a\u00fan no tienen seleccionado el personal con el que tienen que contar, lo dem\u00e1s son excusas para justificar su falta de trabajo.<\/p>\n\n\n\n<p>Acaba pidiendo a la concejala que reflexione y modifique la fecha de cierre de las piscinas para ofrecer el servicio a la ciudadan\u00eda, al menos hasta mitades de septiembre.<\/p>\n\n\n\n<figure class=\"wp-block-image size-large\"><img loading=\"lazy\" decoding=\"async\" width=\"870\" height=\"1024\" src=\"https:\/\/agrupacionespsoe.es\/ponferrada\/wp-content\/uploads\/sites\/36\/2024\/03\/koseki-2-870x1024.jpeg\" alt=\"\" class=\"wp-image-428\" srcset=\"https:\/\/agrupacionespsoe.es\/ponferrada\/wp-content\/uploads\/sites\/36\/2024\/03\/koseki-2-870x1024.jpeg 870w, https:\/\/agrupacionespsoe.es\/ponferrada\/wp-content\/uploads\/sites\/36\/2024\/03\/koseki-2-255x300.jpeg 255w, https:\/\/agrupacionespsoe.es\/ponferrada\/wp-content\/uploads\/sites\/36\/2024\/03\/koseki-2-768x904.jpeg 768w, https:\/\/agrupacionespsoe.es\/ponferrada\/wp-content\/uploads\/sites\/36\/2024\/03\/koseki-2-1306x1536.jpeg 1306w, https:\/\/agrupacionespsoe.es\/ponferrada\/wp-content\/uploads\/sites\/36\/2024\/03\/koseki-2.jpeg 1360w\" sizes=\"auto, (max-width: 870px) 100vw, 870px\" \/><\/figure>\n","protected":false},"excerpt":{"rendered":"<p>Ivan Castrillo- la concejala de Deportes pone excusas para ocultar que a\u00fan no han acabado los trabajos de preparaci\u00f3n para abrir las piscinas El grupo socialista ha querido criticar las declaraciones de la actual concejala de Deportes, Eva Gonz\u00e1lez. A juicio de Iv\u00e1n Castrillo-Koseki se equivoca con la gesti\u00f3n de las piscinas municipales, \u201clas va &#8230;<\/p>\n","protected":false},"author":32,"featured_media":428,"comment_status":"open","ping_status":"open","sticky":false,"template":"","format":"standard","meta":{"_jetpack_memberships_contains_paid_content":false,"footnotes":""},"categories":[6],"tags":[],"class_list":["post-528","post","type-post","status-publish","format-standard","has-post-thumbnail","hentry","category-actualidad"],"yoast_head":"<!-- This site is optimized with the Yoast SEO plugin v24.0 - https:\/\/yoast.com\/wordpress\/plugins\/seo\/ -->\n<title>El Grupo Municipal Socialista se\u00f1ala que el PP va a dejar sin el servicio de piscinas municipales m\u00e1s de medio mes. - Agrupaci\u00f3n Socialista de Ponferrada<\/title>\n<meta name=\"robots\" content=\"index, follow, max-snippet:-1, max-image-preview:large, max-video-preview:-1\" \/>\n<link rel=\"canonical\" href=\"https:\/\/agrupacionespsoe.es\/ponferrada\/el-grupo-municipal-socialista-senala-que-el-pp-va-a-dejar-sin-el-servicio-de-piscinas-municipales-mas-de-medio-mes\/\" \/>\n<meta property=\"og:locale\" content=\"es_ES\" \/>\n<meta property=\"og:type\" content=\"article\" \/>\n<meta property=\"og:title\" content=\"El Grupo Municipal Socialista se\u00f1ala que el PP va a dejar sin el servicio de piscinas municipales m\u00e1s de medio mes. - Agrupaci\u00f3n Socialista de Ponferrada\" \/>\n<meta property=\"og:description\" content=\"Ivan Castrillo- la concejala de Deportes pone excusas para ocultar que a\u00fan no han acabado los trabajos de preparaci\u00f3n para abrir las piscinas El grupo socialista ha querido criticar las declaraciones de la actual concejala de Deportes, Eva Gonz\u00e1lez. A juicio de Iv\u00e1n Castrillo-Koseki se equivoca con la gesti\u00f3n de las piscinas municipales, \u201clas va ...\" \/>\n<meta property=\"og:url\" content=\"https:\/\/agrupacionespsoe.es\/ponferrada\/el-grupo-municipal-socialista-senala-que-el-pp-va-a-dejar-sin-el-servicio-de-piscinas-municipales-mas-de-medio-mes\/\" \/>\n<meta property=\"og:site_name\" content=\"Agrupaci\u00f3n Socialista de Ponferrada\" \/>\n<meta property=\"article:published_time\" content=\"2024-06-19T14:06:01+00:00\" \/>\n<meta property=\"article:modified_time\" content=\"2024-06-19T14:06:02+00:00\" \/>\n<meta property=\"og:image\" content=\"https:\/\/agrupacionespsoe.es\/ponferrada\/wp-content\/uploads\/sites\/36\/2024\/03\/koseki-2.jpeg\" \/>\n\t<meta property=\"og:image:width\" content=\"1360\" \/>\n\t<meta property=\"og:image:height\" content=\"1600\" \/>\n\t<meta property=\"og:image:type\" content=\"image\/jpeg\" \/>\n<meta name=\"author\" content=\"ponferrada2\" \/>\n<meta name=\"twitter:card\" content=\"summary_large_image\" \/>\n<meta name=\"twitter:label1\" content=\"Escrito por\" \/>\n\t<meta name=\"twitter:data1\" content=\"ponferrada2\" \/>\n\t<meta name=\"twitter:label2\" content=\"Tiempo de lectura\" \/>\n\t<meta name=\"twitter:data2\" content=\"3 minutos\" \/>\n<script type=\"application\/ld+json\" class=\"yoast-schema-graph\">{\"@context\":\"https:\/\/schema.org\",\"@graph\":[{\"@type\":\"Article\",\"@id\":\"https:\/\/agrupacionespsoe.es\/ponferrada\/el-grupo-municipal-socialista-senala-que-el-pp-va-a-dejar-sin-el-servicio-de-piscinas-municipales-mas-de-medio-mes\/#article\",\"isPartOf\":{\"@id\":\"https:\/\/agrupacionespsoe.es\/ponferrada\/el-grupo-municipal-socialista-senala-que-el-pp-va-a-dejar-sin-el-servicio-de-piscinas-municipales-mas-de-medio-mes\/\"},\"author\":{\"name\":\"ponferrada2\",\"@id\":\"https:\/\/agrupacionespsoe.es\/ponferrada\/#\/schema\/person\/cd29ee627f3b70c05d415f02596debaa\"},\"headline\":\"El Grupo Municipal Socialista se\u00f1ala que el PP va a dejar sin el servicio de piscinas municipales m\u00e1s de medio mes.\",\"datePublished\":\"2024-06-19T14:06:01+00:00\",\"dateModified\":\"2024-06-19T14:06:02+00:00\",\"mainEntityOfPage\":{\"@id\":\"https:\/\/agrupacionespsoe.es\/ponferrada\/el-grupo-municipal-socialista-senala-que-el-pp-va-a-dejar-sin-el-servicio-de-piscinas-municipales-mas-de-medio-mes\/\"},\"wordCount\":480,\"commentCount\":0,\"publisher\":{\"@id\":\"https:\/\/agrupacionespsoe.es\/ponferrada\/#organization\"},\"image\":{\"@id\":\"https:\/\/agrupacionespsoe.es\/ponferrada\/el-grupo-municipal-socialista-senala-que-el-pp-va-a-dejar-sin-el-servicio-de-piscinas-municipales-mas-de-medio-mes\/#primaryimage\"},\"thumbnailUrl\":\"https:\/\/agrupacionespsoe.es\/ponferrada\/wp-content\/uploads\/sites\/36\/2024\/03\/koseki-2.jpeg\",\"articleSection\":[\"ACTUALIDAD\"],\"inLanguage\":\"es\",\"potentialAction\":[{\"@type\":\"CommentAction\",\"name\":\"Comment\",\"target\":[\"https:\/\/agrupacionespsoe.es\/ponferrada\/el-grupo-municipal-socialista-senala-que-el-pp-va-a-dejar-sin-el-servicio-de-piscinas-municipales-mas-de-medio-mes\/#respond\"]}]},{\"@type\":\"WebPage\",\"@id\":\"https:\/\/agrupacionespsoe.es\/ponferrada\/el-grupo-municipal-socialista-senala-que-el-pp-va-a-dejar-sin-el-servicio-de-piscinas-municipales-mas-de-medio-mes\/\",\"url\":\"https:\/\/agrupacionespsoe.es\/ponferrada\/el-grupo-municipal-socialista-senala-que-el-pp-va-a-dejar-sin-el-servicio-de-piscinas-municipales-mas-de-medio-mes\/\",\"name\":\"El Grupo Municipal Socialista se\u00f1ala que el PP va a dejar sin el servicio de piscinas municipales m\u00e1s de medio mes. - Agrupaci\u00f3n Socialista de Ponferrada\",\"isPartOf\":{\"@id\":\"https:\/\/agrupacionespsoe.es\/ponferrada\/#website\"},\"primaryImageOfPage\":{\"@id\":\"https:\/\/agrupacionespsoe.es\/ponferrada\/el-grupo-municipal-socialista-senala-que-el-pp-va-a-dejar-sin-el-servicio-de-piscinas-municipales-mas-de-medio-mes\/#primaryimage\"},\"image\":{\"@id\":\"https:\/\/agrupacionespsoe.es\/ponferrada\/el-grupo-municipal-socialista-senala-que-el-pp-va-a-dejar-sin-el-servicio-de-piscinas-municipales-mas-de-medio-mes\/#primaryimage\"},\"thumbnailUrl\":\"https:\/\/agrupacionespsoe.es\/ponferrada\/wp-content\/uploads\/sites\/36\/2024\/03\/koseki-2.jpeg\",\"datePublished\":\"2024-06-19T14:06:01+00:00\",\"dateModified\":\"2024-06-19T14:06:02+00:00\",\"breadcrumb\":{\"@id\":\"https:\/\/agrupacionespsoe.es\/ponferrada\/el-grupo-municipal-socialista-senala-que-el-pp-va-a-dejar-sin-el-servicio-de-piscinas-municipales-mas-de-medio-mes\/#breadcrumb\"},\"inLanguage\":\"es\",\"potentialAction\":[{\"@type\":\"ReadAction\",\"target\":[\"https:\/\/agrupacionespsoe.es\/ponferrada\/el-grupo-municipal-socialista-senala-que-el-pp-va-a-dejar-sin-el-servicio-de-piscinas-municipales-mas-de-medio-mes\/\"]}]},{\"@type\":\"ImageObject\",\"inLanguage\":\"es\",\"@id\":\"https:\/\/agrupacionespsoe.es\/ponferrada\/el-grupo-municipal-socialista-senala-que-el-pp-va-a-dejar-sin-el-servicio-de-piscinas-municipales-mas-de-medio-mes\/#primaryimage\",\"url\":\"https:\/\/agrupacionespsoe.es\/ponferrada\/wp-content\/uploads\/sites\/36\/2024\/03\/koseki-2.jpeg\",\"contentUrl\":\"https:\/\/agrupacionespsoe.es\/ponferrada\/wp-content\/uploads\/sites\/36\/2024\/03\/koseki-2.jpeg\",\"width\":1360,\"height\":1600},{\"@type\":\"BreadcrumbList\",\"@id\":\"https:\/\/agrupacionespsoe.es\/ponferrada\/el-grupo-municipal-socialista-senala-que-el-pp-va-a-dejar-sin-el-servicio-de-piscinas-municipales-mas-de-medio-mes\/#breadcrumb\",\"itemListElement\":[{\"@type\":\"ListItem\",\"position\":1,\"name\":\"Portada\",\"item\":\"https:\/\/agrupacionespsoe.es\/ponferrada\/\"},{\"@type\":\"ListItem\",\"position\":2,\"name\":\"El Grupo Municipal Socialista se\u00f1ala que el PP va a dejar sin el servicio de piscinas municipales m\u00e1s de medio mes.\"}]},{\"@type\":\"WebSite\",\"@id\":\"https:\/\/agrupacionespsoe.es\/ponferrada\/#website\",\"url\":\"https:\/\/agrupacionespsoe.es\/ponferrada\/\",\"name\":\"Agrupaci\u00f3n Socialista de Ponferrada\",\"description\":\"Agrupaci\u00f3n Socialista de Ponferrada\",\"publisher\":{\"@id\":\"https:\/\/agrupacionespsoe.es\/ponferrada\/#organization\"},\"potentialAction\":[{\"@type\":\"SearchAction\",\"target\":{\"@type\":\"EntryPoint\",\"urlTemplate\":\"https:\/\/agrupacionespsoe.es\/ponferrada\/?s={search_term_string}\"},\"query-input\":{\"@type\":\"PropertyValueSpecification\",\"valueRequired\":true,\"valueName\":\"search_term_string\"}}],\"inLanguage\":\"es\"},{\"@type\":\"Organization\",\"@id\":\"https:\/\/agrupacionespsoe.es\/ponferrada\/#organization\",\"name\":\"Agrupaci\u00f3n Socialista de Ponferrada\",\"url\":\"https:\/\/agrupacionespsoe.es\/ponferrada\/\",\"logo\":{\"@type\":\"ImageObject\",\"inLanguage\":\"es\",\"@id\":\"https:\/\/agrupacionespsoe.es\/ponferrada\/#\/schema\/logo\/image\/\",\"url\":\"https:\/\/agrupacionespsoe.es\/wp-content\/uploads\/2022\/07\/Logotipo_electoral_del_PSOE.png\",\"contentUrl\":\"https:\/\/agrupacionespsoe.es\/wp-content\/uploads\/2022\/07\/Logotipo_electoral_del_PSOE.png\",\"width\":422,\"height\":422,\"caption\":\"Agrupaci\u00f3n Socialista de Ponferrada\"},\"image\":{\"@id\":\"https:\/\/agrupacionespsoe.es\/ponferrada\/#\/schema\/logo\/image\/\"}},{\"@type\":\"Person\",\"@id\":\"https:\/\/agrupacionespsoe.es\/ponferrada\/#\/schema\/person\/cd29ee627f3b70c05d415f02596debaa\",\"name\":\"ponferrada2\",\"image\":{\"@type\":\"ImageObject\",\"inLanguage\":\"es\",\"@id\":\"https:\/\/agrupacionespsoe.es\/ponferrada\/#\/schema\/person\/image\/\",\"url\":\"https:\/\/secure.gravatar.com\/avatar\/f499eeb60144c664cf7b7edf75549b50?s=96&d=mm&r=g\",\"contentUrl\":\"https:\/\/secure.gravatar.com\/avatar\/f499eeb60144c664cf7b7edf75549b50?s=96&d=mm&r=g\",\"caption\":\"ponferrada2\"},\"url\":\"https:\/\/agrupacionespsoe.es\/ponferrada\/author\/ponferrada2\/\"}]}<\/script>\n<!-- \/ Yoast SEO plugin. -->","yoast_head_json":{"title":"El Grupo Municipal Socialista se\u00f1ala que el PP va a dejar sin el servicio de piscinas municipales m\u00e1s de medio mes. - Agrupaci\u00f3n Socialista de Ponferrada","robots":{"index":"index","follow":"follow","max-snippet":"max-snippet:-1","max-image-preview":"max-image-preview:large","max-video-preview":"max-video-preview:-1"},"canonical":"https:\/\/agrupacionespsoe.es\/ponferrada\/el-grupo-municipal-socialista-senala-que-el-pp-va-a-dejar-sin-el-servicio-de-piscinas-municipales-mas-de-medio-mes\/","og_locale":"es_ES","og_type":"article","og_title":"El Grupo Municipal Socialista se\u00f1ala que el PP va a dejar sin el servicio de piscinas municipales m\u00e1s de medio mes. - Agrupaci\u00f3n Socialista de Ponferrada","og_description":"Ivan Castrillo- la concejala de Deportes pone excusas para ocultar que a\u00fan no han acabado los trabajos de preparaci\u00f3n para abrir las piscinas El grupo socialista ha querido criticar las declaraciones de la actual concejala de Deportes, Eva Gonz\u00e1lez. A juicio de Iv\u00e1n Castrillo-Koseki se equivoca con la gesti\u00f3n de las piscinas municipales, \u201clas va ...","og_url":"https:\/\/agrupacionespsoe.es\/ponferrada\/el-grupo-municipal-socialista-senala-que-el-pp-va-a-dejar-sin-el-servicio-de-piscinas-municipales-mas-de-medio-mes\/","og_site_name":"Agrupaci\u00f3n Socialista de Ponferrada","article_published_time":"2024-06-19T14:06:01+00:00","article_modified_time":"2024-06-19T14:06:02+00:00","og_image":[{"width":1360,"height":1600,"url":"https:\/\/agrupacionespsoe.es\/ponferrada\/wp-content\/uploads\/sites\/36\/2024\/03\/koseki-2.jpeg","type":"image\/jpeg"}],"author":"ponferrada2","twitter_card":"summary_large_image","twitter_misc":{"Escrito por":"ponferrada2","Tiempo de lectura":"3 minutos"},"schema":{"@context":"https:\/\/schema.org","@graph":[{"@type":"Article","@id":"https:\/\/agrupacionespsoe.es\/ponferrada\/el-grupo-municipal-socialista-senala-que-el-pp-va-a-dejar-sin-el-servicio-de-piscinas-municipales-mas-de-medio-mes\/#article","isPartOf":{"@id":"https:\/\/agrupacionespsoe.es\/ponferrada\/el-grupo-municipal-socialista-senala-que-el-pp-va-a-dejar-sin-el-servicio-de-piscinas-municipales-mas-de-medio-mes\/"},"author":{"name":"ponferrada2","@id":"https:\/\/agrupacionespsoe.es\/ponferrada\/#\/schema\/person\/cd29ee627f3b70c05d415f02596debaa"},"headline":"El Grupo Municipal Socialista se\u00f1ala que el PP va a dejar sin el servicio de piscinas municipales m\u00e1s de medio mes.","datePublished":"2024-06-19T14:06:01+00:00","dateModified":"2024-06-19T14:06:02+00:00","mainEntityOfPage":{"@id":"https:\/\/agrupacionespsoe.es\/ponferrada\/el-grupo-municipal-socialista-senala-que-el-pp-va-a-dejar-sin-el-servicio-de-piscinas-municipales-mas-de-medio-mes\/"},"wordCount":480,"commentCount":0,"publisher":{"@id":"https:\/\/agrupacionespsoe.es\/ponferrada\/#organization"},"image":{"@id":"https:\/\/agrupacionespsoe.es\/ponferrada\/el-grupo-municipal-socialista-senala-que-el-pp-va-a-dejar-sin-el-servicio-de-piscinas-municipales-mas-de-medio-mes\/#primaryimage"},"thumbnailUrl":"https:\/\/agrupacionespsoe.es\/ponferrada\/wp-content\/uploads\/sites\/36\/2024\/03\/koseki-2.jpeg","articleSection":["ACTUALIDAD"],"inLanguage":"es","potentialAction":[{"@type":"CommentAction","name":"Comment","target":["https:\/\/agrupacionespsoe.es\/ponferrada\/el-grupo-municipal-socialista-senala-que-el-pp-va-a-dejar-sin-el-servicio-de-piscinas-municipales-mas-de-medio-mes\/#respond"]}]},{"@type":"WebPage","@id":"https:\/\/agrupacionespsoe.es\/ponferrada\/el-grupo-municipal-socialista-senala-que-el-pp-va-a-dejar-sin-el-servicio-de-piscinas-municipales-mas-de-medio-mes\/","url":"https:\/\/agrupacionespsoe.es\/ponferrada\/el-grupo-municipal-socialista-senala-que-el-pp-va-a-dejar-sin-el-servicio-de-piscinas-municipales-mas-de-medio-mes\/","name":"El Grupo Municipal Socialista se\u00f1ala que el PP va a dejar sin el servicio de piscinas municipales m\u00e1s de medio mes. - Agrupaci\u00f3n Socialista de Ponferrada","isPartOf":{"@id":"https:\/\/agrupacionespsoe.es\/ponferrada\/#website"},"primaryImageOfPage":{"@id":"https:\/\/agrupacionespsoe.es\/ponferrada\/el-grupo-municipal-socialista-senala-que-el-pp-va-a-dejar-sin-el-servicio-de-piscinas-municipales-mas-de-medio-mes\/#primaryimage"},"image":{"@id":"https:\/\/agrupacionespsoe.es\/ponferrada\/el-grupo-municipal-socialista-senala-que-el-pp-va-a-dejar-sin-el-servicio-de-piscinas-municipales-mas-de-medio-mes\/#primaryimage"},"thumbnailUrl":"https:\/\/agrupacionespsoe.es\/ponferrada\/wp-content\/uploads\/sites\/36\/2024\/03\/koseki-2.jpeg","datePublished":"2024-06-19T14:06:01+00:00","dateModified":"2024-06-19T14:06:02+00:00","breadcrumb":{"@id":"https:\/\/agrupacionespsoe.es\/ponferrada\/el-grupo-municipal-socialista-senala-que-el-pp-va-a-dejar-sin-el-servicio-de-piscinas-municipales-mas-de-medio-mes\/#breadcrumb"},"inLanguage":"es","potentialAction":[{"@type":"ReadAction","target":["https:\/\/agrupacionespsoe.es\/ponferrada\/el-grupo-municipal-socialista-senala-que-el-pp-va-a-dejar-sin-el-servicio-de-piscinas-municipales-mas-de-medio-mes\/"]}]},{"@type":"ImageObject","inLanguage":"es","@id":"https:\/\/agrupacionespsoe.es\/ponferrada\/el-grupo-municipal-socialista-senala-que-el-pp-va-a-dejar-sin-el-servicio-de-piscinas-municipales-mas-de-medio-mes\/#primaryimage","url":"https:\/\/agrupacionespsoe.es\/ponferrada\/wp-content\/uploads\/sites\/36\/2024\/03\/koseki-2.jpeg","contentUrl":"https:\/\/agrupacionespsoe.es\/ponferrada\/wp-content\/uploads\/sites\/36\/2024\/03\/koseki-2.jpeg","width":1360,"height":1600},{"@type":"BreadcrumbList","@id":"https:\/\/agrupacionespsoe.es\/ponferrada\/el-grupo-municipal-socialista-senala-que-el-pp-va-a-dejar-sin-el-servicio-de-piscinas-municipales-mas-de-medio-mes\/#breadcrumb","itemListElement":[{"@type":"ListItem","position":1,"name":"Portada","item":"https:\/\/agrupacionespsoe.es\/ponferrada\/"},{"@type":"ListItem","position":2,"name":"El Grupo Municipal Socialista se\u00f1ala que el PP va a dejar sin el servicio de piscinas municipales m\u00e1s de medio mes."}]},{"@type":"WebSite","@id":"https:\/\/agrupacionespsoe.es\/ponferrada\/#website","url":"https:\/\/agrupacionespsoe.es\/ponferrada\/","name":"Agrupaci\u00f3n Socialista de Ponferrada","description":"Agrupaci\u00f3n Socialista de Ponferrada","publisher":{"@id":"https:\/\/agrupacionespsoe.es\/ponferrada\/#organization"},"potentialAction":[{"@type":"SearchAction","target":{"@type":"EntryPoint","urlTemplate":"https:\/\/agrupacionespsoe.es\/ponferrada\/?s={search_term_string}"},"query-input":{"@type":"PropertyValueSpecification","valueRequired":true,"valueName":"search_term_string"}}],"inLanguage":"es"},{"@type":"Organization","@id":"https:\/\/agrupacionespsoe.es\/ponferrada\/#organization","name":"Agrupaci\u00f3n Socialista de Ponferrada","url":"https:\/\/agrupacionespsoe.es\/ponferrada\/","logo":{"@type":"ImageObject","inLanguage":"es","@id":"https:\/\/agrupacionespsoe.es\/ponferrada\/#\/schema\/logo\/image\/","url":"https:\/\/agrupacionespsoe.es\/wp-content\/uploads\/2022\/07\/Logotipo_electoral_del_PSOE.png","contentUrl":"https:\/\/agrupacionespsoe.es\/wp-content\/uploads\/2022\/07\/Logotipo_electoral_del_PSOE.png","width":422,"height":422,"caption":"Agrupaci\u00f3n Socialista de Ponferrada"},"image":{"@id":"https:\/\/agrupacionespsoe.es\/ponferrada\/#\/schema\/logo\/image\/"}},{"@type":"Person","@id":"https:\/\/agrupacionespsoe.es\/ponferrada\/#\/schema\/person\/cd29ee627f3b70c05d415f02596debaa","name":"ponferrada2","image":{"@type":"ImageObject","inLanguage":"es","@id":"https:\/\/agrupacionespsoe.es\/ponferrada\/#\/schema\/person\/image\/","url":"https:\/\/secure.gravatar.com\/avatar\/f499eeb60144c664cf7b7edf75549b50?s=96&d=mm&r=g","contentUrl":"https:\/\/secure.gravatar.com\/avatar\/f499eeb60144c664cf7b7edf75549b50?s=96&d=mm&r=g","caption":"ponferrada2"},"url":"https:\/\/agrupacionespsoe.es\/ponferrada\/author\/ponferrada2\/"}]}},"jetpack_featured_media_url":"https:\/\/agrupacionespsoe.es\/ponferrada\/wp-content\/uploads\/sites\/36\/2024\/03\/koseki-2.jpeg","jetpack_sharing_enabled":true,"_links":{"self":[{"href":"https:\/\/agrupacionespsoe.es\/ponferrada\/wp-json\/wp\/v2\/posts\/528","targetHints":{"allow":["GET"]}}],"collection":[{"href":"https:\/\/agrupacionespsoe.es\/ponferrada\/wp-json\/wp\/v2\/posts"}],"about":[{"href":"https:\/\/agrupacionespsoe.es\/ponferrada\/wp-json\/wp\/v2\/types\/post"}],"author":[{"embeddable":true,"href":"https:\/\/agrupacionespsoe.es\/ponferrada\/wp-json\/wp\/v2\/users\/32"}],"replies":[{"embeddable":true,"href":"https:\/\/agrupacionespsoe.es\/ponferrada\/wp-json\/wp\/v2\/comments?post=528"}],"version-history":[{"count":1,"href":"https:\/\/agrupacionespsoe.es\/ponferrada\/wp-json\/wp\/v2\/posts\/528\/revisions"}],"predecessor-version":[{"id":529,"href":"https:\/\/agrupacionespsoe.es\/ponferrada\/wp-json\/wp\/v2\/posts\/528\/revisions\/529"}],"wp:featuredmedia":[{"embeddable":true,"href":"https:\/\/agrupacionespsoe.es\/ponferrada\/wp-json\/wp\/v2\/media\/428"}],"wp:attachment":[{"href":"https:\/\/agrupacionespsoe.es\/ponferrada\/wp-json\/wp\/v2\/media?parent=528"}],"wp:term":[{"taxonomy":"category","embeddable":true,"href":"https:\/\/agrupacionespsoe.es\/ponferrada\/wp-json\/wp\/v2\/categories?post=528"},{"taxonomy":"post_tag","embeddable":true,"href":"https:\/\/agrupacionespsoe.es\/ponferrada\/wp-json\/wp\/v2\/tags?post=528"}],"curies":[{"name":"wp","href":"https:\/\/api.w.org\/{rel}","templated":true}]}}