{"id":520,"date":"2024-06-17T09:59:13","date_gmt":"2024-06-17T09:59:13","guid":{"rendered":"https:\/\/agrupacionespsoe.es\/ponferrada\/?p=520"},"modified":"2024-06-18T15:27:49","modified_gmt":"2024-06-18T15:27:49","slug":"1-ano-de-morala-mentiras-paralizacion-y-derroche","status":"publish","type":"post","link":"https:\/\/agrupacionespsoe.es\/ponferrada\/1-ano-de-morala-mentiras-paralizacion-y-derroche\/","title":{"rendered":"1 a\u00f1o de Morala: mentiras, paralizaci\u00f3n y derroche"},"content":{"rendered":"\n<p>El portavoz del PSOE, Olegario Ram\u00f3n, ha dado una rueda de prensa para analizar este primer a\u00f1o del gobierno del bipartito: PP y CB.<\/p>\n\n\n\n<p>El portavoz ha lamentado que este equipo de gobierno con Morala a la cabeza \u201cha generalizado la pr\u00e1ctica de mentir retiradamente pensando que as\u00ed obtienen buenos resultados\u201d. <\/p>\n\n\n\n<p>Ha continuado se\u00f1alando que este primer a\u00f1o de gobierno se pueden resumir en \u00abmentiras, paralizaci\u00f3n y derroche\u00bb<\/p>\n\n\n\n<p>Olegario Ram\u00f3n ha comenzado relatando las numerosas mentiras que durante este a\u00f1o se han puesto de manifiesto. Olegario ha recordado que la promesa estrella del Sr. Morala fue la bajada de impuestos, una bajada de impuestos que se exig\u00eda cuando estaban en la oposici\u00f3n reiteradamente al equipo de gobierno y los ciudadanos han podido comprobar que la \u00fanica rebaja que la ciudadan\u00eda ha notado en este a\u00f1o es el la tasa conocida como Gersul, gracias a la gesti\u00f3n del equipo de gobierno anterior.<\/p>\n\n\n\n<p>La otra promesa estrella del Sr. Morala era que no iba a aplicar la Zona de Bajas Emisiones del Partido Socialista, y a pesar de que ya en el gobierno anunciaba que iba a estudiar trasladar esta zona al casco antiguo, la realidad es que va a poner en marcha la zona de bajas emisiones que dise\u00f1o el PSOE, una zona pensada, basada en la sensorizaci\u00f3n que se hizo en varias zonas de la ciudad, en el plan de movilidad que exist\u00eda y en el plan del ruido y que cont\u00f3 con la participaci\u00f3n de todos los sectores implicados. <\/p>\n\n\n\n<p>El actual Alcalde minti\u00f3 cuando se\u00f1alo que \u00abno iba a cobrar m\u00e1s que Olegario Ram\u00f3n\u00bb y en su propuesta fue aumentarse el sueldo hasta el m\u00e1ximo legal e incluso lleg\u00f3 a decir que \u00able obligaba Pedro S\u00e1nchez\u00bb, tambi\u00e9n minti\u00f3 con la creaci\u00f3n de los Institutos prometidos a VOX, el PSOE siempre mantuvo que no se pueden crear como organismos con competencias y de hecho parece que se fue la raz\u00f3n principal de la ruptura entre esos tres partidos.<\/p>\n\n\n\n<p>Ha continuado hablando del soterramiento de la Avda del Castillo que es otra de las mentiras principales de este equipo de gobierno, ahora ya solo hablan de peatonalizaci\u00f3n. Tambi\u00e9n minti\u00f3 con el restablecimiento de los contenedores soterrados, que dijo que los iban a volver a utilizar y la semana pasada el PSOE recibi\u00f3 la respuesta de que se van a dejar de utilizar porque  son peligrosos y porque tambi\u00e9n es dif\u00edcil su mantenimiento y limpieza, Olegario se\u00f1al\u00f3 que \u00abnosotros los clausuramos exactamente por esa raz\u00f3n\u00bb y el PP critic\u00f3 duramente esa medida. O como por ejemplo en el anillo verde, que con Morala en la oposici\u00f3n era un proyecto para nada necesario porque la ciudad estaba rodeada de monta\u00f1as y ahora es un proyecto estrella de este nuevo equipo de gobierno. <\/p>\n\n\n\n<p>Contin\u00fao se\u00f1alando que este es un a\u00f1o de PARALIZACI\u00d3N, y dio algunos ejemplos, un \u00e1rea tan importante como la cultura se ha quedado sin interlocutor pol\u00edtico, el PP ha renunciado a la cultura.<\/p>\n\n\n\n<p>O por ejemplo, el Plan de Sostenibilidad Tur\u00edstica en Destino del que no se ha hecho absolutamente nada, a pesar de que en la comisi\u00f3n de la semana pasada se nos inform\u00f3 que ya estaban en licitaci\u00f3n, se puede comprobar que ni uno solo de los contratos est\u00e1n actualmente en licitaci\u00f3n. <\/p>\n\n\n\n<p>Lo mismo para el pol\u00edgono de La Llanada, los primeros arreglos los realiz\u00f3 el gobierno del PSOE, y desde entonces no ha habido ning\u00fan movimiento al respecto o las piscinas climatizadas del Lydia Valentin: desde el PSOE propusimos una inversi\u00f3n de remanentes de 500.000 euros para la reparaci\u00f3n, el PP dijo que la inversi\u00f3n la iba a realizar la Junta de Castilla y Le\u00f3n y la realidad es que no se ha comenzado un a\u00f1o despu\u00e9s. O como el Centro de Salud Ponferrada I, un proyecto que estaba perfectamente encaminado con compromiso de la Junta y que un cambio arbitrario y sin sentido ninguno al cementerio del Carmen ha provocado que quede paralizado. Lo mismo para el nuevo contrato de basura, la falta de trabajo del equipo de gobierno ha provocado que la gesti\u00f3n directa suponga 90.000 euros de gastos a mayores por mes o el contrato de la ORA que venci\u00f3 y hubo que renovarlo por un a\u00f1o o la situaci\u00f3n de determinadas concejal\u00edas como la de Deportes que ha dejado de apostar por cosas tan importantes como la Farinato, el ajedrez gigante, el deporte en la calle.<\/p>\n\n\n\n<p>O las actuaciones que estaban presupuestadas en el 2023 en medio rural como la primera fase de la calle principal de espinoso o la primera fase del camino de b\u00e1rcena al embalse o la plaza de San Adri\u00e1n de valdueza que est\u00e1n sin hacer, dijeron que se iban a hacer con remanentes y el portavoz del PSOE, ha adelantado que muy probablemente no va a haber remanentes. <\/p>\n\n\n\n<p>O el tema de la gesti\u00f3n directa de las escuelas infantiles o de la cocina en las mismas a la que han renunciado. En la gesti\u00f3n directa est\u00e1n todav\u00eda en ello cuando quedaba de manera muy avanzada. <\/p>\n\n\n\n<p>Tambi\u00e9n la no convocatoria de comisiones y el poco contenido de los plenos, Olegario ha explicado que existe la obligaci\u00f3n de convocar una comisi\u00f3n al mes, y a realizado un \u00abranking\u00bb de las concejal\u00edas con menos convocatorias. Situ\u00e1ndose la concejala de interculturalidad en cabeza, con 2 comisiones en un a\u00f1o y el alcalde en segundo lugar con 3 convocatorias. Y con 4 se sit\u00faan la mayor\u00eda de los concejales: Lidia Coca, David Pacios, Alexandra Rivas, Mari Crespo o Eva Gonz\u00e1lez.<\/p>\n\n\n\n<p>Se da la circunstancia, adem\u00e1s, que gran parte de lo que han hecho  y algunas cosas que tambi\u00e9n van a inaugurar es  la HERENCIA que reciben de nuestro equipo de gobierno como la reforma del Coloman Trabado, la plaza interior y la finalizaci\u00f3n de G\u00f3mez N\u00fa\u00f1ez, la renovaci\u00f3n de las C. Colombia, R\u00edo Selmo y Huertas del Sacramento. Los fondos para el quinto contenedor. El plan especial para poder extender la red de calor. La presentaci\u00f3n de los nuevos veh\u00edculos y material para la recogida de basura y limpieza viaria y tambi\u00e9n para el servicio de Bomberos, los nuevos 4 autobuses. Las aceras de la avenida del Ferrocarril, Batalla de Ceri\u00f1ola y la Avenida de Asturias. La retirada de las carboneras y la apertura de la C. Badajoz. El proyecto del antiguo apartadero ferroviario  de La Placa y hasta el Lambri\u00f3n Chupacandiles, proyectos que no fueron apoyados por el PP mientras estuvieron en la oposici\u00f3n. <\/p>\n\n\n\n<p>Por \u00faltimo, Olegario Ram\u00f3n, ha se\u00f1alado que es un equipo de gobierno caracterizado por el DERROCHE a pesar de que pueden decir y repetir mil veces la misma mentira pero no se va a convertir en verdad y desde el PSOE no vamos a asumir una responsabilidad que no tenemos ha se\u00f1alado que cuando abandonamos el Ayuntamiento, dejamos seg\u00fan la certificaci\u00f3n del arqueo en cuentas 12.911.657,12 euros y en valores 14.218.785,39 lo que hace un total de 27.130.642,52. Tambi\u00e9n ha se\u00f1alado que en 6 meses de gobierno de PP han generado d\u00e9ficit, con apercibimientos claros y contundentes en m\u00e1s de una ocasi\u00f3n por parte de la interventora municipal, en el sentido de que o reducen dr\u00e1sticamente los gastos o tendr\u00e1 que elaborar un nuevo plan de ajuste. <\/p>\n\n\n\n<figure class=\"wp-block-gallery has-nested-images columns-default is-cropped wp-block-gallery-1 is-layout-flex wp-block-gallery-is-layout-flex\">\n<figure class=\"wp-block-image size-large\"><img loading=\"lazy\" decoding=\"async\" width=\"693\" height=\"1024\" data-id=\"524\" src=\"https:\/\/agrupacionespsoe.es\/ponferrada\/wp-content\/uploads\/sites\/36\/2024\/06\/deuda-mundial-693x1024.jpeg\" alt=\"\" class=\"wp-image-524\" srcset=\"https:\/\/agrupacionespsoe.es\/ponferrada\/wp-content\/uploads\/sites\/36\/2024\/06\/deuda-mundial-693x1024.jpeg 693w, https:\/\/agrupacionespsoe.es\/ponferrada\/wp-content\/uploads\/sites\/36\/2024\/06\/deuda-mundial-203x300.jpeg 203w, https:\/\/agrupacionespsoe.es\/ponferrada\/wp-content\/uploads\/sites\/36\/2024\/06\/deuda-mundial-768x1135.jpeg 768w, https:\/\/agrupacionespsoe.es\/ponferrada\/wp-content\/uploads\/sites\/36\/2024\/06\/deuda-mundial.jpeg 1016w\" sizes=\"auto, (max-width: 693px) 100vw, 693px\" \/><\/figure>\n\n\n\n<figure class=\"wp-block-image size-large\"><img loading=\"lazy\" decoding=\"async\" width=\"768\" height=\"1024\" data-id=\"523\" src=\"https:\/\/agrupacionespsoe.es\/ponferrada\/wp-content\/uploads\/sites\/36\/2024\/06\/arqueo-caja-768x1024.jpeg\" alt=\"\" class=\"wp-image-523\" srcset=\"https:\/\/agrupacionespsoe.es\/ponferrada\/wp-content\/uploads\/sites\/36\/2024\/06\/arqueo-caja-768x1024.jpeg 768w, https:\/\/agrupacionespsoe.es\/ponferrada\/wp-content\/uploads\/sites\/36\/2024\/06\/arqueo-caja-225x300.jpeg 225w, https:\/\/agrupacionespsoe.es\/ponferrada\/wp-content\/uploads\/sites\/36\/2024\/06\/arqueo-caja-1152x1536.jpeg 1152w, https:\/\/agrupacionespsoe.es\/ponferrada\/wp-content\/uploads\/sites\/36\/2024\/06\/arqueo-caja.jpeg 1500w\" sizes=\"auto, (max-width: 768px) 100vw, 768px\" \/><\/figure>\n<\/figure>\n\n\n\n<figure class=\"wp-block-image size-large\"><img loading=\"lazy\" decoding=\"async\" width=\"1024\" height=\"768\" src=\"https:\/\/agrupacionespsoe.es\/ponferrada\/wp-content\/uploads\/sites\/36\/2024\/06\/imagen-RdP-1-1024x768.jpeg\" alt=\"\" class=\"wp-image-525\" srcset=\"https:\/\/agrupacionespsoe.es\/ponferrada\/wp-content\/uploads\/sites\/36\/2024\/06\/imagen-RdP-1-1024x768.jpeg 1024w, https:\/\/agrupacionespsoe.es\/ponferrada\/wp-content\/uploads\/sites\/36\/2024\/06\/imagen-RdP-1-300x225.jpeg 300w, https:\/\/agrupacionespsoe.es\/ponferrada\/wp-content\/uploads\/sites\/36\/2024\/06\/imagen-RdP-1-768x576.jpeg 768w, https:\/\/agrupacionespsoe.es\/ponferrada\/wp-content\/uploads\/sites\/36\/2024\/06\/imagen-RdP-1-1536x1152.jpeg 1536w, https:\/\/agrupacionespsoe.es\/ponferrada\/wp-content\/uploads\/sites\/36\/2024\/06\/imagen-RdP-1.jpeg 1600w\" sizes=\"auto, (max-width: 1024px) 100vw, 1024px\" \/><figcaption class=\"wp-element-caption\">Imagen de la rueda de prensa<\/figcaption><\/figure>\n","protected":false},"excerpt":{"rendered":"<p>El portavoz del PSOE, Olegario Ram\u00f3n, ha dado una rueda de prensa para analizar este primer a\u00f1o del gobierno del bipartito: PP y CB. El portavoz ha lamentado que este equipo de gobierno con Morala a la cabeza \u201cha generalizado la pr\u00e1ctica de mentir retiradamente pensando que as\u00ed obtienen buenos resultados\u201d. Ha continuado se\u00f1alando que &#8230;<\/p>\n","protected":false},"author":32,"featured_media":525,"comment_status":"open","ping_status":"open","sticky":false,"template":"","format":"standard","meta":{"_jetpack_memberships_contains_paid_content":false,"footnotes":""},"categories":[6],"tags":[],"class_list":["post-520","post","type-post","status-publish","format-standard","has-post-thumbnail","hentry","category-actualidad"],"yoast_head":"<!-- This site is optimized with the Yoast SEO plugin v24.0 - https:\/\/yoast.com\/wordpress\/plugins\/seo\/ -->\n<title>1 a\u00f1o de Morala: mentiras, paralizaci\u00f3n y derroche - Agrupaci\u00f3n Socialista de Ponferrada<\/title>\n<meta name=\"robots\" content=\"index, follow, max-snippet:-1, max-image-preview:large, max-video-preview:-1\" \/>\n<link rel=\"canonical\" href=\"https:\/\/agrupacionespsoe.es\/ponferrada\/1-ano-de-morala-mentiras-paralizacion-y-derroche\/\" \/>\n<meta property=\"og:locale\" content=\"es_ES\" \/>\n<meta property=\"og:type\" content=\"article\" \/>\n<meta property=\"og:title\" content=\"1 a\u00f1o de Morala: mentiras, paralizaci\u00f3n y derroche - Agrupaci\u00f3n Socialista de Ponferrada\" \/>\n<meta property=\"og:description\" content=\"El portavoz del PSOE, Olegario Ram\u00f3n, ha dado una rueda de prensa para analizar este primer a\u00f1o del gobierno del bipartito: PP y CB. El portavoz ha lamentado que este equipo de gobierno con Morala a la cabeza \u201cha generalizado la pr\u00e1ctica de mentir retiradamente pensando que as\u00ed obtienen buenos resultados\u201d. Ha continuado se\u00f1alando que ...\" \/>\n<meta property=\"og:url\" content=\"https:\/\/agrupacionespsoe.es\/ponferrada\/1-ano-de-morala-mentiras-paralizacion-y-derroche\/\" \/>\n<meta property=\"og:site_name\" content=\"Agrupaci\u00f3n Socialista de Ponferrada\" \/>\n<meta property=\"article:published_time\" content=\"2024-06-17T09:59:13+00:00\" \/>\n<meta property=\"article:modified_time\" content=\"2024-06-18T15:27:49+00:00\" \/>\n<meta property=\"og:image\" content=\"https:\/\/agrupacionespsoe.es\/ponferrada\/wp-content\/uploads\/sites\/36\/2024\/06\/imagen-RdP-1.jpeg\" \/>\n\t<meta property=\"og:image:width\" content=\"1600\" \/>\n\t<meta property=\"og:image:height\" content=\"1200\" \/>\n\t<meta property=\"og:image:type\" content=\"image\/jpeg\" \/>\n<meta name=\"author\" content=\"ponferrada2\" \/>\n<meta name=\"twitter:card\" content=\"summary_large_image\" \/>\n<meta name=\"twitter:label1\" content=\"Escrito por\" \/>\n\t<meta name=\"twitter:data1\" content=\"ponferrada2\" \/>\n\t<meta name=\"twitter:label2\" content=\"Tiempo de lectura\" \/>\n\t<meta name=\"twitter:data2\" content=\"7 minutos\" \/>\n<script type=\"application\/ld+json\" class=\"yoast-schema-graph\">{\"@context\":\"https:\/\/schema.org\",\"@graph\":[{\"@type\":\"Article\",\"@id\":\"https:\/\/agrupacionespsoe.es\/ponferrada\/1-ano-de-morala-mentiras-paralizacion-y-derroche\/#article\",\"isPartOf\":{\"@id\":\"https:\/\/agrupacionespsoe.es\/ponferrada\/1-ano-de-morala-mentiras-paralizacion-y-derroche\/\"},\"author\":{\"name\":\"ponferrada2\",\"@id\":\"https:\/\/agrupacionespsoe.es\/ponferrada\/#\/schema\/person\/cd29ee627f3b70c05d415f02596debaa\"},\"headline\":\"1 a\u00f1o de Morala: mentiras, paralizaci\u00f3n y derroche\",\"datePublished\":\"2024-06-17T09:59:13+00:00\",\"dateModified\":\"2024-06-18T15:27:49+00:00\",\"mainEntityOfPage\":{\"@id\":\"https:\/\/agrupacionespsoe.es\/ponferrada\/1-ano-de-morala-mentiras-paralizacion-y-derroche\/\"},\"wordCount\":1297,\"commentCount\":0,\"publisher\":{\"@id\":\"https:\/\/agrupacionespsoe.es\/ponferrada\/#organization\"},\"image\":{\"@id\":\"https:\/\/agrupacionespsoe.es\/ponferrada\/1-ano-de-morala-mentiras-paralizacion-y-derroche\/#primaryimage\"},\"thumbnailUrl\":\"https:\/\/agrupacionespsoe.es\/ponferrada\/wp-content\/uploads\/sites\/36\/2024\/06\/imagen-RdP-1.jpeg\",\"articleSection\":[\"ACTUALIDAD\"],\"inLanguage\":\"es\",\"potentialAction\":[{\"@type\":\"CommentAction\",\"name\":\"Comment\",\"target\":[\"https:\/\/agrupacionespsoe.es\/ponferrada\/1-ano-de-morala-mentiras-paralizacion-y-derroche\/#respond\"]}]},{\"@type\":\"WebPage\",\"@id\":\"https:\/\/agrupacionespsoe.es\/ponferrada\/1-ano-de-morala-mentiras-paralizacion-y-derroche\/\",\"url\":\"https:\/\/agrupacionespsoe.es\/ponferrada\/1-ano-de-morala-mentiras-paralizacion-y-derroche\/\",\"name\":\"1 a\u00f1o de Morala: mentiras, paralizaci\u00f3n y derroche - Agrupaci\u00f3n Socialista de Ponferrada\",\"isPartOf\":{\"@id\":\"https:\/\/agrupacionespsoe.es\/ponferrada\/#website\"},\"primaryImageOfPage\":{\"@id\":\"https:\/\/agrupacionespsoe.es\/ponferrada\/1-ano-de-morala-mentiras-paralizacion-y-derroche\/#primaryimage\"},\"image\":{\"@id\":\"https:\/\/agrupacionespsoe.es\/ponferrada\/1-ano-de-morala-mentiras-paralizacion-y-derroche\/#primaryimage\"},\"thumbnailUrl\":\"https:\/\/agrupacionespsoe.es\/ponferrada\/wp-content\/uploads\/sites\/36\/2024\/06\/imagen-RdP-1.jpeg\",\"datePublished\":\"2024-06-17T09:59:13+00:00\",\"dateModified\":\"2024-06-18T15:27:49+00:00\",\"breadcrumb\":{\"@id\":\"https:\/\/agrupacionespsoe.es\/ponferrada\/1-ano-de-morala-mentiras-paralizacion-y-derroche\/#breadcrumb\"},\"inLanguage\":\"es\",\"potentialAction\":[{\"@type\":\"ReadAction\",\"target\":[\"https:\/\/agrupacionespsoe.es\/ponferrada\/1-ano-de-morala-mentiras-paralizacion-y-derroche\/\"]}]},{\"@type\":\"ImageObject\",\"inLanguage\":\"es\",\"@id\":\"https:\/\/agrupacionespsoe.es\/ponferrada\/1-ano-de-morala-mentiras-paralizacion-y-derroche\/#primaryimage\",\"url\":\"https:\/\/agrupacionespsoe.es\/ponferrada\/wp-content\/uploads\/sites\/36\/2024\/06\/imagen-RdP-1.jpeg\",\"contentUrl\":\"https:\/\/agrupacionespsoe.es\/ponferrada\/wp-content\/uploads\/sites\/36\/2024\/06\/imagen-RdP-1.jpeg\",\"width\":1600,\"height\":1200},{\"@type\":\"BreadcrumbList\",\"@id\":\"https:\/\/agrupacionespsoe.es\/ponferrada\/1-ano-de-morala-mentiras-paralizacion-y-derroche\/#breadcrumb\",\"itemListElement\":[{\"@type\":\"ListItem\",\"position\":1,\"name\":\"Portada\",\"item\":\"https:\/\/agrupacionespsoe.es\/ponferrada\/\"},{\"@type\":\"ListItem\",\"position\":2,\"name\":\"1 a\u00f1o de Morala: mentiras, paralizaci\u00f3n y derroche\"}]},{\"@type\":\"WebSite\",\"@id\":\"https:\/\/agrupacionespsoe.es\/ponferrada\/#website\",\"url\":\"https:\/\/agrupacionespsoe.es\/ponferrada\/\",\"name\":\"Agrupaci\u00f3n Socialista de Ponferrada\",\"description\":\"Agrupaci\u00f3n Socialista de Ponferrada\",\"publisher\":{\"@id\":\"https:\/\/agrupacionespsoe.es\/ponferrada\/#organization\"},\"potentialAction\":[{\"@type\":\"SearchAction\",\"target\":{\"@type\":\"EntryPoint\",\"urlTemplate\":\"https:\/\/agrupacionespsoe.es\/ponferrada\/?s={search_term_string}\"},\"query-input\":{\"@type\":\"PropertyValueSpecification\",\"valueRequired\":true,\"valueName\":\"search_term_string\"}}],\"inLanguage\":\"es\"},{\"@type\":\"Organization\",\"@id\":\"https:\/\/agrupacionespsoe.es\/ponferrada\/#organization\",\"name\":\"Agrupaci\u00f3n Socialista de Ponferrada\",\"url\":\"https:\/\/agrupacionespsoe.es\/ponferrada\/\",\"logo\":{\"@type\":\"ImageObject\",\"inLanguage\":\"es\",\"@id\":\"https:\/\/agrupacionespsoe.es\/ponferrada\/#\/schema\/logo\/image\/\",\"url\":\"https:\/\/agrupacionespsoe.es\/wp-content\/uploads\/2022\/07\/Logotipo_electoral_del_PSOE.png\",\"contentUrl\":\"https:\/\/agrupacionespsoe.es\/wp-content\/uploads\/2022\/07\/Logotipo_electoral_del_PSOE.png\",\"width\":422,\"height\":422,\"caption\":\"Agrupaci\u00f3n Socialista de Ponferrada\"},\"image\":{\"@id\":\"https:\/\/agrupacionespsoe.es\/ponferrada\/#\/schema\/logo\/image\/\"}},{\"@type\":\"Person\",\"@id\":\"https:\/\/agrupacionespsoe.es\/ponferrada\/#\/schema\/person\/cd29ee627f3b70c05d415f02596debaa\",\"name\":\"ponferrada2\",\"image\":{\"@type\":\"ImageObject\",\"inLanguage\":\"es\",\"@id\":\"https:\/\/agrupacionespsoe.es\/ponferrada\/#\/schema\/person\/image\/\",\"url\":\"https:\/\/secure.gravatar.com\/avatar\/f499eeb60144c664cf7b7edf75549b50?s=96&d=mm&r=g\",\"contentUrl\":\"https:\/\/secure.gravatar.com\/avatar\/f499eeb60144c664cf7b7edf75549b50?s=96&d=mm&r=g\",\"caption\":\"ponferrada2\"},\"url\":\"https:\/\/agrupacionespsoe.es\/ponferrada\/author\/ponferrada2\/\"}]}<\/script>\n<!-- \/ Yoast SEO plugin. -->","yoast_head_json":{"title":"1 a\u00f1o de Morala: mentiras, paralizaci\u00f3n y derroche - Agrupaci\u00f3n Socialista de Ponferrada","robots":{"index":"index","follow":"follow","max-snippet":"max-snippet:-1","max-image-preview":"max-image-preview:large","max-video-preview":"max-video-preview:-1"},"canonical":"https:\/\/agrupacionespsoe.es\/ponferrada\/1-ano-de-morala-mentiras-paralizacion-y-derroche\/","og_locale":"es_ES","og_type":"article","og_title":"1 a\u00f1o de Morala: mentiras, paralizaci\u00f3n y derroche - Agrupaci\u00f3n Socialista de Ponferrada","og_description":"El portavoz del PSOE, Olegario Ram\u00f3n, ha dado una rueda de prensa para analizar este primer a\u00f1o del gobierno del bipartito: PP y CB. El portavoz ha lamentado que este equipo de gobierno con Morala a la cabeza \u201cha generalizado la pr\u00e1ctica de mentir retiradamente pensando que as\u00ed obtienen buenos resultados\u201d. Ha continuado se\u00f1alando que ...","og_url":"https:\/\/agrupacionespsoe.es\/ponferrada\/1-ano-de-morala-mentiras-paralizacion-y-derroche\/","og_site_name":"Agrupaci\u00f3n Socialista de Ponferrada","article_published_time":"2024-06-17T09:59:13+00:00","article_modified_time":"2024-06-18T15:27:49+00:00","og_image":[{"width":1600,"height":1200,"url":"https:\/\/agrupacionespsoe.es\/ponferrada\/wp-content\/uploads\/sites\/36\/2024\/06\/imagen-RdP-1.jpeg","type":"image\/jpeg"}],"author":"ponferrada2","twitter_card":"summary_large_image","twitter_misc":{"Escrito por":"ponferrada2","Tiempo de lectura":"7 minutos"},"schema":{"@context":"https:\/\/schema.org","@graph":[{"@type":"Article","@id":"https:\/\/agrupacionespsoe.es\/ponferrada\/1-ano-de-morala-mentiras-paralizacion-y-derroche\/#article","isPartOf":{"@id":"https:\/\/agrupacionespsoe.es\/ponferrada\/1-ano-de-morala-mentiras-paralizacion-y-derroche\/"},"author":{"name":"ponferrada2","@id":"https:\/\/agrupacionespsoe.es\/ponferrada\/#\/schema\/person\/cd29ee627f3b70c05d415f02596debaa"},"headline":"1 a\u00f1o de Morala: mentiras, paralizaci\u00f3n y derroche","datePublished":"2024-06-17T09:59:13+00:00","dateModified":"2024-06-18T15:27:49+00:00","mainEntityOfPage":{"@id":"https:\/\/agrupacionespsoe.es\/ponferrada\/1-ano-de-morala-mentiras-paralizacion-y-derroche\/"},"wordCount":1297,"commentCount":0,"publisher":{"@id":"https:\/\/agrupacionespsoe.es\/ponferrada\/#organization"},"image":{"@id":"https:\/\/agrupacionespsoe.es\/ponferrada\/1-ano-de-morala-mentiras-paralizacion-y-derroche\/#primaryimage"},"thumbnailUrl":"https:\/\/agrupacionespsoe.es\/ponferrada\/wp-content\/uploads\/sites\/36\/2024\/06\/imagen-RdP-1.jpeg","articleSection":["ACTUALIDAD"],"inLanguage":"es","potentialAction":[{"@type":"CommentAction","name":"Comment","target":["https:\/\/agrupacionespsoe.es\/ponferrada\/1-ano-de-morala-mentiras-paralizacion-y-derroche\/#respond"]}]},{"@type":"WebPage","@id":"https:\/\/agrupacionespsoe.es\/ponferrada\/1-ano-de-morala-mentiras-paralizacion-y-derroche\/","url":"https:\/\/agrupacionespsoe.es\/ponferrada\/1-ano-de-morala-mentiras-paralizacion-y-derroche\/","name":"1 a\u00f1o de Morala: mentiras, paralizaci\u00f3n y derroche - Agrupaci\u00f3n Socialista de Ponferrada","isPartOf":{"@id":"https:\/\/agrupacionespsoe.es\/ponferrada\/#website"},"primaryImageOfPage":{"@id":"https:\/\/agrupacionespsoe.es\/ponferrada\/1-ano-de-morala-mentiras-paralizacion-y-derroche\/#primaryimage"},"image":{"@id":"https:\/\/agrupacionespsoe.es\/ponferrada\/1-ano-de-morala-mentiras-paralizacion-y-derroche\/#primaryimage"},"thumbnailUrl":"https:\/\/agrupacionespsoe.es\/ponferrada\/wp-content\/uploads\/sites\/36\/2024\/06\/imagen-RdP-1.jpeg","datePublished":"2024-06-17T09:59:13+00:00","dateModified":"2024-06-18T15:27:49+00:00","breadcrumb":{"@id":"https:\/\/agrupacionespsoe.es\/ponferrada\/1-ano-de-morala-mentiras-paralizacion-y-derroche\/#breadcrumb"},"inLanguage":"es","potentialAction":[{"@type":"ReadAction","target":["https:\/\/agrupacionespsoe.es\/ponferrada\/1-ano-de-morala-mentiras-paralizacion-y-derroche\/"]}]},{"@type":"ImageObject","inLanguage":"es","@id":"https:\/\/agrupacionespsoe.es\/ponferrada\/1-ano-de-morala-mentiras-paralizacion-y-derroche\/#primaryimage","url":"https:\/\/agrupacionespsoe.es\/ponferrada\/wp-content\/uploads\/sites\/36\/2024\/06\/imagen-RdP-1.jpeg","contentUrl":"https:\/\/agrupacionespsoe.es\/ponferrada\/wp-content\/uploads\/sites\/36\/2024\/06\/imagen-RdP-1.jpeg","width":1600,"height":1200},{"@type":"BreadcrumbList","@id":"https:\/\/agrupacionespsoe.es\/ponferrada\/1-ano-de-morala-mentiras-paralizacion-y-derroche\/#breadcrumb","itemListElement":[{"@type":"ListItem","position":1,"name":"Portada","item":"https:\/\/agrupacionespsoe.es\/ponferrada\/"},{"@type":"ListItem","position":2,"name":"1 a\u00f1o de Morala: mentiras, paralizaci\u00f3n y derroche"}]},{"@type":"WebSite","@id":"https:\/\/agrupacionespsoe.es\/ponferrada\/#website","url":"https:\/\/agrupacionespsoe.es\/ponferrada\/","name":"Agrupaci\u00f3n Socialista de Ponferrada","description":"Agrupaci\u00f3n Socialista de Ponferrada","publisher":{"@id":"https:\/\/agrupacionespsoe.es\/ponferrada\/#organization"},"potentialAction":[{"@type":"SearchAction","target":{"@type":"EntryPoint","urlTemplate":"https:\/\/agrupacionespsoe.es\/ponferrada\/?s={search_term_string}"},"query-input":{"@type":"PropertyValueSpecification","valueRequired":true,"valueName":"search_term_string"}}],"inLanguage":"es"},{"@type":"Organization","@id":"https:\/\/agrupacionespsoe.es\/ponferrada\/#organization","name":"Agrupaci\u00f3n Socialista de Ponferrada","url":"https:\/\/agrupacionespsoe.es\/ponferrada\/","logo":{"@type":"ImageObject","inLanguage":"es","@id":"https:\/\/agrupacionespsoe.es\/ponferrada\/#\/schema\/logo\/image\/","url":"https:\/\/agrupacionespsoe.es\/wp-content\/uploads\/2022\/07\/Logotipo_electoral_del_PSOE.png","contentUrl":"https:\/\/agrupacionespsoe.es\/wp-content\/uploads\/2022\/07\/Logotipo_electoral_del_PSOE.png","width":422,"height":422,"caption":"Agrupaci\u00f3n Socialista de Ponferrada"},"image":{"@id":"https:\/\/agrupacionespsoe.es\/ponferrada\/#\/schema\/logo\/image\/"}},{"@type":"Person","@id":"https:\/\/agrupacionespsoe.es\/ponferrada\/#\/schema\/person\/cd29ee627f3b70c05d415f02596debaa","name":"ponferrada2","image":{"@type":"ImageObject","inLanguage":"es","@id":"https:\/\/agrupacionespsoe.es\/ponferrada\/#\/schema\/person\/image\/","url":"https:\/\/secure.gravatar.com\/avatar\/f499eeb60144c664cf7b7edf75549b50?s=96&d=mm&r=g","contentUrl":"https:\/\/secure.gravatar.com\/avatar\/f499eeb60144c664cf7b7edf75549b50?s=96&d=mm&r=g","caption":"ponferrada2"},"url":"https:\/\/agrupacionespsoe.es\/ponferrada\/author\/ponferrada2\/"}]}},"jetpack_featured_media_url":"https:\/\/agrupacionespsoe.es\/ponferrada\/wp-content\/uploads\/sites\/36\/2024\/06\/imagen-RdP-1.jpeg","jetpack_sharing_enabled":true,"_links":{"self":[{"href":"https:\/\/agrupacionespsoe.es\/ponferrada\/wp-json\/wp\/v2\/posts\/520","targetHints":{"allow":["GET"]}}],"collection":[{"href":"https:\/\/agrupacionespsoe.es\/ponferrada\/wp-json\/wp\/v2\/posts"}],"about":[{"href":"https:\/\/agrupacionespsoe.es\/ponferrada\/wp-json\/wp\/v2\/types\/post"}],"author":[{"embeddable":true,"href":"https:\/\/agrupacionespsoe.es\/ponferrada\/wp-json\/wp\/v2\/users\/32"}],"replies":[{"embeddable":true,"href":"https:\/\/agrupacionespsoe.es\/ponferrada\/wp-json\/wp\/v2\/comments?post=520"}],"version-history":[{"count":3,"href":"https:\/\/agrupacionespsoe.es\/ponferrada\/wp-json\/wp\/v2\/posts\/520\/revisions"}],"predecessor-version":[{"id":527,"href":"https:\/\/agrupacionespsoe.es\/ponferrada\/wp-json\/wp\/v2\/posts\/520\/revisions\/527"}],"wp:featuredmedia":[{"embeddable":true,"href":"https:\/\/agrupacionespsoe.es\/ponferrada\/wp-json\/wp\/v2\/media\/525"}],"wp:attachment":[{"href":"https:\/\/agrupacionespsoe.es\/ponferrada\/wp-json\/wp\/v2\/media?parent=520"}],"wp:term":[{"taxonomy":"category","embeddable":true,"href":"https:\/\/agrupacionespsoe.es\/ponferrada\/wp-json\/wp\/v2\/categories?post=520"},{"taxonomy":"post_tag","embeddable":true,"href":"https:\/\/agrupacionespsoe.es\/ponferrada\/wp-json\/wp\/v2\/tags?post=520"}],"curies":[{"name":"wp","href":"https:\/\/api.w.org\/{rel}","templated":true}]}}