{"id":510,"date":"2024-06-11T11:54:03","date_gmt":"2024-06-11T11:54:03","guid":{"rendered":"https:\/\/agrupacionespsoe.es\/ponferrada\/?p=510"},"modified":"2024-06-11T11:54:04","modified_gmt":"2024-06-11T11:54:04","slug":"el-grupo-municipal-socialista-augura-que-el-pp-va-a-subir-los-impuestos-a-la-ciudadania","status":"publish","type":"post","link":"https:\/\/agrupacionespsoe.es\/ponferrada\/el-grupo-municipal-socialista-augura-que-el-pp-va-a-subir-los-impuestos-a-la-ciudadania\/","title":{"rendered":"El grupo municipal socialista augura que el PP va a subir los impuestos a la ciudadan\u00eda."},"content":{"rendered":"\n<blockquote class=\"wp-block-quote is-layout-flow wp-block-quote-is-layout-flow\">\n<p class=\"has-large-font-size\"><strong>El PP nos est\u00e1 enga\u00f1ando para tratar de responsabilizar al PSOE de su subida de impuestos<\/strong><\/p>\n<\/blockquote>\n\n\n\n<p>Esta ma\u00f1ana el Grupo Municipal Socialista ha explicado en rueda de prensa la verdad sobre la liquidaci\u00f3n de la deuda de FCC.<\/p>\n\n\n\n<p>El portavoz del Grupo Municipal Socialista, Olegario Ram\u00f3n, ha explicado que el origen de la deuda de la empresa concesionaria del servicio de recogida de basura se debe en su mayor parte a las consecuencias de la huelga de 2017 y m\u00e1s concretamente a los dos plenos de 28\/04\/2017 y de 25\/08\/2017, donde se produjeron dos acuerdos que explican la actual situaci\u00f3n.<\/p>\n\n\n\n<p>El primero, que el Ayuntamiento asum\u00eda el sobrecoste de los acuerdos entre empresa y trabajadores, y que los asum\u00eda con car\u00e1cter retroactivo, desde 2016<\/p>\n\n\n\n<p>Y la segunda es que los efectos econ\u00f3micos que pudieran derivarse de esos acuerdos se iban a cuantificar en el momento de la liquidaci\u00f3n del contrato.<\/p>\n\n\n\n<p>Olegario contin\u00faa se\u00f1alando que debido a esa actuaci\u00f3n del gobierno del PP de Gloria F. Merayo se deriva gran parte de la deuda que ahora la empresa reclama. Concretamente de la cantidad total reclamada 7.062.339,66 \u20ac, los costes de personal ascienden a 5.960.385,43 \u20ac.<\/p>\n\n\n\n<figure class=\"wp-block-image size-full\"><img loading=\"lazy\" decoding=\"async\" width=\"892\" height=\"491\" src=\"https:\/\/agrupacionespsoe.es\/ponferrada\/wp-content\/uploads\/sites\/36\/2024\/06\/image.png\" alt=\"\" class=\"wp-image-511\" srcset=\"https:\/\/agrupacionespsoe.es\/ponferrada\/wp-content\/uploads\/sites\/36\/2024\/06\/image.png 892w, https:\/\/agrupacionespsoe.es\/ponferrada\/wp-content\/uploads\/sites\/36\/2024\/06\/image-300x165.png 300w, https:\/\/agrupacionespsoe.es\/ponferrada\/wp-content\/uploads\/sites\/36\/2024\/06\/image-768x423.png 768w\" sizes=\"auto, (max-width: 892px) 100vw, 892px\" \/><\/figure>\n\n\n\n<p>Olegario Ram\u00f3n ha apuntado en relaci\u00f3n a los m\u00e1s de 300.000 euros que reclaman en concepto de reparaciones de camiones que su gobierno invirti\u00f3 m\u00e1s de 2 millones de euros para renovar la maquinaria y as\u00ed reducir los costes de reparaci\u00f3n y de la cantidad total que reclama la empresa 119.000 euros son los que se corresponden con el mandato del PSOE. Son tambi\u00e9n del \u00faltimo mandato los importes que corresponden a la sustituci\u00f3n de contenedores y al alquiler del cami\u00f3n recolector de carga trasera, ambos costes destinados a mejorar la prestaci\u00f3n del servicio.<\/p>\n\n\n\n<p>A las acusaciones del actual equipo del PP de que no se pag\u00f3 la deuda, Olegario ha documentado las fechas en las que se han tenido lugar las comunicaciones con la empresa. Ha se\u00f1alado que la empresa comunica esta liquidaci\u00f3n provisional el 3 de octubre de 2022 y que dada la cantidad y la extensa documentaci\u00f3n del expediente, desde el ayuntamiento se solicita una pr\u00f3rroga para poder estudiar la documentaci\u00f3n y comprobar que los importes reclamados son correctos, un tr\u00e1mite preciso para salvaguardar los intereses de la ciudadan\u00eda.<\/p>\n\n\n\n<p>Adem\u00e1s ha indicado que cuando acab\u00f3 la pr\u00f3rroga solicitada por el PSOE, el PP que ya gobernaba en ese momento solicit\u00f3 otra pr\u00f3rroga que acaban de concluir.<\/p>\n\n\n\n<p>Olegario Ram\u00f3n ha se\u00f1alado que esta fue una de las principales razones por las que se aguant\u00f3 la huelga de basura que coincidi\u00f3 con la campa\u00f1a de las elecciones municipales y que su equipo se neg\u00f3 a que el ayuntamiento corriera con los costes de personal que los y las trabajadoras de la empresa solicitaban poniendo por encima los intereses y el patrimonio de la ciudadan\u00eda por encima de los intereses partidistas.<\/p>\n\n\n\n<p>Por \u00faltimo, ha desvelado que el PP nos est\u00e1 tratando de enga\u00f1ar, que todas estas llamadas a las deudas millonarias que supuestamente han heredado no son m\u00e1s que la excusa que van a utilizar para responsabilizar al PSOE de su subida de impuestos a la ciudadan\u00eda. Porque eso es lo que van a hacer no solo van a incumplir su promesa de bajar los impuestos sino que los van a subir.<\/p>\n\n\n\n<figure class=\"wp-block-image size-large\"><img loading=\"lazy\" decoding=\"async\" width=\"1024\" height=\"768\" src=\"https:\/\/agrupacionespsoe.es\/ponferrada\/wp-content\/uploads\/sites\/36\/2024\/06\/RdP-FCC-1024x768.jpeg\" alt=\"\" class=\"wp-image-512\" srcset=\"https:\/\/agrupacionespsoe.es\/ponferrada\/wp-content\/uploads\/sites\/36\/2024\/06\/RdP-FCC-1024x768.jpeg 1024w, https:\/\/agrupacionespsoe.es\/ponferrada\/wp-content\/uploads\/sites\/36\/2024\/06\/RdP-FCC-300x225.jpeg 300w, https:\/\/agrupacionespsoe.es\/ponferrada\/wp-content\/uploads\/sites\/36\/2024\/06\/RdP-FCC-768x576.jpeg 768w, https:\/\/agrupacionespsoe.es\/ponferrada\/wp-content\/uploads\/sites\/36\/2024\/06\/RdP-FCC-1536x1152.jpeg 1536w, https:\/\/agrupacionespsoe.es\/ponferrada\/wp-content\/uploads\/sites\/36\/2024\/06\/RdP-FCC.jpeg 2048w\" sizes=\"auto, (max-width: 1024px) 100vw, 1024px\" \/><\/figure>\n","protected":false},"excerpt":{"rendered":"<p>El PP nos est\u00e1 enga\u00f1ando para tratar de responsabilizar al PSOE de su subida de impuestos Esta ma\u00f1ana el Grupo Municipal Socialista ha explicado en rueda de prensa la verdad sobre la liquidaci\u00f3n de la deuda de FCC. El portavoz del Grupo Municipal Socialista, Olegario Ram\u00f3n, ha explicado que el origen de la deuda de &#8230;<\/p>\n","protected":false},"author":32,"featured_media":512,"comment_status":"open","ping_status":"open","sticky":false,"template":"","format":"standard","meta":{"_jetpack_memberships_contains_paid_content":false,"footnotes":""},"categories":[6],"tags":[],"class_list":["post-510","post","type-post","status-publish","format-standard","has-post-thumbnail","hentry","category-actualidad"],"yoast_head":"<!-- This site is optimized with the Yoast SEO plugin v24.0 - https:\/\/yoast.com\/wordpress\/plugins\/seo\/ -->\n<title>El grupo municipal socialista augura que el PP va a subir los impuestos a la ciudadan\u00eda. - Agrupaci\u00f3n Socialista de Ponferrada<\/title>\n<meta name=\"robots\" content=\"index, follow, max-snippet:-1, max-image-preview:large, max-video-preview:-1\" \/>\n<link rel=\"canonical\" href=\"https:\/\/agrupacionespsoe.es\/ponferrada\/el-grupo-municipal-socialista-augura-que-el-pp-va-a-subir-los-impuestos-a-la-ciudadania\/\" \/>\n<meta property=\"og:locale\" content=\"es_ES\" \/>\n<meta property=\"og:type\" content=\"article\" \/>\n<meta property=\"og:title\" content=\"El grupo municipal socialista augura que el PP va a subir los impuestos a la ciudadan\u00eda. - Agrupaci\u00f3n Socialista de Ponferrada\" \/>\n<meta property=\"og:description\" content=\"El PP nos est\u00e1 enga\u00f1ando para tratar de responsabilizar al PSOE de su subida de impuestos Esta ma\u00f1ana el Grupo Municipal Socialista ha explicado en rueda de prensa la verdad sobre la liquidaci\u00f3n de la deuda de FCC. El portavoz del Grupo Municipal Socialista, Olegario Ram\u00f3n, ha explicado que el origen de la deuda de ...\" \/>\n<meta property=\"og:url\" content=\"https:\/\/agrupacionespsoe.es\/ponferrada\/el-grupo-municipal-socialista-augura-que-el-pp-va-a-subir-los-impuestos-a-la-ciudadania\/\" \/>\n<meta property=\"og:site_name\" content=\"Agrupaci\u00f3n Socialista de Ponferrada\" \/>\n<meta property=\"article:published_time\" content=\"2024-06-11T11:54:03+00:00\" \/>\n<meta property=\"article:modified_time\" content=\"2024-06-11T11:54:04+00:00\" \/>\n<meta property=\"og:image\" content=\"https:\/\/agrupacionespsoe.es\/ponferrada\/wp-content\/uploads\/sites\/36\/2024\/06\/RdP-FCC.jpeg\" \/>\n\t<meta property=\"og:image:width\" content=\"2048\" \/>\n\t<meta property=\"og:image:height\" content=\"1536\" \/>\n\t<meta property=\"og:image:type\" content=\"image\/jpeg\" \/>\n<meta name=\"author\" content=\"ponferrada2\" \/>\n<meta name=\"twitter:card\" content=\"summary_large_image\" \/>\n<meta name=\"twitter:label1\" content=\"Escrito por\" \/>\n\t<meta name=\"twitter:data1\" content=\"ponferrada2\" \/>\n\t<meta name=\"twitter:label2\" content=\"Tiempo de lectura\" \/>\n\t<meta name=\"twitter:data2\" content=\"3 minutos\" \/>\n<script type=\"application\/ld+json\" class=\"yoast-schema-graph\">{\"@context\":\"https:\/\/schema.org\",\"@graph\":[{\"@type\":\"Article\",\"@id\":\"https:\/\/agrupacionespsoe.es\/ponferrada\/el-grupo-municipal-socialista-augura-que-el-pp-va-a-subir-los-impuestos-a-la-ciudadania\/#article\",\"isPartOf\":{\"@id\":\"https:\/\/agrupacionespsoe.es\/ponferrada\/el-grupo-municipal-socialista-augura-que-el-pp-va-a-subir-los-impuestos-a-la-ciudadania\/\"},\"author\":{\"name\":\"ponferrada2\",\"@id\":\"https:\/\/agrupacionespsoe.es\/ponferrada\/#\/schema\/person\/cd29ee627f3b70c05d415f02596debaa\"},\"headline\":\"El grupo municipal socialista augura que el PP va a subir los impuestos a la ciudadan\u00eda.\",\"datePublished\":\"2024-06-11T11:54:03+00:00\",\"dateModified\":\"2024-06-11T11:54:04+00:00\",\"mainEntityOfPage\":{\"@id\":\"https:\/\/agrupacionespsoe.es\/ponferrada\/el-grupo-municipal-socialista-augura-que-el-pp-va-a-subir-los-impuestos-a-la-ciudadania\/\"},\"wordCount\":590,\"commentCount\":0,\"publisher\":{\"@id\":\"https:\/\/agrupacionespsoe.es\/ponferrada\/#organization\"},\"image\":{\"@id\":\"https:\/\/agrupacionespsoe.es\/ponferrada\/el-grupo-municipal-socialista-augura-que-el-pp-va-a-subir-los-impuestos-a-la-ciudadania\/#primaryimage\"},\"thumbnailUrl\":\"https:\/\/agrupacionespsoe.es\/ponferrada\/wp-content\/uploads\/sites\/36\/2024\/06\/RdP-FCC.jpeg\",\"articleSection\":[\"ACTUALIDAD\"],\"inLanguage\":\"es\",\"potentialAction\":[{\"@type\":\"CommentAction\",\"name\":\"Comment\",\"target\":[\"https:\/\/agrupacionespsoe.es\/ponferrada\/el-grupo-municipal-socialista-augura-que-el-pp-va-a-subir-los-impuestos-a-la-ciudadania\/#respond\"]}]},{\"@type\":\"WebPage\",\"@id\":\"https:\/\/agrupacionespsoe.es\/ponferrada\/el-grupo-municipal-socialista-augura-que-el-pp-va-a-subir-los-impuestos-a-la-ciudadania\/\",\"url\":\"https:\/\/agrupacionespsoe.es\/ponferrada\/el-grupo-municipal-socialista-augura-que-el-pp-va-a-subir-los-impuestos-a-la-ciudadania\/\",\"name\":\"El grupo municipal socialista augura que el PP va a subir los impuestos a la ciudadan\u00eda. - Agrupaci\u00f3n Socialista de Ponferrada\",\"isPartOf\":{\"@id\":\"https:\/\/agrupacionespsoe.es\/ponferrada\/#website\"},\"primaryImageOfPage\":{\"@id\":\"https:\/\/agrupacionespsoe.es\/ponferrada\/el-grupo-municipal-socialista-augura-que-el-pp-va-a-subir-los-impuestos-a-la-ciudadania\/#primaryimage\"},\"image\":{\"@id\":\"https:\/\/agrupacionespsoe.es\/ponferrada\/el-grupo-municipal-socialista-augura-que-el-pp-va-a-subir-los-impuestos-a-la-ciudadania\/#primaryimage\"},\"thumbnailUrl\":\"https:\/\/agrupacionespsoe.es\/ponferrada\/wp-content\/uploads\/sites\/36\/2024\/06\/RdP-FCC.jpeg\",\"datePublished\":\"2024-06-11T11:54:03+00:00\",\"dateModified\":\"2024-06-11T11:54:04+00:00\",\"breadcrumb\":{\"@id\":\"https:\/\/agrupacionespsoe.es\/ponferrada\/el-grupo-municipal-socialista-augura-que-el-pp-va-a-subir-los-impuestos-a-la-ciudadania\/#breadcrumb\"},\"inLanguage\":\"es\",\"potentialAction\":[{\"@type\":\"ReadAction\",\"target\":[\"https:\/\/agrupacionespsoe.es\/ponferrada\/el-grupo-municipal-socialista-augura-que-el-pp-va-a-subir-los-impuestos-a-la-ciudadania\/\"]}]},{\"@type\":\"ImageObject\",\"inLanguage\":\"es\",\"@id\":\"https:\/\/agrupacionespsoe.es\/ponferrada\/el-grupo-municipal-socialista-augura-que-el-pp-va-a-subir-los-impuestos-a-la-ciudadania\/#primaryimage\",\"url\":\"https:\/\/agrupacionespsoe.es\/ponferrada\/wp-content\/uploads\/sites\/36\/2024\/06\/RdP-FCC.jpeg\",\"contentUrl\":\"https:\/\/agrupacionespsoe.es\/ponferrada\/wp-content\/uploads\/sites\/36\/2024\/06\/RdP-FCC.jpeg\",\"width\":2048,\"height\":1536},{\"@type\":\"BreadcrumbList\",\"@id\":\"https:\/\/agrupacionespsoe.es\/ponferrada\/el-grupo-municipal-socialista-augura-que-el-pp-va-a-subir-los-impuestos-a-la-ciudadania\/#breadcrumb\",\"itemListElement\":[{\"@type\":\"ListItem\",\"position\":1,\"name\":\"Portada\",\"item\":\"https:\/\/agrupacionespsoe.es\/ponferrada\/\"},{\"@type\":\"ListItem\",\"position\":2,\"name\":\"El grupo municipal socialista augura que el PP va a subir los impuestos a la ciudadan\u00eda.\"}]},{\"@type\":\"WebSite\",\"@id\":\"https:\/\/agrupacionespsoe.es\/ponferrada\/#website\",\"url\":\"https:\/\/agrupacionespsoe.es\/ponferrada\/\",\"name\":\"Agrupaci\u00f3n Socialista de Ponferrada\",\"description\":\"Agrupaci\u00f3n Socialista de Ponferrada\",\"publisher\":{\"@id\":\"https:\/\/agrupacionespsoe.es\/ponferrada\/#organization\"},\"potentialAction\":[{\"@type\":\"SearchAction\",\"target\":{\"@type\":\"EntryPoint\",\"urlTemplate\":\"https:\/\/agrupacionespsoe.es\/ponferrada\/?s={search_term_string}\"},\"query-input\":{\"@type\":\"PropertyValueSpecification\",\"valueRequired\":true,\"valueName\":\"search_term_string\"}}],\"inLanguage\":\"es\"},{\"@type\":\"Organization\",\"@id\":\"https:\/\/agrupacionespsoe.es\/ponferrada\/#organization\",\"name\":\"Agrupaci\u00f3n Socialista de Ponferrada\",\"url\":\"https:\/\/agrupacionespsoe.es\/ponferrada\/\",\"logo\":{\"@type\":\"ImageObject\",\"inLanguage\":\"es\",\"@id\":\"https:\/\/agrupacionespsoe.es\/ponferrada\/#\/schema\/logo\/image\/\",\"url\":\"https:\/\/agrupacionespsoe.es\/wp-content\/uploads\/2022\/07\/Logotipo_electoral_del_PSOE.png\",\"contentUrl\":\"https:\/\/agrupacionespsoe.es\/wp-content\/uploads\/2022\/07\/Logotipo_electoral_del_PSOE.png\",\"width\":422,\"height\":422,\"caption\":\"Agrupaci\u00f3n Socialista de Ponferrada\"},\"image\":{\"@id\":\"https:\/\/agrupacionespsoe.es\/ponferrada\/#\/schema\/logo\/image\/\"}},{\"@type\":\"Person\",\"@id\":\"https:\/\/agrupacionespsoe.es\/ponferrada\/#\/schema\/person\/cd29ee627f3b70c05d415f02596debaa\",\"name\":\"ponferrada2\",\"image\":{\"@type\":\"ImageObject\",\"inLanguage\":\"es\",\"@id\":\"https:\/\/agrupacionespsoe.es\/ponferrada\/#\/schema\/person\/image\/\",\"url\":\"https:\/\/secure.gravatar.com\/avatar\/f499eeb60144c664cf7b7edf75549b50?s=96&d=mm&r=g\",\"contentUrl\":\"https:\/\/secure.gravatar.com\/avatar\/f499eeb60144c664cf7b7edf75549b50?s=96&d=mm&r=g\",\"caption\":\"ponferrada2\"},\"url\":\"https:\/\/agrupacionespsoe.es\/ponferrada\/author\/ponferrada2\/\"}]}<\/script>\n<!-- \/ Yoast SEO plugin. -->","yoast_head_json":{"title":"El grupo municipal socialista augura que el PP va a subir los impuestos a la ciudadan\u00eda. - Agrupaci\u00f3n Socialista de Ponferrada","robots":{"index":"index","follow":"follow","max-snippet":"max-snippet:-1","max-image-preview":"max-image-preview:large","max-video-preview":"max-video-preview:-1"},"canonical":"https:\/\/agrupacionespsoe.es\/ponferrada\/el-grupo-municipal-socialista-augura-que-el-pp-va-a-subir-los-impuestos-a-la-ciudadania\/","og_locale":"es_ES","og_type":"article","og_title":"El grupo municipal socialista augura que el PP va a subir los impuestos a la ciudadan\u00eda. - Agrupaci\u00f3n Socialista de Ponferrada","og_description":"El PP nos est\u00e1 enga\u00f1ando para tratar de responsabilizar al PSOE de su subida de impuestos Esta ma\u00f1ana el Grupo Municipal Socialista ha explicado en rueda de prensa la verdad sobre la liquidaci\u00f3n de la deuda de FCC. El portavoz del Grupo Municipal Socialista, Olegario Ram\u00f3n, ha explicado que el origen de la deuda de ...","og_url":"https:\/\/agrupacionespsoe.es\/ponferrada\/el-grupo-municipal-socialista-augura-que-el-pp-va-a-subir-los-impuestos-a-la-ciudadania\/","og_site_name":"Agrupaci\u00f3n Socialista de Ponferrada","article_published_time":"2024-06-11T11:54:03+00:00","article_modified_time":"2024-06-11T11:54:04+00:00","og_image":[{"width":2048,"height":1536,"url":"https:\/\/agrupacionespsoe.es\/ponferrada\/wp-content\/uploads\/sites\/36\/2024\/06\/RdP-FCC.jpeg","type":"image\/jpeg"}],"author":"ponferrada2","twitter_card":"summary_large_image","twitter_misc":{"Escrito por":"ponferrada2","Tiempo de lectura":"3 minutos"},"schema":{"@context":"https:\/\/schema.org","@graph":[{"@type":"Article","@id":"https:\/\/agrupacionespsoe.es\/ponferrada\/el-grupo-municipal-socialista-augura-que-el-pp-va-a-subir-los-impuestos-a-la-ciudadania\/#article","isPartOf":{"@id":"https:\/\/agrupacionespsoe.es\/ponferrada\/el-grupo-municipal-socialista-augura-que-el-pp-va-a-subir-los-impuestos-a-la-ciudadania\/"},"author":{"name":"ponferrada2","@id":"https:\/\/agrupacionespsoe.es\/ponferrada\/#\/schema\/person\/cd29ee627f3b70c05d415f02596debaa"},"headline":"El grupo municipal socialista augura que el PP va a subir los impuestos a la ciudadan\u00eda.","datePublished":"2024-06-11T11:54:03+00:00","dateModified":"2024-06-11T11:54:04+00:00","mainEntityOfPage":{"@id":"https:\/\/agrupacionespsoe.es\/ponferrada\/el-grupo-municipal-socialista-augura-que-el-pp-va-a-subir-los-impuestos-a-la-ciudadania\/"},"wordCount":590,"commentCount":0,"publisher":{"@id":"https:\/\/agrupacionespsoe.es\/ponferrada\/#organization"},"image":{"@id":"https:\/\/agrupacionespsoe.es\/ponferrada\/el-grupo-municipal-socialista-augura-que-el-pp-va-a-subir-los-impuestos-a-la-ciudadania\/#primaryimage"},"thumbnailUrl":"https:\/\/agrupacionespsoe.es\/ponferrada\/wp-content\/uploads\/sites\/36\/2024\/06\/RdP-FCC.jpeg","articleSection":["ACTUALIDAD"],"inLanguage":"es","potentialAction":[{"@type":"CommentAction","name":"Comment","target":["https:\/\/agrupacionespsoe.es\/ponferrada\/el-grupo-municipal-socialista-augura-que-el-pp-va-a-subir-los-impuestos-a-la-ciudadania\/#respond"]}]},{"@type":"WebPage","@id":"https:\/\/agrupacionespsoe.es\/ponferrada\/el-grupo-municipal-socialista-augura-que-el-pp-va-a-subir-los-impuestos-a-la-ciudadania\/","url":"https:\/\/agrupacionespsoe.es\/ponferrada\/el-grupo-municipal-socialista-augura-que-el-pp-va-a-subir-los-impuestos-a-la-ciudadania\/","name":"El grupo municipal socialista augura que el PP va a subir los impuestos a la ciudadan\u00eda. - Agrupaci\u00f3n Socialista de Ponferrada","isPartOf":{"@id":"https:\/\/agrupacionespsoe.es\/ponferrada\/#website"},"primaryImageOfPage":{"@id":"https:\/\/agrupacionespsoe.es\/ponferrada\/el-grupo-municipal-socialista-augura-que-el-pp-va-a-subir-los-impuestos-a-la-ciudadania\/#primaryimage"},"image":{"@id":"https:\/\/agrupacionespsoe.es\/ponferrada\/el-grupo-municipal-socialista-augura-que-el-pp-va-a-subir-los-impuestos-a-la-ciudadania\/#primaryimage"},"thumbnailUrl":"https:\/\/agrupacionespsoe.es\/ponferrada\/wp-content\/uploads\/sites\/36\/2024\/06\/RdP-FCC.jpeg","datePublished":"2024-06-11T11:54:03+00:00","dateModified":"2024-06-11T11:54:04+00:00","breadcrumb":{"@id":"https:\/\/agrupacionespsoe.es\/ponferrada\/el-grupo-municipal-socialista-augura-que-el-pp-va-a-subir-los-impuestos-a-la-ciudadania\/#breadcrumb"},"inLanguage":"es","potentialAction":[{"@type":"ReadAction","target":["https:\/\/agrupacionespsoe.es\/ponferrada\/el-grupo-municipal-socialista-augura-que-el-pp-va-a-subir-los-impuestos-a-la-ciudadania\/"]}]},{"@type":"ImageObject","inLanguage":"es","@id":"https:\/\/agrupacionespsoe.es\/ponferrada\/el-grupo-municipal-socialista-augura-que-el-pp-va-a-subir-los-impuestos-a-la-ciudadania\/#primaryimage","url":"https:\/\/agrupacionespsoe.es\/ponferrada\/wp-content\/uploads\/sites\/36\/2024\/06\/RdP-FCC.jpeg","contentUrl":"https:\/\/agrupacionespsoe.es\/ponferrada\/wp-content\/uploads\/sites\/36\/2024\/06\/RdP-FCC.jpeg","width":2048,"height":1536},{"@type":"BreadcrumbList","@id":"https:\/\/agrupacionespsoe.es\/ponferrada\/el-grupo-municipal-socialista-augura-que-el-pp-va-a-subir-los-impuestos-a-la-ciudadania\/#breadcrumb","itemListElement":[{"@type":"ListItem","position":1,"name":"Portada","item":"https:\/\/agrupacionespsoe.es\/ponferrada\/"},{"@type":"ListItem","position":2,"name":"El grupo municipal socialista augura que el PP va a subir los impuestos a la ciudadan\u00eda."}]},{"@type":"WebSite","@id":"https:\/\/agrupacionespsoe.es\/ponferrada\/#website","url":"https:\/\/agrupacionespsoe.es\/ponferrada\/","name":"Agrupaci\u00f3n Socialista de Ponferrada","description":"Agrupaci\u00f3n Socialista de Ponferrada","publisher":{"@id":"https:\/\/agrupacionespsoe.es\/ponferrada\/#organization"},"potentialAction":[{"@type":"SearchAction","target":{"@type":"EntryPoint","urlTemplate":"https:\/\/agrupacionespsoe.es\/ponferrada\/?s={search_term_string}"},"query-input":{"@type":"PropertyValueSpecification","valueRequired":true,"valueName":"search_term_string"}}],"inLanguage":"es"},{"@type":"Organization","@id":"https:\/\/agrupacionespsoe.es\/ponferrada\/#organization","name":"Agrupaci\u00f3n Socialista de Ponferrada","url":"https:\/\/agrupacionespsoe.es\/ponferrada\/","logo":{"@type":"ImageObject","inLanguage":"es","@id":"https:\/\/agrupacionespsoe.es\/ponferrada\/#\/schema\/logo\/image\/","url":"https:\/\/agrupacionespsoe.es\/wp-content\/uploads\/2022\/07\/Logotipo_electoral_del_PSOE.png","contentUrl":"https:\/\/agrupacionespsoe.es\/wp-content\/uploads\/2022\/07\/Logotipo_electoral_del_PSOE.png","width":422,"height":422,"caption":"Agrupaci\u00f3n Socialista de Ponferrada"},"image":{"@id":"https:\/\/agrupacionespsoe.es\/ponferrada\/#\/schema\/logo\/image\/"}},{"@type":"Person","@id":"https:\/\/agrupacionespsoe.es\/ponferrada\/#\/schema\/person\/cd29ee627f3b70c05d415f02596debaa","name":"ponferrada2","image":{"@type":"ImageObject","inLanguage":"es","@id":"https:\/\/agrupacionespsoe.es\/ponferrada\/#\/schema\/person\/image\/","url":"https:\/\/secure.gravatar.com\/avatar\/f499eeb60144c664cf7b7edf75549b50?s=96&d=mm&r=g","contentUrl":"https:\/\/secure.gravatar.com\/avatar\/f499eeb60144c664cf7b7edf75549b50?s=96&d=mm&r=g","caption":"ponferrada2"},"url":"https:\/\/agrupacionespsoe.es\/ponferrada\/author\/ponferrada2\/"}]}},"jetpack_featured_media_url":"https:\/\/agrupacionespsoe.es\/ponferrada\/wp-content\/uploads\/sites\/36\/2024\/06\/RdP-FCC.jpeg","jetpack_sharing_enabled":true,"_links":{"self":[{"href":"https:\/\/agrupacionespsoe.es\/ponferrada\/wp-json\/wp\/v2\/posts\/510","targetHints":{"allow":["GET"]}}],"collection":[{"href":"https:\/\/agrupacionespsoe.es\/ponferrada\/wp-json\/wp\/v2\/posts"}],"about":[{"href":"https:\/\/agrupacionespsoe.es\/ponferrada\/wp-json\/wp\/v2\/types\/post"}],"author":[{"embeddable":true,"href":"https:\/\/agrupacionespsoe.es\/ponferrada\/wp-json\/wp\/v2\/users\/32"}],"replies":[{"embeddable":true,"href":"https:\/\/agrupacionespsoe.es\/ponferrada\/wp-json\/wp\/v2\/comments?post=510"}],"version-history":[{"count":1,"href":"https:\/\/agrupacionespsoe.es\/ponferrada\/wp-json\/wp\/v2\/posts\/510\/revisions"}],"predecessor-version":[{"id":513,"href":"https:\/\/agrupacionespsoe.es\/ponferrada\/wp-json\/wp\/v2\/posts\/510\/revisions\/513"}],"wp:featuredmedia":[{"embeddable":true,"href":"https:\/\/agrupacionespsoe.es\/ponferrada\/wp-json\/wp\/v2\/media\/512"}],"wp:attachment":[{"href":"https:\/\/agrupacionespsoe.es\/ponferrada\/wp-json\/wp\/v2\/media?parent=510"}],"wp:term":[{"taxonomy":"category","embeddable":true,"href":"https:\/\/agrupacionespsoe.es\/ponferrada\/wp-json\/wp\/v2\/categories?post=510"},{"taxonomy":"post_tag","embeddable":true,"href":"https:\/\/agrupacionespsoe.es\/ponferrada\/wp-json\/wp\/v2\/tags?post=510"}],"curies":[{"name":"wp","href":"https:\/\/api.w.org\/{rel}","templated":true}]}}