{"id":503,"date":"2024-06-07T15:42:23","date_gmt":"2024-06-07T15:42:23","guid":{"rendered":"https:\/\/agrupacionespsoe.es\/ponferrada\/?p=503"},"modified":"2024-06-07T15:42:24","modified_gmt":"2024-06-07T15:42:24","slug":"el-pp-debe-empezar-a-gestionar-y-dejar-de-hacerse-fotos-con-el-trabajo-del-equipo-anterior-del-psoe","status":"publish","type":"post","link":"https:\/\/agrupacionespsoe.es\/ponferrada\/el-pp-debe-empezar-a-gestionar-y-dejar-de-hacerse-fotos-con-el-trabajo-del-equipo-anterior-del-psoe\/","title":{"rendered":"El PP debe empezar a gestionar y dejar de hacerse fotos con el trabajo del equipo anterior del PSOE."},"content":{"rendered":"\n<p class=\"has-large-font-size\"><strong>\u201cSi no son capaces de asumir la gesti\u00f3n de gobierno deben dejar paso a quien s\u00ed pueda hacerlo\u201d<\/strong><\/p>\n\n\n\n<p>El Grupo Municipal Socialista del Ayuntamiento de Ponferrada ha salido al paso de las declaraciones del concejal responsable del \u00e1rea donde critica al PSOE por no haber hecho frente al pago de la liquidaci\u00f3n del contrato a FCC.<\/p>\n\n\n\n<p>Mabel Fern\u00e1ndez, ha explicado que por si no conoce los procedimientos de la administraci\u00f3n, a pesar de que ya llevan un a\u00f1o, la empresa present\u00f3 una liquidaci\u00f3n provisional y debe ser estudiada por los servicios administrativos de intervenci\u00f3n para que se decida si los importes solicitados son o no correctos, antes de abonar. Ya que los informes de intervenci\u00f3n ya se\u00f1alaban que hab\u00eda discrepancias con alguna de las liquidaciones parciales que presentaba la empresa.<\/p>\n\n\n\n<p>Mabel Fernandez, quiere recordar que gran parte de esos costes provienen de la famosa huelga de la basura de 2016, que gestion\u00f3 Gloria Merayo, asumiendo las peticiones de la empresa que supon\u00edan un incremento de casi un mill\u00f3n de euros m\u00e1s al a\u00f1o sobre el contrato vigente.<\/p>\n\n\n\n<p>Adem\u00e1s, se\u00f1al\u00f3 que el PSOE siempre mantuvo una cantidad en los presupuestos para hacer frente a esta deuda, a diferencia de los presupuestos del PP donde no han reservado ni un euro al pago de la misma, se han olvidado de manera intencionada de la obligaci\u00f3n que tiene quien est\u00e1 gobernando de liquidar un contrato. Vuelve a ser de justicia po\u00e9tica que la mala gesti\u00f3n del Partido Popular la tenga que asumir el Partido Popular.<\/p>\n\n\n\n<p>Mabel Fernandez se\u00f1ala que \u201cresulta curioso que nos echen la culpa de no haber pagado a la empresa cuando desde el PP se nos acusaba de ser fuertes con los d\u00e9biles y blandos con los fuertes y ahora lo que piden es que hubi\u00e9ramos saldado la deuda de la empresa a costa de los impuestos de la ciudadan\u00eda\u201d<\/p>\n\n\n\n<p>Mabel Fern\u00e1ndez concluye se\u00f1alando que \u201cya es hora de que el PP se d\u00e9 cuenta de que debe gestionar la ciudad, no solo darse paseos y hacerse fotos en los proyectos iniciados por el equipo de Olegario Ram\u00f3n y que tambi\u00e9n le toca asumir los problemas y darles soluci\u00f3n como hizo el PSOE, m\u00e1s si los problemas los heredan de la gesti\u00f3n del propio Partido Popular. A\u00f1ade que si no son capaces de asumir la gesti\u00f3n de gobierno deben dejar paso a quien s\u00ed pueda hacerlo\u201d<\/p>\n\n\n\n<figure class=\"wp-block-gallery has-nested-images columns-default is-cropped wp-block-gallery-1 is-layout-flex wp-block-gallery-is-layout-flex\">\n<figure class=\"wp-block-image size-large\"><img loading=\"lazy\" decoding=\"async\" width=\"720\" height=\"1024\" data-id=\"504\" src=\"https:\/\/agrupacionespsoe.es\/ponferrada\/wp-content\/uploads\/sites\/36\/2024\/06\/Mabel-Fernandez-720x1024.jpeg\" alt=\"\" class=\"wp-image-504\" srcset=\"https:\/\/agrupacionespsoe.es\/ponferrada\/wp-content\/uploads\/sites\/36\/2024\/06\/Mabel-Fernandez-720x1024.jpeg 720w, https:\/\/agrupacionespsoe.es\/ponferrada\/wp-content\/uploads\/sites\/36\/2024\/06\/Mabel-Fernandez-211x300.jpeg 211w, https:\/\/agrupacionespsoe.es\/ponferrada\/wp-content\/uploads\/sites\/36\/2024\/06\/Mabel-Fernandez-768x1092.jpeg 768w, https:\/\/agrupacionespsoe.es\/ponferrada\/wp-content\/uploads\/sites\/36\/2024\/06\/Mabel-Fernandez.jpeg 797w\" sizes=\"auto, (max-width: 720px) 100vw, 720px\" \/><\/figure>\n<\/figure>\n","protected":false},"excerpt":{"rendered":"<p>\u201cSi no son capaces de asumir la gesti\u00f3n de gobierno deben dejar paso a quien s\u00ed pueda hacerlo\u201d El Grupo Municipal Socialista del Ayuntamiento de Ponferrada ha salido al paso de las declaraciones del concejal responsable del \u00e1rea donde critica al PSOE por no haber hecho frente al pago de la liquidaci\u00f3n del contrato a &#8230;<\/p>\n","protected":false},"author":32,"featured_media":504,"comment_status":"open","ping_status":"open","sticky":false,"template":"","format":"standard","meta":{"_jetpack_memberships_contains_paid_content":false,"footnotes":""},"categories":[6],"tags":[],"class_list":["post-503","post","type-post","status-publish","format-standard","has-post-thumbnail","hentry","category-actualidad"],"yoast_head":"<!-- This site is optimized with the Yoast SEO plugin v24.0 - https:\/\/yoast.com\/wordpress\/plugins\/seo\/ -->\n<title>El PP debe empezar a gestionar y dejar de hacerse fotos con el trabajo del equipo anterior del PSOE. - Agrupaci\u00f3n Socialista de Ponferrada<\/title>\n<meta name=\"robots\" content=\"index, follow, max-snippet:-1, max-image-preview:large, max-video-preview:-1\" \/>\n<link rel=\"canonical\" href=\"https:\/\/agrupacionespsoe.es\/ponferrada\/el-pp-debe-empezar-a-gestionar-y-dejar-de-hacerse-fotos-con-el-trabajo-del-equipo-anterior-del-psoe\/\" \/>\n<meta property=\"og:locale\" content=\"es_ES\" \/>\n<meta property=\"og:type\" content=\"article\" \/>\n<meta property=\"og:title\" content=\"El PP debe empezar a gestionar y dejar de hacerse fotos con el trabajo del equipo anterior del PSOE. - Agrupaci\u00f3n Socialista de Ponferrada\" \/>\n<meta property=\"og:description\" content=\"\u201cSi no son capaces de asumir la gesti\u00f3n de gobierno deben dejar paso a quien s\u00ed pueda hacerlo\u201d El Grupo Municipal Socialista del Ayuntamiento de Ponferrada ha salido al paso de las declaraciones del concejal responsable del \u00e1rea donde critica al PSOE por no haber hecho frente al pago de la liquidaci\u00f3n del contrato a ...\" \/>\n<meta property=\"og:url\" content=\"https:\/\/agrupacionespsoe.es\/ponferrada\/el-pp-debe-empezar-a-gestionar-y-dejar-de-hacerse-fotos-con-el-trabajo-del-equipo-anterior-del-psoe\/\" \/>\n<meta property=\"og:site_name\" content=\"Agrupaci\u00f3n Socialista de Ponferrada\" \/>\n<meta property=\"article:published_time\" content=\"2024-06-07T15:42:23+00:00\" \/>\n<meta property=\"article:modified_time\" content=\"2024-06-07T15:42:24+00:00\" \/>\n<meta property=\"og:image\" content=\"https:\/\/agrupacionespsoe.es\/ponferrada\/wp-content\/uploads\/sites\/36\/2024\/06\/Mabel-Fernandez.jpeg\" \/>\n\t<meta property=\"og:image:width\" content=\"797\" \/>\n\t<meta property=\"og:image:height\" content=\"1133\" \/>\n\t<meta property=\"og:image:type\" content=\"image\/jpeg\" \/>\n<meta name=\"author\" content=\"ponferrada2\" \/>\n<meta name=\"twitter:card\" content=\"summary_large_image\" \/>\n<meta name=\"twitter:label1\" content=\"Escrito por\" \/>\n\t<meta name=\"twitter:data1\" content=\"ponferrada2\" \/>\n\t<meta name=\"twitter:label2\" content=\"Tiempo de lectura\" \/>\n\t<meta name=\"twitter:data2\" content=\"3 minutos\" \/>\n<script type=\"application\/ld+json\" class=\"yoast-schema-graph\">{\"@context\":\"https:\/\/schema.org\",\"@graph\":[{\"@type\":\"Article\",\"@id\":\"https:\/\/agrupacionespsoe.es\/ponferrada\/el-pp-debe-empezar-a-gestionar-y-dejar-de-hacerse-fotos-con-el-trabajo-del-equipo-anterior-del-psoe\/#article\",\"isPartOf\":{\"@id\":\"https:\/\/agrupacionespsoe.es\/ponferrada\/el-pp-debe-empezar-a-gestionar-y-dejar-de-hacerse-fotos-con-el-trabajo-del-equipo-anterior-del-psoe\/\"},\"author\":{\"name\":\"ponferrada2\",\"@id\":\"https:\/\/agrupacionespsoe.es\/ponferrada\/#\/schema\/person\/cd29ee627f3b70c05d415f02596debaa\"},\"headline\":\"El PP debe empezar a gestionar y dejar de hacerse fotos con el trabajo del equipo anterior del PSOE.\",\"datePublished\":\"2024-06-07T15:42:23+00:00\",\"dateModified\":\"2024-06-07T15:42:24+00:00\",\"mainEntityOfPage\":{\"@id\":\"https:\/\/agrupacionespsoe.es\/ponferrada\/el-pp-debe-empezar-a-gestionar-y-dejar-de-hacerse-fotos-con-el-trabajo-del-equipo-anterior-del-psoe\/\"},\"wordCount\":446,\"commentCount\":0,\"publisher\":{\"@id\":\"https:\/\/agrupacionespsoe.es\/ponferrada\/#organization\"},\"image\":{\"@id\":\"https:\/\/agrupacionespsoe.es\/ponferrada\/el-pp-debe-empezar-a-gestionar-y-dejar-de-hacerse-fotos-con-el-trabajo-del-equipo-anterior-del-psoe\/#primaryimage\"},\"thumbnailUrl\":\"https:\/\/agrupacionespsoe.es\/ponferrada\/wp-content\/uploads\/sites\/36\/2024\/06\/Mabel-Fernandez.jpeg\",\"articleSection\":[\"ACTUALIDAD\"],\"inLanguage\":\"es\",\"potentialAction\":[{\"@type\":\"CommentAction\",\"name\":\"Comment\",\"target\":[\"https:\/\/agrupacionespsoe.es\/ponferrada\/el-pp-debe-empezar-a-gestionar-y-dejar-de-hacerse-fotos-con-el-trabajo-del-equipo-anterior-del-psoe\/#respond\"]}]},{\"@type\":\"WebPage\",\"@id\":\"https:\/\/agrupacionespsoe.es\/ponferrada\/el-pp-debe-empezar-a-gestionar-y-dejar-de-hacerse-fotos-con-el-trabajo-del-equipo-anterior-del-psoe\/\",\"url\":\"https:\/\/agrupacionespsoe.es\/ponferrada\/el-pp-debe-empezar-a-gestionar-y-dejar-de-hacerse-fotos-con-el-trabajo-del-equipo-anterior-del-psoe\/\",\"name\":\"El PP debe empezar a gestionar y dejar de hacerse fotos con el trabajo del equipo anterior del PSOE. - Agrupaci\u00f3n Socialista de Ponferrada\",\"isPartOf\":{\"@id\":\"https:\/\/agrupacionespsoe.es\/ponferrada\/#website\"},\"primaryImageOfPage\":{\"@id\":\"https:\/\/agrupacionespsoe.es\/ponferrada\/el-pp-debe-empezar-a-gestionar-y-dejar-de-hacerse-fotos-con-el-trabajo-del-equipo-anterior-del-psoe\/#primaryimage\"},\"image\":{\"@id\":\"https:\/\/agrupacionespsoe.es\/ponferrada\/el-pp-debe-empezar-a-gestionar-y-dejar-de-hacerse-fotos-con-el-trabajo-del-equipo-anterior-del-psoe\/#primaryimage\"},\"thumbnailUrl\":\"https:\/\/agrupacionespsoe.es\/ponferrada\/wp-content\/uploads\/sites\/36\/2024\/06\/Mabel-Fernandez.jpeg\",\"datePublished\":\"2024-06-07T15:42:23+00:00\",\"dateModified\":\"2024-06-07T15:42:24+00:00\",\"breadcrumb\":{\"@id\":\"https:\/\/agrupacionespsoe.es\/ponferrada\/el-pp-debe-empezar-a-gestionar-y-dejar-de-hacerse-fotos-con-el-trabajo-del-equipo-anterior-del-psoe\/#breadcrumb\"},\"inLanguage\":\"es\",\"potentialAction\":[{\"@type\":\"ReadAction\",\"target\":[\"https:\/\/agrupacionespsoe.es\/ponferrada\/el-pp-debe-empezar-a-gestionar-y-dejar-de-hacerse-fotos-con-el-trabajo-del-equipo-anterior-del-psoe\/\"]}]},{\"@type\":\"ImageObject\",\"inLanguage\":\"es\",\"@id\":\"https:\/\/agrupacionespsoe.es\/ponferrada\/el-pp-debe-empezar-a-gestionar-y-dejar-de-hacerse-fotos-con-el-trabajo-del-equipo-anterior-del-psoe\/#primaryimage\",\"url\":\"https:\/\/agrupacionespsoe.es\/ponferrada\/wp-content\/uploads\/sites\/36\/2024\/06\/Mabel-Fernandez.jpeg\",\"contentUrl\":\"https:\/\/agrupacionespsoe.es\/ponferrada\/wp-content\/uploads\/sites\/36\/2024\/06\/Mabel-Fernandez.jpeg\",\"width\":797,\"height\":1133},{\"@type\":\"BreadcrumbList\",\"@id\":\"https:\/\/agrupacionespsoe.es\/ponferrada\/el-pp-debe-empezar-a-gestionar-y-dejar-de-hacerse-fotos-con-el-trabajo-del-equipo-anterior-del-psoe\/#breadcrumb\",\"itemListElement\":[{\"@type\":\"ListItem\",\"position\":1,\"name\":\"Portada\",\"item\":\"https:\/\/agrupacionespsoe.es\/ponferrada\/\"},{\"@type\":\"ListItem\",\"position\":2,\"name\":\"El PP debe empezar a gestionar y dejar de hacerse fotos con el trabajo del equipo anterior del PSOE.\"}]},{\"@type\":\"WebSite\",\"@id\":\"https:\/\/agrupacionespsoe.es\/ponferrada\/#website\",\"url\":\"https:\/\/agrupacionespsoe.es\/ponferrada\/\",\"name\":\"Agrupaci\u00f3n Socialista de Ponferrada\",\"description\":\"Agrupaci\u00f3n Socialista de Ponferrada\",\"publisher\":{\"@id\":\"https:\/\/agrupacionespsoe.es\/ponferrada\/#organization\"},\"potentialAction\":[{\"@type\":\"SearchAction\",\"target\":{\"@type\":\"EntryPoint\",\"urlTemplate\":\"https:\/\/agrupacionespsoe.es\/ponferrada\/?s={search_term_string}\"},\"query-input\":{\"@type\":\"PropertyValueSpecification\",\"valueRequired\":true,\"valueName\":\"search_term_string\"}}],\"inLanguage\":\"es\"},{\"@type\":\"Organization\",\"@id\":\"https:\/\/agrupacionespsoe.es\/ponferrada\/#organization\",\"name\":\"Agrupaci\u00f3n Socialista de Ponferrada\",\"url\":\"https:\/\/agrupacionespsoe.es\/ponferrada\/\",\"logo\":{\"@type\":\"ImageObject\",\"inLanguage\":\"es\",\"@id\":\"https:\/\/agrupacionespsoe.es\/ponferrada\/#\/schema\/logo\/image\/\",\"url\":\"https:\/\/agrupacionespsoe.es\/wp-content\/uploads\/2022\/07\/Logotipo_electoral_del_PSOE.png\",\"contentUrl\":\"https:\/\/agrupacionespsoe.es\/wp-content\/uploads\/2022\/07\/Logotipo_electoral_del_PSOE.png\",\"width\":422,\"height\":422,\"caption\":\"Agrupaci\u00f3n Socialista de Ponferrada\"},\"image\":{\"@id\":\"https:\/\/agrupacionespsoe.es\/ponferrada\/#\/schema\/logo\/image\/\"}},{\"@type\":\"Person\",\"@id\":\"https:\/\/agrupacionespsoe.es\/ponferrada\/#\/schema\/person\/cd29ee627f3b70c05d415f02596debaa\",\"name\":\"ponferrada2\",\"image\":{\"@type\":\"ImageObject\",\"inLanguage\":\"es\",\"@id\":\"https:\/\/agrupacionespsoe.es\/ponferrada\/#\/schema\/person\/image\/\",\"url\":\"https:\/\/secure.gravatar.com\/avatar\/f499eeb60144c664cf7b7edf75549b50?s=96&d=mm&r=g\",\"contentUrl\":\"https:\/\/secure.gravatar.com\/avatar\/f499eeb60144c664cf7b7edf75549b50?s=96&d=mm&r=g\",\"caption\":\"ponferrada2\"},\"url\":\"https:\/\/agrupacionespsoe.es\/ponferrada\/author\/ponferrada2\/\"}]}<\/script>\n<!-- \/ Yoast SEO plugin. -->","yoast_head_json":{"title":"El PP debe empezar a gestionar y dejar de hacerse fotos con el trabajo del equipo anterior del PSOE. - Agrupaci\u00f3n Socialista de Ponferrada","robots":{"index":"index","follow":"follow","max-snippet":"max-snippet:-1","max-image-preview":"max-image-preview:large","max-video-preview":"max-video-preview:-1"},"canonical":"https:\/\/agrupacionespsoe.es\/ponferrada\/el-pp-debe-empezar-a-gestionar-y-dejar-de-hacerse-fotos-con-el-trabajo-del-equipo-anterior-del-psoe\/","og_locale":"es_ES","og_type":"article","og_title":"El PP debe empezar a gestionar y dejar de hacerse fotos con el trabajo del equipo anterior del PSOE. - Agrupaci\u00f3n Socialista de Ponferrada","og_description":"\u201cSi no son capaces de asumir la gesti\u00f3n de gobierno deben dejar paso a quien s\u00ed pueda hacerlo\u201d El Grupo Municipal Socialista del Ayuntamiento de Ponferrada ha salido al paso de las declaraciones del concejal responsable del \u00e1rea donde critica al PSOE por no haber hecho frente al pago de la liquidaci\u00f3n del contrato a ...","og_url":"https:\/\/agrupacionespsoe.es\/ponferrada\/el-pp-debe-empezar-a-gestionar-y-dejar-de-hacerse-fotos-con-el-trabajo-del-equipo-anterior-del-psoe\/","og_site_name":"Agrupaci\u00f3n Socialista de Ponferrada","article_published_time":"2024-06-07T15:42:23+00:00","article_modified_time":"2024-06-07T15:42:24+00:00","og_image":[{"width":797,"height":1133,"url":"https:\/\/agrupacionespsoe.es\/ponferrada\/wp-content\/uploads\/sites\/36\/2024\/06\/Mabel-Fernandez.jpeg","type":"image\/jpeg"}],"author":"ponferrada2","twitter_card":"summary_large_image","twitter_misc":{"Escrito por":"ponferrada2","Tiempo de lectura":"3 minutos"},"schema":{"@context":"https:\/\/schema.org","@graph":[{"@type":"Article","@id":"https:\/\/agrupacionespsoe.es\/ponferrada\/el-pp-debe-empezar-a-gestionar-y-dejar-de-hacerse-fotos-con-el-trabajo-del-equipo-anterior-del-psoe\/#article","isPartOf":{"@id":"https:\/\/agrupacionespsoe.es\/ponferrada\/el-pp-debe-empezar-a-gestionar-y-dejar-de-hacerse-fotos-con-el-trabajo-del-equipo-anterior-del-psoe\/"},"author":{"name":"ponferrada2","@id":"https:\/\/agrupacionespsoe.es\/ponferrada\/#\/schema\/person\/cd29ee627f3b70c05d415f02596debaa"},"headline":"El PP debe empezar a gestionar y dejar de hacerse fotos con el trabajo del equipo anterior del PSOE.","datePublished":"2024-06-07T15:42:23+00:00","dateModified":"2024-06-07T15:42:24+00:00","mainEntityOfPage":{"@id":"https:\/\/agrupacionespsoe.es\/ponferrada\/el-pp-debe-empezar-a-gestionar-y-dejar-de-hacerse-fotos-con-el-trabajo-del-equipo-anterior-del-psoe\/"},"wordCount":446,"commentCount":0,"publisher":{"@id":"https:\/\/agrupacionespsoe.es\/ponferrada\/#organization"},"image":{"@id":"https:\/\/agrupacionespsoe.es\/ponferrada\/el-pp-debe-empezar-a-gestionar-y-dejar-de-hacerse-fotos-con-el-trabajo-del-equipo-anterior-del-psoe\/#primaryimage"},"thumbnailUrl":"https:\/\/agrupacionespsoe.es\/ponferrada\/wp-content\/uploads\/sites\/36\/2024\/06\/Mabel-Fernandez.jpeg","articleSection":["ACTUALIDAD"],"inLanguage":"es","potentialAction":[{"@type":"CommentAction","name":"Comment","target":["https:\/\/agrupacionespsoe.es\/ponferrada\/el-pp-debe-empezar-a-gestionar-y-dejar-de-hacerse-fotos-con-el-trabajo-del-equipo-anterior-del-psoe\/#respond"]}]},{"@type":"WebPage","@id":"https:\/\/agrupacionespsoe.es\/ponferrada\/el-pp-debe-empezar-a-gestionar-y-dejar-de-hacerse-fotos-con-el-trabajo-del-equipo-anterior-del-psoe\/","url":"https:\/\/agrupacionespsoe.es\/ponferrada\/el-pp-debe-empezar-a-gestionar-y-dejar-de-hacerse-fotos-con-el-trabajo-del-equipo-anterior-del-psoe\/","name":"El PP debe empezar a gestionar y dejar de hacerse fotos con el trabajo del equipo anterior del PSOE. - Agrupaci\u00f3n Socialista de Ponferrada","isPartOf":{"@id":"https:\/\/agrupacionespsoe.es\/ponferrada\/#website"},"primaryImageOfPage":{"@id":"https:\/\/agrupacionespsoe.es\/ponferrada\/el-pp-debe-empezar-a-gestionar-y-dejar-de-hacerse-fotos-con-el-trabajo-del-equipo-anterior-del-psoe\/#primaryimage"},"image":{"@id":"https:\/\/agrupacionespsoe.es\/ponferrada\/el-pp-debe-empezar-a-gestionar-y-dejar-de-hacerse-fotos-con-el-trabajo-del-equipo-anterior-del-psoe\/#primaryimage"},"thumbnailUrl":"https:\/\/agrupacionespsoe.es\/ponferrada\/wp-content\/uploads\/sites\/36\/2024\/06\/Mabel-Fernandez.jpeg","datePublished":"2024-06-07T15:42:23+00:00","dateModified":"2024-06-07T15:42:24+00:00","breadcrumb":{"@id":"https:\/\/agrupacionespsoe.es\/ponferrada\/el-pp-debe-empezar-a-gestionar-y-dejar-de-hacerse-fotos-con-el-trabajo-del-equipo-anterior-del-psoe\/#breadcrumb"},"inLanguage":"es","potentialAction":[{"@type":"ReadAction","target":["https:\/\/agrupacionespsoe.es\/ponferrada\/el-pp-debe-empezar-a-gestionar-y-dejar-de-hacerse-fotos-con-el-trabajo-del-equipo-anterior-del-psoe\/"]}]},{"@type":"ImageObject","inLanguage":"es","@id":"https:\/\/agrupacionespsoe.es\/ponferrada\/el-pp-debe-empezar-a-gestionar-y-dejar-de-hacerse-fotos-con-el-trabajo-del-equipo-anterior-del-psoe\/#primaryimage","url":"https:\/\/agrupacionespsoe.es\/ponferrada\/wp-content\/uploads\/sites\/36\/2024\/06\/Mabel-Fernandez.jpeg","contentUrl":"https:\/\/agrupacionespsoe.es\/ponferrada\/wp-content\/uploads\/sites\/36\/2024\/06\/Mabel-Fernandez.jpeg","width":797,"height":1133},{"@type":"BreadcrumbList","@id":"https:\/\/agrupacionespsoe.es\/ponferrada\/el-pp-debe-empezar-a-gestionar-y-dejar-de-hacerse-fotos-con-el-trabajo-del-equipo-anterior-del-psoe\/#breadcrumb","itemListElement":[{"@type":"ListItem","position":1,"name":"Portada","item":"https:\/\/agrupacionespsoe.es\/ponferrada\/"},{"@type":"ListItem","position":2,"name":"El PP debe empezar a gestionar y dejar de hacerse fotos con el trabajo del equipo anterior del PSOE."}]},{"@type":"WebSite","@id":"https:\/\/agrupacionespsoe.es\/ponferrada\/#website","url":"https:\/\/agrupacionespsoe.es\/ponferrada\/","name":"Agrupaci\u00f3n Socialista de Ponferrada","description":"Agrupaci\u00f3n Socialista de Ponferrada","publisher":{"@id":"https:\/\/agrupacionespsoe.es\/ponferrada\/#organization"},"potentialAction":[{"@type":"SearchAction","target":{"@type":"EntryPoint","urlTemplate":"https:\/\/agrupacionespsoe.es\/ponferrada\/?s={search_term_string}"},"query-input":{"@type":"PropertyValueSpecification","valueRequired":true,"valueName":"search_term_string"}}],"inLanguage":"es"},{"@type":"Organization","@id":"https:\/\/agrupacionespsoe.es\/ponferrada\/#organization","name":"Agrupaci\u00f3n Socialista de Ponferrada","url":"https:\/\/agrupacionespsoe.es\/ponferrada\/","logo":{"@type":"ImageObject","inLanguage":"es","@id":"https:\/\/agrupacionespsoe.es\/ponferrada\/#\/schema\/logo\/image\/","url":"https:\/\/agrupacionespsoe.es\/wp-content\/uploads\/2022\/07\/Logotipo_electoral_del_PSOE.png","contentUrl":"https:\/\/agrupacionespsoe.es\/wp-content\/uploads\/2022\/07\/Logotipo_electoral_del_PSOE.png","width":422,"height":422,"caption":"Agrupaci\u00f3n Socialista de Ponferrada"},"image":{"@id":"https:\/\/agrupacionespsoe.es\/ponferrada\/#\/schema\/logo\/image\/"}},{"@type":"Person","@id":"https:\/\/agrupacionespsoe.es\/ponferrada\/#\/schema\/person\/cd29ee627f3b70c05d415f02596debaa","name":"ponferrada2","image":{"@type":"ImageObject","inLanguage":"es","@id":"https:\/\/agrupacionespsoe.es\/ponferrada\/#\/schema\/person\/image\/","url":"https:\/\/secure.gravatar.com\/avatar\/f499eeb60144c664cf7b7edf75549b50?s=96&d=mm&r=g","contentUrl":"https:\/\/secure.gravatar.com\/avatar\/f499eeb60144c664cf7b7edf75549b50?s=96&d=mm&r=g","caption":"ponferrada2"},"url":"https:\/\/agrupacionespsoe.es\/ponferrada\/author\/ponferrada2\/"}]}},"jetpack_featured_media_url":"https:\/\/agrupacionespsoe.es\/ponferrada\/wp-content\/uploads\/sites\/36\/2024\/06\/Mabel-Fernandez.jpeg","jetpack_sharing_enabled":true,"_links":{"self":[{"href":"https:\/\/agrupacionespsoe.es\/ponferrada\/wp-json\/wp\/v2\/posts\/503","targetHints":{"allow":["GET"]}}],"collection":[{"href":"https:\/\/agrupacionespsoe.es\/ponferrada\/wp-json\/wp\/v2\/posts"}],"about":[{"href":"https:\/\/agrupacionespsoe.es\/ponferrada\/wp-json\/wp\/v2\/types\/post"}],"author":[{"embeddable":true,"href":"https:\/\/agrupacionespsoe.es\/ponferrada\/wp-json\/wp\/v2\/users\/32"}],"replies":[{"embeddable":true,"href":"https:\/\/agrupacionespsoe.es\/ponferrada\/wp-json\/wp\/v2\/comments?post=503"}],"version-history":[{"count":1,"href":"https:\/\/agrupacionespsoe.es\/ponferrada\/wp-json\/wp\/v2\/posts\/503\/revisions"}],"predecessor-version":[{"id":505,"href":"https:\/\/agrupacionespsoe.es\/ponferrada\/wp-json\/wp\/v2\/posts\/503\/revisions\/505"}],"wp:featuredmedia":[{"embeddable":true,"href":"https:\/\/agrupacionespsoe.es\/ponferrada\/wp-json\/wp\/v2\/media\/504"}],"wp:attachment":[{"href":"https:\/\/agrupacionespsoe.es\/ponferrada\/wp-json\/wp\/v2\/media?parent=503"}],"wp:term":[{"taxonomy":"category","embeddable":true,"href":"https:\/\/agrupacionespsoe.es\/ponferrada\/wp-json\/wp\/v2\/categories?post=503"},{"taxonomy":"post_tag","embeddable":true,"href":"https:\/\/agrupacionespsoe.es\/ponferrada\/wp-json\/wp\/v2\/tags?post=503"}],"curies":[{"name":"wp","href":"https:\/\/api.w.org\/{rel}","templated":true}]}}