{"id":498,"date":"2024-05-14T11:34:06","date_gmt":"2024-05-14T11:34:06","guid":{"rendered":"https:\/\/agrupacionespsoe.es\/ponferrada\/?p=498"},"modified":"2024-05-16T11:34:33","modified_gmt":"2024-05-16T11:34:33","slug":"es-incomprensible-que-por-una-motivacion-politica-pongan-al-ayuntamiento-en-esta-situacion-de-incertidumbre","status":"publish","type":"post","link":"https:\/\/agrupacionespsoe.es\/ponferrada\/es-incomprensible-que-por-una-motivacion-politica-pongan-al-ayuntamiento-en-esta-situacion-de-incertidumbre\/","title":{"rendered":"\u201cEs incomprensible que por una motivaci\u00f3n pol\u00edtica pongan al ayuntamiento en esta situaci\u00f3n de incertidumbre\u201d"},"content":{"rendered":"\n<p class=\"has-large-font-size\">El Grupo Socialista propone que lleven el punto al pleno de mayo incorporando las enmiendas de nuestro grupo.<\/p>\n\n\n\n<p>A juicio del grupo socialista esta ma\u00f1ana en el Pleno Extraordinario el actual equipo de gobierno ha cometido un grave error.<\/p>\n\n\n\n<p>El grupo municipal socialista quiere criticar las maneras de gobernar del Sr. Morala, es incomprensible que lleven un asunto al Pleno de esta importancia y que no hayan hablado con los grupos que conforman la corporaci\u00f3n para alcanzar alg\u00fan acuerdo. No entendemos la prisa que han tenido para convocar un pleno extraordinario y debatir este punto.<\/p>\n\n\n\n<p>Las actuaciones y las mentiras del Sr. Morala han conducido que ni los partidos que le apoyaron para ser alcalde le aprueben sus propuestas, lo que nos ha llevado a la situaci\u00f3n de hoy donde no se ha aprobado la propuesta de ordenanza de ZBE.<\/p>\n\n\n\n<p>El Sr. Morala ha perdido la oportunidad que le brind\u00f3 el grupo socialista para aprobar su ordenanza si hubiera aceptado las enmiendas que propuso el PSOE.<\/p>\n\n\n\n<p>Desde el grupo socialista han se\u00f1alado que la cabezoner\u00eda del equipo de gobierno va a provocar una situaci\u00f3n de incertidumbre que al final pagaran los vecinos de Ponferrada.<\/p>\n\n\n\n<p>Explican que las enmiendas van destinadas a garantizar el derecho a la salud de la ciudadan\u00eda, las medidas propuestas en ning\u00fan caso entrar\u00edan en funcionamiento si los niveles de contaminaci\u00f3n no superaran los niveles de alerta y propon\u00edan que se restringiera el acceso a la zona a los veh\u00edculos sin etiqueta, igual que se propone en la ordenanza del Sr. Morala, pero si los niveles de contaminaci\u00f3n no disminuyen y est\u00e1 peligrando la salud de la ciudadan\u00eda, se deben tomar medidas adicionales e ir restringiendo la circulaci\u00f3n a los veh\u00edculos m\u00e1s contaminantes y la otra medida que se propon\u00eda era que entrara en vigor en 2026. Adem\u00e1s que se adecuaran los l\u00edmites de contaminaci\u00f3n a los est\u00e1ndares que ha fijado la uni\u00f3n europea el pasado mes de abril.<\/p>\n\n\n\n<p>Para el grupo socialista no tiene sentido que por una motivaci\u00f3n pol\u00edtica hayan optado por esa decisi\u00f3n. Y un ejemplo de que es una motivaci\u00f3n pol\u00edtica es que ni siquiera aprobaron la enmienda donde se defin\u00eda el CO.<\/p>\n\n\n\n<p>Desde el grupo socialista proponemos al equipo del Sr. Morala que, como tienen tiempo, vuelvan a llevar este punto en el pleno ordinario de mayo, que se celebrar\u00e1 en dos semanas, incluyendo las propuestas del grupo socialista y as\u00ed obtendr\u00e1n nuestro voto favorable o por lo menos que hablen con el resto de grupos de la oposici\u00f3n para poder aprobar sus propuestas.<\/p>\n\n\n\n<figure class=\"wp-block-image size-large\"><img loading=\"lazy\" decoding=\"async\" width=\"1024\" height=\"768\" src=\"https:\/\/agrupacionespsoe.es\/ponferrada\/wp-content\/uploads\/sites\/36\/2024\/05\/foto-PLENO-1024x768.jpeg\" alt=\"\" class=\"wp-image-499\" srcset=\"https:\/\/agrupacionespsoe.es\/ponferrada\/wp-content\/uploads\/sites\/36\/2024\/05\/foto-PLENO-1024x768.jpeg 1024w, https:\/\/agrupacionespsoe.es\/ponferrada\/wp-content\/uploads\/sites\/36\/2024\/05\/foto-PLENO-300x225.jpeg 300w, https:\/\/agrupacionespsoe.es\/ponferrada\/wp-content\/uploads\/sites\/36\/2024\/05\/foto-PLENO-768x576.jpeg 768w, https:\/\/agrupacionespsoe.es\/ponferrada\/wp-content\/uploads\/sites\/36\/2024\/05\/foto-PLENO-1536x1152.jpeg 1536w, https:\/\/agrupacionespsoe.es\/ponferrada\/wp-content\/uploads\/sites\/36\/2024\/05\/foto-PLENO.jpeg 2048w\" sizes=\"auto, (max-width: 1024px) 100vw, 1024px\" \/><\/figure>\n","protected":false},"excerpt":{"rendered":"<p>El Grupo Socialista propone que lleven el punto al pleno de mayo incorporando las enmiendas de nuestro grupo. A juicio del grupo socialista esta ma\u00f1ana en el Pleno Extraordinario el actual equipo de gobierno ha cometido un grave error. El grupo municipal socialista quiere criticar las maneras de gobernar del Sr. Morala, es incomprensible que &#8230;<\/p>\n","protected":false},"author":32,"featured_media":499,"comment_status":"open","ping_status":"open","sticky":false,"template":"","format":"standard","meta":{"_jetpack_memberships_contains_paid_content":false,"footnotes":""},"categories":[6],"tags":[],"class_list":["post-498","post","type-post","status-publish","format-standard","has-post-thumbnail","hentry","category-actualidad"],"yoast_head":"<!-- This site is optimized with the Yoast SEO plugin v24.0 - https:\/\/yoast.com\/wordpress\/plugins\/seo\/ -->\n<title>\u201cEs incomprensible que por una motivaci\u00f3n pol\u00edtica pongan al ayuntamiento en esta situaci\u00f3n de incertidumbre\u201d - Agrupaci\u00f3n Socialista de Ponferrada<\/title>\n<meta name=\"robots\" content=\"index, follow, max-snippet:-1, max-image-preview:large, max-video-preview:-1\" \/>\n<link rel=\"canonical\" href=\"https:\/\/agrupacionespsoe.es\/ponferrada\/es-incomprensible-que-por-una-motivacion-politica-pongan-al-ayuntamiento-en-esta-situacion-de-incertidumbre\/\" \/>\n<meta property=\"og:locale\" content=\"es_ES\" \/>\n<meta property=\"og:type\" content=\"article\" \/>\n<meta property=\"og:title\" content=\"\u201cEs incomprensible que por una motivaci\u00f3n pol\u00edtica pongan al ayuntamiento en esta situaci\u00f3n de incertidumbre\u201d - Agrupaci\u00f3n Socialista de Ponferrada\" \/>\n<meta property=\"og:description\" content=\"El Grupo Socialista propone que lleven el punto al pleno de mayo incorporando las enmiendas de nuestro grupo. A juicio del grupo socialista esta ma\u00f1ana en el Pleno Extraordinario el actual equipo de gobierno ha cometido un grave error. El grupo municipal socialista quiere criticar las maneras de gobernar del Sr. Morala, es incomprensible que ...\" \/>\n<meta property=\"og:url\" content=\"https:\/\/agrupacionespsoe.es\/ponferrada\/es-incomprensible-que-por-una-motivacion-politica-pongan-al-ayuntamiento-en-esta-situacion-de-incertidumbre\/\" \/>\n<meta property=\"og:site_name\" content=\"Agrupaci\u00f3n Socialista de Ponferrada\" \/>\n<meta property=\"article:published_time\" content=\"2024-05-14T11:34:06+00:00\" \/>\n<meta property=\"article:modified_time\" content=\"2024-05-16T11:34:33+00:00\" \/>\n<meta property=\"og:image\" content=\"https:\/\/agrupacionespsoe.es\/ponferrada\/wp-content\/uploads\/sites\/36\/2024\/05\/foto-PLENO.jpeg\" \/>\n\t<meta property=\"og:image:width\" content=\"2048\" \/>\n\t<meta property=\"og:image:height\" content=\"1536\" \/>\n\t<meta property=\"og:image:type\" content=\"image\/jpeg\" \/>\n<meta name=\"author\" content=\"ponferrada2\" \/>\n<meta name=\"twitter:card\" content=\"summary_large_image\" \/>\n<meta name=\"twitter:label1\" content=\"Escrito por\" \/>\n\t<meta name=\"twitter:data1\" content=\"ponferrada2\" \/>\n\t<meta name=\"twitter:label2\" content=\"Tiempo de lectura\" \/>\n\t<meta name=\"twitter:data2\" content=\"3 minutos\" \/>\n<script type=\"application\/ld+json\" class=\"yoast-schema-graph\">{\"@context\":\"https:\/\/schema.org\",\"@graph\":[{\"@type\":\"Article\",\"@id\":\"https:\/\/agrupacionespsoe.es\/ponferrada\/es-incomprensible-que-por-una-motivacion-politica-pongan-al-ayuntamiento-en-esta-situacion-de-incertidumbre\/#article\",\"isPartOf\":{\"@id\":\"https:\/\/agrupacionespsoe.es\/ponferrada\/es-incomprensible-que-por-una-motivacion-politica-pongan-al-ayuntamiento-en-esta-situacion-de-incertidumbre\/\"},\"author\":{\"name\":\"ponferrada2\",\"@id\":\"https:\/\/agrupacionespsoe.es\/ponferrada\/#\/schema\/person\/cd29ee627f3b70c05d415f02596debaa\"},\"headline\":\"\u201cEs incomprensible que por una motivaci\u00f3n pol\u00edtica pongan al ayuntamiento en esta situaci\u00f3n de incertidumbre\u201d\",\"datePublished\":\"2024-05-14T11:34:06+00:00\",\"dateModified\":\"2024-05-16T11:34:33+00:00\",\"mainEntityOfPage\":{\"@id\":\"https:\/\/agrupacionespsoe.es\/ponferrada\/es-incomprensible-que-por-una-motivacion-politica-pongan-al-ayuntamiento-en-esta-situacion-de-incertidumbre\/\"},\"wordCount\":471,\"commentCount\":0,\"publisher\":{\"@id\":\"https:\/\/agrupacionespsoe.es\/ponferrada\/#organization\"},\"image\":{\"@id\":\"https:\/\/agrupacionespsoe.es\/ponferrada\/es-incomprensible-que-por-una-motivacion-politica-pongan-al-ayuntamiento-en-esta-situacion-de-incertidumbre\/#primaryimage\"},\"thumbnailUrl\":\"https:\/\/agrupacionespsoe.es\/ponferrada\/wp-content\/uploads\/sites\/36\/2024\/05\/foto-PLENO.jpeg\",\"articleSection\":[\"ACTUALIDAD\"],\"inLanguage\":\"es\",\"potentialAction\":[{\"@type\":\"CommentAction\",\"name\":\"Comment\",\"target\":[\"https:\/\/agrupacionespsoe.es\/ponferrada\/es-incomprensible-que-por-una-motivacion-politica-pongan-al-ayuntamiento-en-esta-situacion-de-incertidumbre\/#respond\"]}]},{\"@type\":\"WebPage\",\"@id\":\"https:\/\/agrupacionespsoe.es\/ponferrada\/es-incomprensible-que-por-una-motivacion-politica-pongan-al-ayuntamiento-en-esta-situacion-de-incertidumbre\/\",\"url\":\"https:\/\/agrupacionespsoe.es\/ponferrada\/es-incomprensible-que-por-una-motivacion-politica-pongan-al-ayuntamiento-en-esta-situacion-de-incertidumbre\/\",\"name\":\"\u201cEs incomprensible que por una motivaci\u00f3n pol\u00edtica pongan al ayuntamiento en esta situaci\u00f3n de incertidumbre\u201d - Agrupaci\u00f3n Socialista de Ponferrada\",\"isPartOf\":{\"@id\":\"https:\/\/agrupacionespsoe.es\/ponferrada\/#website\"},\"primaryImageOfPage\":{\"@id\":\"https:\/\/agrupacionespsoe.es\/ponferrada\/es-incomprensible-que-por-una-motivacion-politica-pongan-al-ayuntamiento-en-esta-situacion-de-incertidumbre\/#primaryimage\"},\"image\":{\"@id\":\"https:\/\/agrupacionespsoe.es\/ponferrada\/es-incomprensible-que-por-una-motivacion-politica-pongan-al-ayuntamiento-en-esta-situacion-de-incertidumbre\/#primaryimage\"},\"thumbnailUrl\":\"https:\/\/agrupacionespsoe.es\/ponferrada\/wp-content\/uploads\/sites\/36\/2024\/05\/foto-PLENO.jpeg\",\"datePublished\":\"2024-05-14T11:34:06+00:00\",\"dateModified\":\"2024-05-16T11:34:33+00:00\",\"breadcrumb\":{\"@id\":\"https:\/\/agrupacionespsoe.es\/ponferrada\/es-incomprensible-que-por-una-motivacion-politica-pongan-al-ayuntamiento-en-esta-situacion-de-incertidumbre\/#breadcrumb\"},\"inLanguage\":\"es\",\"potentialAction\":[{\"@type\":\"ReadAction\",\"target\":[\"https:\/\/agrupacionespsoe.es\/ponferrada\/es-incomprensible-que-por-una-motivacion-politica-pongan-al-ayuntamiento-en-esta-situacion-de-incertidumbre\/\"]}]},{\"@type\":\"ImageObject\",\"inLanguage\":\"es\",\"@id\":\"https:\/\/agrupacionespsoe.es\/ponferrada\/es-incomprensible-que-por-una-motivacion-politica-pongan-al-ayuntamiento-en-esta-situacion-de-incertidumbre\/#primaryimage\",\"url\":\"https:\/\/agrupacionespsoe.es\/ponferrada\/wp-content\/uploads\/sites\/36\/2024\/05\/foto-PLENO.jpeg\",\"contentUrl\":\"https:\/\/agrupacionespsoe.es\/ponferrada\/wp-content\/uploads\/sites\/36\/2024\/05\/foto-PLENO.jpeg\",\"width\":2048,\"height\":1536},{\"@type\":\"BreadcrumbList\",\"@id\":\"https:\/\/agrupacionespsoe.es\/ponferrada\/es-incomprensible-que-por-una-motivacion-politica-pongan-al-ayuntamiento-en-esta-situacion-de-incertidumbre\/#breadcrumb\",\"itemListElement\":[{\"@type\":\"ListItem\",\"position\":1,\"name\":\"Portada\",\"item\":\"https:\/\/agrupacionespsoe.es\/ponferrada\/\"},{\"@type\":\"ListItem\",\"position\":2,\"name\":\"\u201cEs incomprensible que por una motivaci\u00f3n pol\u00edtica pongan al ayuntamiento en esta situaci\u00f3n de incertidumbre\u201d\"}]},{\"@type\":\"WebSite\",\"@id\":\"https:\/\/agrupacionespsoe.es\/ponferrada\/#website\",\"url\":\"https:\/\/agrupacionespsoe.es\/ponferrada\/\",\"name\":\"Agrupaci\u00f3n Socialista de Ponferrada\",\"description\":\"Agrupaci\u00f3n Socialista de Ponferrada\",\"publisher\":{\"@id\":\"https:\/\/agrupacionespsoe.es\/ponferrada\/#organization\"},\"potentialAction\":[{\"@type\":\"SearchAction\",\"target\":{\"@type\":\"EntryPoint\",\"urlTemplate\":\"https:\/\/agrupacionespsoe.es\/ponferrada\/?s={search_term_string}\"},\"query-input\":{\"@type\":\"PropertyValueSpecification\",\"valueRequired\":true,\"valueName\":\"search_term_string\"}}],\"inLanguage\":\"es\"},{\"@type\":\"Organization\",\"@id\":\"https:\/\/agrupacionespsoe.es\/ponferrada\/#organization\",\"name\":\"Agrupaci\u00f3n Socialista de Ponferrada\",\"url\":\"https:\/\/agrupacionespsoe.es\/ponferrada\/\",\"logo\":{\"@type\":\"ImageObject\",\"inLanguage\":\"es\",\"@id\":\"https:\/\/agrupacionespsoe.es\/ponferrada\/#\/schema\/logo\/image\/\",\"url\":\"https:\/\/agrupacionespsoe.es\/wp-content\/uploads\/2022\/07\/Logotipo_electoral_del_PSOE.png\",\"contentUrl\":\"https:\/\/agrupacionespsoe.es\/wp-content\/uploads\/2022\/07\/Logotipo_electoral_del_PSOE.png\",\"width\":422,\"height\":422,\"caption\":\"Agrupaci\u00f3n Socialista de Ponferrada\"},\"image\":{\"@id\":\"https:\/\/agrupacionespsoe.es\/ponferrada\/#\/schema\/logo\/image\/\"}},{\"@type\":\"Person\",\"@id\":\"https:\/\/agrupacionespsoe.es\/ponferrada\/#\/schema\/person\/cd29ee627f3b70c05d415f02596debaa\",\"name\":\"ponferrada2\",\"image\":{\"@type\":\"ImageObject\",\"inLanguage\":\"es\",\"@id\":\"https:\/\/agrupacionespsoe.es\/ponferrada\/#\/schema\/person\/image\/\",\"url\":\"https:\/\/secure.gravatar.com\/avatar\/f499eeb60144c664cf7b7edf75549b50?s=96&d=mm&r=g\",\"contentUrl\":\"https:\/\/secure.gravatar.com\/avatar\/f499eeb60144c664cf7b7edf75549b50?s=96&d=mm&r=g\",\"caption\":\"ponferrada2\"},\"url\":\"https:\/\/agrupacionespsoe.es\/ponferrada\/author\/ponferrada2\/\"}]}<\/script>\n<!-- \/ Yoast SEO plugin. -->","yoast_head_json":{"title":"\u201cEs incomprensible que por una motivaci\u00f3n pol\u00edtica pongan al ayuntamiento en esta situaci\u00f3n de incertidumbre\u201d - Agrupaci\u00f3n Socialista de Ponferrada","robots":{"index":"index","follow":"follow","max-snippet":"max-snippet:-1","max-image-preview":"max-image-preview:large","max-video-preview":"max-video-preview:-1"},"canonical":"https:\/\/agrupacionespsoe.es\/ponferrada\/es-incomprensible-que-por-una-motivacion-politica-pongan-al-ayuntamiento-en-esta-situacion-de-incertidumbre\/","og_locale":"es_ES","og_type":"article","og_title":"\u201cEs incomprensible que por una motivaci\u00f3n pol\u00edtica pongan al ayuntamiento en esta situaci\u00f3n de incertidumbre\u201d - Agrupaci\u00f3n Socialista de Ponferrada","og_description":"El Grupo Socialista propone que lleven el punto al pleno de mayo incorporando las enmiendas de nuestro grupo. A juicio del grupo socialista esta ma\u00f1ana en el Pleno Extraordinario el actual equipo de gobierno ha cometido un grave error. El grupo municipal socialista quiere criticar las maneras de gobernar del Sr. Morala, es incomprensible que ...","og_url":"https:\/\/agrupacionespsoe.es\/ponferrada\/es-incomprensible-que-por-una-motivacion-politica-pongan-al-ayuntamiento-en-esta-situacion-de-incertidumbre\/","og_site_name":"Agrupaci\u00f3n Socialista de Ponferrada","article_published_time":"2024-05-14T11:34:06+00:00","article_modified_time":"2024-05-16T11:34:33+00:00","og_image":[{"width":2048,"height":1536,"url":"https:\/\/agrupacionespsoe.es\/ponferrada\/wp-content\/uploads\/sites\/36\/2024\/05\/foto-PLENO.jpeg","type":"image\/jpeg"}],"author":"ponferrada2","twitter_card":"summary_large_image","twitter_misc":{"Escrito por":"ponferrada2","Tiempo de lectura":"3 minutos"},"schema":{"@context":"https:\/\/schema.org","@graph":[{"@type":"Article","@id":"https:\/\/agrupacionespsoe.es\/ponferrada\/es-incomprensible-que-por-una-motivacion-politica-pongan-al-ayuntamiento-en-esta-situacion-de-incertidumbre\/#article","isPartOf":{"@id":"https:\/\/agrupacionespsoe.es\/ponferrada\/es-incomprensible-que-por-una-motivacion-politica-pongan-al-ayuntamiento-en-esta-situacion-de-incertidumbre\/"},"author":{"name":"ponferrada2","@id":"https:\/\/agrupacionespsoe.es\/ponferrada\/#\/schema\/person\/cd29ee627f3b70c05d415f02596debaa"},"headline":"\u201cEs incomprensible que por una motivaci\u00f3n pol\u00edtica pongan al ayuntamiento en esta situaci\u00f3n de incertidumbre\u201d","datePublished":"2024-05-14T11:34:06+00:00","dateModified":"2024-05-16T11:34:33+00:00","mainEntityOfPage":{"@id":"https:\/\/agrupacionespsoe.es\/ponferrada\/es-incomprensible-que-por-una-motivacion-politica-pongan-al-ayuntamiento-en-esta-situacion-de-incertidumbre\/"},"wordCount":471,"commentCount":0,"publisher":{"@id":"https:\/\/agrupacionespsoe.es\/ponferrada\/#organization"},"image":{"@id":"https:\/\/agrupacionespsoe.es\/ponferrada\/es-incomprensible-que-por-una-motivacion-politica-pongan-al-ayuntamiento-en-esta-situacion-de-incertidumbre\/#primaryimage"},"thumbnailUrl":"https:\/\/agrupacionespsoe.es\/ponferrada\/wp-content\/uploads\/sites\/36\/2024\/05\/foto-PLENO.jpeg","articleSection":["ACTUALIDAD"],"inLanguage":"es","potentialAction":[{"@type":"CommentAction","name":"Comment","target":["https:\/\/agrupacionespsoe.es\/ponferrada\/es-incomprensible-que-por-una-motivacion-politica-pongan-al-ayuntamiento-en-esta-situacion-de-incertidumbre\/#respond"]}]},{"@type":"WebPage","@id":"https:\/\/agrupacionespsoe.es\/ponferrada\/es-incomprensible-que-por-una-motivacion-politica-pongan-al-ayuntamiento-en-esta-situacion-de-incertidumbre\/","url":"https:\/\/agrupacionespsoe.es\/ponferrada\/es-incomprensible-que-por-una-motivacion-politica-pongan-al-ayuntamiento-en-esta-situacion-de-incertidumbre\/","name":"\u201cEs incomprensible que por una motivaci\u00f3n pol\u00edtica pongan al ayuntamiento en esta situaci\u00f3n de incertidumbre\u201d - Agrupaci\u00f3n Socialista de Ponferrada","isPartOf":{"@id":"https:\/\/agrupacionespsoe.es\/ponferrada\/#website"},"primaryImageOfPage":{"@id":"https:\/\/agrupacionespsoe.es\/ponferrada\/es-incomprensible-que-por-una-motivacion-politica-pongan-al-ayuntamiento-en-esta-situacion-de-incertidumbre\/#primaryimage"},"image":{"@id":"https:\/\/agrupacionespsoe.es\/ponferrada\/es-incomprensible-que-por-una-motivacion-politica-pongan-al-ayuntamiento-en-esta-situacion-de-incertidumbre\/#primaryimage"},"thumbnailUrl":"https:\/\/agrupacionespsoe.es\/ponferrada\/wp-content\/uploads\/sites\/36\/2024\/05\/foto-PLENO.jpeg","datePublished":"2024-05-14T11:34:06+00:00","dateModified":"2024-05-16T11:34:33+00:00","breadcrumb":{"@id":"https:\/\/agrupacionespsoe.es\/ponferrada\/es-incomprensible-que-por-una-motivacion-politica-pongan-al-ayuntamiento-en-esta-situacion-de-incertidumbre\/#breadcrumb"},"inLanguage":"es","potentialAction":[{"@type":"ReadAction","target":["https:\/\/agrupacionespsoe.es\/ponferrada\/es-incomprensible-que-por-una-motivacion-politica-pongan-al-ayuntamiento-en-esta-situacion-de-incertidumbre\/"]}]},{"@type":"ImageObject","inLanguage":"es","@id":"https:\/\/agrupacionespsoe.es\/ponferrada\/es-incomprensible-que-por-una-motivacion-politica-pongan-al-ayuntamiento-en-esta-situacion-de-incertidumbre\/#primaryimage","url":"https:\/\/agrupacionespsoe.es\/ponferrada\/wp-content\/uploads\/sites\/36\/2024\/05\/foto-PLENO.jpeg","contentUrl":"https:\/\/agrupacionespsoe.es\/ponferrada\/wp-content\/uploads\/sites\/36\/2024\/05\/foto-PLENO.jpeg","width":2048,"height":1536},{"@type":"BreadcrumbList","@id":"https:\/\/agrupacionespsoe.es\/ponferrada\/es-incomprensible-que-por-una-motivacion-politica-pongan-al-ayuntamiento-en-esta-situacion-de-incertidumbre\/#breadcrumb","itemListElement":[{"@type":"ListItem","position":1,"name":"Portada","item":"https:\/\/agrupacionespsoe.es\/ponferrada\/"},{"@type":"ListItem","position":2,"name":"\u201cEs incomprensible que por una motivaci\u00f3n pol\u00edtica pongan al ayuntamiento en esta situaci\u00f3n de incertidumbre\u201d"}]},{"@type":"WebSite","@id":"https:\/\/agrupacionespsoe.es\/ponferrada\/#website","url":"https:\/\/agrupacionespsoe.es\/ponferrada\/","name":"Agrupaci\u00f3n Socialista de Ponferrada","description":"Agrupaci\u00f3n Socialista de Ponferrada","publisher":{"@id":"https:\/\/agrupacionespsoe.es\/ponferrada\/#organization"},"potentialAction":[{"@type":"SearchAction","target":{"@type":"EntryPoint","urlTemplate":"https:\/\/agrupacionespsoe.es\/ponferrada\/?s={search_term_string}"},"query-input":{"@type":"PropertyValueSpecification","valueRequired":true,"valueName":"search_term_string"}}],"inLanguage":"es"},{"@type":"Organization","@id":"https:\/\/agrupacionespsoe.es\/ponferrada\/#organization","name":"Agrupaci\u00f3n Socialista de Ponferrada","url":"https:\/\/agrupacionespsoe.es\/ponferrada\/","logo":{"@type":"ImageObject","inLanguage":"es","@id":"https:\/\/agrupacionespsoe.es\/ponferrada\/#\/schema\/logo\/image\/","url":"https:\/\/agrupacionespsoe.es\/wp-content\/uploads\/2022\/07\/Logotipo_electoral_del_PSOE.png","contentUrl":"https:\/\/agrupacionespsoe.es\/wp-content\/uploads\/2022\/07\/Logotipo_electoral_del_PSOE.png","width":422,"height":422,"caption":"Agrupaci\u00f3n Socialista de Ponferrada"},"image":{"@id":"https:\/\/agrupacionespsoe.es\/ponferrada\/#\/schema\/logo\/image\/"}},{"@type":"Person","@id":"https:\/\/agrupacionespsoe.es\/ponferrada\/#\/schema\/person\/cd29ee627f3b70c05d415f02596debaa","name":"ponferrada2","image":{"@type":"ImageObject","inLanguage":"es","@id":"https:\/\/agrupacionespsoe.es\/ponferrada\/#\/schema\/person\/image\/","url":"https:\/\/secure.gravatar.com\/avatar\/f499eeb60144c664cf7b7edf75549b50?s=96&d=mm&r=g","contentUrl":"https:\/\/secure.gravatar.com\/avatar\/f499eeb60144c664cf7b7edf75549b50?s=96&d=mm&r=g","caption":"ponferrada2"},"url":"https:\/\/agrupacionespsoe.es\/ponferrada\/author\/ponferrada2\/"}]}},"jetpack_featured_media_url":"https:\/\/agrupacionespsoe.es\/ponferrada\/wp-content\/uploads\/sites\/36\/2024\/05\/foto-PLENO.jpeg","jetpack_sharing_enabled":true,"_links":{"self":[{"href":"https:\/\/agrupacionespsoe.es\/ponferrada\/wp-json\/wp\/v2\/posts\/498","targetHints":{"allow":["GET"]}}],"collection":[{"href":"https:\/\/agrupacionespsoe.es\/ponferrada\/wp-json\/wp\/v2\/posts"}],"about":[{"href":"https:\/\/agrupacionespsoe.es\/ponferrada\/wp-json\/wp\/v2\/types\/post"}],"author":[{"embeddable":true,"href":"https:\/\/agrupacionespsoe.es\/ponferrada\/wp-json\/wp\/v2\/users\/32"}],"replies":[{"embeddable":true,"href":"https:\/\/agrupacionespsoe.es\/ponferrada\/wp-json\/wp\/v2\/comments?post=498"}],"version-history":[{"count":1,"href":"https:\/\/agrupacionespsoe.es\/ponferrada\/wp-json\/wp\/v2\/posts\/498\/revisions"}],"predecessor-version":[{"id":500,"href":"https:\/\/agrupacionespsoe.es\/ponferrada\/wp-json\/wp\/v2\/posts\/498\/revisions\/500"}],"wp:featuredmedia":[{"embeddable":true,"href":"https:\/\/agrupacionespsoe.es\/ponferrada\/wp-json\/wp\/v2\/media\/499"}],"wp:attachment":[{"href":"https:\/\/agrupacionespsoe.es\/ponferrada\/wp-json\/wp\/v2\/media?parent=498"}],"wp:term":[{"taxonomy":"category","embeddable":true,"href":"https:\/\/agrupacionespsoe.es\/ponferrada\/wp-json\/wp\/v2\/categories?post=498"},{"taxonomy":"post_tag","embeddable":true,"href":"https:\/\/agrupacionespsoe.es\/ponferrada\/wp-json\/wp\/v2\/tags?post=498"}],"curies":[{"name":"wp","href":"https:\/\/api.w.org\/{rel}","templated":true}]}}