{"id":494,"date":"2024-05-03T11:07:11","date_gmt":"2024-05-03T11:07:11","guid":{"rendered":"https:\/\/agrupacionespsoe.es\/ponferrada\/?p=494"},"modified":"2024-05-03T11:07:11","modified_gmt":"2024-05-03T11:07:11","slug":"el-grupo-socialista-denuncia-que-en-solo-6-meses-de-gobierno-de-morala-el-ayuntamiento-ha-entrado-en-deficit","status":"publish","type":"post","link":"https:\/\/agrupacionespsoe.es\/ponferrada\/el-grupo-socialista-denuncia-que-en-solo-6-meses-de-gobierno-de-morala-el-ayuntamiento-ha-entrado-en-deficit\/","title":{"rendered":"El Grupo Socialista denuncia que en solo 6 meses de gobierno de Morala el ayuntamiento ha entrado en d\u00e9ficit"},"content":{"rendered":"\n<p class=\"has-large-font-size\">El gobierno m\u00e1s caro de la  historia es tambi\u00e9n el que m\u00e1s derrocha<\/p>\n\n\n\n<p>La concejala socialista Mabel Fern\u00e1ndez ha ofrecido una rueda de prensa esta ma\u00f1ana para analizar la situaci\u00f3n econ\u00f3mica del Ayuntamiento de Ponferrada.<\/p>\n\n\n\n<p>Ha informado que en el pasado pleno ordinario en el punto sobre la daci\u00f3n de cuentas del informe de intervenci\u00f3n de la estabilidad presupuestaria se se\u00f1alaba que hab\u00eda una necesidad de financiaci\u00f3n.<\/p>\n\n\n\n<p>Mabel Fernandez ha explicado que significa que el ayuntamiento de Ponferrada entra en d\u00e9ficit en solo 6 meses (ya que el informe de intervenci\u00f3n se refiere al 31 de diciembre de 2023) y ya estamos en d\u00e9ficit.<\/p>\n\n\n\n<p>\u00bfQu\u00e9 es el d\u00e9ficit? De manera SENCILLA: gastan m\u00e1s de lo que ingresan. Concretamente y eso dicen los informes de intervenci\u00f3n en los \u00faltimos 6 meses de 2023 se ha gastado mucho m\u00e1s de lo que se ha ingresado.<\/p>\n\n\n\n<p>Sigue el informe: <strong><em>\u201c\u2026la comparaci\u00f3n entre el gasto computable de 2022 y 2023 se realiza solo sobre la entidad Ayuntamiento y pone de manifiesto que el gasto ha aumentado en 3.932.222,89 \u20ac (un 8,09%).<\/em><\/strong><\/p>\n\n\n\n<p>El informe de intervenci\u00f3n es muy clarificador y tajante:<\/p>\n\n\n\n<p><strong><em>\u201cEsto pone de manifiesto la imperiosa necesidad de contener el gasto ordinario, \u2026.para revertir esta situaci\u00f3n\u201d.<\/em><\/strong><\/p>\n\n\n\n<p>Esto significa, que han metido la mano en la cartera a los ponferradinos, porque estamos hablando de casi 4 millones m\u00e1s, tenemos claro que una gran parte se deriva del excesivo n\u00famero de contratos menores.<\/p>\n\n\n\n<p>Solo un ejemplo: en diciembre de 2023 han gastado el doble de lo que se gast\u00f3 en el primer trimestre de 2023 en gastos menores: M\u00c1S DE 800.000 EUROS gastados<\/p>\n\n\n\n<p>Y nos preguntamos d\u00f3nde han gastado todo ese dinero. Porque cualquier ciudadano coincidir\u00e1 con nosotros en que no han hecho nada m\u00e1s que continuar con los proyectos iniciados. El gobierno m\u00e1s caro de la historia es tambi\u00e9n uno de los m\u00e1s derrochadores. Est\u00e1n vaciando las cuentas del ayuntamiento en gasto improductivo,<\/p>\n\n\n\n<p>El informe concluye poniendo de manifiesto,&nbsp; \u201c<strong><em>una advertencia de los cambios que se observan, con el fin de evitar la posible necesidad de sometimiento a un plan econ\u00f3mico-financiero, y se recomienda la adopci\u00f3n de pol\u00edticas de contenci\u00f3n del gasto que frenen esta deriva de resultados<\/em><\/strong><\/p>\n\n\n\n<p><strong>\u201cNO CUMPLIR\u00cdA CON EL OBJETIVO DE ESTABILIDAD PRESUPUESTARIA, AL PRESENTAR D\u00c9FICIT EN EL EJERCICIO 2023 POR IMPORTE DE 2.641.183,75\u20ac, lo cual supone un 4,39% sobre los ingresos<\/strong><strong>.<\/strong><\/p>\n\n\n\n<p>Mabel Fern\u00e1ndez ha se\u00f1alado que aqu\u00ed est\u00e1 la VERDADERA RAZ\u00d3N por la que no van a poder bajar, como prometieron en campa\u00f1a, LOS IMPUESTOS. No como dice el Alcalde que debido a la sentencia del mundial, sino los informes de intervenci\u00f3n que se\u00f1alan que hay que parar de gastar y recaudar. Y que este nivel de gasto NO CUMPLIR\u00cdA con el objetivo de estabilidad presupuestaria, por primera vez en los \u00faltimos 12 a\u00f1os<\/p>\n\n\n\n<p>Sabemos que el PP va a decir que este gasto es culpa del PSOE que gobern\u00f3 durante los 6 primeros meses pero los informes les van a desmontar ese argumento, ya que &nbsp;trimestralmente se realiza obligatoriamente un seguimiento del Plan de ajuste. El seguimiento del primer y segundo trimestre, conclu\u00eda que cumpl\u00edamos y segu\u00edamos ahorrando, solo en ese trimestre casi 700.000\u20ac m\u00e1s.<\/p>\n\n\n\n<p>Nosotros les recomendamos lo mismo que los informes de los servicios econ\u00f3micos, y es ahorrar, porque tienen que parar de gastar de forma improductiva, por encima de las posibilidades del Ayuntamiento, por encima de lo que se ingresa.<\/p>\n\n\n\n<p>Finalizando, Mabel Fern\u00e1ndez ha indicado que desde el PSOE vamos a esperar a ver como solucionan esta situaci\u00f3n, GRAVE porque los ciudadanos y ciudadanas de Ponferrada, estamos hartos de sus mentiras, de su falta de gesti\u00f3n, de sus sueldos altos, y de su despilfarro. Les recomienda que se pongan a trabajar, pero de verdad. Que no vengan a hacer lo mismo de siempre, y que consiste en ahogar las arcas p\u00fablicas.<\/p>\n\n\n\n<figure class=\"wp-block-gallery has-nested-images columns-default is-cropped wp-block-gallery-1 is-layout-flex wp-block-gallery-is-layout-flex\">\n<figure class=\"wp-block-image size-large\"><img loading=\"lazy\" decoding=\"async\" width=\"1024\" height=\"768\" data-id=\"495\" src=\"https:\/\/agrupacionespsoe.es\/ponferrada\/wp-content\/uploads\/sites\/36\/2024\/05\/WhatsApp-Image-2024-05-03-at-12.45.10-1024x768.jpeg\" alt=\"\" class=\"wp-image-495\" srcset=\"https:\/\/agrupacionespsoe.es\/ponferrada\/wp-content\/uploads\/sites\/36\/2024\/05\/WhatsApp-Image-2024-05-03-at-12.45.10-1024x768.jpeg 1024w, https:\/\/agrupacionespsoe.es\/ponferrada\/wp-content\/uploads\/sites\/36\/2024\/05\/WhatsApp-Image-2024-05-03-at-12.45.10-300x225.jpeg 300w, https:\/\/agrupacionespsoe.es\/ponferrada\/wp-content\/uploads\/sites\/36\/2024\/05\/WhatsApp-Image-2024-05-03-at-12.45.10-768x576.jpeg 768w, https:\/\/agrupacionespsoe.es\/ponferrada\/wp-content\/uploads\/sites\/36\/2024\/05\/WhatsApp-Image-2024-05-03-at-12.45.10-1536x1152.jpeg 1536w, https:\/\/agrupacionespsoe.es\/ponferrada\/wp-content\/uploads\/sites\/36\/2024\/05\/WhatsApp-Image-2024-05-03-at-12.45.10.jpeg 2048w\" sizes=\"auto, (max-width: 1024px) 100vw, 1024px\" \/><\/figure>\n<\/figure>\n","protected":false},"excerpt":{"rendered":"<p>El gobierno m\u00e1s caro de la historia es tambi\u00e9n el que m\u00e1s derrocha La concejala socialista Mabel Fern\u00e1ndez ha ofrecido una rueda de prensa esta ma\u00f1ana para analizar la situaci\u00f3n econ\u00f3mica del Ayuntamiento de Ponferrada. Ha informado que en el pasado pleno ordinario en el punto sobre la daci\u00f3n de cuentas del informe de intervenci\u00f3n &#8230;<\/p>\n","protected":false},"author":32,"featured_media":495,"comment_status":"open","ping_status":"open","sticky":false,"template":"","format":"standard","meta":{"_jetpack_memberships_contains_paid_content":false,"footnotes":""},"categories":[6],"tags":[],"class_list":["post-494","post","type-post","status-publish","format-standard","has-post-thumbnail","hentry","category-actualidad"],"yoast_head":"<!-- This site is optimized with the Yoast SEO plugin v24.0 - https:\/\/yoast.com\/wordpress\/plugins\/seo\/ -->\n<title>El Grupo Socialista denuncia que en solo 6 meses de gobierno de Morala el ayuntamiento ha entrado en d\u00e9ficit - Agrupaci\u00f3n Socialista de Ponferrada<\/title>\n<meta name=\"robots\" content=\"index, follow, max-snippet:-1, max-image-preview:large, max-video-preview:-1\" \/>\n<link rel=\"canonical\" href=\"https:\/\/agrupacionespsoe.es\/ponferrada\/el-grupo-socialista-denuncia-que-en-solo-6-meses-de-gobierno-de-morala-el-ayuntamiento-ha-entrado-en-deficit\/\" \/>\n<meta property=\"og:locale\" content=\"es_ES\" \/>\n<meta property=\"og:type\" content=\"article\" \/>\n<meta property=\"og:title\" content=\"El Grupo Socialista denuncia que en solo 6 meses de gobierno de Morala el ayuntamiento ha entrado en d\u00e9ficit - Agrupaci\u00f3n Socialista de Ponferrada\" \/>\n<meta property=\"og:description\" content=\"El gobierno m\u00e1s caro de la historia es tambi\u00e9n el que m\u00e1s derrocha La concejala socialista Mabel Fern\u00e1ndez ha ofrecido una rueda de prensa esta ma\u00f1ana para analizar la situaci\u00f3n econ\u00f3mica del Ayuntamiento de Ponferrada. Ha informado que en el pasado pleno ordinario en el punto sobre la daci\u00f3n de cuentas del informe de intervenci\u00f3n ...\" \/>\n<meta property=\"og:url\" content=\"https:\/\/agrupacionespsoe.es\/ponferrada\/el-grupo-socialista-denuncia-que-en-solo-6-meses-de-gobierno-de-morala-el-ayuntamiento-ha-entrado-en-deficit\/\" \/>\n<meta property=\"og:site_name\" content=\"Agrupaci\u00f3n Socialista de Ponferrada\" \/>\n<meta property=\"article:published_time\" content=\"2024-05-03T11:07:11+00:00\" \/>\n<meta property=\"og:image\" content=\"https:\/\/agrupacionespsoe.es\/ponferrada\/wp-content\/uploads\/sites\/36\/2024\/05\/WhatsApp-Image-2024-05-03-at-12.45.10.jpeg\" \/>\n\t<meta property=\"og:image:width\" content=\"2048\" \/>\n\t<meta property=\"og:image:height\" content=\"1536\" \/>\n\t<meta property=\"og:image:type\" content=\"image\/jpeg\" \/>\n<meta name=\"author\" content=\"ponferrada2\" \/>\n<meta name=\"twitter:card\" content=\"summary_large_image\" \/>\n<meta name=\"twitter:label1\" content=\"Escrito por\" \/>\n\t<meta name=\"twitter:data1\" content=\"ponferrada2\" \/>\n\t<meta name=\"twitter:label2\" content=\"Tiempo de lectura\" \/>\n\t<meta name=\"twitter:data2\" content=\"4 minutos\" \/>\n<script type=\"application\/ld+json\" class=\"yoast-schema-graph\">{\"@context\":\"https:\/\/schema.org\",\"@graph\":[{\"@type\":\"Article\",\"@id\":\"https:\/\/agrupacionespsoe.es\/ponferrada\/el-grupo-socialista-denuncia-que-en-solo-6-meses-de-gobierno-de-morala-el-ayuntamiento-ha-entrado-en-deficit\/#article\",\"isPartOf\":{\"@id\":\"https:\/\/agrupacionespsoe.es\/ponferrada\/el-grupo-socialista-denuncia-que-en-solo-6-meses-de-gobierno-de-morala-el-ayuntamiento-ha-entrado-en-deficit\/\"},\"author\":{\"name\":\"ponferrada2\",\"@id\":\"https:\/\/agrupacionespsoe.es\/ponferrada\/#\/schema\/person\/cd29ee627f3b70c05d415f02596debaa\"},\"headline\":\"El Grupo Socialista denuncia que en solo 6 meses de gobierno de Morala el ayuntamiento ha entrado en d\u00e9ficit\",\"datePublished\":\"2024-05-03T11:07:11+00:00\",\"dateModified\":\"2024-05-03T11:07:11+00:00\",\"mainEntityOfPage\":{\"@id\":\"https:\/\/agrupacionespsoe.es\/ponferrada\/el-grupo-socialista-denuncia-que-en-solo-6-meses-de-gobierno-de-morala-el-ayuntamiento-ha-entrado-en-deficit\/\"},\"wordCount\":689,\"commentCount\":0,\"publisher\":{\"@id\":\"https:\/\/agrupacionespsoe.es\/ponferrada\/#organization\"},\"image\":{\"@id\":\"https:\/\/agrupacionespsoe.es\/ponferrada\/el-grupo-socialista-denuncia-que-en-solo-6-meses-de-gobierno-de-morala-el-ayuntamiento-ha-entrado-en-deficit\/#primaryimage\"},\"thumbnailUrl\":\"https:\/\/agrupacionespsoe.es\/ponferrada\/wp-content\/uploads\/sites\/36\/2024\/05\/WhatsApp-Image-2024-05-03-at-12.45.10.jpeg\",\"articleSection\":[\"ACTUALIDAD\"],\"inLanguage\":\"es\",\"potentialAction\":[{\"@type\":\"CommentAction\",\"name\":\"Comment\",\"target\":[\"https:\/\/agrupacionespsoe.es\/ponferrada\/el-grupo-socialista-denuncia-que-en-solo-6-meses-de-gobierno-de-morala-el-ayuntamiento-ha-entrado-en-deficit\/#respond\"]}]},{\"@type\":\"WebPage\",\"@id\":\"https:\/\/agrupacionespsoe.es\/ponferrada\/el-grupo-socialista-denuncia-que-en-solo-6-meses-de-gobierno-de-morala-el-ayuntamiento-ha-entrado-en-deficit\/\",\"url\":\"https:\/\/agrupacionespsoe.es\/ponferrada\/el-grupo-socialista-denuncia-que-en-solo-6-meses-de-gobierno-de-morala-el-ayuntamiento-ha-entrado-en-deficit\/\",\"name\":\"El Grupo Socialista denuncia que en solo 6 meses de gobierno de Morala el ayuntamiento ha entrado en d\u00e9ficit - Agrupaci\u00f3n Socialista de Ponferrada\",\"isPartOf\":{\"@id\":\"https:\/\/agrupacionespsoe.es\/ponferrada\/#website\"},\"primaryImageOfPage\":{\"@id\":\"https:\/\/agrupacionespsoe.es\/ponferrada\/el-grupo-socialista-denuncia-que-en-solo-6-meses-de-gobierno-de-morala-el-ayuntamiento-ha-entrado-en-deficit\/#primaryimage\"},\"image\":{\"@id\":\"https:\/\/agrupacionespsoe.es\/ponferrada\/el-grupo-socialista-denuncia-que-en-solo-6-meses-de-gobierno-de-morala-el-ayuntamiento-ha-entrado-en-deficit\/#primaryimage\"},\"thumbnailUrl\":\"https:\/\/agrupacionespsoe.es\/ponferrada\/wp-content\/uploads\/sites\/36\/2024\/05\/WhatsApp-Image-2024-05-03-at-12.45.10.jpeg\",\"datePublished\":\"2024-05-03T11:07:11+00:00\",\"dateModified\":\"2024-05-03T11:07:11+00:00\",\"breadcrumb\":{\"@id\":\"https:\/\/agrupacionespsoe.es\/ponferrada\/el-grupo-socialista-denuncia-que-en-solo-6-meses-de-gobierno-de-morala-el-ayuntamiento-ha-entrado-en-deficit\/#breadcrumb\"},\"inLanguage\":\"es\",\"potentialAction\":[{\"@type\":\"ReadAction\",\"target\":[\"https:\/\/agrupacionespsoe.es\/ponferrada\/el-grupo-socialista-denuncia-que-en-solo-6-meses-de-gobierno-de-morala-el-ayuntamiento-ha-entrado-en-deficit\/\"]}]},{\"@type\":\"ImageObject\",\"inLanguage\":\"es\",\"@id\":\"https:\/\/agrupacionespsoe.es\/ponferrada\/el-grupo-socialista-denuncia-que-en-solo-6-meses-de-gobierno-de-morala-el-ayuntamiento-ha-entrado-en-deficit\/#primaryimage\",\"url\":\"https:\/\/agrupacionespsoe.es\/ponferrada\/wp-content\/uploads\/sites\/36\/2024\/05\/WhatsApp-Image-2024-05-03-at-12.45.10.jpeg\",\"contentUrl\":\"https:\/\/agrupacionespsoe.es\/ponferrada\/wp-content\/uploads\/sites\/36\/2024\/05\/WhatsApp-Image-2024-05-03-at-12.45.10.jpeg\",\"width\":2048,\"height\":1536},{\"@type\":\"BreadcrumbList\",\"@id\":\"https:\/\/agrupacionespsoe.es\/ponferrada\/el-grupo-socialista-denuncia-que-en-solo-6-meses-de-gobierno-de-morala-el-ayuntamiento-ha-entrado-en-deficit\/#breadcrumb\",\"itemListElement\":[{\"@type\":\"ListItem\",\"position\":1,\"name\":\"Portada\",\"item\":\"https:\/\/agrupacionespsoe.es\/ponferrada\/\"},{\"@type\":\"ListItem\",\"position\":2,\"name\":\"El Grupo Socialista denuncia que en solo 6 meses de gobierno de Morala el ayuntamiento ha entrado en d\u00e9ficit\"}]},{\"@type\":\"WebSite\",\"@id\":\"https:\/\/agrupacionespsoe.es\/ponferrada\/#website\",\"url\":\"https:\/\/agrupacionespsoe.es\/ponferrada\/\",\"name\":\"Agrupaci\u00f3n Socialista de Ponferrada\",\"description\":\"Agrupaci\u00f3n Socialista de Ponferrada\",\"publisher\":{\"@id\":\"https:\/\/agrupacionespsoe.es\/ponferrada\/#organization\"},\"potentialAction\":[{\"@type\":\"SearchAction\",\"target\":{\"@type\":\"EntryPoint\",\"urlTemplate\":\"https:\/\/agrupacionespsoe.es\/ponferrada\/?s={search_term_string}\"},\"query-input\":{\"@type\":\"PropertyValueSpecification\",\"valueRequired\":true,\"valueName\":\"search_term_string\"}}],\"inLanguage\":\"es\"},{\"@type\":\"Organization\",\"@id\":\"https:\/\/agrupacionespsoe.es\/ponferrada\/#organization\",\"name\":\"Agrupaci\u00f3n Socialista de Ponferrada\",\"url\":\"https:\/\/agrupacionespsoe.es\/ponferrada\/\",\"logo\":{\"@type\":\"ImageObject\",\"inLanguage\":\"es\",\"@id\":\"https:\/\/agrupacionespsoe.es\/ponferrada\/#\/schema\/logo\/image\/\",\"url\":\"https:\/\/agrupacionespsoe.es\/wp-content\/uploads\/2022\/07\/Logotipo_electoral_del_PSOE.png\",\"contentUrl\":\"https:\/\/agrupacionespsoe.es\/wp-content\/uploads\/2022\/07\/Logotipo_electoral_del_PSOE.png\",\"width\":422,\"height\":422,\"caption\":\"Agrupaci\u00f3n Socialista de Ponferrada\"},\"image\":{\"@id\":\"https:\/\/agrupacionespsoe.es\/ponferrada\/#\/schema\/logo\/image\/\"}},{\"@type\":\"Person\",\"@id\":\"https:\/\/agrupacionespsoe.es\/ponferrada\/#\/schema\/person\/cd29ee627f3b70c05d415f02596debaa\",\"name\":\"ponferrada2\",\"image\":{\"@type\":\"ImageObject\",\"inLanguage\":\"es\",\"@id\":\"https:\/\/agrupacionespsoe.es\/ponferrada\/#\/schema\/person\/image\/\",\"url\":\"https:\/\/secure.gravatar.com\/avatar\/f499eeb60144c664cf7b7edf75549b50?s=96&d=mm&r=g\",\"contentUrl\":\"https:\/\/secure.gravatar.com\/avatar\/f499eeb60144c664cf7b7edf75549b50?s=96&d=mm&r=g\",\"caption\":\"ponferrada2\"},\"url\":\"https:\/\/agrupacionespsoe.es\/ponferrada\/author\/ponferrada2\/\"}]}<\/script>\n<!-- \/ Yoast SEO plugin. -->","yoast_head_json":{"title":"El Grupo Socialista denuncia que en solo 6 meses de gobierno de Morala el ayuntamiento ha entrado en d\u00e9ficit - Agrupaci\u00f3n Socialista de Ponferrada","robots":{"index":"index","follow":"follow","max-snippet":"max-snippet:-1","max-image-preview":"max-image-preview:large","max-video-preview":"max-video-preview:-1"},"canonical":"https:\/\/agrupacionespsoe.es\/ponferrada\/el-grupo-socialista-denuncia-que-en-solo-6-meses-de-gobierno-de-morala-el-ayuntamiento-ha-entrado-en-deficit\/","og_locale":"es_ES","og_type":"article","og_title":"El Grupo Socialista denuncia que en solo 6 meses de gobierno de Morala el ayuntamiento ha entrado en d\u00e9ficit - Agrupaci\u00f3n Socialista de Ponferrada","og_description":"El gobierno m\u00e1s caro de la historia es tambi\u00e9n el que m\u00e1s derrocha La concejala socialista Mabel Fern\u00e1ndez ha ofrecido una rueda de prensa esta ma\u00f1ana para analizar la situaci\u00f3n econ\u00f3mica del Ayuntamiento de Ponferrada. Ha informado que en el pasado pleno ordinario en el punto sobre la daci\u00f3n de cuentas del informe de intervenci\u00f3n ...","og_url":"https:\/\/agrupacionespsoe.es\/ponferrada\/el-grupo-socialista-denuncia-que-en-solo-6-meses-de-gobierno-de-morala-el-ayuntamiento-ha-entrado-en-deficit\/","og_site_name":"Agrupaci\u00f3n Socialista de Ponferrada","article_published_time":"2024-05-03T11:07:11+00:00","og_image":[{"width":2048,"height":1536,"url":"https:\/\/agrupacionespsoe.es\/ponferrada\/wp-content\/uploads\/sites\/36\/2024\/05\/WhatsApp-Image-2024-05-03-at-12.45.10.jpeg","type":"image\/jpeg"}],"author":"ponferrada2","twitter_card":"summary_large_image","twitter_misc":{"Escrito por":"ponferrada2","Tiempo de lectura":"4 minutos"},"schema":{"@context":"https:\/\/schema.org","@graph":[{"@type":"Article","@id":"https:\/\/agrupacionespsoe.es\/ponferrada\/el-grupo-socialista-denuncia-que-en-solo-6-meses-de-gobierno-de-morala-el-ayuntamiento-ha-entrado-en-deficit\/#article","isPartOf":{"@id":"https:\/\/agrupacionespsoe.es\/ponferrada\/el-grupo-socialista-denuncia-que-en-solo-6-meses-de-gobierno-de-morala-el-ayuntamiento-ha-entrado-en-deficit\/"},"author":{"name":"ponferrada2","@id":"https:\/\/agrupacionespsoe.es\/ponferrada\/#\/schema\/person\/cd29ee627f3b70c05d415f02596debaa"},"headline":"El Grupo Socialista denuncia que en solo 6 meses de gobierno de Morala el ayuntamiento ha entrado en d\u00e9ficit","datePublished":"2024-05-03T11:07:11+00:00","dateModified":"2024-05-03T11:07:11+00:00","mainEntityOfPage":{"@id":"https:\/\/agrupacionespsoe.es\/ponferrada\/el-grupo-socialista-denuncia-que-en-solo-6-meses-de-gobierno-de-morala-el-ayuntamiento-ha-entrado-en-deficit\/"},"wordCount":689,"commentCount":0,"publisher":{"@id":"https:\/\/agrupacionespsoe.es\/ponferrada\/#organization"},"image":{"@id":"https:\/\/agrupacionespsoe.es\/ponferrada\/el-grupo-socialista-denuncia-que-en-solo-6-meses-de-gobierno-de-morala-el-ayuntamiento-ha-entrado-en-deficit\/#primaryimage"},"thumbnailUrl":"https:\/\/agrupacionespsoe.es\/ponferrada\/wp-content\/uploads\/sites\/36\/2024\/05\/WhatsApp-Image-2024-05-03-at-12.45.10.jpeg","articleSection":["ACTUALIDAD"],"inLanguage":"es","potentialAction":[{"@type":"CommentAction","name":"Comment","target":["https:\/\/agrupacionespsoe.es\/ponferrada\/el-grupo-socialista-denuncia-que-en-solo-6-meses-de-gobierno-de-morala-el-ayuntamiento-ha-entrado-en-deficit\/#respond"]}]},{"@type":"WebPage","@id":"https:\/\/agrupacionespsoe.es\/ponferrada\/el-grupo-socialista-denuncia-que-en-solo-6-meses-de-gobierno-de-morala-el-ayuntamiento-ha-entrado-en-deficit\/","url":"https:\/\/agrupacionespsoe.es\/ponferrada\/el-grupo-socialista-denuncia-que-en-solo-6-meses-de-gobierno-de-morala-el-ayuntamiento-ha-entrado-en-deficit\/","name":"El Grupo Socialista denuncia que en solo 6 meses de gobierno de Morala el ayuntamiento ha entrado en d\u00e9ficit - Agrupaci\u00f3n Socialista de Ponferrada","isPartOf":{"@id":"https:\/\/agrupacionespsoe.es\/ponferrada\/#website"},"primaryImageOfPage":{"@id":"https:\/\/agrupacionespsoe.es\/ponferrada\/el-grupo-socialista-denuncia-que-en-solo-6-meses-de-gobierno-de-morala-el-ayuntamiento-ha-entrado-en-deficit\/#primaryimage"},"image":{"@id":"https:\/\/agrupacionespsoe.es\/ponferrada\/el-grupo-socialista-denuncia-que-en-solo-6-meses-de-gobierno-de-morala-el-ayuntamiento-ha-entrado-en-deficit\/#primaryimage"},"thumbnailUrl":"https:\/\/agrupacionespsoe.es\/ponferrada\/wp-content\/uploads\/sites\/36\/2024\/05\/WhatsApp-Image-2024-05-03-at-12.45.10.jpeg","datePublished":"2024-05-03T11:07:11+00:00","dateModified":"2024-05-03T11:07:11+00:00","breadcrumb":{"@id":"https:\/\/agrupacionespsoe.es\/ponferrada\/el-grupo-socialista-denuncia-que-en-solo-6-meses-de-gobierno-de-morala-el-ayuntamiento-ha-entrado-en-deficit\/#breadcrumb"},"inLanguage":"es","potentialAction":[{"@type":"ReadAction","target":["https:\/\/agrupacionespsoe.es\/ponferrada\/el-grupo-socialista-denuncia-que-en-solo-6-meses-de-gobierno-de-morala-el-ayuntamiento-ha-entrado-en-deficit\/"]}]},{"@type":"ImageObject","inLanguage":"es","@id":"https:\/\/agrupacionespsoe.es\/ponferrada\/el-grupo-socialista-denuncia-que-en-solo-6-meses-de-gobierno-de-morala-el-ayuntamiento-ha-entrado-en-deficit\/#primaryimage","url":"https:\/\/agrupacionespsoe.es\/ponferrada\/wp-content\/uploads\/sites\/36\/2024\/05\/WhatsApp-Image-2024-05-03-at-12.45.10.jpeg","contentUrl":"https:\/\/agrupacionespsoe.es\/ponferrada\/wp-content\/uploads\/sites\/36\/2024\/05\/WhatsApp-Image-2024-05-03-at-12.45.10.jpeg","width":2048,"height":1536},{"@type":"BreadcrumbList","@id":"https:\/\/agrupacionespsoe.es\/ponferrada\/el-grupo-socialista-denuncia-que-en-solo-6-meses-de-gobierno-de-morala-el-ayuntamiento-ha-entrado-en-deficit\/#breadcrumb","itemListElement":[{"@type":"ListItem","position":1,"name":"Portada","item":"https:\/\/agrupacionespsoe.es\/ponferrada\/"},{"@type":"ListItem","position":2,"name":"El Grupo Socialista denuncia que en solo 6 meses de gobierno de Morala el ayuntamiento ha entrado en d\u00e9ficit"}]},{"@type":"WebSite","@id":"https:\/\/agrupacionespsoe.es\/ponferrada\/#website","url":"https:\/\/agrupacionespsoe.es\/ponferrada\/","name":"Agrupaci\u00f3n Socialista de Ponferrada","description":"Agrupaci\u00f3n Socialista de Ponferrada","publisher":{"@id":"https:\/\/agrupacionespsoe.es\/ponferrada\/#organization"},"potentialAction":[{"@type":"SearchAction","target":{"@type":"EntryPoint","urlTemplate":"https:\/\/agrupacionespsoe.es\/ponferrada\/?s={search_term_string}"},"query-input":{"@type":"PropertyValueSpecification","valueRequired":true,"valueName":"search_term_string"}}],"inLanguage":"es"},{"@type":"Organization","@id":"https:\/\/agrupacionespsoe.es\/ponferrada\/#organization","name":"Agrupaci\u00f3n Socialista de Ponferrada","url":"https:\/\/agrupacionespsoe.es\/ponferrada\/","logo":{"@type":"ImageObject","inLanguage":"es","@id":"https:\/\/agrupacionespsoe.es\/ponferrada\/#\/schema\/logo\/image\/","url":"https:\/\/agrupacionespsoe.es\/wp-content\/uploads\/2022\/07\/Logotipo_electoral_del_PSOE.png","contentUrl":"https:\/\/agrupacionespsoe.es\/wp-content\/uploads\/2022\/07\/Logotipo_electoral_del_PSOE.png","width":422,"height":422,"caption":"Agrupaci\u00f3n Socialista de Ponferrada"},"image":{"@id":"https:\/\/agrupacionespsoe.es\/ponferrada\/#\/schema\/logo\/image\/"}},{"@type":"Person","@id":"https:\/\/agrupacionespsoe.es\/ponferrada\/#\/schema\/person\/cd29ee627f3b70c05d415f02596debaa","name":"ponferrada2","image":{"@type":"ImageObject","inLanguage":"es","@id":"https:\/\/agrupacionespsoe.es\/ponferrada\/#\/schema\/person\/image\/","url":"https:\/\/secure.gravatar.com\/avatar\/f499eeb60144c664cf7b7edf75549b50?s=96&d=mm&r=g","contentUrl":"https:\/\/secure.gravatar.com\/avatar\/f499eeb60144c664cf7b7edf75549b50?s=96&d=mm&r=g","caption":"ponferrada2"},"url":"https:\/\/agrupacionespsoe.es\/ponferrada\/author\/ponferrada2\/"}]}},"jetpack_featured_media_url":"https:\/\/agrupacionespsoe.es\/ponferrada\/wp-content\/uploads\/sites\/36\/2024\/05\/WhatsApp-Image-2024-05-03-at-12.45.10.jpeg","jetpack_sharing_enabled":true,"_links":{"self":[{"href":"https:\/\/agrupacionespsoe.es\/ponferrada\/wp-json\/wp\/v2\/posts\/494","targetHints":{"allow":["GET"]}}],"collection":[{"href":"https:\/\/agrupacionespsoe.es\/ponferrada\/wp-json\/wp\/v2\/posts"}],"about":[{"href":"https:\/\/agrupacionespsoe.es\/ponferrada\/wp-json\/wp\/v2\/types\/post"}],"author":[{"embeddable":true,"href":"https:\/\/agrupacionespsoe.es\/ponferrada\/wp-json\/wp\/v2\/users\/32"}],"replies":[{"embeddable":true,"href":"https:\/\/agrupacionespsoe.es\/ponferrada\/wp-json\/wp\/v2\/comments?post=494"}],"version-history":[{"count":1,"href":"https:\/\/agrupacionespsoe.es\/ponferrada\/wp-json\/wp\/v2\/posts\/494\/revisions"}],"predecessor-version":[{"id":496,"href":"https:\/\/agrupacionespsoe.es\/ponferrada\/wp-json\/wp\/v2\/posts\/494\/revisions\/496"}],"wp:featuredmedia":[{"embeddable":true,"href":"https:\/\/agrupacionespsoe.es\/ponferrada\/wp-json\/wp\/v2\/media\/495"}],"wp:attachment":[{"href":"https:\/\/agrupacionespsoe.es\/ponferrada\/wp-json\/wp\/v2\/media?parent=494"}],"wp:term":[{"taxonomy":"category","embeddable":true,"href":"https:\/\/agrupacionespsoe.es\/ponferrada\/wp-json\/wp\/v2\/categories?post=494"},{"taxonomy":"post_tag","embeddable":true,"href":"https:\/\/agrupacionespsoe.es\/ponferrada\/wp-json\/wp\/v2\/tags?post=494"}],"curies":[{"name":"wp","href":"https:\/\/api.w.org\/{rel}","templated":true}]}}