{"id":490,"date":"2024-05-03T09:56:53","date_gmt":"2024-05-03T09:56:53","guid":{"rendered":"https:\/\/agrupacionespsoe.es\/ponferrada\/?p=490"},"modified":"2024-05-03T11:04:46","modified_gmt":"2024-05-03T11:04:46","slug":"el-psoe-de-ponferrada-ha-nombrado-el-comite-electoral-que-coordinara-la-estrategia-del-psoe-ante-las-proximas-elecciones","status":"publish","type":"post","link":"https:\/\/agrupacionespsoe.es\/ponferrada\/el-psoe-de-ponferrada-ha-nombrado-el-comite-electoral-que-coordinara-la-estrategia-del-psoe-ante-las-proximas-elecciones\/","title":{"rendered":"\u2022El PSOE de Ponferrada ha nombrado el comit\u00e9 electoral que coordinar\u00e1 la estrategia del PSOE ante las pr\u00f3ximas elecciones. \u00a0"},"content":{"rendered":"\n<ul class=\"wp-block-list\">\n<li class=\"has-large-font-size\"><strong>El informe de la ONU que hemos conocido demuestra que los que est\u00e1n haciendo populismo y confrontando a la poblaci\u00f3n es el PP con su propuesta de Ley llamada de Concordia<\/strong><\/li>\n<\/ul>\n\n\n\n<p>El PSOE de Ponferrada ha tenido este jueves la reuni\u00f3n de la Comisi\u00f3n de la Ejecutiva Municipal del mes de mayo.<\/p>\n\n\n\n<p>En la Comisi\u00f3n Ejecutiva Ordinaria lo primero que se hizo fue el recordatorio de que ayer, 2 de mayo, el PSOE cumpl\u00eda 145 a\u00f1os de historia y hoy nuestro Partido es m\u00e1s necesario que nunca, los derechos que cre\u00edamos consolidados vemos como se pierden bajo gobiernos de derecha y ultraderecha, los mismos que acaban con los consensos que ya hab\u00edamos alcanzado y es necesario que defendamos nuestra democracia.<\/p>\n\n\n\n<p>Entre otros asuntos se ha nombrado al \u00f3rgano encargado de coordinar la estrategia del PSOE ante las pr\u00f3ximas elecciones europeas, el Comit\u00e9 Electoral, ha quedado constituido bajo la coordinaci\u00f3n de la secretaria de organizaci\u00f3n Mabel Fern\u00e1ndez.<\/p>\n\n\n\n<p>En el comit\u00e9 forman parte el resto de los miembros de la comisi\u00f3n ejecutiva en diferentes puestos de responsabilidad.<\/p>\n\n\n\n<p>El PSOE de Ponferrada ha mostrado su satisfacci\u00f3n por la inclusi\u00f3n de nuestra compa\u00f1era Claudia Alba, que por el momento es la \u00fanica berciana que va en alguna de las listas para estas elecciones, y aunque a priori no sale en puestos de salida servir\u00e1 para dar visibilidad a nuestra comarca y a su problem\u00e1tica.<\/p>\n\n\n\n<p>Por \u00faltimo, se ha informado a los miembros de la ejecutiva de la actividad pol\u00edtica del grupo municipal, en el \u00faltimo pleno ordinario hubo pocos asuntos de relevancia, algo que va siendo habitual en el gobierno de Morala, lo m\u00e1s destacado fueron las mociones que el grupo socialista present\u00f3, la primera sobre la petici\u00f3n a la junta de Castilla y Le\u00f3n que financie la facultad de Medicina en la Universidad de Le\u00f3n, el PP se abstuvo con la justificaci\u00f3n de que ellos quer\u00edan la facultad para el Campus de Ponferrada, es lamentable que desde el PP se escuden en populismos para no apoyar la facultad de medicina cuando en el proyecto que present\u00f3 el actual Rector de la ULe ya se contemplaba la impartici\u00f3n de clases en el campus de Ponferrada y en el campus de Le\u00f3n.<\/p>\n\n\n\n<p>Otra de las mociones que suscit\u00f3 el rechazo de toda la oposici\u00f3n fue la que solicitaba a la Junta de Castilla y Le\u00f3n que retirara el proyecto de la mal llamada Ley de Concordia, esta ma\u00f1ana hemos conocido que la propia ONU ha emitido un informe sobre estas leyes revisionistas y negacionistas que est\u00e1n promulgando en las comunidades aut\u00f3nomas donde gobierna el PP y VOX, se\u00f1alando que estas leyes \u201cpueden acarrear l\u00edmites al acceso a la verdad sobre el destino o paradero de las v\u00edctimas\u201d porque \u201cobstaculizan o suprimen la subvenci\u00f3n de proyectos de memoria hist\u00f3rica ofrecidos actualmente a entidades de sociedad civil, y pueden invisibilizar las graves violaciones de Derechos Humanos cometidas durante el r\u00e9gimen dictatorial franquista \u201comiten nombrar o condenar dicho r\u00e9gimen\u201d, vulneran los tratados internacionales\u201d. Mabel Fern\u00e1ndez ha aprovechado para contestar a la portavoz del PP Lidia Coca, que se\u00f1alaba en el Pleno ordinario que le \u201cdaba pena utilizar populismos en una cosa tan grave, tan seria y tan dolorosa\u201d, la Sra. Coca nos pidi\u00f3 que ley\u00e9ramos la proposici\u00f3n de Ley pero despu\u00e9s del informe del Relator Especial y del Grupo de Trabajo sobre desapariciones forzadas de la Organizaci\u00f3n de las Naciones Unidas parece que los que no se han le\u00eddo la propuesta de ley son ellos, y lo que es m\u00e1s grave, los que est\u00e1n haciendo populismos con el tema de la memoria son ellos, populismo y partidismo, enfrentando y confundiendo a la ciudadan\u00eda con leyes que pueden vulnerar los tratados.<\/p>\n\n\n\n<figure class=\"wp-block-gallery has-nested-images columns-default is-cropped wp-block-gallery-1 is-layout-flex wp-block-gallery-is-layout-flex\">\n<figure class=\"wp-block-image size-large\"><img loading=\"lazy\" decoding=\"async\" width=\"1024\" height=\"768\" data-id=\"491\" src=\"https:\/\/agrupacionespsoe.es\/ponferrada\/wp-content\/uploads\/sites\/36\/2024\/05\/WhatsApp-Image-2024-05-03-at-11.02.57-1024x768.jpeg\" alt=\"\" class=\"wp-image-491\" srcset=\"https:\/\/agrupacionespsoe.es\/ponferrada\/wp-content\/uploads\/sites\/36\/2024\/05\/WhatsApp-Image-2024-05-03-at-11.02.57-1024x768.jpeg 1024w, https:\/\/agrupacionespsoe.es\/ponferrada\/wp-content\/uploads\/sites\/36\/2024\/05\/WhatsApp-Image-2024-05-03-at-11.02.57-300x225.jpeg 300w, https:\/\/agrupacionespsoe.es\/ponferrada\/wp-content\/uploads\/sites\/36\/2024\/05\/WhatsApp-Image-2024-05-03-at-11.02.57-768x576.jpeg 768w, https:\/\/agrupacionespsoe.es\/ponferrada\/wp-content\/uploads\/sites\/36\/2024\/05\/WhatsApp-Image-2024-05-03-at-11.02.57-1536x1152.jpeg 1536w, https:\/\/agrupacionespsoe.es\/ponferrada\/wp-content\/uploads\/sites\/36\/2024\/05\/WhatsApp-Image-2024-05-03-at-11.02.57.jpeg 2000w\" sizes=\"auto, (max-width: 1024px) 100vw, 1024px\" \/><\/figure>\n<\/figure>\n","protected":false},"excerpt":{"rendered":"<p>El PSOE de Ponferrada ha tenido este jueves la reuni\u00f3n de la Comisi\u00f3n de la Ejecutiva Municipal del mes de mayo. En la Comisi\u00f3n Ejecutiva Ordinaria lo primero que se hizo fue el recordatorio de que ayer, 2 de mayo, el PSOE cumpl\u00eda 145 a\u00f1os de historia y hoy nuestro Partido es m\u00e1s necesario que &#8230;<\/p>\n","protected":false},"author":32,"featured_media":491,"comment_status":"open","ping_status":"open","sticky":false,"template":"","format":"standard","meta":{"_jetpack_memberships_contains_paid_content":false,"footnotes":""},"categories":[6],"tags":[],"class_list":["post-490","post","type-post","status-publish","format-standard","has-post-thumbnail","hentry","category-actualidad"],"yoast_head":"<!-- This site is optimized with the Yoast SEO plugin v24.0 - https:\/\/yoast.com\/wordpress\/plugins\/seo\/ -->\n<title>\u2022El PSOE de Ponferrada ha nombrado el comit\u00e9 electoral que coordinar\u00e1 la estrategia del PSOE ante las pr\u00f3ximas elecciones. \u00a0 - Agrupaci\u00f3n Socialista de Ponferrada<\/title>\n<meta name=\"robots\" content=\"index, follow, max-snippet:-1, max-image-preview:large, max-video-preview:-1\" \/>\n<link rel=\"canonical\" href=\"https:\/\/agrupacionespsoe.es\/ponferrada\/el-psoe-de-ponferrada-ha-nombrado-el-comite-electoral-que-coordinara-la-estrategia-del-psoe-ante-las-proximas-elecciones\/\" \/>\n<meta property=\"og:locale\" content=\"es_ES\" \/>\n<meta property=\"og:type\" content=\"article\" \/>\n<meta property=\"og:title\" content=\"\u2022El PSOE de Ponferrada ha nombrado el comit\u00e9 electoral que coordinar\u00e1 la estrategia del PSOE ante las pr\u00f3ximas elecciones. \u00a0 - Agrupaci\u00f3n Socialista de Ponferrada\" \/>\n<meta property=\"og:description\" content=\"El PSOE de Ponferrada ha tenido este jueves la reuni\u00f3n de la Comisi\u00f3n de la Ejecutiva Municipal del mes de mayo. En la Comisi\u00f3n Ejecutiva Ordinaria lo primero que se hizo fue el recordatorio de que ayer, 2 de mayo, el PSOE cumpl\u00eda 145 a\u00f1os de historia y hoy nuestro Partido es m\u00e1s necesario que ...\" \/>\n<meta property=\"og:url\" content=\"https:\/\/agrupacionespsoe.es\/ponferrada\/el-psoe-de-ponferrada-ha-nombrado-el-comite-electoral-que-coordinara-la-estrategia-del-psoe-ante-las-proximas-elecciones\/\" \/>\n<meta property=\"og:site_name\" content=\"Agrupaci\u00f3n Socialista de Ponferrada\" \/>\n<meta property=\"article:published_time\" content=\"2024-05-03T09:56:53+00:00\" \/>\n<meta property=\"article:modified_time\" content=\"2024-05-03T11:04:46+00:00\" \/>\n<meta property=\"og:image\" content=\"https:\/\/agrupacionespsoe.es\/ponferrada\/wp-content\/uploads\/sites\/36\/2024\/05\/WhatsApp-Image-2024-05-03-at-11.02.57.jpeg\" \/>\n\t<meta property=\"og:image:width\" content=\"2000\" \/>\n\t<meta property=\"og:image:height\" content=\"1500\" \/>\n\t<meta property=\"og:image:type\" content=\"image\/jpeg\" \/>\n<meta name=\"author\" content=\"ponferrada2\" \/>\n<meta name=\"twitter:card\" content=\"summary_large_image\" \/>\n<meta name=\"twitter:label1\" content=\"Escrito por\" \/>\n\t<meta name=\"twitter:data1\" content=\"ponferrada2\" \/>\n\t<meta name=\"twitter:label2\" content=\"Tiempo de lectura\" \/>\n\t<meta name=\"twitter:data2\" content=\"4 minutos\" \/>\n<script type=\"application\/ld+json\" class=\"yoast-schema-graph\">{\"@context\":\"https:\/\/schema.org\",\"@graph\":[{\"@type\":\"Article\",\"@id\":\"https:\/\/agrupacionespsoe.es\/ponferrada\/el-psoe-de-ponferrada-ha-nombrado-el-comite-electoral-que-coordinara-la-estrategia-del-psoe-ante-las-proximas-elecciones\/#article\",\"isPartOf\":{\"@id\":\"https:\/\/agrupacionespsoe.es\/ponferrada\/el-psoe-de-ponferrada-ha-nombrado-el-comite-electoral-que-coordinara-la-estrategia-del-psoe-ante-las-proximas-elecciones\/\"},\"author\":{\"name\":\"ponferrada2\",\"@id\":\"https:\/\/agrupacionespsoe.es\/ponferrada\/#\/schema\/person\/cd29ee627f3b70c05d415f02596debaa\"},\"headline\":\"\u2022El PSOE de Ponferrada ha nombrado el comit\u00e9 electoral que coordinar\u00e1 la estrategia del PSOE ante las pr\u00f3ximas elecciones. \u00a0\",\"datePublished\":\"2024-05-03T09:56:53+00:00\",\"dateModified\":\"2024-05-03T11:04:46+00:00\",\"mainEntityOfPage\":{\"@id\":\"https:\/\/agrupacionespsoe.es\/ponferrada\/el-psoe-de-ponferrada-ha-nombrado-el-comite-electoral-que-coordinara-la-estrategia-del-psoe-ante-las-proximas-elecciones\/\"},\"wordCount\":680,\"commentCount\":0,\"publisher\":{\"@id\":\"https:\/\/agrupacionespsoe.es\/ponferrada\/#organization\"},\"image\":{\"@id\":\"https:\/\/agrupacionespsoe.es\/ponferrada\/el-psoe-de-ponferrada-ha-nombrado-el-comite-electoral-que-coordinara-la-estrategia-del-psoe-ante-las-proximas-elecciones\/#primaryimage\"},\"thumbnailUrl\":\"https:\/\/agrupacionespsoe.es\/ponferrada\/wp-content\/uploads\/sites\/36\/2024\/05\/WhatsApp-Image-2024-05-03-at-11.02.57.jpeg\",\"articleSection\":[\"ACTUALIDAD\"],\"inLanguage\":\"es\",\"potentialAction\":[{\"@type\":\"CommentAction\",\"name\":\"Comment\",\"target\":[\"https:\/\/agrupacionespsoe.es\/ponferrada\/el-psoe-de-ponferrada-ha-nombrado-el-comite-electoral-que-coordinara-la-estrategia-del-psoe-ante-las-proximas-elecciones\/#respond\"]}]},{\"@type\":\"WebPage\",\"@id\":\"https:\/\/agrupacionespsoe.es\/ponferrada\/el-psoe-de-ponferrada-ha-nombrado-el-comite-electoral-que-coordinara-la-estrategia-del-psoe-ante-las-proximas-elecciones\/\",\"url\":\"https:\/\/agrupacionespsoe.es\/ponferrada\/el-psoe-de-ponferrada-ha-nombrado-el-comite-electoral-que-coordinara-la-estrategia-del-psoe-ante-las-proximas-elecciones\/\",\"name\":\"\u2022El PSOE de Ponferrada ha nombrado el comit\u00e9 electoral que coordinar\u00e1 la estrategia del PSOE ante las pr\u00f3ximas elecciones. \u00a0 - Agrupaci\u00f3n Socialista de Ponferrada\",\"isPartOf\":{\"@id\":\"https:\/\/agrupacionespsoe.es\/ponferrada\/#website\"},\"primaryImageOfPage\":{\"@id\":\"https:\/\/agrupacionespsoe.es\/ponferrada\/el-psoe-de-ponferrada-ha-nombrado-el-comite-electoral-que-coordinara-la-estrategia-del-psoe-ante-las-proximas-elecciones\/#primaryimage\"},\"image\":{\"@id\":\"https:\/\/agrupacionespsoe.es\/ponferrada\/el-psoe-de-ponferrada-ha-nombrado-el-comite-electoral-que-coordinara-la-estrategia-del-psoe-ante-las-proximas-elecciones\/#primaryimage\"},\"thumbnailUrl\":\"https:\/\/agrupacionespsoe.es\/ponferrada\/wp-content\/uploads\/sites\/36\/2024\/05\/WhatsApp-Image-2024-05-03-at-11.02.57.jpeg\",\"datePublished\":\"2024-05-03T09:56:53+00:00\",\"dateModified\":\"2024-05-03T11:04:46+00:00\",\"breadcrumb\":{\"@id\":\"https:\/\/agrupacionespsoe.es\/ponferrada\/el-psoe-de-ponferrada-ha-nombrado-el-comite-electoral-que-coordinara-la-estrategia-del-psoe-ante-las-proximas-elecciones\/#breadcrumb\"},\"inLanguage\":\"es\",\"potentialAction\":[{\"@type\":\"ReadAction\",\"target\":[\"https:\/\/agrupacionespsoe.es\/ponferrada\/el-psoe-de-ponferrada-ha-nombrado-el-comite-electoral-que-coordinara-la-estrategia-del-psoe-ante-las-proximas-elecciones\/\"]}]},{\"@type\":\"ImageObject\",\"inLanguage\":\"es\",\"@id\":\"https:\/\/agrupacionespsoe.es\/ponferrada\/el-psoe-de-ponferrada-ha-nombrado-el-comite-electoral-que-coordinara-la-estrategia-del-psoe-ante-las-proximas-elecciones\/#primaryimage\",\"url\":\"https:\/\/agrupacionespsoe.es\/ponferrada\/wp-content\/uploads\/sites\/36\/2024\/05\/WhatsApp-Image-2024-05-03-at-11.02.57.jpeg\",\"contentUrl\":\"https:\/\/agrupacionespsoe.es\/ponferrada\/wp-content\/uploads\/sites\/36\/2024\/05\/WhatsApp-Image-2024-05-03-at-11.02.57.jpeg\",\"width\":2000,\"height\":1500},{\"@type\":\"BreadcrumbList\",\"@id\":\"https:\/\/agrupacionespsoe.es\/ponferrada\/el-psoe-de-ponferrada-ha-nombrado-el-comite-electoral-que-coordinara-la-estrategia-del-psoe-ante-las-proximas-elecciones\/#breadcrumb\",\"itemListElement\":[{\"@type\":\"ListItem\",\"position\":1,\"name\":\"Portada\",\"item\":\"https:\/\/agrupacionespsoe.es\/ponferrada\/\"},{\"@type\":\"ListItem\",\"position\":2,\"name\":\"\u2022El PSOE de Ponferrada ha nombrado el comit\u00e9 electoral que coordinar\u00e1 la estrategia del PSOE ante las pr\u00f3ximas elecciones. \u00a0\"}]},{\"@type\":\"WebSite\",\"@id\":\"https:\/\/agrupacionespsoe.es\/ponferrada\/#website\",\"url\":\"https:\/\/agrupacionespsoe.es\/ponferrada\/\",\"name\":\"Agrupaci\u00f3n Socialista de Ponferrada\",\"description\":\"Agrupaci\u00f3n Socialista de Ponferrada\",\"publisher\":{\"@id\":\"https:\/\/agrupacionespsoe.es\/ponferrada\/#organization\"},\"potentialAction\":[{\"@type\":\"SearchAction\",\"target\":{\"@type\":\"EntryPoint\",\"urlTemplate\":\"https:\/\/agrupacionespsoe.es\/ponferrada\/?s={search_term_string}\"},\"query-input\":{\"@type\":\"PropertyValueSpecification\",\"valueRequired\":true,\"valueName\":\"search_term_string\"}}],\"inLanguage\":\"es\"},{\"@type\":\"Organization\",\"@id\":\"https:\/\/agrupacionespsoe.es\/ponferrada\/#organization\",\"name\":\"Agrupaci\u00f3n Socialista de Ponferrada\",\"url\":\"https:\/\/agrupacionespsoe.es\/ponferrada\/\",\"logo\":{\"@type\":\"ImageObject\",\"inLanguage\":\"es\",\"@id\":\"https:\/\/agrupacionespsoe.es\/ponferrada\/#\/schema\/logo\/image\/\",\"url\":\"https:\/\/agrupacionespsoe.es\/wp-content\/uploads\/2022\/07\/Logotipo_electoral_del_PSOE.png\",\"contentUrl\":\"https:\/\/agrupacionespsoe.es\/wp-content\/uploads\/2022\/07\/Logotipo_electoral_del_PSOE.png\",\"width\":422,\"height\":422,\"caption\":\"Agrupaci\u00f3n Socialista de Ponferrada\"},\"image\":{\"@id\":\"https:\/\/agrupacionespsoe.es\/ponferrada\/#\/schema\/logo\/image\/\"}},{\"@type\":\"Person\",\"@id\":\"https:\/\/agrupacionespsoe.es\/ponferrada\/#\/schema\/person\/cd29ee627f3b70c05d415f02596debaa\",\"name\":\"ponferrada2\",\"image\":{\"@type\":\"ImageObject\",\"inLanguage\":\"es\",\"@id\":\"https:\/\/agrupacionespsoe.es\/ponferrada\/#\/schema\/person\/image\/\",\"url\":\"https:\/\/secure.gravatar.com\/avatar\/f499eeb60144c664cf7b7edf75549b50?s=96&d=mm&r=g\",\"contentUrl\":\"https:\/\/secure.gravatar.com\/avatar\/f499eeb60144c664cf7b7edf75549b50?s=96&d=mm&r=g\",\"caption\":\"ponferrada2\"},\"url\":\"https:\/\/agrupacionespsoe.es\/ponferrada\/author\/ponferrada2\/\"}]}<\/script>\n<!-- \/ Yoast SEO plugin. -->","yoast_head_json":{"title":"\u2022El PSOE de Ponferrada ha nombrado el comit\u00e9 electoral que coordinar\u00e1 la estrategia del PSOE ante las pr\u00f3ximas elecciones. \u00a0 - Agrupaci\u00f3n Socialista de Ponferrada","robots":{"index":"index","follow":"follow","max-snippet":"max-snippet:-1","max-image-preview":"max-image-preview:large","max-video-preview":"max-video-preview:-1"},"canonical":"https:\/\/agrupacionespsoe.es\/ponferrada\/el-psoe-de-ponferrada-ha-nombrado-el-comite-electoral-que-coordinara-la-estrategia-del-psoe-ante-las-proximas-elecciones\/","og_locale":"es_ES","og_type":"article","og_title":"\u2022El PSOE de Ponferrada ha nombrado el comit\u00e9 electoral que coordinar\u00e1 la estrategia del PSOE ante las pr\u00f3ximas elecciones. \u00a0 - Agrupaci\u00f3n Socialista de Ponferrada","og_description":"El PSOE de Ponferrada ha tenido este jueves la reuni\u00f3n de la Comisi\u00f3n de la Ejecutiva Municipal del mes de mayo. En la Comisi\u00f3n Ejecutiva Ordinaria lo primero que se hizo fue el recordatorio de que ayer, 2 de mayo, el PSOE cumpl\u00eda 145 a\u00f1os de historia y hoy nuestro Partido es m\u00e1s necesario que ...","og_url":"https:\/\/agrupacionespsoe.es\/ponferrada\/el-psoe-de-ponferrada-ha-nombrado-el-comite-electoral-que-coordinara-la-estrategia-del-psoe-ante-las-proximas-elecciones\/","og_site_name":"Agrupaci\u00f3n Socialista de Ponferrada","article_published_time":"2024-05-03T09:56:53+00:00","article_modified_time":"2024-05-03T11:04:46+00:00","og_image":[{"width":2000,"height":1500,"url":"https:\/\/agrupacionespsoe.es\/ponferrada\/wp-content\/uploads\/sites\/36\/2024\/05\/WhatsApp-Image-2024-05-03-at-11.02.57.jpeg","type":"image\/jpeg"}],"author":"ponferrada2","twitter_card":"summary_large_image","twitter_misc":{"Escrito por":"ponferrada2","Tiempo de lectura":"4 minutos"},"schema":{"@context":"https:\/\/schema.org","@graph":[{"@type":"Article","@id":"https:\/\/agrupacionespsoe.es\/ponferrada\/el-psoe-de-ponferrada-ha-nombrado-el-comite-electoral-que-coordinara-la-estrategia-del-psoe-ante-las-proximas-elecciones\/#article","isPartOf":{"@id":"https:\/\/agrupacionespsoe.es\/ponferrada\/el-psoe-de-ponferrada-ha-nombrado-el-comite-electoral-que-coordinara-la-estrategia-del-psoe-ante-las-proximas-elecciones\/"},"author":{"name":"ponferrada2","@id":"https:\/\/agrupacionespsoe.es\/ponferrada\/#\/schema\/person\/cd29ee627f3b70c05d415f02596debaa"},"headline":"\u2022El PSOE de Ponferrada ha nombrado el comit\u00e9 electoral que coordinar\u00e1 la estrategia del PSOE ante las pr\u00f3ximas elecciones. \u00a0","datePublished":"2024-05-03T09:56:53+00:00","dateModified":"2024-05-03T11:04:46+00:00","mainEntityOfPage":{"@id":"https:\/\/agrupacionespsoe.es\/ponferrada\/el-psoe-de-ponferrada-ha-nombrado-el-comite-electoral-que-coordinara-la-estrategia-del-psoe-ante-las-proximas-elecciones\/"},"wordCount":680,"commentCount":0,"publisher":{"@id":"https:\/\/agrupacionespsoe.es\/ponferrada\/#organization"},"image":{"@id":"https:\/\/agrupacionespsoe.es\/ponferrada\/el-psoe-de-ponferrada-ha-nombrado-el-comite-electoral-que-coordinara-la-estrategia-del-psoe-ante-las-proximas-elecciones\/#primaryimage"},"thumbnailUrl":"https:\/\/agrupacionespsoe.es\/ponferrada\/wp-content\/uploads\/sites\/36\/2024\/05\/WhatsApp-Image-2024-05-03-at-11.02.57.jpeg","articleSection":["ACTUALIDAD"],"inLanguage":"es","potentialAction":[{"@type":"CommentAction","name":"Comment","target":["https:\/\/agrupacionespsoe.es\/ponferrada\/el-psoe-de-ponferrada-ha-nombrado-el-comite-electoral-que-coordinara-la-estrategia-del-psoe-ante-las-proximas-elecciones\/#respond"]}]},{"@type":"WebPage","@id":"https:\/\/agrupacionespsoe.es\/ponferrada\/el-psoe-de-ponferrada-ha-nombrado-el-comite-electoral-que-coordinara-la-estrategia-del-psoe-ante-las-proximas-elecciones\/","url":"https:\/\/agrupacionespsoe.es\/ponferrada\/el-psoe-de-ponferrada-ha-nombrado-el-comite-electoral-que-coordinara-la-estrategia-del-psoe-ante-las-proximas-elecciones\/","name":"\u2022El PSOE de Ponferrada ha nombrado el comit\u00e9 electoral que coordinar\u00e1 la estrategia del PSOE ante las pr\u00f3ximas elecciones. \u00a0 - Agrupaci\u00f3n Socialista de Ponferrada","isPartOf":{"@id":"https:\/\/agrupacionespsoe.es\/ponferrada\/#website"},"primaryImageOfPage":{"@id":"https:\/\/agrupacionespsoe.es\/ponferrada\/el-psoe-de-ponferrada-ha-nombrado-el-comite-electoral-que-coordinara-la-estrategia-del-psoe-ante-las-proximas-elecciones\/#primaryimage"},"image":{"@id":"https:\/\/agrupacionespsoe.es\/ponferrada\/el-psoe-de-ponferrada-ha-nombrado-el-comite-electoral-que-coordinara-la-estrategia-del-psoe-ante-las-proximas-elecciones\/#primaryimage"},"thumbnailUrl":"https:\/\/agrupacionespsoe.es\/ponferrada\/wp-content\/uploads\/sites\/36\/2024\/05\/WhatsApp-Image-2024-05-03-at-11.02.57.jpeg","datePublished":"2024-05-03T09:56:53+00:00","dateModified":"2024-05-03T11:04:46+00:00","breadcrumb":{"@id":"https:\/\/agrupacionespsoe.es\/ponferrada\/el-psoe-de-ponferrada-ha-nombrado-el-comite-electoral-que-coordinara-la-estrategia-del-psoe-ante-las-proximas-elecciones\/#breadcrumb"},"inLanguage":"es","potentialAction":[{"@type":"ReadAction","target":["https:\/\/agrupacionespsoe.es\/ponferrada\/el-psoe-de-ponferrada-ha-nombrado-el-comite-electoral-que-coordinara-la-estrategia-del-psoe-ante-las-proximas-elecciones\/"]}]},{"@type":"ImageObject","inLanguage":"es","@id":"https:\/\/agrupacionespsoe.es\/ponferrada\/el-psoe-de-ponferrada-ha-nombrado-el-comite-electoral-que-coordinara-la-estrategia-del-psoe-ante-las-proximas-elecciones\/#primaryimage","url":"https:\/\/agrupacionespsoe.es\/ponferrada\/wp-content\/uploads\/sites\/36\/2024\/05\/WhatsApp-Image-2024-05-03-at-11.02.57.jpeg","contentUrl":"https:\/\/agrupacionespsoe.es\/ponferrada\/wp-content\/uploads\/sites\/36\/2024\/05\/WhatsApp-Image-2024-05-03-at-11.02.57.jpeg","width":2000,"height":1500},{"@type":"BreadcrumbList","@id":"https:\/\/agrupacionespsoe.es\/ponferrada\/el-psoe-de-ponferrada-ha-nombrado-el-comite-electoral-que-coordinara-la-estrategia-del-psoe-ante-las-proximas-elecciones\/#breadcrumb","itemListElement":[{"@type":"ListItem","position":1,"name":"Portada","item":"https:\/\/agrupacionespsoe.es\/ponferrada\/"},{"@type":"ListItem","position":2,"name":"\u2022El PSOE de Ponferrada ha nombrado el comit\u00e9 electoral que coordinar\u00e1 la estrategia del PSOE ante las pr\u00f3ximas elecciones. \u00a0"}]},{"@type":"WebSite","@id":"https:\/\/agrupacionespsoe.es\/ponferrada\/#website","url":"https:\/\/agrupacionespsoe.es\/ponferrada\/","name":"Agrupaci\u00f3n Socialista de Ponferrada","description":"Agrupaci\u00f3n Socialista de Ponferrada","publisher":{"@id":"https:\/\/agrupacionespsoe.es\/ponferrada\/#organization"},"potentialAction":[{"@type":"SearchAction","target":{"@type":"EntryPoint","urlTemplate":"https:\/\/agrupacionespsoe.es\/ponferrada\/?s={search_term_string}"},"query-input":{"@type":"PropertyValueSpecification","valueRequired":true,"valueName":"search_term_string"}}],"inLanguage":"es"},{"@type":"Organization","@id":"https:\/\/agrupacionespsoe.es\/ponferrada\/#organization","name":"Agrupaci\u00f3n Socialista de Ponferrada","url":"https:\/\/agrupacionespsoe.es\/ponferrada\/","logo":{"@type":"ImageObject","inLanguage":"es","@id":"https:\/\/agrupacionespsoe.es\/ponferrada\/#\/schema\/logo\/image\/","url":"https:\/\/agrupacionespsoe.es\/wp-content\/uploads\/2022\/07\/Logotipo_electoral_del_PSOE.png","contentUrl":"https:\/\/agrupacionespsoe.es\/wp-content\/uploads\/2022\/07\/Logotipo_electoral_del_PSOE.png","width":422,"height":422,"caption":"Agrupaci\u00f3n Socialista de Ponferrada"},"image":{"@id":"https:\/\/agrupacionespsoe.es\/ponferrada\/#\/schema\/logo\/image\/"}},{"@type":"Person","@id":"https:\/\/agrupacionespsoe.es\/ponferrada\/#\/schema\/person\/cd29ee627f3b70c05d415f02596debaa","name":"ponferrada2","image":{"@type":"ImageObject","inLanguage":"es","@id":"https:\/\/agrupacionespsoe.es\/ponferrada\/#\/schema\/person\/image\/","url":"https:\/\/secure.gravatar.com\/avatar\/f499eeb60144c664cf7b7edf75549b50?s=96&d=mm&r=g","contentUrl":"https:\/\/secure.gravatar.com\/avatar\/f499eeb60144c664cf7b7edf75549b50?s=96&d=mm&r=g","caption":"ponferrada2"},"url":"https:\/\/agrupacionespsoe.es\/ponferrada\/author\/ponferrada2\/"}]}},"jetpack_featured_media_url":"https:\/\/agrupacionespsoe.es\/ponferrada\/wp-content\/uploads\/sites\/36\/2024\/05\/WhatsApp-Image-2024-05-03-at-11.02.57.jpeg","jetpack_sharing_enabled":true,"_links":{"self":[{"href":"https:\/\/agrupacionespsoe.es\/ponferrada\/wp-json\/wp\/v2\/posts\/490","targetHints":{"allow":["GET"]}}],"collection":[{"href":"https:\/\/agrupacionespsoe.es\/ponferrada\/wp-json\/wp\/v2\/posts"}],"about":[{"href":"https:\/\/agrupacionespsoe.es\/ponferrada\/wp-json\/wp\/v2\/types\/post"}],"author":[{"embeddable":true,"href":"https:\/\/agrupacionespsoe.es\/ponferrada\/wp-json\/wp\/v2\/users\/32"}],"replies":[{"embeddable":true,"href":"https:\/\/agrupacionespsoe.es\/ponferrada\/wp-json\/wp\/v2\/comments?post=490"}],"version-history":[{"count":2,"href":"https:\/\/agrupacionespsoe.es\/ponferrada\/wp-json\/wp\/v2\/posts\/490\/revisions"}],"predecessor-version":[{"id":493,"href":"https:\/\/agrupacionespsoe.es\/ponferrada\/wp-json\/wp\/v2\/posts\/490\/revisions\/493"}],"wp:featuredmedia":[{"embeddable":true,"href":"https:\/\/agrupacionespsoe.es\/ponferrada\/wp-json\/wp\/v2\/media\/491"}],"wp:attachment":[{"href":"https:\/\/agrupacionespsoe.es\/ponferrada\/wp-json\/wp\/v2\/media?parent=490"}],"wp:term":[{"taxonomy":"category","embeddable":true,"href":"https:\/\/agrupacionespsoe.es\/ponferrada\/wp-json\/wp\/v2\/categories?post=490"},{"taxonomy":"post_tag","embeddable":true,"href":"https:\/\/agrupacionespsoe.es\/ponferrada\/wp-json\/wp\/v2\/tags?post=490"}],"curies":[{"name":"wp","href":"https:\/\/api.w.org\/{rel}","templated":true}]}}