{"id":482,"date":"2024-04-25T11:00:50","date_gmt":"2024-04-25T11:00:50","guid":{"rendered":"https:\/\/agrupacionespsoe.es\/ponferrada\/?p=482"},"modified":"2024-04-25T11:00:51","modified_gmt":"2024-04-25T11:00:51","slug":"olegario-ramon-el-equipo-de-morala-mintio-a-la-ciudadania-para-obtener-reditos-politicos","status":"publish","type":"post","link":"https:\/\/agrupacionespsoe.es\/ponferrada\/olegario-ramon-el-equipo-de-morala-mintio-a-la-ciudadania-para-obtener-reditos-politicos\/","title":{"rendered":"\u201cOlegario Ram\u00f3n: el equipo de Morala minti\u00f3 a la ciudadan\u00eda para obtener r\u00e9ditos pol\u00edticos\u201d"},"content":{"rendered":"\n<blockquote class=\"wp-block-quote is-layout-flow wp-block-quote-is-layout-flow\">\n<p><strong>\u201cPara PP y CB las consultas a la ciudadan\u00eda sin meros tr\u00e1mites legales y no les interesa para nada lo que pueda decir la ciudadan\u00eda de las normas que les afecten.\u201d<\/strong><\/p>\n<\/blockquote>\n\n\n\n<p>El grupo municipal socialista ha mostrado nuestra solidaridad y nuestro rechazo a la situaci\u00f3n que est\u00e1 viviendo el presidente S\u00e1nchez, en la que desde la derecha y ultraderecha &nbsp;se est\u00e1 utilizando a su familia con fines partidistas.<\/p>\n\n\n\n<p>Esta ma\u00f1ana el portavoz del GMS, Olegario Ram\u00f3n, ha dado una rueda de prensa para analizar la propuesta de la zona de bajas emisiones que present\u00f3 ayer el PP y CB.<\/p>\n\n\n\n<p>Lo primero que ha se\u00f1alado es que la ZBE es exactamente la misma que planifico el PSOE, ha indicado que \u201c montaron una campa\u00f1a electoral sobre una gran mentira, &nbsp;y que mintieron reiterada y conscientemente y lo siguen haciendo, esperamos que las mentiras tengan costes pol\u00edticos\u201d.<\/p>\n\n\n\n<p>Record\u00f3 que la ZBE es una obligaci\u00f3n para los municipios de m\u00e1s de 50.000 habitantes que tiene como objetivo mejorar la salud de la ciudadan\u00eda y su derecho a respirar aire limpio.<\/p>\n\n\n\n<p>Continu\u00f3 se\u00f1alando que el PSOE aprovech\u00f3 esa obligaci\u00f3n para convertirla en una oportunidad. Una oportunidad de remodelar y modernizar el centro de la ciudad, que adolec\u00eda de 20 a\u00f1os de dejadez y olvido. Se dise\u00f1\u00f3 la sensorizaci\u00f3n de las plazas de aparcamiento y de los aparcamientos que existen en el per\u00edmetro de la propia zona de bajas emisiones para facilitar el aparcamiento de la ciudadan\u00eda y reducir la circulaci\u00f3n para esos objetivos.<\/p>\n\n\n\n<p>Para el grupo socialista \u201cesa remodelaci\u00f3n y modernizaci\u00f3n de la zona ayuda a los propietarios y ayuda al comercio local, sin ning\u00fan g\u00e9nero de dudas. Para hacerla se utilizaron los criterios que marcaba y marca la legislaci\u00f3n nacional existente, c\u00f3mo n\u00famero de personas que residen, anchura de las calles, etc.<\/p>\n\n\n\n<p>Olegario Ram\u00f3n quiso detenerse en las declaraciones del actual alcalde cuando se\u00f1alaba que iba a trasladar la ZBE al casco antiguo y &nbsp;sin embargo, ahora quiere culpabilizar al resto de la corporaci\u00f3n municipal de la p\u00e9rdida de la subvenci\u00f3n si no aprobamos su propuesta de ordenanza, para rebatir ese argumento, Olegario Ram\u00f3n ha se\u00f1alado que si eso fuera verdad, el equipo de Morala no podr\u00eda haber reabierto al tr\u00e1fico la C. Real que el PSOE hab\u00eda semipeatonalizado.<\/p>\n\n\n\n<p>Olegario Ram\u00f3n ha criticado el procedimiento que el equipo de Morala ha llevado a cabo, con la apertura de una consulta previa del proyecto de ZBE y ha se\u00f1alado la nula importancia que el PP da a la participaci\u00f3n ciudadana, seg\u00fan Olegario \u201clo correcto es escuchar a la ciudadan\u00eda y despu\u00e9s elaborar un modelo de ordenanza de la ZBE que luego se facilite a los grupos pol\u00edticos para su debate. Lo que est\u00e1 claro es que para el PP y CB las consultas a la ciudadan\u00eda sin meros tr\u00e1mites legales y no les interesa para nada lo que pueda decir la ciudadan\u00eda de las normas que les afecten.\u201d<\/p>\n\n\n\n<p>Para finalizar ha se\u00f1alado que el PSOE no est\u00e1 en contra de la generalidad de la ordenanza que han propuesto, pero si la salud de la ciudadan\u00eda est\u00e1 en riesgo, y lo est\u00e1 cuando se superan los umbrales que se\u00f1ala la ley, se debe aplicar de manera paulatina las restricciones del tr\u00e1fico, primero con los veh\u00edculos que no tengan distintivo y si la situaci\u00f3n no mejora se deber\u00e1 seguir restringiendo la circulaci\u00f3n en funci\u00f3n de su distintivo medioambiental. \u201c<\/p>\n\n\n\n<figure class=\"wp-block-gallery has-nested-images columns-default is-cropped wp-block-gallery-1 is-layout-flex wp-block-gallery-is-layout-flex\">\n<figure class=\"wp-block-image size-large\"><img loading=\"lazy\" decoding=\"async\" width=\"1024\" height=\"768\" data-id=\"483\" src=\"https:\/\/agrupacionespsoe.es\/ponferrada\/wp-content\/uploads\/sites\/36\/2024\/04\/WhatsApp-Image-2024-04-25-at-12.47.58-1024x768.jpeg\" alt=\"\" class=\"wp-image-483\" srcset=\"https:\/\/agrupacionespsoe.es\/ponferrada\/wp-content\/uploads\/sites\/36\/2024\/04\/WhatsApp-Image-2024-04-25-at-12.47.58-1024x768.jpeg 1024w, https:\/\/agrupacionespsoe.es\/ponferrada\/wp-content\/uploads\/sites\/36\/2024\/04\/WhatsApp-Image-2024-04-25-at-12.47.58-300x225.jpeg 300w, https:\/\/agrupacionespsoe.es\/ponferrada\/wp-content\/uploads\/sites\/36\/2024\/04\/WhatsApp-Image-2024-04-25-at-12.47.58-768x576.jpeg 768w, https:\/\/agrupacionespsoe.es\/ponferrada\/wp-content\/uploads\/sites\/36\/2024\/04\/WhatsApp-Image-2024-04-25-at-12.47.58-1536x1152.jpeg 1536w, https:\/\/agrupacionespsoe.es\/ponferrada\/wp-content\/uploads\/sites\/36\/2024\/04\/WhatsApp-Image-2024-04-25-at-12.47.58.jpeg 1600w\" sizes=\"auto, (max-width: 1024px) 100vw, 1024px\" \/><\/figure>\n\n\n\n<figure class=\"wp-block-image size-large\"><img loading=\"lazy\" decoding=\"async\" width=\"1024\" height=\"768\" data-id=\"484\" src=\"https:\/\/agrupacionespsoe.es\/ponferrada\/wp-content\/uploads\/sites\/36\/2024\/04\/WhatsApp-Image-2024-04-25-at-12.48.55-1024x768.jpeg\" alt=\"\" class=\"wp-image-484\" srcset=\"https:\/\/agrupacionespsoe.es\/ponferrada\/wp-content\/uploads\/sites\/36\/2024\/04\/WhatsApp-Image-2024-04-25-at-12.48.55-1024x768.jpeg 1024w, https:\/\/agrupacionespsoe.es\/ponferrada\/wp-content\/uploads\/sites\/36\/2024\/04\/WhatsApp-Image-2024-04-25-at-12.48.55-300x225.jpeg 300w, https:\/\/agrupacionespsoe.es\/ponferrada\/wp-content\/uploads\/sites\/36\/2024\/04\/WhatsApp-Image-2024-04-25-at-12.48.55-768x576.jpeg 768w, https:\/\/agrupacionespsoe.es\/ponferrada\/wp-content\/uploads\/sites\/36\/2024\/04\/WhatsApp-Image-2024-04-25-at-12.48.55-1536x1152.jpeg 1536w, https:\/\/agrupacionespsoe.es\/ponferrada\/wp-content\/uploads\/sites\/36\/2024\/04\/WhatsApp-Image-2024-04-25-at-12.48.55.jpeg 1600w\" sizes=\"auto, (max-width: 1024px) 100vw, 1024px\" \/><\/figure>\n<\/figure>\n","protected":false},"excerpt":{"rendered":"<p>\u201cPara PP y CB las consultas a la ciudadan\u00eda sin meros tr\u00e1mites legales y no les interesa para nada lo que pueda decir la ciudadan\u00eda de las normas que les afecten.\u201d El grupo municipal socialista ha mostrado nuestra solidaridad y nuestro rechazo a la situaci\u00f3n que est\u00e1 viviendo el presidente S\u00e1nchez, en la que desde &#8230;<\/p>\n","protected":false},"author":32,"featured_media":483,"comment_status":"open","ping_status":"open","sticky":false,"template":"","format":"standard","meta":{"_jetpack_memberships_contains_paid_content":false,"footnotes":""},"categories":[6],"tags":[],"class_list":["post-482","post","type-post","status-publish","format-standard","has-post-thumbnail","hentry","category-actualidad"],"yoast_head":"<!-- This site is optimized with the Yoast SEO plugin v24.0 - https:\/\/yoast.com\/wordpress\/plugins\/seo\/ -->\n<title>\u201cOlegario Ram\u00f3n: el equipo de Morala minti\u00f3 a la ciudadan\u00eda para obtener r\u00e9ditos pol\u00edticos\u201d - Agrupaci\u00f3n Socialista de Ponferrada<\/title>\n<meta name=\"robots\" content=\"index, follow, max-snippet:-1, max-image-preview:large, max-video-preview:-1\" \/>\n<link rel=\"canonical\" href=\"https:\/\/agrupacionespsoe.es\/ponferrada\/olegario-ramon-el-equipo-de-morala-mintio-a-la-ciudadania-para-obtener-reditos-politicos\/\" \/>\n<meta property=\"og:locale\" content=\"es_ES\" \/>\n<meta property=\"og:type\" content=\"article\" \/>\n<meta property=\"og:title\" content=\"\u201cOlegario Ram\u00f3n: el equipo de Morala minti\u00f3 a la ciudadan\u00eda para obtener r\u00e9ditos pol\u00edticos\u201d - Agrupaci\u00f3n Socialista de Ponferrada\" \/>\n<meta property=\"og:description\" content=\"\u201cPara PP y CB las consultas a la ciudadan\u00eda sin meros tr\u00e1mites legales y no les interesa para nada lo que pueda decir la ciudadan\u00eda de las normas que les afecten.\u201d El grupo municipal socialista ha mostrado nuestra solidaridad y nuestro rechazo a la situaci\u00f3n que est\u00e1 viviendo el presidente S\u00e1nchez, en la que desde ...\" \/>\n<meta property=\"og:url\" content=\"https:\/\/agrupacionespsoe.es\/ponferrada\/olegario-ramon-el-equipo-de-morala-mintio-a-la-ciudadania-para-obtener-reditos-politicos\/\" \/>\n<meta property=\"og:site_name\" content=\"Agrupaci\u00f3n Socialista de Ponferrada\" \/>\n<meta property=\"article:published_time\" content=\"2024-04-25T11:00:50+00:00\" \/>\n<meta property=\"article:modified_time\" content=\"2024-04-25T11:00:51+00:00\" \/>\n<meta property=\"og:image\" content=\"https:\/\/agrupacionespsoe.es\/ponferrada\/wp-content\/uploads\/sites\/36\/2024\/04\/WhatsApp-Image-2024-04-25-at-12.47.58.jpeg\" \/>\n\t<meta property=\"og:image:width\" content=\"1600\" \/>\n\t<meta property=\"og:image:height\" content=\"1200\" \/>\n\t<meta property=\"og:image:type\" content=\"image\/jpeg\" \/>\n<meta name=\"author\" content=\"ponferrada2\" \/>\n<meta name=\"twitter:card\" content=\"summary_large_image\" \/>\n<meta name=\"twitter:label1\" content=\"Escrito por\" \/>\n\t<meta name=\"twitter:data1\" content=\"ponferrada2\" \/>\n\t<meta name=\"twitter:label2\" content=\"Tiempo de lectura\" \/>\n\t<meta name=\"twitter:data2\" content=\"3 minutos\" \/>\n<script type=\"application\/ld+json\" class=\"yoast-schema-graph\">{\"@context\":\"https:\/\/schema.org\",\"@graph\":[{\"@type\":\"Article\",\"@id\":\"https:\/\/agrupacionespsoe.es\/ponferrada\/olegario-ramon-el-equipo-de-morala-mintio-a-la-ciudadania-para-obtener-reditos-politicos\/#article\",\"isPartOf\":{\"@id\":\"https:\/\/agrupacionespsoe.es\/ponferrada\/olegario-ramon-el-equipo-de-morala-mintio-a-la-ciudadania-para-obtener-reditos-politicos\/\"},\"author\":{\"name\":\"ponferrada2\",\"@id\":\"https:\/\/agrupacionespsoe.es\/ponferrada\/#\/schema\/person\/cd29ee627f3b70c05d415f02596debaa\"},\"headline\":\"\u201cOlegario Ram\u00f3n: el equipo de Morala minti\u00f3 a la ciudadan\u00eda para obtener r\u00e9ditos pol\u00edticos\u201d\",\"datePublished\":\"2024-04-25T11:00:50+00:00\",\"dateModified\":\"2024-04-25T11:00:51+00:00\",\"mainEntityOfPage\":{\"@id\":\"https:\/\/agrupacionespsoe.es\/ponferrada\/olegario-ramon-el-equipo-de-morala-mintio-a-la-ciudadania-para-obtener-reditos-politicos\/\"},\"wordCount\":636,\"commentCount\":0,\"publisher\":{\"@id\":\"https:\/\/agrupacionespsoe.es\/ponferrada\/#organization\"},\"image\":{\"@id\":\"https:\/\/agrupacionespsoe.es\/ponferrada\/olegario-ramon-el-equipo-de-morala-mintio-a-la-ciudadania-para-obtener-reditos-politicos\/#primaryimage\"},\"thumbnailUrl\":\"https:\/\/agrupacionespsoe.es\/ponferrada\/wp-content\/uploads\/sites\/36\/2024\/04\/WhatsApp-Image-2024-04-25-at-12.47.58.jpeg\",\"articleSection\":[\"ACTUALIDAD\"],\"inLanguage\":\"es\",\"potentialAction\":[{\"@type\":\"CommentAction\",\"name\":\"Comment\",\"target\":[\"https:\/\/agrupacionespsoe.es\/ponferrada\/olegario-ramon-el-equipo-de-morala-mintio-a-la-ciudadania-para-obtener-reditos-politicos\/#respond\"]}]},{\"@type\":\"WebPage\",\"@id\":\"https:\/\/agrupacionespsoe.es\/ponferrada\/olegario-ramon-el-equipo-de-morala-mintio-a-la-ciudadania-para-obtener-reditos-politicos\/\",\"url\":\"https:\/\/agrupacionespsoe.es\/ponferrada\/olegario-ramon-el-equipo-de-morala-mintio-a-la-ciudadania-para-obtener-reditos-politicos\/\",\"name\":\"\u201cOlegario Ram\u00f3n: el equipo de Morala minti\u00f3 a la ciudadan\u00eda para obtener r\u00e9ditos pol\u00edticos\u201d - Agrupaci\u00f3n Socialista de Ponferrada\",\"isPartOf\":{\"@id\":\"https:\/\/agrupacionespsoe.es\/ponferrada\/#website\"},\"primaryImageOfPage\":{\"@id\":\"https:\/\/agrupacionespsoe.es\/ponferrada\/olegario-ramon-el-equipo-de-morala-mintio-a-la-ciudadania-para-obtener-reditos-politicos\/#primaryimage\"},\"image\":{\"@id\":\"https:\/\/agrupacionespsoe.es\/ponferrada\/olegario-ramon-el-equipo-de-morala-mintio-a-la-ciudadania-para-obtener-reditos-politicos\/#primaryimage\"},\"thumbnailUrl\":\"https:\/\/agrupacionespsoe.es\/ponferrada\/wp-content\/uploads\/sites\/36\/2024\/04\/WhatsApp-Image-2024-04-25-at-12.47.58.jpeg\",\"datePublished\":\"2024-04-25T11:00:50+00:00\",\"dateModified\":\"2024-04-25T11:00:51+00:00\",\"breadcrumb\":{\"@id\":\"https:\/\/agrupacionespsoe.es\/ponferrada\/olegario-ramon-el-equipo-de-morala-mintio-a-la-ciudadania-para-obtener-reditos-politicos\/#breadcrumb\"},\"inLanguage\":\"es\",\"potentialAction\":[{\"@type\":\"ReadAction\",\"target\":[\"https:\/\/agrupacionespsoe.es\/ponferrada\/olegario-ramon-el-equipo-de-morala-mintio-a-la-ciudadania-para-obtener-reditos-politicos\/\"]}]},{\"@type\":\"ImageObject\",\"inLanguage\":\"es\",\"@id\":\"https:\/\/agrupacionespsoe.es\/ponferrada\/olegario-ramon-el-equipo-de-morala-mintio-a-la-ciudadania-para-obtener-reditos-politicos\/#primaryimage\",\"url\":\"https:\/\/agrupacionespsoe.es\/ponferrada\/wp-content\/uploads\/sites\/36\/2024\/04\/WhatsApp-Image-2024-04-25-at-12.47.58.jpeg\",\"contentUrl\":\"https:\/\/agrupacionespsoe.es\/ponferrada\/wp-content\/uploads\/sites\/36\/2024\/04\/WhatsApp-Image-2024-04-25-at-12.47.58.jpeg\",\"width\":1600,\"height\":1200},{\"@type\":\"BreadcrumbList\",\"@id\":\"https:\/\/agrupacionespsoe.es\/ponferrada\/olegario-ramon-el-equipo-de-morala-mintio-a-la-ciudadania-para-obtener-reditos-politicos\/#breadcrumb\",\"itemListElement\":[{\"@type\":\"ListItem\",\"position\":1,\"name\":\"Portada\",\"item\":\"https:\/\/agrupacionespsoe.es\/ponferrada\/\"},{\"@type\":\"ListItem\",\"position\":2,\"name\":\"\u201cOlegario Ram\u00f3n: el equipo de Morala minti\u00f3 a la ciudadan\u00eda para obtener r\u00e9ditos pol\u00edticos\u201d\"}]},{\"@type\":\"WebSite\",\"@id\":\"https:\/\/agrupacionespsoe.es\/ponferrada\/#website\",\"url\":\"https:\/\/agrupacionespsoe.es\/ponferrada\/\",\"name\":\"Agrupaci\u00f3n Socialista de Ponferrada\",\"description\":\"Agrupaci\u00f3n Socialista de Ponferrada\",\"publisher\":{\"@id\":\"https:\/\/agrupacionespsoe.es\/ponferrada\/#organization\"},\"potentialAction\":[{\"@type\":\"SearchAction\",\"target\":{\"@type\":\"EntryPoint\",\"urlTemplate\":\"https:\/\/agrupacionespsoe.es\/ponferrada\/?s={search_term_string}\"},\"query-input\":{\"@type\":\"PropertyValueSpecification\",\"valueRequired\":true,\"valueName\":\"search_term_string\"}}],\"inLanguage\":\"es\"},{\"@type\":\"Organization\",\"@id\":\"https:\/\/agrupacionespsoe.es\/ponferrada\/#organization\",\"name\":\"Agrupaci\u00f3n Socialista de Ponferrada\",\"url\":\"https:\/\/agrupacionespsoe.es\/ponferrada\/\",\"logo\":{\"@type\":\"ImageObject\",\"inLanguage\":\"es\",\"@id\":\"https:\/\/agrupacionespsoe.es\/ponferrada\/#\/schema\/logo\/image\/\",\"url\":\"https:\/\/agrupacionespsoe.es\/wp-content\/uploads\/2022\/07\/Logotipo_electoral_del_PSOE.png\",\"contentUrl\":\"https:\/\/agrupacionespsoe.es\/wp-content\/uploads\/2022\/07\/Logotipo_electoral_del_PSOE.png\",\"width\":422,\"height\":422,\"caption\":\"Agrupaci\u00f3n Socialista de Ponferrada\"},\"image\":{\"@id\":\"https:\/\/agrupacionespsoe.es\/ponferrada\/#\/schema\/logo\/image\/\"}},{\"@type\":\"Person\",\"@id\":\"https:\/\/agrupacionespsoe.es\/ponferrada\/#\/schema\/person\/cd29ee627f3b70c05d415f02596debaa\",\"name\":\"ponferrada2\",\"image\":{\"@type\":\"ImageObject\",\"inLanguage\":\"es\",\"@id\":\"https:\/\/agrupacionespsoe.es\/ponferrada\/#\/schema\/person\/image\/\",\"url\":\"https:\/\/secure.gravatar.com\/avatar\/f499eeb60144c664cf7b7edf75549b50?s=96&d=mm&r=g\",\"contentUrl\":\"https:\/\/secure.gravatar.com\/avatar\/f499eeb60144c664cf7b7edf75549b50?s=96&d=mm&r=g\",\"caption\":\"ponferrada2\"},\"url\":\"https:\/\/agrupacionespsoe.es\/ponferrada\/author\/ponferrada2\/\"}]}<\/script>\n<!-- \/ Yoast SEO plugin. -->","yoast_head_json":{"title":"\u201cOlegario Ram\u00f3n: el equipo de Morala minti\u00f3 a la ciudadan\u00eda para obtener r\u00e9ditos pol\u00edticos\u201d - Agrupaci\u00f3n Socialista de Ponferrada","robots":{"index":"index","follow":"follow","max-snippet":"max-snippet:-1","max-image-preview":"max-image-preview:large","max-video-preview":"max-video-preview:-1"},"canonical":"https:\/\/agrupacionespsoe.es\/ponferrada\/olegario-ramon-el-equipo-de-morala-mintio-a-la-ciudadania-para-obtener-reditos-politicos\/","og_locale":"es_ES","og_type":"article","og_title":"\u201cOlegario Ram\u00f3n: el equipo de Morala minti\u00f3 a la ciudadan\u00eda para obtener r\u00e9ditos pol\u00edticos\u201d - Agrupaci\u00f3n Socialista de Ponferrada","og_description":"\u201cPara PP y CB las consultas a la ciudadan\u00eda sin meros tr\u00e1mites legales y no les interesa para nada lo que pueda decir la ciudadan\u00eda de las normas que les afecten.\u201d El grupo municipal socialista ha mostrado nuestra solidaridad y nuestro rechazo a la situaci\u00f3n que est\u00e1 viviendo el presidente S\u00e1nchez, en la que desde ...","og_url":"https:\/\/agrupacionespsoe.es\/ponferrada\/olegario-ramon-el-equipo-de-morala-mintio-a-la-ciudadania-para-obtener-reditos-politicos\/","og_site_name":"Agrupaci\u00f3n Socialista de Ponferrada","article_published_time":"2024-04-25T11:00:50+00:00","article_modified_time":"2024-04-25T11:00:51+00:00","og_image":[{"width":1600,"height":1200,"url":"https:\/\/agrupacionespsoe.es\/ponferrada\/wp-content\/uploads\/sites\/36\/2024\/04\/WhatsApp-Image-2024-04-25-at-12.47.58.jpeg","type":"image\/jpeg"}],"author":"ponferrada2","twitter_card":"summary_large_image","twitter_misc":{"Escrito por":"ponferrada2","Tiempo de lectura":"3 minutos"},"schema":{"@context":"https:\/\/schema.org","@graph":[{"@type":"Article","@id":"https:\/\/agrupacionespsoe.es\/ponferrada\/olegario-ramon-el-equipo-de-morala-mintio-a-la-ciudadania-para-obtener-reditos-politicos\/#article","isPartOf":{"@id":"https:\/\/agrupacionespsoe.es\/ponferrada\/olegario-ramon-el-equipo-de-morala-mintio-a-la-ciudadania-para-obtener-reditos-politicos\/"},"author":{"name":"ponferrada2","@id":"https:\/\/agrupacionespsoe.es\/ponferrada\/#\/schema\/person\/cd29ee627f3b70c05d415f02596debaa"},"headline":"\u201cOlegario Ram\u00f3n: el equipo de Morala minti\u00f3 a la ciudadan\u00eda para obtener r\u00e9ditos pol\u00edticos\u201d","datePublished":"2024-04-25T11:00:50+00:00","dateModified":"2024-04-25T11:00:51+00:00","mainEntityOfPage":{"@id":"https:\/\/agrupacionespsoe.es\/ponferrada\/olegario-ramon-el-equipo-de-morala-mintio-a-la-ciudadania-para-obtener-reditos-politicos\/"},"wordCount":636,"commentCount":0,"publisher":{"@id":"https:\/\/agrupacionespsoe.es\/ponferrada\/#organization"},"image":{"@id":"https:\/\/agrupacionespsoe.es\/ponferrada\/olegario-ramon-el-equipo-de-morala-mintio-a-la-ciudadania-para-obtener-reditos-politicos\/#primaryimage"},"thumbnailUrl":"https:\/\/agrupacionespsoe.es\/ponferrada\/wp-content\/uploads\/sites\/36\/2024\/04\/WhatsApp-Image-2024-04-25-at-12.47.58.jpeg","articleSection":["ACTUALIDAD"],"inLanguage":"es","potentialAction":[{"@type":"CommentAction","name":"Comment","target":["https:\/\/agrupacionespsoe.es\/ponferrada\/olegario-ramon-el-equipo-de-morala-mintio-a-la-ciudadania-para-obtener-reditos-politicos\/#respond"]}]},{"@type":"WebPage","@id":"https:\/\/agrupacionespsoe.es\/ponferrada\/olegario-ramon-el-equipo-de-morala-mintio-a-la-ciudadania-para-obtener-reditos-politicos\/","url":"https:\/\/agrupacionespsoe.es\/ponferrada\/olegario-ramon-el-equipo-de-morala-mintio-a-la-ciudadania-para-obtener-reditos-politicos\/","name":"\u201cOlegario Ram\u00f3n: el equipo de Morala minti\u00f3 a la ciudadan\u00eda para obtener r\u00e9ditos pol\u00edticos\u201d - Agrupaci\u00f3n Socialista de Ponferrada","isPartOf":{"@id":"https:\/\/agrupacionespsoe.es\/ponferrada\/#website"},"primaryImageOfPage":{"@id":"https:\/\/agrupacionespsoe.es\/ponferrada\/olegario-ramon-el-equipo-de-morala-mintio-a-la-ciudadania-para-obtener-reditos-politicos\/#primaryimage"},"image":{"@id":"https:\/\/agrupacionespsoe.es\/ponferrada\/olegario-ramon-el-equipo-de-morala-mintio-a-la-ciudadania-para-obtener-reditos-politicos\/#primaryimage"},"thumbnailUrl":"https:\/\/agrupacionespsoe.es\/ponferrada\/wp-content\/uploads\/sites\/36\/2024\/04\/WhatsApp-Image-2024-04-25-at-12.47.58.jpeg","datePublished":"2024-04-25T11:00:50+00:00","dateModified":"2024-04-25T11:00:51+00:00","breadcrumb":{"@id":"https:\/\/agrupacionespsoe.es\/ponferrada\/olegario-ramon-el-equipo-de-morala-mintio-a-la-ciudadania-para-obtener-reditos-politicos\/#breadcrumb"},"inLanguage":"es","potentialAction":[{"@type":"ReadAction","target":["https:\/\/agrupacionespsoe.es\/ponferrada\/olegario-ramon-el-equipo-de-morala-mintio-a-la-ciudadania-para-obtener-reditos-politicos\/"]}]},{"@type":"ImageObject","inLanguage":"es","@id":"https:\/\/agrupacionespsoe.es\/ponferrada\/olegario-ramon-el-equipo-de-morala-mintio-a-la-ciudadania-para-obtener-reditos-politicos\/#primaryimage","url":"https:\/\/agrupacionespsoe.es\/ponferrada\/wp-content\/uploads\/sites\/36\/2024\/04\/WhatsApp-Image-2024-04-25-at-12.47.58.jpeg","contentUrl":"https:\/\/agrupacionespsoe.es\/ponferrada\/wp-content\/uploads\/sites\/36\/2024\/04\/WhatsApp-Image-2024-04-25-at-12.47.58.jpeg","width":1600,"height":1200},{"@type":"BreadcrumbList","@id":"https:\/\/agrupacionespsoe.es\/ponferrada\/olegario-ramon-el-equipo-de-morala-mintio-a-la-ciudadania-para-obtener-reditos-politicos\/#breadcrumb","itemListElement":[{"@type":"ListItem","position":1,"name":"Portada","item":"https:\/\/agrupacionespsoe.es\/ponferrada\/"},{"@type":"ListItem","position":2,"name":"\u201cOlegario Ram\u00f3n: el equipo de Morala minti\u00f3 a la ciudadan\u00eda para obtener r\u00e9ditos pol\u00edticos\u201d"}]},{"@type":"WebSite","@id":"https:\/\/agrupacionespsoe.es\/ponferrada\/#website","url":"https:\/\/agrupacionespsoe.es\/ponferrada\/","name":"Agrupaci\u00f3n Socialista de Ponferrada","description":"Agrupaci\u00f3n Socialista de Ponferrada","publisher":{"@id":"https:\/\/agrupacionespsoe.es\/ponferrada\/#organization"},"potentialAction":[{"@type":"SearchAction","target":{"@type":"EntryPoint","urlTemplate":"https:\/\/agrupacionespsoe.es\/ponferrada\/?s={search_term_string}"},"query-input":{"@type":"PropertyValueSpecification","valueRequired":true,"valueName":"search_term_string"}}],"inLanguage":"es"},{"@type":"Organization","@id":"https:\/\/agrupacionespsoe.es\/ponferrada\/#organization","name":"Agrupaci\u00f3n Socialista de Ponferrada","url":"https:\/\/agrupacionespsoe.es\/ponferrada\/","logo":{"@type":"ImageObject","inLanguage":"es","@id":"https:\/\/agrupacionespsoe.es\/ponferrada\/#\/schema\/logo\/image\/","url":"https:\/\/agrupacionespsoe.es\/wp-content\/uploads\/2022\/07\/Logotipo_electoral_del_PSOE.png","contentUrl":"https:\/\/agrupacionespsoe.es\/wp-content\/uploads\/2022\/07\/Logotipo_electoral_del_PSOE.png","width":422,"height":422,"caption":"Agrupaci\u00f3n Socialista de Ponferrada"},"image":{"@id":"https:\/\/agrupacionespsoe.es\/ponferrada\/#\/schema\/logo\/image\/"}},{"@type":"Person","@id":"https:\/\/agrupacionespsoe.es\/ponferrada\/#\/schema\/person\/cd29ee627f3b70c05d415f02596debaa","name":"ponferrada2","image":{"@type":"ImageObject","inLanguage":"es","@id":"https:\/\/agrupacionespsoe.es\/ponferrada\/#\/schema\/person\/image\/","url":"https:\/\/secure.gravatar.com\/avatar\/f499eeb60144c664cf7b7edf75549b50?s=96&d=mm&r=g","contentUrl":"https:\/\/secure.gravatar.com\/avatar\/f499eeb60144c664cf7b7edf75549b50?s=96&d=mm&r=g","caption":"ponferrada2"},"url":"https:\/\/agrupacionespsoe.es\/ponferrada\/author\/ponferrada2\/"}]}},"jetpack_featured_media_url":"https:\/\/agrupacionespsoe.es\/ponferrada\/wp-content\/uploads\/sites\/36\/2024\/04\/WhatsApp-Image-2024-04-25-at-12.47.58.jpeg","jetpack_sharing_enabled":true,"_links":{"self":[{"href":"https:\/\/agrupacionespsoe.es\/ponferrada\/wp-json\/wp\/v2\/posts\/482","targetHints":{"allow":["GET"]}}],"collection":[{"href":"https:\/\/agrupacionespsoe.es\/ponferrada\/wp-json\/wp\/v2\/posts"}],"about":[{"href":"https:\/\/agrupacionespsoe.es\/ponferrada\/wp-json\/wp\/v2\/types\/post"}],"author":[{"embeddable":true,"href":"https:\/\/agrupacionespsoe.es\/ponferrada\/wp-json\/wp\/v2\/users\/32"}],"replies":[{"embeddable":true,"href":"https:\/\/agrupacionespsoe.es\/ponferrada\/wp-json\/wp\/v2\/comments?post=482"}],"version-history":[{"count":1,"href":"https:\/\/agrupacionespsoe.es\/ponferrada\/wp-json\/wp\/v2\/posts\/482\/revisions"}],"predecessor-version":[{"id":485,"href":"https:\/\/agrupacionespsoe.es\/ponferrada\/wp-json\/wp\/v2\/posts\/482\/revisions\/485"}],"wp:featuredmedia":[{"embeddable":true,"href":"https:\/\/agrupacionespsoe.es\/ponferrada\/wp-json\/wp\/v2\/media\/483"}],"wp:attachment":[{"href":"https:\/\/agrupacionespsoe.es\/ponferrada\/wp-json\/wp\/v2\/media?parent=482"}],"wp:term":[{"taxonomy":"category","embeddable":true,"href":"https:\/\/agrupacionespsoe.es\/ponferrada\/wp-json\/wp\/v2\/categories?post=482"},{"taxonomy":"post_tag","embeddable":true,"href":"https:\/\/agrupacionespsoe.es\/ponferrada\/wp-json\/wp\/v2\/tags?post=482"}],"curies":[{"name":"wp","href":"https:\/\/api.w.org\/{rel}","templated":true}]}}