{"id":476,"date":"2024-04-19T09:17:03","date_gmt":"2024-04-19T09:17:03","guid":{"rendered":"https:\/\/agrupacionespsoe.es\/ponferrada\/?p=476"},"modified":"2024-04-19T09:17:28","modified_gmt":"2024-04-19T09:17:28","slug":"el-psoe-critica-la-falta-de-transparencia-y-ocultismo","status":"publish","type":"post","link":"https:\/\/agrupacionespsoe.es\/ponferrada\/el-psoe-critica-la-falta-de-transparencia-y-ocultismo\/","title":{"rendered":"El PSOE critica la falta de transparencia y ocultismo."},"content":{"rendered":"\n<p class=\"has-large-font-size\"><strong>\u201cel equipo del Sr. Morala gobierna con mala fe\u201d<\/strong><\/p>\n\n\n\n<p>Pedro Fern\u00e1ndez ha criticado las actuaciones en materia de consultas p\u00fablicas que llevan a cabo este equipo de gobierno.<\/p>\n\n\n\n<p>En palabras del concejal del PSOE, \u201cel equipo de Morala gobierna con mala fe, en este caso no es desconocimiento, sino mala fe\u201d- ha recalcado.<\/p>\n\n\n\n<p>Pedro Fern\u00e1ndez explica que desde el pasado 20 de marzo se encuentra en la web municipal la \u201cConsulta p\u00fablica previa sobre la Ordenanza de la Zona de Bajas Emisiones de Ponferrada\u201d, cuyo plazo para hacer alegaciones para la ciudadan\u00eda acaba este pr\u00f3ximo viernes.<\/p>\n\n\n\n<p>Hay que a\u00f1adir que desde ese mismo d\u00eda (21 de marzo) tambi\u00e9n se encuentra la \u201cConsulta p\u00fablica previa sobre el proyecto t\u00e9cnico de la Zona de Bajas Emisiones de Ponferrada\u201d<\/p>\n\n\n\n<p>Dos documentos que tienen mucha importancia para definir el futuro de la ciudad y que vienen a regular derechos fundamentales de la ciudadan\u00eda, como es el derecho a la salud y a respirar aire limpio.<\/p>\n\n\n\n<p>Pedro se\u00f1ala que adem\u00e1s de la falta de accesibilidad de la web municipal para la mayor\u00eda de la ciudadan\u00eda y la falta de conocimiento de los diversos apartados, explica que para cualquier ciudadano de a pie es imposible que llegue a esos documentos, se puede comprobar la mala fe con dos hechos contrastables, el primero es que en ning\u00fan momento se ha anunciado que esa consulta est\u00e1 abierta y el hecho m\u00e1s relevante es que por primera vez en la historia del ayuntamiento no se encuentran los documentos sobre los que supuestamente est\u00e1n haciendo la consulta p\u00fablica, ni el proyecto de Zona de Bajas Emisiones ni el modelo de Ordenanza est\u00e1n a disposici\u00f3n para consulta y por lo tanto para que la ciudadan\u00eda pueda hacer alegaciones.<\/p>\n\n\n\n<p>Pedro Fern\u00e1ndez se\u00f1ala que es verdad que siempre vuelven las modas y en este caso, con el gobierno de Morala est\u00e1n volviendo a Ponferrada a aquellos tiempos oscuros donde era m\u00e1s \u00fatil ocultar lo que se hac\u00eda que escuchar a la ciudadan\u00eda. Est\u00e1 claro que la transparencia no es una virtud con la que act\u00fae este equipo de gobierno.<\/p>\n\n\n\n<p>Como se puede comprobar en las dem\u00e1s consultas entre la documentaci\u00f3n siempre se encuentra el documento a alegar, menos en las dos que ha realizado el equipo de Morala.<\/p>\n\n\n\n<p>Para finalizar, Pedro Fern\u00e1ndez ha puesto de manifiesto otro ejemplo de falta de coordinaci\u00f3n y lo que es peor de falta de direcci\u00f3n, la improvisaci\u00f3n y los palos de ciego con la que gobierna Morala, presentan un documento de ZBE que va a modificar el Plan de Movilidad Urbana Sostenible (PMUS) cuando han modificado este mismo Plan en el Pleno Ordinario del pasado mes de marzo.<\/p>\n\n\n\n<p>Por \u00faltimo, Pedro pide al equipo de Morala que realice las consulta de este tema con seriedad y rigor y deje de tomarle el pelo a la ciudadan\u00eda.<\/p>\n\n\n\n<figure class=\"wp-block-gallery has-nested-images columns-default is-cropped wp-block-gallery-1 is-layout-flex wp-block-gallery-is-layout-flex\">\n<figure class=\"wp-block-image size-large\"><img loading=\"lazy\" decoding=\"async\" width=\"581\" height=\"595\" data-id=\"458\" src=\"https:\/\/agrupacionespsoe.es\/ponferrada\/wp-content\/uploads\/sites\/36\/2024\/04\/WhatsApp-Image-2024-04-10-at-13.14.58.jpeg\" alt=\"\" class=\"wp-image-458\" srcset=\"https:\/\/agrupacionespsoe.es\/ponferrada\/wp-content\/uploads\/sites\/36\/2024\/04\/WhatsApp-Image-2024-04-10-at-13.14.58.jpeg 581w, https:\/\/agrupacionespsoe.es\/ponferrada\/wp-content\/uploads\/sites\/36\/2024\/04\/WhatsApp-Image-2024-04-10-at-13.14.58-293x300.jpeg 293w\" sizes=\"auto, (max-width: 581px) 100vw, 581px\" \/><\/figure>\n<\/figure>\n","protected":false},"excerpt":{"rendered":"<p>\u201cel equipo del Sr. Morala gobierna con mala fe\u201d Pedro Fern\u00e1ndez ha criticado las actuaciones en materia de consultas p\u00fablicas que llevan a cabo este equipo de gobierno. En palabras del concejal del PSOE, \u201cel equipo de Morala gobierna con mala fe, en este caso no es desconocimiento, sino mala fe\u201d- ha recalcado. Pedro Fern\u00e1ndez &#8230;<\/p>\n","protected":false},"author":32,"featured_media":458,"comment_status":"open","ping_status":"open","sticky":false,"template":"","format":"standard","meta":{"_jetpack_memberships_contains_paid_content":false,"footnotes":""},"categories":[6],"tags":[],"class_list":["post-476","post","type-post","status-publish","format-standard","has-post-thumbnail","hentry","category-actualidad"],"yoast_head":"<!-- This site is optimized with the Yoast SEO plugin v24.0 - https:\/\/yoast.com\/wordpress\/plugins\/seo\/ -->\n<title>El PSOE critica la falta de transparencia y ocultismo. - Agrupaci\u00f3n Socialista de Ponferrada<\/title>\n<meta name=\"robots\" content=\"index, follow, max-snippet:-1, max-image-preview:large, max-video-preview:-1\" \/>\n<link rel=\"canonical\" href=\"https:\/\/agrupacionespsoe.es\/ponferrada\/el-psoe-critica-la-falta-de-transparencia-y-ocultismo\/\" \/>\n<meta property=\"og:locale\" content=\"es_ES\" \/>\n<meta property=\"og:type\" content=\"article\" \/>\n<meta property=\"og:title\" content=\"El PSOE critica la falta de transparencia y ocultismo. - Agrupaci\u00f3n Socialista de Ponferrada\" \/>\n<meta property=\"og:description\" content=\"\u201cel equipo del Sr. Morala gobierna con mala fe\u201d Pedro Fern\u00e1ndez ha criticado las actuaciones en materia de consultas p\u00fablicas que llevan a cabo este equipo de gobierno. En palabras del concejal del PSOE, \u201cel equipo de Morala gobierna con mala fe, en este caso no es desconocimiento, sino mala fe\u201d- ha recalcado. Pedro Fern\u00e1ndez ...\" \/>\n<meta property=\"og:url\" content=\"https:\/\/agrupacionespsoe.es\/ponferrada\/el-psoe-critica-la-falta-de-transparencia-y-ocultismo\/\" \/>\n<meta property=\"og:site_name\" content=\"Agrupaci\u00f3n Socialista de Ponferrada\" \/>\n<meta property=\"article:published_time\" content=\"2024-04-19T09:17:03+00:00\" \/>\n<meta property=\"article:modified_time\" content=\"2024-04-19T09:17:28+00:00\" \/>\n<meta property=\"og:image\" content=\"https:\/\/agrupacionespsoe.es\/ponferrada\/wp-content\/uploads\/sites\/36\/2024\/04\/WhatsApp-Image-2024-04-10-at-13.14.58.jpeg\" \/>\n\t<meta property=\"og:image:width\" content=\"581\" \/>\n\t<meta property=\"og:image:height\" content=\"595\" \/>\n\t<meta property=\"og:image:type\" content=\"image\/jpeg\" \/>\n<meta name=\"author\" content=\"ponferrada2\" \/>\n<meta name=\"twitter:card\" content=\"summary_large_image\" \/>\n<meta name=\"twitter:label1\" content=\"Escrito por\" \/>\n\t<meta name=\"twitter:data1\" content=\"ponferrada2\" \/>\n\t<meta name=\"twitter:label2\" content=\"Tiempo de lectura\" \/>\n\t<meta name=\"twitter:data2\" content=\"3 minutos\" \/>\n<script type=\"application\/ld+json\" class=\"yoast-schema-graph\">{\"@context\":\"https:\/\/schema.org\",\"@graph\":[{\"@type\":\"Article\",\"@id\":\"https:\/\/agrupacionespsoe.es\/ponferrada\/el-psoe-critica-la-falta-de-transparencia-y-ocultismo\/#article\",\"isPartOf\":{\"@id\":\"https:\/\/agrupacionespsoe.es\/ponferrada\/el-psoe-critica-la-falta-de-transparencia-y-ocultismo\/\"},\"author\":{\"name\":\"ponferrada2\",\"@id\":\"https:\/\/agrupacionespsoe.es\/ponferrada\/#\/schema\/person\/cd29ee627f3b70c05d415f02596debaa\"},\"headline\":\"El PSOE critica la falta de transparencia y ocultismo.\",\"datePublished\":\"2024-04-19T09:17:03+00:00\",\"dateModified\":\"2024-04-19T09:17:28+00:00\",\"mainEntityOfPage\":{\"@id\":\"https:\/\/agrupacionespsoe.es\/ponferrada\/el-psoe-critica-la-falta-de-transparencia-y-ocultismo\/\"},\"wordCount\":514,\"commentCount\":0,\"publisher\":{\"@id\":\"https:\/\/agrupacionespsoe.es\/ponferrada\/#organization\"},\"image\":{\"@id\":\"https:\/\/agrupacionespsoe.es\/ponferrada\/el-psoe-critica-la-falta-de-transparencia-y-ocultismo\/#primaryimage\"},\"thumbnailUrl\":\"https:\/\/agrupacionespsoe.es\/ponferrada\/wp-content\/uploads\/sites\/36\/2024\/04\/WhatsApp-Image-2024-04-10-at-13.14.58.jpeg\",\"articleSection\":[\"ACTUALIDAD\"],\"inLanguage\":\"es\",\"potentialAction\":[{\"@type\":\"CommentAction\",\"name\":\"Comment\",\"target\":[\"https:\/\/agrupacionespsoe.es\/ponferrada\/el-psoe-critica-la-falta-de-transparencia-y-ocultismo\/#respond\"]}]},{\"@type\":\"WebPage\",\"@id\":\"https:\/\/agrupacionespsoe.es\/ponferrada\/el-psoe-critica-la-falta-de-transparencia-y-ocultismo\/\",\"url\":\"https:\/\/agrupacionespsoe.es\/ponferrada\/el-psoe-critica-la-falta-de-transparencia-y-ocultismo\/\",\"name\":\"El PSOE critica la falta de transparencia y ocultismo. - Agrupaci\u00f3n Socialista de Ponferrada\",\"isPartOf\":{\"@id\":\"https:\/\/agrupacionespsoe.es\/ponferrada\/#website\"},\"primaryImageOfPage\":{\"@id\":\"https:\/\/agrupacionespsoe.es\/ponferrada\/el-psoe-critica-la-falta-de-transparencia-y-ocultismo\/#primaryimage\"},\"image\":{\"@id\":\"https:\/\/agrupacionespsoe.es\/ponferrada\/el-psoe-critica-la-falta-de-transparencia-y-ocultismo\/#primaryimage\"},\"thumbnailUrl\":\"https:\/\/agrupacionespsoe.es\/ponferrada\/wp-content\/uploads\/sites\/36\/2024\/04\/WhatsApp-Image-2024-04-10-at-13.14.58.jpeg\",\"datePublished\":\"2024-04-19T09:17:03+00:00\",\"dateModified\":\"2024-04-19T09:17:28+00:00\",\"breadcrumb\":{\"@id\":\"https:\/\/agrupacionespsoe.es\/ponferrada\/el-psoe-critica-la-falta-de-transparencia-y-ocultismo\/#breadcrumb\"},\"inLanguage\":\"es\",\"potentialAction\":[{\"@type\":\"ReadAction\",\"target\":[\"https:\/\/agrupacionespsoe.es\/ponferrada\/el-psoe-critica-la-falta-de-transparencia-y-ocultismo\/\"]}]},{\"@type\":\"ImageObject\",\"inLanguage\":\"es\",\"@id\":\"https:\/\/agrupacionespsoe.es\/ponferrada\/el-psoe-critica-la-falta-de-transparencia-y-ocultismo\/#primaryimage\",\"url\":\"https:\/\/agrupacionespsoe.es\/ponferrada\/wp-content\/uploads\/sites\/36\/2024\/04\/WhatsApp-Image-2024-04-10-at-13.14.58.jpeg\",\"contentUrl\":\"https:\/\/agrupacionespsoe.es\/ponferrada\/wp-content\/uploads\/sites\/36\/2024\/04\/WhatsApp-Image-2024-04-10-at-13.14.58.jpeg\",\"width\":581,\"height\":595},{\"@type\":\"BreadcrumbList\",\"@id\":\"https:\/\/agrupacionespsoe.es\/ponferrada\/el-psoe-critica-la-falta-de-transparencia-y-ocultismo\/#breadcrumb\",\"itemListElement\":[{\"@type\":\"ListItem\",\"position\":1,\"name\":\"Portada\",\"item\":\"https:\/\/agrupacionespsoe.es\/ponferrada\/\"},{\"@type\":\"ListItem\",\"position\":2,\"name\":\"El PSOE critica la falta de transparencia y ocultismo.\"}]},{\"@type\":\"WebSite\",\"@id\":\"https:\/\/agrupacionespsoe.es\/ponferrada\/#website\",\"url\":\"https:\/\/agrupacionespsoe.es\/ponferrada\/\",\"name\":\"Agrupaci\u00f3n Socialista de Ponferrada\",\"description\":\"Agrupaci\u00f3n Socialista de Ponferrada\",\"publisher\":{\"@id\":\"https:\/\/agrupacionespsoe.es\/ponferrada\/#organization\"},\"potentialAction\":[{\"@type\":\"SearchAction\",\"target\":{\"@type\":\"EntryPoint\",\"urlTemplate\":\"https:\/\/agrupacionespsoe.es\/ponferrada\/?s={search_term_string}\"},\"query-input\":{\"@type\":\"PropertyValueSpecification\",\"valueRequired\":true,\"valueName\":\"search_term_string\"}}],\"inLanguage\":\"es\"},{\"@type\":\"Organization\",\"@id\":\"https:\/\/agrupacionespsoe.es\/ponferrada\/#organization\",\"name\":\"Agrupaci\u00f3n Socialista de Ponferrada\",\"url\":\"https:\/\/agrupacionespsoe.es\/ponferrada\/\",\"logo\":{\"@type\":\"ImageObject\",\"inLanguage\":\"es\",\"@id\":\"https:\/\/agrupacionespsoe.es\/ponferrada\/#\/schema\/logo\/image\/\",\"url\":\"https:\/\/agrupacionespsoe.es\/wp-content\/uploads\/2022\/07\/Logotipo_electoral_del_PSOE.png\",\"contentUrl\":\"https:\/\/agrupacionespsoe.es\/wp-content\/uploads\/2022\/07\/Logotipo_electoral_del_PSOE.png\",\"width\":422,\"height\":422,\"caption\":\"Agrupaci\u00f3n Socialista de Ponferrada\"},\"image\":{\"@id\":\"https:\/\/agrupacionespsoe.es\/ponferrada\/#\/schema\/logo\/image\/\"}},{\"@type\":\"Person\",\"@id\":\"https:\/\/agrupacionespsoe.es\/ponferrada\/#\/schema\/person\/cd29ee627f3b70c05d415f02596debaa\",\"name\":\"ponferrada2\",\"image\":{\"@type\":\"ImageObject\",\"inLanguage\":\"es\",\"@id\":\"https:\/\/agrupacionespsoe.es\/ponferrada\/#\/schema\/person\/image\/\",\"url\":\"https:\/\/secure.gravatar.com\/avatar\/f499eeb60144c664cf7b7edf75549b50?s=96&d=mm&r=g\",\"contentUrl\":\"https:\/\/secure.gravatar.com\/avatar\/f499eeb60144c664cf7b7edf75549b50?s=96&d=mm&r=g\",\"caption\":\"ponferrada2\"},\"url\":\"https:\/\/agrupacionespsoe.es\/ponferrada\/author\/ponferrada2\/\"}]}<\/script>\n<!-- \/ Yoast SEO plugin. -->","yoast_head_json":{"title":"El PSOE critica la falta de transparencia y ocultismo. - Agrupaci\u00f3n Socialista de Ponferrada","robots":{"index":"index","follow":"follow","max-snippet":"max-snippet:-1","max-image-preview":"max-image-preview:large","max-video-preview":"max-video-preview:-1"},"canonical":"https:\/\/agrupacionespsoe.es\/ponferrada\/el-psoe-critica-la-falta-de-transparencia-y-ocultismo\/","og_locale":"es_ES","og_type":"article","og_title":"El PSOE critica la falta de transparencia y ocultismo. - Agrupaci\u00f3n Socialista de Ponferrada","og_description":"\u201cel equipo del Sr. Morala gobierna con mala fe\u201d Pedro Fern\u00e1ndez ha criticado las actuaciones en materia de consultas p\u00fablicas que llevan a cabo este equipo de gobierno. En palabras del concejal del PSOE, \u201cel equipo de Morala gobierna con mala fe, en este caso no es desconocimiento, sino mala fe\u201d- ha recalcado. Pedro Fern\u00e1ndez ...","og_url":"https:\/\/agrupacionespsoe.es\/ponferrada\/el-psoe-critica-la-falta-de-transparencia-y-ocultismo\/","og_site_name":"Agrupaci\u00f3n Socialista de Ponferrada","article_published_time":"2024-04-19T09:17:03+00:00","article_modified_time":"2024-04-19T09:17:28+00:00","og_image":[{"width":581,"height":595,"url":"https:\/\/agrupacionespsoe.es\/ponferrada\/wp-content\/uploads\/sites\/36\/2024\/04\/WhatsApp-Image-2024-04-10-at-13.14.58.jpeg","type":"image\/jpeg"}],"author":"ponferrada2","twitter_card":"summary_large_image","twitter_misc":{"Escrito por":"ponferrada2","Tiempo de lectura":"3 minutos"},"schema":{"@context":"https:\/\/schema.org","@graph":[{"@type":"Article","@id":"https:\/\/agrupacionespsoe.es\/ponferrada\/el-psoe-critica-la-falta-de-transparencia-y-ocultismo\/#article","isPartOf":{"@id":"https:\/\/agrupacionespsoe.es\/ponferrada\/el-psoe-critica-la-falta-de-transparencia-y-ocultismo\/"},"author":{"name":"ponferrada2","@id":"https:\/\/agrupacionespsoe.es\/ponferrada\/#\/schema\/person\/cd29ee627f3b70c05d415f02596debaa"},"headline":"El PSOE critica la falta de transparencia y ocultismo.","datePublished":"2024-04-19T09:17:03+00:00","dateModified":"2024-04-19T09:17:28+00:00","mainEntityOfPage":{"@id":"https:\/\/agrupacionespsoe.es\/ponferrada\/el-psoe-critica-la-falta-de-transparencia-y-ocultismo\/"},"wordCount":514,"commentCount":0,"publisher":{"@id":"https:\/\/agrupacionespsoe.es\/ponferrada\/#organization"},"image":{"@id":"https:\/\/agrupacionespsoe.es\/ponferrada\/el-psoe-critica-la-falta-de-transparencia-y-ocultismo\/#primaryimage"},"thumbnailUrl":"https:\/\/agrupacionespsoe.es\/ponferrada\/wp-content\/uploads\/sites\/36\/2024\/04\/WhatsApp-Image-2024-04-10-at-13.14.58.jpeg","articleSection":["ACTUALIDAD"],"inLanguage":"es","potentialAction":[{"@type":"CommentAction","name":"Comment","target":["https:\/\/agrupacionespsoe.es\/ponferrada\/el-psoe-critica-la-falta-de-transparencia-y-ocultismo\/#respond"]}]},{"@type":"WebPage","@id":"https:\/\/agrupacionespsoe.es\/ponferrada\/el-psoe-critica-la-falta-de-transparencia-y-ocultismo\/","url":"https:\/\/agrupacionespsoe.es\/ponferrada\/el-psoe-critica-la-falta-de-transparencia-y-ocultismo\/","name":"El PSOE critica la falta de transparencia y ocultismo. - Agrupaci\u00f3n Socialista de Ponferrada","isPartOf":{"@id":"https:\/\/agrupacionespsoe.es\/ponferrada\/#website"},"primaryImageOfPage":{"@id":"https:\/\/agrupacionespsoe.es\/ponferrada\/el-psoe-critica-la-falta-de-transparencia-y-ocultismo\/#primaryimage"},"image":{"@id":"https:\/\/agrupacionespsoe.es\/ponferrada\/el-psoe-critica-la-falta-de-transparencia-y-ocultismo\/#primaryimage"},"thumbnailUrl":"https:\/\/agrupacionespsoe.es\/ponferrada\/wp-content\/uploads\/sites\/36\/2024\/04\/WhatsApp-Image-2024-04-10-at-13.14.58.jpeg","datePublished":"2024-04-19T09:17:03+00:00","dateModified":"2024-04-19T09:17:28+00:00","breadcrumb":{"@id":"https:\/\/agrupacionespsoe.es\/ponferrada\/el-psoe-critica-la-falta-de-transparencia-y-ocultismo\/#breadcrumb"},"inLanguage":"es","potentialAction":[{"@type":"ReadAction","target":["https:\/\/agrupacionespsoe.es\/ponferrada\/el-psoe-critica-la-falta-de-transparencia-y-ocultismo\/"]}]},{"@type":"ImageObject","inLanguage":"es","@id":"https:\/\/agrupacionespsoe.es\/ponferrada\/el-psoe-critica-la-falta-de-transparencia-y-ocultismo\/#primaryimage","url":"https:\/\/agrupacionespsoe.es\/ponferrada\/wp-content\/uploads\/sites\/36\/2024\/04\/WhatsApp-Image-2024-04-10-at-13.14.58.jpeg","contentUrl":"https:\/\/agrupacionespsoe.es\/ponferrada\/wp-content\/uploads\/sites\/36\/2024\/04\/WhatsApp-Image-2024-04-10-at-13.14.58.jpeg","width":581,"height":595},{"@type":"BreadcrumbList","@id":"https:\/\/agrupacionespsoe.es\/ponferrada\/el-psoe-critica-la-falta-de-transparencia-y-ocultismo\/#breadcrumb","itemListElement":[{"@type":"ListItem","position":1,"name":"Portada","item":"https:\/\/agrupacionespsoe.es\/ponferrada\/"},{"@type":"ListItem","position":2,"name":"El PSOE critica la falta de transparencia y ocultismo."}]},{"@type":"WebSite","@id":"https:\/\/agrupacionespsoe.es\/ponferrada\/#website","url":"https:\/\/agrupacionespsoe.es\/ponferrada\/","name":"Agrupaci\u00f3n Socialista de Ponferrada","description":"Agrupaci\u00f3n Socialista de Ponferrada","publisher":{"@id":"https:\/\/agrupacionespsoe.es\/ponferrada\/#organization"},"potentialAction":[{"@type":"SearchAction","target":{"@type":"EntryPoint","urlTemplate":"https:\/\/agrupacionespsoe.es\/ponferrada\/?s={search_term_string}"},"query-input":{"@type":"PropertyValueSpecification","valueRequired":true,"valueName":"search_term_string"}}],"inLanguage":"es"},{"@type":"Organization","@id":"https:\/\/agrupacionespsoe.es\/ponferrada\/#organization","name":"Agrupaci\u00f3n Socialista de Ponferrada","url":"https:\/\/agrupacionespsoe.es\/ponferrada\/","logo":{"@type":"ImageObject","inLanguage":"es","@id":"https:\/\/agrupacionespsoe.es\/ponferrada\/#\/schema\/logo\/image\/","url":"https:\/\/agrupacionespsoe.es\/wp-content\/uploads\/2022\/07\/Logotipo_electoral_del_PSOE.png","contentUrl":"https:\/\/agrupacionespsoe.es\/wp-content\/uploads\/2022\/07\/Logotipo_electoral_del_PSOE.png","width":422,"height":422,"caption":"Agrupaci\u00f3n Socialista de Ponferrada"},"image":{"@id":"https:\/\/agrupacionespsoe.es\/ponferrada\/#\/schema\/logo\/image\/"}},{"@type":"Person","@id":"https:\/\/agrupacionespsoe.es\/ponferrada\/#\/schema\/person\/cd29ee627f3b70c05d415f02596debaa","name":"ponferrada2","image":{"@type":"ImageObject","inLanguage":"es","@id":"https:\/\/agrupacionespsoe.es\/ponferrada\/#\/schema\/person\/image\/","url":"https:\/\/secure.gravatar.com\/avatar\/f499eeb60144c664cf7b7edf75549b50?s=96&d=mm&r=g","contentUrl":"https:\/\/secure.gravatar.com\/avatar\/f499eeb60144c664cf7b7edf75549b50?s=96&d=mm&r=g","caption":"ponferrada2"},"url":"https:\/\/agrupacionespsoe.es\/ponferrada\/author\/ponferrada2\/"}]}},"jetpack_featured_media_url":"https:\/\/agrupacionespsoe.es\/ponferrada\/wp-content\/uploads\/sites\/36\/2024\/04\/WhatsApp-Image-2024-04-10-at-13.14.58.jpeg","jetpack_sharing_enabled":true,"_links":{"self":[{"href":"https:\/\/agrupacionespsoe.es\/ponferrada\/wp-json\/wp\/v2\/posts\/476","targetHints":{"allow":["GET"]}}],"collection":[{"href":"https:\/\/agrupacionespsoe.es\/ponferrada\/wp-json\/wp\/v2\/posts"}],"about":[{"href":"https:\/\/agrupacionespsoe.es\/ponferrada\/wp-json\/wp\/v2\/types\/post"}],"author":[{"embeddable":true,"href":"https:\/\/agrupacionespsoe.es\/ponferrada\/wp-json\/wp\/v2\/users\/32"}],"replies":[{"embeddable":true,"href":"https:\/\/agrupacionespsoe.es\/ponferrada\/wp-json\/wp\/v2\/comments?post=476"}],"version-history":[{"count":1,"href":"https:\/\/agrupacionespsoe.es\/ponferrada\/wp-json\/wp\/v2\/posts\/476\/revisions"}],"predecessor-version":[{"id":477,"href":"https:\/\/agrupacionespsoe.es\/ponferrada\/wp-json\/wp\/v2\/posts\/476\/revisions\/477"}],"wp:featuredmedia":[{"embeddable":true,"href":"https:\/\/agrupacionespsoe.es\/ponferrada\/wp-json\/wp\/v2\/media\/458"}],"wp:attachment":[{"href":"https:\/\/agrupacionespsoe.es\/ponferrada\/wp-json\/wp\/v2\/media?parent=476"}],"wp:term":[{"taxonomy":"category","embeddable":true,"href":"https:\/\/agrupacionespsoe.es\/ponferrada\/wp-json\/wp\/v2\/categories?post=476"},{"taxonomy":"post_tag","embeddable":true,"href":"https:\/\/agrupacionespsoe.es\/ponferrada\/wp-json\/wp\/v2\/tags?post=476"}],"curies":[{"name":"wp","href":"https:\/\/api.w.org\/{rel}","templated":true}]}}