{"id":467,"date":"2024-04-16T08:46:14","date_gmt":"2024-04-16T08:46:14","guid":{"rendered":"https:\/\/agrupacionespsoe.es\/ponferrada\/?p=467"},"modified":"2024-04-16T08:46:15","modified_gmt":"2024-04-16T08:46:15","slug":"el-psoe-rebate-el-populismo-con-el-que-actua-el-equipo-de-morala","status":"publish","type":"post","link":"https:\/\/agrupacionespsoe.es\/ponferrada\/el-psoe-rebate-el-populismo-con-el-que-actua-el-equipo-de-morala\/","title":{"rendered":"El PSOE rebate el populismo con el que act\u00faa el equipo de Morala"},"content":{"rendered":"\n<p class=\"has-large-font-size\"><strong><strong>\u201cEmpieza a ser vergonzoso la improvisaci\u00f3n con la que gobierna el Sr. Morala<\/strong>\u201d<\/strong><\/p>\n\n\n\n<p>Ayer en un alarde de populismo el actual equipo de gobierno nos hac\u00eda varios anuncios que el grupo municipal socialista quiere analizar.<\/p>\n\n\n\n<p>Mabel Fern\u00e1ndez quiere primero explicar que \u201clas obras que ayer fueron a inaugurar en la calle Batalla de Ceri\u00f1ola y la Avenida del Ferrocarril, a pesar de que esta \u00faltima no est\u00e1 ni finalizada, son dos obras que incluy\u00f3 el equipo de Olegario Ram\u00f3n en el presupuesto de 2023 y que a pesar de que presuman que la han resuelto en 3 meses sino fuera porque el anterior equipo de gobierno lo dej\u00f3 iniciado y con el presupuesto consignado ayer no hubieran podido inaugurarlo. Esa en la verdadera herencia de la que no habla el actual equipo de gobierno\u201d.<\/p>\n\n\n\n<p>Mabel Fern\u00e1ndez se\u00f1ala que \u201cen un ejercicio de populismo pol\u00edtico, el actual equipo de gobierno anuncia un plan de asfaltado de remanentes cuando saben, o deber\u00edan saber, que los remanentes no se van a poder utilizar hasta pasados al menos 6 meses, y con el ritmo de trabajo de este equipo de gobierno, auguramos que ser\u00e1n m\u00e1s\u201d.<\/p>\n\n\n\n<p>Mabel contin\u00faa poniendo el foco en las declaraciones del Alcalde, \u201cya no es sorprendente sino empieza a ser vergonzoso que una vez empezada la obra de la Avda Asturias a su paso por Columbrianos y vistas las protestas de los vecinos se va a \u201cplantear\u201d apear o quitar uno de cada dos \u00e1rboles. Como dec\u00eda, resulta vergonzoso que inicien las obras y \u201creculen\u201d una semana despu\u00e9s de iniciadas las obras, es un ejemplo de la improvisaci\u00f3n y desconocimiento que rigen las actuaciones del equipo de Morala.<\/p>\n\n\n\n<p>Mabel indica que \u201cel Alcalde ha anunciado que han resuelto el problema que no exist\u00eda, el de la continuidad del servicio de autobuses, porque como se\u00f1al\u00f3 el grupo socialista el pliego actual ya contemplaba que el contrato del servicio de autobuses deb\u00eda continuar 6 meses m\u00e1s. Y ha aprovechado para colgarse la medalla de la creaci\u00f3n de una comisi\u00f3n para estudiar la mejor forma de prestaci\u00f3n de servicio cuando fue una petici\u00f3n del PSOE y su intenci\u00f3n, y as\u00ed lo llevaron a un Pleno, era la creaci\u00f3n de un nuevo contrato\u201d.<\/p>\n\n\n\n<p>Con respecto a este tema, Mabel se\u00f1ala que \u201cal PSOE nos encontraran en el trabajo porque tenemos vocaci\u00f3n de servicio y de gobierno y estamos dispuestos a trabajar por buscar la mejor opci\u00f3n posible para la prestaci\u00f3n de un servicio vital para la ciudadan\u00eda\u201d, pero aclara que \u201cel PSOE ya hizo su trabajo en la anterior legislatura y estamos convencidos que la gesti\u00f3n directa del servicio es la mejor opci\u00f3n para prestar el mejor servicio a los y las ponferradinas\u201d.<\/p>\n\n\n\n<p>Por \u00faltimo, Mabel le pide al equipo de Morala que \u201ces hora de empezar a trabajar y de tomar decisiones para empezar a resolver alg\u00fan problema de la ciudadan\u00eda\u201d.<\/p>\n\n\n\n<figure class=\"wp-block-image size-large\"><img loading=\"lazy\" decoding=\"async\" width=\"720\" height=\"1024\" src=\"https:\/\/agrupacionespsoe.es\/ponferrada\/wp-content\/uploads\/sites\/36\/2024\/04\/IMG_0877-720x1024.jpg\" alt=\"\" class=\"wp-image-468\" srcset=\"https:\/\/agrupacionespsoe.es\/ponferrada\/wp-content\/uploads\/sites\/36\/2024\/04\/IMG_0877-720x1024.jpg 720w, https:\/\/agrupacionespsoe.es\/ponferrada\/wp-content\/uploads\/sites\/36\/2024\/04\/IMG_0877-211x300.jpg 211w, https:\/\/agrupacionespsoe.es\/ponferrada\/wp-content\/uploads\/sites\/36\/2024\/04\/IMG_0877-768x1092.jpg 768w, https:\/\/agrupacionespsoe.es\/ponferrada\/wp-content\/uploads\/sites\/36\/2024\/04\/IMG_0877.jpg 797w\" sizes=\"auto, (max-width: 720px) 100vw, 720px\" \/><\/figure>\n","protected":false},"excerpt":{"rendered":"<p>\u201cEmpieza a ser vergonzoso la improvisaci\u00f3n con la que gobierna el Sr. Morala\u201d Ayer en un alarde de populismo el actual equipo de gobierno nos hac\u00eda varios anuncios que el grupo municipal socialista quiere analizar. Mabel Fern\u00e1ndez quiere primero explicar que \u201clas obras que ayer fueron a inaugurar en la calle Batalla de Ceri\u00f1ola y &#8230;<\/p>\n","protected":false},"author":32,"featured_media":468,"comment_status":"open","ping_status":"open","sticky":false,"template":"","format":"standard","meta":{"_jetpack_memberships_contains_paid_content":false,"footnotes":""},"categories":[6],"tags":[],"class_list":["post-467","post","type-post","status-publish","format-standard","has-post-thumbnail","hentry","category-actualidad"],"yoast_head":"<!-- This site is optimized with the Yoast SEO plugin v24.0 - https:\/\/yoast.com\/wordpress\/plugins\/seo\/ -->\n<title>El PSOE rebate el populismo con el que act\u00faa el equipo de Morala - Agrupaci\u00f3n Socialista de Ponferrada<\/title>\n<meta name=\"robots\" content=\"index, follow, max-snippet:-1, max-image-preview:large, max-video-preview:-1\" \/>\n<link rel=\"canonical\" href=\"https:\/\/agrupacionespsoe.es\/ponferrada\/el-psoe-rebate-el-populismo-con-el-que-actua-el-equipo-de-morala\/\" \/>\n<meta property=\"og:locale\" content=\"es_ES\" \/>\n<meta property=\"og:type\" content=\"article\" \/>\n<meta property=\"og:title\" content=\"El PSOE rebate el populismo con el que act\u00faa el equipo de Morala - Agrupaci\u00f3n Socialista de Ponferrada\" \/>\n<meta property=\"og:description\" content=\"\u201cEmpieza a ser vergonzoso la improvisaci\u00f3n con la que gobierna el Sr. Morala\u201d Ayer en un alarde de populismo el actual equipo de gobierno nos hac\u00eda varios anuncios que el grupo municipal socialista quiere analizar. Mabel Fern\u00e1ndez quiere primero explicar que \u201clas obras que ayer fueron a inaugurar en la calle Batalla de Ceri\u00f1ola y ...\" \/>\n<meta property=\"og:url\" content=\"https:\/\/agrupacionespsoe.es\/ponferrada\/el-psoe-rebate-el-populismo-con-el-que-actua-el-equipo-de-morala\/\" \/>\n<meta property=\"og:site_name\" content=\"Agrupaci\u00f3n Socialista de Ponferrada\" \/>\n<meta property=\"article:published_time\" content=\"2024-04-16T08:46:14+00:00\" \/>\n<meta property=\"article:modified_time\" content=\"2024-04-16T08:46:15+00:00\" \/>\n<meta property=\"og:image\" content=\"https:\/\/agrupacionespsoe.es\/ponferrada\/wp-content\/uploads\/sites\/36\/2024\/04\/IMG_0877.jpg\" \/>\n\t<meta property=\"og:image:width\" content=\"797\" \/>\n\t<meta property=\"og:image:height\" content=\"1133\" \/>\n\t<meta property=\"og:image:type\" content=\"image\/jpeg\" \/>\n<meta name=\"author\" content=\"ponferrada2\" \/>\n<meta name=\"twitter:card\" content=\"summary_large_image\" \/>\n<meta name=\"twitter:label1\" content=\"Escrito por\" \/>\n\t<meta name=\"twitter:data1\" content=\"ponferrada2\" \/>\n\t<meta name=\"twitter:label2\" content=\"Tiempo de lectura\" \/>\n\t<meta name=\"twitter:data2\" content=\"3 minutos\" \/>\n<script type=\"application\/ld+json\" class=\"yoast-schema-graph\">{\"@context\":\"https:\/\/schema.org\",\"@graph\":[{\"@type\":\"Article\",\"@id\":\"https:\/\/agrupacionespsoe.es\/ponferrada\/el-psoe-rebate-el-populismo-con-el-que-actua-el-equipo-de-morala\/#article\",\"isPartOf\":{\"@id\":\"https:\/\/agrupacionespsoe.es\/ponferrada\/el-psoe-rebate-el-populismo-con-el-que-actua-el-equipo-de-morala\/\"},\"author\":{\"name\":\"ponferrada2\",\"@id\":\"https:\/\/agrupacionespsoe.es\/ponferrada\/#\/schema\/person\/cd29ee627f3b70c05d415f02596debaa\"},\"headline\":\"El PSOE rebate el populismo con el que act\u00faa el equipo de Morala\",\"datePublished\":\"2024-04-16T08:46:14+00:00\",\"dateModified\":\"2024-04-16T08:46:15+00:00\",\"mainEntityOfPage\":{\"@id\":\"https:\/\/agrupacionespsoe.es\/ponferrada\/el-psoe-rebate-el-populismo-con-el-que-actua-el-equipo-de-morala\/\"},\"wordCount\":521,\"commentCount\":0,\"publisher\":{\"@id\":\"https:\/\/agrupacionespsoe.es\/ponferrada\/#organization\"},\"image\":{\"@id\":\"https:\/\/agrupacionespsoe.es\/ponferrada\/el-psoe-rebate-el-populismo-con-el-que-actua-el-equipo-de-morala\/#primaryimage\"},\"thumbnailUrl\":\"https:\/\/agrupacionespsoe.es\/ponferrada\/wp-content\/uploads\/sites\/36\/2024\/04\/IMG_0877.jpg\",\"articleSection\":[\"ACTUALIDAD\"],\"inLanguage\":\"es\",\"potentialAction\":[{\"@type\":\"CommentAction\",\"name\":\"Comment\",\"target\":[\"https:\/\/agrupacionespsoe.es\/ponferrada\/el-psoe-rebate-el-populismo-con-el-que-actua-el-equipo-de-morala\/#respond\"]}]},{\"@type\":\"WebPage\",\"@id\":\"https:\/\/agrupacionespsoe.es\/ponferrada\/el-psoe-rebate-el-populismo-con-el-que-actua-el-equipo-de-morala\/\",\"url\":\"https:\/\/agrupacionespsoe.es\/ponferrada\/el-psoe-rebate-el-populismo-con-el-que-actua-el-equipo-de-morala\/\",\"name\":\"El PSOE rebate el populismo con el que act\u00faa el equipo de Morala - Agrupaci\u00f3n Socialista de Ponferrada\",\"isPartOf\":{\"@id\":\"https:\/\/agrupacionespsoe.es\/ponferrada\/#website\"},\"primaryImageOfPage\":{\"@id\":\"https:\/\/agrupacionespsoe.es\/ponferrada\/el-psoe-rebate-el-populismo-con-el-que-actua-el-equipo-de-morala\/#primaryimage\"},\"image\":{\"@id\":\"https:\/\/agrupacionespsoe.es\/ponferrada\/el-psoe-rebate-el-populismo-con-el-que-actua-el-equipo-de-morala\/#primaryimage\"},\"thumbnailUrl\":\"https:\/\/agrupacionespsoe.es\/ponferrada\/wp-content\/uploads\/sites\/36\/2024\/04\/IMG_0877.jpg\",\"datePublished\":\"2024-04-16T08:46:14+00:00\",\"dateModified\":\"2024-04-16T08:46:15+00:00\",\"breadcrumb\":{\"@id\":\"https:\/\/agrupacionespsoe.es\/ponferrada\/el-psoe-rebate-el-populismo-con-el-que-actua-el-equipo-de-morala\/#breadcrumb\"},\"inLanguage\":\"es\",\"potentialAction\":[{\"@type\":\"ReadAction\",\"target\":[\"https:\/\/agrupacionespsoe.es\/ponferrada\/el-psoe-rebate-el-populismo-con-el-que-actua-el-equipo-de-morala\/\"]}]},{\"@type\":\"ImageObject\",\"inLanguage\":\"es\",\"@id\":\"https:\/\/agrupacionespsoe.es\/ponferrada\/el-psoe-rebate-el-populismo-con-el-que-actua-el-equipo-de-morala\/#primaryimage\",\"url\":\"https:\/\/agrupacionespsoe.es\/ponferrada\/wp-content\/uploads\/sites\/36\/2024\/04\/IMG_0877.jpg\",\"contentUrl\":\"https:\/\/agrupacionespsoe.es\/ponferrada\/wp-content\/uploads\/sites\/36\/2024\/04\/IMG_0877.jpg\",\"width\":797,\"height\":1133},{\"@type\":\"BreadcrumbList\",\"@id\":\"https:\/\/agrupacionespsoe.es\/ponferrada\/el-psoe-rebate-el-populismo-con-el-que-actua-el-equipo-de-morala\/#breadcrumb\",\"itemListElement\":[{\"@type\":\"ListItem\",\"position\":1,\"name\":\"Portada\",\"item\":\"https:\/\/agrupacionespsoe.es\/ponferrada\/\"},{\"@type\":\"ListItem\",\"position\":2,\"name\":\"El PSOE rebate el populismo con el que act\u00faa el equipo de Morala\"}]},{\"@type\":\"WebSite\",\"@id\":\"https:\/\/agrupacionespsoe.es\/ponferrada\/#website\",\"url\":\"https:\/\/agrupacionespsoe.es\/ponferrada\/\",\"name\":\"Agrupaci\u00f3n Socialista de Ponferrada\",\"description\":\"Agrupaci\u00f3n Socialista de Ponferrada\",\"publisher\":{\"@id\":\"https:\/\/agrupacionespsoe.es\/ponferrada\/#organization\"},\"potentialAction\":[{\"@type\":\"SearchAction\",\"target\":{\"@type\":\"EntryPoint\",\"urlTemplate\":\"https:\/\/agrupacionespsoe.es\/ponferrada\/?s={search_term_string}\"},\"query-input\":{\"@type\":\"PropertyValueSpecification\",\"valueRequired\":true,\"valueName\":\"search_term_string\"}}],\"inLanguage\":\"es\"},{\"@type\":\"Organization\",\"@id\":\"https:\/\/agrupacionespsoe.es\/ponferrada\/#organization\",\"name\":\"Agrupaci\u00f3n Socialista de Ponferrada\",\"url\":\"https:\/\/agrupacionespsoe.es\/ponferrada\/\",\"logo\":{\"@type\":\"ImageObject\",\"inLanguage\":\"es\",\"@id\":\"https:\/\/agrupacionespsoe.es\/ponferrada\/#\/schema\/logo\/image\/\",\"url\":\"https:\/\/agrupacionespsoe.es\/wp-content\/uploads\/2022\/07\/Logotipo_electoral_del_PSOE.png\",\"contentUrl\":\"https:\/\/agrupacionespsoe.es\/wp-content\/uploads\/2022\/07\/Logotipo_electoral_del_PSOE.png\",\"width\":422,\"height\":422,\"caption\":\"Agrupaci\u00f3n Socialista de Ponferrada\"},\"image\":{\"@id\":\"https:\/\/agrupacionespsoe.es\/ponferrada\/#\/schema\/logo\/image\/\"}},{\"@type\":\"Person\",\"@id\":\"https:\/\/agrupacionespsoe.es\/ponferrada\/#\/schema\/person\/cd29ee627f3b70c05d415f02596debaa\",\"name\":\"ponferrada2\",\"image\":{\"@type\":\"ImageObject\",\"inLanguage\":\"es\",\"@id\":\"https:\/\/agrupacionespsoe.es\/ponferrada\/#\/schema\/person\/image\/\",\"url\":\"https:\/\/secure.gravatar.com\/avatar\/f499eeb60144c664cf7b7edf75549b50?s=96&d=mm&r=g\",\"contentUrl\":\"https:\/\/secure.gravatar.com\/avatar\/f499eeb60144c664cf7b7edf75549b50?s=96&d=mm&r=g\",\"caption\":\"ponferrada2\"},\"url\":\"https:\/\/agrupacionespsoe.es\/ponferrada\/author\/ponferrada2\/\"}]}<\/script>\n<!-- \/ Yoast SEO plugin. -->","yoast_head_json":{"title":"El PSOE rebate el populismo con el que act\u00faa el equipo de Morala - Agrupaci\u00f3n Socialista de Ponferrada","robots":{"index":"index","follow":"follow","max-snippet":"max-snippet:-1","max-image-preview":"max-image-preview:large","max-video-preview":"max-video-preview:-1"},"canonical":"https:\/\/agrupacionespsoe.es\/ponferrada\/el-psoe-rebate-el-populismo-con-el-que-actua-el-equipo-de-morala\/","og_locale":"es_ES","og_type":"article","og_title":"El PSOE rebate el populismo con el que act\u00faa el equipo de Morala - Agrupaci\u00f3n Socialista de Ponferrada","og_description":"\u201cEmpieza a ser vergonzoso la improvisaci\u00f3n con la que gobierna el Sr. Morala\u201d Ayer en un alarde de populismo el actual equipo de gobierno nos hac\u00eda varios anuncios que el grupo municipal socialista quiere analizar. Mabel Fern\u00e1ndez quiere primero explicar que \u201clas obras que ayer fueron a inaugurar en la calle Batalla de Ceri\u00f1ola y ...","og_url":"https:\/\/agrupacionespsoe.es\/ponferrada\/el-psoe-rebate-el-populismo-con-el-que-actua-el-equipo-de-morala\/","og_site_name":"Agrupaci\u00f3n Socialista de Ponferrada","article_published_time":"2024-04-16T08:46:14+00:00","article_modified_time":"2024-04-16T08:46:15+00:00","og_image":[{"width":797,"height":1133,"url":"https:\/\/agrupacionespsoe.es\/ponferrada\/wp-content\/uploads\/sites\/36\/2024\/04\/IMG_0877.jpg","type":"image\/jpeg"}],"author":"ponferrada2","twitter_card":"summary_large_image","twitter_misc":{"Escrito por":"ponferrada2","Tiempo de lectura":"3 minutos"},"schema":{"@context":"https:\/\/schema.org","@graph":[{"@type":"Article","@id":"https:\/\/agrupacionespsoe.es\/ponferrada\/el-psoe-rebate-el-populismo-con-el-que-actua-el-equipo-de-morala\/#article","isPartOf":{"@id":"https:\/\/agrupacionespsoe.es\/ponferrada\/el-psoe-rebate-el-populismo-con-el-que-actua-el-equipo-de-morala\/"},"author":{"name":"ponferrada2","@id":"https:\/\/agrupacionespsoe.es\/ponferrada\/#\/schema\/person\/cd29ee627f3b70c05d415f02596debaa"},"headline":"El PSOE rebate el populismo con el que act\u00faa el equipo de Morala","datePublished":"2024-04-16T08:46:14+00:00","dateModified":"2024-04-16T08:46:15+00:00","mainEntityOfPage":{"@id":"https:\/\/agrupacionespsoe.es\/ponferrada\/el-psoe-rebate-el-populismo-con-el-que-actua-el-equipo-de-morala\/"},"wordCount":521,"commentCount":0,"publisher":{"@id":"https:\/\/agrupacionespsoe.es\/ponferrada\/#organization"},"image":{"@id":"https:\/\/agrupacionespsoe.es\/ponferrada\/el-psoe-rebate-el-populismo-con-el-que-actua-el-equipo-de-morala\/#primaryimage"},"thumbnailUrl":"https:\/\/agrupacionespsoe.es\/ponferrada\/wp-content\/uploads\/sites\/36\/2024\/04\/IMG_0877.jpg","articleSection":["ACTUALIDAD"],"inLanguage":"es","potentialAction":[{"@type":"CommentAction","name":"Comment","target":["https:\/\/agrupacionespsoe.es\/ponferrada\/el-psoe-rebate-el-populismo-con-el-que-actua-el-equipo-de-morala\/#respond"]}]},{"@type":"WebPage","@id":"https:\/\/agrupacionespsoe.es\/ponferrada\/el-psoe-rebate-el-populismo-con-el-que-actua-el-equipo-de-morala\/","url":"https:\/\/agrupacionespsoe.es\/ponferrada\/el-psoe-rebate-el-populismo-con-el-que-actua-el-equipo-de-morala\/","name":"El PSOE rebate el populismo con el que act\u00faa el equipo de Morala - Agrupaci\u00f3n Socialista de Ponferrada","isPartOf":{"@id":"https:\/\/agrupacionespsoe.es\/ponferrada\/#website"},"primaryImageOfPage":{"@id":"https:\/\/agrupacionespsoe.es\/ponferrada\/el-psoe-rebate-el-populismo-con-el-que-actua-el-equipo-de-morala\/#primaryimage"},"image":{"@id":"https:\/\/agrupacionespsoe.es\/ponferrada\/el-psoe-rebate-el-populismo-con-el-que-actua-el-equipo-de-morala\/#primaryimage"},"thumbnailUrl":"https:\/\/agrupacionespsoe.es\/ponferrada\/wp-content\/uploads\/sites\/36\/2024\/04\/IMG_0877.jpg","datePublished":"2024-04-16T08:46:14+00:00","dateModified":"2024-04-16T08:46:15+00:00","breadcrumb":{"@id":"https:\/\/agrupacionespsoe.es\/ponferrada\/el-psoe-rebate-el-populismo-con-el-que-actua-el-equipo-de-morala\/#breadcrumb"},"inLanguage":"es","potentialAction":[{"@type":"ReadAction","target":["https:\/\/agrupacionespsoe.es\/ponferrada\/el-psoe-rebate-el-populismo-con-el-que-actua-el-equipo-de-morala\/"]}]},{"@type":"ImageObject","inLanguage":"es","@id":"https:\/\/agrupacionespsoe.es\/ponferrada\/el-psoe-rebate-el-populismo-con-el-que-actua-el-equipo-de-morala\/#primaryimage","url":"https:\/\/agrupacionespsoe.es\/ponferrada\/wp-content\/uploads\/sites\/36\/2024\/04\/IMG_0877.jpg","contentUrl":"https:\/\/agrupacionespsoe.es\/ponferrada\/wp-content\/uploads\/sites\/36\/2024\/04\/IMG_0877.jpg","width":797,"height":1133},{"@type":"BreadcrumbList","@id":"https:\/\/agrupacionespsoe.es\/ponferrada\/el-psoe-rebate-el-populismo-con-el-que-actua-el-equipo-de-morala\/#breadcrumb","itemListElement":[{"@type":"ListItem","position":1,"name":"Portada","item":"https:\/\/agrupacionespsoe.es\/ponferrada\/"},{"@type":"ListItem","position":2,"name":"El PSOE rebate el populismo con el que act\u00faa el equipo de Morala"}]},{"@type":"WebSite","@id":"https:\/\/agrupacionespsoe.es\/ponferrada\/#website","url":"https:\/\/agrupacionespsoe.es\/ponferrada\/","name":"Agrupaci\u00f3n Socialista de Ponferrada","description":"Agrupaci\u00f3n Socialista de Ponferrada","publisher":{"@id":"https:\/\/agrupacionespsoe.es\/ponferrada\/#organization"},"potentialAction":[{"@type":"SearchAction","target":{"@type":"EntryPoint","urlTemplate":"https:\/\/agrupacionespsoe.es\/ponferrada\/?s={search_term_string}"},"query-input":{"@type":"PropertyValueSpecification","valueRequired":true,"valueName":"search_term_string"}}],"inLanguage":"es"},{"@type":"Organization","@id":"https:\/\/agrupacionespsoe.es\/ponferrada\/#organization","name":"Agrupaci\u00f3n Socialista de Ponferrada","url":"https:\/\/agrupacionespsoe.es\/ponferrada\/","logo":{"@type":"ImageObject","inLanguage":"es","@id":"https:\/\/agrupacionespsoe.es\/ponferrada\/#\/schema\/logo\/image\/","url":"https:\/\/agrupacionespsoe.es\/wp-content\/uploads\/2022\/07\/Logotipo_electoral_del_PSOE.png","contentUrl":"https:\/\/agrupacionespsoe.es\/wp-content\/uploads\/2022\/07\/Logotipo_electoral_del_PSOE.png","width":422,"height":422,"caption":"Agrupaci\u00f3n Socialista de Ponferrada"},"image":{"@id":"https:\/\/agrupacionespsoe.es\/ponferrada\/#\/schema\/logo\/image\/"}},{"@type":"Person","@id":"https:\/\/agrupacionespsoe.es\/ponferrada\/#\/schema\/person\/cd29ee627f3b70c05d415f02596debaa","name":"ponferrada2","image":{"@type":"ImageObject","inLanguage":"es","@id":"https:\/\/agrupacionespsoe.es\/ponferrada\/#\/schema\/person\/image\/","url":"https:\/\/secure.gravatar.com\/avatar\/f499eeb60144c664cf7b7edf75549b50?s=96&d=mm&r=g","contentUrl":"https:\/\/secure.gravatar.com\/avatar\/f499eeb60144c664cf7b7edf75549b50?s=96&d=mm&r=g","caption":"ponferrada2"},"url":"https:\/\/agrupacionespsoe.es\/ponferrada\/author\/ponferrada2\/"}]}},"jetpack_featured_media_url":"https:\/\/agrupacionespsoe.es\/ponferrada\/wp-content\/uploads\/sites\/36\/2024\/04\/IMG_0877.jpg","jetpack_sharing_enabled":true,"_links":{"self":[{"href":"https:\/\/agrupacionespsoe.es\/ponferrada\/wp-json\/wp\/v2\/posts\/467","targetHints":{"allow":["GET"]}}],"collection":[{"href":"https:\/\/agrupacionespsoe.es\/ponferrada\/wp-json\/wp\/v2\/posts"}],"about":[{"href":"https:\/\/agrupacionespsoe.es\/ponferrada\/wp-json\/wp\/v2\/types\/post"}],"author":[{"embeddable":true,"href":"https:\/\/agrupacionespsoe.es\/ponferrada\/wp-json\/wp\/v2\/users\/32"}],"replies":[{"embeddable":true,"href":"https:\/\/agrupacionespsoe.es\/ponferrada\/wp-json\/wp\/v2\/comments?post=467"}],"version-history":[{"count":1,"href":"https:\/\/agrupacionespsoe.es\/ponferrada\/wp-json\/wp\/v2\/posts\/467\/revisions"}],"predecessor-version":[{"id":469,"href":"https:\/\/agrupacionespsoe.es\/ponferrada\/wp-json\/wp\/v2\/posts\/467\/revisions\/469"}],"wp:featuredmedia":[{"embeddable":true,"href":"https:\/\/agrupacionespsoe.es\/ponferrada\/wp-json\/wp\/v2\/media\/468"}],"wp:attachment":[{"href":"https:\/\/agrupacionespsoe.es\/ponferrada\/wp-json\/wp\/v2\/media?parent=467"}],"wp:term":[{"taxonomy":"category","embeddable":true,"href":"https:\/\/agrupacionespsoe.es\/ponferrada\/wp-json\/wp\/v2\/categories?post=467"},{"taxonomy":"post_tag","embeddable":true,"href":"https:\/\/agrupacionespsoe.es\/ponferrada\/wp-json\/wp\/v2\/tags?post=467"}],"curies":[{"name":"wp","href":"https:\/\/api.w.org\/{rel}","templated":true}]}}