{"id":464,"date":"2024-04-12T10:09:30","date_gmt":"2024-04-12T10:09:30","guid":{"rendered":"https:\/\/agrupacionespsoe.es\/ponferrada\/?p=464"},"modified":"2024-04-12T10:09:31","modified_gmt":"2024-04-12T10:09:31","slug":"el-psoe-de-ponferrada-conmemora-el-dia-de-la-republica-con-un-homenaje-este-domingo-en-montearenas-a-la-que-invita-a-la-ciudadania","status":"publish","type":"post","link":"https:\/\/agrupacionespsoe.es\/ponferrada\/el-psoe-de-ponferrada-conmemora-el-dia-de-la-republica-con-un-homenaje-este-domingo-en-montearenas-a-la-que-invita-a-la-ciudadania\/","title":{"rendered":"El PSOE de Ponferrada conmemora el D\u00eda de la Rep\u00fablica con un homenaje este domingo en Montearenas a la que invita a la ciudadan\u00eda"},"content":{"rendered":"\n<p class=\"has-large-font-size\">Reivindicamos la necesidad de Memoria Democr\u00e1tica como la \u00fanica forma de cerrar heridas<\/p>\n\n\n\n<p>El PSOE de Ponferrada realiza un acto de conmemoraci\u00f3n del D\u00eda de la Rep\u00fablica el pr\u00f3ximo domingo.<\/p>\n\n\n\n<p>El acto se celebrar\u00e1 a partir de las 11.30h en Montearenas en las proximidades de la escultura de Estela del Condenado II.<\/p>\n\n\n\n<p>Un acto de homenaje a v\u00edctimas de la guerra y represaliados del franquismo en el que contaremos con la presencia de Nicanor Garc\u00eda Ordiz que leer\u00e1 un manifiesto y nos acompa\u00f1ar\u00e1 con su m\u00fasica Esther Lanz\u00f3n.<\/p>\n\n\n\n<p>Desde el PSOE de Ponferrada queremos invitar a la ciudadan\u00eda a que nos acompa\u00f1en en este sentido homenaje de memoria. Reivindicamos la necesidad de Memoria Democr\u00e1tica como la \u00fanica forma de cerrar heridas, de otorgar dignidad a todos los represaliados y a sus familias. Hay que reparar la injusticia que el silencio y la represi\u00f3n ha supuesto y es necesario difundir y divulgar la verdadera historia del franquismo, m\u00e1s en estos d\u00edas que la llamada Ley de Concordia que han propuesto el PP y VOX en la Junta de Castilla y Le\u00f3n oficializa el negacionismo, reescribe la historia, tratando incluso de eliminarla, equipara democracia y dictadura y es contraria a los derechos humanos.<\/p>\n\n\n\n<figure class=\"wp-block-image size-large\"><img loading=\"lazy\" decoding=\"async\" width=\"1024\" height=\"1024\" src=\"https:\/\/agrupacionespsoe.es\/ponferrada\/wp-content\/uploads\/sites\/36\/2024\/04\/WhatsApp-Image-2024-04-12-at-12.06.56-1024x1024.jpeg\" alt=\"\" class=\"wp-image-465\" srcset=\"https:\/\/agrupacionespsoe.es\/ponferrada\/wp-content\/uploads\/sites\/36\/2024\/04\/WhatsApp-Image-2024-04-12-at-12.06.56-1024x1024.jpeg 1024w, https:\/\/agrupacionespsoe.es\/ponferrada\/wp-content\/uploads\/sites\/36\/2024\/04\/WhatsApp-Image-2024-04-12-at-12.06.56-300x300.jpeg 300w, https:\/\/agrupacionespsoe.es\/ponferrada\/wp-content\/uploads\/sites\/36\/2024\/04\/WhatsApp-Image-2024-04-12-at-12.06.56-150x150.jpeg 150w, https:\/\/agrupacionespsoe.es\/ponferrada\/wp-content\/uploads\/sites\/36\/2024\/04\/WhatsApp-Image-2024-04-12-at-12.06.56-768x768.jpeg 768w, https:\/\/agrupacionespsoe.es\/ponferrada\/wp-content\/uploads\/sites\/36\/2024\/04\/WhatsApp-Image-2024-04-12-at-12.06.56.jpeg 1080w\" sizes=\"auto, (max-width: 1024px) 100vw, 1024px\" \/><\/figure>\n","protected":false},"excerpt":{"rendered":"<p>Reivindicamos la necesidad de Memoria Democr\u00e1tica como la \u00fanica forma de cerrar heridas El PSOE de Ponferrada realiza un acto de conmemoraci\u00f3n del D\u00eda de la Rep\u00fablica el pr\u00f3ximo domingo. El acto se celebrar\u00e1 a partir de las 11.30h en Montearenas en las proximidades de la escultura de Estela del Condenado II. Un acto de &#8230;<\/p>\n","protected":false},"author":32,"featured_media":465,"comment_status":"open","ping_status":"open","sticky":false,"template":"","format":"standard","meta":{"_jetpack_memberships_contains_paid_content":false,"footnotes":""},"categories":[6],"tags":[],"class_list":["post-464","post","type-post","status-publish","format-standard","has-post-thumbnail","hentry","category-actualidad"],"yoast_head":"<!-- This site is optimized with the Yoast SEO plugin v24.0 - https:\/\/yoast.com\/wordpress\/plugins\/seo\/ -->\n<title>El PSOE de Ponferrada conmemora el D\u00eda de la Rep\u00fablica con un homenaje este domingo en Montearenas a la que invita a la ciudadan\u00eda - Agrupaci\u00f3n Socialista de Ponferrada<\/title>\n<meta name=\"robots\" content=\"index, follow, max-snippet:-1, max-image-preview:large, max-video-preview:-1\" \/>\n<link rel=\"canonical\" href=\"https:\/\/agrupacionespsoe.es\/ponferrada\/el-psoe-de-ponferrada-conmemora-el-dia-de-la-republica-con-un-homenaje-este-domingo-en-montearenas-a-la-que-invita-a-la-ciudadania\/\" \/>\n<meta property=\"og:locale\" content=\"es_ES\" \/>\n<meta property=\"og:type\" content=\"article\" \/>\n<meta property=\"og:title\" content=\"El PSOE de Ponferrada conmemora el D\u00eda de la Rep\u00fablica con un homenaje este domingo en Montearenas a la que invita a la ciudadan\u00eda - Agrupaci\u00f3n Socialista de Ponferrada\" \/>\n<meta property=\"og:description\" content=\"Reivindicamos la necesidad de Memoria Democr\u00e1tica como la \u00fanica forma de cerrar heridas El PSOE de Ponferrada realiza un acto de conmemoraci\u00f3n del D\u00eda de la Rep\u00fablica el pr\u00f3ximo domingo. El acto se celebrar\u00e1 a partir de las 11.30h en Montearenas en las proximidades de la escultura de Estela del Condenado II. Un acto de ...\" \/>\n<meta property=\"og:url\" content=\"https:\/\/agrupacionespsoe.es\/ponferrada\/el-psoe-de-ponferrada-conmemora-el-dia-de-la-republica-con-un-homenaje-este-domingo-en-montearenas-a-la-que-invita-a-la-ciudadania\/\" \/>\n<meta property=\"og:site_name\" content=\"Agrupaci\u00f3n Socialista de Ponferrada\" \/>\n<meta property=\"article:published_time\" content=\"2024-04-12T10:09:30+00:00\" \/>\n<meta property=\"article:modified_time\" content=\"2024-04-12T10:09:31+00:00\" \/>\n<meta property=\"og:image\" content=\"https:\/\/agrupacionespsoe.es\/ponferrada\/wp-content\/uploads\/sites\/36\/2024\/04\/WhatsApp-Image-2024-04-12-at-12.06.56.jpeg\" \/>\n\t<meta property=\"og:image:width\" content=\"1080\" \/>\n\t<meta property=\"og:image:height\" content=\"1080\" \/>\n\t<meta property=\"og:image:type\" content=\"image\/jpeg\" \/>\n<meta name=\"author\" content=\"ponferrada2\" \/>\n<meta name=\"twitter:card\" content=\"summary_large_image\" \/>\n<meta name=\"twitter:label1\" content=\"Escrito por\" \/>\n\t<meta name=\"twitter:data1\" content=\"ponferrada2\" \/>\n\t<meta name=\"twitter:label2\" content=\"Tiempo de lectura\" \/>\n\t<meta name=\"twitter:data2\" content=\"2 minutos\" \/>\n<script type=\"application\/ld+json\" class=\"yoast-schema-graph\">{\"@context\":\"https:\/\/schema.org\",\"@graph\":[{\"@type\":\"Article\",\"@id\":\"https:\/\/agrupacionespsoe.es\/ponferrada\/el-psoe-de-ponferrada-conmemora-el-dia-de-la-republica-con-un-homenaje-este-domingo-en-montearenas-a-la-que-invita-a-la-ciudadania\/#article\",\"isPartOf\":{\"@id\":\"https:\/\/agrupacionespsoe.es\/ponferrada\/el-psoe-de-ponferrada-conmemora-el-dia-de-la-republica-con-un-homenaje-este-domingo-en-montearenas-a-la-que-invita-a-la-ciudadania\/\"},\"author\":{\"name\":\"ponferrada2\",\"@id\":\"https:\/\/agrupacionespsoe.es\/ponferrada\/#\/schema\/person\/cd29ee627f3b70c05d415f02596debaa\"},\"headline\":\"El PSOE de Ponferrada conmemora el D\u00eda de la Rep\u00fablica con un homenaje este domingo en Montearenas a la que invita a la ciudadan\u00eda\",\"datePublished\":\"2024-04-12T10:09:30+00:00\",\"dateModified\":\"2024-04-12T10:09:31+00:00\",\"mainEntityOfPage\":{\"@id\":\"https:\/\/agrupacionespsoe.es\/ponferrada\/el-psoe-de-ponferrada-conmemora-el-dia-de-la-republica-con-un-homenaje-este-domingo-en-montearenas-a-la-que-invita-a-la-ciudadania\/\"},\"wordCount\":245,\"commentCount\":0,\"publisher\":{\"@id\":\"https:\/\/agrupacionespsoe.es\/ponferrada\/#organization\"},\"image\":{\"@id\":\"https:\/\/agrupacionespsoe.es\/ponferrada\/el-psoe-de-ponferrada-conmemora-el-dia-de-la-republica-con-un-homenaje-este-domingo-en-montearenas-a-la-que-invita-a-la-ciudadania\/#primaryimage\"},\"thumbnailUrl\":\"https:\/\/agrupacionespsoe.es\/ponferrada\/wp-content\/uploads\/sites\/36\/2024\/04\/WhatsApp-Image-2024-04-12-at-12.06.56.jpeg\",\"articleSection\":[\"ACTUALIDAD\"],\"inLanguage\":\"es\",\"potentialAction\":[{\"@type\":\"CommentAction\",\"name\":\"Comment\",\"target\":[\"https:\/\/agrupacionespsoe.es\/ponferrada\/el-psoe-de-ponferrada-conmemora-el-dia-de-la-republica-con-un-homenaje-este-domingo-en-montearenas-a-la-que-invita-a-la-ciudadania\/#respond\"]}]},{\"@type\":\"WebPage\",\"@id\":\"https:\/\/agrupacionespsoe.es\/ponferrada\/el-psoe-de-ponferrada-conmemora-el-dia-de-la-republica-con-un-homenaje-este-domingo-en-montearenas-a-la-que-invita-a-la-ciudadania\/\",\"url\":\"https:\/\/agrupacionespsoe.es\/ponferrada\/el-psoe-de-ponferrada-conmemora-el-dia-de-la-republica-con-un-homenaje-este-domingo-en-montearenas-a-la-que-invita-a-la-ciudadania\/\",\"name\":\"El PSOE de Ponferrada conmemora el D\u00eda de la Rep\u00fablica con un homenaje este domingo en Montearenas a la que invita a la ciudadan\u00eda - Agrupaci\u00f3n Socialista de Ponferrada\",\"isPartOf\":{\"@id\":\"https:\/\/agrupacionespsoe.es\/ponferrada\/#website\"},\"primaryImageOfPage\":{\"@id\":\"https:\/\/agrupacionespsoe.es\/ponferrada\/el-psoe-de-ponferrada-conmemora-el-dia-de-la-republica-con-un-homenaje-este-domingo-en-montearenas-a-la-que-invita-a-la-ciudadania\/#primaryimage\"},\"image\":{\"@id\":\"https:\/\/agrupacionespsoe.es\/ponferrada\/el-psoe-de-ponferrada-conmemora-el-dia-de-la-republica-con-un-homenaje-este-domingo-en-montearenas-a-la-que-invita-a-la-ciudadania\/#primaryimage\"},\"thumbnailUrl\":\"https:\/\/agrupacionespsoe.es\/ponferrada\/wp-content\/uploads\/sites\/36\/2024\/04\/WhatsApp-Image-2024-04-12-at-12.06.56.jpeg\",\"datePublished\":\"2024-04-12T10:09:30+00:00\",\"dateModified\":\"2024-04-12T10:09:31+00:00\",\"breadcrumb\":{\"@id\":\"https:\/\/agrupacionespsoe.es\/ponferrada\/el-psoe-de-ponferrada-conmemora-el-dia-de-la-republica-con-un-homenaje-este-domingo-en-montearenas-a-la-que-invita-a-la-ciudadania\/#breadcrumb\"},\"inLanguage\":\"es\",\"potentialAction\":[{\"@type\":\"ReadAction\",\"target\":[\"https:\/\/agrupacionespsoe.es\/ponferrada\/el-psoe-de-ponferrada-conmemora-el-dia-de-la-republica-con-un-homenaje-este-domingo-en-montearenas-a-la-que-invita-a-la-ciudadania\/\"]}]},{\"@type\":\"ImageObject\",\"inLanguage\":\"es\",\"@id\":\"https:\/\/agrupacionespsoe.es\/ponferrada\/el-psoe-de-ponferrada-conmemora-el-dia-de-la-republica-con-un-homenaje-este-domingo-en-montearenas-a-la-que-invita-a-la-ciudadania\/#primaryimage\",\"url\":\"https:\/\/agrupacionespsoe.es\/ponferrada\/wp-content\/uploads\/sites\/36\/2024\/04\/WhatsApp-Image-2024-04-12-at-12.06.56.jpeg\",\"contentUrl\":\"https:\/\/agrupacionespsoe.es\/ponferrada\/wp-content\/uploads\/sites\/36\/2024\/04\/WhatsApp-Image-2024-04-12-at-12.06.56.jpeg\",\"width\":1080,\"height\":1080},{\"@type\":\"BreadcrumbList\",\"@id\":\"https:\/\/agrupacionespsoe.es\/ponferrada\/el-psoe-de-ponferrada-conmemora-el-dia-de-la-republica-con-un-homenaje-este-domingo-en-montearenas-a-la-que-invita-a-la-ciudadania\/#breadcrumb\",\"itemListElement\":[{\"@type\":\"ListItem\",\"position\":1,\"name\":\"Portada\",\"item\":\"https:\/\/agrupacionespsoe.es\/ponferrada\/\"},{\"@type\":\"ListItem\",\"position\":2,\"name\":\"El PSOE de Ponferrada conmemora el D\u00eda de la Rep\u00fablica con un homenaje este domingo en Montearenas a la que invita a la ciudadan\u00eda\"}]},{\"@type\":\"WebSite\",\"@id\":\"https:\/\/agrupacionespsoe.es\/ponferrada\/#website\",\"url\":\"https:\/\/agrupacionespsoe.es\/ponferrada\/\",\"name\":\"Agrupaci\u00f3n Socialista de Ponferrada\",\"description\":\"Agrupaci\u00f3n Socialista de Ponferrada\",\"publisher\":{\"@id\":\"https:\/\/agrupacionespsoe.es\/ponferrada\/#organization\"},\"potentialAction\":[{\"@type\":\"SearchAction\",\"target\":{\"@type\":\"EntryPoint\",\"urlTemplate\":\"https:\/\/agrupacionespsoe.es\/ponferrada\/?s={search_term_string}\"},\"query-input\":{\"@type\":\"PropertyValueSpecification\",\"valueRequired\":true,\"valueName\":\"search_term_string\"}}],\"inLanguage\":\"es\"},{\"@type\":\"Organization\",\"@id\":\"https:\/\/agrupacionespsoe.es\/ponferrada\/#organization\",\"name\":\"Agrupaci\u00f3n Socialista de Ponferrada\",\"url\":\"https:\/\/agrupacionespsoe.es\/ponferrada\/\",\"logo\":{\"@type\":\"ImageObject\",\"inLanguage\":\"es\",\"@id\":\"https:\/\/agrupacionespsoe.es\/ponferrada\/#\/schema\/logo\/image\/\",\"url\":\"https:\/\/agrupacionespsoe.es\/wp-content\/uploads\/2022\/07\/Logotipo_electoral_del_PSOE.png\",\"contentUrl\":\"https:\/\/agrupacionespsoe.es\/wp-content\/uploads\/2022\/07\/Logotipo_electoral_del_PSOE.png\",\"width\":422,\"height\":422,\"caption\":\"Agrupaci\u00f3n Socialista de Ponferrada\"},\"image\":{\"@id\":\"https:\/\/agrupacionespsoe.es\/ponferrada\/#\/schema\/logo\/image\/\"}},{\"@type\":\"Person\",\"@id\":\"https:\/\/agrupacionespsoe.es\/ponferrada\/#\/schema\/person\/cd29ee627f3b70c05d415f02596debaa\",\"name\":\"ponferrada2\",\"image\":{\"@type\":\"ImageObject\",\"inLanguage\":\"es\",\"@id\":\"https:\/\/agrupacionespsoe.es\/ponferrada\/#\/schema\/person\/image\/\",\"url\":\"https:\/\/secure.gravatar.com\/avatar\/f499eeb60144c664cf7b7edf75549b50?s=96&d=mm&r=g\",\"contentUrl\":\"https:\/\/secure.gravatar.com\/avatar\/f499eeb60144c664cf7b7edf75549b50?s=96&d=mm&r=g\",\"caption\":\"ponferrada2\"},\"url\":\"https:\/\/agrupacionespsoe.es\/ponferrada\/author\/ponferrada2\/\"}]}<\/script>\n<!-- \/ Yoast SEO plugin. -->","yoast_head_json":{"title":"El PSOE de Ponferrada conmemora el D\u00eda de la Rep\u00fablica con un homenaje este domingo en Montearenas a la que invita a la ciudadan\u00eda - Agrupaci\u00f3n Socialista de Ponferrada","robots":{"index":"index","follow":"follow","max-snippet":"max-snippet:-1","max-image-preview":"max-image-preview:large","max-video-preview":"max-video-preview:-1"},"canonical":"https:\/\/agrupacionespsoe.es\/ponferrada\/el-psoe-de-ponferrada-conmemora-el-dia-de-la-republica-con-un-homenaje-este-domingo-en-montearenas-a-la-que-invita-a-la-ciudadania\/","og_locale":"es_ES","og_type":"article","og_title":"El PSOE de Ponferrada conmemora el D\u00eda de la Rep\u00fablica con un homenaje este domingo en Montearenas a la que invita a la ciudadan\u00eda - Agrupaci\u00f3n Socialista de Ponferrada","og_description":"Reivindicamos la necesidad de Memoria Democr\u00e1tica como la \u00fanica forma de cerrar heridas El PSOE de Ponferrada realiza un acto de conmemoraci\u00f3n del D\u00eda de la Rep\u00fablica el pr\u00f3ximo domingo. El acto se celebrar\u00e1 a partir de las 11.30h en Montearenas en las proximidades de la escultura de Estela del Condenado II. Un acto de ...","og_url":"https:\/\/agrupacionespsoe.es\/ponferrada\/el-psoe-de-ponferrada-conmemora-el-dia-de-la-republica-con-un-homenaje-este-domingo-en-montearenas-a-la-que-invita-a-la-ciudadania\/","og_site_name":"Agrupaci\u00f3n Socialista de Ponferrada","article_published_time":"2024-04-12T10:09:30+00:00","article_modified_time":"2024-04-12T10:09:31+00:00","og_image":[{"width":1080,"height":1080,"url":"https:\/\/agrupacionespsoe.es\/ponferrada\/wp-content\/uploads\/sites\/36\/2024\/04\/WhatsApp-Image-2024-04-12-at-12.06.56.jpeg","type":"image\/jpeg"}],"author":"ponferrada2","twitter_card":"summary_large_image","twitter_misc":{"Escrito por":"ponferrada2","Tiempo de lectura":"2 minutos"},"schema":{"@context":"https:\/\/schema.org","@graph":[{"@type":"Article","@id":"https:\/\/agrupacionespsoe.es\/ponferrada\/el-psoe-de-ponferrada-conmemora-el-dia-de-la-republica-con-un-homenaje-este-domingo-en-montearenas-a-la-que-invita-a-la-ciudadania\/#article","isPartOf":{"@id":"https:\/\/agrupacionespsoe.es\/ponferrada\/el-psoe-de-ponferrada-conmemora-el-dia-de-la-republica-con-un-homenaje-este-domingo-en-montearenas-a-la-que-invita-a-la-ciudadania\/"},"author":{"name":"ponferrada2","@id":"https:\/\/agrupacionespsoe.es\/ponferrada\/#\/schema\/person\/cd29ee627f3b70c05d415f02596debaa"},"headline":"El PSOE de Ponferrada conmemora el D\u00eda de la Rep\u00fablica con un homenaje este domingo en Montearenas a la que invita a la ciudadan\u00eda","datePublished":"2024-04-12T10:09:30+00:00","dateModified":"2024-04-12T10:09:31+00:00","mainEntityOfPage":{"@id":"https:\/\/agrupacionespsoe.es\/ponferrada\/el-psoe-de-ponferrada-conmemora-el-dia-de-la-republica-con-un-homenaje-este-domingo-en-montearenas-a-la-que-invita-a-la-ciudadania\/"},"wordCount":245,"commentCount":0,"publisher":{"@id":"https:\/\/agrupacionespsoe.es\/ponferrada\/#organization"},"image":{"@id":"https:\/\/agrupacionespsoe.es\/ponferrada\/el-psoe-de-ponferrada-conmemora-el-dia-de-la-republica-con-un-homenaje-este-domingo-en-montearenas-a-la-que-invita-a-la-ciudadania\/#primaryimage"},"thumbnailUrl":"https:\/\/agrupacionespsoe.es\/ponferrada\/wp-content\/uploads\/sites\/36\/2024\/04\/WhatsApp-Image-2024-04-12-at-12.06.56.jpeg","articleSection":["ACTUALIDAD"],"inLanguage":"es","potentialAction":[{"@type":"CommentAction","name":"Comment","target":["https:\/\/agrupacionespsoe.es\/ponferrada\/el-psoe-de-ponferrada-conmemora-el-dia-de-la-republica-con-un-homenaje-este-domingo-en-montearenas-a-la-que-invita-a-la-ciudadania\/#respond"]}]},{"@type":"WebPage","@id":"https:\/\/agrupacionespsoe.es\/ponferrada\/el-psoe-de-ponferrada-conmemora-el-dia-de-la-republica-con-un-homenaje-este-domingo-en-montearenas-a-la-que-invita-a-la-ciudadania\/","url":"https:\/\/agrupacionespsoe.es\/ponferrada\/el-psoe-de-ponferrada-conmemora-el-dia-de-la-republica-con-un-homenaje-este-domingo-en-montearenas-a-la-que-invita-a-la-ciudadania\/","name":"El PSOE de Ponferrada conmemora el D\u00eda de la Rep\u00fablica con un homenaje este domingo en Montearenas a la que invita a la ciudadan\u00eda - Agrupaci\u00f3n Socialista de Ponferrada","isPartOf":{"@id":"https:\/\/agrupacionespsoe.es\/ponferrada\/#website"},"primaryImageOfPage":{"@id":"https:\/\/agrupacionespsoe.es\/ponferrada\/el-psoe-de-ponferrada-conmemora-el-dia-de-la-republica-con-un-homenaje-este-domingo-en-montearenas-a-la-que-invita-a-la-ciudadania\/#primaryimage"},"image":{"@id":"https:\/\/agrupacionespsoe.es\/ponferrada\/el-psoe-de-ponferrada-conmemora-el-dia-de-la-republica-con-un-homenaje-este-domingo-en-montearenas-a-la-que-invita-a-la-ciudadania\/#primaryimage"},"thumbnailUrl":"https:\/\/agrupacionespsoe.es\/ponferrada\/wp-content\/uploads\/sites\/36\/2024\/04\/WhatsApp-Image-2024-04-12-at-12.06.56.jpeg","datePublished":"2024-04-12T10:09:30+00:00","dateModified":"2024-04-12T10:09:31+00:00","breadcrumb":{"@id":"https:\/\/agrupacionespsoe.es\/ponferrada\/el-psoe-de-ponferrada-conmemora-el-dia-de-la-republica-con-un-homenaje-este-domingo-en-montearenas-a-la-que-invita-a-la-ciudadania\/#breadcrumb"},"inLanguage":"es","potentialAction":[{"@type":"ReadAction","target":["https:\/\/agrupacionespsoe.es\/ponferrada\/el-psoe-de-ponferrada-conmemora-el-dia-de-la-republica-con-un-homenaje-este-domingo-en-montearenas-a-la-que-invita-a-la-ciudadania\/"]}]},{"@type":"ImageObject","inLanguage":"es","@id":"https:\/\/agrupacionespsoe.es\/ponferrada\/el-psoe-de-ponferrada-conmemora-el-dia-de-la-republica-con-un-homenaje-este-domingo-en-montearenas-a-la-que-invita-a-la-ciudadania\/#primaryimage","url":"https:\/\/agrupacionespsoe.es\/ponferrada\/wp-content\/uploads\/sites\/36\/2024\/04\/WhatsApp-Image-2024-04-12-at-12.06.56.jpeg","contentUrl":"https:\/\/agrupacionespsoe.es\/ponferrada\/wp-content\/uploads\/sites\/36\/2024\/04\/WhatsApp-Image-2024-04-12-at-12.06.56.jpeg","width":1080,"height":1080},{"@type":"BreadcrumbList","@id":"https:\/\/agrupacionespsoe.es\/ponferrada\/el-psoe-de-ponferrada-conmemora-el-dia-de-la-republica-con-un-homenaje-este-domingo-en-montearenas-a-la-que-invita-a-la-ciudadania\/#breadcrumb","itemListElement":[{"@type":"ListItem","position":1,"name":"Portada","item":"https:\/\/agrupacionespsoe.es\/ponferrada\/"},{"@type":"ListItem","position":2,"name":"El PSOE de Ponferrada conmemora el D\u00eda de la Rep\u00fablica con un homenaje este domingo en Montearenas a la que invita a la ciudadan\u00eda"}]},{"@type":"WebSite","@id":"https:\/\/agrupacionespsoe.es\/ponferrada\/#website","url":"https:\/\/agrupacionespsoe.es\/ponferrada\/","name":"Agrupaci\u00f3n Socialista de Ponferrada","description":"Agrupaci\u00f3n Socialista de Ponferrada","publisher":{"@id":"https:\/\/agrupacionespsoe.es\/ponferrada\/#organization"},"potentialAction":[{"@type":"SearchAction","target":{"@type":"EntryPoint","urlTemplate":"https:\/\/agrupacionespsoe.es\/ponferrada\/?s={search_term_string}"},"query-input":{"@type":"PropertyValueSpecification","valueRequired":true,"valueName":"search_term_string"}}],"inLanguage":"es"},{"@type":"Organization","@id":"https:\/\/agrupacionespsoe.es\/ponferrada\/#organization","name":"Agrupaci\u00f3n Socialista de Ponferrada","url":"https:\/\/agrupacionespsoe.es\/ponferrada\/","logo":{"@type":"ImageObject","inLanguage":"es","@id":"https:\/\/agrupacionespsoe.es\/ponferrada\/#\/schema\/logo\/image\/","url":"https:\/\/agrupacionespsoe.es\/wp-content\/uploads\/2022\/07\/Logotipo_electoral_del_PSOE.png","contentUrl":"https:\/\/agrupacionespsoe.es\/wp-content\/uploads\/2022\/07\/Logotipo_electoral_del_PSOE.png","width":422,"height":422,"caption":"Agrupaci\u00f3n Socialista de Ponferrada"},"image":{"@id":"https:\/\/agrupacionespsoe.es\/ponferrada\/#\/schema\/logo\/image\/"}},{"@type":"Person","@id":"https:\/\/agrupacionespsoe.es\/ponferrada\/#\/schema\/person\/cd29ee627f3b70c05d415f02596debaa","name":"ponferrada2","image":{"@type":"ImageObject","inLanguage":"es","@id":"https:\/\/agrupacionespsoe.es\/ponferrada\/#\/schema\/person\/image\/","url":"https:\/\/secure.gravatar.com\/avatar\/f499eeb60144c664cf7b7edf75549b50?s=96&d=mm&r=g","contentUrl":"https:\/\/secure.gravatar.com\/avatar\/f499eeb60144c664cf7b7edf75549b50?s=96&d=mm&r=g","caption":"ponferrada2"},"url":"https:\/\/agrupacionespsoe.es\/ponferrada\/author\/ponferrada2\/"}]}},"jetpack_featured_media_url":"https:\/\/agrupacionespsoe.es\/ponferrada\/wp-content\/uploads\/sites\/36\/2024\/04\/WhatsApp-Image-2024-04-12-at-12.06.56.jpeg","jetpack_sharing_enabled":true,"_links":{"self":[{"href":"https:\/\/agrupacionespsoe.es\/ponferrada\/wp-json\/wp\/v2\/posts\/464","targetHints":{"allow":["GET"]}}],"collection":[{"href":"https:\/\/agrupacionespsoe.es\/ponferrada\/wp-json\/wp\/v2\/posts"}],"about":[{"href":"https:\/\/agrupacionespsoe.es\/ponferrada\/wp-json\/wp\/v2\/types\/post"}],"author":[{"embeddable":true,"href":"https:\/\/agrupacionespsoe.es\/ponferrada\/wp-json\/wp\/v2\/users\/32"}],"replies":[{"embeddable":true,"href":"https:\/\/agrupacionespsoe.es\/ponferrada\/wp-json\/wp\/v2\/comments?post=464"}],"version-history":[{"count":1,"href":"https:\/\/agrupacionespsoe.es\/ponferrada\/wp-json\/wp\/v2\/posts\/464\/revisions"}],"predecessor-version":[{"id":466,"href":"https:\/\/agrupacionespsoe.es\/ponferrada\/wp-json\/wp\/v2\/posts\/464\/revisions\/466"}],"wp:featuredmedia":[{"embeddable":true,"href":"https:\/\/agrupacionespsoe.es\/ponferrada\/wp-json\/wp\/v2\/media\/465"}],"wp:attachment":[{"href":"https:\/\/agrupacionespsoe.es\/ponferrada\/wp-json\/wp\/v2\/media?parent=464"}],"wp:term":[{"taxonomy":"category","embeddable":true,"href":"https:\/\/agrupacionespsoe.es\/ponferrada\/wp-json\/wp\/v2\/categories?post=464"},{"taxonomy":"post_tag","embeddable":true,"href":"https:\/\/agrupacionespsoe.es\/ponferrada\/wp-json\/wp\/v2\/tags?post=464"}],"curies":[{"name":"wp","href":"https:\/\/api.w.org\/{rel}","templated":true}]}}