{"id":461,"date":"2024-04-12T10:07:14","date_gmt":"2024-04-12T10:07:14","guid":{"rendered":"https:\/\/agrupacionespsoe.es\/ponferrada\/?p=461"},"modified":"2024-04-12T10:07:16","modified_gmt":"2024-04-12T10:07:16","slug":"el-psoe-muestra-su-contundente-rechazo-a-la-agresion-de-olegario-ramon","status":"publish","type":"post","link":"https:\/\/agrupacionespsoe.es\/ponferrada\/el-psoe-muestra-su-contundente-rechazo-a-la-agresion-de-olegario-ramon\/","title":{"rendered":"El PSOE muestra su contundente rechazo a la agresi\u00f3n de Olegario Ram\u00f3n"},"content":{"rendered":"\n<p class=\"has-large-font-size\"><strong>\u201cqueremos mostrar nuestro agradecimiento a las muestras de cari\u00f1o y solidaridad\u201d<\/strong><\/p>\n\n\n\n<p>El PSOE de Ponferrada quiere mostrar su contundente rechazo a la agresi\u00f3n de ayer de nuestro Secretario General y Portavoz del GMS, Olegario Ram\u00f3n.<\/p>\n\n\n\n<p>La portavoz de la comisi\u00f3n ejecutiva del PSOE de Ponferrada, Mabel Fern\u00e1ndez ha querido mostrar la repulsa y la condena a la agresi\u00f3n sufrida ayer.<\/p>\n\n\n\n<p>Mabel Fern\u00e1ndez se\u00f1ala que ya son muchos meses en los que la vecindad del barrio sufre las concentraciones que realiza la ultraderecha enfrente a nuestra sede, que se producen desde finales de octubre. Han sido constantes y diarios los insultos, los gritos y los pitidos a nuestra militancia y a nuestros cargos p\u00fablicos. Aunque ya son poco numerosas las personas que se concentran, apenas una decena, la vecindad lleva meses quej\u00e1ndose por las molestias ocasionadas.<\/p>\n\n\n\n<p>Mabel Fern\u00e1ndez tambi\u00e9n ha querido agradecer las muestras de solidaridad y cari\u00f1o que en estas \u00faltimas horas hemos recibido y se une a las voces que han reclamado que cesen los discursos de odio, las palabras gruesas y los insultos que se dan en los diferentes parlamentos y que tienen su traslado a la sociedad civil. Y un ejemplo es la pol\u00edtica que se desarrolla en las Cortes de Castilla y Le\u00f3n o la mal llamada Ley de Concordia que promulgan PP y VOX. Es imperioso que la pol\u00edtica rebaje el tono y llame a la calma porque ayer fue una agresi\u00f3n pero si la polarizaci\u00f3n si sigue produciendo nos tememos que estos actos repulsivos van a ir a m\u00e1s.<\/p>\n\n\n\n<p>Finaliza se\u00f1alando que al PSOE nos encontraran en el di\u00e1logo y en la reconciliaci\u00f3n y en la condena rotunda sin excusas ni ambages y reiteramos nuestro llamamiento a la calma, a la serenidad y a la convivencia.<\/p>\n\n\n\n<figure class=\"wp-block-image size-large\"><img loading=\"lazy\" decoding=\"async\" width=\"1024\" height=\"768\" src=\"https:\/\/agrupacionespsoe.es\/ponferrada\/wp-content\/uploads\/sites\/36\/2024\/04\/WhatsApp-Image-2024-04-12-at-12.06.05-1024x768.jpeg\" alt=\"\" class=\"wp-image-462\" srcset=\"https:\/\/agrupacionespsoe.es\/ponferrada\/wp-content\/uploads\/sites\/36\/2024\/04\/WhatsApp-Image-2024-04-12-at-12.06.05-1024x768.jpeg 1024w, https:\/\/agrupacionespsoe.es\/ponferrada\/wp-content\/uploads\/sites\/36\/2024\/04\/WhatsApp-Image-2024-04-12-at-12.06.05-300x225.jpeg 300w, https:\/\/agrupacionespsoe.es\/ponferrada\/wp-content\/uploads\/sites\/36\/2024\/04\/WhatsApp-Image-2024-04-12-at-12.06.05-768x576.jpeg 768w, https:\/\/agrupacionespsoe.es\/ponferrada\/wp-content\/uploads\/sites\/36\/2024\/04\/WhatsApp-Image-2024-04-12-at-12.06.05-1536x1152.jpeg 1536w, https:\/\/agrupacionespsoe.es\/ponferrada\/wp-content\/uploads\/sites\/36\/2024\/04\/WhatsApp-Image-2024-04-12-at-12.06.05.jpeg 2000w\" sizes=\"auto, (max-width: 1024px) 100vw, 1024px\" \/><\/figure>\n","protected":false},"excerpt":{"rendered":"<p>\u201cqueremos mostrar nuestro agradecimiento a las muestras de cari\u00f1o y solidaridad\u201d El PSOE de Ponferrada quiere mostrar su contundente rechazo a la agresi\u00f3n de ayer de nuestro Secretario General y Portavoz del GMS, Olegario Ram\u00f3n. La portavoz de la comisi\u00f3n ejecutiva del PSOE de Ponferrada, Mabel Fern\u00e1ndez ha querido mostrar la repulsa y la condena &#8230;<\/p>\n","protected":false},"author":32,"featured_media":462,"comment_status":"open","ping_status":"open","sticky":false,"template":"","format":"standard","meta":{"_jetpack_memberships_contains_paid_content":false,"footnotes":""},"categories":[6],"tags":[],"class_list":["post-461","post","type-post","status-publish","format-standard","has-post-thumbnail","hentry","category-actualidad"],"yoast_head":"<!-- This site is optimized with the Yoast SEO plugin v24.0 - https:\/\/yoast.com\/wordpress\/plugins\/seo\/ -->\n<title>El PSOE muestra su contundente rechazo a la agresi\u00f3n de Olegario Ram\u00f3n - Agrupaci\u00f3n Socialista de Ponferrada<\/title>\n<meta name=\"robots\" content=\"index, follow, max-snippet:-1, max-image-preview:large, max-video-preview:-1\" \/>\n<link rel=\"canonical\" href=\"https:\/\/agrupacionespsoe.es\/ponferrada\/el-psoe-muestra-su-contundente-rechazo-a-la-agresion-de-olegario-ramon\/\" \/>\n<meta property=\"og:locale\" content=\"es_ES\" \/>\n<meta property=\"og:type\" content=\"article\" \/>\n<meta property=\"og:title\" content=\"El PSOE muestra su contundente rechazo a la agresi\u00f3n de Olegario Ram\u00f3n - Agrupaci\u00f3n Socialista de Ponferrada\" \/>\n<meta property=\"og:description\" content=\"\u201cqueremos mostrar nuestro agradecimiento a las muestras de cari\u00f1o y solidaridad\u201d El PSOE de Ponferrada quiere mostrar su contundente rechazo a la agresi\u00f3n de ayer de nuestro Secretario General y Portavoz del GMS, Olegario Ram\u00f3n. La portavoz de la comisi\u00f3n ejecutiva del PSOE de Ponferrada, Mabel Fern\u00e1ndez ha querido mostrar la repulsa y la condena ...\" \/>\n<meta property=\"og:url\" content=\"https:\/\/agrupacionespsoe.es\/ponferrada\/el-psoe-muestra-su-contundente-rechazo-a-la-agresion-de-olegario-ramon\/\" \/>\n<meta property=\"og:site_name\" content=\"Agrupaci\u00f3n Socialista de Ponferrada\" \/>\n<meta property=\"article:published_time\" content=\"2024-04-12T10:07:14+00:00\" \/>\n<meta property=\"article:modified_time\" content=\"2024-04-12T10:07:16+00:00\" \/>\n<meta property=\"og:image\" content=\"https:\/\/agrupacionespsoe.es\/ponferrada\/wp-content\/uploads\/sites\/36\/2024\/04\/WhatsApp-Image-2024-04-12-at-12.06.05.jpeg\" \/>\n\t<meta property=\"og:image:width\" content=\"2000\" \/>\n\t<meta property=\"og:image:height\" content=\"1500\" \/>\n\t<meta property=\"og:image:type\" content=\"image\/jpeg\" \/>\n<meta name=\"author\" content=\"ponferrada2\" \/>\n<meta name=\"twitter:card\" content=\"summary_large_image\" \/>\n<meta name=\"twitter:label1\" content=\"Escrito por\" \/>\n\t<meta name=\"twitter:data1\" content=\"ponferrada2\" \/>\n\t<meta name=\"twitter:label2\" content=\"Tiempo de lectura\" \/>\n\t<meta name=\"twitter:data2\" content=\"2 minutos\" \/>\n<script type=\"application\/ld+json\" class=\"yoast-schema-graph\">{\"@context\":\"https:\/\/schema.org\",\"@graph\":[{\"@type\":\"Article\",\"@id\":\"https:\/\/agrupacionespsoe.es\/ponferrada\/el-psoe-muestra-su-contundente-rechazo-a-la-agresion-de-olegario-ramon\/#article\",\"isPartOf\":{\"@id\":\"https:\/\/agrupacionespsoe.es\/ponferrada\/el-psoe-muestra-su-contundente-rechazo-a-la-agresion-de-olegario-ramon\/\"},\"author\":{\"name\":\"ponferrada2\",\"@id\":\"https:\/\/agrupacionespsoe.es\/ponferrada\/#\/schema\/person\/cd29ee627f3b70c05d415f02596debaa\"},\"headline\":\"El PSOE muestra su contundente rechazo a la agresi\u00f3n de Olegario Ram\u00f3n\",\"datePublished\":\"2024-04-12T10:07:14+00:00\",\"dateModified\":\"2024-04-12T10:07:16+00:00\",\"mainEntityOfPage\":{\"@id\":\"https:\/\/agrupacionespsoe.es\/ponferrada\/el-psoe-muestra-su-contundente-rechazo-a-la-agresion-de-olegario-ramon\/\"},\"wordCount\":328,\"commentCount\":0,\"publisher\":{\"@id\":\"https:\/\/agrupacionespsoe.es\/ponferrada\/#organization\"},\"image\":{\"@id\":\"https:\/\/agrupacionespsoe.es\/ponferrada\/el-psoe-muestra-su-contundente-rechazo-a-la-agresion-de-olegario-ramon\/#primaryimage\"},\"thumbnailUrl\":\"https:\/\/agrupacionespsoe.es\/ponferrada\/wp-content\/uploads\/sites\/36\/2024\/04\/WhatsApp-Image-2024-04-12-at-12.06.05.jpeg\",\"articleSection\":[\"ACTUALIDAD\"],\"inLanguage\":\"es\",\"potentialAction\":[{\"@type\":\"CommentAction\",\"name\":\"Comment\",\"target\":[\"https:\/\/agrupacionespsoe.es\/ponferrada\/el-psoe-muestra-su-contundente-rechazo-a-la-agresion-de-olegario-ramon\/#respond\"]}]},{\"@type\":\"WebPage\",\"@id\":\"https:\/\/agrupacionespsoe.es\/ponferrada\/el-psoe-muestra-su-contundente-rechazo-a-la-agresion-de-olegario-ramon\/\",\"url\":\"https:\/\/agrupacionespsoe.es\/ponferrada\/el-psoe-muestra-su-contundente-rechazo-a-la-agresion-de-olegario-ramon\/\",\"name\":\"El PSOE muestra su contundente rechazo a la agresi\u00f3n de Olegario Ram\u00f3n - Agrupaci\u00f3n Socialista de Ponferrada\",\"isPartOf\":{\"@id\":\"https:\/\/agrupacionespsoe.es\/ponferrada\/#website\"},\"primaryImageOfPage\":{\"@id\":\"https:\/\/agrupacionespsoe.es\/ponferrada\/el-psoe-muestra-su-contundente-rechazo-a-la-agresion-de-olegario-ramon\/#primaryimage\"},\"image\":{\"@id\":\"https:\/\/agrupacionespsoe.es\/ponferrada\/el-psoe-muestra-su-contundente-rechazo-a-la-agresion-de-olegario-ramon\/#primaryimage\"},\"thumbnailUrl\":\"https:\/\/agrupacionespsoe.es\/ponferrada\/wp-content\/uploads\/sites\/36\/2024\/04\/WhatsApp-Image-2024-04-12-at-12.06.05.jpeg\",\"datePublished\":\"2024-04-12T10:07:14+00:00\",\"dateModified\":\"2024-04-12T10:07:16+00:00\",\"breadcrumb\":{\"@id\":\"https:\/\/agrupacionespsoe.es\/ponferrada\/el-psoe-muestra-su-contundente-rechazo-a-la-agresion-de-olegario-ramon\/#breadcrumb\"},\"inLanguage\":\"es\",\"potentialAction\":[{\"@type\":\"ReadAction\",\"target\":[\"https:\/\/agrupacionespsoe.es\/ponferrada\/el-psoe-muestra-su-contundente-rechazo-a-la-agresion-de-olegario-ramon\/\"]}]},{\"@type\":\"ImageObject\",\"inLanguage\":\"es\",\"@id\":\"https:\/\/agrupacionespsoe.es\/ponferrada\/el-psoe-muestra-su-contundente-rechazo-a-la-agresion-de-olegario-ramon\/#primaryimage\",\"url\":\"https:\/\/agrupacionespsoe.es\/ponferrada\/wp-content\/uploads\/sites\/36\/2024\/04\/WhatsApp-Image-2024-04-12-at-12.06.05.jpeg\",\"contentUrl\":\"https:\/\/agrupacionespsoe.es\/ponferrada\/wp-content\/uploads\/sites\/36\/2024\/04\/WhatsApp-Image-2024-04-12-at-12.06.05.jpeg\",\"width\":2000,\"height\":1500},{\"@type\":\"BreadcrumbList\",\"@id\":\"https:\/\/agrupacionespsoe.es\/ponferrada\/el-psoe-muestra-su-contundente-rechazo-a-la-agresion-de-olegario-ramon\/#breadcrumb\",\"itemListElement\":[{\"@type\":\"ListItem\",\"position\":1,\"name\":\"Portada\",\"item\":\"https:\/\/agrupacionespsoe.es\/ponferrada\/\"},{\"@type\":\"ListItem\",\"position\":2,\"name\":\"El PSOE muestra su contundente rechazo a la agresi\u00f3n de Olegario Ram\u00f3n\"}]},{\"@type\":\"WebSite\",\"@id\":\"https:\/\/agrupacionespsoe.es\/ponferrada\/#website\",\"url\":\"https:\/\/agrupacionespsoe.es\/ponferrada\/\",\"name\":\"Agrupaci\u00f3n Socialista de Ponferrada\",\"description\":\"Agrupaci\u00f3n Socialista de Ponferrada\",\"publisher\":{\"@id\":\"https:\/\/agrupacionespsoe.es\/ponferrada\/#organization\"},\"potentialAction\":[{\"@type\":\"SearchAction\",\"target\":{\"@type\":\"EntryPoint\",\"urlTemplate\":\"https:\/\/agrupacionespsoe.es\/ponferrada\/?s={search_term_string}\"},\"query-input\":{\"@type\":\"PropertyValueSpecification\",\"valueRequired\":true,\"valueName\":\"search_term_string\"}}],\"inLanguage\":\"es\"},{\"@type\":\"Organization\",\"@id\":\"https:\/\/agrupacionespsoe.es\/ponferrada\/#organization\",\"name\":\"Agrupaci\u00f3n Socialista de Ponferrada\",\"url\":\"https:\/\/agrupacionespsoe.es\/ponferrada\/\",\"logo\":{\"@type\":\"ImageObject\",\"inLanguage\":\"es\",\"@id\":\"https:\/\/agrupacionespsoe.es\/ponferrada\/#\/schema\/logo\/image\/\",\"url\":\"https:\/\/agrupacionespsoe.es\/wp-content\/uploads\/2022\/07\/Logotipo_electoral_del_PSOE.png\",\"contentUrl\":\"https:\/\/agrupacionespsoe.es\/wp-content\/uploads\/2022\/07\/Logotipo_electoral_del_PSOE.png\",\"width\":422,\"height\":422,\"caption\":\"Agrupaci\u00f3n Socialista de Ponferrada\"},\"image\":{\"@id\":\"https:\/\/agrupacionespsoe.es\/ponferrada\/#\/schema\/logo\/image\/\"}},{\"@type\":\"Person\",\"@id\":\"https:\/\/agrupacionespsoe.es\/ponferrada\/#\/schema\/person\/cd29ee627f3b70c05d415f02596debaa\",\"name\":\"ponferrada2\",\"image\":{\"@type\":\"ImageObject\",\"inLanguage\":\"es\",\"@id\":\"https:\/\/agrupacionespsoe.es\/ponferrada\/#\/schema\/person\/image\/\",\"url\":\"https:\/\/secure.gravatar.com\/avatar\/f499eeb60144c664cf7b7edf75549b50?s=96&d=mm&r=g\",\"contentUrl\":\"https:\/\/secure.gravatar.com\/avatar\/f499eeb60144c664cf7b7edf75549b50?s=96&d=mm&r=g\",\"caption\":\"ponferrada2\"},\"url\":\"https:\/\/agrupacionespsoe.es\/ponferrada\/author\/ponferrada2\/\"}]}<\/script>\n<!-- \/ Yoast SEO plugin. -->","yoast_head_json":{"title":"El PSOE muestra su contundente rechazo a la agresi\u00f3n de Olegario Ram\u00f3n - Agrupaci\u00f3n Socialista de Ponferrada","robots":{"index":"index","follow":"follow","max-snippet":"max-snippet:-1","max-image-preview":"max-image-preview:large","max-video-preview":"max-video-preview:-1"},"canonical":"https:\/\/agrupacionespsoe.es\/ponferrada\/el-psoe-muestra-su-contundente-rechazo-a-la-agresion-de-olegario-ramon\/","og_locale":"es_ES","og_type":"article","og_title":"El PSOE muestra su contundente rechazo a la agresi\u00f3n de Olegario Ram\u00f3n - Agrupaci\u00f3n Socialista de Ponferrada","og_description":"\u201cqueremos mostrar nuestro agradecimiento a las muestras de cari\u00f1o y solidaridad\u201d El PSOE de Ponferrada quiere mostrar su contundente rechazo a la agresi\u00f3n de ayer de nuestro Secretario General y Portavoz del GMS, Olegario Ram\u00f3n. La portavoz de la comisi\u00f3n ejecutiva del PSOE de Ponferrada, Mabel Fern\u00e1ndez ha querido mostrar la repulsa y la condena ...","og_url":"https:\/\/agrupacionespsoe.es\/ponferrada\/el-psoe-muestra-su-contundente-rechazo-a-la-agresion-de-olegario-ramon\/","og_site_name":"Agrupaci\u00f3n Socialista de Ponferrada","article_published_time":"2024-04-12T10:07:14+00:00","article_modified_time":"2024-04-12T10:07:16+00:00","og_image":[{"width":2000,"height":1500,"url":"https:\/\/agrupacionespsoe.es\/ponferrada\/wp-content\/uploads\/sites\/36\/2024\/04\/WhatsApp-Image-2024-04-12-at-12.06.05.jpeg","type":"image\/jpeg"}],"author":"ponferrada2","twitter_card":"summary_large_image","twitter_misc":{"Escrito por":"ponferrada2","Tiempo de lectura":"2 minutos"},"schema":{"@context":"https:\/\/schema.org","@graph":[{"@type":"Article","@id":"https:\/\/agrupacionespsoe.es\/ponferrada\/el-psoe-muestra-su-contundente-rechazo-a-la-agresion-de-olegario-ramon\/#article","isPartOf":{"@id":"https:\/\/agrupacionespsoe.es\/ponferrada\/el-psoe-muestra-su-contundente-rechazo-a-la-agresion-de-olegario-ramon\/"},"author":{"name":"ponferrada2","@id":"https:\/\/agrupacionespsoe.es\/ponferrada\/#\/schema\/person\/cd29ee627f3b70c05d415f02596debaa"},"headline":"El PSOE muestra su contundente rechazo a la agresi\u00f3n de Olegario Ram\u00f3n","datePublished":"2024-04-12T10:07:14+00:00","dateModified":"2024-04-12T10:07:16+00:00","mainEntityOfPage":{"@id":"https:\/\/agrupacionespsoe.es\/ponferrada\/el-psoe-muestra-su-contundente-rechazo-a-la-agresion-de-olegario-ramon\/"},"wordCount":328,"commentCount":0,"publisher":{"@id":"https:\/\/agrupacionespsoe.es\/ponferrada\/#organization"},"image":{"@id":"https:\/\/agrupacionespsoe.es\/ponferrada\/el-psoe-muestra-su-contundente-rechazo-a-la-agresion-de-olegario-ramon\/#primaryimage"},"thumbnailUrl":"https:\/\/agrupacionespsoe.es\/ponferrada\/wp-content\/uploads\/sites\/36\/2024\/04\/WhatsApp-Image-2024-04-12-at-12.06.05.jpeg","articleSection":["ACTUALIDAD"],"inLanguage":"es","potentialAction":[{"@type":"CommentAction","name":"Comment","target":["https:\/\/agrupacionespsoe.es\/ponferrada\/el-psoe-muestra-su-contundente-rechazo-a-la-agresion-de-olegario-ramon\/#respond"]}]},{"@type":"WebPage","@id":"https:\/\/agrupacionespsoe.es\/ponferrada\/el-psoe-muestra-su-contundente-rechazo-a-la-agresion-de-olegario-ramon\/","url":"https:\/\/agrupacionespsoe.es\/ponferrada\/el-psoe-muestra-su-contundente-rechazo-a-la-agresion-de-olegario-ramon\/","name":"El PSOE muestra su contundente rechazo a la agresi\u00f3n de Olegario Ram\u00f3n - Agrupaci\u00f3n Socialista de Ponferrada","isPartOf":{"@id":"https:\/\/agrupacionespsoe.es\/ponferrada\/#website"},"primaryImageOfPage":{"@id":"https:\/\/agrupacionespsoe.es\/ponferrada\/el-psoe-muestra-su-contundente-rechazo-a-la-agresion-de-olegario-ramon\/#primaryimage"},"image":{"@id":"https:\/\/agrupacionespsoe.es\/ponferrada\/el-psoe-muestra-su-contundente-rechazo-a-la-agresion-de-olegario-ramon\/#primaryimage"},"thumbnailUrl":"https:\/\/agrupacionespsoe.es\/ponferrada\/wp-content\/uploads\/sites\/36\/2024\/04\/WhatsApp-Image-2024-04-12-at-12.06.05.jpeg","datePublished":"2024-04-12T10:07:14+00:00","dateModified":"2024-04-12T10:07:16+00:00","breadcrumb":{"@id":"https:\/\/agrupacionespsoe.es\/ponferrada\/el-psoe-muestra-su-contundente-rechazo-a-la-agresion-de-olegario-ramon\/#breadcrumb"},"inLanguage":"es","potentialAction":[{"@type":"ReadAction","target":["https:\/\/agrupacionespsoe.es\/ponferrada\/el-psoe-muestra-su-contundente-rechazo-a-la-agresion-de-olegario-ramon\/"]}]},{"@type":"ImageObject","inLanguage":"es","@id":"https:\/\/agrupacionespsoe.es\/ponferrada\/el-psoe-muestra-su-contundente-rechazo-a-la-agresion-de-olegario-ramon\/#primaryimage","url":"https:\/\/agrupacionespsoe.es\/ponferrada\/wp-content\/uploads\/sites\/36\/2024\/04\/WhatsApp-Image-2024-04-12-at-12.06.05.jpeg","contentUrl":"https:\/\/agrupacionespsoe.es\/ponferrada\/wp-content\/uploads\/sites\/36\/2024\/04\/WhatsApp-Image-2024-04-12-at-12.06.05.jpeg","width":2000,"height":1500},{"@type":"BreadcrumbList","@id":"https:\/\/agrupacionespsoe.es\/ponferrada\/el-psoe-muestra-su-contundente-rechazo-a-la-agresion-de-olegario-ramon\/#breadcrumb","itemListElement":[{"@type":"ListItem","position":1,"name":"Portada","item":"https:\/\/agrupacionespsoe.es\/ponferrada\/"},{"@type":"ListItem","position":2,"name":"El PSOE muestra su contundente rechazo a la agresi\u00f3n de Olegario Ram\u00f3n"}]},{"@type":"WebSite","@id":"https:\/\/agrupacionespsoe.es\/ponferrada\/#website","url":"https:\/\/agrupacionespsoe.es\/ponferrada\/","name":"Agrupaci\u00f3n Socialista de Ponferrada","description":"Agrupaci\u00f3n Socialista de Ponferrada","publisher":{"@id":"https:\/\/agrupacionespsoe.es\/ponferrada\/#organization"},"potentialAction":[{"@type":"SearchAction","target":{"@type":"EntryPoint","urlTemplate":"https:\/\/agrupacionespsoe.es\/ponferrada\/?s={search_term_string}"},"query-input":{"@type":"PropertyValueSpecification","valueRequired":true,"valueName":"search_term_string"}}],"inLanguage":"es"},{"@type":"Organization","@id":"https:\/\/agrupacionespsoe.es\/ponferrada\/#organization","name":"Agrupaci\u00f3n Socialista de Ponferrada","url":"https:\/\/agrupacionespsoe.es\/ponferrada\/","logo":{"@type":"ImageObject","inLanguage":"es","@id":"https:\/\/agrupacionespsoe.es\/ponferrada\/#\/schema\/logo\/image\/","url":"https:\/\/agrupacionespsoe.es\/wp-content\/uploads\/2022\/07\/Logotipo_electoral_del_PSOE.png","contentUrl":"https:\/\/agrupacionespsoe.es\/wp-content\/uploads\/2022\/07\/Logotipo_electoral_del_PSOE.png","width":422,"height":422,"caption":"Agrupaci\u00f3n Socialista de Ponferrada"},"image":{"@id":"https:\/\/agrupacionespsoe.es\/ponferrada\/#\/schema\/logo\/image\/"}},{"@type":"Person","@id":"https:\/\/agrupacionespsoe.es\/ponferrada\/#\/schema\/person\/cd29ee627f3b70c05d415f02596debaa","name":"ponferrada2","image":{"@type":"ImageObject","inLanguage":"es","@id":"https:\/\/agrupacionespsoe.es\/ponferrada\/#\/schema\/person\/image\/","url":"https:\/\/secure.gravatar.com\/avatar\/f499eeb60144c664cf7b7edf75549b50?s=96&d=mm&r=g","contentUrl":"https:\/\/secure.gravatar.com\/avatar\/f499eeb60144c664cf7b7edf75549b50?s=96&d=mm&r=g","caption":"ponferrada2"},"url":"https:\/\/agrupacionespsoe.es\/ponferrada\/author\/ponferrada2\/"}]}},"jetpack_featured_media_url":"https:\/\/agrupacionespsoe.es\/ponferrada\/wp-content\/uploads\/sites\/36\/2024\/04\/WhatsApp-Image-2024-04-12-at-12.06.05.jpeg","jetpack_sharing_enabled":true,"_links":{"self":[{"href":"https:\/\/agrupacionespsoe.es\/ponferrada\/wp-json\/wp\/v2\/posts\/461","targetHints":{"allow":["GET"]}}],"collection":[{"href":"https:\/\/agrupacionespsoe.es\/ponferrada\/wp-json\/wp\/v2\/posts"}],"about":[{"href":"https:\/\/agrupacionespsoe.es\/ponferrada\/wp-json\/wp\/v2\/types\/post"}],"author":[{"embeddable":true,"href":"https:\/\/agrupacionespsoe.es\/ponferrada\/wp-json\/wp\/v2\/users\/32"}],"replies":[{"embeddable":true,"href":"https:\/\/agrupacionespsoe.es\/ponferrada\/wp-json\/wp\/v2\/comments?post=461"}],"version-history":[{"count":1,"href":"https:\/\/agrupacionespsoe.es\/ponferrada\/wp-json\/wp\/v2\/posts\/461\/revisions"}],"predecessor-version":[{"id":463,"href":"https:\/\/agrupacionespsoe.es\/ponferrada\/wp-json\/wp\/v2\/posts\/461\/revisions\/463"}],"wp:featuredmedia":[{"embeddable":true,"href":"https:\/\/agrupacionespsoe.es\/ponferrada\/wp-json\/wp\/v2\/media\/462"}],"wp:attachment":[{"href":"https:\/\/agrupacionespsoe.es\/ponferrada\/wp-json\/wp\/v2\/media?parent=461"}],"wp:term":[{"taxonomy":"category","embeddable":true,"href":"https:\/\/agrupacionespsoe.es\/ponferrada\/wp-json\/wp\/v2\/categories?post=461"},{"taxonomy":"post_tag","embeddable":true,"href":"https:\/\/agrupacionespsoe.es\/ponferrada\/wp-json\/wp\/v2\/tags?post=461"}],"curies":[{"name":"wp","href":"https:\/\/api.w.org\/{rel}","templated":true}]}}