{"id":456,"date":"2024-04-10T11:17:56","date_gmt":"2024-04-10T11:17:56","guid":{"rendered":"https:\/\/agrupacionespsoe.es\/ponferrada\/?p=456"},"modified":"2024-04-10T11:20:30","modified_gmt":"2024-04-10T11:20:30","slug":"el-gms-echa-de-menos-que-pp-y-cb-se-preocupen-por-el-problema-real-de-la-vivienda","status":"publish","type":"post","link":"https:\/\/agrupacionespsoe.es\/ponferrada\/el-gms-echa-de-menos-que-pp-y-cb-se-preocupen-por-el-problema-real-de-la-vivienda\/","title":{"rendered":"El GMS echa de menos que PP y CB se preocupen por el problema real de la vivienda"},"content":{"rendered":"\n<p class=\"has-large-font-size\">La Junta presume con \u201cp\u00f3lvora ajena\u201d en las actuaciones en materia de vivienda<\/p>\n\n\n\n<p>Ayer se present\u00f3 el informe del Ministerio de Vivienda y Agenda Urbana (MIVAU) sobre la financiaci\u00f3n de las viviendas sociales que est\u00e1n previstas en Castilla y Le\u00f3n, de las 120 viviendas que se van a construir en Le\u00f3n 20 se realizar\u00e1n en Ponferrada.<\/p>\n\n\n\n<p>Pedro Fern\u00e1ndez Robles, ha querido recordar que se trata de viviendas destinadas al alquiler joven que se construir\u00edan en una parcela en la C\/ Andr\u00e9s Viloria. Contin\u00faa se\u00f1alando que la parcela fue cedida por el gobierno de Olegario Ram\u00f3n en diciembre de 2022, la Junta sac\u00f3 a licitaci\u00f3n en agosto del a\u00f1o pasado y desde entonces no sabemos nada m\u00e1s: ni hay fecha de inicio de las obras ni han anunciado la adjudicaci\u00f3n.<\/p>\n\n\n\n<p>El concejal del PSOE a\u00f1ade que esta es otra de las actuaciones que la Junta de Castilla y Le\u00f3n &nbsp;vende a bombo y platillo se trata de una financiaci\u00f3n que proviene de la Uni\u00f3n Europea, no es la \u00fanica vez que disparan con p\u00f3lvora ajena y se atribuyen la actuaci\u00f3n, lo mismo ocurre con el entorno residencial de rehabilitaci\u00f3n programada (ERRP) de La Puebla.<\/p>\n\n\n\n<p>Finalizan criticando que el actual equipo de gobierno no ha acabado ni una sola de las actuaciones en materia de vivienda p\u00fablica que inici\u00f3 el mandato de Olegario Ram\u00f3n, ni las viviendas de Navaliegos, ni las del viejo poblado del MOPU, y recuerda que si no hubiera sido por el acuerdo con el PSOE para los presupuestos, tampoco hubieran destinado ni un euro en vivienda social en este a\u00f1o. &nbsp;Echamos de menos que el actual equipo de gobierno se preocupen por el problema real de la vivienda.<\/p>\n\n\n\n<p>Desde el PSOE \u00a0estamos preocupados por la falta de diligencia con la que act\u00faa el PP y CB en el ayuntamiento con los asuntos que de verdad importan y preocupan a la ciudadan\u00eda, que est\u00e1n abandonando a muchas familias que viven en infraviviendas o de aquellas familias o parejas que se han tenido que trasladar a poblaciones cercanas a Ponferrada al no encontrar viviendas asequibles.<\/p>\n\n\n\n<figure class=\"wp-block-gallery has-nested-images columns-default is-cropped wp-block-gallery-1 is-layout-flex wp-block-gallery-is-layout-flex\">\n<figure class=\"wp-block-image size-full\"><img loading=\"lazy\" decoding=\"async\" width=\"581\" height=\"595\" data-id=\"458\" src=\"https:\/\/agrupacionespsoe.es\/ponferrada\/wp-content\/uploads\/sites\/36\/2024\/04\/WhatsApp-Image-2024-04-10-at-13.14.58.jpeg\" alt=\"\" class=\"wp-image-458\" srcset=\"https:\/\/agrupacionespsoe.es\/ponferrada\/wp-content\/uploads\/sites\/36\/2024\/04\/WhatsApp-Image-2024-04-10-at-13.14.58.jpeg 581w, https:\/\/agrupacionespsoe.es\/ponferrada\/wp-content\/uploads\/sites\/36\/2024\/04\/WhatsApp-Image-2024-04-10-at-13.14.58-293x300.jpeg 293w\" sizes=\"auto, (max-width: 581px) 100vw, 581px\" \/><\/figure>\n<\/figure>\n","protected":false},"excerpt":{"rendered":"<p>La Junta presume con \u201cp\u00f3lvora ajena\u201d en las actuaciones en materia de vivienda Ayer se present\u00f3 el informe del Ministerio de Vivienda y Agenda Urbana (MIVAU) sobre la financiaci\u00f3n de las viviendas sociales que est\u00e1n previstas en Castilla y Le\u00f3n, de las 120 viviendas que se van a construir en Le\u00f3n 20 se realizar\u00e1n en &#8230;<\/p>\n","protected":false},"author":32,"featured_media":458,"comment_status":"open","ping_status":"open","sticky":false,"template":"","format":"standard","meta":{"_jetpack_memberships_contains_paid_content":false,"footnotes":""},"categories":[6],"tags":[],"class_list":["post-456","post","type-post","status-publish","format-standard","has-post-thumbnail","hentry","category-actualidad"],"yoast_head":"<!-- This site is optimized with the Yoast SEO plugin v24.0 - https:\/\/yoast.com\/wordpress\/plugins\/seo\/ -->\n<title>El GMS echa de menos que PP y CB se preocupen por el problema real de la vivienda - Agrupaci\u00f3n Socialista de Ponferrada<\/title>\n<meta name=\"robots\" content=\"index, follow, max-snippet:-1, max-image-preview:large, max-video-preview:-1\" \/>\n<link rel=\"canonical\" href=\"https:\/\/agrupacionespsoe.es\/ponferrada\/el-gms-echa-de-menos-que-pp-y-cb-se-preocupen-por-el-problema-real-de-la-vivienda\/\" \/>\n<meta property=\"og:locale\" content=\"es_ES\" \/>\n<meta property=\"og:type\" content=\"article\" \/>\n<meta property=\"og:title\" content=\"El GMS echa de menos que PP y CB se preocupen por el problema real de la vivienda - Agrupaci\u00f3n Socialista de Ponferrada\" \/>\n<meta property=\"og:description\" content=\"La Junta presume con \u201cp\u00f3lvora ajena\u201d en las actuaciones en materia de vivienda Ayer se present\u00f3 el informe del Ministerio de Vivienda y Agenda Urbana (MIVAU) sobre la financiaci\u00f3n de las viviendas sociales que est\u00e1n previstas en Castilla y Le\u00f3n, de las 120 viviendas que se van a construir en Le\u00f3n 20 se realizar\u00e1n en ...\" \/>\n<meta property=\"og:url\" content=\"https:\/\/agrupacionespsoe.es\/ponferrada\/el-gms-echa-de-menos-que-pp-y-cb-se-preocupen-por-el-problema-real-de-la-vivienda\/\" \/>\n<meta property=\"og:site_name\" content=\"Agrupaci\u00f3n Socialista de Ponferrada\" \/>\n<meta property=\"article:published_time\" content=\"2024-04-10T11:17:56+00:00\" \/>\n<meta property=\"article:modified_time\" content=\"2024-04-10T11:20:30+00:00\" \/>\n<meta property=\"og:image\" content=\"https:\/\/agrupacionespsoe.es\/ponferrada\/wp-content\/uploads\/sites\/36\/2024\/04\/WhatsApp-Image-2024-04-10-at-13.14.58.jpeg\" \/>\n\t<meta property=\"og:image:width\" content=\"581\" \/>\n\t<meta property=\"og:image:height\" content=\"595\" \/>\n\t<meta property=\"og:image:type\" content=\"image\/jpeg\" \/>\n<meta name=\"author\" content=\"ponferrada2\" \/>\n<meta name=\"twitter:card\" content=\"summary_large_image\" \/>\n<meta name=\"twitter:label1\" content=\"Escrito por\" \/>\n\t<meta name=\"twitter:data1\" content=\"ponferrada2\" \/>\n\t<meta name=\"twitter:label2\" content=\"Tiempo de lectura\" \/>\n\t<meta name=\"twitter:data2\" content=\"2 minutos\" \/>\n<script type=\"application\/ld+json\" class=\"yoast-schema-graph\">{\"@context\":\"https:\/\/schema.org\",\"@graph\":[{\"@type\":\"Article\",\"@id\":\"https:\/\/agrupacionespsoe.es\/ponferrada\/el-gms-echa-de-menos-que-pp-y-cb-se-preocupen-por-el-problema-real-de-la-vivienda\/#article\",\"isPartOf\":{\"@id\":\"https:\/\/agrupacionespsoe.es\/ponferrada\/el-gms-echa-de-menos-que-pp-y-cb-se-preocupen-por-el-problema-real-de-la-vivienda\/\"},\"author\":{\"name\":\"ponferrada2\",\"@id\":\"https:\/\/agrupacionespsoe.es\/ponferrada\/#\/schema\/person\/cd29ee627f3b70c05d415f02596debaa\"},\"headline\":\"El GMS echa de menos que PP y CB se preocupen por el problema real de la vivienda\",\"datePublished\":\"2024-04-10T11:17:56+00:00\",\"dateModified\":\"2024-04-10T11:20:30+00:00\",\"mainEntityOfPage\":{\"@id\":\"https:\/\/agrupacionespsoe.es\/ponferrada\/el-gms-echa-de-menos-que-pp-y-cb-se-preocupen-por-el-problema-real-de-la-vivienda\/\"},\"wordCount\":391,\"commentCount\":0,\"publisher\":{\"@id\":\"https:\/\/agrupacionespsoe.es\/ponferrada\/#organization\"},\"image\":{\"@id\":\"https:\/\/agrupacionespsoe.es\/ponferrada\/el-gms-echa-de-menos-que-pp-y-cb-se-preocupen-por-el-problema-real-de-la-vivienda\/#primaryimage\"},\"thumbnailUrl\":\"https:\/\/agrupacionespsoe.es\/ponferrada\/wp-content\/uploads\/sites\/36\/2024\/04\/WhatsApp-Image-2024-04-10-at-13.14.58.jpeg\",\"articleSection\":[\"ACTUALIDAD\"],\"inLanguage\":\"es\",\"potentialAction\":[{\"@type\":\"CommentAction\",\"name\":\"Comment\",\"target\":[\"https:\/\/agrupacionespsoe.es\/ponferrada\/el-gms-echa-de-menos-que-pp-y-cb-se-preocupen-por-el-problema-real-de-la-vivienda\/#respond\"]}]},{\"@type\":\"WebPage\",\"@id\":\"https:\/\/agrupacionespsoe.es\/ponferrada\/el-gms-echa-de-menos-que-pp-y-cb-se-preocupen-por-el-problema-real-de-la-vivienda\/\",\"url\":\"https:\/\/agrupacionespsoe.es\/ponferrada\/el-gms-echa-de-menos-que-pp-y-cb-se-preocupen-por-el-problema-real-de-la-vivienda\/\",\"name\":\"El GMS echa de menos que PP y CB se preocupen por el problema real de la vivienda - Agrupaci\u00f3n Socialista de Ponferrada\",\"isPartOf\":{\"@id\":\"https:\/\/agrupacionespsoe.es\/ponferrada\/#website\"},\"primaryImageOfPage\":{\"@id\":\"https:\/\/agrupacionespsoe.es\/ponferrada\/el-gms-echa-de-menos-que-pp-y-cb-se-preocupen-por-el-problema-real-de-la-vivienda\/#primaryimage\"},\"image\":{\"@id\":\"https:\/\/agrupacionespsoe.es\/ponferrada\/el-gms-echa-de-menos-que-pp-y-cb-se-preocupen-por-el-problema-real-de-la-vivienda\/#primaryimage\"},\"thumbnailUrl\":\"https:\/\/agrupacionespsoe.es\/ponferrada\/wp-content\/uploads\/sites\/36\/2024\/04\/WhatsApp-Image-2024-04-10-at-13.14.58.jpeg\",\"datePublished\":\"2024-04-10T11:17:56+00:00\",\"dateModified\":\"2024-04-10T11:20:30+00:00\",\"breadcrumb\":{\"@id\":\"https:\/\/agrupacionespsoe.es\/ponferrada\/el-gms-echa-de-menos-que-pp-y-cb-se-preocupen-por-el-problema-real-de-la-vivienda\/#breadcrumb\"},\"inLanguage\":\"es\",\"potentialAction\":[{\"@type\":\"ReadAction\",\"target\":[\"https:\/\/agrupacionespsoe.es\/ponferrada\/el-gms-echa-de-menos-que-pp-y-cb-se-preocupen-por-el-problema-real-de-la-vivienda\/\"]}]},{\"@type\":\"ImageObject\",\"inLanguage\":\"es\",\"@id\":\"https:\/\/agrupacionespsoe.es\/ponferrada\/el-gms-echa-de-menos-que-pp-y-cb-se-preocupen-por-el-problema-real-de-la-vivienda\/#primaryimage\",\"url\":\"https:\/\/agrupacionespsoe.es\/ponferrada\/wp-content\/uploads\/sites\/36\/2024\/04\/WhatsApp-Image-2024-04-10-at-13.14.58.jpeg\",\"contentUrl\":\"https:\/\/agrupacionespsoe.es\/ponferrada\/wp-content\/uploads\/sites\/36\/2024\/04\/WhatsApp-Image-2024-04-10-at-13.14.58.jpeg\",\"width\":581,\"height\":595},{\"@type\":\"BreadcrumbList\",\"@id\":\"https:\/\/agrupacionespsoe.es\/ponferrada\/el-gms-echa-de-menos-que-pp-y-cb-se-preocupen-por-el-problema-real-de-la-vivienda\/#breadcrumb\",\"itemListElement\":[{\"@type\":\"ListItem\",\"position\":1,\"name\":\"Portada\",\"item\":\"https:\/\/agrupacionespsoe.es\/ponferrada\/\"},{\"@type\":\"ListItem\",\"position\":2,\"name\":\"El GMS echa de menos que PP y CB se preocupen por el problema real de la vivienda\"}]},{\"@type\":\"WebSite\",\"@id\":\"https:\/\/agrupacionespsoe.es\/ponferrada\/#website\",\"url\":\"https:\/\/agrupacionespsoe.es\/ponferrada\/\",\"name\":\"Agrupaci\u00f3n Socialista de Ponferrada\",\"description\":\"Agrupaci\u00f3n Socialista de Ponferrada\",\"publisher\":{\"@id\":\"https:\/\/agrupacionespsoe.es\/ponferrada\/#organization\"},\"potentialAction\":[{\"@type\":\"SearchAction\",\"target\":{\"@type\":\"EntryPoint\",\"urlTemplate\":\"https:\/\/agrupacionespsoe.es\/ponferrada\/?s={search_term_string}\"},\"query-input\":{\"@type\":\"PropertyValueSpecification\",\"valueRequired\":true,\"valueName\":\"search_term_string\"}}],\"inLanguage\":\"es\"},{\"@type\":\"Organization\",\"@id\":\"https:\/\/agrupacionespsoe.es\/ponferrada\/#organization\",\"name\":\"Agrupaci\u00f3n Socialista de Ponferrada\",\"url\":\"https:\/\/agrupacionespsoe.es\/ponferrada\/\",\"logo\":{\"@type\":\"ImageObject\",\"inLanguage\":\"es\",\"@id\":\"https:\/\/agrupacionespsoe.es\/ponferrada\/#\/schema\/logo\/image\/\",\"url\":\"https:\/\/agrupacionespsoe.es\/wp-content\/uploads\/2022\/07\/Logotipo_electoral_del_PSOE.png\",\"contentUrl\":\"https:\/\/agrupacionespsoe.es\/wp-content\/uploads\/2022\/07\/Logotipo_electoral_del_PSOE.png\",\"width\":422,\"height\":422,\"caption\":\"Agrupaci\u00f3n Socialista de Ponferrada\"},\"image\":{\"@id\":\"https:\/\/agrupacionespsoe.es\/ponferrada\/#\/schema\/logo\/image\/\"}},{\"@type\":\"Person\",\"@id\":\"https:\/\/agrupacionespsoe.es\/ponferrada\/#\/schema\/person\/cd29ee627f3b70c05d415f02596debaa\",\"name\":\"ponferrada2\",\"image\":{\"@type\":\"ImageObject\",\"inLanguage\":\"es\",\"@id\":\"https:\/\/agrupacionespsoe.es\/ponferrada\/#\/schema\/person\/image\/\",\"url\":\"https:\/\/secure.gravatar.com\/avatar\/f499eeb60144c664cf7b7edf75549b50?s=96&d=mm&r=g\",\"contentUrl\":\"https:\/\/secure.gravatar.com\/avatar\/f499eeb60144c664cf7b7edf75549b50?s=96&d=mm&r=g\",\"caption\":\"ponferrada2\"},\"url\":\"https:\/\/agrupacionespsoe.es\/ponferrada\/author\/ponferrada2\/\"}]}<\/script>\n<!-- \/ Yoast SEO plugin. -->","yoast_head_json":{"title":"El GMS echa de menos que PP y CB se preocupen por el problema real de la vivienda - Agrupaci\u00f3n Socialista de Ponferrada","robots":{"index":"index","follow":"follow","max-snippet":"max-snippet:-1","max-image-preview":"max-image-preview:large","max-video-preview":"max-video-preview:-1"},"canonical":"https:\/\/agrupacionespsoe.es\/ponferrada\/el-gms-echa-de-menos-que-pp-y-cb-se-preocupen-por-el-problema-real-de-la-vivienda\/","og_locale":"es_ES","og_type":"article","og_title":"El GMS echa de menos que PP y CB se preocupen por el problema real de la vivienda - Agrupaci\u00f3n Socialista de Ponferrada","og_description":"La Junta presume con \u201cp\u00f3lvora ajena\u201d en las actuaciones en materia de vivienda Ayer se present\u00f3 el informe del Ministerio de Vivienda y Agenda Urbana (MIVAU) sobre la financiaci\u00f3n de las viviendas sociales que est\u00e1n previstas en Castilla y Le\u00f3n, de las 120 viviendas que se van a construir en Le\u00f3n 20 se realizar\u00e1n en ...","og_url":"https:\/\/agrupacionespsoe.es\/ponferrada\/el-gms-echa-de-menos-que-pp-y-cb-se-preocupen-por-el-problema-real-de-la-vivienda\/","og_site_name":"Agrupaci\u00f3n Socialista de Ponferrada","article_published_time":"2024-04-10T11:17:56+00:00","article_modified_time":"2024-04-10T11:20:30+00:00","og_image":[{"width":581,"height":595,"url":"https:\/\/agrupacionespsoe.es\/ponferrada\/wp-content\/uploads\/sites\/36\/2024\/04\/WhatsApp-Image-2024-04-10-at-13.14.58.jpeg","type":"image\/jpeg"}],"author":"ponferrada2","twitter_card":"summary_large_image","twitter_misc":{"Escrito por":"ponferrada2","Tiempo de lectura":"2 minutos"},"schema":{"@context":"https:\/\/schema.org","@graph":[{"@type":"Article","@id":"https:\/\/agrupacionespsoe.es\/ponferrada\/el-gms-echa-de-menos-que-pp-y-cb-se-preocupen-por-el-problema-real-de-la-vivienda\/#article","isPartOf":{"@id":"https:\/\/agrupacionespsoe.es\/ponferrada\/el-gms-echa-de-menos-que-pp-y-cb-se-preocupen-por-el-problema-real-de-la-vivienda\/"},"author":{"name":"ponferrada2","@id":"https:\/\/agrupacionespsoe.es\/ponferrada\/#\/schema\/person\/cd29ee627f3b70c05d415f02596debaa"},"headline":"El GMS echa de menos que PP y CB se preocupen por el problema real de la vivienda","datePublished":"2024-04-10T11:17:56+00:00","dateModified":"2024-04-10T11:20:30+00:00","mainEntityOfPage":{"@id":"https:\/\/agrupacionespsoe.es\/ponferrada\/el-gms-echa-de-menos-que-pp-y-cb-se-preocupen-por-el-problema-real-de-la-vivienda\/"},"wordCount":391,"commentCount":0,"publisher":{"@id":"https:\/\/agrupacionespsoe.es\/ponferrada\/#organization"},"image":{"@id":"https:\/\/agrupacionespsoe.es\/ponferrada\/el-gms-echa-de-menos-que-pp-y-cb-se-preocupen-por-el-problema-real-de-la-vivienda\/#primaryimage"},"thumbnailUrl":"https:\/\/agrupacionespsoe.es\/ponferrada\/wp-content\/uploads\/sites\/36\/2024\/04\/WhatsApp-Image-2024-04-10-at-13.14.58.jpeg","articleSection":["ACTUALIDAD"],"inLanguage":"es","potentialAction":[{"@type":"CommentAction","name":"Comment","target":["https:\/\/agrupacionespsoe.es\/ponferrada\/el-gms-echa-de-menos-que-pp-y-cb-se-preocupen-por-el-problema-real-de-la-vivienda\/#respond"]}]},{"@type":"WebPage","@id":"https:\/\/agrupacionespsoe.es\/ponferrada\/el-gms-echa-de-menos-que-pp-y-cb-se-preocupen-por-el-problema-real-de-la-vivienda\/","url":"https:\/\/agrupacionespsoe.es\/ponferrada\/el-gms-echa-de-menos-que-pp-y-cb-se-preocupen-por-el-problema-real-de-la-vivienda\/","name":"El GMS echa de menos que PP y CB se preocupen por el problema real de la vivienda - Agrupaci\u00f3n Socialista de Ponferrada","isPartOf":{"@id":"https:\/\/agrupacionespsoe.es\/ponferrada\/#website"},"primaryImageOfPage":{"@id":"https:\/\/agrupacionespsoe.es\/ponferrada\/el-gms-echa-de-menos-que-pp-y-cb-se-preocupen-por-el-problema-real-de-la-vivienda\/#primaryimage"},"image":{"@id":"https:\/\/agrupacionespsoe.es\/ponferrada\/el-gms-echa-de-menos-que-pp-y-cb-se-preocupen-por-el-problema-real-de-la-vivienda\/#primaryimage"},"thumbnailUrl":"https:\/\/agrupacionespsoe.es\/ponferrada\/wp-content\/uploads\/sites\/36\/2024\/04\/WhatsApp-Image-2024-04-10-at-13.14.58.jpeg","datePublished":"2024-04-10T11:17:56+00:00","dateModified":"2024-04-10T11:20:30+00:00","breadcrumb":{"@id":"https:\/\/agrupacionespsoe.es\/ponferrada\/el-gms-echa-de-menos-que-pp-y-cb-se-preocupen-por-el-problema-real-de-la-vivienda\/#breadcrumb"},"inLanguage":"es","potentialAction":[{"@type":"ReadAction","target":["https:\/\/agrupacionespsoe.es\/ponferrada\/el-gms-echa-de-menos-que-pp-y-cb-se-preocupen-por-el-problema-real-de-la-vivienda\/"]}]},{"@type":"ImageObject","inLanguage":"es","@id":"https:\/\/agrupacionespsoe.es\/ponferrada\/el-gms-echa-de-menos-que-pp-y-cb-se-preocupen-por-el-problema-real-de-la-vivienda\/#primaryimage","url":"https:\/\/agrupacionespsoe.es\/ponferrada\/wp-content\/uploads\/sites\/36\/2024\/04\/WhatsApp-Image-2024-04-10-at-13.14.58.jpeg","contentUrl":"https:\/\/agrupacionespsoe.es\/ponferrada\/wp-content\/uploads\/sites\/36\/2024\/04\/WhatsApp-Image-2024-04-10-at-13.14.58.jpeg","width":581,"height":595},{"@type":"BreadcrumbList","@id":"https:\/\/agrupacionespsoe.es\/ponferrada\/el-gms-echa-de-menos-que-pp-y-cb-se-preocupen-por-el-problema-real-de-la-vivienda\/#breadcrumb","itemListElement":[{"@type":"ListItem","position":1,"name":"Portada","item":"https:\/\/agrupacionespsoe.es\/ponferrada\/"},{"@type":"ListItem","position":2,"name":"El GMS echa de menos que PP y CB se preocupen por el problema real de la vivienda"}]},{"@type":"WebSite","@id":"https:\/\/agrupacionespsoe.es\/ponferrada\/#website","url":"https:\/\/agrupacionespsoe.es\/ponferrada\/","name":"Agrupaci\u00f3n Socialista de Ponferrada","description":"Agrupaci\u00f3n Socialista de Ponferrada","publisher":{"@id":"https:\/\/agrupacionespsoe.es\/ponferrada\/#organization"},"potentialAction":[{"@type":"SearchAction","target":{"@type":"EntryPoint","urlTemplate":"https:\/\/agrupacionespsoe.es\/ponferrada\/?s={search_term_string}"},"query-input":{"@type":"PropertyValueSpecification","valueRequired":true,"valueName":"search_term_string"}}],"inLanguage":"es"},{"@type":"Organization","@id":"https:\/\/agrupacionespsoe.es\/ponferrada\/#organization","name":"Agrupaci\u00f3n Socialista de Ponferrada","url":"https:\/\/agrupacionespsoe.es\/ponferrada\/","logo":{"@type":"ImageObject","inLanguage":"es","@id":"https:\/\/agrupacionespsoe.es\/ponferrada\/#\/schema\/logo\/image\/","url":"https:\/\/agrupacionespsoe.es\/wp-content\/uploads\/2022\/07\/Logotipo_electoral_del_PSOE.png","contentUrl":"https:\/\/agrupacionespsoe.es\/wp-content\/uploads\/2022\/07\/Logotipo_electoral_del_PSOE.png","width":422,"height":422,"caption":"Agrupaci\u00f3n Socialista de Ponferrada"},"image":{"@id":"https:\/\/agrupacionespsoe.es\/ponferrada\/#\/schema\/logo\/image\/"}},{"@type":"Person","@id":"https:\/\/agrupacionespsoe.es\/ponferrada\/#\/schema\/person\/cd29ee627f3b70c05d415f02596debaa","name":"ponferrada2","image":{"@type":"ImageObject","inLanguage":"es","@id":"https:\/\/agrupacionespsoe.es\/ponferrada\/#\/schema\/person\/image\/","url":"https:\/\/secure.gravatar.com\/avatar\/f499eeb60144c664cf7b7edf75549b50?s=96&d=mm&r=g","contentUrl":"https:\/\/secure.gravatar.com\/avatar\/f499eeb60144c664cf7b7edf75549b50?s=96&d=mm&r=g","caption":"ponferrada2"},"url":"https:\/\/agrupacionespsoe.es\/ponferrada\/author\/ponferrada2\/"}]}},"jetpack_featured_media_url":"https:\/\/agrupacionespsoe.es\/ponferrada\/wp-content\/uploads\/sites\/36\/2024\/04\/WhatsApp-Image-2024-04-10-at-13.14.58.jpeg","jetpack_sharing_enabled":true,"_links":{"self":[{"href":"https:\/\/agrupacionespsoe.es\/ponferrada\/wp-json\/wp\/v2\/posts\/456","targetHints":{"allow":["GET"]}}],"collection":[{"href":"https:\/\/agrupacionespsoe.es\/ponferrada\/wp-json\/wp\/v2\/posts"}],"about":[{"href":"https:\/\/agrupacionespsoe.es\/ponferrada\/wp-json\/wp\/v2\/types\/post"}],"author":[{"embeddable":true,"href":"https:\/\/agrupacionespsoe.es\/ponferrada\/wp-json\/wp\/v2\/users\/32"}],"replies":[{"embeddable":true,"href":"https:\/\/agrupacionespsoe.es\/ponferrada\/wp-json\/wp\/v2\/comments?post=456"}],"version-history":[{"count":2,"href":"https:\/\/agrupacionespsoe.es\/ponferrada\/wp-json\/wp\/v2\/posts\/456\/revisions"}],"predecessor-version":[{"id":459,"href":"https:\/\/agrupacionespsoe.es\/ponferrada\/wp-json\/wp\/v2\/posts\/456\/revisions\/459"}],"wp:featuredmedia":[{"embeddable":true,"href":"https:\/\/agrupacionespsoe.es\/ponferrada\/wp-json\/wp\/v2\/media\/458"}],"wp:attachment":[{"href":"https:\/\/agrupacionespsoe.es\/ponferrada\/wp-json\/wp\/v2\/media?parent=456"}],"wp:term":[{"taxonomy":"category","embeddable":true,"href":"https:\/\/agrupacionespsoe.es\/ponferrada\/wp-json\/wp\/v2\/categories?post=456"},{"taxonomy":"post_tag","embeddable":true,"href":"https:\/\/agrupacionespsoe.es\/ponferrada\/wp-json\/wp\/v2\/tags?post=456"}],"curies":[{"name":"wp","href":"https:\/\/api.w.org\/{rel}","templated":true}]}}