{"id":453,"date":"2024-04-05T10:30:45","date_gmt":"2024-04-05T10:30:45","guid":{"rendered":"https:\/\/agrupacionespsoe.es\/ponferrada\/?p=453"},"modified":"2024-04-05T10:30:45","modified_gmt":"2024-04-05T10:30:45","slug":"al-psoe-de-ponferrada-le-parece-lamentable-la-poca-capacidad-de-trabajo-de-pp-y-cb-auguramos-4-anos-pedidos-para-ponferrada","status":"publish","type":"post","link":"https:\/\/agrupacionespsoe.es\/ponferrada\/al-psoe-de-ponferrada-le-parece-lamentable-la-poca-capacidad-de-trabajo-de-pp-y-cb-auguramos-4-anos-pedidos-para-ponferrada\/","title":{"rendered":"Al PSOE de Ponferrada le parece lamentable la poca capacidad de trabajo de PP y CB. Auguramos 4 a\u00f1os pedidos para Ponferrada"},"content":{"rendered":"\n<p>El PSOE de Ponferrada ha tenido este jueves la reuni\u00f3n de la Comisi\u00f3n de la Ejecutiva Municipal del mes de abril.<\/p>\n\n\n\n<p>En un d\u00eda como hoy, la comisi\u00f3n ejecutiva municipal de Ponferrada no puede sino mostrar su rechazo ante la nueva Ley llamada de Concordia cuando a juicio del PSOE de Ponferrada deber\u00eda llamarse de Exaltaci\u00f3n. Es una Ley que pretenden equiparar los a\u00f1os del \u00abtotalitarismo y de la dictadura, con un periodo de \u00abr\u00e9gimen democr\u00e1tico\u00bb, como fue la Rep\u00fablica. Una Ley que ha encontrado un rechazo un\u00e1nime y que no es m\u00e1s que el pago del PP al apoyo de VOX.<\/p>\n\n\n\n<p>Mabel Fern\u00e1ndez, portavoz de la Comisi\u00f3n Ejecutiva Municipal de Ponferrada tambi\u00e9n ha querido mostrar el apoyo ante las movilizaciones que desde la Plataforma de la Sanidad P\u00fablica se est\u00e1n llevando a cabo. \u201cDesde el PSOE vamos a pedir a nuestra militancia que se una este domingo a la concentraci\u00f3n de Ponferrada. No podemos sino sumarnos a las reivindicaciones por el lamentable estado de la sanidad p\u00fablica en Castilla y Le\u00f3n, la falta acuciante de profesionales sanitarios y las promesas incumplidas del PP de la Junta de Castilla y Le\u00f3n con El Bierzo, podemos dar muchos ejemplos: dos de ellos son radioterapia o con el centro de salud Ponferrada I.<\/p>\n\n\n\n<p>Desde el PSOE tambi\u00e9n queremos volver a pedir al PP en el ayuntamiento que deje los amiguismos y partidismos de lado y que empiece a reivindicar y a pedir soluciones a los problemas de los y las ponferradinas. En lugar de tantos compromisos a largo plazo deber\u00edan centrarse en inversiones ya comprometidas como el nuevo centro de salud para la zona alta de Ponferrada en el mejor lugar posible que es la parcela de&nbsp; Obispo Osmundo y en la que podr\u00edan empezar los tr\u00e1mites para su construcci\u00f3n ma\u00f1ana mismo.<\/p>\n\n\n\n<p>Mabel Fern\u00e1ndez ha se\u00f1alado que en cuanto a la labor municipal, se percibe el par\u00f3n que ha sufrido Ponferrada. El actual equipo de gobierno ya est\u00e1 dejando ver en estos primeros meses de gobierno que no va a cumplir ni una sola de las promesas electorales, y que a este paso tampoco se ver\u00e1 nada de los compromisos que adquirieron con la Junta y que iban a suponer una inversi\u00f3n de 22 millones de euros, ser\u00e1n cuatro a\u00f1os perdidos para el desarrollo de Ponferrada.<\/p>\n\n\n\n<p>En la ejecutiva tambi\u00e9n se ha explicado asuntos del \u00faltimo pleno municipal como el voto en contra del grupo socialista al punto de la pr\u00f3rroga del servicio municipal de autobuses urbanos. Como el propio grupo explic\u00f3 ni el servicio ni los puestos de trabajo estaban en riesgo. Mabel Fern\u00e1ndez se\u00f1ala que es lamentable la poca capacidad de trabajo de la que hace gala el PP y CB, han pasado 9 meses desde que son equipo de gobierno y no han podido sacar adelante ni uno de los asuntos que afectan a la ciudadan\u00eda, solo han podido completar alguno de los proyectos que el PSOE dej\u00f3 en marcha.<\/p>\n\n\n\n<p>Mabel Fern\u00e1ndez se\u00f1ala que ni vocaci\u00f3n de trabajo ni vocaci\u00f3n de servicio p\u00fablico, son constantes las quejas de asociaciones y vecinos y vecinas sobre que no son recibidos por el alcalde o por miembros del equipo de gobierno. Desde el PSOE aconsejamos al alcalde que<\/p>\n\n\n\n<p>Por \u00faltimo el PSOE de Ponferrada ha convocado su asamblea ordinaria para el pr\u00f3ximo 18 de abril, en ella, entre otros asuntos se har\u00e1 la propuesta de los socialistas de Ponferrada a la lista de las europeas.<\/p>\n\n\n\n<figure class=\"wp-block-image size-large\"><img loading=\"lazy\" decoding=\"async\" width=\"1024\" height=\"768\" src=\"https:\/\/agrupacionespsoe.es\/ponferrada\/wp-content\/uploads\/sites\/36\/2024\/04\/WhatsApp-Image-2024-04-05-at-09.44.49-1024x768.jpeg\" alt=\"\" class=\"wp-image-454\" srcset=\"https:\/\/agrupacionespsoe.es\/ponferrada\/wp-content\/uploads\/sites\/36\/2024\/04\/WhatsApp-Image-2024-04-05-at-09.44.49-1024x768.jpeg 1024w, https:\/\/agrupacionespsoe.es\/ponferrada\/wp-content\/uploads\/sites\/36\/2024\/04\/WhatsApp-Image-2024-04-05-at-09.44.49-300x225.jpeg 300w, https:\/\/agrupacionespsoe.es\/ponferrada\/wp-content\/uploads\/sites\/36\/2024\/04\/WhatsApp-Image-2024-04-05-at-09.44.49-768x576.jpeg 768w, https:\/\/agrupacionespsoe.es\/ponferrada\/wp-content\/uploads\/sites\/36\/2024\/04\/WhatsApp-Image-2024-04-05-at-09.44.49-1536x1152.jpeg 1536w, https:\/\/agrupacionespsoe.es\/ponferrada\/wp-content\/uploads\/sites\/36\/2024\/04\/WhatsApp-Image-2024-04-05-at-09.44.49.jpeg 2000w\" sizes=\"auto, (max-width: 1024px) 100vw, 1024px\" \/><\/figure>\n","protected":false},"excerpt":{"rendered":"<p>El PSOE de Ponferrada ha tenido este jueves la reuni\u00f3n de la Comisi\u00f3n de la Ejecutiva Municipal del mes de abril. En un d\u00eda como hoy, la comisi\u00f3n ejecutiva municipal de Ponferrada no puede sino mostrar su rechazo ante la nueva Ley llamada de Concordia cuando a juicio del PSOE de Ponferrada deber\u00eda llamarse de &#8230;<\/p>\n","protected":false},"author":32,"featured_media":454,"comment_status":"open","ping_status":"open","sticky":false,"template":"","format":"standard","meta":{"_jetpack_memberships_contains_paid_content":false,"footnotes":""},"categories":[6],"tags":[],"class_list":["post-453","post","type-post","status-publish","format-standard","has-post-thumbnail","hentry","category-actualidad"],"yoast_head":"<!-- This site is optimized with the Yoast SEO plugin v24.0 - https:\/\/yoast.com\/wordpress\/plugins\/seo\/ -->\n<title>Al PSOE de Ponferrada le parece lamentable la poca capacidad de trabajo de PP y CB. Auguramos 4 a\u00f1os pedidos para Ponferrada - Agrupaci\u00f3n Socialista de Ponferrada<\/title>\n<meta name=\"robots\" content=\"index, follow, max-snippet:-1, max-image-preview:large, max-video-preview:-1\" \/>\n<link rel=\"canonical\" href=\"https:\/\/agrupacionespsoe.es\/ponferrada\/al-psoe-de-ponferrada-le-parece-lamentable-la-poca-capacidad-de-trabajo-de-pp-y-cb-auguramos-4-anos-pedidos-para-ponferrada\/\" \/>\n<meta property=\"og:locale\" content=\"es_ES\" \/>\n<meta property=\"og:type\" content=\"article\" \/>\n<meta property=\"og:title\" content=\"Al PSOE de Ponferrada le parece lamentable la poca capacidad de trabajo de PP y CB. Auguramos 4 a\u00f1os pedidos para Ponferrada - Agrupaci\u00f3n Socialista de Ponferrada\" \/>\n<meta property=\"og:description\" content=\"El PSOE de Ponferrada ha tenido este jueves la reuni\u00f3n de la Comisi\u00f3n de la Ejecutiva Municipal del mes de abril. En un d\u00eda como hoy, la comisi\u00f3n ejecutiva municipal de Ponferrada no puede sino mostrar su rechazo ante la nueva Ley llamada de Concordia cuando a juicio del PSOE de Ponferrada deber\u00eda llamarse de ...\" \/>\n<meta property=\"og:url\" content=\"https:\/\/agrupacionespsoe.es\/ponferrada\/al-psoe-de-ponferrada-le-parece-lamentable-la-poca-capacidad-de-trabajo-de-pp-y-cb-auguramos-4-anos-pedidos-para-ponferrada\/\" \/>\n<meta property=\"og:site_name\" content=\"Agrupaci\u00f3n Socialista de Ponferrada\" \/>\n<meta property=\"article:published_time\" content=\"2024-04-05T10:30:45+00:00\" \/>\n<meta property=\"og:image\" content=\"https:\/\/agrupacionespsoe.es\/ponferrada\/wp-content\/uploads\/sites\/36\/2024\/04\/WhatsApp-Image-2024-04-05-at-09.44.49.jpeg\" \/>\n\t<meta property=\"og:image:width\" content=\"2000\" \/>\n\t<meta property=\"og:image:height\" content=\"1500\" \/>\n\t<meta property=\"og:image:type\" content=\"image\/jpeg\" \/>\n<meta name=\"author\" content=\"ponferrada2\" \/>\n<meta name=\"twitter:card\" content=\"summary_large_image\" \/>\n<meta name=\"twitter:label1\" content=\"Escrito por\" \/>\n\t<meta name=\"twitter:data1\" content=\"ponferrada2\" \/>\n\t<meta name=\"twitter:label2\" content=\"Tiempo de lectura\" \/>\n\t<meta name=\"twitter:data2\" content=\"3 minutos\" \/>\n<script type=\"application\/ld+json\" class=\"yoast-schema-graph\">{\"@context\":\"https:\/\/schema.org\",\"@graph\":[{\"@type\":\"Article\",\"@id\":\"https:\/\/agrupacionespsoe.es\/ponferrada\/al-psoe-de-ponferrada-le-parece-lamentable-la-poca-capacidad-de-trabajo-de-pp-y-cb-auguramos-4-anos-pedidos-para-ponferrada\/#article\",\"isPartOf\":{\"@id\":\"https:\/\/agrupacionespsoe.es\/ponferrada\/al-psoe-de-ponferrada-le-parece-lamentable-la-poca-capacidad-de-trabajo-de-pp-y-cb-auguramos-4-anos-pedidos-para-ponferrada\/\"},\"author\":{\"name\":\"ponferrada2\",\"@id\":\"https:\/\/agrupacionespsoe.es\/ponferrada\/#\/schema\/person\/cd29ee627f3b70c05d415f02596debaa\"},\"headline\":\"Al PSOE de Ponferrada le parece lamentable la poca capacidad de trabajo de PP y CB. Auguramos 4 a\u00f1os pedidos para Ponferrada\",\"datePublished\":\"2024-04-05T10:30:45+00:00\",\"dateModified\":\"2024-04-05T10:30:45+00:00\",\"mainEntityOfPage\":{\"@id\":\"https:\/\/agrupacionespsoe.es\/ponferrada\/al-psoe-de-ponferrada-le-parece-lamentable-la-poca-capacidad-de-trabajo-de-pp-y-cb-auguramos-4-anos-pedidos-para-ponferrada\/\"},\"wordCount\":637,\"commentCount\":0,\"publisher\":{\"@id\":\"https:\/\/agrupacionespsoe.es\/ponferrada\/#organization\"},\"image\":{\"@id\":\"https:\/\/agrupacionespsoe.es\/ponferrada\/al-psoe-de-ponferrada-le-parece-lamentable-la-poca-capacidad-de-trabajo-de-pp-y-cb-auguramos-4-anos-pedidos-para-ponferrada\/#primaryimage\"},\"thumbnailUrl\":\"https:\/\/agrupacionespsoe.es\/ponferrada\/wp-content\/uploads\/sites\/36\/2024\/04\/WhatsApp-Image-2024-04-05-at-09.44.49.jpeg\",\"articleSection\":[\"ACTUALIDAD\"],\"inLanguage\":\"es\",\"potentialAction\":[{\"@type\":\"CommentAction\",\"name\":\"Comment\",\"target\":[\"https:\/\/agrupacionespsoe.es\/ponferrada\/al-psoe-de-ponferrada-le-parece-lamentable-la-poca-capacidad-de-trabajo-de-pp-y-cb-auguramos-4-anos-pedidos-para-ponferrada\/#respond\"]}]},{\"@type\":\"WebPage\",\"@id\":\"https:\/\/agrupacionespsoe.es\/ponferrada\/al-psoe-de-ponferrada-le-parece-lamentable-la-poca-capacidad-de-trabajo-de-pp-y-cb-auguramos-4-anos-pedidos-para-ponferrada\/\",\"url\":\"https:\/\/agrupacionespsoe.es\/ponferrada\/al-psoe-de-ponferrada-le-parece-lamentable-la-poca-capacidad-de-trabajo-de-pp-y-cb-auguramos-4-anos-pedidos-para-ponferrada\/\",\"name\":\"Al PSOE de Ponferrada le parece lamentable la poca capacidad de trabajo de PP y CB. Auguramos 4 a\u00f1os pedidos para Ponferrada - Agrupaci\u00f3n Socialista de Ponferrada\",\"isPartOf\":{\"@id\":\"https:\/\/agrupacionespsoe.es\/ponferrada\/#website\"},\"primaryImageOfPage\":{\"@id\":\"https:\/\/agrupacionespsoe.es\/ponferrada\/al-psoe-de-ponferrada-le-parece-lamentable-la-poca-capacidad-de-trabajo-de-pp-y-cb-auguramos-4-anos-pedidos-para-ponferrada\/#primaryimage\"},\"image\":{\"@id\":\"https:\/\/agrupacionespsoe.es\/ponferrada\/al-psoe-de-ponferrada-le-parece-lamentable-la-poca-capacidad-de-trabajo-de-pp-y-cb-auguramos-4-anos-pedidos-para-ponferrada\/#primaryimage\"},\"thumbnailUrl\":\"https:\/\/agrupacionespsoe.es\/ponferrada\/wp-content\/uploads\/sites\/36\/2024\/04\/WhatsApp-Image-2024-04-05-at-09.44.49.jpeg\",\"datePublished\":\"2024-04-05T10:30:45+00:00\",\"dateModified\":\"2024-04-05T10:30:45+00:00\",\"breadcrumb\":{\"@id\":\"https:\/\/agrupacionespsoe.es\/ponferrada\/al-psoe-de-ponferrada-le-parece-lamentable-la-poca-capacidad-de-trabajo-de-pp-y-cb-auguramos-4-anos-pedidos-para-ponferrada\/#breadcrumb\"},\"inLanguage\":\"es\",\"potentialAction\":[{\"@type\":\"ReadAction\",\"target\":[\"https:\/\/agrupacionespsoe.es\/ponferrada\/al-psoe-de-ponferrada-le-parece-lamentable-la-poca-capacidad-de-trabajo-de-pp-y-cb-auguramos-4-anos-pedidos-para-ponferrada\/\"]}]},{\"@type\":\"ImageObject\",\"inLanguage\":\"es\",\"@id\":\"https:\/\/agrupacionespsoe.es\/ponferrada\/al-psoe-de-ponferrada-le-parece-lamentable-la-poca-capacidad-de-trabajo-de-pp-y-cb-auguramos-4-anos-pedidos-para-ponferrada\/#primaryimage\",\"url\":\"https:\/\/agrupacionespsoe.es\/ponferrada\/wp-content\/uploads\/sites\/36\/2024\/04\/WhatsApp-Image-2024-04-05-at-09.44.49.jpeg\",\"contentUrl\":\"https:\/\/agrupacionespsoe.es\/ponferrada\/wp-content\/uploads\/sites\/36\/2024\/04\/WhatsApp-Image-2024-04-05-at-09.44.49.jpeg\",\"width\":2000,\"height\":1500},{\"@type\":\"BreadcrumbList\",\"@id\":\"https:\/\/agrupacionespsoe.es\/ponferrada\/al-psoe-de-ponferrada-le-parece-lamentable-la-poca-capacidad-de-trabajo-de-pp-y-cb-auguramos-4-anos-pedidos-para-ponferrada\/#breadcrumb\",\"itemListElement\":[{\"@type\":\"ListItem\",\"position\":1,\"name\":\"Portada\",\"item\":\"https:\/\/agrupacionespsoe.es\/ponferrada\/\"},{\"@type\":\"ListItem\",\"position\":2,\"name\":\"Al PSOE de Ponferrada le parece lamentable la poca capacidad de trabajo de PP y CB. Auguramos 4 a\u00f1os pedidos para Ponferrada\"}]},{\"@type\":\"WebSite\",\"@id\":\"https:\/\/agrupacionespsoe.es\/ponferrada\/#website\",\"url\":\"https:\/\/agrupacionespsoe.es\/ponferrada\/\",\"name\":\"Agrupaci\u00f3n Socialista de Ponferrada\",\"description\":\"Agrupaci\u00f3n Socialista de Ponferrada\",\"publisher\":{\"@id\":\"https:\/\/agrupacionespsoe.es\/ponferrada\/#organization\"},\"potentialAction\":[{\"@type\":\"SearchAction\",\"target\":{\"@type\":\"EntryPoint\",\"urlTemplate\":\"https:\/\/agrupacionespsoe.es\/ponferrada\/?s={search_term_string}\"},\"query-input\":{\"@type\":\"PropertyValueSpecification\",\"valueRequired\":true,\"valueName\":\"search_term_string\"}}],\"inLanguage\":\"es\"},{\"@type\":\"Organization\",\"@id\":\"https:\/\/agrupacionespsoe.es\/ponferrada\/#organization\",\"name\":\"Agrupaci\u00f3n Socialista de Ponferrada\",\"url\":\"https:\/\/agrupacionespsoe.es\/ponferrada\/\",\"logo\":{\"@type\":\"ImageObject\",\"inLanguage\":\"es\",\"@id\":\"https:\/\/agrupacionespsoe.es\/ponferrada\/#\/schema\/logo\/image\/\",\"url\":\"https:\/\/agrupacionespsoe.es\/wp-content\/uploads\/2022\/07\/Logotipo_electoral_del_PSOE.png\",\"contentUrl\":\"https:\/\/agrupacionespsoe.es\/wp-content\/uploads\/2022\/07\/Logotipo_electoral_del_PSOE.png\",\"width\":422,\"height\":422,\"caption\":\"Agrupaci\u00f3n Socialista de Ponferrada\"},\"image\":{\"@id\":\"https:\/\/agrupacionespsoe.es\/ponferrada\/#\/schema\/logo\/image\/\"}},{\"@type\":\"Person\",\"@id\":\"https:\/\/agrupacionespsoe.es\/ponferrada\/#\/schema\/person\/cd29ee627f3b70c05d415f02596debaa\",\"name\":\"ponferrada2\",\"image\":{\"@type\":\"ImageObject\",\"inLanguage\":\"es\",\"@id\":\"https:\/\/agrupacionespsoe.es\/ponferrada\/#\/schema\/person\/image\/\",\"url\":\"https:\/\/secure.gravatar.com\/avatar\/f499eeb60144c664cf7b7edf75549b50?s=96&d=mm&r=g\",\"contentUrl\":\"https:\/\/secure.gravatar.com\/avatar\/f499eeb60144c664cf7b7edf75549b50?s=96&d=mm&r=g\",\"caption\":\"ponferrada2\"},\"url\":\"https:\/\/agrupacionespsoe.es\/ponferrada\/author\/ponferrada2\/\"}]}<\/script>\n<!-- \/ Yoast SEO plugin. -->","yoast_head_json":{"title":"Al PSOE de Ponferrada le parece lamentable la poca capacidad de trabajo de PP y CB. Auguramos 4 a\u00f1os pedidos para Ponferrada - Agrupaci\u00f3n Socialista de Ponferrada","robots":{"index":"index","follow":"follow","max-snippet":"max-snippet:-1","max-image-preview":"max-image-preview:large","max-video-preview":"max-video-preview:-1"},"canonical":"https:\/\/agrupacionespsoe.es\/ponferrada\/al-psoe-de-ponferrada-le-parece-lamentable-la-poca-capacidad-de-trabajo-de-pp-y-cb-auguramos-4-anos-pedidos-para-ponferrada\/","og_locale":"es_ES","og_type":"article","og_title":"Al PSOE de Ponferrada le parece lamentable la poca capacidad de trabajo de PP y CB. Auguramos 4 a\u00f1os pedidos para Ponferrada - Agrupaci\u00f3n Socialista de Ponferrada","og_description":"El PSOE de Ponferrada ha tenido este jueves la reuni\u00f3n de la Comisi\u00f3n de la Ejecutiva Municipal del mes de abril. En un d\u00eda como hoy, la comisi\u00f3n ejecutiva municipal de Ponferrada no puede sino mostrar su rechazo ante la nueva Ley llamada de Concordia cuando a juicio del PSOE de Ponferrada deber\u00eda llamarse de ...","og_url":"https:\/\/agrupacionespsoe.es\/ponferrada\/al-psoe-de-ponferrada-le-parece-lamentable-la-poca-capacidad-de-trabajo-de-pp-y-cb-auguramos-4-anos-pedidos-para-ponferrada\/","og_site_name":"Agrupaci\u00f3n Socialista de Ponferrada","article_published_time":"2024-04-05T10:30:45+00:00","og_image":[{"width":2000,"height":1500,"url":"https:\/\/agrupacionespsoe.es\/ponferrada\/wp-content\/uploads\/sites\/36\/2024\/04\/WhatsApp-Image-2024-04-05-at-09.44.49.jpeg","type":"image\/jpeg"}],"author":"ponferrada2","twitter_card":"summary_large_image","twitter_misc":{"Escrito por":"ponferrada2","Tiempo de lectura":"3 minutos"},"schema":{"@context":"https:\/\/schema.org","@graph":[{"@type":"Article","@id":"https:\/\/agrupacionespsoe.es\/ponferrada\/al-psoe-de-ponferrada-le-parece-lamentable-la-poca-capacidad-de-trabajo-de-pp-y-cb-auguramos-4-anos-pedidos-para-ponferrada\/#article","isPartOf":{"@id":"https:\/\/agrupacionespsoe.es\/ponferrada\/al-psoe-de-ponferrada-le-parece-lamentable-la-poca-capacidad-de-trabajo-de-pp-y-cb-auguramos-4-anos-pedidos-para-ponferrada\/"},"author":{"name":"ponferrada2","@id":"https:\/\/agrupacionespsoe.es\/ponferrada\/#\/schema\/person\/cd29ee627f3b70c05d415f02596debaa"},"headline":"Al PSOE de Ponferrada le parece lamentable la poca capacidad de trabajo de PP y CB. Auguramos 4 a\u00f1os pedidos para Ponferrada","datePublished":"2024-04-05T10:30:45+00:00","dateModified":"2024-04-05T10:30:45+00:00","mainEntityOfPage":{"@id":"https:\/\/agrupacionespsoe.es\/ponferrada\/al-psoe-de-ponferrada-le-parece-lamentable-la-poca-capacidad-de-trabajo-de-pp-y-cb-auguramos-4-anos-pedidos-para-ponferrada\/"},"wordCount":637,"commentCount":0,"publisher":{"@id":"https:\/\/agrupacionespsoe.es\/ponferrada\/#organization"},"image":{"@id":"https:\/\/agrupacionespsoe.es\/ponferrada\/al-psoe-de-ponferrada-le-parece-lamentable-la-poca-capacidad-de-trabajo-de-pp-y-cb-auguramos-4-anos-pedidos-para-ponferrada\/#primaryimage"},"thumbnailUrl":"https:\/\/agrupacionespsoe.es\/ponferrada\/wp-content\/uploads\/sites\/36\/2024\/04\/WhatsApp-Image-2024-04-05-at-09.44.49.jpeg","articleSection":["ACTUALIDAD"],"inLanguage":"es","potentialAction":[{"@type":"CommentAction","name":"Comment","target":["https:\/\/agrupacionespsoe.es\/ponferrada\/al-psoe-de-ponferrada-le-parece-lamentable-la-poca-capacidad-de-trabajo-de-pp-y-cb-auguramos-4-anos-pedidos-para-ponferrada\/#respond"]}]},{"@type":"WebPage","@id":"https:\/\/agrupacionespsoe.es\/ponferrada\/al-psoe-de-ponferrada-le-parece-lamentable-la-poca-capacidad-de-trabajo-de-pp-y-cb-auguramos-4-anos-pedidos-para-ponferrada\/","url":"https:\/\/agrupacionespsoe.es\/ponferrada\/al-psoe-de-ponferrada-le-parece-lamentable-la-poca-capacidad-de-trabajo-de-pp-y-cb-auguramos-4-anos-pedidos-para-ponferrada\/","name":"Al PSOE de Ponferrada le parece lamentable la poca capacidad de trabajo de PP y CB. Auguramos 4 a\u00f1os pedidos para Ponferrada - Agrupaci\u00f3n Socialista de Ponferrada","isPartOf":{"@id":"https:\/\/agrupacionespsoe.es\/ponferrada\/#website"},"primaryImageOfPage":{"@id":"https:\/\/agrupacionespsoe.es\/ponferrada\/al-psoe-de-ponferrada-le-parece-lamentable-la-poca-capacidad-de-trabajo-de-pp-y-cb-auguramos-4-anos-pedidos-para-ponferrada\/#primaryimage"},"image":{"@id":"https:\/\/agrupacionespsoe.es\/ponferrada\/al-psoe-de-ponferrada-le-parece-lamentable-la-poca-capacidad-de-trabajo-de-pp-y-cb-auguramos-4-anos-pedidos-para-ponferrada\/#primaryimage"},"thumbnailUrl":"https:\/\/agrupacionespsoe.es\/ponferrada\/wp-content\/uploads\/sites\/36\/2024\/04\/WhatsApp-Image-2024-04-05-at-09.44.49.jpeg","datePublished":"2024-04-05T10:30:45+00:00","dateModified":"2024-04-05T10:30:45+00:00","breadcrumb":{"@id":"https:\/\/agrupacionespsoe.es\/ponferrada\/al-psoe-de-ponferrada-le-parece-lamentable-la-poca-capacidad-de-trabajo-de-pp-y-cb-auguramos-4-anos-pedidos-para-ponferrada\/#breadcrumb"},"inLanguage":"es","potentialAction":[{"@type":"ReadAction","target":["https:\/\/agrupacionespsoe.es\/ponferrada\/al-psoe-de-ponferrada-le-parece-lamentable-la-poca-capacidad-de-trabajo-de-pp-y-cb-auguramos-4-anos-pedidos-para-ponferrada\/"]}]},{"@type":"ImageObject","inLanguage":"es","@id":"https:\/\/agrupacionespsoe.es\/ponferrada\/al-psoe-de-ponferrada-le-parece-lamentable-la-poca-capacidad-de-trabajo-de-pp-y-cb-auguramos-4-anos-pedidos-para-ponferrada\/#primaryimage","url":"https:\/\/agrupacionespsoe.es\/ponferrada\/wp-content\/uploads\/sites\/36\/2024\/04\/WhatsApp-Image-2024-04-05-at-09.44.49.jpeg","contentUrl":"https:\/\/agrupacionespsoe.es\/ponferrada\/wp-content\/uploads\/sites\/36\/2024\/04\/WhatsApp-Image-2024-04-05-at-09.44.49.jpeg","width":2000,"height":1500},{"@type":"BreadcrumbList","@id":"https:\/\/agrupacionespsoe.es\/ponferrada\/al-psoe-de-ponferrada-le-parece-lamentable-la-poca-capacidad-de-trabajo-de-pp-y-cb-auguramos-4-anos-pedidos-para-ponferrada\/#breadcrumb","itemListElement":[{"@type":"ListItem","position":1,"name":"Portada","item":"https:\/\/agrupacionespsoe.es\/ponferrada\/"},{"@type":"ListItem","position":2,"name":"Al PSOE de Ponferrada le parece lamentable la poca capacidad de trabajo de PP y CB. Auguramos 4 a\u00f1os pedidos para Ponferrada"}]},{"@type":"WebSite","@id":"https:\/\/agrupacionespsoe.es\/ponferrada\/#website","url":"https:\/\/agrupacionespsoe.es\/ponferrada\/","name":"Agrupaci\u00f3n Socialista de Ponferrada","description":"Agrupaci\u00f3n Socialista de Ponferrada","publisher":{"@id":"https:\/\/agrupacionespsoe.es\/ponferrada\/#organization"},"potentialAction":[{"@type":"SearchAction","target":{"@type":"EntryPoint","urlTemplate":"https:\/\/agrupacionespsoe.es\/ponferrada\/?s={search_term_string}"},"query-input":{"@type":"PropertyValueSpecification","valueRequired":true,"valueName":"search_term_string"}}],"inLanguage":"es"},{"@type":"Organization","@id":"https:\/\/agrupacionespsoe.es\/ponferrada\/#organization","name":"Agrupaci\u00f3n Socialista de Ponferrada","url":"https:\/\/agrupacionespsoe.es\/ponferrada\/","logo":{"@type":"ImageObject","inLanguage":"es","@id":"https:\/\/agrupacionespsoe.es\/ponferrada\/#\/schema\/logo\/image\/","url":"https:\/\/agrupacionespsoe.es\/wp-content\/uploads\/2022\/07\/Logotipo_electoral_del_PSOE.png","contentUrl":"https:\/\/agrupacionespsoe.es\/wp-content\/uploads\/2022\/07\/Logotipo_electoral_del_PSOE.png","width":422,"height":422,"caption":"Agrupaci\u00f3n Socialista de Ponferrada"},"image":{"@id":"https:\/\/agrupacionespsoe.es\/ponferrada\/#\/schema\/logo\/image\/"}},{"@type":"Person","@id":"https:\/\/agrupacionespsoe.es\/ponferrada\/#\/schema\/person\/cd29ee627f3b70c05d415f02596debaa","name":"ponferrada2","image":{"@type":"ImageObject","inLanguage":"es","@id":"https:\/\/agrupacionespsoe.es\/ponferrada\/#\/schema\/person\/image\/","url":"https:\/\/secure.gravatar.com\/avatar\/f499eeb60144c664cf7b7edf75549b50?s=96&d=mm&r=g","contentUrl":"https:\/\/secure.gravatar.com\/avatar\/f499eeb60144c664cf7b7edf75549b50?s=96&d=mm&r=g","caption":"ponferrada2"},"url":"https:\/\/agrupacionespsoe.es\/ponferrada\/author\/ponferrada2\/"}]}},"jetpack_featured_media_url":"https:\/\/agrupacionespsoe.es\/ponferrada\/wp-content\/uploads\/sites\/36\/2024\/04\/WhatsApp-Image-2024-04-05-at-09.44.49.jpeg","jetpack_sharing_enabled":true,"_links":{"self":[{"href":"https:\/\/agrupacionespsoe.es\/ponferrada\/wp-json\/wp\/v2\/posts\/453","targetHints":{"allow":["GET"]}}],"collection":[{"href":"https:\/\/agrupacionespsoe.es\/ponferrada\/wp-json\/wp\/v2\/posts"}],"about":[{"href":"https:\/\/agrupacionespsoe.es\/ponferrada\/wp-json\/wp\/v2\/types\/post"}],"author":[{"embeddable":true,"href":"https:\/\/agrupacionespsoe.es\/ponferrada\/wp-json\/wp\/v2\/users\/32"}],"replies":[{"embeddable":true,"href":"https:\/\/agrupacionespsoe.es\/ponferrada\/wp-json\/wp\/v2\/comments?post=453"}],"version-history":[{"count":1,"href":"https:\/\/agrupacionespsoe.es\/ponferrada\/wp-json\/wp\/v2\/posts\/453\/revisions"}],"predecessor-version":[{"id":455,"href":"https:\/\/agrupacionespsoe.es\/ponferrada\/wp-json\/wp\/v2\/posts\/453\/revisions\/455"}],"wp:featuredmedia":[{"embeddable":true,"href":"https:\/\/agrupacionespsoe.es\/ponferrada\/wp-json\/wp\/v2\/media\/454"}],"wp:attachment":[{"href":"https:\/\/agrupacionespsoe.es\/ponferrada\/wp-json\/wp\/v2\/media?parent=453"}],"wp:term":[{"taxonomy":"category","embeddable":true,"href":"https:\/\/agrupacionespsoe.es\/ponferrada\/wp-json\/wp\/v2\/categories?post=453"},{"taxonomy":"post_tag","embeddable":true,"href":"https:\/\/agrupacionespsoe.es\/ponferrada\/wp-json\/wp\/v2\/tags?post=453"}],"curies":[{"name":"wp","href":"https:\/\/api.w.org\/{rel}","templated":true}]}}