{"id":449,"date":"2024-04-01T15:10:47","date_gmt":"2024-04-01T15:10:47","guid":{"rendered":"https:\/\/agrupacionespsoe.es\/ponferrada\/?p=449"},"modified":"2024-04-01T15:11:37","modified_gmt":"2024-04-01T15:11:37","slug":"el-grupo-municipal-socialista-se-suma-a-las-criticas-de-las-asociaciones-por-la-falta-de-dialogo-del-actual-alcalde","status":"publish","type":"post","link":"https:\/\/agrupacionespsoe.es\/ponferrada\/el-grupo-municipal-socialista-se-suma-a-las-criticas-de-las-asociaciones-por-la-falta-de-dialogo-del-actual-alcalde\/","title":{"rendered":"El Grupo Municipal Socialista se suma a las cr\u00edticas de las asociaciones por la falta de di\u00e1logo del actual Alcalde."},"content":{"rendered":"\n<blockquote class=\"wp-block-quote is-layout-flow wp-block-quote-is-layout-flow\">\n<p class=\"has-large-font-size\">Los ciudadanos de primera son los que piensan igual que el Alcalde<\/p>\n<\/blockquote>\n\n\n\n<p><a>El Grupo Municipal Socialista del Ayuntamiento de Ponferrada quiere sumarse a las cr\u00edticas de las asociaciones de vecinos por la falta de sensibilidad y de di\u00e1logo del Alcalde.<\/a><\/p>\n\n\n\n<p>La concejala del PSOE y responsable del \u00e1rea de Mayores y Participaci\u00f3n Ciudadana se\u00f1ala que \u201cpara intentar acallar las cr\u00edticas de algunas de las asociaciones a su gesti\u00f3n se ampara en el reglamento de participaci\u00f3n ciudadana retorciendo la normativa\u201d.<\/p>\n\n\n\n<p>\u201cY decimos que retuercen la normativa porque el reglamento de participaci\u00f3n ciudadana est\u00e1 precisamente para fomentar la participaci\u00f3n, la que nos guste m\u00e1s o la que nos guste menos.Y con la misma normativa que les ha denegado la participaci\u00f3n en el Pleno, a nuestro juicio podr\u00edan hab\u00e9rselo concedido, seg\u00fan se\u00f1ala el art. 20 de esa norma donde se regula el derecho a intervenir en las sesiones del Pleno: <em>Terminada la sesi\u00f3n del Pleno, el Alcalde puede establecer un turno de ruegos y preguntas por el p\u00fablico asistente sobre temas concretos de inter\u00e9s municipal. Siendo la Presidencia de la Corporaci\u00f3n la que debe ordenar y cerrar el turno.\u201d<\/em><\/p>\n\n\n\n<p>Carmen Doel indica que \u201cno ha querido utilizar esa f\u00f3rmula porque no quiere escuchar lo que los y las vecinas le tienen que decir sobre su gesti\u00f3n.\u201d<\/p>\n\n\n\n<p>La concejala del PSOE dice que \u201cNo se trata de la primera vez que no tienen en cuenta a las asociaciones vecinales, queremos recordar las palabras de menosprecio del actual alcalde, el Sr, Morala, sobre la Federaci\u00f3n de Vecinos a cuenta de la petici\u00f3n que le hicieron de mantener el proyecto del bosque urbano, cuando se\u00f1al\u00f3 que \u201cahora mismo s\u00f3lo quedan dos asociaciones integr\u00e1ndola y todos sabemos qui\u00e9n est\u00e1 detr\u00e1s\u201d<\/p>\n\n\n\n<p>El PSOE considera que el PP de Ponferrada, est\u00e1 trabajando para debilitar el movimiento vecinal de la ciudad, y seguro que trabajar\u00e1 m\u00e1s activamente en debilitar las asociaciones que no son de su cuerda, lo que el PSOE considera un grave error ya que eso supone un \u00abgrave perjuicio para el inter\u00e9s general\u00bb, las asociaciones vecinales y la federaci\u00f3n, \u00abmediante la cr\u00edtica y sus propuestas para la mejora de sus barrios\u00bb, son los garantes para que los responsables municipales \u00abest\u00e9n en contacto con las necesidades de los barrios y de los ciudadanos que en ellos residen y mantengan los compromisos de proyectos que mejoren esos barrios\u00bb.<\/p>\n\n\n\n<p>Finaliza indicando que<strong> \u201cEsto viene a demostrar que para el alcalde si hay ciudadanos de primera y ciudadanos de segunda, los de primera son los que piensan igual que \u00e9l\u201d<\/strong>.<\/p>\n\n\n\n<figure class=\"wp-block-image size-large\"><img loading=\"lazy\" decoding=\"async\" width=\"813\" height=\"1024\" src=\"https:\/\/agrupacionespsoe.es\/ponferrada\/wp-content\/uploads\/sites\/36\/2024\/04\/carmen-doel-813x1024.jpeg\" alt=\"\" class=\"wp-image-450\" srcset=\"https:\/\/agrupacionespsoe.es\/ponferrada\/wp-content\/uploads\/sites\/36\/2024\/04\/carmen-doel-813x1024.jpeg 813w, https:\/\/agrupacionespsoe.es\/ponferrada\/wp-content\/uploads\/sites\/36\/2024\/04\/carmen-doel-238x300.jpeg 238w, https:\/\/agrupacionespsoe.es\/ponferrada\/wp-content\/uploads\/sites\/36\/2024\/04\/carmen-doel-768x967.jpeg 768w, https:\/\/agrupacionespsoe.es\/ponferrada\/wp-content\/uploads\/sites\/36\/2024\/04\/carmen-doel-1220x1536.jpeg 1220w, https:\/\/agrupacionespsoe.es\/ponferrada\/wp-content\/uploads\/sites\/36\/2024\/04\/carmen-doel.jpeg 1271w\" sizes=\"auto, (max-width: 813px) 100vw, 813px\" \/><\/figure>\n","protected":false},"excerpt":{"rendered":"<p>Los ciudadanos de primera son los que piensan igual que el Alcalde El Grupo Municipal Socialista del Ayuntamiento de Ponferrada quiere sumarse a las cr\u00edticas de las asociaciones de vecinos por la falta de sensibilidad y de di\u00e1logo del Alcalde. La concejala del PSOE y responsable del \u00e1rea de Mayores y Participaci\u00f3n Ciudadana se\u00f1ala que &#8230;<\/p>\n","protected":false},"author":32,"featured_media":450,"comment_status":"open","ping_status":"open","sticky":false,"template":"","format":"standard","meta":{"_jetpack_memberships_contains_paid_content":false,"footnotes":""},"categories":[6],"tags":[],"class_list":["post-449","post","type-post","status-publish","format-standard","has-post-thumbnail","hentry","category-actualidad"],"yoast_head":"<!-- This site is optimized with the Yoast SEO plugin v24.0 - https:\/\/yoast.com\/wordpress\/plugins\/seo\/ -->\n<title>El Grupo Municipal Socialista se suma a las cr\u00edticas de las asociaciones por la falta de di\u00e1logo del actual Alcalde. - Agrupaci\u00f3n Socialista de Ponferrada<\/title>\n<meta name=\"robots\" content=\"index, follow, max-snippet:-1, max-image-preview:large, max-video-preview:-1\" \/>\n<link rel=\"canonical\" href=\"https:\/\/agrupacionespsoe.es\/ponferrada\/el-grupo-municipal-socialista-se-suma-a-las-criticas-de-las-asociaciones-por-la-falta-de-dialogo-del-actual-alcalde\/\" \/>\n<meta property=\"og:locale\" content=\"es_ES\" \/>\n<meta property=\"og:type\" content=\"article\" \/>\n<meta property=\"og:title\" content=\"El Grupo Municipal Socialista se suma a las cr\u00edticas de las asociaciones por la falta de di\u00e1logo del actual Alcalde. - Agrupaci\u00f3n Socialista de Ponferrada\" \/>\n<meta property=\"og:description\" content=\"Los ciudadanos de primera son los que piensan igual que el Alcalde El Grupo Municipal Socialista del Ayuntamiento de Ponferrada quiere sumarse a las cr\u00edticas de las asociaciones de vecinos por la falta de sensibilidad y de di\u00e1logo del Alcalde. La concejala del PSOE y responsable del \u00e1rea de Mayores y Participaci\u00f3n Ciudadana se\u00f1ala que ...\" \/>\n<meta property=\"og:url\" content=\"https:\/\/agrupacionespsoe.es\/ponferrada\/el-grupo-municipal-socialista-se-suma-a-las-criticas-de-las-asociaciones-por-la-falta-de-dialogo-del-actual-alcalde\/\" \/>\n<meta property=\"og:site_name\" content=\"Agrupaci\u00f3n Socialista de Ponferrada\" \/>\n<meta property=\"article:published_time\" content=\"2024-04-01T15:10:47+00:00\" \/>\n<meta property=\"article:modified_time\" content=\"2024-04-01T15:11:37+00:00\" \/>\n<meta property=\"og:image\" content=\"https:\/\/agrupacionespsoe.es\/ponferrada\/wp-content\/uploads\/sites\/36\/2024\/04\/carmen-doel.jpeg\" \/>\n\t<meta property=\"og:image:width\" content=\"1271\" \/>\n\t<meta property=\"og:image:height\" content=\"1600\" \/>\n\t<meta property=\"og:image:type\" content=\"image\/jpeg\" \/>\n<meta name=\"author\" content=\"ponferrada2\" \/>\n<meta name=\"twitter:card\" content=\"summary_large_image\" \/>\n<meta name=\"twitter:label1\" content=\"Escrito por\" \/>\n\t<meta name=\"twitter:data1\" content=\"ponferrada2\" \/>\n\t<meta name=\"twitter:label2\" content=\"Tiempo de lectura\" \/>\n\t<meta name=\"twitter:data2\" content=\"3 minutos\" \/>\n<script type=\"application\/ld+json\" class=\"yoast-schema-graph\">{\"@context\":\"https:\/\/schema.org\",\"@graph\":[{\"@type\":\"Article\",\"@id\":\"https:\/\/agrupacionespsoe.es\/ponferrada\/el-grupo-municipal-socialista-se-suma-a-las-criticas-de-las-asociaciones-por-la-falta-de-dialogo-del-actual-alcalde\/#article\",\"isPartOf\":{\"@id\":\"https:\/\/agrupacionespsoe.es\/ponferrada\/el-grupo-municipal-socialista-se-suma-a-las-criticas-de-las-asociaciones-por-la-falta-de-dialogo-del-actual-alcalde\/\"},\"author\":{\"name\":\"ponferrada2\",\"@id\":\"https:\/\/agrupacionespsoe.es\/ponferrada\/#\/schema\/person\/cd29ee627f3b70c05d415f02596debaa\"},\"headline\":\"El Grupo Municipal Socialista se suma a las cr\u00edticas de las asociaciones por la falta de di\u00e1logo del actual Alcalde.\",\"datePublished\":\"2024-04-01T15:10:47+00:00\",\"dateModified\":\"2024-04-01T15:11:37+00:00\",\"mainEntityOfPage\":{\"@id\":\"https:\/\/agrupacionespsoe.es\/ponferrada\/el-grupo-municipal-socialista-se-suma-a-las-criticas-de-las-asociaciones-por-la-falta-de-dialogo-del-actual-alcalde\/\"},\"wordCount\":474,\"commentCount\":0,\"publisher\":{\"@id\":\"https:\/\/agrupacionespsoe.es\/ponferrada\/#organization\"},\"image\":{\"@id\":\"https:\/\/agrupacionespsoe.es\/ponferrada\/el-grupo-municipal-socialista-se-suma-a-las-criticas-de-las-asociaciones-por-la-falta-de-dialogo-del-actual-alcalde\/#primaryimage\"},\"thumbnailUrl\":\"https:\/\/agrupacionespsoe.es\/ponferrada\/wp-content\/uploads\/sites\/36\/2024\/04\/carmen-doel.jpeg\",\"articleSection\":[\"ACTUALIDAD\"],\"inLanguage\":\"es\",\"potentialAction\":[{\"@type\":\"CommentAction\",\"name\":\"Comment\",\"target\":[\"https:\/\/agrupacionespsoe.es\/ponferrada\/el-grupo-municipal-socialista-se-suma-a-las-criticas-de-las-asociaciones-por-la-falta-de-dialogo-del-actual-alcalde\/#respond\"]}]},{\"@type\":\"WebPage\",\"@id\":\"https:\/\/agrupacionespsoe.es\/ponferrada\/el-grupo-municipal-socialista-se-suma-a-las-criticas-de-las-asociaciones-por-la-falta-de-dialogo-del-actual-alcalde\/\",\"url\":\"https:\/\/agrupacionespsoe.es\/ponferrada\/el-grupo-municipal-socialista-se-suma-a-las-criticas-de-las-asociaciones-por-la-falta-de-dialogo-del-actual-alcalde\/\",\"name\":\"El Grupo Municipal Socialista se suma a las cr\u00edticas de las asociaciones por la falta de di\u00e1logo del actual Alcalde. - Agrupaci\u00f3n Socialista de Ponferrada\",\"isPartOf\":{\"@id\":\"https:\/\/agrupacionespsoe.es\/ponferrada\/#website\"},\"primaryImageOfPage\":{\"@id\":\"https:\/\/agrupacionespsoe.es\/ponferrada\/el-grupo-municipal-socialista-se-suma-a-las-criticas-de-las-asociaciones-por-la-falta-de-dialogo-del-actual-alcalde\/#primaryimage\"},\"image\":{\"@id\":\"https:\/\/agrupacionespsoe.es\/ponferrada\/el-grupo-municipal-socialista-se-suma-a-las-criticas-de-las-asociaciones-por-la-falta-de-dialogo-del-actual-alcalde\/#primaryimage\"},\"thumbnailUrl\":\"https:\/\/agrupacionespsoe.es\/ponferrada\/wp-content\/uploads\/sites\/36\/2024\/04\/carmen-doel.jpeg\",\"datePublished\":\"2024-04-01T15:10:47+00:00\",\"dateModified\":\"2024-04-01T15:11:37+00:00\",\"breadcrumb\":{\"@id\":\"https:\/\/agrupacionespsoe.es\/ponferrada\/el-grupo-municipal-socialista-se-suma-a-las-criticas-de-las-asociaciones-por-la-falta-de-dialogo-del-actual-alcalde\/#breadcrumb\"},\"inLanguage\":\"es\",\"potentialAction\":[{\"@type\":\"ReadAction\",\"target\":[\"https:\/\/agrupacionespsoe.es\/ponferrada\/el-grupo-municipal-socialista-se-suma-a-las-criticas-de-las-asociaciones-por-la-falta-de-dialogo-del-actual-alcalde\/\"]}]},{\"@type\":\"ImageObject\",\"inLanguage\":\"es\",\"@id\":\"https:\/\/agrupacionespsoe.es\/ponferrada\/el-grupo-municipal-socialista-se-suma-a-las-criticas-de-las-asociaciones-por-la-falta-de-dialogo-del-actual-alcalde\/#primaryimage\",\"url\":\"https:\/\/agrupacionespsoe.es\/ponferrada\/wp-content\/uploads\/sites\/36\/2024\/04\/carmen-doel.jpeg\",\"contentUrl\":\"https:\/\/agrupacionespsoe.es\/ponferrada\/wp-content\/uploads\/sites\/36\/2024\/04\/carmen-doel.jpeg\",\"width\":1271,\"height\":1600},{\"@type\":\"BreadcrumbList\",\"@id\":\"https:\/\/agrupacionespsoe.es\/ponferrada\/el-grupo-municipal-socialista-se-suma-a-las-criticas-de-las-asociaciones-por-la-falta-de-dialogo-del-actual-alcalde\/#breadcrumb\",\"itemListElement\":[{\"@type\":\"ListItem\",\"position\":1,\"name\":\"Portada\",\"item\":\"https:\/\/agrupacionespsoe.es\/ponferrada\/\"},{\"@type\":\"ListItem\",\"position\":2,\"name\":\"El Grupo Municipal Socialista se suma a las cr\u00edticas de las asociaciones por la falta de di\u00e1logo del actual Alcalde.\"}]},{\"@type\":\"WebSite\",\"@id\":\"https:\/\/agrupacionespsoe.es\/ponferrada\/#website\",\"url\":\"https:\/\/agrupacionespsoe.es\/ponferrada\/\",\"name\":\"Agrupaci\u00f3n Socialista de Ponferrada\",\"description\":\"Agrupaci\u00f3n Socialista de Ponferrada\",\"publisher\":{\"@id\":\"https:\/\/agrupacionespsoe.es\/ponferrada\/#organization\"},\"potentialAction\":[{\"@type\":\"SearchAction\",\"target\":{\"@type\":\"EntryPoint\",\"urlTemplate\":\"https:\/\/agrupacionespsoe.es\/ponferrada\/?s={search_term_string}\"},\"query-input\":{\"@type\":\"PropertyValueSpecification\",\"valueRequired\":true,\"valueName\":\"search_term_string\"}}],\"inLanguage\":\"es\"},{\"@type\":\"Organization\",\"@id\":\"https:\/\/agrupacionespsoe.es\/ponferrada\/#organization\",\"name\":\"Agrupaci\u00f3n Socialista de Ponferrada\",\"url\":\"https:\/\/agrupacionespsoe.es\/ponferrada\/\",\"logo\":{\"@type\":\"ImageObject\",\"inLanguage\":\"es\",\"@id\":\"https:\/\/agrupacionespsoe.es\/ponferrada\/#\/schema\/logo\/image\/\",\"url\":\"https:\/\/agrupacionespsoe.es\/wp-content\/uploads\/2022\/07\/Logotipo_electoral_del_PSOE.png\",\"contentUrl\":\"https:\/\/agrupacionespsoe.es\/wp-content\/uploads\/2022\/07\/Logotipo_electoral_del_PSOE.png\",\"width\":422,\"height\":422,\"caption\":\"Agrupaci\u00f3n Socialista de Ponferrada\"},\"image\":{\"@id\":\"https:\/\/agrupacionespsoe.es\/ponferrada\/#\/schema\/logo\/image\/\"}},{\"@type\":\"Person\",\"@id\":\"https:\/\/agrupacionespsoe.es\/ponferrada\/#\/schema\/person\/cd29ee627f3b70c05d415f02596debaa\",\"name\":\"ponferrada2\",\"image\":{\"@type\":\"ImageObject\",\"inLanguage\":\"es\",\"@id\":\"https:\/\/agrupacionespsoe.es\/ponferrada\/#\/schema\/person\/image\/\",\"url\":\"https:\/\/secure.gravatar.com\/avatar\/f499eeb60144c664cf7b7edf75549b50?s=96&d=mm&r=g\",\"contentUrl\":\"https:\/\/secure.gravatar.com\/avatar\/f499eeb60144c664cf7b7edf75549b50?s=96&d=mm&r=g\",\"caption\":\"ponferrada2\"},\"url\":\"https:\/\/agrupacionespsoe.es\/ponferrada\/author\/ponferrada2\/\"}]}<\/script>\n<!-- \/ Yoast SEO plugin. -->","yoast_head_json":{"title":"El Grupo Municipal Socialista se suma a las cr\u00edticas de las asociaciones por la falta de di\u00e1logo del actual Alcalde. - Agrupaci\u00f3n Socialista de Ponferrada","robots":{"index":"index","follow":"follow","max-snippet":"max-snippet:-1","max-image-preview":"max-image-preview:large","max-video-preview":"max-video-preview:-1"},"canonical":"https:\/\/agrupacionespsoe.es\/ponferrada\/el-grupo-municipal-socialista-se-suma-a-las-criticas-de-las-asociaciones-por-la-falta-de-dialogo-del-actual-alcalde\/","og_locale":"es_ES","og_type":"article","og_title":"El Grupo Municipal Socialista se suma a las cr\u00edticas de las asociaciones por la falta de di\u00e1logo del actual Alcalde. - Agrupaci\u00f3n Socialista de Ponferrada","og_description":"Los ciudadanos de primera son los que piensan igual que el Alcalde El Grupo Municipal Socialista del Ayuntamiento de Ponferrada quiere sumarse a las cr\u00edticas de las asociaciones de vecinos por la falta de sensibilidad y de di\u00e1logo del Alcalde. La concejala del PSOE y responsable del \u00e1rea de Mayores y Participaci\u00f3n Ciudadana se\u00f1ala que ...","og_url":"https:\/\/agrupacionespsoe.es\/ponferrada\/el-grupo-municipal-socialista-se-suma-a-las-criticas-de-las-asociaciones-por-la-falta-de-dialogo-del-actual-alcalde\/","og_site_name":"Agrupaci\u00f3n Socialista de Ponferrada","article_published_time":"2024-04-01T15:10:47+00:00","article_modified_time":"2024-04-01T15:11:37+00:00","og_image":[{"width":1271,"height":1600,"url":"https:\/\/agrupacionespsoe.es\/ponferrada\/wp-content\/uploads\/sites\/36\/2024\/04\/carmen-doel.jpeg","type":"image\/jpeg"}],"author":"ponferrada2","twitter_card":"summary_large_image","twitter_misc":{"Escrito por":"ponferrada2","Tiempo de lectura":"3 minutos"},"schema":{"@context":"https:\/\/schema.org","@graph":[{"@type":"Article","@id":"https:\/\/agrupacionespsoe.es\/ponferrada\/el-grupo-municipal-socialista-se-suma-a-las-criticas-de-las-asociaciones-por-la-falta-de-dialogo-del-actual-alcalde\/#article","isPartOf":{"@id":"https:\/\/agrupacionespsoe.es\/ponferrada\/el-grupo-municipal-socialista-se-suma-a-las-criticas-de-las-asociaciones-por-la-falta-de-dialogo-del-actual-alcalde\/"},"author":{"name":"ponferrada2","@id":"https:\/\/agrupacionespsoe.es\/ponferrada\/#\/schema\/person\/cd29ee627f3b70c05d415f02596debaa"},"headline":"El Grupo Municipal Socialista se suma a las cr\u00edticas de las asociaciones por la falta de di\u00e1logo del actual Alcalde.","datePublished":"2024-04-01T15:10:47+00:00","dateModified":"2024-04-01T15:11:37+00:00","mainEntityOfPage":{"@id":"https:\/\/agrupacionespsoe.es\/ponferrada\/el-grupo-municipal-socialista-se-suma-a-las-criticas-de-las-asociaciones-por-la-falta-de-dialogo-del-actual-alcalde\/"},"wordCount":474,"commentCount":0,"publisher":{"@id":"https:\/\/agrupacionespsoe.es\/ponferrada\/#organization"},"image":{"@id":"https:\/\/agrupacionespsoe.es\/ponferrada\/el-grupo-municipal-socialista-se-suma-a-las-criticas-de-las-asociaciones-por-la-falta-de-dialogo-del-actual-alcalde\/#primaryimage"},"thumbnailUrl":"https:\/\/agrupacionespsoe.es\/ponferrada\/wp-content\/uploads\/sites\/36\/2024\/04\/carmen-doel.jpeg","articleSection":["ACTUALIDAD"],"inLanguage":"es","potentialAction":[{"@type":"CommentAction","name":"Comment","target":["https:\/\/agrupacionespsoe.es\/ponferrada\/el-grupo-municipal-socialista-se-suma-a-las-criticas-de-las-asociaciones-por-la-falta-de-dialogo-del-actual-alcalde\/#respond"]}]},{"@type":"WebPage","@id":"https:\/\/agrupacionespsoe.es\/ponferrada\/el-grupo-municipal-socialista-se-suma-a-las-criticas-de-las-asociaciones-por-la-falta-de-dialogo-del-actual-alcalde\/","url":"https:\/\/agrupacionespsoe.es\/ponferrada\/el-grupo-municipal-socialista-se-suma-a-las-criticas-de-las-asociaciones-por-la-falta-de-dialogo-del-actual-alcalde\/","name":"El Grupo Municipal Socialista se suma a las cr\u00edticas de las asociaciones por la falta de di\u00e1logo del actual Alcalde. - Agrupaci\u00f3n Socialista de Ponferrada","isPartOf":{"@id":"https:\/\/agrupacionespsoe.es\/ponferrada\/#website"},"primaryImageOfPage":{"@id":"https:\/\/agrupacionespsoe.es\/ponferrada\/el-grupo-municipal-socialista-se-suma-a-las-criticas-de-las-asociaciones-por-la-falta-de-dialogo-del-actual-alcalde\/#primaryimage"},"image":{"@id":"https:\/\/agrupacionespsoe.es\/ponferrada\/el-grupo-municipal-socialista-se-suma-a-las-criticas-de-las-asociaciones-por-la-falta-de-dialogo-del-actual-alcalde\/#primaryimage"},"thumbnailUrl":"https:\/\/agrupacionespsoe.es\/ponferrada\/wp-content\/uploads\/sites\/36\/2024\/04\/carmen-doel.jpeg","datePublished":"2024-04-01T15:10:47+00:00","dateModified":"2024-04-01T15:11:37+00:00","breadcrumb":{"@id":"https:\/\/agrupacionespsoe.es\/ponferrada\/el-grupo-municipal-socialista-se-suma-a-las-criticas-de-las-asociaciones-por-la-falta-de-dialogo-del-actual-alcalde\/#breadcrumb"},"inLanguage":"es","potentialAction":[{"@type":"ReadAction","target":["https:\/\/agrupacionespsoe.es\/ponferrada\/el-grupo-municipal-socialista-se-suma-a-las-criticas-de-las-asociaciones-por-la-falta-de-dialogo-del-actual-alcalde\/"]}]},{"@type":"ImageObject","inLanguage":"es","@id":"https:\/\/agrupacionespsoe.es\/ponferrada\/el-grupo-municipal-socialista-se-suma-a-las-criticas-de-las-asociaciones-por-la-falta-de-dialogo-del-actual-alcalde\/#primaryimage","url":"https:\/\/agrupacionespsoe.es\/ponferrada\/wp-content\/uploads\/sites\/36\/2024\/04\/carmen-doel.jpeg","contentUrl":"https:\/\/agrupacionespsoe.es\/ponferrada\/wp-content\/uploads\/sites\/36\/2024\/04\/carmen-doel.jpeg","width":1271,"height":1600},{"@type":"BreadcrumbList","@id":"https:\/\/agrupacionespsoe.es\/ponferrada\/el-grupo-municipal-socialista-se-suma-a-las-criticas-de-las-asociaciones-por-la-falta-de-dialogo-del-actual-alcalde\/#breadcrumb","itemListElement":[{"@type":"ListItem","position":1,"name":"Portada","item":"https:\/\/agrupacionespsoe.es\/ponferrada\/"},{"@type":"ListItem","position":2,"name":"El Grupo Municipal Socialista se suma a las cr\u00edticas de las asociaciones por la falta de di\u00e1logo del actual Alcalde."}]},{"@type":"WebSite","@id":"https:\/\/agrupacionespsoe.es\/ponferrada\/#website","url":"https:\/\/agrupacionespsoe.es\/ponferrada\/","name":"Agrupaci\u00f3n Socialista de Ponferrada","description":"Agrupaci\u00f3n Socialista de Ponferrada","publisher":{"@id":"https:\/\/agrupacionespsoe.es\/ponferrada\/#organization"},"potentialAction":[{"@type":"SearchAction","target":{"@type":"EntryPoint","urlTemplate":"https:\/\/agrupacionespsoe.es\/ponferrada\/?s={search_term_string}"},"query-input":{"@type":"PropertyValueSpecification","valueRequired":true,"valueName":"search_term_string"}}],"inLanguage":"es"},{"@type":"Organization","@id":"https:\/\/agrupacionespsoe.es\/ponferrada\/#organization","name":"Agrupaci\u00f3n Socialista de Ponferrada","url":"https:\/\/agrupacionespsoe.es\/ponferrada\/","logo":{"@type":"ImageObject","inLanguage":"es","@id":"https:\/\/agrupacionespsoe.es\/ponferrada\/#\/schema\/logo\/image\/","url":"https:\/\/agrupacionespsoe.es\/wp-content\/uploads\/2022\/07\/Logotipo_electoral_del_PSOE.png","contentUrl":"https:\/\/agrupacionespsoe.es\/wp-content\/uploads\/2022\/07\/Logotipo_electoral_del_PSOE.png","width":422,"height":422,"caption":"Agrupaci\u00f3n Socialista de Ponferrada"},"image":{"@id":"https:\/\/agrupacionespsoe.es\/ponferrada\/#\/schema\/logo\/image\/"}},{"@type":"Person","@id":"https:\/\/agrupacionespsoe.es\/ponferrada\/#\/schema\/person\/cd29ee627f3b70c05d415f02596debaa","name":"ponferrada2","image":{"@type":"ImageObject","inLanguage":"es","@id":"https:\/\/agrupacionespsoe.es\/ponferrada\/#\/schema\/person\/image\/","url":"https:\/\/secure.gravatar.com\/avatar\/f499eeb60144c664cf7b7edf75549b50?s=96&d=mm&r=g","contentUrl":"https:\/\/secure.gravatar.com\/avatar\/f499eeb60144c664cf7b7edf75549b50?s=96&d=mm&r=g","caption":"ponferrada2"},"url":"https:\/\/agrupacionespsoe.es\/ponferrada\/author\/ponferrada2\/"}]}},"jetpack_featured_media_url":"https:\/\/agrupacionespsoe.es\/ponferrada\/wp-content\/uploads\/sites\/36\/2024\/04\/carmen-doel.jpeg","jetpack_sharing_enabled":true,"_links":{"self":[{"href":"https:\/\/agrupacionespsoe.es\/ponferrada\/wp-json\/wp\/v2\/posts\/449","targetHints":{"allow":["GET"]}}],"collection":[{"href":"https:\/\/agrupacionespsoe.es\/ponferrada\/wp-json\/wp\/v2\/posts"}],"about":[{"href":"https:\/\/agrupacionespsoe.es\/ponferrada\/wp-json\/wp\/v2\/types\/post"}],"author":[{"embeddable":true,"href":"https:\/\/agrupacionespsoe.es\/ponferrada\/wp-json\/wp\/v2\/users\/32"}],"replies":[{"embeddable":true,"href":"https:\/\/agrupacionespsoe.es\/ponferrada\/wp-json\/wp\/v2\/comments?post=449"}],"version-history":[{"count":2,"href":"https:\/\/agrupacionespsoe.es\/ponferrada\/wp-json\/wp\/v2\/posts\/449\/revisions"}],"predecessor-version":[{"id":452,"href":"https:\/\/agrupacionespsoe.es\/ponferrada\/wp-json\/wp\/v2\/posts\/449\/revisions\/452"}],"wp:featuredmedia":[{"embeddable":true,"href":"https:\/\/agrupacionespsoe.es\/ponferrada\/wp-json\/wp\/v2\/media\/450"}],"wp:attachment":[{"href":"https:\/\/agrupacionespsoe.es\/ponferrada\/wp-json\/wp\/v2\/media?parent=449"}],"wp:term":[{"taxonomy":"category","embeddable":true,"href":"https:\/\/agrupacionespsoe.es\/ponferrada\/wp-json\/wp\/v2\/categories?post=449"},{"taxonomy":"post_tag","embeddable":true,"href":"https:\/\/agrupacionespsoe.es\/ponferrada\/wp-json\/wp\/v2\/tags?post=449"}],"curies":[{"name":"wp","href":"https:\/\/api.w.org\/{rel}","templated":true}]}}