{"id":436,"date":"2024-03-22T12:37:27","date_gmt":"2024-03-22T12:37:27","guid":{"rendered":"https:\/\/agrupacionespsoe.es\/ponferrada\/?p=436"},"modified":"2024-03-22T12:37:28","modified_gmt":"2024-03-22T12:37:28","slug":"el-pp-y-cb-escenifican-el-desgobierno-y-la-falta-de-coordinacion","status":"publish","type":"post","link":"https:\/\/agrupacionespsoe.es\/ponferrada\/el-pp-y-cb-escenifican-el-desgobierno-y-la-falta-de-coordinacion\/","title":{"rendered":"El PP y CB escenifican el desgobierno y la falta de coordinaci\u00f3n."},"content":{"rendered":"\n<p class=\"has-large-font-size\"><strong>El PSOE vuelve a hacer una pol\u00edtica responsable y le salva los trastos al equipo de gobierno<\/strong><\/p>\n\n\n\n<p>Esta ma\u00f1ana se ha celebrado el Pleno ordinario del Ayuntamiento de Ponferrada. Un pleno que vuelve a ser un ejemplo del desgobierno y la falta de coordinaci\u00f3n del actual Alcalde.<\/p>\n\n\n\n<p>Si el punto sobre la orden de continuidad del servicio de transporte ya fue objeto de retirada por parte del equipo de gobierno en el pleno de febrero, hoy lo han vuelto a traer sin tener garantizada su aprobaci\u00f3n y adem\u00e1s incumpliendo, en alguna medida el compromiso que hab\u00edan adquirido con el PSOE de valorar la mejor forma de gesti\u00f3n del servicio.<\/p>\n\n\n\n<p>El PSOE que siempre act\u00faa de manera responsable y haciendo lo mejor para la ciudadan\u00eda ha votado en contra porque sabe <strong>que el servicio no corre peligro<\/strong>. Los autobuses seguir\u00e1n prestando el servicio como lo estaba realizando hasta el momento y ni peligra el funcionamiento ni los puestos de trabajo. Recordamos que mientras gobern\u00f3 el PP de 2015 a 2019 no fueron capaces de aprobar un nuevo contrato.<\/p>\n\n\n\n<p>El PSOE le ha dicho NO a la falta de trabajo de este equipo de gobierno que han tenido 9 meses para empezar a realizar los nuevos pliegos o lo que es preferible para el PSOE, prepararse para la municipalizaci\u00f3n del servicio. A juicio del PSOE la municipalizaci\u00f3n del servicio dar\u00eda soluci\u00f3n a los problemas actuales con los que se encuentra la ciudadan\u00eda en el acceso a este servicio.<\/p>\n\n\n\n<p>No ha sido el \u00fanico punto en el que se ha demostrado la falta de trabajo de PP y CB, ocurre lo mismo con el servicio de ORA, a pesar de que el hoy alcalde y su teniente de alcalde criticaron la pr\u00f3rroga de este servicio en 2023, hoy ellos han hecho lo mismo, y si hace menos de un a\u00f1o las razones para la pr\u00f3rroga eran evidentes, ahora se deben a la falta de diligencia en su labor pol\u00edtica. En este punto, el PSOE se ha abstenido porque su voto en contra hubiera provocado que las 24 personas que actualmente trabajan en ese servicio se fueran a la calle y ese ha sido la motivaci\u00f3n \u00fanica y principal.<\/p>\n\n\n\n<p>Por \u00faltimo, el PSOE ha querido se\u00f1alar que por mucho que diga el actual equipo de gobierno que PSOE y VOX hacen \u201cpinza\u201d lo cierto es que la \u00fanica pinza que se ha hecho es la que pactaron en la cafeter\u00eda de las cortes de Valladolid para hacer alcalde al Sr. Morala a cambio de unos sueldos y que es ya la segunda ocasi\u00f3n que el PSOE le salva los trastos al actual equipo de gobierno para sacar adelante cuestiones que afectan a la\u00a0 ciudadan\u00eda.<\/p>\n\n\n\n<figure class=\"wp-block-image size-large\"><img loading=\"lazy\" decoding=\"async\" width=\"1024\" height=\"768\" src=\"https:\/\/agrupacionespsoe.es\/ponferrada\/wp-content\/uploads\/sites\/36\/2024\/03\/WhatsApp-Image-2024-03-22-at-13.28.08-1024x768.jpeg\" alt=\"\" class=\"wp-image-437\" srcset=\"https:\/\/agrupacionespsoe.es\/ponferrada\/wp-content\/uploads\/sites\/36\/2024\/03\/WhatsApp-Image-2024-03-22-at-13.28.08-1024x768.jpeg 1024w, https:\/\/agrupacionespsoe.es\/ponferrada\/wp-content\/uploads\/sites\/36\/2024\/03\/WhatsApp-Image-2024-03-22-at-13.28.08-300x225.jpeg 300w, https:\/\/agrupacionespsoe.es\/ponferrada\/wp-content\/uploads\/sites\/36\/2024\/03\/WhatsApp-Image-2024-03-22-at-13.28.08-768x576.jpeg 768w, https:\/\/agrupacionespsoe.es\/ponferrada\/wp-content\/uploads\/sites\/36\/2024\/03\/WhatsApp-Image-2024-03-22-at-13.28.08-1536x1152.jpeg 1536w, https:\/\/agrupacionespsoe.es\/ponferrada\/wp-content\/uploads\/sites\/36\/2024\/03\/WhatsApp-Image-2024-03-22-at-13.28.08.jpeg 1600w\" sizes=\"auto, (max-width: 1024px) 100vw, 1024px\" \/><\/figure>\n","protected":false},"excerpt":{"rendered":"<p>El PSOE vuelve a hacer una pol\u00edtica responsable y le salva los trastos al equipo de gobierno Esta ma\u00f1ana se ha celebrado el Pleno ordinario del Ayuntamiento de Ponferrada. Un pleno que vuelve a ser un ejemplo del desgobierno y la falta de coordinaci\u00f3n del actual Alcalde. Si el punto sobre la orden de continuidad &#8230;<\/p>\n","protected":false},"author":32,"featured_media":437,"comment_status":"open","ping_status":"open","sticky":false,"template":"","format":"standard","meta":{"_jetpack_memberships_contains_paid_content":false,"footnotes":""},"categories":[6],"tags":[],"class_list":["post-436","post","type-post","status-publish","format-standard","has-post-thumbnail","hentry","category-actualidad"],"yoast_head":"<!-- This site is optimized with the Yoast SEO plugin v24.0 - https:\/\/yoast.com\/wordpress\/plugins\/seo\/ -->\n<title>El PP y CB escenifican el desgobierno y la falta de coordinaci\u00f3n. - Agrupaci\u00f3n Socialista de Ponferrada<\/title>\n<meta name=\"robots\" content=\"index, follow, max-snippet:-1, max-image-preview:large, max-video-preview:-1\" \/>\n<link rel=\"canonical\" href=\"https:\/\/agrupacionespsoe.es\/ponferrada\/el-pp-y-cb-escenifican-el-desgobierno-y-la-falta-de-coordinacion\/\" \/>\n<meta property=\"og:locale\" content=\"es_ES\" \/>\n<meta property=\"og:type\" content=\"article\" \/>\n<meta property=\"og:title\" content=\"El PP y CB escenifican el desgobierno y la falta de coordinaci\u00f3n. - Agrupaci\u00f3n Socialista de Ponferrada\" \/>\n<meta property=\"og:description\" content=\"El PSOE vuelve a hacer una pol\u00edtica responsable y le salva los trastos al equipo de gobierno Esta ma\u00f1ana se ha celebrado el Pleno ordinario del Ayuntamiento de Ponferrada. Un pleno que vuelve a ser un ejemplo del desgobierno y la falta de coordinaci\u00f3n del actual Alcalde. Si el punto sobre la orden de continuidad ...\" \/>\n<meta property=\"og:url\" content=\"https:\/\/agrupacionespsoe.es\/ponferrada\/el-pp-y-cb-escenifican-el-desgobierno-y-la-falta-de-coordinacion\/\" \/>\n<meta property=\"og:site_name\" content=\"Agrupaci\u00f3n Socialista de Ponferrada\" \/>\n<meta property=\"article:published_time\" content=\"2024-03-22T12:37:27+00:00\" \/>\n<meta property=\"article:modified_time\" content=\"2024-03-22T12:37:28+00:00\" \/>\n<meta property=\"og:image\" content=\"https:\/\/agrupacionespsoe.es\/ponferrada\/wp-content\/uploads\/sites\/36\/2024\/03\/WhatsApp-Image-2024-03-22-at-13.28.08.jpeg\" \/>\n\t<meta property=\"og:image:width\" content=\"1600\" \/>\n\t<meta property=\"og:image:height\" content=\"1200\" \/>\n\t<meta property=\"og:image:type\" content=\"image\/jpeg\" \/>\n<meta name=\"author\" content=\"ponferrada2\" \/>\n<meta name=\"twitter:card\" content=\"summary_large_image\" \/>\n<meta name=\"twitter:label1\" content=\"Escrito por\" \/>\n\t<meta name=\"twitter:data1\" content=\"ponferrada2\" \/>\n\t<meta name=\"twitter:label2\" content=\"Tiempo de lectura\" \/>\n\t<meta name=\"twitter:data2\" content=\"3 minutos\" \/>\n<script type=\"application\/ld+json\" class=\"yoast-schema-graph\">{\"@context\":\"https:\/\/schema.org\",\"@graph\":[{\"@type\":\"Article\",\"@id\":\"https:\/\/agrupacionespsoe.es\/ponferrada\/el-pp-y-cb-escenifican-el-desgobierno-y-la-falta-de-coordinacion\/#article\",\"isPartOf\":{\"@id\":\"https:\/\/agrupacionespsoe.es\/ponferrada\/el-pp-y-cb-escenifican-el-desgobierno-y-la-falta-de-coordinacion\/\"},\"author\":{\"name\":\"ponferrada2\",\"@id\":\"https:\/\/agrupacionespsoe.es\/ponferrada\/#\/schema\/person\/cd29ee627f3b70c05d415f02596debaa\"},\"headline\":\"El PP y CB escenifican el desgobierno y la falta de coordinaci\u00f3n.\",\"datePublished\":\"2024-03-22T12:37:27+00:00\",\"dateModified\":\"2024-03-22T12:37:28+00:00\",\"mainEntityOfPage\":{\"@id\":\"https:\/\/agrupacionespsoe.es\/ponferrada\/el-pp-y-cb-escenifican-el-desgobierno-y-la-falta-de-coordinacion\/\"},\"wordCount\":482,\"commentCount\":0,\"publisher\":{\"@id\":\"https:\/\/agrupacionespsoe.es\/ponferrada\/#organization\"},\"image\":{\"@id\":\"https:\/\/agrupacionespsoe.es\/ponferrada\/el-pp-y-cb-escenifican-el-desgobierno-y-la-falta-de-coordinacion\/#primaryimage\"},\"thumbnailUrl\":\"https:\/\/agrupacionespsoe.es\/ponferrada\/wp-content\/uploads\/sites\/36\/2024\/03\/WhatsApp-Image-2024-03-22-at-13.28.08.jpeg\",\"articleSection\":[\"ACTUALIDAD\"],\"inLanguage\":\"es\",\"potentialAction\":[{\"@type\":\"CommentAction\",\"name\":\"Comment\",\"target\":[\"https:\/\/agrupacionespsoe.es\/ponferrada\/el-pp-y-cb-escenifican-el-desgobierno-y-la-falta-de-coordinacion\/#respond\"]}]},{\"@type\":\"WebPage\",\"@id\":\"https:\/\/agrupacionespsoe.es\/ponferrada\/el-pp-y-cb-escenifican-el-desgobierno-y-la-falta-de-coordinacion\/\",\"url\":\"https:\/\/agrupacionespsoe.es\/ponferrada\/el-pp-y-cb-escenifican-el-desgobierno-y-la-falta-de-coordinacion\/\",\"name\":\"El PP y CB escenifican el desgobierno y la falta de coordinaci\u00f3n. - Agrupaci\u00f3n Socialista de Ponferrada\",\"isPartOf\":{\"@id\":\"https:\/\/agrupacionespsoe.es\/ponferrada\/#website\"},\"primaryImageOfPage\":{\"@id\":\"https:\/\/agrupacionespsoe.es\/ponferrada\/el-pp-y-cb-escenifican-el-desgobierno-y-la-falta-de-coordinacion\/#primaryimage\"},\"image\":{\"@id\":\"https:\/\/agrupacionespsoe.es\/ponferrada\/el-pp-y-cb-escenifican-el-desgobierno-y-la-falta-de-coordinacion\/#primaryimage\"},\"thumbnailUrl\":\"https:\/\/agrupacionespsoe.es\/ponferrada\/wp-content\/uploads\/sites\/36\/2024\/03\/WhatsApp-Image-2024-03-22-at-13.28.08.jpeg\",\"datePublished\":\"2024-03-22T12:37:27+00:00\",\"dateModified\":\"2024-03-22T12:37:28+00:00\",\"breadcrumb\":{\"@id\":\"https:\/\/agrupacionespsoe.es\/ponferrada\/el-pp-y-cb-escenifican-el-desgobierno-y-la-falta-de-coordinacion\/#breadcrumb\"},\"inLanguage\":\"es\",\"potentialAction\":[{\"@type\":\"ReadAction\",\"target\":[\"https:\/\/agrupacionespsoe.es\/ponferrada\/el-pp-y-cb-escenifican-el-desgobierno-y-la-falta-de-coordinacion\/\"]}]},{\"@type\":\"ImageObject\",\"inLanguage\":\"es\",\"@id\":\"https:\/\/agrupacionespsoe.es\/ponferrada\/el-pp-y-cb-escenifican-el-desgobierno-y-la-falta-de-coordinacion\/#primaryimage\",\"url\":\"https:\/\/agrupacionespsoe.es\/ponferrada\/wp-content\/uploads\/sites\/36\/2024\/03\/WhatsApp-Image-2024-03-22-at-13.28.08.jpeg\",\"contentUrl\":\"https:\/\/agrupacionespsoe.es\/ponferrada\/wp-content\/uploads\/sites\/36\/2024\/03\/WhatsApp-Image-2024-03-22-at-13.28.08.jpeg\",\"width\":1600,\"height\":1200},{\"@type\":\"BreadcrumbList\",\"@id\":\"https:\/\/agrupacionespsoe.es\/ponferrada\/el-pp-y-cb-escenifican-el-desgobierno-y-la-falta-de-coordinacion\/#breadcrumb\",\"itemListElement\":[{\"@type\":\"ListItem\",\"position\":1,\"name\":\"Portada\",\"item\":\"https:\/\/agrupacionespsoe.es\/ponferrada\/\"},{\"@type\":\"ListItem\",\"position\":2,\"name\":\"El PP y CB escenifican el desgobierno y la falta de coordinaci\u00f3n.\"}]},{\"@type\":\"WebSite\",\"@id\":\"https:\/\/agrupacionespsoe.es\/ponferrada\/#website\",\"url\":\"https:\/\/agrupacionespsoe.es\/ponferrada\/\",\"name\":\"Agrupaci\u00f3n Socialista de Ponferrada\",\"description\":\"Agrupaci\u00f3n Socialista de Ponferrada\",\"publisher\":{\"@id\":\"https:\/\/agrupacionespsoe.es\/ponferrada\/#organization\"},\"potentialAction\":[{\"@type\":\"SearchAction\",\"target\":{\"@type\":\"EntryPoint\",\"urlTemplate\":\"https:\/\/agrupacionespsoe.es\/ponferrada\/?s={search_term_string}\"},\"query-input\":{\"@type\":\"PropertyValueSpecification\",\"valueRequired\":true,\"valueName\":\"search_term_string\"}}],\"inLanguage\":\"es\"},{\"@type\":\"Organization\",\"@id\":\"https:\/\/agrupacionespsoe.es\/ponferrada\/#organization\",\"name\":\"Agrupaci\u00f3n Socialista de Ponferrada\",\"url\":\"https:\/\/agrupacionespsoe.es\/ponferrada\/\",\"logo\":{\"@type\":\"ImageObject\",\"inLanguage\":\"es\",\"@id\":\"https:\/\/agrupacionespsoe.es\/ponferrada\/#\/schema\/logo\/image\/\",\"url\":\"https:\/\/agrupacionespsoe.es\/wp-content\/uploads\/2022\/07\/Logotipo_electoral_del_PSOE.png\",\"contentUrl\":\"https:\/\/agrupacionespsoe.es\/wp-content\/uploads\/2022\/07\/Logotipo_electoral_del_PSOE.png\",\"width\":422,\"height\":422,\"caption\":\"Agrupaci\u00f3n Socialista de Ponferrada\"},\"image\":{\"@id\":\"https:\/\/agrupacionespsoe.es\/ponferrada\/#\/schema\/logo\/image\/\"}},{\"@type\":\"Person\",\"@id\":\"https:\/\/agrupacionespsoe.es\/ponferrada\/#\/schema\/person\/cd29ee627f3b70c05d415f02596debaa\",\"name\":\"ponferrada2\",\"image\":{\"@type\":\"ImageObject\",\"inLanguage\":\"es\",\"@id\":\"https:\/\/agrupacionespsoe.es\/ponferrada\/#\/schema\/person\/image\/\",\"url\":\"https:\/\/secure.gravatar.com\/avatar\/f499eeb60144c664cf7b7edf75549b50?s=96&d=mm&r=g\",\"contentUrl\":\"https:\/\/secure.gravatar.com\/avatar\/f499eeb60144c664cf7b7edf75549b50?s=96&d=mm&r=g\",\"caption\":\"ponferrada2\"},\"url\":\"https:\/\/agrupacionespsoe.es\/ponferrada\/author\/ponferrada2\/\"}]}<\/script>\n<!-- \/ Yoast SEO plugin. -->","yoast_head_json":{"title":"El PP y CB escenifican el desgobierno y la falta de coordinaci\u00f3n. - Agrupaci\u00f3n Socialista de Ponferrada","robots":{"index":"index","follow":"follow","max-snippet":"max-snippet:-1","max-image-preview":"max-image-preview:large","max-video-preview":"max-video-preview:-1"},"canonical":"https:\/\/agrupacionespsoe.es\/ponferrada\/el-pp-y-cb-escenifican-el-desgobierno-y-la-falta-de-coordinacion\/","og_locale":"es_ES","og_type":"article","og_title":"El PP y CB escenifican el desgobierno y la falta de coordinaci\u00f3n. - Agrupaci\u00f3n Socialista de Ponferrada","og_description":"El PSOE vuelve a hacer una pol\u00edtica responsable y le salva los trastos al equipo de gobierno Esta ma\u00f1ana se ha celebrado el Pleno ordinario del Ayuntamiento de Ponferrada. Un pleno que vuelve a ser un ejemplo del desgobierno y la falta de coordinaci\u00f3n del actual Alcalde. Si el punto sobre la orden de continuidad ...","og_url":"https:\/\/agrupacionespsoe.es\/ponferrada\/el-pp-y-cb-escenifican-el-desgobierno-y-la-falta-de-coordinacion\/","og_site_name":"Agrupaci\u00f3n Socialista de Ponferrada","article_published_time":"2024-03-22T12:37:27+00:00","article_modified_time":"2024-03-22T12:37:28+00:00","og_image":[{"width":1600,"height":1200,"url":"https:\/\/agrupacionespsoe.es\/ponferrada\/wp-content\/uploads\/sites\/36\/2024\/03\/WhatsApp-Image-2024-03-22-at-13.28.08.jpeg","type":"image\/jpeg"}],"author":"ponferrada2","twitter_card":"summary_large_image","twitter_misc":{"Escrito por":"ponferrada2","Tiempo de lectura":"3 minutos"},"schema":{"@context":"https:\/\/schema.org","@graph":[{"@type":"Article","@id":"https:\/\/agrupacionespsoe.es\/ponferrada\/el-pp-y-cb-escenifican-el-desgobierno-y-la-falta-de-coordinacion\/#article","isPartOf":{"@id":"https:\/\/agrupacionespsoe.es\/ponferrada\/el-pp-y-cb-escenifican-el-desgobierno-y-la-falta-de-coordinacion\/"},"author":{"name":"ponferrada2","@id":"https:\/\/agrupacionespsoe.es\/ponferrada\/#\/schema\/person\/cd29ee627f3b70c05d415f02596debaa"},"headline":"El PP y CB escenifican el desgobierno y la falta de coordinaci\u00f3n.","datePublished":"2024-03-22T12:37:27+00:00","dateModified":"2024-03-22T12:37:28+00:00","mainEntityOfPage":{"@id":"https:\/\/agrupacionespsoe.es\/ponferrada\/el-pp-y-cb-escenifican-el-desgobierno-y-la-falta-de-coordinacion\/"},"wordCount":482,"commentCount":0,"publisher":{"@id":"https:\/\/agrupacionespsoe.es\/ponferrada\/#organization"},"image":{"@id":"https:\/\/agrupacionespsoe.es\/ponferrada\/el-pp-y-cb-escenifican-el-desgobierno-y-la-falta-de-coordinacion\/#primaryimage"},"thumbnailUrl":"https:\/\/agrupacionespsoe.es\/ponferrada\/wp-content\/uploads\/sites\/36\/2024\/03\/WhatsApp-Image-2024-03-22-at-13.28.08.jpeg","articleSection":["ACTUALIDAD"],"inLanguage":"es","potentialAction":[{"@type":"CommentAction","name":"Comment","target":["https:\/\/agrupacionespsoe.es\/ponferrada\/el-pp-y-cb-escenifican-el-desgobierno-y-la-falta-de-coordinacion\/#respond"]}]},{"@type":"WebPage","@id":"https:\/\/agrupacionespsoe.es\/ponferrada\/el-pp-y-cb-escenifican-el-desgobierno-y-la-falta-de-coordinacion\/","url":"https:\/\/agrupacionespsoe.es\/ponferrada\/el-pp-y-cb-escenifican-el-desgobierno-y-la-falta-de-coordinacion\/","name":"El PP y CB escenifican el desgobierno y la falta de coordinaci\u00f3n. - Agrupaci\u00f3n Socialista de Ponferrada","isPartOf":{"@id":"https:\/\/agrupacionespsoe.es\/ponferrada\/#website"},"primaryImageOfPage":{"@id":"https:\/\/agrupacionespsoe.es\/ponferrada\/el-pp-y-cb-escenifican-el-desgobierno-y-la-falta-de-coordinacion\/#primaryimage"},"image":{"@id":"https:\/\/agrupacionespsoe.es\/ponferrada\/el-pp-y-cb-escenifican-el-desgobierno-y-la-falta-de-coordinacion\/#primaryimage"},"thumbnailUrl":"https:\/\/agrupacionespsoe.es\/ponferrada\/wp-content\/uploads\/sites\/36\/2024\/03\/WhatsApp-Image-2024-03-22-at-13.28.08.jpeg","datePublished":"2024-03-22T12:37:27+00:00","dateModified":"2024-03-22T12:37:28+00:00","breadcrumb":{"@id":"https:\/\/agrupacionespsoe.es\/ponferrada\/el-pp-y-cb-escenifican-el-desgobierno-y-la-falta-de-coordinacion\/#breadcrumb"},"inLanguage":"es","potentialAction":[{"@type":"ReadAction","target":["https:\/\/agrupacionespsoe.es\/ponferrada\/el-pp-y-cb-escenifican-el-desgobierno-y-la-falta-de-coordinacion\/"]}]},{"@type":"ImageObject","inLanguage":"es","@id":"https:\/\/agrupacionespsoe.es\/ponferrada\/el-pp-y-cb-escenifican-el-desgobierno-y-la-falta-de-coordinacion\/#primaryimage","url":"https:\/\/agrupacionespsoe.es\/ponferrada\/wp-content\/uploads\/sites\/36\/2024\/03\/WhatsApp-Image-2024-03-22-at-13.28.08.jpeg","contentUrl":"https:\/\/agrupacionespsoe.es\/ponferrada\/wp-content\/uploads\/sites\/36\/2024\/03\/WhatsApp-Image-2024-03-22-at-13.28.08.jpeg","width":1600,"height":1200},{"@type":"BreadcrumbList","@id":"https:\/\/agrupacionespsoe.es\/ponferrada\/el-pp-y-cb-escenifican-el-desgobierno-y-la-falta-de-coordinacion\/#breadcrumb","itemListElement":[{"@type":"ListItem","position":1,"name":"Portada","item":"https:\/\/agrupacionespsoe.es\/ponferrada\/"},{"@type":"ListItem","position":2,"name":"El PP y CB escenifican el desgobierno y la falta de coordinaci\u00f3n."}]},{"@type":"WebSite","@id":"https:\/\/agrupacionespsoe.es\/ponferrada\/#website","url":"https:\/\/agrupacionespsoe.es\/ponferrada\/","name":"Agrupaci\u00f3n Socialista de Ponferrada","description":"Agrupaci\u00f3n Socialista de Ponferrada","publisher":{"@id":"https:\/\/agrupacionespsoe.es\/ponferrada\/#organization"},"potentialAction":[{"@type":"SearchAction","target":{"@type":"EntryPoint","urlTemplate":"https:\/\/agrupacionespsoe.es\/ponferrada\/?s={search_term_string}"},"query-input":{"@type":"PropertyValueSpecification","valueRequired":true,"valueName":"search_term_string"}}],"inLanguage":"es"},{"@type":"Organization","@id":"https:\/\/agrupacionespsoe.es\/ponferrada\/#organization","name":"Agrupaci\u00f3n Socialista de Ponferrada","url":"https:\/\/agrupacionespsoe.es\/ponferrada\/","logo":{"@type":"ImageObject","inLanguage":"es","@id":"https:\/\/agrupacionespsoe.es\/ponferrada\/#\/schema\/logo\/image\/","url":"https:\/\/agrupacionespsoe.es\/wp-content\/uploads\/2022\/07\/Logotipo_electoral_del_PSOE.png","contentUrl":"https:\/\/agrupacionespsoe.es\/wp-content\/uploads\/2022\/07\/Logotipo_electoral_del_PSOE.png","width":422,"height":422,"caption":"Agrupaci\u00f3n Socialista de Ponferrada"},"image":{"@id":"https:\/\/agrupacionespsoe.es\/ponferrada\/#\/schema\/logo\/image\/"}},{"@type":"Person","@id":"https:\/\/agrupacionespsoe.es\/ponferrada\/#\/schema\/person\/cd29ee627f3b70c05d415f02596debaa","name":"ponferrada2","image":{"@type":"ImageObject","inLanguage":"es","@id":"https:\/\/agrupacionespsoe.es\/ponferrada\/#\/schema\/person\/image\/","url":"https:\/\/secure.gravatar.com\/avatar\/f499eeb60144c664cf7b7edf75549b50?s=96&d=mm&r=g","contentUrl":"https:\/\/secure.gravatar.com\/avatar\/f499eeb60144c664cf7b7edf75549b50?s=96&d=mm&r=g","caption":"ponferrada2"},"url":"https:\/\/agrupacionespsoe.es\/ponferrada\/author\/ponferrada2\/"}]}},"jetpack_featured_media_url":"https:\/\/agrupacionespsoe.es\/ponferrada\/wp-content\/uploads\/sites\/36\/2024\/03\/WhatsApp-Image-2024-03-22-at-13.28.08.jpeg","jetpack_sharing_enabled":true,"_links":{"self":[{"href":"https:\/\/agrupacionespsoe.es\/ponferrada\/wp-json\/wp\/v2\/posts\/436","targetHints":{"allow":["GET"]}}],"collection":[{"href":"https:\/\/agrupacionespsoe.es\/ponferrada\/wp-json\/wp\/v2\/posts"}],"about":[{"href":"https:\/\/agrupacionespsoe.es\/ponferrada\/wp-json\/wp\/v2\/types\/post"}],"author":[{"embeddable":true,"href":"https:\/\/agrupacionespsoe.es\/ponferrada\/wp-json\/wp\/v2\/users\/32"}],"replies":[{"embeddable":true,"href":"https:\/\/agrupacionespsoe.es\/ponferrada\/wp-json\/wp\/v2\/comments?post=436"}],"version-history":[{"count":1,"href":"https:\/\/agrupacionespsoe.es\/ponferrada\/wp-json\/wp\/v2\/posts\/436\/revisions"}],"predecessor-version":[{"id":438,"href":"https:\/\/agrupacionespsoe.es\/ponferrada\/wp-json\/wp\/v2\/posts\/436\/revisions\/438"}],"wp:featuredmedia":[{"embeddable":true,"href":"https:\/\/agrupacionespsoe.es\/ponferrada\/wp-json\/wp\/v2\/media\/437"}],"wp:attachment":[{"href":"https:\/\/agrupacionespsoe.es\/ponferrada\/wp-json\/wp\/v2\/media?parent=436"}],"wp:term":[{"taxonomy":"category","embeddable":true,"href":"https:\/\/agrupacionespsoe.es\/ponferrada\/wp-json\/wp\/v2\/categories?post=436"},{"taxonomy":"post_tag","embeddable":true,"href":"https:\/\/agrupacionespsoe.es\/ponferrada\/wp-json\/wp\/v2\/tags?post=436"}],"curies":[{"name":"wp","href":"https:\/\/api.w.org\/{rel}","templated":true}]}}