{"id":430,"date":"2024-03-18T13:04:11","date_gmt":"2024-03-18T13:04:11","guid":{"rendered":"https:\/\/agrupacionespsoe.es\/ponferrada\/?p=430"},"modified":"2024-03-18T13:04:12","modified_gmt":"2024-03-18T13:04:12","slug":"el-grupo-municipal-socialista-reprocha-al-equipo-de-gobierno-que-derroche-agua-cuando-anuncio-hace-meses-que-iba-a-utilizar-agua-bruta-del-rio","status":"publish","type":"post","link":"https:\/\/agrupacionespsoe.es\/ponferrada\/el-grupo-municipal-socialista-reprocha-al-equipo-de-gobierno-que-derroche-agua-cuando-anuncio-hace-meses-que-iba-a-utilizar-agua-bruta-del-rio\/","title":{"rendered":"El Grupo Municipal Socialista reprocha al Equipo de Gobierno que derroche agua cuando anunci\u00f3 hace meses que iba a utilizar agua bruta del r\u00edo"},"content":{"rendered":"\n<p>El Grupo Municipal Socialista ha querido criticar la retirada de las cubiertas de madera que \u201ctapaban\u201d los contenedores de la C. del Reloj.<\/p>\n\n\n\n<p>Desde el grupo municipal socialista se se\u00f1ala que \u201cresulta llamativo que el actual alcalde mientras estaba en la oposici\u00f3n ped\u00eda que se actuara en esos mismos contenedores para \u201cadecuarlos al entorno y reducir el impacto visual\u201d y en 9 meses de gobierno y ya los ha retirado. Ahora ya no est\u00e1 tan preocupado por el impacto visual.<\/p>\n\n\n\n<p>El Grupo socialista tambi\u00e9n ha criticado el abuso que se est\u00e1 haciendo de los baldeos para limpiar las calles.<\/p>\n\n\n\n<p>Han se\u00f1alado que ya en septiembre del a\u00f1o pasado el concejal responsable del \u00e1rea anunciaba que Ponferrada iba a cargar los camiones de baldeo de calles con agua bruta del r\u00edo Sil en lugar de agua potable, y a d\u00eda de hoy todos podemos ver c\u00f3mo se est\u00e1 sacando agua de la tra\u00edda ordinaria para hacer el baldeo.<\/p>\n\n\n\n<p>A juicio del PSOE est\u00e1n abusando de este sistema que derrocha agua y deber\u00edan utilizar m\u00e1s m\u00e1quinas barredoras baldeadoras en las calles y menos mangueras de agua potable. Finaliza se\u00f1alando que \u201cel uso del agua debe hacerle con racionalidad presidida por\u00a0 la necesidad de limpieza y ahorro de agua tratada\u201d<\/p>\n\n\n\n<figure class=\"wp-block-gallery has-nested-images columns-default is-cropped wp-block-gallery-1 is-layout-flex wp-block-gallery-is-layout-flex\">\n<figure class=\"wp-block-image size-large\"><img loading=\"lazy\" decoding=\"async\" width=\"1024\" height=\"768\" data-id=\"431\" src=\"https:\/\/agrupacionespsoe.es\/ponferrada\/wp-content\/uploads\/sites\/36\/2024\/03\/WhatsApp-Image-2024-03-18-at-13.58.29-1024x768.jpeg\" alt=\"\" class=\"wp-image-431\" srcset=\"https:\/\/agrupacionespsoe.es\/ponferrada\/wp-content\/uploads\/sites\/36\/2024\/03\/WhatsApp-Image-2024-03-18-at-13.58.29-1024x768.jpeg 1024w, https:\/\/agrupacionespsoe.es\/ponferrada\/wp-content\/uploads\/sites\/36\/2024\/03\/WhatsApp-Image-2024-03-18-at-13.58.29-300x225.jpeg 300w, https:\/\/agrupacionespsoe.es\/ponferrada\/wp-content\/uploads\/sites\/36\/2024\/03\/WhatsApp-Image-2024-03-18-at-13.58.29-768x576.jpeg 768w, https:\/\/agrupacionespsoe.es\/ponferrada\/wp-content\/uploads\/sites\/36\/2024\/03\/WhatsApp-Image-2024-03-18-at-13.58.29-1536x1152.jpeg 1536w, https:\/\/agrupacionespsoe.es\/ponferrada\/wp-content\/uploads\/sites\/36\/2024\/03\/WhatsApp-Image-2024-03-18-at-13.58.29.jpeg 2000w\" sizes=\"auto, (max-width: 1024px) 100vw, 1024px\" \/><\/figure>\n\n\n\n<figure class=\"wp-block-image size-large\"><img loading=\"lazy\" decoding=\"async\" width=\"1024\" height=\"768\" data-id=\"433\" src=\"https:\/\/agrupacionespsoe.es\/ponferrada\/wp-content\/uploads\/sites\/36\/2024\/03\/WhatsApp-Image-2024-03-18-at-13.58.28-1024x768.jpeg\" alt=\"\" class=\"wp-image-433\" srcset=\"https:\/\/agrupacionespsoe.es\/ponferrada\/wp-content\/uploads\/sites\/36\/2024\/03\/WhatsApp-Image-2024-03-18-at-13.58.28-1024x768.jpeg 1024w, https:\/\/agrupacionespsoe.es\/ponferrada\/wp-content\/uploads\/sites\/36\/2024\/03\/WhatsApp-Image-2024-03-18-at-13.58.28-300x225.jpeg 300w, https:\/\/agrupacionespsoe.es\/ponferrada\/wp-content\/uploads\/sites\/36\/2024\/03\/WhatsApp-Image-2024-03-18-at-13.58.28-768x576.jpeg 768w, https:\/\/agrupacionespsoe.es\/ponferrada\/wp-content\/uploads\/sites\/36\/2024\/03\/WhatsApp-Image-2024-03-18-at-13.58.28-1536x1152.jpeg 1536w, https:\/\/agrupacionespsoe.es\/ponferrada\/wp-content\/uploads\/sites\/36\/2024\/03\/WhatsApp-Image-2024-03-18-at-13.58.28.jpeg 2000w\" sizes=\"auto, (max-width: 1024px) 100vw, 1024px\" \/><\/figure>\n<\/figure>\n","protected":false},"excerpt":{"rendered":"<p>El Grupo Municipal Socialista ha querido criticar la retirada de las cubiertas de madera que \u201ctapaban\u201d los contenedores de la C. del Reloj. Desde el grupo municipal socialista se se\u00f1ala que \u201cresulta llamativo que el actual alcalde mientras estaba en la oposici\u00f3n ped\u00eda que se actuara en esos mismos contenedores para \u201cadecuarlos al entorno y &#8230;<\/p>\n","protected":false},"author":32,"featured_media":432,"comment_status":"open","ping_status":"open","sticky":false,"template":"","format":"standard","meta":{"_jetpack_memberships_contains_paid_content":false,"footnotes":""},"categories":[6],"tags":[],"class_list":["post-430","post","type-post","status-publish","format-standard","has-post-thumbnail","hentry","category-actualidad"],"yoast_head":"<!-- This site is optimized with the Yoast SEO plugin v24.0 - https:\/\/yoast.com\/wordpress\/plugins\/seo\/ -->\n<title>El Grupo Municipal Socialista reprocha al Equipo de Gobierno que derroche agua cuando anunci\u00f3 hace meses que iba a utilizar agua bruta del r\u00edo - Agrupaci\u00f3n Socialista de Ponferrada<\/title>\n<meta name=\"robots\" content=\"index, follow, max-snippet:-1, max-image-preview:large, max-video-preview:-1\" \/>\n<link rel=\"canonical\" href=\"https:\/\/agrupacionespsoe.es\/ponferrada\/el-grupo-municipal-socialista-reprocha-al-equipo-de-gobierno-que-derroche-agua-cuando-anuncio-hace-meses-que-iba-a-utilizar-agua-bruta-del-rio\/\" \/>\n<meta property=\"og:locale\" content=\"es_ES\" \/>\n<meta property=\"og:type\" content=\"article\" \/>\n<meta property=\"og:title\" content=\"El Grupo Municipal Socialista reprocha al Equipo de Gobierno que derroche agua cuando anunci\u00f3 hace meses que iba a utilizar agua bruta del r\u00edo - Agrupaci\u00f3n Socialista de Ponferrada\" \/>\n<meta property=\"og:description\" content=\"El Grupo Municipal Socialista ha querido criticar la retirada de las cubiertas de madera que \u201ctapaban\u201d los contenedores de la C. del Reloj. Desde el grupo municipal socialista se se\u00f1ala que \u201cresulta llamativo que el actual alcalde mientras estaba en la oposici\u00f3n ped\u00eda que se actuara en esos mismos contenedores para \u201cadecuarlos al entorno y ...\" \/>\n<meta property=\"og:url\" content=\"https:\/\/agrupacionespsoe.es\/ponferrada\/el-grupo-municipal-socialista-reprocha-al-equipo-de-gobierno-que-derroche-agua-cuando-anuncio-hace-meses-que-iba-a-utilizar-agua-bruta-del-rio\/\" \/>\n<meta property=\"og:site_name\" content=\"Agrupaci\u00f3n Socialista de Ponferrada\" \/>\n<meta property=\"article:published_time\" content=\"2024-03-18T13:04:11+00:00\" \/>\n<meta property=\"article:modified_time\" content=\"2024-03-18T13:04:12+00:00\" \/>\n<meta property=\"og:image\" content=\"https:\/\/agrupacionespsoe.es\/ponferrada\/wp-content\/uploads\/sites\/36\/2024\/03\/WhatsApp-Image-2024-03-18-at-13.58.29-1.jpeg\" \/>\n\t<meta property=\"og:image:width\" content=\"2000\" \/>\n\t<meta property=\"og:image:height\" content=\"1500\" \/>\n\t<meta property=\"og:image:type\" content=\"image\/jpeg\" \/>\n<meta name=\"author\" content=\"ponferrada2\" \/>\n<meta name=\"twitter:card\" content=\"summary_large_image\" \/>\n<meta name=\"twitter:label1\" content=\"Escrito por\" \/>\n\t<meta name=\"twitter:data1\" content=\"ponferrada2\" \/>\n\t<meta name=\"twitter:label2\" content=\"Tiempo de lectura\" \/>\n\t<meta name=\"twitter:data2\" content=\"2 minutos\" \/>\n<script type=\"application\/ld+json\" class=\"yoast-schema-graph\">{\"@context\":\"https:\/\/schema.org\",\"@graph\":[{\"@type\":\"Article\",\"@id\":\"https:\/\/agrupacionespsoe.es\/ponferrada\/el-grupo-municipal-socialista-reprocha-al-equipo-de-gobierno-que-derroche-agua-cuando-anuncio-hace-meses-que-iba-a-utilizar-agua-bruta-del-rio\/#article\",\"isPartOf\":{\"@id\":\"https:\/\/agrupacionespsoe.es\/ponferrada\/el-grupo-municipal-socialista-reprocha-al-equipo-de-gobierno-que-derroche-agua-cuando-anuncio-hace-meses-que-iba-a-utilizar-agua-bruta-del-rio\/\"},\"author\":{\"name\":\"ponferrada2\",\"@id\":\"https:\/\/agrupacionespsoe.es\/ponferrada\/#\/schema\/person\/cd29ee627f3b70c05d415f02596debaa\"},\"headline\":\"El Grupo Municipal Socialista reprocha al Equipo de Gobierno que derroche agua cuando anunci\u00f3 hace meses que iba a utilizar agua bruta del r\u00edo\",\"datePublished\":\"2024-03-18T13:04:11+00:00\",\"dateModified\":\"2024-03-18T13:04:12+00:00\",\"mainEntityOfPage\":{\"@id\":\"https:\/\/agrupacionespsoe.es\/ponferrada\/el-grupo-municipal-socialista-reprocha-al-equipo-de-gobierno-que-derroche-agua-cuando-anuncio-hace-meses-que-iba-a-utilizar-agua-bruta-del-rio\/\"},\"wordCount\":246,\"commentCount\":0,\"publisher\":{\"@id\":\"https:\/\/agrupacionespsoe.es\/ponferrada\/#organization\"},\"image\":{\"@id\":\"https:\/\/agrupacionespsoe.es\/ponferrada\/el-grupo-municipal-socialista-reprocha-al-equipo-de-gobierno-que-derroche-agua-cuando-anuncio-hace-meses-que-iba-a-utilizar-agua-bruta-del-rio\/#primaryimage\"},\"thumbnailUrl\":\"https:\/\/agrupacionespsoe.es\/ponferrada\/wp-content\/uploads\/sites\/36\/2024\/03\/WhatsApp-Image-2024-03-18-at-13.58.29-1.jpeg\",\"articleSection\":[\"ACTUALIDAD\"],\"inLanguage\":\"es\",\"potentialAction\":[{\"@type\":\"CommentAction\",\"name\":\"Comment\",\"target\":[\"https:\/\/agrupacionespsoe.es\/ponferrada\/el-grupo-municipal-socialista-reprocha-al-equipo-de-gobierno-que-derroche-agua-cuando-anuncio-hace-meses-que-iba-a-utilizar-agua-bruta-del-rio\/#respond\"]}]},{\"@type\":\"WebPage\",\"@id\":\"https:\/\/agrupacionespsoe.es\/ponferrada\/el-grupo-municipal-socialista-reprocha-al-equipo-de-gobierno-que-derroche-agua-cuando-anuncio-hace-meses-que-iba-a-utilizar-agua-bruta-del-rio\/\",\"url\":\"https:\/\/agrupacionespsoe.es\/ponferrada\/el-grupo-municipal-socialista-reprocha-al-equipo-de-gobierno-que-derroche-agua-cuando-anuncio-hace-meses-que-iba-a-utilizar-agua-bruta-del-rio\/\",\"name\":\"El Grupo Municipal Socialista reprocha al Equipo de Gobierno que derroche agua cuando anunci\u00f3 hace meses que iba a utilizar agua bruta del r\u00edo - Agrupaci\u00f3n Socialista de Ponferrada\",\"isPartOf\":{\"@id\":\"https:\/\/agrupacionespsoe.es\/ponferrada\/#website\"},\"primaryImageOfPage\":{\"@id\":\"https:\/\/agrupacionespsoe.es\/ponferrada\/el-grupo-municipal-socialista-reprocha-al-equipo-de-gobierno-que-derroche-agua-cuando-anuncio-hace-meses-que-iba-a-utilizar-agua-bruta-del-rio\/#primaryimage\"},\"image\":{\"@id\":\"https:\/\/agrupacionespsoe.es\/ponferrada\/el-grupo-municipal-socialista-reprocha-al-equipo-de-gobierno-que-derroche-agua-cuando-anuncio-hace-meses-que-iba-a-utilizar-agua-bruta-del-rio\/#primaryimage\"},\"thumbnailUrl\":\"https:\/\/agrupacionespsoe.es\/ponferrada\/wp-content\/uploads\/sites\/36\/2024\/03\/WhatsApp-Image-2024-03-18-at-13.58.29-1.jpeg\",\"datePublished\":\"2024-03-18T13:04:11+00:00\",\"dateModified\":\"2024-03-18T13:04:12+00:00\",\"breadcrumb\":{\"@id\":\"https:\/\/agrupacionespsoe.es\/ponferrada\/el-grupo-municipal-socialista-reprocha-al-equipo-de-gobierno-que-derroche-agua-cuando-anuncio-hace-meses-que-iba-a-utilizar-agua-bruta-del-rio\/#breadcrumb\"},\"inLanguage\":\"es\",\"potentialAction\":[{\"@type\":\"ReadAction\",\"target\":[\"https:\/\/agrupacionespsoe.es\/ponferrada\/el-grupo-municipal-socialista-reprocha-al-equipo-de-gobierno-que-derroche-agua-cuando-anuncio-hace-meses-que-iba-a-utilizar-agua-bruta-del-rio\/\"]}]},{\"@type\":\"ImageObject\",\"inLanguage\":\"es\",\"@id\":\"https:\/\/agrupacionespsoe.es\/ponferrada\/el-grupo-municipal-socialista-reprocha-al-equipo-de-gobierno-que-derroche-agua-cuando-anuncio-hace-meses-que-iba-a-utilizar-agua-bruta-del-rio\/#primaryimage\",\"url\":\"https:\/\/agrupacionespsoe.es\/ponferrada\/wp-content\/uploads\/sites\/36\/2024\/03\/WhatsApp-Image-2024-03-18-at-13.58.29-1.jpeg\",\"contentUrl\":\"https:\/\/agrupacionespsoe.es\/ponferrada\/wp-content\/uploads\/sites\/36\/2024\/03\/WhatsApp-Image-2024-03-18-at-13.58.29-1.jpeg\",\"width\":2000,\"height\":1500},{\"@type\":\"BreadcrumbList\",\"@id\":\"https:\/\/agrupacionespsoe.es\/ponferrada\/el-grupo-municipal-socialista-reprocha-al-equipo-de-gobierno-que-derroche-agua-cuando-anuncio-hace-meses-que-iba-a-utilizar-agua-bruta-del-rio\/#breadcrumb\",\"itemListElement\":[{\"@type\":\"ListItem\",\"position\":1,\"name\":\"Portada\",\"item\":\"https:\/\/agrupacionespsoe.es\/ponferrada\/\"},{\"@type\":\"ListItem\",\"position\":2,\"name\":\"El Grupo Municipal Socialista reprocha al Equipo de Gobierno que derroche agua cuando anunci\u00f3 hace meses que iba a utilizar agua bruta del r\u00edo\"}]},{\"@type\":\"WebSite\",\"@id\":\"https:\/\/agrupacionespsoe.es\/ponferrada\/#website\",\"url\":\"https:\/\/agrupacionespsoe.es\/ponferrada\/\",\"name\":\"Agrupaci\u00f3n Socialista de Ponferrada\",\"description\":\"Agrupaci\u00f3n Socialista de Ponferrada\",\"publisher\":{\"@id\":\"https:\/\/agrupacionespsoe.es\/ponferrada\/#organization\"},\"potentialAction\":[{\"@type\":\"SearchAction\",\"target\":{\"@type\":\"EntryPoint\",\"urlTemplate\":\"https:\/\/agrupacionespsoe.es\/ponferrada\/?s={search_term_string}\"},\"query-input\":{\"@type\":\"PropertyValueSpecification\",\"valueRequired\":true,\"valueName\":\"search_term_string\"}}],\"inLanguage\":\"es\"},{\"@type\":\"Organization\",\"@id\":\"https:\/\/agrupacionespsoe.es\/ponferrada\/#organization\",\"name\":\"Agrupaci\u00f3n Socialista de Ponferrada\",\"url\":\"https:\/\/agrupacionespsoe.es\/ponferrada\/\",\"logo\":{\"@type\":\"ImageObject\",\"inLanguage\":\"es\",\"@id\":\"https:\/\/agrupacionespsoe.es\/ponferrada\/#\/schema\/logo\/image\/\",\"url\":\"https:\/\/agrupacionespsoe.es\/wp-content\/uploads\/2022\/07\/Logotipo_electoral_del_PSOE.png\",\"contentUrl\":\"https:\/\/agrupacionespsoe.es\/wp-content\/uploads\/2022\/07\/Logotipo_electoral_del_PSOE.png\",\"width\":422,\"height\":422,\"caption\":\"Agrupaci\u00f3n Socialista de Ponferrada\"},\"image\":{\"@id\":\"https:\/\/agrupacionespsoe.es\/ponferrada\/#\/schema\/logo\/image\/\"}},{\"@type\":\"Person\",\"@id\":\"https:\/\/agrupacionespsoe.es\/ponferrada\/#\/schema\/person\/cd29ee627f3b70c05d415f02596debaa\",\"name\":\"ponferrada2\",\"image\":{\"@type\":\"ImageObject\",\"inLanguage\":\"es\",\"@id\":\"https:\/\/agrupacionespsoe.es\/ponferrada\/#\/schema\/person\/image\/\",\"url\":\"https:\/\/secure.gravatar.com\/avatar\/f499eeb60144c664cf7b7edf75549b50?s=96&d=mm&r=g\",\"contentUrl\":\"https:\/\/secure.gravatar.com\/avatar\/f499eeb60144c664cf7b7edf75549b50?s=96&d=mm&r=g\",\"caption\":\"ponferrada2\"},\"url\":\"https:\/\/agrupacionespsoe.es\/ponferrada\/author\/ponferrada2\/\"}]}<\/script>\n<!-- \/ Yoast SEO plugin. -->","yoast_head_json":{"title":"El Grupo Municipal Socialista reprocha al Equipo de Gobierno que derroche agua cuando anunci\u00f3 hace meses que iba a utilizar agua bruta del r\u00edo - Agrupaci\u00f3n Socialista de Ponferrada","robots":{"index":"index","follow":"follow","max-snippet":"max-snippet:-1","max-image-preview":"max-image-preview:large","max-video-preview":"max-video-preview:-1"},"canonical":"https:\/\/agrupacionespsoe.es\/ponferrada\/el-grupo-municipal-socialista-reprocha-al-equipo-de-gobierno-que-derroche-agua-cuando-anuncio-hace-meses-que-iba-a-utilizar-agua-bruta-del-rio\/","og_locale":"es_ES","og_type":"article","og_title":"El Grupo Municipal Socialista reprocha al Equipo de Gobierno que derroche agua cuando anunci\u00f3 hace meses que iba a utilizar agua bruta del r\u00edo - Agrupaci\u00f3n Socialista de Ponferrada","og_description":"El Grupo Municipal Socialista ha querido criticar la retirada de las cubiertas de madera que \u201ctapaban\u201d los contenedores de la C. del Reloj. Desde el grupo municipal socialista se se\u00f1ala que \u201cresulta llamativo que el actual alcalde mientras estaba en la oposici\u00f3n ped\u00eda que se actuara en esos mismos contenedores para \u201cadecuarlos al entorno y ...","og_url":"https:\/\/agrupacionespsoe.es\/ponferrada\/el-grupo-municipal-socialista-reprocha-al-equipo-de-gobierno-que-derroche-agua-cuando-anuncio-hace-meses-que-iba-a-utilizar-agua-bruta-del-rio\/","og_site_name":"Agrupaci\u00f3n Socialista de Ponferrada","article_published_time":"2024-03-18T13:04:11+00:00","article_modified_time":"2024-03-18T13:04:12+00:00","og_image":[{"width":2000,"height":1500,"url":"https:\/\/agrupacionespsoe.es\/ponferrada\/wp-content\/uploads\/sites\/36\/2024\/03\/WhatsApp-Image-2024-03-18-at-13.58.29-1.jpeg","type":"image\/jpeg"}],"author":"ponferrada2","twitter_card":"summary_large_image","twitter_misc":{"Escrito por":"ponferrada2","Tiempo de lectura":"2 minutos"},"schema":{"@context":"https:\/\/schema.org","@graph":[{"@type":"Article","@id":"https:\/\/agrupacionespsoe.es\/ponferrada\/el-grupo-municipal-socialista-reprocha-al-equipo-de-gobierno-que-derroche-agua-cuando-anuncio-hace-meses-que-iba-a-utilizar-agua-bruta-del-rio\/#article","isPartOf":{"@id":"https:\/\/agrupacionespsoe.es\/ponferrada\/el-grupo-municipal-socialista-reprocha-al-equipo-de-gobierno-que-derroche-agua-cuando-anuncio-hace-meses-que-iba-a-utilizar-agua-bruta-del-rio\/"},"author":{"name":"ponferrada2","@id":"https:\/\/agrupacionespsoe.es\/ponferrada\/#\/schema\/person\/cd29ee627f3b70c05d415f02596debaa"},"headline":"El Grupo Municipal Socialista reprocha al Equipo de Gobierno que derroche agua cuando anunci\u00f3 hace meses que iba a utilizar agua bruta del r\u00edo","datePublished":"2024-03-18T13:04:11+00:00","dateModified":"2024-03-18T13:04:12+00:00","mainEntityOfPage":{"@id":"https:\/\/agrupacionespsoe.es\/ponferrada\/el-grupo-municipal-socialista-reprocha-al-equipo-de-gobierno-que-derroche-agua-cuando-anuncio-hace-meses-que-iba-a-utilizar-agua-bruta-del-rio\/"},"wordCount":246,"commentCount":0,"publisher":{"@id":"https:\/\/agrupacionespsoe.es\/ponferrada\/#organization"},"image":{"@id":"https:\/\/agrupacionespsoe.es\/ponferrada\/el-grupo-municipal-socialista-reprocha-al-equipo-de-gobierno-que-derroche-agua-cuando-anuncio-hace-meses-que-iba-a-utilizar-agua-bruta-del-rio\/#primaryimage"},"thumbnailUrl":"https:\/\/agrupacionespsoe.es\/ponferrada\/wp-content\/uploads\/sites\/36\/2024\/03\/WhatsApp-Image-2024-03-18-at-13.58.29-1.jpeg","articleSection":["ACTUALIDAD"],"inLanguage":"es","potentialAction":[{"@type":"CommentAction","name":"Comment","target":["https:\/\/agrupacionespsoe.es\/ponferrada\/el-grupo-municipal-socialista-reprocha-al-equipo-de-gobierno-que-derroche-agua-cuando-anuncio-hace-meses-que-iba-a-utilizar-agua-bruta-del-rio\/#respond"]}]},{"@type":"WebPage","@id":"https:\/\/agrupacionespsoe.es\/ponferrada\/el-grupo-municipal-socialista-reprocha-al-equipo-de-gobierno-que-derroche-agua-cuando-anuncio-hace-meses-que-iba-a-utilizar-agua-bruta-del-rio\/","url":"https:\/\/agrupacionespsoe.es\/ponferrada\/el-grupo-municipal-socialista-reprocha-al-equipo-de-gobierno-que-derroche-agua-cuando-anuncio-hace-meses-que-iba-a-utilizar-agua-bruta-del-rio\/","name":"El Grupo Municipal Socialista reprocha al Equipo de Gobierno que derroche agua cuando anunci\u00f3 hace meses que iba a utilizar agua bruta del r\u00edo - Agrupaci\u00f3n Socialista de Ponferrada","isPartOf":{"@id":"https:\/\/agrupacionespsoe.es\/ponferrada\/#website"},"primaryImageOfPage":{"@id":"https:\/\/agrupacionespsoe.es\/ponferrada\/el-grupo-municipal-socialista-reprocha-al-equipo-de-gobierno-que-derroche-agua-cuando-anuncio-hace-meses-que-iba-a-utilizar-agua-bruta-del-rio\/#primaryimage"},"image":{"@id":"https:\/\/agrupacionespsoe.es\/ponferrada\/el-grupo-municipal-socialista-reprocha-al-equipo-de-gobierno-que-derroche-agua-cuando-anuncio-hace-meses-que-iba-a-utilizar-agua-bruta-del-rio\/#primaryimage"},"thumbnailUrl":"https:\/\/agrupacionespsoe.es\/ponferrada\/wp-content\/uploads\/sites\/36\/2024\/03\/WhatsApp-Image-2024-03-18-at-13.58.29-1.jpeg","datePublished":"2024-03-18T13:04:11+00:00","dateModified":"2024-03-18T13:04:12+00:00","breadcrumb":{"@id":"https:\/\/agrupacionespsoe.es\/ponferrada\/el-grupo-municipal-socialista-reprocha-al-equipo-de-gobierno-que-derroche-agua-cuando-anuncio-hace-meses-que-iba-a-utilizar-agua-bruta-del-rio\/#breadcrumb"},"inLanguage":"es","potentialAction":[{"@type":"ReadAction","target":["https:\/\/agrupacionespsoe.es\/ponferrada\/el-grupo-municipal-socialista-reprocha-al-equipo-de-gobierno-que-derroche-agua-cuando-anuncio-hace-meses-que-iba-a-utilizar-agua-bruta-del-rio\/"]}]},{"@type":"ImageObject","inLanguage":"es","@id":"https:\/\/agrupacionespsoe.es\/ponferrada\/el-grupo-municipal-socialista-reprocha-al-equipo-de-gobierno-que-derroche-agua-cuando-anuncio-hace-meses-que-iba-a-utilizar-agua-bruta-del-rio\/#primaryimage","url":"https:\/\/agrupacionespsoe.es\/ponferrada\/wp-content\/uploads\/sites\/36\/2024\/03\/WhatsApp-Image-2024-03-18-at-13.58.29-1.jpeg","contentUrl":"https:\/\/agrupacionespsoe.es\/ponferrada\/wp-content\/uploads\/sites\/36\/2024\/03\/WhatsApp-Image-2024-03-18-at-13.58.29-1.jpeg","width":2000,"height":1500},{"@type":"BreadcrumbList","@id":"https:\/\/agrupacionespsoe.es\/ponferrada\/el-grupo-municipal-socialista-reprocha-al-equipo-de-gobierno-que-derroche-agua-cuando-anuncio-hace-meses-que-iba-a-utilizar-agua-bruta-del-rio\/#breadcrumb","itemListElement":[{"@type":"ListItem","position":1,"name":"Portada","item":"https:\/\/agrupacionespsoe.es\/ponferrada\/"},{"@type":"ListItem","position":2,"name":"El Grupo Municipal Socialista reprocha al Equipo de Gobierno que derroche agua cuando anunci\u00f3 hace meses que iba a utilizar agua bruta del r\u00edo"}]},{"@type":"WebSite","@id":"https:\/\/agrupacionespsoe.es\/ponferrada\/#website","url":"https:\/\/agrupacionespsoe.es\/ponferrada\/","name":"Agrupaci\u00f3n Socialista de Ponferrada","description":"Agrupaci\u00f3n Socialista de Ponferrada","publisher":{"@id":"https:\/\/agrupacionespsoe.es\/ponferrada\/#organization"},"potentialAction":[{"@type":"SearchAction","target":{"@type":"EntryPoint","urlTemplate":"https:\/\/agrupacionespsoe.es\/ponferrada\/?s={search_term_string}"},"query-input":{"@type":"PropertyValueSpecification","valueRequired":true,"valueName":"search_term_string"}}],"inLanguage":"es"},{"@type":"Organization","@id":"https:\/\/agrupacionespsoe.es\/ponferrada\/#organization","name":"Agrupaci\u00f3n Socialista de Ponferrada","url":"https:\/\/agrupacionespsoe.es\/ponferrada\/","logo":{"@type":"ImageObject","inLanguage":"es","@id":"https:\/\/agrupacionespsoe.es\/ponferrada\/#\/schema\/logo\/image\/","url":"https:\/\/agrupacionespsoe.es\/wp-content\/uploads\/2022\/07\/Logotipo_electoral_del_PSOE.png","contentUrl":"https:\/\/agrupacionespsoe.es\/wp-content\/uploads\/2022\/07\/Logotipo_electoral_del_PSOE.png","width":422,"height":422,"caption":"Agrupaci\u00f3n Socialista de Ponferrada"},"image":{"@id":"https:\/\/agrupacionespsoe.es\/ponferrada\/#\/schema\/logo\/image\/"}},{"@type":"Person","@id":"https:\/\/agrupacionespsoe.es\/ponferrada\/#\/schema\/person\/cd29ee627f3b70c05d415f02596debaa","name":"ponferrada2","image":{"@type":"ImageObject","inLanguage":"es","@id":"https:\/\/agrupacionespsoe.es\/ponferrada\/#\/schema\/person\/image\/","url":"https:\/\/secure.gravatar.com\/avatar\/f499eeb60144c664cf7b7edf75549b50?s=96&d=mm&r=g","contentUrl":"https:\/\/secure.gravatar.com\/avatar\/f499eeb60144c664cf7b7edf75549b50?s=96&d=mm&r=g","caption":"ponferrada2"},"url":"https:\/\/agrupacionespsoe.es\/ponferrada\/author\/ponferrada2\/"}]}},"jetpack_featured_media_url":"https:\/\/agrupacionespsoe.es\/ponferrada\/wp-content\/uploads\/sites\/36\/2024\/03\/WhatsApp-Image-2024-03-18-at-13.58.29-1.jpeg","jetpack_sharing_enabled":true,"_links":{"self":[{"href":"https:\/\/agrupacionespsoe.es\/ponferrada\/wp-json\/wp\/v2\/posts\/430","targetHints":{"allow":["GET"]}}],"collection":[{"href":"https:\/\/agrupacionespsoe.es\/ponferrada\/wp-json\/wp\/v2\/posts"}],"about":[{"href":"https:\/\/agrupacionespsoe.es\/ponferrada\/wp-json\/wp\/v2\/types\/post"}],"author":[{"embeddable":true,"href":"https:\/\/agrupacionespsoe.es\/ponferrada\/wp-json\/wp\/v2\/users\/32"}],"replies":[{"embeddable":true,"href":"https:\/\/agrupacionespsoe.es\/ponferrada\/wp-json\/wp\/v2\/comments?post=430"}],"version-history":[{"count":1,"href":"https:\/\/agrupacionespsoe.es\/ponferrada\/wp-json\/wp\/v2\/posts\/430\/revisions"}],"predecessor-version":[{"id":434,"href":"https:\/\/agrupacionespsoe.es\/ponferrada\/wp-json\/wp\/v2\/posts\/430\/revisions\/434"}],"wp:featuredmedia":[{"embeddable":true,"href":"https:\/\/agrupacionespsoe.es\/ponferrada\/wp-json\/wp\/v2\/media\/432"}],"wp:attachment":[{"href":"https:\/\/agrupacionespsoe.es\/ponferrada\/wp-json\/wp\/v2\/media?parent=430"}],"wp:term":[{"taxonomy":"category","embeddable":true,"href":"https:\/\/agrupacionespsoe.es\/ponferrada\/wp-json\/wp\/v2\/categories?post=430"},{"taxonomy":"post_tag","embeddable":true,"href":"https:\/\/agrupacionespsoe.es\/ponferrada\/wp-json\/wp\/v2\/tags?post=430"}],"curies":[{"name":"wp","href":"https:\/\/api.w.org\/{rel}","templated":true}]}}