{"id":425,"date":"2024-03-14T11:07:57","date_gmt":"2024-03-14T11:07:57","guid":{"rendered":"https:\/\/agrupacionespsoe.es\/ponferrada\/?p=425"},"modified":"2024-03-14T11:07:58","modified_gmt":"2024-03-14T11:07:58","slug":"el-grupo-municipal-socialista-senala-que-si-el-alcalde-escuchara-mas-a-la-ciudadania-apostaria-por-el-proyecto-de-playa-fluvial","status":"publish","type":"post","link":"https:\/\/agrupacionespsoe.es\/ponferrada\/el-grupo-municipal-socialista-senala-que-si-el-alcalde-escuchara-mas-a-la-ciudadania-apostaria-por-el-proyecto-de-playa-fluvial\/","title":{"rendered":"El Grupo Municipal Socialista se\u00f1ala que si el alcalde escuchara m\u00e1s a la ciudadan\u00eda apostar\u00eda por el proyecto de playa fluvial."},"content":{"rendered":"\n<p class=\"has-large-font-size\"><strong>El PSOE pide que si tan peligrosa es la Avenida del Castillo act\u00faen de manera inmediata<\/strong><\/p>\n\n\n\n<p>Desde el grupo socialista se se\u00f1ala que resulta sorprendente c\u00f3mo el actual alcalde, que presume de pasear la ciudad, desconoce que el proyecto de playa fluvial que ideo el equipo de Olegario Ram\u00f3n fue el proyecto m\u00e1s votado por la ciudadan\u00eda en los presupuestos participativos, y es un proyecto deseado por muchos ponferradinos. Aconsejamos que en lugar de tanto pasear mejor escuche lo que quiere y necesita la ciudadan\u00eda.<\/p>\n\n\n\n<p>Resulta m\u00e1s sorprendente a\u00fan, que tras 4 a\u00f1os en la oposici\u00f3n y 9 meses en el gobierno desconozca que en ese proyecto no solo iba a ir una playa fluvial sino tambi\u00e9n una zona navegable con embarcadero que posibilitar\u00eda que se creara una escuela de remo o pirag\u00fcismo y pruebas deportivas, otro proyecto altamente demandado.<\/p>\n\n\n\n<p>Desde el grupo socialista ponemos en duda que los proyectos de museo y mirador de la bas\u00edlica de La Encina atraigan a miles y miles de turistas como asegura el alcalde y todo el mundo entiende, excepto al parecer el equipo de gobierno, que lo adecuado es fijar primero las condiciones de cesi\u00f3n antes de invertir m\u00e1s 500.000 euros, sobre todo cuando ese dinero sale de la rehabilitaci\u00f3n del casco antiguo que es imprescindible viendo el estado actual en el que se encuentra.<\/p>\n\n\n\n<p>Desde el grupo socialista tambi\u00e9n queremos se\u00f1alar el descaro con el que act\u00faa este equipo de gobierno, presumiendo de la inversi\u00f3n que supuestamente van a realizar en la renovaci\u00f3n de las redes de abastecimiento de fibrocemento cuando es una partida que est\u00e1 incluida por exigencia del PSOE para nuestra abstenci\u00f3n en los presupuestos. Un compromiso que exigimos que fuera plurianual. Y ahora de manera sonrojante presumen en los medios de comunicaci\u00f3n de eso.<\/p>\n\n\n\n<p>En otro orden de cosas el PSOE ha querido reaccionar a las declaraciones del equipo de gobierno de ayer sobre la peligrosidad de la Avenida del Castillo para los peatones y los coches. Si las cifras que dicen son tan reales y la calle es tan peligrosa, deben actuar de manera inmediata, y el soterramiento no es ni inmediato ni la soluci\u00f3n, por eso, si tan peligrosa es la situaci\u00f3n, la polic\u00eda municipal deber\u00eda estar diariamente controlando el tr\u00e1fico. Esa si ser\u00eda una soluci\u00f3n inmediata y est\u00e1 de la mano del actual equipo de gobierno. Si no toma medidas ante informes acuciantes ser\u00e1 responsable por omisi\u00f3n y si su soluci\u00f3n es el soterramiento se deber\u00edan soterrar todos los puntos negros de la ciudad.<\/p>\n\n\n\n<figure class=\"wp-block-gallery has-nested-images columns-default is-cropped wp-block-gallery-1 is-layout-flex wp-block-gallery-is-layout-flex\">\n<figure class=\"wp-block-image size-large\"><img loading=\"lazy\" decoding=\"async\" width=\"768\" height=\"1024\" data-id=\"407\" src=\"https:\/\/agrupacionespsoe.es\/ponferrada\/wp-content\/uploads\/sites\/36\/2024\/03\/concejala-768x1024.jpeg\" alt=\"\" class=\"wp-image-407\" srcset=\"https:\/\/agrupacionespsoe.es\/ponferrada\/wp-content\/uploads\/sites\/36\/2024\/03\/concejala-768x1024.jpeg 768w, https:\/\/agrupacionespsoe.es\/ponferrada\/wp-content\/uploads\/sites\/36\/2024\/03\/concejala-225x300.jpeg 225w, https:\/\/agrupacionespsoe.es\/ponferrada\/wp-content\/uploads\/sites\/36\/2024\/03\/concejala-1152x1536.jpeg 1152w, https:\/\/agrupacionespsoe.es\/ponferrada\/wp-content\/uploads\/sites\/36\/2024\/03\/concejala.jpeg 1200w\" sizes=\"auto, (max-width: 768px) 100vw, 768px\" \/><\/figure>\n<\/figure>\n","protected":false},"excerpt":{"rendered":"<p>El PSOE pide que si tan peligrosa es la Avenida del Castillo act\u00faen de manera inmediata Desde el grupo socialista se se\u00f1ala que resulta sorprendente c\u00f3mo el actual alcalde, que presume de pasear la ciudad, desconoce que el proyecto de playa fluvial que ideo el equipo de Olegario Ram\u00f3n fue el proyecto m\u00e1s votado por &#8230;<\/p>\n","protected":false},"author":32,"featured_media":407,"comment_status":"open","ping_status":"open","sticky":false,"template":"","format":"standard","meta":{"_jetpack_memberships_contains_paid_content":false,"footnotes":""},"categories":[6],"tags":[],"class_list":["post-425","post","type-post","status-publish","format-standard","has-post-thumbnail","hentry","category-actualidad"],"yoast_head":"<!-- This site is optimized with the Yoast SEO plugin v24.0 - https:\/\/yoast.com\/wordpress\/plugins\/seo\/ -->\n<title>El Grupo Municipal Socialista se\u00f1ala que si el alcalde escuchara m\u00e1s a la ciudadan\u00eda apostar\u00eda por el proyecto de playa fluvial. - Agrupaci\u00f3n Socialista de Ponferrada<\/title>\n<meta name=\"robots\" content=\"index, follow, max-snippet:-1, max-image-preview:large, max-video-preview:-1\" \/>\n<link rel=\"canonical\" href=\"https:\/\/agrupacionespsoe.es\/ponferrada\/el-grupo-municipal-socialista-senala-que-si-el-alcalde-escuchara-mas-a-la-ciudadania-apostaria-por-el-proyecto-de-playa-fluvial\/\" \/>\n<meta property=\"og:locale\" content=\"es_ES\" \/>\n<meta property=\"og:type\" content=\"article\" \/>\n<meta property=\"og:title\" content=\"El Grupo Municipal Socialista se\u00f1ala que si el alcalde escuchara m\u00e1s a la ciudadan\u00eda apostar\u00eda por el proyecto de playa fluvial. - Agrupaci\u00f3n Socialista de Ponferrada\" \/>\n<meta property=\"og:description\" content=\"El PSOE pide que si tan peligrosa es la Avenida del Castillo act\u00faen de manera inmediata Desde el grupo socialista se se\u00f1ala que resulta sorprendente c\u00f3mo el actual alcalde, que presume de pasear la ciudad, desconoce que el proyecto de playa fluvial que ideo el equipo de Olegario Ram\u00f3n fue el proyecto m\u00e1s votado por ...\" \/>\n<meta property=\"og:url\" content=\"https:\/\/agrupacionespsoe.es\/ponferrada\/el-grupo-municipal-socialista-senala-que-si-el-alcalde-escuchara-mas-a-la-ciudadania-apostaria-por-el-proyecto-de-playa-fluvial\/\" \/>\n<meta property=\"og:site_name\" content=\"Agrupaci\u00f3n Socialista de Ponferrada\" \/>\n<meta property=\"article:published_time\" content=\"2024-03-14T11:07:57+00:00\" \/>\n<meta property=\"article:modified_time\" content=\"2024-03-14T11:07:58+00:00\" \/>\n<meta property=\"og:image\" content=\"https:\/\/agrupacionespsoe.es\/ponferrada\/wp-content\/uploads\/sites\/36\/2024\/03\/concejala.jpeg\" \/>\n\t<meta property=\"og:image:width\" content=\"1200\" \/>\n\t<meta property=\"og:image:height\" content=\"1600\" \/>\n\t<meta property=\"og:image:type\" content=\"image\/jpeg\" \/>\n<meta name=\"author\" content=\"ponferrada2\" \/>\n<meta name=\"twitter:card\" content=\"summary_large_image\" \/>\n<meta name=\"twitter:label1\" content=\"Escrito por\" \/>\n\t<meta name=\"twitter:data1\" content=\"ponferrada2\" \/>\n\t<meta name=\"twitter:label2\" content=\"Tiempo de lectura\" \/>\n\t<meta name=\"twitter:data2\" content=\"3 minutos\" \/>\n<script type=\"application\/ld+json\" class=\"yoast-schema-graph\">{\"@context\":\"https:\/\/schema.org\",\"@graph\":[{\"@type\":\"Article\",\"@id\":\"https:\/\/agrupacionespsoe.es\/ponferrada\/el-grupo-municipal-socialista-senala-que-si-el-alcalde-escuchara-mas-a-la-ciudadania-apostaria-por-el-proyecto-de-playa-fluvial\/#article\",\"isPartOf\":{\"@id\":\"https:\/\/agrupacionespsoe.es\/ponferrada\/el-grupo-municipal-socialista-senala-que-si-el-alcalde-escuchara-mas-a-la-ciudadania-apostaria-por-el-proyecto-de-playa-fluvial\/\"},\"author\":{\"name\":\"ponferrada2\",\"@id\":\"https:\/\/agrupacionespsoe.es\/ponferrada\/#\/schema\/person\/cd29ee627f3b70c05d415f02596debaa\"},\"headline\":\"El Grupo Municipal Socialista se\u00f1ala que si el alcalde escuchara m\u00e1s a la ciudadan\u00eda apostar\u00eda por el proyecto de playa fluvial.\",\"datePublished\":\"2024-03-14T11:07:57+00:00\",\"dateModified\":\"2024-03-14T11:07:58+00:00\",\"mainEntityOfPage\":{\"@id\":\"https:\/\/agrupacionespsoe.es\/ponferrada\/el-grupo-municipal-socialista-senala-que-si-el-alcalde-escuchara-mas-a-la-ciudadania-apostaria-por-el-proyecto-de-playa-fluvial\/\"},\"wordCount\":476,\"commentCount\":0,\"publisher\":{\"@id\":\"https:\/\/agrupacionespsoe.es\/ponferrada\/#organization\"},\"image\":{\"@id\":\"https:\/\/agrupacionespsoe.es\/ponferrada\/el-grupo-municipal-socialista-senala-que-si-el-alcalde-escuchara-mas-a-la-ciudadania-apostaria-por-el-proyecto-de-playa-fluvial\/#primaryimage\"},\"thumbnailUrl\":\"https:\/\/agrupacionespsoe.es\/ponferrada\/wp-content\/uploads\/sites\/36\/2024\/03\/concejala.jpeg\",\"articleSection\":[\"ACTUALIDAD\"],\"inLanguage\":\"es\",\"potentialAction\":[{\"@type\":\"CommentAction\",\"name\":\"Comment\",\"target\":[\"https:\/\/agrupacionespsoe.es\/ponferrada\/el-grupo-municipal-socialista-senala-que-si-el-alcalde-escuchara-mas-a-la-ciudadania-apostaria-por-el-proyecto-de-playa-fluvial\/#respond\"]}]},{\"@type\":\"WebPage\",\"@id\":\"https:\/\/agrupacionespsoe.es\/ponferrada\/el-grupo-municipal-socialista-senala-que-si-el-alcalde-escuchara-mas-a-la-ciudadania-apostaria-por-el-proyecto-de-playa-fluvial\/\",\"url\":\"https:\/\/agrupacionespsoe.es\/ponferrada\/el-grupo-municipal-socialista-senala-que-si-el-alcalde-escuchara-mas-a-la-ciudadania-apostaria-por-el-proyecto-de-playa-fluvial\/\",\"name\":\"El Grupo Municipal Socialista se\u00f1ala que si el alcalde escuchara m\u00e1s a la ciudadan\u00eda apostar\u00eda por el proyecto de playa fluvial. - Agrupaci\u00f3n Socialista de Ponferrada\",\"isPartOf\":{\"@id\":\"https:\/\/agrupacionespsoe.es\/ponferrada\/#website\"},\"primaryImageOfPage\":{\"@id\":\"https:\/\/agrupacionespsoe.es\/ponferrada\/el-grupo-municipal-socialista-senala-que-si-el-alcalde-escuchara-mas-a-la-ciudadania-apostaria-por-el-proyecto-de-playa-fluvial\/#primaryimage\"},\"image\":{\"@id\":\"https:\/\/agrupacionespsoe.es\/ponferrada\/el-grupo-municipal-socialista-senala-que-si-el-alcalde-escuchara-mas-a-la-ciudadania-apostaria-por-el-proyecto-de-playa-fluvial\/#primaryimage\"},\"thumbnailUrl\":\"https:\/\/agrupacionespsoe.es\/ponferrada\/wp-content\/uploads\/sites\/36\/2024\/03\/concejala.jpeg\",\"datePublished\":\"2024-03-14T11:07:57+00:00\",\"dateModified\":\"2024-03-14T11:07:58+00:00\",\"breadcrumb\":{\"@id\":\"https:\/\/agrupacionespsoe.es\/ponferrada\/el-grupo-municipal-socialista-senala-que-si-el-alcalde-escuchara-mas-a-la-ciudadania-apostaria-por-el-proyecto-de-playa-fluvial\/#breadcrumb\"},\"inLanguage\":\"es\",\"potentialAction\":[{\"@type\":\"ReadAction\",\"target\":[\"https:\/\/agrupacionespsoe.es\/ponferrada\/el-grupo-municipal-socialista-senala-que-si-el-alcalde-escuchara-mas-a-la-ciudadania-apostaria-por-el-proyecto-de-playa-fluvial\/\"]}]},{\"@type\":\"ImageObject\",\"inLanguage\":\"es\",\"@id\":\"https:\/\/agrupacionespsoe.es\/ponferrada\/el-grupo-municipal-socialista-senala-que-si-el-alcalde-escuchara-mas-a-la-ciudadania-apostaria-por-el-proyecto-de-playa-fluvial\/#primaryimage\",\"url\":\"https:\/\/agrupacionespsoe.es\/ponferrada\/wp-content\/uploads\/sites\/36\/2024\/03\/concejala.jpeg\",\"contentUrl\":\"https:\/\/agrupacionespsoe.es\/ponferrada\/wp-content\/uploads\/sites\/36\/2024\/03\/concejala.jpeg\",\"width\":1200,\"height\":1600},{\"@type\":\"BreadcrumbList\",\"@id\":\"https:\/\/agrupacionespsoe.es\/ponferrada\/el-grupo-municipal-socialista-senala-que-si-el-alcalde-escuchara-mas-a-la-ciudadania-apostaria-por-el-proyecto-de-playa-fluvial\/#breadcrumb\",\"itemListElement\":[{\"@type\":\"ListItem\",\"position\":1,\"name\":\"Portada\",\"item\":\"https:\/\/agrupacionespsoe.es\/ponferrada\/\"},{\"@type\":\"ListItem\",\"position\":2,\"name\":\"El Grupo Municipal Socialista se\u00f1ala que si el alcalde escuchara m\u00e1s a la ciudadan\u00eda apostar\u00eda por el proyecto de playa fluvial.\"}]},{\"@type\":\"WebSite\",\"@id\":\"https:\/\/agrupacionespsoe.es\/ponferrada\/#website\",\"url\":\"https:\/\/agrupacionespsoe.es\/ponferrada\/\",\"name\":\"Agrupaci\u00f3n Socialista de Ponferrada\",\"description\":\"Agrupaci\u00f3n Socialista de Ponferrada\",\"publisher\":{\"@id\":\"https:\/\/agrupacionespsoe.es\/ponferrada\/#organization\"},\"potentialAction\":[{\"@type\":\"SearchAction\",\"target\":{\"@type\":\"EntryPoint\",\"urlTemplate\":\"https:\/\/agrupacionespsoe.es\/ponferrada\/?s={search_term_string}\"},\"query-input\":{\"@type\":\"PropertyValueSpecification\",\"valueRequired\":true,\"valueName\":\"search_term_string\"}}],\"inLanguage\":\"es\"},{\"@type\":\"Organization\",\"@id\":\"https:\/\/agrupacionespsoe.es\/ponferrada\/#organization\",\"name\":\"Agrupaci\u00f3n Socialista de Ponferrada\",\"url\":\"https:\/\/agrupacionespsoe.es\/ponferrada\/\",\"logo\":{\"@type\":\"ImageObject\",\"inLanguage\":\"es\",\"@id\":\"https:\/\/agrupacionespsoe.es\/ponferrada\/#\/schema\/logo\/image\/\",\"url\":\"https:\/\/agrupacionespsoe.es\/wp-content\/uploads\/2022\/07\/Logotipo_electoral_del_PSOE.png\",\"contentUrl\":\"https:\/\/agrupacionespsoe.es\/wp-content\/uploads\/2022\/07\/Logotipo_electoral_del_PSOE.png\",\"width\":422,\"height\":422,\"caption\":\"Agrupaci\u00f3n Socialista de Ponferrada\"},\"image\":{\"@id\":\"https:\/\/agrupacionespsoe.es\/ponferrada\/#\/schema\/logo\/image\/\"}},{\"@type\":\"Person\",\"@id\":\"https:\/\/agrupacionespsoe.es\/ponferrada\/#\/schema\/person\/cd29ee627f3b70c05d415f02596debaa\",\"name\":\"ponferrada2\",\"image\":{\"@type\":\"ImageObject\",\"inLanguage\":\"es\",\"@id\":\"https:\/\/agrupacionespsoe.es\/ponferrada\/#\/schema\/person\/image\/\",\"url\":\"https:\/\/secure.gravatar.com\/avatar\/f499eeb60144c664cf7b7edf75549b50?s=96&d=mm&r=g\",\"contentUrl\":\"https:\/\/secure.gravatar.com\/avatar\/f499eeb60144c664cf7b7edf75549b50?s=96&d=mm&r=g\",\"caption\":\"ponferrada2\"},\"url\":\"https:\/\/agrupacionespsoe.es\/ponferrada\/author\/ponferrada2\/\"}]}<\/script>\n<!-- \/ Yoast SEO plugin. -->","yoast_head_json":{"title":"El Grupo Municipal Socialista se\u00f1ala que si el alcalde escuchara m\u00e1s a la ciudadan\u00eda apostar\u00eda por el proyecto de playa fluvial. - Agrupaci\u00f3n Socialista de Ponferrada","robots":{"index":"index","follow":"follow","max-snippet":"max-snippet:-1","max-image-preview":"max-image-preview:large","max-video-preview":"max-video-preview:-1"},"canonical":"https:\/\/agrupacionespsoe.es\/ponferrada\/el-grupo-municipal-socialista-senala-que-si-el-alcalde-escuchara-mas-a-la-ciudadania-apostaria-por-el-proyecto-de-playa-fluvial\/","og_locale":"es_ES","og_type":"article","og_title":"El Grupo Municipal Socialista se\u00f1ala que si el alcalde escuchara m\u00e1s a la ciudadan\u00eda apostar\u00eda por el proyecto de playa fluvial. - Agrupaci\u00f3n Socialista de Ponferrada","og_description":"El PSOE pide que si tan peligrosa es la Avenida del Castillo act\u00faen de manera inmediata Desde el grupo socialista se se\u00f1ala que resulta sorprendente c\u00f3mo el actual alcalde, que presume de pasear la ciudad, desconoce que el proyecto de playa fluvial que ideo el equipo de Olegario Ram\u00f3n fue el proyecto m\u00e1s votado por ...","og_url":"https:\/\/agrupacionespsoe.es\/ponferrada\/el-grupo-municipal-socialista-senala-que-si-el-alcalde-escuchara-mas-a-la-ciudadania-apostaria-por-el-proyecto-de-playa-fluvial\/","og_site_name":"Agrupaci\u00f3n Socialista de Ponferrada","article_published_time":"2024-03-14T11:07:57+00:00","article_modified_time":"2024-03-14T11:07:58+00:00","og_image":[{"width":1200,"height":1600,"url":"https:\/\/agrupacionespsoe.es\/ponferrada\/wp-content\/uploads\/sites\/36\/2024\/03\/concejala.jpeg","type":"image\/jpeg"}],"author":"ponferrada2","twitter_card":"summary_large_image","twitter_misc":{"Escrito por":"ponferrada2","Tiempo de lectura":"3 minutos"},"schema":{"@context":"https:\/\/schema.org","@graph":[{"@type":"Article","@id":"https:\/\/agrupacionespsoe.es\/ponferrada\/el-grupo-municipal-socialista-senala-que-si-el-alcalde-escuchara-mas-a-la-ciudadania-apostaria-por-el-proyecto-de-playa-fluvial\/#article","isPartOf":{"@id":"https:\/\/agrupacionespsoe.es\/ponferrada\/el-grupo-municipal-socialista-senala-que-si-el-alcalde-escuchara-mas-a-la-ciudadania-apostaria-por-el-proyecto-de-playa-fluvial\/"},"author":{"name":"ponferrada2","@id":"https:\/\/agrupacionespsoe.es\/ponferrada\/#\/schema\/person\/cd29ee627f3b70c05d415f02596debaa"},"headline":"El Grupo Municipal Socialista se\u00f1ala que si el alcalde escuchara m\u00e1s a la ciudadan\u00eda apostar\u00eda por el proyecto de playa fluvial.","datePublished":"2024-03-14T11:07:57+00:00","dateModified":"2024-03-14T11:07:58+00:00","mainEntityOfPage":{"@id":"https:\/\/agrupacionespsoe.es\/ponferrada\/el-grupo-municipal-socialista-senala-que-si-el-alcalde-escuchara-mas-a-la-ciudadania-apostaria-por-el-proyecto-de-playa-fluvial\/"},"wordCount":476,"commentCount":0,"publisher":{"@id":"https:\/\/agrupacionespsoe.es\/ponferrada\/#organization"},"image":{"@id":"https:\/\/agrupacionespsoe.es\/ponferrada\/el-grupo-municipal-socialista-senala-que-si-el-alcalde-escuchara-mas-a-la-ciudadania-apostaria-por-el-proyecto-de-playa-fluvial\/#primaryimage"},"thumbnailUrl":"https:\/\/agrupacionespsoe.es\/ponferrada\/wp-content\/uploads\/sites\/36\/2024\/03\/concejala.jpeg","articleSection":["ACTUALIDAD"],"inLanguage":"es","potentialAction":[{"@type":"CommentAction","name":"Comment","target":["https:\/\/agrupacionespsoe.es\/ponferrada\/el-grupo-municipal-socialista-senala-que-si-el-alcalde-escuchara-mas-a-la-ciudadania-apostaria-por-el-proyecto-de-playa-fluvial\/#respond"]}]},{"@type":"WebPage","@id":"https:\/\/agrupacionespsoe.es\/ponferrada\/el-grupo-municipal-socialista-senala-que-si-el-alcalde-escuchara-mas-a-la-ciudadania-apostaria-por-el-proyecto-de-playa-fluvial\/","url":"https:\/\/agrupacionespsoe.es\/ponferrada\/el-grupo-municipal-socialista-senala-que-si-el-alcalde-escuchara-mas-a-la-ciudadania-apostaria-por-el-proyecto-de-playa-fluvial\/","name":"El Grupo Municipal Socialista se\u00f1ala que si el alcalde escuchara m\u00e1s a la ciudadan\u00eda apostar\u00eda por el proyecto de playa fluvial. - Agrupaci\u00f3n Socialista de Ponferrada","isPartOf":{"@id":"https:\/\/agrupacionespsoe.es\/ponferrada\/#website"},"primaryImageOfPage":{"@id":"https:\/\/agrupacionespsoe.es\/ponferrada\/el-grupo-municipal-socialista-senala-que-si-el-alcalde-escuchara-mas-a-la-ciudadania-apostaria-por-el-proyecto-de-playa-fluvial\/#primaryimage"},"image":{"@id":"https:\/\/agrupacionespsoe.es\/ponferrada\/el-grupo-municipal-socialista-senala-que-si-el-alcalde-escuchara-mas-a-la-ciudadania-apostaria-por-el-proyecto-de-playa-fluvial\/#primaryimage"},"thumbnailUrl":"https:\/\/agrupacionespsoe.es\/ponferrada\/wp-content\/uploads\/sites\/36\/2024\/03\/concejala.jpeg","datePublished":"2024-03-14T11:07:57+00:00","dateModified":"2024-03-14T11:07:58+00:00","breadcrumb":{"@id":"https:\/\/agrupacionespsoe.es\/ponferrada\/el-grupo-municipal-socialista-senala-que-si-el-alcalde-escuchara-mas-a-la-ciudadania-apostaria-por-el-proyecto-de-playa-fluvial\/#breadcrumb"},"inLanguage":"es","potentialAction":[{"@type":"ReadAction","target":["https:\/\/agrupacionespsoe.es\/ponferrada\/el-grupo-municipal-socialista-senala-que-si-el-alcalde-escuchara-mas-a-la-ciudadania-apostaria-por-el-proyecto-de-playa-fluvial\/"]}]},{"@type":"ImageObject","inLanguage":"es","@id":"https:\/\/agrupacionespsoe.es\/ponferrada\/el-grupo-municipal-socialista-senala-que-si-el-alcalde-escuchara-mas-a-la-ciudadania-apostaria-por-el-proyecto-de-playa-fluvial\/#primaryimage","url":"https:\/\/agrupacionespsoe.es\/ponferrada\/wp-content\/uploads\/sites\/36\/2024\/03\/concejala.jpeg","contentUrl":"https:\/\/agrupacionespsoe.es\/ponferrada\/wp-content\/uploads\/sites\/36\/2024\/03\/concejala.jpeg","width":1200,"height":1600},{"@type":"BreadcrumbList","@id":"https:\/\/agrupacionespsoe.es\/ponferrada\/el-grupo-municipal-socialista-senala-que-si-el-alcalde-escuchara-mas-a-la-ciudadania-apostaria-por-el-proyecto-de-playa-fluvial\/#breadcrumb","itemListElement":[{"@type":"ListItem","position":1,"name":"Portada","item":"https:\/\/agrupacionespsoe.es\/ponferrada\/"},{"@type":"ListItem","position":2,"name":"El Grupo Municipal Socialista se\u00f1ala que si el alcalde escuchara m\u00e1s a la ciudadan\u00eda apostar\u00eda por el proyecto de playa fluvial."}]},{"@type":"WebSite","@id":"https:\/\/agrupacionespsoe.es\/ponferrada\/#website","url":"https:\/\/agrupacionespsoe.es\/ponferrada\/","name":"Agrupaci\u00f3n Socialista de Ponferrada","description":"Agrupaci\u00f3n Socialista de Ponferrada","publisher":{"@id":"https:\/\/agrupacionespsoe.es\/ponferrada\/#organization"},"potentialAction":[{"@type":"SearchAction","target":{"@type":"EntryPoint","urlTemplate":"https:\/\/agrupacionespsoe.es\/ponferrada\/?s={search_term_string}"},"query-input":{"@type":"PropertyValueSpecification","valueRequired":true,"valueName":"search_term_string"}}],"inLanguage":"es"},{"@type":"Organization","@id":"https:\/\/agrupacionespsoe.es\/ponferrada\/#organization","name":"Agrupaci\u00f3n Socialista de Ponferrada","url":"https:\/\/agrupacionespsoe.es\/ponferrada\/","logo":{"@type":"ImageObject","inLanguage":"es","@id":"https:\/\/agrupacionespsoe.es\/ponferrada\/#\/schema\/logo\/image\/","url":"https:\/\/agrupacionespsoe.es\/wp-content\/uploads\/2022\/07\/Logotipo_electoral_del_PSOE.png","contentUrl":"https:\/\/agrupacionespsoe.es\/wp-content\/uploads\/2022\/07\/Logotipo_electoral_del_PSOE.png","width":422,"height":422,"caption":"Agrupaci\u00f3n Socialista de Ponferrada"},"image":{"@id":"https:\/\/agrupacionespsoe.es\/ponferrada\/#\/schema\/logo\/image\/"}},{"@type":"Person","@id":"https:\/\/agrupacionespsoe.es\/ponferrada\/#\/schema\/person\/cd29ee627f3b70c05d415f02596debaa","name":"ponferrada2","image":{"@type":"ImageObject","inLanguage":"es","@id":"https:\/\/agrupacionespsoe.es\/ponferrada\/#\/schema\/person\/image\/","url":"https:\/\/secure.gravatar.com\/avatar\/f499eeb60144c664cf7b7edf75549b50?s=96&d=mm&r=g","contentUrl":"https:\/\/secure.gravatar.com\/avatar\/f499eeb60144c664cf7b7edf75549b50?s=96&d=mm&r=g","caption":"ponferrada2"},"url":"https:\/\/agrupacionespsoe.es\/ponferrada\/author\/ponferrada2\/"}]}},"jetpack_featured_media_url":"https:\/\/agrupacionespsoe.es\/ponferrada\/wp-content\/uploads\/sites\/36\/2024\/03\/concejala.jpeg","jetpack_sharing_enabled":true,"_links":{"self":[{"href":"https:\/\/agrupacionespsoe.es\/ponferrada\/wp-json\/wp\/v2\/posts\/425","targetHints":{"allow":["GET"]}}],"collection":[{"href":"https:\/\/agrupacionespsoe.es\/ponferrada\/wp-json\/wp\/v2\/posts"}],"about":[{"href":"https:\/\/agrupacionespsoe.es\/ponferrada\/wp-json\/wp\/v2\/types\/post"}],"author":[{"embeddable":true,"href":"https:\/\/agrupacionespsoe.es\/ponferrada\/wp-json\/wp\/v2\/users\/32"}],"replies":[{"embeddable":true,"href":"https:\/\/agrupacionespsoe.es\/ponferrada\/wp-json\/wp\/v2\/comments?post=425"}],"version-history":[{"count":1,"href":"https:\/\/agrupacionespsoe.es\/ponferrada\/wp-json\/wp\/v2\/posts\/425\/revisions"}],"predecessor-version":[{"id":426,"href":"https:\/\/agrupacionespsoe.es\/ponferrada\/wp-json\/wp\/v2\/posts\/425\/revisions\/426"}],"wp:featuredmedia":[{"embeddable":true,"href":"https:\/\/agrupacionespsoe.es\/ponferrada\/wp-json\/wp\/v2\/media\/407"}],"wp:attachment":[{"href":"https:\/\/agrupacionespsoe.es\/ponferrada\/wp-json\/wp\/v2\/media?parent=425"}],"wp:term":[{"taxonomy":"category","embeddable":true,"href":"https:\/\/agrupacionespsoe.es\/ponferrada\/wp-json\/wp\/v2\/categories?post=425"},{"taxonomy":"post_tag","embeddable":true,"href":"https:\/\/agrupacionespsoe.es\/ponferrada\/wp-json\/wp\/v2\/tags?post=425"}],"curies":[{"name":"wp","href":"https:\/\/api.w.org\/{rel}","templated":true}]}}