{"id":422,"date":"2024-03-12T12:57:56","date_gmt":"2024-03-12T12:57:56","guid":{"rendered":"https:\/\/agrupacionespsoe.es\/ponferrada\/?p=422"},"modified":"2024-03-12T12:57:57","modified_gmt":"2024-03-12T12:57:57","slug":"el-grupo-municipal-socialista-pide-al-actual-equipo-de-gobierno-que-la-inversion-que-se-va-a-hacer-en-un-bien-privado-repercuta-a-la-ciudadania","status":"publish","type":"post","link":"https:\/\/agrupacionespsoe.es\/ponferrada\/el-grupo-municipal-socialista-pide-al-actual-equipo-de-gobierno-que-la-inversion-que-se-va-a-hacer-en-un-bien-privado-repercuta-a-la-ciudadania\/","title":{"rendered":"El grupo municipal socialista pide al actual equipo de gobierno que la inversi\u00f3n que se va a hacer en un bien privado repercuta a la ciudadan\u00eda"},"content":{"rendered":"\n<p class=\"has-large-font-size\"><strong>El PSOE tacha la gesti\u00f3n del actual equipo de gobierno de improvisaci\u00f3n y oscurantismo<\/strong><\/p>\n\n\n\n<p>El grupo socialista quiere denunciar la pol\u00edtica de improvisaci\u00f3n y oscurantista que practica el actual equipo de gobierno.<\/p>\n\n\n\n<p>Mabel Fern\u00e1ndez que capitane\u00f3 el proyecto de Ponferrada Camino al Futuro se\u00f1ala que \u201cA pesar de que en diciembre de 2023 el actual equipo de gobierno anunci\u00f3 que el ayuntamiento ten\u00eda un convenio con el propietario de la Iglesia de La Encina para la cesi\u00f3n por 50 a\u00f1os del museo de arte sacro y del mirador, lo cierto es que no existe tal convenio.\u201d<\/p>\n\n\n\n<p>Tras una petici\u00f3n del grupo socialista para que nos facilitaran el acuerdo, desde el ayuntamiento han puesto a disposici\u00f3n del grupo socialista la documentaci\u00f3n que nada dice sobre la cesi\u00f3n de la gesti\u00f3n ni del museo ni del mirador. Se trata simplemente de la autorizaci\u00f3n del propietario, el obispado de Astorga, para que el ayuntamiento ejecute las obras.<\/p>\n\n\n\n<p>A\u00f1ade que \u201cuna vez m\u00e1s, se demuestra que el PSOE llevaba raz\u00f3n y que el actual equipo de gobierno act\u00faa a golpe de improvisaci\u00f3n, con oscurantismo y con la mentira por bandera, cuando se critica que se va a ejecutar una inversi\u00f3n en un bien que no es p\u00fablico anuncian un convenio que no existe en ese momento y que 3 meses despu\u00e9s siguen sin realizar\u201d.<\/p>\n\n\n\n<p>Desde el grupo del PSOE queremos recordar que el Plan de Turismo que se va a ejecutar fue un proyecto del PSOE que consigui\u00f3 financiaci\u00f3n por importe de 3,1 millones y que inclu\u00eda una playa fluvial. Desde el actual equipo de gobierno se modific\u00f3 el proyecto sustrayendo 407.000 euros que iban destinados a las rehabilitaciones del casco antiguo y dejando una cantidad rid\u00edcula para realizar el Plan Especial del Camino de Santiago para invertir 535.000 euros en hacer el mirador de la Encina y el Museo de Arte Sacro, y todo sin saber qui\u00e9n lo va a gestionar, durante cu\u00e1nto tiempo o si la ciudadan\u00eda recuperar\u00e1 de alguna forma la inversi\u00f3n.<\/p>\n\n\n\n<p>Mabel Fern\u00e1ndez se\u00f1ala que \u201csolo hay que darse un paseo por la Calle del Ra\u00f1adero para ver la necesidad que exist\u00eda de la partida de rehabilitaci\u00f3n, ahora al mal estado en el que se encuentran las edificaciones se ha unido al desastre la ca\u00edda del mirador escondido de la calle paralela a la C. del Reloj.\u201d<\/p>\n\n\n\n<p>A juicio del PSOE el actual equipo de gobierno pr\u00e1ctica una pol\u00edtica de maquillaje, moviendo esculturas o bustos que no son necesarias o encargando nuevas para rotondas sin preocuparse en arreglar lo importante.<\/p>\n\n\n\n<p>Mabel Fern\u00e1ndez concluye pidiendo al actual equipo de gobierno que ya que no est\u00e1 dispuesto a recapacitar para que se recupere el proyecto inicial, que solventaba los problemas reales de la zona, al menos firme un convenio de cesi\u00f3n de la gesti\u00f3n de ambas instalaciones, tanto el mirador como el museo, para que la inversi\u00f3n revierta de nuevo a la ciudadan\u00eda.<\/p>\n\n\n\n<figure class=\"wp-block-image size-large\"><img loading=\"lazy\" decoding=\"async\" width=\"720\" height=\"1024\" src=\"https:\/\/agrupacionespsoe.es\/ponferrada\/wp-content\/uploads\/sites\/36\/2024\/03\/WhatsApp-Image-2024-03-12-at-13.07.12-720x1024.jpeg\" alt=\"\" class=\"wp-image-423\" srcset=\"https:\/\/agrupacionespsoe.es\/ponferrada\/wp-content\/uploads\/sites\/36\/2024\/03\/WhatsApp-Image-2024-03-12-at-13.07.12-720x1024.jpeg 720w, https:\/\/agrupacionespsoe.es\/ponferrada\/wp-content\/uploads\/sites\/36\/2024\/03\/WhatsApp-Image-2024-03-12-at-13.07.12-211x300.jpeg 211w, https:\/\/agrupacionespsoe.es\/ponferrada\/wp-content\/uploads\/sites\/36\/2024\/03\/WhatsApp-Image-2024-03-12-at-13.07.12-768x1092.jpeg 768w, https:\/\/agrupacionespsoe.es\/ponferrada\/wp-content\/uploads\/sites\/36\/2024\/03\/WhatsApp-Image-2024-03-12-at-13.07.12.jpeg 797w\" sizes=\"auto, (max-width: 720px) 100vw, 720px\" \/><\/figure>\n","protected":false},"excerpt":{"rendered":"<p>El PSOE tacha la gesti\u00f3n del actual equipo de gobierno de improvisaci\u00f3n y oscurantismo El grupo socialista quiere denunciar la pol\u00edtica de improvisaci\u00f3n y oscurantista que practica el actual equipo de gobierno. Mabel Fern\u00e1ndez que capitane\u00f3 el proyecto de Ponferrada Camino al Futuro se\u00f1ala que \u201cA pesar de que en diciembre de 2023 el actual &#8230;<\/p>\n","protected":false},"author":32,"featured_media":423,"comment_status":"open","ping_status":"open","sticky":false,"template":"","format":"standard","meta":{"_jetpack_memberships_contains_paid_content":false,"footnotes":""},"categories":[6],"tags":[],"class_list":["post-422","post","type-post","status-publish","format-standard","has-post-thumbnail","hentry","category-actualidad"],"yoast_head":"<!-- This site is optimized with the Yoast SEO plugin v24.0 - https:\/\/yoast.com\/wordpress\/plugins\/seo\/ -->\n<title>El grupo municipal socialista pide al actual equipo de gobierno que la inversi\u00f3n que se va a hacer en un bien privado repercuta a la ciudadan\u00eda - Agrupaci\u00f3n Socialista de Ponferrada<\/title>\n<meta name=\"robots\" content=\"index, follow, max-snippet:-1, max-image-preview:large, max-video-preview:-1\" \/>\n<link rel=\"canonical\" href=\"https:\/\/agrupacionespsoe.es\/ponferrada\/el-grupo-municipal-socialista-pide-al-actual-equipo-de-gobierno-que-la-inversion-que-se-va-a-hacer-en-un-bien-privado-repercuta-a-la-ciudadania\/\" \/>\n<meta property=\"og:locale\" content=\"es_ES\" \/>\n<meta property=\"og:type\" content=\"article\" \/>\n<meta property=\"og:title\" content=\"El grupo municipal socialista pide al actual equipo de gobierno que la inversi\u00f3n que se va a hacer en un bien privado repercuta a la ciudadan\u00eda - Agrupaci\u00f3n Socialista de Ponferrada\" \/>\n<meta property=\"og:description\" content=\"El PSOE tacha la gesti\u00f3n del actual equipo de gobierno de improvisaci\u00f3n y oscurantismo El grupo socialista quiere denunciar la pol\u00edtica de improvisaci\u00f3n y oscurantista que practica el actual equipo de gobierno. Mabel Fern\u00e1ndez que capitane\u00f3 el proyecto de Ponferrada Camino al Futuro se\u00f1ala que \u201cA pesar de que en diciembre de 2023 el actual ...\" \/>\n<meta property=\"og:url\" content=\"https:\/\/agrupacionespsoe.es\/ponferrada\/el-grupo-municipal-socialista-pide-al-actual-equipo-de-gobierno-que-la-inversion-que-se-va-a-hacer-en-un-bien-privado-repercuta-a-la-ciudadania\/\" \/>\n<meta property=\"og:site_name\" content=\"Agrupaci\u00f3n Socialista de Ponferrada\" \/>\n<meta property=\"article:published_time\" content=\"2024-03-12T12:57:56+00:00\" \/>\n<meta property=\"article:modified_time\" content=\"2024-03-12T12:57:57+00:00\" \/>\n<meta property=\"og:image\" content=\"https:\/\/agrupacionespsoe.es\/ponferrada\/wp-content\/uploads\/sites\/36\/2024\/03\/WhatsApp-Image-2024-03-12-at-13.07.12.jpeg\" \/>\n\t<meta property=\"og:image:width\" content=\"797\" \/>\n\t<meta property=\"og:image:height\" content=\"1133\" \/>\n\t<meta property=\"og:image:type\" content=\"image\/jpeg\" \/>\n<meta name=\"author\" content=\"ponferrada2\" \/>\n<meta name=\"twitter:card\" content=\"summary_large_image\" \/>\n<meta name=\"twitter:label1\" content=\"Escrito por\" \/>\n\t<meta name=\"twitter:data1\" content=\"ponferrada2\" \/>\n\t<meta name=\"twitter:label2\" content=\"Tiempo de lectura\" \/>\n\t<meta name=\"twitter:data2\" content=\"3 minutos\" \/>\n<script type=\"application\/ld+json\" class=\"yoast-schema-graph\">{\"@context\":\"https:\/\/schema.org\",\"@graph\":[{\"@type\":\"Article\",\"@id\":\"https:\/\/agrupacionespsoe.es\/ponferrada\/el-grupo-municipal-socialista-pide-al-actual-equipo-de-gobierno-que-la-inversion-que-se-va-a-hacer-en-un-bien-privado-repercuta-a-la-ciudadania\/#article\",\"isPartOf\":{\"@id\":\"https:\/\/agrupacionespsoe.es\/ponferrada\/el-grupo-municipal-socialista-pide-al-actual-equipo-de-gobierno-que-la-inversion-que-se-va-a-hacer-en-un-bien-privado-repercuta-a-la-ciudadania\/\"},\"author\":{\"name\":\"ponferrada2\",\"@id\":\"https:\/\/agrupacionespsoe.es\/ponferrada\/#\/schema\/person\/cd29ee627f3b70c05d415f02596debaa\"},\"headline\":\"El grupo municipal socialista pide al actual equipo de gobierno que la inversi\u00f3n que se va a hacer en un bien privado repercuta a la ciudadan\u00eda\",\"datePublished\":\"2024-03-12T12:57:56+00:00\",\"dateModified\":\"2024-03-12T12:57:57+00:00\",\"mainEntityOfPage\":{\"@id\":\"https:\/\/agrupacionespsoe.es\/ponferrada\/el-grupo-municipal-socialista-pide-al-actual-equipo-de-gobierno-que-la-inversion-que-se-va-a-hacer-en-un-bien-privado-repercuta-a-la-ciudadania\/\"},\"wordCount\":546,\"commentCount\":0,\"publisher\":{\"@id\":\"https:\/\/agrupacionespsoe.es\/ponferrada\/#organization\"},\"image\":{\"@id\":\"https:\/\/agrupacionespsoe.es\/ponferrada\/el-grupo-municipal-socialista-pide-al-actual-equipo-de-gobierno-que-la-inversion-que-se-va-a-hacer-en-un-bien-privado-repercuta-a-la-ciudadania\/#primaryimage\"},\"thumbnailUrl\":\"https:\/\/agrupacionespsoe.es\/ponferrada\/wp-content\/uploads\/sites\/36\/2024\/03\/WhatsApp-Image-2024-03-12-at-13.07.12.jpeg\",\"articleSection\":[\"ACTUALIDAD\"],\"inLanguage\":\"es\",\"potentialAction\":[{\"@type\":\"CommentAction\",\"name\":\"Comment\",\"target\":[\"https:\/\/agrupacionespsoe.es\/ponferrada\/el-grupo-municipal-socialista-pide-al-actual-equipo-de-gobierno-que-la-inversion-que-se-va-a-hacer-en-un-bien-privado-repercuta-a-la-ciudadania\/#respond\"]}]},{\"@type\":\"WebPage\",\"@id\":\"https:\/\/agrupacionespsoe.es\/ponferrada\/el-grupo-municipal-socialista-pide-al-actual-equipo-de-gobierno-que-la-inversion-que-se-va-a-hacer-en-un-bien-privado-repercuta-a-la-ciudadania\/\",\"url\":\"https:\/\/agrupacionespsoe.es\/ponferrada\/el-grupo-municipal-socialista-pide-al-actual-equipo-de-gobierno-que-la-inversion-que-se-va-a-hacer-en-un-bien-privado-repercuta-a-la-ciudadania\/\",\"name\":\"El grupo municipal socialista pide al actual equipo de gobierno que la inversi\u00f3n que se va a hacer en un bien privado repercuta a la ciudadan\u00eda - Agrupaci\u00f3n Socialista de Ponferrada\",\"isPartOf\":{\"@id\":\"https:\/\/agrupacionespsoe.es\/ponferrada\/#website\"},\"primaryImageOfPage\":{\"@id\":\"https:\/\/agrupacionespsoe.es\/ponferrada\/el-grupo-municipal-socialista-pide-al-actual-equipo-de-gobierno-que-la-inversion-que-se-va-a-hacer-en-un-bien-privado-repercuta-a-la-ciudadania\/#primaryimage\"},\"image\":{\"@id\":\"https:\/\/agrupacionespsoe.es\/ponferrada\/el-grupo-municipal-socialista-pide-al-actual-equipo-de-gobierno-que-la-inversion-que-se-va-a-hacer-en-un-bien-privado-repercuta-a-la-ciudadania\/#primaryimage\"},\"thumbnailUrl\":\"https:\/\/agrupacionespsoe.es\/ponferrada\/wp-content\/uploads\/sites\/36\/2024\/03\/WhatsApp-Image-2024-03-12-at-13.07.12.jpeg\",\"datePublished\":\"2024-03-12T12:57:56+00:00\",\"dateModified\":\"2024-03-12T12:57:57+00:00\",\"breadcrumb\":{\"@id\":\"https:\/\/agrupacionespsoe.es\/ponferrada\/el-grupo-municipal-socialista-pide-al-actual-equipo-de-gobierno-que-la-inversion-que-se-va-a-hacer-en-un-bien-privado-repercuta-a-la-ciudadania\/#breadcrumb\"},\"inLanguage\":\"es\",\"potentialAction\":[{\"@type\":\"ReadAction\",\"target\":[\"https:\/\/agrupacionespsoe.es\/ponferrada\/el-grupo-municipal-socialista-pide-al-actual-equipo-de-gobierno-que-la-inversion-que-se-va-a-hacer-en-un-bien-privado-repercuta-a-la-ciudadania\/\"]}]},{\"@type\":\"ImageObject\",\"inLanguage\":\"es\",\"@id\":\"https:\/\/agrupacionespsoe.es\/ponferrada\/el-grupo-municipal-socialista-pide-al-actual-equipo-de-gobierno-que-la-inversion-que-se-va-a-hacer-en-un-bien-privado-repercuta-a-la-ciudadania\/#primaryimage\",\"url\":\"https:\/\/agrupacionespsoe.es\/ponferrada\/wp-content\/uploads\/sites\/36\/2024\/03\/WhatsApp-Image-2024-03-12-at-13.07.12.jpeg\",\"contentUrl\":\"https:\/\/agrupacionespsoe.es\/ponferrada\/wp-content\/uploads\/sites\/36\/2024\/03\/WhatsApp-Image-2024-03-12-at-13.07.12.jpeg\",\"width\":797,\"height\":1133},{\"@type\":\"BreadcrumbList\",\"@id\":\"https:\/\/agrupacionespsoe.es\/ponferrada\/el-grupo-municipal-socialista-pide-al-actual-equipo-de-gobierno-que-la-inversion-que-se-va-a-hacer-en-un-bien-privado-repercuta-a-la-ciudadania\/#breadcrumb\",\"itemListElement\":[{\"@type\":\"ListItem\",\"position\":1,\"name\":\"Portada\",\"item\":\"https:\/\/agrupacionespsoe.es\/ponferrada\/\"},{\"@type\":\"ListItem\",\"position\":2,\"name\":\"El grupo municipal socialista pide al actual equipo de gobierno que la inversi\u00f3n que se va a hacer en un bien privado repercuta a la ciudadan\u00eda\"}]},{\"@type\":\"WebSite\",\"@id\":\"https:\/\/agrupacionespsoe.es\/ponferrada\/#website\",\"url\":\"https:\/\/agrupacionespsoe.es\/ponferrada\/\",\"name\":\"Agrupaci\u00f3n Socialista de Ponferrada\",\"description\":\"Agrupaci\u00f3n Socialista de Ponferrada\",\"publisher\":{\"@id\":\"https:\/\/agrupacionespsoe.es\/ponferrada\/#organization\"},\"potentialAction\":[{\"@type\":\"SearchAction\",\"target\":{\"@type\":\"EntryPoint\",\"urlTemplate\":\"https:\/\/agrupacionespsoe.es\/ponferrada\/?s={search_term_string}\"},\"query-input\":{\"@type\":\"PropertyValueSpecification\",\"valueRequired\":true,\"valueName\":\"search_term_string\"}}],\"inLanguage\":\"es\"},{\"@type\":\"Organization\",\"@id\":\"https:\/\/agrupacionespsoe.es\/ponferrada\/#organization\",\"name\":\"Agrupaci\u00f3n Socialista de Ponferrada\",\"url\":\"https:\/\/agrupacionespsoe.es\/ponferrada\/\",\"logo\":{\"@type\":\"ImageObject\",\"inLanguage\":\"es\",\"@id\":\"https:\/\/agrupacionespsoe.es\/ponferrada\/#\/schema\/logo\/image\/\",\"url\":\"https:\/\/agrupacionespsoe.es\/wp-content\/uploads\/2022\/07\/Logotipo_electoral_del_PSOE.png\",\"contentUrl\":\"https:\/\/agrupacionespsoe.es\/wp-content\/uploads\/2022\/07\/Logotipo_electoral_del_PSOE.png\",\"width\":422,\"height\":422,\"caption\":\"Agrupaci\u00f3n Socialista de Ponferrada\"},\"image\":{\"@id\":\"https:\/\/agrupacionespsoe.es\/ponferrada\/#\/schema\/logo\/image\/\"}},{\"@type\":\"Person\",\"@id\":\"https:\/\/agrupacionespsoe.es\/ponferrada\/#\/schema\/person\/cd29ee627f3b70c05d415f02596debaa\",\"name\":\"ponferrada2\",\"image\":{\"@type\":\"ImageObject\",\"inLanguage\":\"es\",\"@id\":\"https:\/\/agrupacionespsoe.es\/ponferrada\/#\/schema\/person\/image\/\",\"url\":\"https:\/\/secure.gravatar.com\/avatar\/f499eeb60144c664cf7b7edf75549b50?s=96&d=mm&r=g\",\"contentUrl\":\"https:\/\/secure.gravatar.com\/avatar\/f499eeb60144c664cf7b7edf75549b50?s=96&d=mm&r=g\",\"caption\":\"ponferrada2\"},\"url\":\"https:\/\/agrupacionespsoe.es\/ponferrada\/author\/ponferrada2\/\"}]}<\/script>\n<!-- \/ Yoast SEO plugin. -->","yoast_head_json":{"title":"El grupo municipal socialista pide al actual equipo de gobierno que la inversi\u00f3n que se va a hacer en un bien privado repercuta a la ciudadan\u00eda - Agrupaci\u00f3n Socialista de Ponferrada","robots":{"index":"index","follow":"follow","max-snippet":"max-snippet:-1","max-image-preview":"max-image-preview:large","max-video-preview":"max-video-preview:-1"},"canonical":"https:\/\/agrupacionespsoe.es\/ponferrada\/el-grupo-municipal-socialista-pide-al-actual-equipo-de-gobierno-que-la-inversion-que-se-va-a-hacer-en-un-bien-privado-repercuta-a-la-ciudadania\/","og_locale":"es_ES","og_type":"article","og_title":"El grupo municipal socialista pide al actual equipo de gobierno que la inversi\u00f3n que se va a hacer en un bien privado repercuta a la ciudadan\u00eda - Agrupaci\u00f3n Socialista de Ponferrada","og_description":"El PSOE tacha la gesti\u00f3n del actual equipo de gobierno de improvisaci\u00f3n y oscurantismo El grupo socialista quiere denunciar la pol\u00edtica de improvisaci\u00f3n y oscurantista que practica el actual equipo de gobierno. Mabel Fern\u00e1ndez que capitane\u00f3 el proyecto de Ponferrada Camino al Futuro se\u00f1ala que \u201cA pesar de que en diciembre de 2023 el actual ...","og_url":"https:\/\/agrupacionespsoe.es\/ponferrada\/el-grupo-municipal-socialista-pide-al-actual-equipo-de-gobierno-que-la-inversion-que-se-va-a-hacer-en-un-bien-privado-repercuta-a-la-ciudadania\/","og_site_name":"Agrupaci\u00f3n Socialista de Ponferrada","article_published_time":"2024-03-12T12:57:56+00:00","article_modified_time":"2024-03-12T12:57:57+00:00","og_image":[{"width":797,"height":1133,"url":"https:\/\/agrupacionespsoe.es\/ponferrada\/wp-content\/uploads\/sites\/36\/2024\/03\/WhatsApp-Image-2024-03-12-at-13.07.12.jpeg","type":"image\/jpeg"}],"author":"ponferrada2","twitter_card":"summary_large_image","twitter_misc":{"Escrito por":"ponferrada2","Tiempo de lectura":"3 minutos"},"schema":{"@context":"https:\/\/schema.org","@graph":[{"@type":"Article","@id":"https:\/\/agrupacionespsoe.es\/ponferrada\/el-grupo-municipal-socialista-pide-al-actual-equipo-de-gobierno-que-la-inversion-que-se-va-a-hacer-en-un-bien-privado-repercuta-a-la-ciudadania\/#article","isPartOf":{"@id":"https:\/\/agrupacionespsoe.es\/ponferrada\/el-grupo-municipal-socialista-pide-al-actual-equipo-de-gobierno-que-la-inversion-que-se-va-a-hacer-en-un-bien-privado-repercuta-a-la-ciudadania\/"},"author":{"name":"ponferrada2","@id":"https:\/\/agrupacionespsoe.es\/ponferrada\/#\/schema\/person\/cd29ee627f3b70c05d415f02596debaa"},"headline":"El grupo municipal socialista pide al actual equipo de gobierno que la inversi\u00f3n que se va a hacer en un bien privado repercuta a la ciudadan\u00eda","datePublished":"2024-03-12T12:57:56+00:00","dateModified":"2024-03-12T12:57:57+00:00","mainEntityOfPage":{"@id":"https:\/\/agrupacionespsoe.es\/ponferrada\/el-grupo-municipal-socialista-pide-al-actual-equipo-de-gobierno-que-la-inversion-que-se-va-a-hacer-en-un-bien-privado-repercuta-a-la-ciudadania\/"},"wordCount":546,"commentCount":0,"publisher":{"@id":"https:\/\/agrupacionespsoe.es\/ponferrada\/#organization"},"image":{"@id":"https:\/\/agrupacionespsoe.es\/ponferrada\/el-grupo-municipal-socialista-pide-al-actual-equipo-de-gobierno-que-la-inversion-que-se-va-a-hacer-en-un-bien-privado-repercuta-a-la-ciudadania\/#primaryimage"},"thumbnailUrl":"https:\/\/agrupacionespsoe.es\/ponferrada\/wp-content\/uploads\/sites\/36\/2024\/03\/WhatsApp-Image-2024-03-12-at-13.07.12.jpeg","articleSection":["ACTUALIDAD"],"inLanguage":"es","potentialAction":[{"@type":"CommentAction","name":"Comment","target":["https:\/\/agrupacionespsoe.es\/ponferrada\/el-grupo-municipal-socialista-pide-al-actual-equipo-de-gobierno-que-la-inversion-que-se-va-a-hacer-en-un-bien-privado-repercuta-a-la-ciudadania\/#respond"]}]},{"@type":"WebPage","@id":"https:\/\/agrupacionespsoe.es\/ponferrada\/el-grupo-municipal-socialista-pide-al-actual-equipo-de-gobierno-que-la-inversion-que-se-va-a-hacer-en-un-bien-privado-repercuta-a-la-ciudadania\/","url":"https:\/\/agrupacionespsoe.es\/ponferrada\/el-grupo-municipal-socialista-pide-al-actual-equipo-de-gobierno-que-la-inversion-que-se-va-a-hacer-en-un-bien-privado-repercuta-a-la-ciudadania\/","name":"El grupo municipal socialista pide al actual equipo de gobierno que la inversi\u00f3n que se va a hacer en un bien privado repercuta a la ciudadan\u00eda - Agrupaci\u00f3n Socialista de Ponferrada","isPartOf":{"@id":"https:\/\/agrupacionespsoe.es\/ponferrada\/#website"},"primaryImageOfPage":{"@id":"https:\/\/agrupacionespsoe.es\/ponferrada\/el-grupo-municipal-socialista-pide-al-actual-equipo-de-gobierno-que-la-inversion-que-se-va-a-hacer-en-un-bien-privado-repercuta-a-la-ciudadania\/#primaryimage"},"image":{"@id":"https:\/\/agrupacionespsoe.es\/ponferrada\/el-grupo-municipal-socialista-pide-al-actual-equipo-de-gobierno-que-la-inversion-que-se-va-a-hacer-en-un-bien-privado-repercuta-a-la-ciudadania\/#primaryimage"},"thumbnailUrl":"https:\/\/agrupacionespsoe.es\/ponferrada\/wp-content\/uploads\/sites\/36\/2024\/03\/WhatsApp-Image-2024-03-12-at-13.07.12.jpeg","datePublished":"2024-03-12T12:57:56+00:00","dateModified":"2024-03-12T12:57:57+00:00","breadcrumb":{"@id":"https:\/\/agrupacionespsoe.es\/ponferrada\/el-grupo-municipal-socialista-pide-al-actual-equipo-de-gobierno-que-la-inversion-que-se-va-a-hacer-en-un-bien-privado-repercuta-a-la-ciudadania\/#breadcrumb"},"inLanguage":"es","potentialAction":[{"@type":"ReadAction","target":["https:\/\/agrupacionespsoe.es\/ponferrada\/el-grupo-municipal-socialista-pide-al-actual-equipo-de-gobierno-que-la-inversion-que-se-va-a-hacer-en-un-bien-privado-repercuta-a-la-ciudadania\/"]}]},{"@type":"ImageObject","inLanguage":"es","@id":"https:\/\/agrupacionespsoe.es\/ponferrada\/el-grupo-municipal-socialista-pide-al-actual-equipo-de-gobierno-que-la-inversion-que-se-va-a-hacer-en-un-bien-privado-repercuta-a-la-ciudadania\/#primaryimage","url":"https:\/\/agrupacionespsoe.es\/ponferrada\/wp-content\/uploads\/sites\/36\/2024\/03\/WhatsApp-Image-2024-03-12-at-13.07.12.jpeg","contentUrl":"https:\/\/agrupacionespsoe.es\/ponferrada\/wp-content\/uploads\/sites\/36\/2024\/03\/WhatsApp-Image-2024-03-12-at-13.07.12.jpeg","width":797,"height":1133},{"@type":"BreadcrumbList","@id":"https:\/\/agrupacionespsoe.es\/ponferrada\/el-grupo-municipal-socialista-pide-al-actual-equipo-de-gobierno-que-la-inversion-que-se-va-a-hacer-en-un-bien-privado-repercuta-a-la-ciudadania\/#breadcrumb","itemListElement":[{"@type":"ListItem","position":1,"name":"Portada","item":"https:\/\/agrupacionespsoe.es\/ponferrada\/"},{"@type":"ListItem","position":2,"name":"El grupo municipal socialista pide al actual equipo de gobierno que la inversi\u00f3n que se va a hacer en un bien privado repercuta a la ciudadan\u00eda"}]},{"@type":"WebSite","@id":"https:\/\/agrupacionespsoe.es\/ponferrada\/#website","url":"https:\/\/agrupacionespsoe.es\/ponferrada\/","name":"Agrupaci\u00f3n Socialista de Ponferrada","description":"Agrupaci\u00f3n Socialista de Ponferrada","publisher":{"@id":"https:\/\/agrupacionespsoe.es\/ponferrada\/#organization"},"potentialAction":[{"@type":"SearchAction","target":{"@type":"EntryPoint","urlTemplate":"https:\/\/agrupacionespsoe.es\/ponferrada\/?s={search_term_string}"},"query-input":{"@type":"PropertyValueSpecification","valueRequired":true,"valueName":"search_term_string"}}],"inLanguage":"es"},{"@type":"Organization","@id":"https:\/\/agrupacionespsoe.es\/ponferrada\/#organization","name":"Agrupaci\u00f3n Socialista de Ponferrada","url":"https:\/\/agrupacionespsoe.es\/ponferrada\/","logo":{"@type":"ImageObject","inLanguage":"es","@id":"https:\/\/agrupacionespsoe.es\/ponferrada\/#\/schema\/logo\/image\/","url":"https:\/\/agrupacionespsoe.es\/wp-content\/uploads\/2022\/07\/Logotipo_electoral_del_PSOE.png","contentUrl":"https:\/\/agrupacionespsoe.es\/wp-content\/uploads\/2022\/07\/Logotipo_electoral_del_PSOE.png","width":422,"height":422,"caption":"Agrupaci\u00f3n Socialista de Ponferrada"},"image":{"@id":"https:\/\/agrupacionespsoe.es\/ponferrada\/#\/schema\/logo\/image\/"}},{"@type":"Person","@id":"https:\/\/agrupacionespsoe.es\/ponferrada\/#\/schema\/person\/cd29ee627f3b70c05d415f02596debaa","name":"ponferrada2","image":{"@type":"ImageObject","inLanguage":"es","@id":"https:\/\/agrupacionespsoe.es\/ponferrada\/#\/schema\/person\/image\/","url":"https:\/\/secure.gravatar.com\/avatar\/f499eeb60144c664cf7b7edf75549b50?s=96&d=mm&r=g","contentUrl":"https:\/\/secure.gravatar.com\/avatar\/f499eeb60144c664cf7b7edf75549b50?s=96&d=mm&r=g","caption":"ponferrada2"},"url":"https:\/\/agrupacionespsoe.es\/ponferrada\/author\/ponferrada2\/"}]}},"jetpack_featured_media_url":"https:\/\/agrupacionespsoe.es\/ponferrada\/wp-content\/uploads\/sites\/36\/2024\/03\/WhatsApp-Image-2024-03-12-at-13.07.12.jpeg","jetpack_sharing_enabled":true,"_links":{"self":[{"href":"https:\/\/agrupacionespsoe.es\/ponferrada\/wp-json\/wp\/v2\/posts\/422","targetHints":{"allow":["GET"]}}],"collection":[{"href":"https:\/\/agrupacionespsoe.es\/ponferrada\/wp-json\/wp\/v2\/posts"}],"about":[{"href":"https:\/\/agrupacionespsoe.es\/ponferrada\/wp-json\/wp\/v2\/types\/post"}],"author":[{"embeddable":true,"href":"https:\/\/agrupacionespsoe.es\/ponferrada\/wp-json\/wp\/v2\/users\/32"}],"replies":[{"embeddable":true,"href":"https:\/\/agrupacionespsoe.es\/ponferrada\/wp-json\/wp\/v2\/comments?post=422"}],"version-history":[{"count":1,"href":"https:\/\/agrupacionespsoe.es\/ponferrada\/wp-json\/wp\/v2\/posts\/422\/revisions"}],"predecessor-version":[{"id":424,"href":"https:\/\/agrupacionespsoe.es\/ponferrada\/wp-json\/wp\/v2\/posts\/422\/revisions\/424"}],"wp:featuredmedia":[{"embeddable":true,"href":"https:\/\/agrupacionespsoe.es\/ponferrada\/wp-json\/wp\/v2\/media\/423"}],"wp:attachment":[{"href":"https:\/\/agrupacionespsoe.es\/ponferrada\/wp-json\/wp\/v2\/media?parent=422"}],"wp:term":[{"taxonomy":"category","embeddable":true,"href":"https:\/\/agrupacionespsoe.es\/ponferrada\/wp-json\/wp\/v2\/categories?post=422"},{"taxonomy":"post_tag","embeddable":true,"href":"https:\/\/agrupacionespsoe.es\/ponferrada\/wp-json\/wp\/v2\/tags?post=422"}],"curies":[{"name":"wp","href":"https:\/\/api.w.org\/{rel}","templated":true}]}}