{"id":418,"date":"2024-03-04T17:05:16","date_gmt":"2024-03-04T17:05:16","guid":{"rendered":"https:\/\/agrupacionespsoe.es\/ponferrada\/?p=418"},"modified":"2024-03-08T17:07:28","modified_gmt":"2024-03-08T17:07:28","slug":"el-equipo-de-gobierno-vuelve-a-ser-la-fuente-de-los-problemas-en-lugar-de-buscar-soluciones","status":"publish","type":"post","link":"https:\/\/agrupacionespsoe.es\/ponferrada\/el-equipo-de-gobierno-vuelve-a-ser-la-fuente-de-los-problemas-en-lugar-de-buscar-soluciones\/","title":{"rendered":"El equipo de gobierno vuelve a ser la fuente de los problemas en lugar de buscar soluciones"},"content":{"rendered":"\n<p class=\"has-large-font-size\"><strong>El PSOE pide al equipo de gobierno que anteponga la Ronda Sur al proyecto fara\u00f3nico del soterramiento de la Avda del Castillo.<\/strong><\/p>\n\n\n\n<p>El grupo socialista quiere volver a reiterar sus cr\u00edticas ante el proyecto de soterramiento de la avenida del Castillo a la altura del Castillo de los Templarios.<\/p>\n\n\n\n<p>Desde el grupo socialista se se\u00f1ala que \u201cpor mucho que nos intenten enga\u00f1ar desde el actual equipo de gobierno, el soterramiento de la avenida del castillo es incompatible con la ronda sur por el elevado coste de ambas infraestructuras. Adem\u00e1s como estamos comprobando los compromisos de la Junta de Castilla y Le\u00f3n con Ponferrada, la lluvia de millones que nos anunciaron con el pacto de gobierno, no se est\u00e1 haciendo realidad, solo hay que recordar que algunas de las inversiones que comprometieron las est\u00e1n ejecutando por parte del ayuntamiento, como el patio del colegio de Flores del Sil y que en el proyecto de presupuestos que ha aprobado la Junta de Castilla y Le\u00f3n han olvidado las infraestructuras para nuestra ciudad\u201d.<\/p>\n\n\n\n<p>Seg\u00fan el grupo socialista &nbsp;lejos de proyectos fara\u00f3nicos irrealizables lo que debe hacer el actual equipo de gobierno, es ponerse a trabajar para que una de las dos infraestructuras se haga realidad, y el sentido com\u00fan nos dice que debemos priorizar la construcci\u00f3n de la ronda sur, porque arreglar\u00e1 el problema del tr\u00e1fico.<\/p>\n\n\n\n<p>Contin\u00faa indicando que \u201cel soterramiento de la avenida del castillo no soluciona el problema de la fractura del barrio de Las Quintas, vuelve a meter el tr\u00e1fico con el medio de la ciudad y no permite utilizar el puente Garc\u00eda Ojeda con fines tur\u00edsticos o recreativos, lo \u00fanico que hacer es esconder los coches 300 metros pero est\u00e1n ah\u00ed y circulan por el interior de la ciudad. Y lo que es m\u00e1s preocupante, el proyecto que nos han contado va a hipotecar el desarrollo futuro de la ronda sur.\u201d<\/p>\n\n\n\n<p>Desde el PSOE criticamos que \u201cel actual equipo de gobierno vuelve a ser la fuente del problema en lugar de buscar soluciones, el soterramiento que nos proponen es costoso, t\u00e9cnicamente complicado y patrimonialmente de dif\u00edcil realizaci\u00f3n, acabar\u00e1 aislando el barrio de San Andr\u00e9s y el barrio de Las Quintas y ser\u00e1 una obra de dif\u00edcil ejecuci\u00f3n seg\u00fan los expertos por la estructura geol\u00f3gica de la zona. Provocar\u00e1 una obra que se alargue en el tiempo con los perjuicios que conllevar\u00e1n a vecinos y comerciantes.\u201d<\/p>\n\n\n\n<p>Por \u00faltimo desde el PSOE pedimos que recapaciten y dejen de gastar fondos p\u00fablicos en un proyecto que no soluciona los problemas, ya han gastado m\u00e1s de 20.000 euros y a\u00fan no han informado de las conclusiones ni de las intenciones que tienen para esa arteria de la ciudad, unas obras que ya cuentan con el rechazo de vecinos y comerciantes\u201d<\/p>\n\n\n\n<p>En el anterior mandato iniciamos contactos con el gobierno de la naci\u00f3n que en ese momento no lo vieron prioritario, les deseamos que en esta ocasi\u00f3n tengan m\u00e1s suerte. Desde el grupo socialista, a diferencia de lo que hicieron ellos, apoyaremos y arrimaremos el hombro para lograr proyectos que sean buenos para Ponferrada y que no sean proyectos fara\u00f3nicos de dif\u00edcil ejecuci\u00f3n como el\u00a0 soterramiento que est\u00e1n planteando.<\/p>\n\n\n\n<figure class=\"wp-block-image size-large\"><img loading=\"lazy\" decoding=\"async\" width=\"1024\" height=\"768\" src=\"https:\/\/agrupacionespsoe.es\/ponferrada\/wp-content\/uploads\/sites\/36\/2024\/03\/IMG_1938-1024x768.jpg\" alt=\"\" class=\"wp-image-419\" srcset=\"https:\/\/agrupacionespsoe.es\/ponferrada\/wp-content\/uploads\/sites\/36\/2024\/03\/IMG_1938-1024x768.jpg 1024w, https:\/\/agrupacionespsoe.es\/ponferrada\/wp-content\/uploads\/sites\/36\/2024\/03\/IMG_1938-300x225.jpg 300w, https:\/\/agrupacionespsoe.es\/ponferrada\/wp-content\/uploads\/sites\/36\/2024\/03\/IMG_1938-768x576.jpg 768w, https:\/\/agrupacionespsoe.es\/ponferrada\/wp-content\/uploads\/sites\/36\/2024\/03\/IMG_1938-1536x1152.jpg 1536w, https:\/\/agrupacionespsoe.es\/ponferrada\/wp-content\/uploads\/sites\/36\/2024\/03\/IMG_1938-2048x1536.jpg 2048w\" sizes=\"auto, (max-width: 1024px) 100vw, 1024px\" \/><\/figure>\n","protected":false},"excerpt":{"rendered":"<p>El PSOE pide al equipo de gobierno que anteponga la Ronda Sur al proyecto fara\u00f3nico del soterramiento de la Avda del Castillo. El grupo socialista quiere volver a reiterar sus cr\u00edticas ante el proyecto de soterramiento de la avenida del Castillo a la altura del Castillo de los Templarios. Desde el grupo socialista se se\u00f1ala &#8230;<\/p>\n","protected":false},"author":32,"featured_media":420,"comment_status":"open","ping_status":"open","sticky":false,"template":"","format":"standard","meta":{"_jetpack_memberships_contains_paid_content":false,"footnotes":""},"categories":[6],"tags":[],"class_list":["post-418","post","type-post","status-publish","format-standard","has-post-thumbnail","hentry","category-actualidad"],"yoast_head":"<!-- This site is optimized with the Yoast SEO plugin v24.0 - https:\/\/yoast.com\/wordpress\/plugins\/seo\/ -->\n<title>El equipo de gobierno vuelve a ser la fuente de los problemas en lugar de buscar soluciones - Agrupaci\u00f3n Socialista de Ponferrada<\/title>\n<meta name=\"robots\" content=\"index, follow, max-snippet:-1, max-image-preview:large, max-video-preview:-1\" \/>\n<link rel=\"canonical\" href=\"https:\/\/agrupacionespsoe.es\/ponferrada\/el-equipo-de-gobierno-vuelve-a-ser-la-fuente-de-los-problemas-en-lugar-de-buscar-soluciones\/\" \/>\n<meta property=\"og:locale\" content=\"es_ES\" \/>\n<meta property=\"og:type\" content=\"article\" \/>\n<meta property=\"og:title\" content=\"El equipo de gobierno vuelve a ser la fuente de los problemas en lugar de buscar soluciones - Agrupaci\u00f3n Socialista de Ponferrada\" \/>\n<meta property=\"og:description\" content=\"El PSOE pide al equipo de gobierno que anteponga la Ronda Sur al proyecto fara\u00f3nico del soterramiento de la Avda del Castillo. El grupo socialista quiere volver a reiterar sus cr\u00edticas ante el proyecto de soterramiento de la avenida del Castillo a la altura del Castillo de los Templarios. Desde el grupo socialista se se\u00f1ala ...\" \/>\n<meta property=\"og:url\" content=\"https:\/\/agrupacionespsoe.es\/ponferrada\/el-equipo-de-gobierno-vuelve-a-ser-la-fuente-de-los-problemas-en-lugar-de-buscar-soluciones\/\" \/>\n<meta property=\"og:site_name\" content=\"Agrupaci\u00f3n Socialista de Ponferrada\" \/>\n<meta property=\"article:published_time\" content=\"2024-03-04T17:05:16+00:00\" \/>\n<meta property=\"article:modified_time\" content=\"2024-03-08T17:07:28+00:00\" \/>\n<meta property=\"og:image\" content=\"https:\/\/agrupacionespsoe.es\/ponferrada\/wp-content\/uploads\/sites\/36\/2024\/03\/IMG_1938-1-scaled.jpg\" \/>\n\t<meta property=\"og:image:width\" content=\"2560\" \/>\n\t<meta property=\"og:image:height\" content=\"1920\" \/>\n\t<meta property=\"og:image:type\" content=\"image\/jpeg\" \/>\n<meta name=\"author\" content=\"ponferrada2\" \/>\n<meta name=\"twitter:card\" content=\"summary_large_image\" \/>\n<meta name=\"twitter:label1\" content=\"Escrito por\" \/>\n\t<meta name=\"twitter:data1\" content=\"ponferrada2\" \/>\n\t<meta name=\"twitter:label2\" content=\"Tiempo de lectura\" \/>\n\t<meta name=\"twitter:data2\" content=\"3 minutos\" \/>\n<script type=\"application\/ld+json\" class=\"yoast-schema-graph\">{\"@context\":\"https:\/\/schema.org\",\"@graph\":[{\"@type\":\"Article\",\"@id\":\"https:\/\/agrupacionespsoe.es\/ponferrada\/el-equipo-de-gobierno-vuelve-a-ser-la-fuente-de-los-problemas-en-lugar-de-buscar-soluciones\/#article\",\"isPartOf\":{\"@id\":\"https:\/\/agrupacionespsoe.es\/ponferrada\/el-equipo-de-gobierno-vuelve-a-ser-la-fuente-de-los-problemas-en-lugar-de-buscar-soluciones\/\"},\"author\":{\"name\":\"ponferrada2\",\"@id\":\"https:\/\/agrupacionespsoe.es\/ponferrada\/#\/schema\/person\/cd29ee627f3b70c05d415f02596debaa\"},\"headline\":\"El equipo de gobierno vuelve a ser la fuente de los problemas en lugar de buscar soluciones\",\"datePublished\":\"2024-03-04T17:05:16+00:00\",\"dateModified\":\"2024-03-08T17:07:28+00:00\",\"mainEntityOfPage\":{\"@id\":\"https:\/\/agrupacionespsoe.es\/ponferrada\/el-equipo-de-gobierno-vuelve-a-ser-la-fuente-de-los-problemas-en-lugar-de-buscar-soluciones\/\"},\"wordCount\":579,\"commentCount\":0,\"publisher\":{\"@id\":\"https:\/\/agrupacionespsoe.es\/ponferrada\/#organization\"},\"image\":{\"@id\":\"https:\/\/agrupacionespsoe.es\/ponferrada\/el-equipo-de-gobierno-vuelve-a-ser-la-fuente-de-los-problemas-en-lugar-de-buscar-soluciones\/#primaryimage\"},\"thumbnailUrl\":\"https:\/\/agrupacionespsoe.es\/ponferrada\/wp-content\/uploads\/sites\/36\/2024\/03\/IMG_1938-1-scaled.jpg\",\"articleSection\":[\"ACTUALIDAD\"],\"inLanguage\":\"es\",\"potentialAction\":[{\"@type\":\"CommentAction\",\"name\":\"Comment\",\"target\":[\"https:\/\/agrupacionespsoe.es\/ponferrada\/el-equipo-de-gobierno-vuelve-a-ser-la-fuente-de-los-problemas-en-lugar-de-buscar-soluciones\/#respond\"]}]},{\"@type\":\"WebPage\",\"@id\":\"https:\/\/agrupacionespsoe.es\/ponferrada\/el-equipo-de-gobierno-vuelve-a-ser-la-fuente-de-los-problemas-en-lugar-de-buscar-soluciones\/\",\"url\":\"https:\/\/agrupacionespsoe.es\/ponferrada\/el-equipo-de-gobierno-vuelve-a-ser-la-fuente-de-los-problemas-en-lugar-de-buscar-soluciones\/\",\"name\":\"El equipo de gobierno vuelve a ser la fuente de los problemas en lugar de buscar soluciones - Agrupaci\u00f3n Socialista de Ponferrada\",\"isPartOf\":{\"@id\":\"https:\/\/agrupacionespsoe.es\/ponferrada\/#website\"},\"primaryImageOfPage\":{\"@id\":\"https:\/\/agrupacionespsoe.es\/ponferrada\/el-equipo-de-gobierno-vuelve-a-ser-la-fuente-de-los-problemas-en-lugar-de-buscar-soluciones\/#primaryimage\"},\"image\":{\"@id\":\"https:\/\/agrupacionespsoe.es\/ponferrada\/el-equipo-de-gobierno-vuelve-a-ser-la-fuente-de-los-problemas-en-lugar-de-buscar-soluciones\/#primaryimage\"},\"thumbnailUrl\":\"https:\/\/agrupacionespsoe.es\/ponferrada\/wp-content\/uploads\/sites\/36\/2024\/03\/IMG_1938-1-scaled.jpg\",\"datePublished\":\"2024-03-04T17:05:16+00:00\",\"dateModified\":\"2024-03-08T17:07:28+00:00\",\"breadcrumb\":{\"@id\":\"https:\/\/agrupacionespsoe.es\/ponferrada\/el-equipo-de-gobierno-vuelve-a-ser-la-fuente-de-los-problemas-en-lugar-de-buscar-soluciones\/#breadcrumb\"},\"inLanguage\":\"es\",\"potentialAction\":[{\"@type\":\"ReadAction\",\"target\":[\"https:\/\/agrupacionespsoe.es\/ponferrada\/el-equipo-de-gobierno-vuelve-a-ser-la-fuente-de-los-problemas-en-lugar-de-buscar-soluciones\/\"]}]},{\"@type\":\"ImageObject\",\"inLanguage\":\"es\",\"@id\":\"https:\/\/agrupacionespsoe.es\/ponferrada\/el-equipo-de-gobierno-vuelve-a-ser-la-fuente-de-los-problemas-en-lugar-de-buscar-soluciones\/#primaryimage\",\"url\":\"https:\/\/agrupacionespsoe.es\/ponferrada\/wp-content\/uploads\/sites\/36\/2024\/03\/IMG_1938-1-scaled.jpg\",\"contentUrl\":\"https:\/\/agrupacionespsoe.es\/ponferrada\/wp-content\/uploads\/sites\/36\/2024\/03\/IMG_1938-1-scaled.jpg\",\"width\":2560,\"height\":1920},{\"@type\":\"BreadcrumbList\",\"@id\":\"https:\/\/agrupacionespsoe.es\/ponferrada\/el-equipo-de-gobierno-vuelve-a-ser-la-fuente-de-los-problemas-en-lugar-de-buscar-soluciones\/#breadcrumb\",\"itemListElement\":[{\"@type\":\"ListItem\",\"position\":1,\"name\":\"Portada\",\"item\":\"https:\/\/agrupacionespsoe.es\/ponferrada\/\"},{\"@type\":\"ListItem\",\"position\":2,\"name\":\"El equipo de gobierno vuelve a ser la fuente de los problemas en lugar de buscar soluciones\"}]},{\"@type\":\"WebSite\",\"@id\":\"https:\/\/agrupacionespsoe.es\/ponferrada\/#website\",\"url\":\"https:\/\/agrupacionespsoe.es\/ponferrada\/\",\"name\":\"Agrupaci\u00f3n Socialista de Ponferrada\",\"description\":\"Agrupaci\u00f3n Socialista de Ponferrada\",\"publisher\":{\"@id\":\"https:\/\/agrupacionespsoe.es\/ponferrada\/#organization\"},\"potentialAction\":[{\"@type\":\"SearchAction\",\"target\":{\"@type\":\"EntryPoint\",\"urlTemplate\":\"https:\/\/agrupacionespsoe.es\/ponferrada\/?s={search_term_string}\"},\"query-input\":{\"@type\":\"PropertyValueSpecification\",\"valueRequired\":true,\"valueName\":\"search_term_string\"}}],\"inLanguage\":\"es\"},{\"@type\":\"Organization\",\"@id\":\"https:\/\/agrupacionespsoe.es\/ponferrada\/#organization\",\"name\":\"Agrupaci\u00f3n Socialista de Ponferrada\",\"url\":\"https:\/\/agrupacionespsoe.es\/ponferrada\/\",\"logo\":{\"@type\":\"ImageObject\",\"inLanguage\":\"es\",\"@id\":\"https:\/\/agrupacionespsoe.es\/ponferrada\/#\/schema\/logo\/image\/\",\"url\":\"https:\/\/agrupacionespsoe.es\/wp-content\/uploads\/2022\/07\/Logotipo_electoral_del_PSOE.png\",\"contentUrl\":\"https:\/\/agrupacionespsoe.es\/wp-content\/uploads\/2022\/07\/Logotipo_electoral_del_PSOE.png\",\"width\":422,\"height\":422,\"caption\":\"Agrupaci\u00f3n Socialista de Ponferrada\"},\"image\":{\"@id\":\"https:\/\/agrupacionespsoe.es\/ponferrada\/#\/schema\/logo\/image\/\"}},{\"@type\":\"Person\",\"@id\":\"https:\/\/agrupacionespsoe.es\/ponferrada\/#\/schema\/person\/cd29ee627f3b70c05d415f02596debaa\",\"name\":\"ponferrada2\",\"image\":{\"@type\":\"ImageObject\",\"inLanguage\":\"es\",\"@id\":\"https:\/\/agrupacionespsoe.es\/ponferrada\/#\/schema\/person\/image\/\",\"url\":\"https:\/\/secure.gravatar.com\/avatar\/f499eeb60144c664cf7b7edf75549b50?s=96&d=mm&r=g\",\"contentUrl\":\"https:\/\/secure.gravatar.com\/avatar\/f499eeb60144c664cf7b7edf75549b50?s=96&d=mm&r=g\",\"caption\":\"ponferrada2\"},\"url\":\"https:\/\/agrupacionespsoe.es\/ponferrada\/author\/ponferrada2\/\"}]}<\/script>\n<!-- \/ Yoast SEO plugin. -->","yoast_head_json":{"title":"El equipo de gobierno vuelve a ser la fuente de los problemas en lugar de buscar soluciones - Agrupaci\u00f3n Socialista de Ponferrada","robots":{"index":"index","follow":"follow","max-snippet":"max-snippet:-1","max-image-preview":"max-image-preview:large","max-video-preview":"max-video-preview:-1"},"canonical":"https:\/\/agrupacionespsoe.es\/ponferrada\/el-equipo-de-gobierno-vuelve-a-ser-la-fuente-de-los-problemas-en-lugar-de-buscar-soluciones\/","og_locale":"es_ES","og_type":"article","og_title":"El equipo de gobierno vuelve a ser la fuente de los problemas en lugar de buscar soluciones - Agrupaci\u00f3n Socialista de Ponferrada","og_description":"El PSOE pide al equipo de gobierno que anteponga la Ronda Sur al proyecto fara\u00f3nico del soterramiento de la Avda del Castillo. El grupo socialista quiere volver a reiterar sus cr\u00edticas ante el proyecto de soterramiento de la avenida del Castillo a la altura del Castillo de los Templarios. Desde el grupo socialista se se\u00f1ala ...","og_url":"https:\/\/agrupacionespsoe.es\/ponferrada\/el-equipo-de-gobierno-vuelve-a-ser-la-fuente-de-los-problemas-en-lugar-de-buscar-soluciones\/","og_site_name":"Agrupaci\u00f3n Socialista de Ponferrada","article_published_time":"2024-03-04T17:05:16+00:00","article_modified_time":"2024-03-08T17:07:28+00:00","og_image":[{"width":2560,"height":1920,"url":"https:\/\/agrupacionespsoe.es\/ponferrada\/wp-content\/uploads\/sites\/36\/2024\/03\/IMG_1938-1-scaled.jpg","type":"image\/jpeg"}],"author":"ponferrada2","twitter_card":"summary_large_image","twitter_misc":{"Escrito por":"ponferrada2","Tiempo de lectura":"3 minutos"},"schema":{"@context":"https:\/\/schema.org","@graph":[{"@type":"Article","@id":"https:\/\/agrupacionespsoe.es\/ponferrada\/el-equipo-de-gobierno-vuelve-a-ser-la-fuente-de-los-problemas-en-lugar-de-buscar-soluciones\/#article","isPartOf":{"@id":"https:\/\/agrupacionespsoe.es\/ponferrada\/el-equipo-de-gobierno-vuelve-a-ser-la-fuente-de-los-problemas-en-lugar-de-buscar-soluciones\/"},"author":{"name":"ponferrada2","@id":"https:\/\/agrupacionespsoe.es\/ponferrada\/#\/schema\/person\/cd29ee627f3b70c05d415f02596debaa"},"headline":"El equipo de gobierno vuelve a ser la fuente de los problemas en lugar de buscar soluciones","datePublished":"2024-03-04T17:05:16+00:00","dateModified":"2024-03-08T17:07:28+00:00","mainEntityOfPage":{"@id":"https:\/\/agrupacionespsoe.es\/ponferrada\/el-equipo-de-gobierno-vuelve-a-ser-la-fuente-de-los-problemas-en-lugar-de-buscar-soluciones\/"},"wordCount":579,"commentCount":0,"publisher":{"@id":"https:\/\/agrupacionespsoe.es\/ponferrada\/#organization"},"image":{"@id":"https:\/\/agrupacionespsoe.es\/ponferrada\/el-equipo-de-gobierno-vuelve-a-ser-la-fuente-de-los-problemas-en-lugar-de-buscar-soluciones\/#primaryimage"},"thumbnailUrl":"https:\/\/agrupacionespsoe.es\/ponferrada\/wp-content\/uploads\/sites\/36\/2024\/03\/IMG_1938-1-scaled.jpg","articleSection":["ACTUALIDAD"],"inLanguage":"es","potentialAction":[{"@type":"CommentAction","name":"Comment","target":["https:\/\/agrupacionespsoe.es\/ponferrada\/el-equipo-de-gobierno-vuelve-a-ser-la-fuente-de-los-problemas-en-lugar-de-buscar-soluciones\/#respond"]}]},{"@type":"WebPage","@id":"https:\/\/agrupacionespsoe.es\/ponferrada\/el-equipo-de-gobierno-vuelve-a-ser-la-fuente-de-los-problemas-en-lugar-de-buscar-soluciones\/","url":"https:\/\/agrupacionespsoe.es\/ponferrada\/el-equipo-de-gobierno-vuelve-a-ser-la-fuente-de-los-problemas-en-lugar-de-buscar-soluciones\/","name":"El equipo de gobierno vuelve a ser la fuente de los problemas en lugar de buscar soluciones - Agrupaci\u00f3n Socialista de Ponferrada","isPartOf":{"@id":"https:\/\/agrupacionespsoe.es\/ponferrada\/#website"},"primaryImageOfPage":{"@id":"https:\/\/agrupacionespsoe.es\/ponferrada\/el-equipo-de-gobierno-vuelve-a-ser-la-fuente-de-los-problemas-en-lugar-de-buscar-soluciones\/#primaryimage"},"image":{"@id":"https:\/\/agrupacionespsoe.es\/ponferrada\/el-equipo-de-gobierno-vuelve-a-ser-la-fuente-de-los-problemas-en-lugar-de-buscar-soluciones\/#primaryimage"},"thumbnailUrl":"https:\/\/agrupacionespsoe.es\/ponferrada\/wp-content\/uploads\/sites\/36\/2024\/03\/IMG_1938-1-scaled.jpg","datePublished":"2024-03-04T17:05:16+00:00","dateModified":"2024-03-08T17:07:28+00:00","breadcrumb":{"@id":"https:\/\/agrupacionespsoe.es\/ponferrada\/el-equipo-de-gobierno-vuelve-a-ser-la-fuente-de-los-problemas-en-lugar-de-buscar-soluciones\/#breadcrumb"},"inLanguage":"es","potentialAction":[{"@type":"ReadAction","target":["https:\/\/agrupacionespsoe.es\/ponferrada\/el-equipo-de-gobierno-vuelve-a-ser-la-fuente-de-los-problemas-en-lugar-de-buscar-soluciones\/"]}]},{"@type":"ImageObject","inLanguage":"es","@id":"https:\/\/agrupacionespsoe.es\/ponferrada\/el-equipo-de-gobierno-vuelve-a-ser-la-fuente-de-los-problemas-en-lugar-de-buscar-soluciones\/#primaryimage","url":"https:\/\/agrupacionespsoe.es\/ponferrada\/wp-content\/uploads\/sites\/36\/2024\/03\/IMG_1938-1-scaled.jpg","contentUrl":"https:\/\/agrupacionespsoe.es\/ponferrada\/wp-content\/uploads\/sites\/36\/2024\/03\/IMG_1938-1-scaled.jpg","width":2560,"height":1920},{"@type":"BreadcrumbList","@id":"https:\/\/agrupacionespsoe.es\/ponferrada\/el-equipo-de-gobierno-vuelve-a-ser-la-fuente-de-los-problemas-en-lugar-de-buscar-soluciones\/#breadcrumb","itemListElement":[{"@type":"ListItem","position":1,"name":"Portada","item":"https:\/\/agrupacionespsoe.es\/ponferrada\/"},{"@type":"ListItem","position":2,"name":"El equipo de gobierno vuelve a ser la fuente de los problemas en lugar de buscar soluciones"}]},{"@type":"WebSite","@id":"https:\/\/agrupacionespsoe.es\/ponferrada\/#website","url":"https:\/\/agrupacionespsoe.es\/ponferrada\/","name":"Agrupaci\u00f3n Socialista de Ponferrada","description":"Agrupaci\u00f3n Socialista de Ponferrada","publisher":{"@id":"https:\/\/agrupacionespsoe.es\/ponferrada\/#organization"},"potentialAction":[{"@type":"SearchAction","target":{"@type":"EntryPoint","urlTemplate":"https:\/\/agrupacionespsoe.es\/ponferrada\/?s={search_term_string}"},"query-input":{"@type":"PropertyValueSpecification","valueRequired":true,"valueName":"search_term_string"}}],"inLanguage":"es"},{"@type":"Organization","@id":"https:\/\/agrupacionespsoe.es\/ponferrada\/#organization","name":"Agrupaci\u00f3n Socialista de Ponferrada","url":"https:\/\/agrupacionespsoe.es\/ponferrada\/","logo":{"@type":"ImageObject","inLanguage":"es","@id":"https:\/\/agrupacionespsoe.es\/ponferrada\/#\/schema\/logo\/image\/","url":"https:\/\/agrupacionespsoe.es\/wp-content\/uploads\/2022\/07\/Logotipo_electoral_del_PSOE.png","contentUrl":"https:\/\/agrupacionespsoe.es\/wp-content\/uploads\/2022\/07\/Logotipo_electoral_del_PSOE.png","width":422,"height":422,"caption":"Agrupaci\u00f3n Socialista de Ponferrada"},"image":{"@id":"https:\/\/agrupacionespsoe.es\/ponferrada\/#\/schema\/logo\/image\/"}},{"@type":"Person","@id":"https:\/\/agrupacionespsoe.es\/ponferrada\/#\/schema\/person\/cd29ee627f3b70c05d415f02596debaa","name":"ponferrada2","image":{"@type":"ImageObject","inLanguage":"es","@id":"https:\/\/agrupacionespsoe.es\/ponferrada\/#\/schema\/person\/image\/","url":"https:\/\/secure.gravatar.com\/avatar\/f499eeb60144c664cf7b7edf75549b50?s=96&d=mm&r=g","contentUrl":"https:\/\/secure.gravatar.com\/avatar\/f499eeb60144c664cf7b7edf75549b50?s=96&d=mm&r=g","caption":"ponferrada2"},"url":"https:\/\/agrupacionespsoe.es\/ponferrada\/author\/ponferrada2\/"}]}},"jetpack_featured_media_url":"https:\/\/agrupacionespsoe.es\/ponferrada\/wp-content\/uploads\/sites\/36\/2024\/03\/IMG_1938-1-scaled.jpg","jetpack_sharing_enabled":true,"_links":{"self":[{"href":"https:\/\/agrupacionespsoe.es\/ponferrada\/wp-json\/wp\/v2\/posts\/418","targetHints":{"allow":["GET"]}}],"collection":[{"href":"https:\/\/agrupacionespsoe.es\/ponferrada\/wp-json\/wp\/v2\/posts"}],"about":[{"href":"https:\/\/agrupacionespsoe.es\/ponferrada\/wp-json\/wp\/v2\/types\/post"}],"author":[{"embeddable":true,"href":"https:\/\/agrupacionespsoe.es\/ponferrada\/wp-json\/wp\/v2\/users\/32"}],"replies":[{"embeddable":true,"href":"https:\/\/agrupacionespsoe.es\/ponferrada\/wp-json\/wp\/v2\/comments?post=418"}],"version-history":[{"count":1,"href":"https:\/\/agrupacionespsoe.es\/ponferrada\/wp-json\/wp\/v2\/posts\/418\/revisions"}],"predecessor-version":[{"id":421,"href":"https:\/\/agrupacionespsoe.es\/ponferrada\/wp-json\/wp\/v2\/posts\/418\/revisions\/421"}],"wp:featuredmedia":[{"embeddable":true,"href":"https:\/\/agrupacionespsoe.es\/ponferrada\/wp-json\/wp\/v2\/media\/420"}],"wp:attachment":[{"href":"https:\/\/agrupacionespsoe.es\/ponferrada\/wp-json\/wp\/v2\/media?parent=418"}],"wp:term":[{"taxonomy":"category","embeddable":true,"href":"https:\/\/agrupacionespsoe.es\/ponferrada\/wp-json\/wp\/v2\/categories?post=418"},{"taxonomy":"post_tag","embeddable":true,"href":"https:\/\/agrupacionespsoe.es\/ponferrada\/wp-json\/wp\/v2\/tags?post=418"}],"curies":[{"name":"wp","href":"https:\/\/api.w.org\/{rel}","templated":true}]}}