{"id":414,"date":"2024-03-08T17:00:54","date_gmt":"2024-03-08T17:00:54","guid":{"rendered":"https:\/\/agrupacionespsoe.es\/ponferrada\/?p=414"},"modified":"2024-03-08T17:04:37","modified_gmt":"2024-03-08T17:04:37","slug":"presupuestos-2024-una-cuestion-de-responsabilidad","status":"publish","type":"post","link":"https:\/\/agrupacionespsoe.es\/ponferrada\/presupuestos-2024-una-cuestion-de-responsabilidad\/","title":{"rendered":"Presupuestos 2024, una cuesti\u00f3n de responsabilidad."},"content":{"rendered":"\n<p>La abstenci\u00f3n del Grupo Municipal Socialista ha permitido la aprobaci\u00f3n del Presupuesto del Ayuntamiento de Ponferrada para el ejercicio en curso. Soy consciente que esta decisi\u00f3n puede suscitar contrariedad en algunas personas, especialmente teniendo en cuenta el trato denigrante que el Equipo de Gobierno nos ha dispensado desde el inicio del actual mandato. Siendo esto cierto, personalmente no ha sido una decisi\u00f3n dif\u00edcil pues cuando se act\u00faa de acuerdo con los principios propios, decidir resulta m\u00e1s f\u00e1cil. Un principio personal cuasigen\u00e9tico, y tambi\u00e9n del Partido Socialista, es anteponer los intereses generales a cualesquiera otros, incluidos los del propio partido y, por supuesto, los personales. Y eso es lo que hemos decidido: sin estar de acuerdo con muchos de los planteamientos de estos presupuestos, la capital importancia de algunas de las partidas que contiene nos ha llevado a permitir aprobarlos.\u00a0 Y en la negociaci\u00f3n de los mismos creemos que las aportaciones que hemos hecho y que han sido incorporadas los hacen mejores.<\/p>\n\n\n\n<p>Con nuestra decisi\u00f3n hemos paralizado la privatizaci\u00f3n de tres servicios que se seguir\u00e1n prestando desde el propio ayuntamiento. Esta decisi\u00f3n, adem\u00e1s de no garantizar en absoluto una prestaci\u00f3n mejor duplicaba el gasto respeto a la prestaci\u00f3n directa por el propio ayuntamiento.<\/p>\n\n\n\n<p>Al mismo tiempo hemos llevado a la irrelevancia la posici\u00f3n pol\u00edtica de los fascistas en nuestro Ayuntamiento. Si en alg\u00fan momento hubo alguna duda sobre si el PSOE deber\u00eda haberse abstenido o no para posibilitar la aprobaci\u00f3n de los presupuestos del ayuntamiento de Ponferrada, en el Pleno se despejaron todas las dudas. Estamos en el lado correcto de la historia.<\/p>\n\n\n\n<p>Estamos entre aquellos que ponen un cord\u00f3n sanitario a las pol\u00edticas xen\u00f3fobas, a las pol\u00edticas racistas, a las negacionistas del cambio de clim\u00e1tico,&nbsp; de la violencia de g\u00e9nero y de la igualdad.<\/p>\n\n\n\n<p>Entiendo necesario que el ruido y los populismos desaparezcan de la pol\u00edtica, porque los partidos pol\u00edticos estamos para solucionar los problemas de la ciudadan\u00eda, no para crearlos y vivir de ellos con soluciones tan demag\u00f3gicas como irrealizables.<\/p>\n\n\n\n<p>Por otra parte, tambi\u00e9n hemos hecho incorporaciones al Presupuesto que facilitar\u00e1n la vida de nuestra ciudadan\u00eda. Nuestras aportaciones piensan en la salud, el empleo, los servicios en el medio rural, el deporte, los barrios, la recuperaci\u00f3n de zonas degradadas, las personas con dificultades para acceder a la vivienda, la cultura o la recuperaci\u00f3n de servicios de unas manos privadas que los prestan de manera altamente deficiente.<\/p>\n\n\n\n<p>Como hoy dije, no son nuestros presupuestos, hay muchas cosas que no nos gustan y que criticaremos con esp\u00edritu de mejorarlas. Desde esa concepci\u00f3n de la pol\u00edtica que tiene el PSOE, con altura de miras, pensando en el futuro de todas y todos, anteponiendo los intereses de los y las ponferradinas a los intereses de nuestro partido, es como se explica la abstenci\u00f3n que hemos dado a los presupuestos municipales.<\/p>\n\n\n\n<p>Y con esa misma responsabilidad ejerceremos una oposici\u00f3n exigente y constructiva, algo que hemos echado mucho de menos en el anterior mandato.<\/p>\n\n\n\n<p>Olegario Ram\u00f3n Fern\u00e1ndez.<\/p>\n\n\n\n<p><strong>Portavoz del Grupo Municipal Socialista en el Ayuntamiento de Ponferrada.<\/strong><\/p>\n\n\n\n<figure class=\"wp-block-image size-large\"><img decoding=\"async\" src=\"https:\/\/agrupacionespsoe.es\/ponferrada\/wp-content\/uploads\/sites\/36\/2024\/03\/WhatsApp-Image-2024-03-08-at-10.29.27-682x1024.jpeg\" alt=\"\" class=\"wp-image-415\" \/><\/figure>\n","protected":false},"excerpt":{"rendered":"<p>La abstenci\u00f3n del Grupo Municipal Socialista ha permitido la aprobaci\u00f3n del Presupuesto del Ayuntamiento de Ponferrada para el ejercicio en curso. Soy consciente que esta decisi\u00f3n puede suscitar contrariedad en algunas personas, especialmente teniendo en cuenta el trato denigrante que el Equipo de Gobierno nos ha dispensado desde el inicio del actual mandato. Siendo esto &#8230;<\/p>\n","protected":false},"author":32,"featured_media":415,"comment_status":"open","ping_status":"open","sticky":false,"template":"","format":"standard","meta":{"_jetpack_memberships_contains_paid_content":false,"footnotes":""},"categories":[6],"tags":[],"class_list":["post-414","post","type-post","status-publish","format-standard","has-post-thumbnail","hentry","category-actualidad"],"yoast_head":"<!-- This site is optimized with the Yoast SEO plugin v24.0 - https:\/\/yoast.com\/wordpress\/plugins\/seo\/ -->\n<title>Presupuestos 2024, una cuesti\u00f3n de responsabilidad. - Agrupaci\u00f3n Socialista de Ponferrada<\/title>\n<meta name=\"robots\" content=\"index, follow, max-snippet:-1, max-image-preview:large, max-video-preview:-1\" \/>\n<link rel=\"canonical\" href=\"https:\/\/agrupacionespsoe.es\/ponferrada\/presupuestos-2024-una-cuestion-de-responsabilidad\/\" \/>\n<meta property=\"og:locale\" content=\"es_ES\" \/>\n<meta property=\"og:type\" content=\"article\" \/>\n<meta property=\"og:title\" content=\"Presupuestos 2024, una cuesti\u00f3n de responsabilidad. - Agrupaci\u00f3n Socialista de Ponferrada\" \/>\n<meta property=\"og:description\" content=\"La abstenci\u00f3n del Grupo Municipal Socialista ha permitido la aprobaci\u00f3n del Presupuesto del Ayuntamiento de Ponferrada para el ejercicio en curso. Soy consciente que esta decisi\u00f3n puede suscitar contrariedad en algunas personas, especialmente teniendo en cuenta el trato denigrante que el Equipo de Gobierno nos ha dispensado desde el inicio del actual mandato. Siendo esto ...\" \/>\n<meta property=\"og:url\" content=\"https:\/\/agrupacionespsoe.es\/ponferrada\/presupuestos-2024-una-cuestion-de-responsabilidad\/\" \/>\n<meta property=\"og:site_name\" content=\"Agrupaci\u00f3n Socialista de Ponferrada\" \/>\n<meta property=\"article:published_time\" content=\"2024-03-08T17:00:54+00:00\" \/>\n<meta property=\"article:modified_time\" content=\"2024-03-08T17:04:37+00:00\" \/>\n<meta property=\"og:image\" content=\"https:\/\/agrupacionespsoe.es\/ponferrada\/wp-content\/uploads\/sites\/36\/2024\/03\/WhatsApp-Image-2024-03-08-at-10.29.27-e1709917470274.jpeg\" \/>\n\t<meta property=\"og:image:width\" content=\"881\" \/>\n\t<meta property=\"og:image:height\" content=\"898\" \/>\n\t<meta property=\"og:image:type\" content=\"image\/jpeg\" \/>\n<meta name=\"author\" content=\"ponferrada2\" \/>\n<meta name=\"twitter:card\" content=\"summary_large_image\" \/>\n<meta name=\"twitter:label1\" content=\"Escrito por\" \/>\n\t<meta name=\"twitter:data1\" content=\"ponferrada2\" \/>\n\t<meta name=\"twitter:label2\" content=\"Tiempo de lectura\" \/>\n\t<meta name=\"twitter:data2\" content=\"3 minutos\" \/>\n<script type=\"application\/ld+json\" class=\"yoast-schema-graph\">{\"@context\":\"https:\/\/schema.org\",\"@graph\":[{\"@type\":\"Article\",\"@id\":\"https:\/\/agrupacionespsoe.es\/ponferrada\/presupuestos-2024-una-cuestion-de-responsabilidad\/#article\",\"isPartOf\":{\"@id\":\"https:\/\/agrupacionespsoe.es\/ponferrada\/presupuestos-2024-una-cuestion-de-responsabilidad\/\"},\"author\":{\"name\":\"ponferrada2\",\"@id\":\"https:\/\/agrupacionespsoe.es\/ponferrada\/#\/schema\/person\/cd29ee627f3b70c05d415f02596debaa\"},\"headline\":\"Presupuestos 2024, una cuesti\u00f3n de responsabilidad.\",\"datePublished\":\"2024-03-08T17:00:54+00:00\",\"dateModified\":\"2024-03-08T17:04:37+00:00\",\"mainEntityOfPage\":{\"@id\":\"https:\/\/agrupacionespsoe.es\/ponferrada\/presupuestos-2024-una-cuestion-de-responsabilidad\/\"},\"wordCount\":554,\"commentCount\":0,\"publisher\":{\"@id\":\"https:\/\/agrupacionespsoe.es\/ponferrada\/#organization\"},\"image\":{\"@id\":\"https:\/\/agrupacionespsoe.es\/ponferrada\/presupuestos-2024-una-cuestion-de-responsabilidad\/#primaryimage\"},\"thumbnailUrl\":\"https:\/\/agrupacionespsoe.es\/ponferrada\/wp-content\/uploads\/sites\/36\/2024\/03\/WhatsApp-Image-2024-03-08-at-10.29.27-e1709917470274.jpeg\",\"articleSection\":[\"ACTUALIDAD\"],\"inLanguage\":\"es\",\"potentialAction\":[{\"@type\":\"CommentAction\",\"name\":\"Comment\",\"target\":[\"https:\/\/agrupacionespsoe.es\/ponferrada\/presupuestos-2024-una-cuestion-de-responsabilidad\/#respond\"]}]},{\"@type\":\"WebPage\",\"@id\":\"https:\/\/agrupacionespsoe.es\/ponferrada\/presupuestos-2024-una-cuestion-de-responsabilidad\/\",\"url\":\"https:\/\/agrupacionespsoe.es\/ponferrada\/presupuestos-2024-una-cuestion-de-responsabilidad\/\",\"name\":\"Presupuestos 2024, una cuesti\u00f3n de responsabilidad. - Agrupaci\u00f3n Socialista de Ponferrada\",\"isPartOf\":{\"@id\":\"https:\/\/agrupacionespsoe.es\/ponferrada\/#website\"},\"primaryImageOfPage\":{\"@id\":\"https:\/\/agrupacionespsoe.es\/ponferrada\/presupuestos-2024-una-cuestion-de-responsabilidad\/#primaryimage\"},\"image\":{\"@id\":\"https:\/\/agrupacionespsoe.es\/ponferrada\/presupuestos-2024-una-cuestion-de-responsabilidad\/#primaryimage\"},\"thumbnailUrl\":\"https:\/\/agrupacionespsoe.es\/ponferrada\/wp-content\/uploads\/sites\/36\/2024\/03\/WhatsApp-Image-2024-03-08-at-10.29.27-e1709917470274.jpeg\",\"datePublished\":\"2024-03-08T17:00:54+00:00\",\"dateModified\":\"2024-03-08T17:04:37+00:00\",\"breadcrumb\":{\"@id\":\"https:\/\/agrupacionespsoe.es\/ponferrada\/presupuestos-2024-una-cuestion-de-responsabilidad\/#breadcrumb\"},\"inLanguage\":\"es\",\"potentialAction\":[{\"@type\":\"ReadAction\",\"target\":[\"https:\/\/agrupacionespsoe.es\/ponferrada\/presupuestos-2024-una-cuestion-de-responsabilidad\/\"]}]},{\"@type\":\"ImageObject\",\"inLanguage\":\"es\",\"@id\":\"https:\/\/agrupacionespsoe.es\/ponferrada\/presupuestos-2024-una-cuestion-de-responsabilidad\/#primaryimage\",\"url\":\"https:\/\/agrupacionespsoe.es\/ponferrada\/wp-content\/uploads\/sites\/36\/2024\/03\/WhatsApp-Image-2024-03-08-at-10.29.27-e1709917470274.jpeg\",\"contentUrl\":\"https:\/\/agrupacionespsoe.es\/ponferrada\/wp-content\/uploads\/sites\/36\/2024\/03\/WhatsApp-Image-2024-03-08-at-10.29.27-e1709917470274.jpeg\",\"width\":881,\"height\":898},{\"@type\":\"BreadcrumbList\",\"@id\":\"https:\/\/agrupacionespsoe.es\/ponferrada\/presupuestos-2024-una-cuestion-de-responsabilidad\/#breadcrumb\",\"itemListElement\":[{\"@type\":\"ListItem\",\"position\":1,\"name\":\"Portada\",\"item\":\"https:\/\/agrupacionespsoe.es\/ponferrada\/\"},{\"@type\":\"ListItem\",\"position\":2,\"name\":\"Presupuestos 2024, una cuesti\u00f3n de responsabilidad.\"}]},{\"@type\":\"WebSite\",\"@id\":\"https:\/\/agrupacionespsoe.es\/ponferrada\/#website\",\"url\":\"https:\/\/agrupacionespsoe.es\/ponferrada\/\",\"name\":\"Agrupaci\u00f3n Socialista de Ponferrada\",\"description\":\"Agrupaci\u00f3n Socialista de Ponferrada\",\"publisher\":{\"@id\":\"https:\/\/agrupacionespsoe.es\/ponferrada\/#organization\"},\"potentialAction\":[{\"@type\":\"SearchAction\",\"target\":{\"@type\":\"EntryPoint\",\"urlTemplate\":\"https:\/\/agrupacionespsoe.es\/ponferrada\/?s={search_term_string}\"},\"query-input\":{\"@type\":\"PropertyValueSpecification\",\"valueRequired\":true,\"valueName\":\"search_term_string\"}}],\"inLanguage\":\"es\"},{\"@type\":\"Organization\",\"@id\":\"https:\/\/agrupacionespsoe.es\/ponferrada\/#organization\",\"name\":\"Agrupaci\u00f3n Socialista de Ponferrada\",\"url\":\"https:\/\/agrupacionespsoe.es\/ponferrada\/\",\"logo\":{\"@type\":\"ImageObject\",\"inLanguage\":\"es\",\"@id\":\"https:\/\/agrupacionespsoe.es\/ponferrada\/#\/schema\/logo\/image\/\",\"url\":\"https:\/\/agrupacionespsoe.es\/wp-content\/uploads\/2022\/07\/Logotipo_electoral_del_PSOE.png\",\"contentUrl\":\"https:\/\/agrupacionespsoe.es\/wp-content\/uploads\/2022\/07\/Logotipo_electoral_del_PSOE.png\",\"width\":422,\"height\":422,\"caption\":\"Agrupaci\u00f3n Socialista de Ponferrada\"},\"image\":{\"@id\":\"https:\/\/agrupacionespsoe.es\/ponferrada\/#\/schema\/logo\/image\/\"}},{\"@type\":\"Person\",\"@id\":\"https:\/\/agrupacionespsoe.es\/ponferrada\/#\/schema\/person\/cd29ee627f3b70c05d415f02596debaa\",\"name\":\"ponferrada2\",\"image\":{\"@type\":\"ImageObject\",\"inLanguage\":\"es\",\"@id\":\"https:\/\/agrupacionespsoe.es\/ponferrada\/#\/schema\/person\/image\/\",\"url\":\"https:\/\/secure.gravatar.com\/avatar\/f499eeb60144c664cf7b7edf75549b50?s=96&d=mm&r=g\",\"contentUrl\":\"https:\/\/secure.gravatar.com\/avatar\/f499eeb60144c664cf7b7edf75549b50?s=96&d=mm&r=g\",\"caption\":\"ponferrada2\"},\"url\":\"https:\/\/agrupacionespsoe.es\/ponferrada\/author\/ponferrada2\/\"}]}<\/script>\n<!-- \/ Yoast SEO plugin. -->","yoast_head_json":{"title":"Presupuestos 2024, una cuesti\u00f3n de responsabilidad. - Agrupaci\u00f3n Socialista de Ponferrada","robots":{"index":"index","follow":"follow","max-snippet":"max-snippet:-1","max-image-preview":"max-image-preview:large","max-video-preview":"max-video-preview:-1"},"canonical":"https:\/\/agrupacionespsoe.es\/ponferrada\/presupuestos-2024-una-cuestion-de-responsabilidad\/","og_locale":"es_ES","og_type":"article","og_title":"Presupuestos 2024, una cuesti\u00f3n de responsabilidad. - Agrupaci\u00f3n Socialista de Ponferrada","og_description":"La abstenci\u00f3n del Grupo Municipal Socialista ha permitido la aprobaci\u00f3n del Presupuesto del Ayuntamiento de Ponferrada para el ejercicio en curso. Soy consciente que esta decisi\u00f3n puede suscitar contrariedad en algunas personas, especialmente teniendo en cuenta el trato denigrante que el Equipo de Gobierno nos ha dispensado desde el inicio del actual mandato. Siendo esto ...","og_url":"https:\/\/agrupacionespsoe.es\/ponferrada\/presupuestos-2024-una-cuestion-de-responsabilidad\/","og_site_name":"Agrupaci\u00f3n Socialista de Ponferrada","article_published_time":"2024-03-08T17:00:54+00:00","article_modified_time":"2024-03-08T17:04:37+00:00","og_image":[{"width":881,"height":898,"url":"https:\/\/agrupacionespsoe.es\/ponferrada\/wp-content\/uploads\/sites\/36\/2024\/03\/WhatsApp-Image-2024-03-08-at-10.29.27-e1709917470274.jpeg","type":"image\/jpeg"}],"author":"ponferrada2","twitter_card":"summary_large_image","twitter_misc":{"Escrito por":"ponferrada2","Tiempo de lectura":"3 minutos"},"schema":{"@context":"https:\/\/schema.org","@graph":[{"@type":"Article","@id":"https:\/\/agrupacionespsoe.es\/ponferrada\/presupuestos-2024-una-cuestion-de-responsabilidad\/#article","isPartOf":{"@id":"https:\/\/agrupacionespsoe.es\/ponferrada\/presupuestos-2024-una-cuestion-de-responsabilidad\/"},"author":{"name":"ponferrada2","@id":"https:\/\/agrupacionespsoe.es\/ponferrada\/#\/schema\/person\/cd29ee627f3b70c05d415f02596debaa"},"headline":"Presupuestos 2024, una cuesti\u00f3n de responsabilidad.","datePublished":"2024-03-08T17:00:54+00:00","dateModified":"2024-03-08T17:04:37+00:00","mainEntityOfPage":{"@id":"https:\/\/agrupacionespsoe.es\/ponferrada\/presupuestos-2024-una-cuestion-de-responsabilidad\/"},"wordCount":554,"commentCount":0,"publisher":{"@id":"https:\/\/agrupacionespsoe.es\/ponferrada\/#organization"},"image":{"@id":"https:\/\/agrupacionespsoe.es\/ponferrada\/presupuestos-2024-una-cuestion-de-responsabilidad\/#primaryimage"},"thumbnailUrl":"https:\/\/agrupacionespsoe.es\/ponferrada\/wp-content\/uploads\/sites\/36\/2024\/03\/WhatsApp-Image-2024-03-08-at-10.29.27-e1709917470274.jpeg","articleSection":["ACTUALIDAD"],"inLanguage":"es","potentialAction":[{"@type":"CommentAction","name":"Comment","target":["https:\/\/agrupacionespsoe.es\/ponferrada\/presupuestos-2024-una-cuestion-de-responsabilidad\/#respond"]}]},{"@type":"WebPage","@id":"https:\/\/agrupacionespsoe.es\/ponferrada\/presupuestos-2024-una-cuestion-de-responsabilidad\/","url":"https:\/\/agrupacionespsoe.es\/ponferrada\/presupuestos-2024-una-cuestion-de-responsabilidad\/","name":"Presupuestos 2024, una cuesti\u00f3n de responsabilidad. - Agrupaci\u00f3n Socialista de Ponferrada","isPartOf":{"@id":"https:\/\/agrupacionespsoe.es\/ponferrada\/#website"},"primaryImageOfPage":{"@id":"https:\/\/agrupacionespsoe.es\/ponferrada\/presupuestos-2024-una-cuestion-de-responsabilidad\/#primaryimage"},"image":{"@id":"https:\/\/agrupacionespsoe.es\/ponferrada\/presupuestos-2024-una-cuestion-de-responsabilidad\/#primaryimage"},"thumbnailUrl":"https:\/\/agrupacionespsoe.es\/ponferrada\/wp-content\/uploads\/sites\/36\/2024\/03\/WhatsApp-Image-2024-03-08-at-10.29.27-e1709917470274.jpeg","datePublished":"2024-03-08T17:00:54+00:00","dateModified":"2024-03-08T17:04:37+00:00","breadcrumb":{"@id":"https:\/\/agrupacionespsoe.es\/ponferrada\/presupuestos-2024-una-cuestion-de-responsabilidad\/#breadcrumb"},"inLanguage":"es","potentialAction":[{"@type":"ReadAction","target":["https:\/\/agrupacionespsoe.es\/ponferrada\/presupuestos-2024-una-cuestion-de-responsabilidad\/"]}]},{"@type":"ImageObject","inLanguage":"es","@id":"https:\/\/agrupacionespsoe.es\/ponferrada\/presupuestos-2024-una-cuestion-de-responsabilidad\/#primaryimage","url":"https:\/\/agrupacionespsoe.es\/ponferrada\/wp-content\/uploads\/sites\/36\/2024\/03\/WhatsApp-Image-2024-03-08-at-10.29.27-e1709917470274.jpeg","contentUrl":"https:\/\/agrupacionespsoe.es\/ponferrada\/wp-content\/uploads\/sites\/36\/2024\/03\/WhatsApp-Image-2024-03-08-at-10.29.27-e1709917470274.jpeg","width":881,"height":898},{"@type":"BreadcrumbList","@id":"https:\/\/agrupacionespsoe.es\/ponferrada\/presupuestos-2024-una-cuestion-de-responsabilidad\/#breadcrumb","itemListElement":[{"@type":"ListItem","position":1,"name":"Portada","item":"https:\/\/agrupacionespsoe.es\/ponferrada\/"},{"@type":"ListItem","position":2,"name":"Presupuestos 2024, una cuesti\u00f3n de responsabilidad."}]},{"@type":"WebSite","@id":"https:\/\/agrupacionespsoe.es\/ponferrada\/#website","url":"https:\/\/agrupacionespsoe.es\/ponferrada\/","name":"Agrupaci\u00f3n Socialista de Ponferrada","description":"Agrupaci\u00f3n Socialista de Ponferrada","publisher":{"@id":"https:\/\/agrupacionespsoe.es\/ponferrada\/#organization"},"potentialAction":[{"@type":"SearchAction","target":{"@type":"EntryPoint","urlTemplate":"https:\/\/agrupacionespsoe.es\/ponferrada\/?s={search_term_string}"},"query-input":{"@type":"PropertyValueSpecification","valueRequired":true,"valueName":"search_term_string"}}],"inLanguage":"es"},{"@type":"Organization","@id":"https:\/\/agrupacionespsoe.es\/ponferrada\/#organization","name":"Agrupaci\u00f3n Socialista de Ponferrada","url":"https:\/\/agrupacionespsoe.es\/ponferrada\/","logo":{"@type":"ImageObject","inLanguage":"es","@id":"https:\/\/agrupacionespsoe.es\/ponferrada\/#\/schema\/logo\/image\/","url":"https:\/\/agrupacionespsoe.es\/wp-content\/uploads\/2022\/07\/Logotipo_electoral_del_PSOE.png","contentUrl":"https:\/\/agrupacionespsoe.es\/wp-content\/uploads\/2022\/07\/Logotipo_electoral_del_PSOE.png","width":422,"height":422,"caption":"Agrupaci\u00f3n Socialista de Ponferrada"},"image":{"@id":"https:\/\/agrupacionespsoe.es\/ponferrada\/#\/schema\/logo\/image\/"}},{"@type":"Person","@id":"https:\/\/agrupacionespsoe.es\/ponferrada\/#\/schema\/person\/cd29ee627f3b70c05d415f02596debaa","name":"ponferrada2","image":{"@type":"ImageObject","inLanguage":"es","@id":"https:\/\/agrupacionespsoe.es\/ponferrada\/#\/schema\/person\/image\/","url":"https:\/\/secure.gravatar.com\/avatar\/f499eeb60144c664cf7b7edf75549b50?s=96&d=mm&r=g","contentUrl":"https:\/\/secure.gravatar.com\/avatar\/f499eeb60144c664cf7b7edf75549b50?s=96&d=mm&r=g","caption":"ponferrada2"},"url":"https:\/\/agrupacionespsoe.es\/ponferrada\/author\/ponferrada2\/"}]}},"jetpack_featured_media_url":"https:\/\/agrupacionespsoe.es\/ponferrada\/wp-content\/uploads\/sites\/36\/2024\/03\/WhatsApp-Image-2024-03-08-at-10.29.27-e1709917470274.jpeg","jetpack_sharing_enabled":true,"_links":{"self":[{"href":"https:\/\/agrupacionespsoe.es\/ponferrada\/wp-json\/wp\/v2\/posts\/414","targetHints":{"allow":["GET"]}}],"collection":[{"href":"https:\/\/agrupacionespsoe.es\/ponferrada\/wp-json\/wp\/v2\/posts"}],"about":[{"href":"https:\/\/agrupacionespsoe.es\/ponferrada\/wp-json\/wp\/v2\/types\/post"}],"author":[{"embeddable":true,"href":"https:\/\/agrupacionespsoe.es\/ponferrada\/wp-json\/wp\/v2\/users\/32"}],"replies":[{"embeddable":true,"href":"https:\/\/agrupacionespsoe.es\/ponferrada\/wp-json\/wp\/v2\/comments?post=414"}],"version-history":[{"count":1,"href":"https:\/\/agrupacionespsoe.es\/ponferrada\/wp-json\/wp\/v2\/posts\/414\/revisions"}],"predecessor-version":[{"id":417,"href":"https:\/\/agrupacionespsoe.es\/ponferrada\/wp-json\/wp\/v2\/posts\/414\/revisions\/417"}],"wp:featuredmedia":[{"embeddable":true,"href":"https:\/\/agrupacionespsoe.es\/ponferrada\/wp-json\/wp\/v2\/media\/415"}],"wp:attachment":[{"href":"https:\/\/agrupacionespsoe.es\/ponferrada\/wp-json\/wp\/v2\/media?parent=414"}],"wp:term":[{"taxonomy":"category","embeddable":true,"href":"https:\/\/agrupacionespsoe.es\/ponferrada\/wp-json\/wp\/v2\/categories?post=414"},{"taxonomy":"post_tag","embeddable":true,"href":"https:\/\/agrupacionespsoe.es\/ponferrada\/wp-json\/wp\/v2\/tags?post=414"}],"curies":[{"name":"wp","href":"https:\/\/api.w.org\/{rel}","templated":true}]}}