{"id":408,"date":"2024-03-05T09:18:47","date_gmt":"2024-03-05T09:18:47","guid":{"rendered":"https:\/\/agrupacionespsoe.es\/ponferrada\/?p=408"},"modified":"2024-03-08T09:23:28","modified_gmt":"2024-03-08T09:23:28","slug":"el-grupo-municipal-socialista-del-ayuntamiento-de-ponferrada-critica-la-decision-de-la-concejalia-de-bienestar-social-de-no-convocar-al-consejo-municipal-de-las-mujeres","status":"publish","type":"post","link":"https:\/\/agrupacionespsoe.es\/ponferrada\/el-grupo-municipal-socialista-del-ayuntamiento-de-ponferrada-critica-la-decision-de-la-concejalia-de-bienestar-social-de-no-convocar-al-consejo-municipal-de-las-mujeres\/","title":{"rendered":"El Grupo Municipal Socialista del Ayuntamiento de Ponferrada critica la decisi\u00f3n de la concejal\u00eda de bienestar social de no convocar al Consejo Municipal de las Mujeres"},"content":{"rendered":"\n<p class=\"has-large-font-size\"><strong>Exige al equipo de gobierno que reflexione y utilice los fondos del pacto de estado para lo que son<\/strong><\/p>\n\n\n\n<p>El Grupo Municipal Socialista del Ayuntamiento de Ponferrada quiere criticar la falta de di\u00e1logo con las asociaciones de mujeres de la concejal\u00eda de bienestar social.<\/p>\n\n\n\n<p>Susana Rivada responsable del \u00e1rea de bienestar social del PSOE ha querido mostrar su malestar por la decisi\u00f3n de la concejal\u00eda de bienestar social de no convocar al Consejo Municipal de las Mujeres ante la celebraci\u00f3n del D\u00eda de la Mujer el pr\u00f3ximo 8 de marzo.<\/p>\n\n\n\n<p>Susana Rivada se\u00f1ala que era costumbre convocar al Consejo Municipal de las Mujeres para coordinar efem\u00e9rides relacionadas con la mujer, y como ya ocurri\u00f3 el pasado 25N la concejal\u00eda ha actuado de espaldas a ese \u00f3rgano municipal.<\/p>\n\n\n\n<p>Seg\u00fan se\u00f1alan los estatutos del Consejo su finalidad es la de facilitar de forma espec\u00edfica, la participaci\u00f3n de las mujeres por medio de sus representantes, en las decisiones a tomar por los \u00f3rganos municipales, as\u00ed como el acceso e intercambio de informaci\u00f3n de inter\u00e9s dirigida a las entidades asociativas especialmente configuradas para la defensa de los intereses concretos de las mujeres.<\/p>\n\n\n\n<p>Susana indica que al actual equipo de gobierno le falta di\u00e1logo y le sobran tutelas, tutelas que no necesitan ni las mujeres ni el movimiento asociativo feminista. Este es otro ejemplo de la falta de respeto al \u00f3rgano municipal.<\/p>\n\n\n\n<p>La concejala del PSOE critica adem\u00e1s que como nos informaron en la pasada comisi\u00f3n, la concejal\u00eda tiene previsto gastar el dinero del pacto de estado contra la violencia en un proyecto para prevenci\u00f3n de los suicidios en la juventud.<\/p>\n\n\n\n<p>Desde el PSOE estamos muy de acuerdo en que se act\u00fae en este campo pero ese dinero debe venir de los presupuestos de la concejal\u00eda ya que esos fondos deben ir destinados exclusivamente en la realizaci\u00f3n de actuaciones contra la violencia de g\u00e9nero, por lo que exigimos a la concejal\u00eda que recapacite y cambie de opini\u00f3n, sufragando los costes de esa actividad con sus fondos propios y utilizando los fondos del pacto contra la violencia machista para lo que son.<\/p>\n\n\n\n<figure class=\"wp-block-image size-large\"><img loading=\"lazy\" decoding=\"async\" width=\"947\" height=\"1024\" src=\"https:\/\/agrupacionespsoe.es\/ponferrada\/wp-content\/uploads\/sites\/36\/2024\/03\/WhatsApp-Image-2024-03-08-at-10.22.38-947x1024.jpeg\" alt=\"\" class=\"wp-image-409\" srcset=\"https:\/\/agrupacionespsoe.es\/ponferrada\/wp-content\/uploads\/sites\/36\/2024\/03\/WhatsApp-Image-2024-03-08-at-10.22.38-947x1024.jpeg 947w, https:\/\/agrupacionespsoe.es\/ponferrada\/wp-content\/uploads\/sites\/36\/2024\/03\/WhatsApp-Image-2024-03-08-at-10.22.38-277x300.jpeg 277w, https:\/\/agrupacionespsoe.es\/ponferrada\/wp-content\/uploads\/sites\/36\/2024\/03\/WhatsApp-Image-2024-03-08-at-10.22.38-768x831.jpeg 768w, https:\/\/agrupacionespsoe.es\/ponferrada\/wp-content\/uploads\/sites\/36\/2024\/03\/WhatsApp-Image-2024-03-08-at-10.22.38-1420x1536.jpeg 1420w, https:\/\/agrupacionespsoe.es\/ponferrada\/wp-content\/uploads\/sites\/36\/2024\/03\/WhatsApp-Image-2024-03-08-at-10.22.38.jpeg 1479w\" sizes=\"auto, (max-width: 947px) 100vw, 947px\" \/><\/figure>\n","protected":false},"excerpt":{"rendered":"<p>Exige al equipo de gobierno que reflexione y utilice los fondos del pacto de estado para lo que son El Grupo Municipal Socialista del Ayuntamiento de Ponferrada quiere criticar la falta de di\u00e1logo con las asociaciones de mujeres de la concejal\u00eda de bienestar social. Susana Rivada responsable del \u00e1rea de bienestar social del PSOE ha &#8230;<\/p>\n","protected":false},"author":32,"featured_media":409,"comment_status":"open","ping_status":"open","sticky":false,"template":"","format":"standard","meta":{"_jetpack_memberships_contains_paid_content":false,"footnotes":""},"categories":[6],"tags":[],"class_list":["post-408","post","type-post","status-publish","format-standard","has-post-thumbnail","hentry","category-actualidad"],"yoast_head":"<!-- This site is optimized with the Yoast SEO plugin v24.0 - https:\/\/yoast.com\/wordpress\/plugins\/seo\/ -->\n<title>El Grupo Municipal Socialista del Ayuntamiento de Ponferrada critica la decisi\u00f3n de la concejal\u00eda de bienestar social de no convocar al Consejo Municipal de las Mujeres - Agrupaci\u00f3n Socialista de Ponferrada<\/title>\n<meta name=\"robots\" content=\"index, follow, max-snippet:-1, max-image-preview:large, max-video-preview:-1\" \/>\n<link rel=\"canonical\" href=\"https:\/\/agrupacionespsoe.es\/ponferrada\/el-grupo-municipal-socialista-del-ayuntamiento-de-ponferrada-critica-la-decision-de-la-concejalia-de-bienestar-social-de-no-convocar-al-consejo-municipal-de-las-mujeres\/\" \/>\n<meta property=\"og:locale\" content=\"es_ES\" \/>\n<meta property=\"og:type\" content=\"article\" \/>\n<meta property=\"og:title\" content=\"El Grupo Municipal Socialista del Ayuntamiento de Ponferrada critica la decisi\u00f3n de la concejal\u00eda de bienestar social de no convocar al Consejo Municipal de las Mujeres - Agrupaci\u00f3n Socialista de Ponferrada\" \/>\n<meta property=\"og:description\" content=\"Exige al equipo de gobierno que reflexione y utilice los fondos del pacto de estado para lo que son El Grupo Municipal Socialista del Ayuntamiento de Ponferrada quiere criticar la falta de di\u00e1logo con las asociaciones de mujeres de la concejal\u00eda de bienestar social. Susana Rivada responsable del \u00e1rea de bienestar social del PSOE ha ...\" \/>\n<meta property=\"og:url\" content=\"https:\/\/agrupacionespsoe.es\/ponferrada\/el-grupo-municipal-socialista-del-ayuntamiento-de-ponferrada-critica-la-decision-de-la-concejalia-de-bienestar-social-de-no-convocar-al-consejo-municipal-de-las-mujeres\/\" \/>\n<meta property=\"og:site_name\" content=\"Agrupaci\u00f3n Socialista de Ponferrada\" \/>\n<meta property=\"article:published_time\" content=\"2024-03-05T09:18:47+00:00\" \/>\n<meta property=\"article:modified_time\" content=\"2024-03-08T09:23:28+00:00\" \/>\n<meta property=\"og:image\" content=\"https:\/\/agrupacionespsoe.es\/ponferrada\/wp-content\/uploads\/sites\/36\/2024\/03\/WhatsApp-Image-2024-03-08-at-10.22.38.jpeg\" \/>\n\t<meta property=\"og:image:width\" content=\"1479\" \/>\n\t<meta property=\"og:image:height\" content=\"1600\" \/>\n\t<meta property=\"og:image:type\" content=\"image\/jpeg\" \/>\n<meta name=\"author\" content=\"ponferrada2\" \/>\n<meta name=\"twitter:card\" content=\"summary_large_image\" \/>\n<meta name=\"twitter:label1\" content=\"Escrito por\" \/>\n\t<meta name=\"twitter:data1\" content=\"ponferrada2\" \/>\n\t<meta name=\"twitter:label2\" content=\"Tiempo de lectura\" \/>\n\t<meta name=\"twitter:data2\" content=\"2 minutos\" \/>\n<script type=\"application\/ld+json\" class=\"yoast-schema-graph\">{\"@context\":\"https:\/\/schema.org\",\"@graph\":[{\"@type\":\"Article\",\"@id\":\"https:\/\/agrupacionespsoe.es\/ponferrada\/el-grupo-municipal-socialista-del-ayuntamiento-de-ponferrada-critica-la-decision-de-la-concejalia-de-bienestar-social-de-no-convocar-al-consejo-municipal-de-las-mujeres\/#article\",\"isPartOf\":{\"@id\":\"https:\/\/agrupacionespsoe.es\/ponferrada\/el-grupo-municipal-socialista-del-ayuntamiento-de-ponferrada-critica-la-decision-de-la-concejalia-de-bienestar-social-de-no-convocar-al-consejo-municipal-de-las-mujeres\/\"},\"author\":{\"name\":\"ponferrada2\",\"@id\":\"https:\/\/agrupacionespsoe.es\/ponferrada\/#\/schema\/person\/cd29ee627f3b70c05d415f02596debaa\"},\"headline\":\"El Grupo Municipal Socialista del Ayuntamiento de Ponferrada critica la decisi\u00f3n de la concejal\u00eda de bienestar social de no convocar al Consejo Municipal de las Mujeres\",\"datePublished\":\"2024-03-05T09:18:47+00:00\",\"dateModified\":\"2024-03-08T09:23:28+00:00\",\"mainEntityOfPage\":{\"@id\":\"https:\/\/agrupacionespsoe.es\/ponferrada\/el-grupo-municipal-socialista-del-ayuntamiento-de-ponferrada-critica-la-decision-de-la-concejalia-de-bienestar-social-de-no-convocar-al-consejo-municipal-de-las-mujeres\/\"},\"wordCount\":400,\"commentCount\":0,\"publisher\":{\"@id\":\"https:\/\/agrupacionespsoe.es\/ponferrada\/#organization\"},\"image\":{\"@id\":\"https:\/\/agrupacionespsoe.es\/ponferrada\/el-grupo-municipal-socialista-del-ayuntamiento-de-ponferrada-critica-la-decision-de-la-concejalia-de-bienestar-social-de-no-convocar-al-consejo-municipal-de-las-mujeres\/#primaryimage\"},\"thumbnailUrl\":\"https:\/\/agrupacionespsoe.es\/ponferrada\/wp-content\/uploads\/sites\/36\/2024\/03\/WhatsApp-Image-2024-03-08-at-10.22.38.jpeg\",\"articleSection\":[\"ACTUALIDAD\"],\"inLanguage\":\"es\",\"potentialAction\":[{\"@type\":\"CommentAction\",\"name\":\"Comment\",\"target\":[\"https:\/\/agrupacionespsoe.es\/ponferrada\/el-grupo-municipal-socialista-del-ayuntamiento-de-ponferrada-critica-la-decision-de-la-concejalia-de-bienestar-social-de-no-convocar-al-consejo-municipal-de-las-mujeres\/#respond\"]}]},{\"@type\":\"WebPage\",\"@id\":\"https:\/\/agrupacionespsoe.es\/ponferrada\/el-grupo-municipal-socialista-del-ayuntamiento-de-ponferrada-critica-la-decision-de-la-concejalia-de-bienestar-social-de-no-convocar-al-consejo-municipal-de-las-mujeres\/\",\"url\":\"https:\/\/agrupacionespsoe.es\/ponferrada\/el-grupo-municipal-socialista-del-ayuntamiento-de-ponferrada-critica-la-decision-de-la-concejalia-de-bienestar-social-de-no-convocar-al-consejo-municipal-de-las-mujeres\/\",\"name\":\"El Grupo Municipal Socialista del Ayuntamiento de Ponferrada critica la decisi\u00f3n de la concejal\u00eda de bienestar social de no convocar al Consejo Municipal de las Mujeres - Agrupaci\u00f3n Socialista de Ponferrada\",\"isPartOf\":{\"@id\":\"https:\/\/agrupacionespsoe.es\/ponferrada\/#website\"},\"primaryImageOfPage\":{\"@id\":\"https:\/\/agrupacionespsoe.es\/ponferrada\/el-grupo-municipal-socialista-del-ayuntamiento-de-ponferrada-critica-la-decision-de-la-concejalia-de-bienestar-social-de-no-convocar-al-consejo-municipal-de-las-mujeres\/#primaryimage\"},\"image\":{\"@id\":\"https:\/\/agrupacionespsoe.es\/ponferrada\/el-grupo-municipal-socialista-del-ayuntamiento-de-ponferrada-critica-la-decision-de-la-concejalia-de-bienestar-social-de-no-convocar-al-consejo-municipal-de-las-mujeres\/#primaryimage\"},\"thumbnailUrl\":\"https:\/\/agrupacionespsoe.es\/ponferrada\/wp-content\/uploads\/sites\/36\/2024\/03\/WhatsApp-Image-2024-03-08-at-10.22.38.jpeg\",\"datePublished\":\"2024-03-05T09:18:47+00:00\",\"dateModified\":\"2024-03-08T09:23:28+00:00\",\"breadcrumb\":{\"@id\":\"https:\/\/agrupacionespsoe.es\/ponferrada\/el-grupo-municipal-socialista-del-ayuntamiento-de-ponferrada-critica-la-decision-de-la-concejalia-de-bienestar-social-de-no-convocar-al-consejo-municipal-de-las-mujeres\/#breadcrumb\"},\"inLanguage\":\"es\",\"potentialAction\":[{\"@type\":\"ReadAction\",\"target\":[\"https:\/\/agrupacionespsoe.es\/ponferrada\/el-grupo-municipal-socialista-del-ayuntamiento-de-ponferrada-critica-la-decision-de-la-concejalia-de-bienestar-social-de-no-convocar-al-consejo-municipal-de-las-mujeres\/\"]}]},{\"@type\":\"ImageObject\",\"inLanguage\":\"es\",\"@id\":\"https:\/\/agrupacionespsoe.es\/ponferrada\/el-grupo-municipal-socialista-del-ayuntamiento-de-ponferrada-critica-la-decision-de-la-concejalia-de-bienestar-social-de-no-convocar-al-consejo-municipal-de-las-mujeres\/#primaryimage\",\"url\":\"https:\/\/agrupacionespsoe.es\/ponferrada\/wp-content\/uploads\/sites\/36\/2024\/03\/WhatsApp-Image-2024-03-08-at-10.22.38.jpeg\",\"contentUrl\":\"https:\/\/agrupacionespsoe.es\/ponferrada\/wp-content\/uploads\/sites\/36\/2024\/03\/WhatsApp-Image-2024-03-08-at-10.22.38.jpeg\",\"width\":1479,\"height\":1600},{\"@type\":\"BreadcrumbList\",\"@id\":\"https:\/\/agrupacionespsoe.es\/ponferrada\/el-grupo-municipal-socialista-del-ayuntamiento-de-ponferrada-critica-la-decision-de-la-concejalia-de-bienestar-social-de-no-convocar-al-consejo-municipal-de-las-mujeres\/#breadcrumb\",\"itemListElement\":[{\"@type\":\"ListItem\",\"position\":1,\"name\":\"Portada\",\"item\":\"https:\/\/agrupacionespsoe.es\/ponferrada\/\"},{\"@type\":\"ListItem\",\"position\":2,\"name\":\"El Grupo Municipal Socialista del Ayuntamiento de Ponferrada critica la decisi\u00f3n de la concejal\u00eda de bienestar social de no convocar al Consejo Municipal de las Mujeres\"}]},{\"@type\":\"WebSite\",\"@id\":\"https:\/\/agrupacionespsoe.es\/ponferrada\/#website\",\"url\":\"https:\/\/agrupacionespsoe.es\/ponferrada\/\",\"name\":\"Agrupaci\u00f3n Socialista de Ponferrada\",\"description\":\"Agrupaci\u00f3n Socialista de Ponferrada\",\"publisher\":{\"@id\":\"https:\/\/agrupacionespsoe.es\/ponferrada\/#organization\"},\"potentialAction\":[{\"@type\":\"SearchAction\",\"target\":{\"@type\":\"EntryPoint\",\"urlTemplate\":\"https:\/\/agrupacionespsoe.es\/ponferrada\/?s={search_term_string}\"},\"query-input\":{\"@type\":\"PropertyValueSpecification\",\"valueRequired\":true,\"valueName\":\"search_term_string\"}}],\"inLanguage\":\"es\"},{\"@type\":\"Organization\",\"@id\":\"https:\/\/agrupacionespsoe.es\/ponferrada\/#organization\",\"name\":\"Agrupaci\u00f3n Socialista de Ponferrada\",\"url\":\"https:\/\/agrupacionespsoe.es\/ponferrada\/\",\"logo\":{\"@type\":\"ImageObject\",\"inLanguage\":\"es\",\"@id\":\"https:\/\/agrupacionespsoe.es\/ponferrada\/#\/schema\/logo\/image\/\",\"url\":\"https:\/\/agrupacionespsoe.es\/wp-content\/uploads\/2022\/07\/Logotipo_electoral_del_PSOE.png\",\"contentUrl\":\"https:\/\/agrupacionespsoe.es\/wp-content\/uploads\/2022\/07\/Logotipo_electoral_del_PSOE.png\",\"width\":422,\"height\":422,\"caption\":\"Agrupaci\u00f3n Socialista de Ponferrada\"},\"image\":{\"@id\":\"https:\/\/agrupacionespsoe.es\/ponferrada\/#\/schema\/logo\/image\/\"}},{\"@type\":\"Person\",\"@id\":\"https:\/\/agrupacionespsoe.es\/ponferrada\/#\/schema\/person\/cd29ee627f3b70c05d415f02596debaa\",\"name\":\"ponferrada2\",\"image\":{\"@type\":\"ImageObject\",\"inLanguage\":\"es\",\"@id\":\"https:\/\/agrupacionespsoe.es\/ponferrada\/#\/schema\/person\/image\/\",\"url\":\"https:\/\/secure.gravatar.com\/avatar\/f499eeb60144c664cf7b7edf75549b50?s=96&d=mm&r=g\",\"contentUrl\":\"https:\/\/secure.gravatar.com\/avatar\/f499eeb60144c664cf7b7edf75549b50?s=96&d=mm&r=g\",\"caption\":\"ponferrada2\"},\"url\":\"https:\/\/agrupacionespsoe.es\/ponferrada\/author\/ponferrada2\/\"}]}<\/script>\n<!-- \/ Yoast SEO plugin. -->","yoast_head_json":{"title":"El Grupo Municipal Socialista del Ayuntamiento de Ponferrada critica la decisi\u00f3n de la concejal\u00eda de bienestar social de no convocar al Consejo Municipal de las Mujeres - Agrupaci\u00f3n Socialista de Ponferrada","robots":{"index":"index","follow":"follow","max-snippet":"max-snippet:-1","max-image-preview":"max-image-preview:large","max-video-preview":"max-video-preview:-1"},"canonical":"https:\/\/agrupacionespsoe.es\/ponferrada\/el-grupo-municipal-socialista-del-ayuntamiento-de-ponferrada-critica-la-decision-de-la-concejalia-de-bienestar-social-de-no-convocar-al-consejo-municipal-de-las-mujeres\/","og_locale":"es_ES","og_type":"article","og_title":"El Grupo Municipal Socialista del Ayuntamiento de Ponferrada critica la decisi\u00f3n de la concejal\u00eda de bienestar social de no convocar al Consejo Municipal de las Mujeres - Agrupaci\u00f3n Socialista de Ponferrada","og_description":"Exige al equipo de gobierno que reflexione y utilice los fondos del pacto de estado para lo que son El Grupo Municipal Socialista del Ayuntamiento de Ponferrada quiere criticar la falta de di\u00e1logo con las asociaciones de mujeres de la concejal\u00eda de bienestar social. Susana Rivada responsable del \u00e1rea de bienestar social del PSOE ha ...","og_url":"https:\/\/agrupacionespsoe.es\/ponferrada\/el-grupo-municipal-socialista-del-ayuntamiento-de-ponferrada-critica-la-decision-de-la-concejalia-de-bienestar-social-de-no-convocar-al-consejo-municipal-de-las-mujeres\/","og_site_name":"Agrupaci\u00f3n Socialista de Ponferrada","article_published_time":"2024-03-05T09:18:47+00:00","article_modified_time":"2024-03-08T09:23:28+00:00","og_image":[{"width":1479,"height":1600,"url":"https:\/\/agrupacionespsoe.es\/ponferrada\/wp-content\/uploads\/sites\/36\/2024\/03\/WhatsApp-Image-2024-03-08-at-10.22.38.jpeg","type":"image\/jpeg"}],"author":"ponferrada2","twitter_card":"summary_large_image","twitter_misc":{"Escrito por":"ponferrada2","Tiempo de lectura":"2 minutos"},"schema":{"@context":"https:\/\/schema.org","@graph":[{"@type":"Article","@id":"https:\/\/agrupacionespsoe.es\/ponferrada\/el-grupo-municipal-socialista-del-ayuntamiento-de-ponferrada-critica-la-decision-de-la-concejalia-de-bienestar-social-de-no-convocar-al-consejo-municipal-de-las-mujeres\/#article","isPartOf":{"@id":"https:\/\/agrupacionespsoe.es\/ponferrada\/el-grupo-municipal-socialista-del-ayuntamiento-de-ponferrada-critica-la-decision-de-la-concejalia-de-bienestar-social-de-no-convocar-al-consejo-municipal-de-las-mujeres\/"},"author":{"name":"ponferrada2","@id":"https:\/\/agrupacionespsoe.es\/ponferrada\/#\/schema\/person\/cd29ee627f3b70c05d415f02596debaa"},"headline":"El Grupo Municipal Socialista del Ayuntamiento de Ponferrada critica la decisi\u00f3n de la concejal\u00eda de bienestar social de no convocar al Consejo Municipal de las Mujeres","datePublished":"2024-03-05T09:18:47+00:00","dateModified":"2024-03-08T09:23:28+00:00","mainEntityOfPage":{"@id":"https:\/\/agrupacionespsoe.es\/ponferrada\/el-grupo-municipal-socialista-del-ayuntamiento-de-ponferrada-critica-la-decision-de-la-concejalia-de-bienestar-social-de-no-convocar-al-consejo-municipal-de-las-mujeres\/"},"wordCount":400,"commentCount":0,"publisher":{"@id":"https:\/\/agrupacionespsoe.es\/ponferrada\/#organization"},"image":{"@id":"https:\/\/agrupacionespsoe.es\/ponferrada\/el-grupo-municipal-socialista-del-ayuntamiento-de-ponferrada-critica-la-decision-de-la-concejalia-de-bienestar-social-de-no-convocar-al-consejo-municipal-de-las-mujeres\/#primaryimage"},"thumbnailUrl":"https:\/\/agrupacionespsoe.es\/ponferrada\/wp-content\/uploads\/sites\/36\/2024\/03\/WhatsApp-Image-2024-03-08-at-10.22.38.jpeg","articleSection":["ACTUALIDAD"],"inLanguage":"es","potentialAction":[{"@type":"CommentAction","name":"Comment","target":["https:\/\/agrupacionespsoe.es\/ponferrada\/el-grupo-municipal-socialista-del-ayuntamiento-de-ponferrada-critica-la-decision-de-la-concejalia-de-bienestar-social-de-no-convocar-al-consejo-municipal-de-las-mujeres\/#respond"]}]},{"@type":"WebPage","@id":"https:\/\/agrupacionespsoe.es\/ponferrada\/el-grupo-municipal-socialista-del-ayuntamiento-de-ponferrada-critica-la-decision-de-la-concejalia-de-bienestar-social-de-no-convocar-al-consejo-municipal-de-las-mujeres\/","url":"https:\/\/agrupacionespsoe.es\/ponferrada\/el-grupo-municipal-socialista-del-ayuntamiento-de-ponferrada-critica-la-decision-de-la-concejalia-de-bienestar-social-de-no-convocar-al-consejo-municipal-de-las-mujeres\/","name":"El Grupo Municipal Socialista del Ayuntamiento de Ponferrada critica la decisi\u00f3n de la concejal\u00eda de bienestar social de no convocar al Consejo Municipal de las Mujeres - Agrupaci\u00f3n Socialista de Ponferrada","isPartOf":{"@id":"https:\/\/agrupacionespsoe.es\/ponferrada\/#website"},"primaryImageOfPage":{"@id":"https:\/\/agrupacionespsoe.es\/ponferrada\/el-grupo-municipal-socialista-del-ayuntamiento-de-ponferrada-critica-la-decision-de-la-concejalia-de-bienestar-social-de-no-convocar-al-consejo-municipal-de-las-mujeres\/#primaryimage"},"image":{"@id":"https:\/\/agrupacionespsoe.es\/ponferrada\/el-grupo-municipal-socialista-del-ayuntamiento-de-ponferrada-critica-la-decision-de-la-concejalia-de-bienestar-social-de-no-convocar-al-consejo-municipal-de-las-mujeres\/#primaryimage"},"thumbnailUrl":"https:\/\/agrupacionespsoe.es\/ponferrada\/wp-content\/uploads\/sites\/36\/2024\/03\/WhatsApp-Image-2024-03-08-at-10.22.38.jpeg","datePublished":"2024-03-05T09:18:47+00:00","dateModified":"2024-03-08T09:23:28+00:00","breadcrumb":{"@id":"https:\/\/agrupacionespsoe.es\/ponferrada\/el-grupo-municipal-socialista-del-ayuntamiento-de-ponferrada-critica-la-decision-de-la-concejalia-de-bienestar-social-de-no-convocar-al-consejo-municipal-de-las-mujeres\/#breadcrumb"},"inLanguage":"es","potentialAction":[{"@type":"ReadAction","target":["https:\/\/agrupacionespsoe.es\/ponferrada\/el-grupo-municipal-socialista-del-ayuntamiento-de-ponferrada-critica-la-decision-de-la-concejalia-de-bienestar-social-de-no-convocar-al-consejo-municipal-de-las-mujeres\/"]}]},{"@type":"ImageObject","inLanguage":"es","@id":"https:\/\/agrupacionespsoe.es\/ponferrada\/el-grupo-municipal-socialista-del-ayuntamiento-de-ponferrada-critica-la-decision-de-la-concejalia-de-bienestar-social-de-no-convocar-al-consejo-municipal-de-las-mujeres\/#primaryimage","url":"https:\/\/agrupacionespsoe.es\/ponferrada\/wp-content\/uploads\/sites\/36\/2024\/03\/WhatsApp-Image-2024-03-08-at-10.22.38.jpeg","contentUrl":"https:\/\/agrupacionespsoe.es\/ponferrada\/wp-content\/uploads\/sites\/36\/2024\/03\/WhatsApp-Image-2024-03-08-at-10.22.38.jpeg","width":1479,"height":1600},{"@type":"BreadcrumbList","@id":"https:\/\/agrupacionespsoe.es\/ponferrada\/el-grupo-municipal-socialista-del-ayuntamiento-de-ponferrada-critica-la-decision-de-la-concejalia-de-bienestar-social-de-no-convocar-al-consejo-municipal-de-las-mujeres\/#breadcrumb","itemListElement":[{"@type":"ListItem","position":1,"name":"Portada","item":"https:\/\/agrupacionespsoe.es\/ponferrada\/"},{"@type":"ListItem","position":2,"name":"El Grupo Municipal Socialista del Ayuntamiento de Ponferrada critica la decisi\u00f3n de la concejal\u00eda de bienestar social de no convocar al Consejo Municipal de las Mujeres"}]},{"@type":"WebSite","@id":"https:\/\/agrupacionespsoe.es\/ponferrada\/#website","url":"https:\/\/agrupacionespsoe.es\/ponferrada\/","name":"Agrupaci\u00f3n Socialista de Ponferrada","description":"Agrupaci\u00f3n Socialista de Ponferrada","publisher":{"@id":"https:\/\/agrupacionespsoe.es\/ponferrada\/#organization"},"potentialAction":[{"@type":"SearchAction","target":{"@type":"EntryPoint","urlTemplate":"https:\/\/agrupacionespsoe.es\/ponferrada\/?s={search_term_string}"},"query-input":{"@type":"PropertyValueSpecification","valueRequired":true,"valueName":"search_term_string"}}],"inLanguage":"es"},{"@type":"Organization","@id":"https:\/\/agrupacionespsoe.es\/ponferrada\/#organization","name":"Agrupaci\u00f3n Socialista de Ponferrada","url":"https:\/\/agrupacionespsoe.es\/ponferrada\/","logo":{"@type":"ImageObject","inLanguage":"es","@id":"https:\/\/agrupacionespsoe.es\/ponferrada\/#\/schema\/logo\/image\/","url":"https:\/\/agrupacionespsoe.es\/wp-content\/uploads\/2022\/07\/Logotipo_electoral_del_PSOE.png","contentUrl":"https:\/\/agrupacionespsoe.es\/wp-content\/uploads\/2022\/07\/Logotipo_electoral_del_PSOE.png","width":422,"height":422,"caption":"Agrupaci\u00f3n Socialista de Ponferrada"},"image":{"@id":"https:\/\/agrupacionespsoe.es\/ponferrada\/#\/schema\/logo\/image\/"}},{"@type":"Person","@id":"https:\/\/agrupacionespsoe.es\/ponferrada\/#\/schema\/person\/cd29ee627f3b70c05d415f02596debaa","name":"ponferrada2","image":{"@type":"ImageObject","inLanguage":"es","@id":"https:\/\/agrupacionespsoe.es\/ponferrada\/#\/schema\/person\/image\/","url":"https:\/\/secure.gravatar.com\/avatar\/f499eeb60144c664cf7b7edf75549b50?s=96&d=mm&r=g","contentUrl":"https:\/\/secure.gravatar.com\/avatar\/f499eeb60144c664cf7b7edf75549b50?s=96&d=mm&r=g","caption":"ponferrada2"},"url":"https:\/\/agrupacionespsoe.es\/ponferrada\/author\/ponferrada2\/"}]}},"jetpack_featured_media_url":"https:\/\/agrupacionespsoe.es\/ponferrada\/wp-content\/uploads\/sites\/36\/2024\/03\/WhatsApp-Image-2024-03-08-at-10.22.38.jpeg","jetpack_sharing_enabled":true,"_links":{"self":[{"href":"https:\/\/agrupacionespsoe.es\/ponferrada\/wp-json\/wp\/v2\/posts\/408","targetHints":{"allow":["GET"]}}],"collection":[{"href":"https:\/\/agrupacionespsoe.es\/ponferrada\/wp-json\/wp\/v2\/posts"}],"about":[{"href":"https:\/\/agrupacionespsoe.es\/ponferrada\/wp-json\/wp\/v2\/types\/post"}],"author":[{"embeddable":true,"href":"https:\/\/agrupacionespsoe.es\/ponferrada\/wp-json\/wp\/v2\/users\/32"}],"replies":[{"embeddable":true,"href":"https:\/\/agrupacionespsoe.es\/ponferrada\/wp-json\/wp\/v2\/comments?post=408"}],"version-history":[{"count":1,"href":"https:\/\/agrupacionespsoe.es\/ponferrada\/wp-json\/wp\/v2\/posts\/408\/revisions"}],"predecessor-version":[{"id":410,"href":"https:\/\/agrupacionespsoe.es\/ponferrada\/wp-json\/wp\/v2\/posts\/408\/revisions\/410"}],"wp:featuredmedia":[{"embeddable":true,"href":"https:\/\/agrupacionespsoe.es\/ponferrada\/wp-json\/wp\/v2\/media\/409"}],"wp:attachment":[{"href":"https:\/\/agrupacionespsoe.es\/ponferrada\/wp-json\/wp\/v2\/media?parent=408"}],"wp:term":[{"taxonomy":"category","embeddable":true,"href":"https:\/\/agrupacionespsoe.es\/ponferrada\/wp-json\/wp\/v2\/categories?post=408"},{"taxonomy":"post_tag","embeddable":true,"href":"https:\/\/agrupacionespsoe.es\/ponferrada\/wp-json\/wp\/v2\/tags?post=408"}],"curies":[{"name":"wp","href":"https:\/\/api.w.org\/{rel}","templated":true}]}}