{"id":389,"date":"2024-02-21T12:28:10","date_gmt":"2024-02-21T12:28:10","guid":{"rendered":"https:\/\/agrupacionespsoe.es\/ponferrada\/?p=389"},"modified":"2024-02-21T12:28:36","modified_gmt":"2024-02-21T12:28:36","slug":"el-grupo-socialista-presenta-su-proyecto-de-jardin-de-la-memoria-en-el-antiguo-cementerio-de-el-carmen","status":"publish","type":"post","link":"https:\/\/agrupacionespsoe.es\/ponferrada\/el-grupo-socialista-presenta-su-proyecto-de-jardin-de-la-memoria-en-el-antiguo-cementerio-de-el-carmen\/","title":{"rendered":"El Grupo Socialista presenta su proyecto de jard\u00edn de la memoria en el antiguo cementerio de El Carmen"},"content":{"rendered":"\n<p>Esta ma\u00f1ana el grupo socialista en el Ayuntamiento de Ponferrada ha presentado su proyecto para la zona del SSUNC-3, el antiguo cementerio de El Carmen.<\/p>\n\n\n\n<p>El portavoz del grupo, Olegario Ram\u00f3n, ha se\u00f1alado la diferencia entre lo que propone el PP y el actual equipo de gobierno y lo que proponen los socialistas para el desarrollo de la parcela en la que se encuentra el antiguo cementerio de El Carmen se convierta en un espacio de memoria, de recuerdo, de divulgaci\u00f3n de respeto a los antepasados de la ciudad moderna como ahora la conocemos.<\/p>\n\n\n\n<p>Olegario Ram\u00f3n ha incidido en que la construcci\u00f3n del centro de salud en el antiguo cementerio de El Carmen lo \u00fanico que conllevar\u00eda es alejar el servicio de la zona donde vive la gran parte de la poblaci\u00f3n usuaria de ese centro de salud.<\/p>\n\n\n\n<p>A juicio de Olegario Ram\u00f3n el grupo socialista demuestra su seriedad y su trabajo al elaborar un planteamiento alternativo, m\u00e1s l\u00f3gico y que tendr\u00e1 un respaldo social. La propuesta del PSOE supone un dise\u00f1o distinto de la zona, m\u00e1s racional, m\u00e1s humano y que soluciona algunos problemas existentes. Plantea una alternativa s\u00f3lida y con criterio pol\u00edtico para solventar los problemas de la ciudan\u00eda.<\/p>\n\n\n\n<p>Pedro F. Robles ha comenzado se\u00f1alando que la propuesta para el desarrollo de esta parcela cumple con la legislaci\u00f3n vigente y no tenemos nada que objetar al respecto pero nosotros estamos en contra de la decisi\u00f3n pol\u00edtica de trasladar el centro de salud al antiguo cementerio.<\/p>\n\n\n\n<p>Pedro Fern\u00e1ndez ha recordado c\u00f3mo el desarrollo anormal de La Rosaleda ha acabado matando el desarrollo de la zona de La Puebla. Se\u00f1ala que \u201cestamos ante la oportunidad de potenciar el casco hist\u00f3rico y con el planeamiento que se propone va a da\u00f1arlo enormemente\u201d.<\/p>\n\n\n\n<p>Pedro Fern\u00e1ndez ha calificado como \u201cfrivolidad que se utilice el cementerio como centro de salud, lo considera una profanaci\u00f3n del espacio y una obscenidad y falta de respeto a lo que fue ese lugar\u201d. Contin\u00faa se\u00f1alando que \u201cnuestra propuesta traslada la zona verde y convertirla en un espacio&nbsp; libre p\u00fablico, que puede convertirse en un jard\u00edn de memoria de los antepasados de la ciudad&nbsp; pero un espacio de respeto y en la zona del norte la planificaci\u00f3n de un espacio de equipamiento, un aparcamiento, &nbsp;que resuelve un problema grav\u00edsimo que tenemos de aparcamiento en la zona alta de la ciudad.\u201d<\/p>\n\n\n\n<p>Informa que \u201cel plan de desarrollo que se propone reducir\u00e1 el n\u00famero de plazas existentes y obligar\u00e1 a los usuarios a buscar aparcamiento al fondo de la parcela ahora existente.\u201d<\/p>\n\n\n\n<p>El anterior concejal de Urbanismo del PSOE indica que \u201cesto va unido a que si se hace en alg\u00fan momento la ronda sur, tendr\u00e1 acceso casi directo a este aparcamiento y podr\u00e1 ser el lugar ideal para dejar el coche y as\u00ed evitar el tr\u00e1fico en el casco antiguo, lo que supone tener un planteamiento de la ciudad a largo plazo\u201d.<\/p>\n\n\n\n<p>Para finalizar se\u00f1ala que \u201cdesde el grupo consideramos que si el actual equipo de gobierno contin\u00faa con su plan de hacer el centro de salud en el antiguo cementerio, lo \u00fanico que va a conllevar es alejar a la ciudadan\u00eda de este servicio tan esencial, y obligarla a que se desplace en el coche para asistir al centro de salud en definitiva. Y ha desmontado la excusa que mantiene el actual equipo de gobierno, los usuarios que viven en la zona alta no necesitan coche para acercarse al centro de salud y aquellos que residen en las poblaciones m\u00e1s alejadas, como Campo o Patricia no necesitan entrar dentro de la ciudad porque podr\u00edan aparcar en el aparcamiento propuesto por el PSOE y acercarse andando al centro de salud o reservar plazas de aparcamiento en la parcela de Obispo Osmundo donde estaba planificada la construcci\u00f3n del centro de salud, ya que la parcela lo permite.<\/p>\n\n\n\n<figure class=\"wp-block-gallery has-nested-images columns-default is-cropped wp-block-gallery-1 is-layout-flex wp-block-gallery-is-layout-flex\">\n<figure class=\"wp-block-image size-large\"><img loading=\"lazy\" decoding=\"async\" width=\"1024\" height=\"709\" data-id=\"394\" src=\"https:\/\/agrupacionespsoe.es\/ponferrada\/wp-content\/uploads\/sites\/36\/2024\/02\/WhatsApp-Image-2024-02-21-at-13.22.52-1-1024x709.jpeg\" alt=\"\" class=\"wp-image-394\" srcset=\"https:\/\/agrupacionespsoe.es\/ponferrada\/wp-content\/uploads\/sites\/36\/2024\/02\/WhatsApp-Image-2024-02-21-at-13.22.52-1-1024x709.jpeg 1024w, https:\/\/agrupacionespsoe.es\/ponferrada\/wp-content\/uploads\/sites\/36\/2024\/02\/WhatsApp-Image-2024-02-21-at-13.22.52-1-300x208.jpeg 300w, https:\/\/agrupacionespsoe.es\/ponferrada\/wp-content\/uploads\/sites\/36\/2024\/02\/WhatsApp-Image-2024-02-21-at-13.22.52-1-768x532.jpeg 768w, https:\/\/agrupacionespsoe.es\/ponferrada\/wp-content\/uploads\/sites\/36\/2024\/02\/WhatsApp-Image-2024-02-21-at-13.22.52-1-rotated.jpeg 1391w\" sizes=\"auto, (max-width: 1024px) 100vw, 1024px\" \/><figcaption class=\"wp-element-caption\">Propuesta actual equipo de gobeirno<\/figcaption><\/figure>\n\n\n\n<figure class=\"wp-block-image size-large\"><img loading=\"lazy\" decoding=\"async\" width=\"1024\" height=\"703\" data-id=\"393\" src=\"https:\/\/agrupacionespsoe.es\/ponferrada\/wp-content\/uploads\/sites\/36\/2024\/02\/propoesta-psoe-ssunc3-1024x703.jpeg\" alt=\"\" class=\"wp-image-393\" srcset=\"https:\/\/agrupacionespsoe.es\/ponferrada\/wp-content\/uploads\/sites\/36\/2024\/02\/propoesta-psoe-ssunc3-1024x703.jpeg 1024w, https:\/\/agrupacionespsoe.es\/ponferrada\/wp-content\/uploads\/sites\/36\/2024\/02\/propoesta-psoe-ssunc3-300x206.jpeg 300w, https:\/\/agrupacionespsoe.es\/ponferrada\/wp-content\/uploads\/sites\/36\/2024\/02\/propoesta-psoe-ssunc3-768x527.jpeg 768w, https:\/\/agrupacionespsoe.es\/ponferrada\/wp-content\/uploads\/sites\/36\/2024\/02\/propoesta-psoe-ssunc3.jpeg 1218w\" sizes=\"auto, (max-width: 1024px) 100vw, 1024px\" \/><figcaption class=\"wp-element-caption\">Propuesta PSOE<\/figcaption><\/figure>\n<\/figure>\n\n\n\n<figure class=\"wp-block-gallery has-nested-images columns-default is-cropped wp-block-gallery-2 is-layout-flex wp-block-gallery-is-layout-flex\">\n<figure class=\"wp-block-image size-large\"><img loading=\"lazy\" decoding=\"async\" width=\"1024\" height=\"768\" data-id=\"391\" src=\"https:\/\/agrupacionespsoe.es\/ponferrada\/wp-content\/uploads\/sites\/36\/2024\/02\/WhatsApp-Image-2024-02-21-at-12.52.10-1024x768.jpeg\" alt=\"\" class=\"wp-image-391\" srcset=\"https:\/\/agrupacionespsoe.es\/ponferrada\/wp-content\/uploads\/sites\/36\/2024\/02\/WhatsApp-Image-2024-02-21-at-12.52.10-1024x768.jpeg 1024w, https:\/\/agrupacionespsoe.es\/ponferrada\/wp-content\/uploads\/sites\/36\/2024\/02\/WhatsApp-Image-2024-02-21-at-12.52.10-300x225.jpeg 300w, https:\/\/agrupacionespsoe.es\/ponferrada\/wp-content\/uploads\/sites\/36\/2024\/02\/WhatsApp-Image-2024-02-21-at-12.52.10-768x576.jpeg 768w, https:\/\/agrupacionespsoe.es\/ponferrada\/wp-content\/uploads\/sites\/36\/2024\/02\/WhatsApp-Image-2024-02-21-at-12.52.10-1536x1152.jpeg 1536w, https:\/\/agrupacionespsoe.es\/ponferrada\/wp-content\/uploads\/sites\/36\/2024\/02\/WhatsApp-Image-2024-02-21-at-12.52.10.jpeg 2048w\" sizes=\"auto, (max-width: 1024px) 100vw, 1024px\" \/><figcaption class=\"wp-element-caption\">momento de la presentaci\u00f3n<\/figcaption><\/figure>\n\n\n\n<figure class=\"wp-block-image size-large\"><img loading=\"lazy\" decoding=\"async\" width=\"1024\" height=\"724\" data-id=\"390\" src=\"https:\/\/agrupacionespsoe.es\/ponferrada\/wp-content\/uploads\/sites\/36\/2024\/02\/WhatsApp-Image-2024-02-20-at-13.12.45-1024x724.jpeg\" alt=\"\" class=\"wp-image-390\" srcset=\"https:\/\/agrupacionespsoe.es\/ponferrada\/wp-content\/uploads\/sites\/36\/2024\/02\/WhatsApp-Image-2024-02-20-at-13.12.45-1024x724.jpeg 1024w, https:\/\/agrupacionespsoe.es\/ponferrada\/wp-content\/uploads\/sites\/36\/2024\/02\/WhatsApp-Image-2024-02-20-at-13.12.45-300x212.jpeg 300w, https:\/\/agrupacionespsoe.es\/ponferrada\/wp-content\/uploads\/sites\/36\/2024\/02\/WhatsApp-Image-2024-02-20-at-13.12.45-768x543.jpeg 768w, https:\/\/agrupacionespsoe.es\/ponferrada\/wp-content\/uploads\/sites\/36\/2024\/02\/WhatsApp-Image-2024-02-20-at-13.12.45.jpeg 1149w\" sizes=\"auto, (max-width: 1024px) 100vw, 1024px\" \/><figcaption class=\"wp-element-caption\">Simulaci\u00f3n del Jardin de la Memoria<\/figcaption><\/figure>\n<\/figure>\n","protected":false},"excerpt":{"rendered":"<p>Esta ma\u00f1ana el grupo socialista en el Ayuntamiento de Ponferrada ha presentado su proyecto para la zona del SSUNC-3, el antiguo cementerio de El Carmen. El portavoz del grupo, Olegario Ram\u00f3n, ha se\u00f1alado la diferencia entre lo que propone el PP y el actual equipo de gobierno y lo que proponen los socialistas para el &#8230;<\/p>\n","protected":false},"author":32,"featured_media":391,"comment_status":"open","ping_status":"open","sticky":false,"template":"","format":"standard","meta":{"_jetpack_memberships_contains_paid_content":false,"footnotes":""},"categories":[6],"tags":[],"class_list":["post-389","post","type-post","status-publish","format-standard","has-post-thumbnail","hentry","category-actualidad"],"yoast_head":"<!-- This site is optimized with the Yoast SEO plugin v24.0 - https:\/\/yoast.com\/wordpress\/plugins\/seo\/ -->\n<title>El Grupo Socialista presenta su proyecto de jard\u00edn de la memoria en el antiguo cementerio de El Carmen - Agrupaci\u00f3n Socialista de Ponferrada<\/title>\n<meta name=\"robots\" content=\"index, follow, max-snippet:-1, max-image-preview:large, max-video-preview:-1\" \/>\n<link rel=\"canonical\" href=\"https:\/\/agrupacionespsoe.es\/ponferrada\/el-grupo-socialista-presenta-su-proyecto-de-jardin-de-la-memoria-en-el-antiguo-cementerio-de-el-carmen\/\" \/>\n<meta property=\"og:locale\" content=\"es_ES\" \/>\n<meta property=\"og:type\" content=\"article\" \/>\n<meta property=\"og:title\" content=\"El Grupo Socialista presenta su proyecto de jard\u00edn de la memoria en el antiguo cementerio de El Carmen - Agrupaci\u00f3n Socialista de Ponferrada\" \/>\n<meta property=\"og:description\" content=\"Esta ma\u00f1ana el grupo socialista en el Ayuntamiento de Ponferrada ha presentado su proyecto para la zona del SSUNC-3, el antiguo cementerio de El Carmen. El portavoz del grupo, Olegario Ram\u00f3n, ha se\u00f1alado la diferencia entre lo que propone el PP y el actual equipo de gobierno y lo que proponen los socialistas para el ...\" \/>\n<meta property=\"og:url\" content=\"https:\/\/agrupacionespsoe.es\/ponferrada\/el-grupo-socialista-presenta-su-proyecto-de-jardin-de-la-memoria-en-el-antiguo-cementerio-de-el-carmen\/\" \/>\n<meta property=\"og:site_name\" content=\"Agrupaci\u00f3n Socialista de Ponferrada\" \/>\n<meta property=\"article:published_time\" content=\"2024-02-21T12:28:10+00:00\" \/>\n<meta property=\"article:modified_time\" content=\"2024-02-21T12:28:36+00:00\" \/>\n<meta property=\"og:image\" content=\"https:\/\/agrupacionespsoe.es\/ponferrada\/wp-content\/uploads\/sites\/36\/2024\/02\/WhatsApp-Image-2024-02-21-at-12.52.10.jpeg\" \/>\n\t<meta property=\"og:image:width\" content=\"2048\" \/>\n\t<meta property=\"og:image:height\" content=\"1536\" \/>\n\t<meta property=\"og:image:type\" content=\"image\/jpeg\" \/>\n<meta name=\"author\" content=\"ponferrada2\" \/>\n<meta name=\"twitter:card\" content=\"summary_large_image\" \/>\n<meta name=\"twitter:label1\" content=\"Escrito por\" \/>\n\t<meta name=\"twitter:data1\" content=\"ponferrada2\" \/>\n\t<meta name=\"twitter:label2\" content=\"Tiempo de lectura\" \/>\n\t<meta name=\"twitter:data2\" content=\"4 minutos\" \/>\n<script type=\"application\/ld+json\" class=\"yoast-schema-graph\">{\"@context\":\"https:\/\/schema.org\",\"@graph\":[{\"@type\":\"Article\",\"@id\":\"https:\/\/agrupacionespsoe.es\/ponferrada\/el-grupo-socialista-presenta-su-proyecto-de-jardin-de-la-memoria-en-el-antiguo-cementerio-de-el-carmen\/#article\",\"isPartOf\":{\"@id\":\"https:\/\/agrupacionespsoe.es\/ponferrada\/el-grupo-socialista-presenta-su-proyecto-de-jardin-de-la-memoria-en-el-antiguo-cementerio-de-el-carmen\/\"},\"author\":{\"name\":\"ponferrada2\",\"@id\":\"https:\/\/agrupacionespsoe.es\/ponferrada\/#\/schema\/person\/cd29ee627f3b70c05d415f02596debaa\"},\"headline\":\"El Grupo Socialista presenta su proyecto de jard\u00edn de la memoria en el antiguo cementerio de El Carmen\",\"datePublished\":\"2024-02-21T12:28:10+00:00\",\"dateModified\":\"2024-02-21T12:28:36+00:00\",\"mainEntityOfPage\":{\"@id\":\"https:\/\/agrupacionespsoe.es\/ponferrada\/el-grupo-socialista-presenta-su-proyecto-de-jardin-de-la-memoria-en-el-antiguo-cementerio-de-el-carmen\/\"},\"wordCount\":720,\"commentCount\":0,\"publisher\":{\"@id\":\"https:\/\/agrupacionespsoe.es\/ponferrada\/#organization\"},\"image\":{\"@id\":\"https:\/\/agrupacionespsoe.es\/ponferrada\/el-grupo-socialista-presenta-su-proyecto-de-jardin-de-la-memoria-en-el-antiguo-cementerio-de-el-carmen\/#primaryimage\"},\"thumbnailUrl\":\"https:\/\/agrupacionespsoe.es\/ponferrada\/wp-content\/uploads\/sites\/36\/2024\/02\/WhatsApp-Image-2024-02-21-at-12.52.10.jpeg\",\"articleSection\":[\"ACTUALIDAD\"],\"inLanguage\":\"es\",\"potentialAction\":[{\"@type\":\"CommentAction\",\"name\":\"Comment\",\"target\":[\"https:\/\/agrupacionespsoe.es\/ponferrada\/el-grupo-socialista-presenta-su-proyecto-de-jardin-de-la-memoria-en-el-antiguo-cementerio-de-el-carmen\/#respond\"]}]},{\"@type\":\"WebPage\",\"@id\":\"https:\/\/agrupacionespsoe.es\/ponferrada\/el-grupo-socialista-presenta-su-proyecto-de-jardin-de-la-memoria-en-el-antiguo-cementerio-de-el-carmen\/\",\"url\":\"https:\/\/agrupacionespsoe.es\/ponferrada\/el-grupo-socialista-presenta-su-proyecto-de-jardin-de-la-memoria-en-el-antiguo-cementerio-de-el-carmen\/\",\"name\":\"El Grupo Socialista presenta su proyecto de jard\u00edn de la memoria en el antiguo cementerio de El Carmen - Agrupaci\u00f3n Socialista de Ponferrada\",\"isPartOf\":{\"@id\":\"https:\/\/agrupacionespsoe.es\/ponferrada\/#website\"},\"primaryImageOfPage\":{\"@id\":\"https:\/\/agrupacionespsoe.es\/ponferrada\/el-grupo-socialista-presenta-su-proyecto-de-jardin-de-la-memoria-en-el-antiguo-cementerio-de-el-carmen\/#primaryimage\"},\"image\":{\"@id\":\"https:\/\/agrupacionespsoe.es\/ponferrada\/el-grupo-socialista-presenta-su-proyecto-de-jardin-de-la-memoria-en-el-antiguo-cementerio-de-el-carmen\/#primaryimage\"},\"thumbnailUrl\":\"https:\/\/agrupacionespsoe.es\/ponferrada\/wp-content\/uploads\/sites\/36\/2024\/02\/WhatsApp-Image-2024-02-21-at-12.52.10.jpeg\",\"datePublished\":\"2024-02-21T12:28:10+00:00\",\"dateModified\":\"2024-02-21T12:28:36+00:00\",\"breadcrumb\":{\"@id\":\"https:\/\/agrupacionespsoe.es\/ponferrada\/el-grupo-socialista-presenta-su-proyecto-de-jardin-de-la-memoria-en-el-antiguo-cementerio-de-el-carmen\/#breadcrumb\"},\"inLanguage\":\"es\",\"potentialAction\":[{\"@type\":\"ReadAction\",\"target\":[\"https:\/\/agrupacionespsoe.es\/ponferrada\/el-grupo-socialista-presenta-su-proyecto-de-jardin-de-la-memoria-en-el-antiguo-cementerio-de-el-carmen\/\"]}]},{\"@type\":\"ImageObject\",\"inLanguage\":\"es\",\"@id\":\"https:\/\/agrupacionespsoe.es\/ponferrada\/el-grupo-socialista-presenta-su-proyecto-de-jardin-de-la-memoria-en-el-antiguo-cementerio-de-el-carmen\/#primaryimage\",\"url\":\"https:\/\/agrupacionespsoe.es\/ponferrada\/wp-content\/uploads\/sites\/36\/2024\/02\/WhatsApp-Image-2024-02-21-at-12.52.10.jpeg\",\"contentUrl\":\"https:\/\/agrupacionespsoe.es\/ponferrada\/wp-content\/uploads\/sites\/36\/2024\/02\/WhatsApp-Image-2024-02-21-at-12.52.10.jpeg\",\"width\":2048,\"height\":1536},{\"@type\":\"BreadcrumbList\",\"@id\":\"https:\/\/agrupacionespsoe.es\/ponferrada\/el-grupo-socialista-presenta-su-proyecto-de-jardin-de-la-memoria-en-el-antiguo-cementerio-de-el-carmen\/#breadcrumb\",\"itemListElement\":[{\"@type\":\"ListItem\",\"position\":1,\"name\":\"Portada\",\"item\":\"https:\/\/agrupacionespsoe.es\/ponferrada\/\"},{\"@type\":\"ListItem\",\"position\":2,\"name\":\"El Grupo Socialista presenta su proyecto de jard\u00edn de la memoria en el antiguo cementerio de El Carmen\"}]},{\"@type\":\"WebSite\",\"@id\":\"https:\/\/agrupacionespsoe.es\/ponferrada\/#website\",\"url\":\"https:\/\/agrupacionespsoe.es\/ponferrada\/\",\"name\":\"Agrupaci\u00f3n Socialista de Ponferrada\",\"description\":\"Agrupaci\u00f3n Socialista de Ponferrada\",\"publisher\":{\"@id\":\"https:\/\/agrupacionespsoe.es\/ponferrada\/#organization\"},\"potentialAction\":[{\"@type\":\"SearchAction\",\"target\":{\"@type\":\"EntryPoint\",\"urlTemplate\":\"https:\/\/agrupacionespsoe.es\/ponferrada\/?s={search_term_string}\"},\"query-input\":{\"@type\":\"PropertyValueSpecification\",\"valueRequired\":true,\"valueName\":\"search_term_string\"}}],\"inLanguage\":\"es\"},{\"@type\":\"Organization\",\"@id\":\"https:\/\/agrupacionespsoe.es\/ponferrada\/#organization\",\"name\":\"Agrupaci\u00f3n Socialista de Ponferrada\",\"url\":\"https:\/\/agrupacionespsoe.es\/ponferrada\/\",\"logo\":{\"@type\":\"ImageObject\",\"inLanguage\":\"es\",\"@id\":\"https:\/\/agrupacionespsoe.es\/ponferrada\/#\/schema\/logo\/image\/\",\"url\":\"https:\/\/agrupacionespsoe.es\/wp-content\/uploads\/2022\/07\/Logotipo_electoral_del_PSOE.png\",\"contentUrl\":\"https:\/\/agrupacionespsoe.es\/wp-content\/uploads\/2022\/07\/Logotipo_electoral_del_PSOE.png\",\"width\":422,\"height\":422,\"caption\":\"Agrupaci\u00f3n Socialista de Ponferrada\"},\"image\":{\"@id\":\"https:\/\/agrupacionespsoe.es\/ponferrada\/#\/schema\/logo\/image\/\"}},{\"@type\":\"Person\",\"@id\":\"https:\/\/agrupacionespsoe.es\/ponferrada\/#\/schema\/person\/cd29ee627f3b70c05d415f02596debaa\",\"name\":\"ponferrada2\",\"image\":{\"@type\":\"ImageObject\",\"inLanguage\":\"es\",\"@id\":\"https:\/\/agrupacionespsoe.es\/ponferrada\/#\/schema\/person\/image\/\",\"url\":\"https:\/\/secure.gravatar.com\/avatar\/f499eeb60144c664cf7b7edf75549b50?s=96&d=mm&r=g\",\"contentUrl\":\"https:\/\/secure.gravatar.com\/avatar\/f499eeb60144c664cf7b7edf75549b50?s=96&d=mm&r=g\",\"caption\":\"ponferrada2\"},\"url\":\"https:\/\/agrupacionespsoe.es\/ponferrada\/author\/ponferrada2\/\"}]}<\/script>\n<!-- \/ Yoast SEO plugin. -->","yoast_head_json":{"title":"El Grupo Socialista presenta su proyecto de jard\u00edn de la memoria en el antiguo cementerio de El Carmen - Agrupaci\u00f3n Socialista de Ponferrada","robots":{"index":"index","follow":"follow","max-snippet":"max-snippet:-1","max-image-preview":"max-image-preview:large","max-video-preview":"max-video-preview:-1"},"canonical":"https:\/\/agrupacionespsoe.es\/ponferrada\/el-grupo-socialista-presenta-su-proyecto-de-jardin-de-la-memoria-en-el-antiguo-cementerio-de-el-carmen\/","og_locale":"es_ES","og_type":"article","og_title":"El Grupo Socialista presenta su proyecto de jard\u00edn de la memoria en el antiguo cementerio de El Carmen - Agrupaci\u00f3n Socialista de Ponferrada","og_description":"Esta ma\u00f1ana el grupo socialista en el Ayuntamiento de Ponferrada ha presentado su proyecto para la zona del SSUNC-3, el antiguo cementerio de El Carmen. El portavoz del grupo, Olegario Ram\u00f3n, ha se\u00f1alado la diferencia entre lo que propone el PP y el actual equipo de gobierno y lo que proponen los socialistas para el ...","og_url":"https:\/\/agrupacionespsoe.es\/ponferrada\/el-grupo-socialista-presenta-su-proyecto-de-jardin-de-la-memoria-en-el-antiguo-cementerio-de-el-carmen\/","og_site_name":"Agrupaci\u00f3n Socialista de Ponferrada","article_published_time":"2024-02-21T12:28:10+00:00","article_modified_time":"2024-02-21T12:28:36+00:00","og_image":[{"width":2048,"height":1536,"url":"https:\/\/agrupacionespsoe.es\/ponferrada\/wp-content\/uploads\/sites\/36\/2024\/02\/WhatsApp-Image-2024-02-21-at-12.52.10.jpeg","type":"image\/jpeg"}],"author":"ponferrada2","twitter_card":"summary_large_image","twitter_misc":{"Escrito por":"ponferrada2","Tiempo de lectura":"4 minutos"},"schema":{"@context":"https:\/\/schema.org","@graph":[{"@type":"Article","@id":"https:\/\/agrupacionespsoe.es\/ponferrada\/el-grupo-socialista-presenta-su-proyecto-de-jardin-de-la-memoria-en-el-antiguo-cementerio-de-el-carmen\/#article","isPartOf":{"@id":"https:\/\/agrupacionespsoe.es\/ponferrada\/el-grupo-socialista-presenta-su-proyecto-de-jardin-de-la-memoria-en-el-antiguo-cementerio-de-el-carmen\/"},"author":{"name":"ponferrada2","@id":"https:\/\/agrupacionespsoe.es\/ponferrada\/#\/schema\/person\/cd29ee627f3b70c05d415f02596debaa"},"headline":"El Grupo Socialista presenta su proyecto de jard\u00edn de la memoria en el antiguo cementerio de El Carmen","datePublished":"2024-02-21T12:28:10+00:00","dateModified":"2024-02-21T12:28:36+00:00","mainEntityOfPage":{"@id":"https:\/\/agrupacionespsoe.es\/ponferrada\/el-grupo-socialista-presenta-su-proyecto-de-jardin-de-la-memoria-en-el-antiguo-cementerio-de-el-carmen\/"},"wordCount":720,"commentCount":0,"publisher":{"@id":"https:\/\/agrupacionespsoe.es\/ponferrada\/#organization"},"image":{"@id":"https:\/\/agrupacionespsoe.es\/ponferrada\/el-grupo-socialista-presenta-su-proyecto-de-jardin-de-la-memoria-en-el-antiguo-cementerio-de-el-carmen\/#primaryimage"},"thumbnailUrl":"https:\/\/agrupacionespsoe.es\/ponferrada\/wp-content\/uploads\/sites\/36\/2024\/02\/WhatsApp-Image-2024-02-21-at-12.52.10.jpeg","articleSection":["ACTUALIDAD"],"inLanguage":"es","potentialAction":[{"@type":"CommentAction","name":"Comment","target":["https:\/\/agrupacionespsoe.es\/ponferrada\/el-grupo-socialista-presenta-su-proyecto-de-jardin-de-la-memoria-en-el-antiguo-cementerio-de-el-carmen\/#respond"]}]},{"@type":"WebPage","@id":"https:\/\/agrupacionespsoe.es\/ponferrada\/el-grupo-socialista-presenta-su-proyecto-de-jardin-de-la-memoria-en-el-antiguo-cementerio-de-el-carmen\/","url":"https:\/\/agrupacionespsoe.es\/ponferrada\/el-grupo-socialista-presenta-su-proyecto-de-jardin-de-la-memoria-en-el-antiguo-cementerio-de-el-carmen\/","name":"El Grupo Socialista presenta su proyecto de jard\u00edn de la memoria en el antiguo cementerio de El Carmen - Agrupaci\u00f3n Socialista de Ponferrada","isPartOf":{"@id":"https:\/\/agrupacionespsoe.es\/ponferrada\/#website"},"primaryImageOfPage":{"@id":"https:\/\/agrupacionespsoe.es\/ponferrada\/el-grupo-socialista-presenta-su-proyecto-de-jardin-de-la-memoria-en-el-antiguo-cementerio-de-el-carmen\/#primaryimage"},"image":{"@id":"https:\/\/agrupacionespsoe.es\/ponferrada\/el-grupo-socialista-presenta-su-proyecto-de-jardin-de-la-memoria-en-el-antiguo-cementerio-de-el-carmen\/#primaryimage"},"thumbnailUrl":"https:\/\/agrupacionespsoe.es\/ponferrada\/wp-content\/uploads\/sites\/36\/2024\/02\/WhatsApp-Image-2024-02-21-at-12.52.10.jpeg","datePublished":"2024-02-21T12:28:10+00:00","dateModified":"2024-02-21T12:28:36+00:00","breadcrumb":{"@id":"https:\/\/agrupacionespsoe.es\/ponferrada\/el-grupo-socialista-presenta-su-proyecto-de-jardin-de-la-memoria-en-el-antiguo-cementerio-de-el-carmen\/#breadcrumb"},"inLanguage":"es","potentialAction":[{"@type":"ReadAction","target":["https:\/\/agrupacionespsoe.es\/ponferrada\/el-grupo-socialista-presenta-su-proyecto-de-jardin-de-la-memoria-en-el-antiguo-cementerio-de-el-carmen\/"]}]},{"@type":"ImageObject","inLanguage":"es","@id":"https:\/\/agrupacionespsoe.es\/ponferrada\/el-grupo-socialista-presenta-su-proyecto-de-jardin-de-la-memoria-en-el-antiguo-cementerio-de-el-carmen\/#primaryimage","url":"https:\/\/agrupacionespsoe.es\/ponferrada\/wp-content\/uploads\/sites\/36\/2024\/02\/WhatsApp-Image-2024-02-21-at-12.52.10.jpeg","contentUrl":"https:\/\/agrupacionespsoe.es\/ponferrada\/wp-content\/uploads\/sites\/36\/2024\/02\/WhatsApp-Image-2024-02-21-at-12.52.10.jpeg","width":2048,"height":1536},{"@type":"BreadcrumbList","@id":"https:\/\/agrupacionespsoe.es\/ponferrada\/el-grupo-socialista-presenta-su-proyecto-de-jardin-de-la-memoria-en-el-antiguo-cementerio-de-el-carmen\/#breadcrumb","itemListElement":[{"@type":"ListItem","position":1,"name":"Portada","item":"https:\/\/agrupacionespsoe.es\/ponferrada\/"},{"@type":"ListItem","position":2,"name":"El Grupo Socialista presenta su proyecto de jard\u00edn de la memoria en el antiguo cementerio de El Carmen"}]},{"@type":"WebSite","@id":"https:\/\/agrupacionespsoe.es\/ponferrada\/#website","url":"https:\/\/agrupacionespsoe.es\/ponferrada\/","name":"Agrupaci\u00f3n Socialista de Ponferrada","description":"Agrupaci\u00f3n Socialista de Ponferrada","publisher":{"@id":"https:\/\/agrupacionespsoe.es\/ponferrada\/#organization"},"potentialAction":[{"@type":"SearchAction","target":{"@type":"EntryPoint","urlTemplate":"https:\/\/agrupacionespsoe.es\/ponferrada\/?s={search_term_string}"},"query-input":{"@type":"PropertyValueSpecification","valueRequired":true,"valueName":"search_term_string"}}],"inLanguage":"es"},{"@type":"Organization","@id":"https:\/\/agrupacionespsoe.es\/ponferrada\/#organization","name":"Agrupaci\u00f3n Socialista de Ponferrada","url":"https:\/\/agrupacionespsoe.es\/ponferrada\/","logo":{"@type":"ImageObject","inLanguage":"es","@id":"https:\/\/agrupacionespsoe.es\/ponferrada\/#\/schema\/logo\/image\/","url":"https:\/\/agrupacionespsoe.es\/wp-content\/uploads\/2022\/07\/Logotipo_electoral_del_PSOE.png","contentUrl":"https:\/\/agrupacionespsoe.es\/wp-content\/uploads\/2022\/07\/Logotipo_electoral_del_PSOE.png","width":422,"height":422,"caption":"Agrupaci\u00f3n Socialista de Ponferrada"},"image":{"@id":"https:\/\/agrupacionespsoe.es\/ponferrada\/#\/schema\/logo\/image\/"}},{"@type":"Person","@id":"https:\/\/agrupacionespsoe.es\/ponferrada\/#\/schema\/person\/cd29ee627f3b70c05d415f02596debaa","name":"ponferrada2","image":{"@type":"ImageObject","inLanguage":"es","@id":"https:\/\/agrupacionespsoe.es\/ponferrada\/#\/schema\/person\/image\/","url":"https:\/\/secure.gravatar.com\/avatar\/f499eeb60144c664cf7b7edf75549b50?s=96&d=mm&r=g","contentUrl":"https:\/\/secure.gravatar.com\/avatar\/f499eeb60144c664cf7b7edf75549b50?s=96&d=mm&r=g","caption":"ponferrada2"},"url":"https:\/\/agrupacionespsoe.es\/ponferrada\/author\/ponferrada2\/"}]}},"jetpack_featured_media_url":"https:\/\/agrupacionespsoe.es\/ponferrada\/wp-content\/uploads\/sites\/36\/2024\/02\/WhatsApp-Image-2024-02-21-at-12.52.10.jpeg","jetpack_sharing_enabled":true,"_links":{"self":[{"href":"https:\/\/agrupacionespsoe.es\/ponferrada\/wp-json\/wp\/v2\/posts\/389","targetHints":{"allow":["GET"]}}],"collection":[{"href":"https:\/\/agrupacionespsoe.es\/ponferrada\/wp-json\/wp\/v2\/posts"}],"about":[{"href":"https:\/\/agrupacionespsoe.es\/ponferrada\/wp-json\/wp\/v2\/types\/post"}],"author":[{"embeddable":true,"href":"https:\/\/agrupacionespsoe.es\/ponferrada\/wp-json\/wp\/v2\/users\/32"}],"replies":[{"embeddable":true,"href":"https:\/\/agrupacionespsoe.es\/ponferrada\/wp-json\/wp\/v2\/comments?post=389"}],"version-history":[{"count":1,"href":"https:\/\/agrupacionespsoe.es\/ponferrada\/wp-json\/wp\/v2\/posts\/389\/revisions"}],"predecessor-version":[{"id":395,"href":"https:\/\/agrupacionespsoe.es\/ponferrada\/wp-json\/wp\/v2\/posts\/389\/revisions\/395"}],"wp:featuredmedia":[{"embeddable":true,"href":"https:\/\/agrupacionespsoe.es\/ponferrada\/wp-json\/wp\/v2\/media\/391"}],"wp:attachment":[{"href":"https:\/\/agrupacionespsoe.es\/ponferrada\/wp-json\/wp\/v2\/media?parent=389"}],"wp:term":[{"taxonomy":"category","embeddable":true,"href":"https:\/\/agrupacionespsoe.es\/ponferrada\/wp-json\/wp\/v2\/categories?post=389"},{"taxonomy":"post_tag","embeddable":true,"href":"https:\/\/agrupacionespsoe.es\/ponferrada\/wp-json\/wp\/v2\/tags?post=389"}],"curies":[{"name":"wp","href":"https:\/\/api.w.org\/{rel}","templated":true}]}}