{"id":386,"date":"2024-02-20T11:34:57","date_gmt":"2024-02-20T11:34:57","guid":{"rendered":"https:\/\/agrupacionespsoe.es\/ponferrada\/?p=386"},"modified":"2024-02-20T11:34:58","modified_gmt":"2024-02-20T11:34:58","slug":"el-grupo-socialista-critica-la-falta-de-politicas-sociales-del-actual-equipo-de-gobierno-en-materia-de-vivienda","status":"publish","type":"post","link":"https:\/\/agrupacionespsoe.es\/ponferrada\/el-grupo-socialista-critica-la-falta-de-politicas-sociales-del-actual-equipo-de-gobierno-en-materia-de-vivienda\/","title":{"rendered":"El grupo socialista critica la falta de pol\u00edticas sociales del actual equipo de gobierno en materia de vivienda"},"content":{"rendered":"\n<ul class=\"wp-block-list\">\n<li class=\"has-large-font-size\"><strong>El PP vive de espaldas a los problemas reales de la ciudadan\u00eda<\/strong><\/li>\n<\/ul>\n\n\n\n<p>El grupo socialista ha criticado la falta de proyecto y pol\u00edticas del actual equipo de gobierno en materia de vivienda protegida.<\/p>\n\n\n\n<p>Concejalas del grupo socialista han visitado las ubicaciones donde el anterior equipo de gobierno hab\u00eda apostado por la vivienda p\u00fablica para criticar la falta de iniciativas y de reivindicaci\u00f3n del actual equipo de gobierno.<\/p>\n\n\n\n<p>Susana Rivada ha explicado el proyecto que el equipo de Olegario Ram\u00f3n ten\u00eda para las viviendas de los antiguos maestros de la C\/ Ancha, que se iban a reformar por menos de 900.000 euros para poner a disposici\u00f3n de la ciudadan\u00eda 8 viviendas. Y ha incidido en la diferencia entre el actual gobierno y el anterior, mientras el PSOE hizo el proyecto con medios propios, con el PP ya ha costado solo el proyecto 32.000 euros. Y pretende presentar la reforma de ese edificio a la convocatoria de los fondos de transici\u00f3n que anunciaron por valor de 4 millones y que figura en el proyecto solo la rehabilitaci\u00f3n por un importe de 1,5 millones.<\/p>\n\n\n\n<p>Susana Rivada ha cuestionado la idoneidad del proyecto que quieren presentar a los fondos de transici\u00f3n justa se\u00f1alando que no hay necesidad de ese proyecto cuando hay otras localizaciones que pueden convertirse en ese espacio de \u201cinnovaci\u00f3n\u201d y se\u00f1ala que resulta incomprensible c\u00f3mo se va a invertir 4 millones en la reforma del edificio para dotarlo de un Centro de \u00e1reas de trabajo y despachos apoyados con servicios complementarios y espacios compartidos, cuando la rehabilitaci\u00f3n del edificio para la construcci\u00f3n de 8 viviendas ten\u00eda un presupuesto de menos de 1 mill\u00f3n de euros. A juicio de Susana es un ejemplo muy claro de la pol\u00edtica de derroche que practica el alcalde Sr. Morala.<\/p>\n\n\n\n<p>Adem\u00e1s ha criticado que del proyecto de las antiguas viviendas del&nbsp; colegio Navaliegos, un proyecto aprobado por el anterior equipo de Olegario Ram\u00f3n que contaba con un presupuesto ya consignado de 187.285,23 euros, del cual solo est\u00e1n pendientes de realizar un gasto menor de 5.000 euros y en 8 meses no han podido o no han sabido continuar con un proyecto que viene a resolver uno de los problemas que parece la ciudadan\u00eda de Ponferrada.<\/p>\n\n\n\n<p>La concejala Silvia Blanco tambi\u00e9n ha visitado las parcelas en las que la Junta de Castilla y Le\u00f3n se comprometi\u00f3 en un caso a la construcci\u00f3n de 20 viviendas para alquiler joven y en otro a rehabilitar 12 viviendas destinadas a alquiler.<\/p>\n\n\n\n<p>Silvia Blanco ha explicado que en el primer caso se trata de una parcela en la C\/ Andr\u00e9s Viloria que fue cedida por el gobierno de Olegario Ram\u00f3n hace m\u00e1s de un a\u00f1o, que la Junta saco a licitaci\u00f3n en agosto del a\u00f1o pasado y que no sabemos nada m\u00e1s: ni hay fecha de inicio ni parece que se vaya a iniciar en breve.<\/p>\n\n\n\n<p>La otra es el antiguo poblado de Obras P\u00fablicas de Ponferrada donde hay 20 viviendas, 12 de ellas propiedad de la Junta de Castilla y Le\u00f3n y 8 del ministerio. Silvia Blanco ha se\u00f1alado que el equipo de Olegario Ram\u00f3n acord\u00f3 con la Junta de CyL la rehabilitaci\u00f3n de las viviendas de su propiedad para que se unieran al parque p\u00fablico de viviendas sociales, respetando los derechos de uso de las ocupadas.<\/p>\n\n\n\n<p>Las dos concejalas han se\u00f1alado que \u201chay un problema de vivienda a precios asequibles en la ciudad de Ponferrada y a\u00fan m\u00e1s si hablamos de viviendas unifamiliares. Estos s\u00ed son los problemas que afectan a la ciudadan\u00eda de verdad\u201d<\/p>\n\n\n\n<p>Finalizan criticando que el actual equipo de gobierno ha presupuestado 0 euros para vivienda social, muestran su asombro por la falta de preocupaci\u00f3n de este tema de nuestros actuales gobernantes y por el abandono de muchas familias que viven en infraviviendas o de aquellas familias o parejas que se han tenido que trasladar a poblaciones cercanas a Ponferrada al no encontrar viviendas asequibles.<\/p>\n\n\n\n<p>Concluyen sentenciando que a su juicio este equipo de gobierno vive de espaldas de los verdaderos problemas de la ciudadan\u00eda.<\/p>\n\n\n\n<figure class=\"wp-block-image size-large\"><img loading=\"lazy\" decoding=\"async\" width=\"876\" height=\"1024\" src=\"https:\/\/agrupacionespsoe.es\/ponferrada\/wp-content\/uploads\/sites\/36\/2024\/02\/WhatsApp-Image-2024-02-20-at-12.34.13-876x1024.jpeg\" alt=\"\" class=\"wp-image-387\" srcset=\"https:\/\/agrupacionespsoe.es\/ponferrada\/wp-content\/uploads\/sites\/36\/2024\/02\/WhatsApp-Image-2024-02-20-at-12.34.13-876x1024.jpeg 876w, https:\/\/agrupacionespsoe.es\/ponferrada\/wp-content\/uploads\/sites\/36\/2024\/02\/WhatsApp-Image-2024-02-20-at-12.34.13-257x300.jpeg 257w, https:\/\/agrupacionespsoe.es\/ponferrada\/wp-content\/uploads\/sites\/36\/2024\/02\/WhatsApp-Image-2024-02-20-at-12.34.13-768x898.jpeg 768w, https:\/\/agrupacionespsoe.es\/ponferrada\/wp-content\/uploads\/sites\/36\/2024\/02\/WhatsApp-Image-2024-02-20-at-12.34.13-1314x1536.jpeg 1314w, https:\/\/agrupacionespsoe.es\/ponferrada\/wp-content\/uploads\/sites\/36\/2024\/02\/WhatsApp-Image-2024-02-20-at-12.34.13.jpeg 1369w\" sizes=\"auto, (max-width: 876px) 100vw, 876px\" \/><\/figure>\n","protected":false},"excerpt":{"rendered":"<p>El grupo socialista ha criticado la falta de proyecto y pol\u00edticas del actual equipo de gobierno en materia de vivienda protegida. Concejalas del grupo socialista han visitado las ubicaciones donde el anterior equipo de gobierno hab\u00eda apostado por la vivienda p\u00fablica para criticar la falta de iniciativas y de reivindicaci\u00f3n del actual equipo de gobierno. &#8230;<\/p>\n","protected":false},"author":32,"featured_media":387,"comment_status":"open","ping_status":"open","sticky":false,"template":"","format":"standard","meta":{"_jetpack_memberships_contains_paid_content":false,"footnotes":""},"categories":[6],"tags":[],"class_list":["post-386","post","type-post","status-publish","format-standard","has-post-thumbnail","hentry","category-actualidad"],"yoast_head":"<!-- This site is optimized with the Yoast SEO plugin v24.0 - https:\/\/yoast.com\/wordpress\/plugins\/seo\/ -->\n<title>El grupo socialista critica la falta de pol\u00edticas sociales del actual equipo de gobierno en materia de vivienda - Agrupaci\u00f3n Socialista de Ponferrada<\/title>\n<meta name=\"robots\" content=\"index, follow, max-snippet:-1, max-image-preview:large, max-video-preview:-1\" \/>\n<link rel=\"canonical\" href=\"https:\/\/agrupacionespsoe.es\/ponferrada\/el-grupo-socialista-critica-la-falta-de-politicas-sociales-del-actual-equipo-de-gobierno-en-materia-de-vivienda\/\" \/>\n<meta property=\"og:locale\" content=\"es_ES\" \/>\n<meta property=\"og:type\" content=\"article\" \/>\n<meta property=\"og:title\" content=\"El grupo socialista critica la falta de pol\u00edticas sociales del actual equipo de gobierno en materia de vivienda - Agrupaci\u00f3n Socialista de Ponferrada\" \/>\n<meta property=\"og:description\" content=\"El grupo socialista ha criticado la falta de proyecto y pol\u00edticas del actual equipo de gobierno en materia de vivienda protegida. Concejalas del grupo socialista han visitado las ubicaciones donde el anterior equipo de gobierno hab\u00eda apostado por la vivienda p\u00fablica para criticar la falta de iniciativas y de reivindicaci\u00f3n del actual equipo de gobierno. ...\" \/>\n<meta property=\"og:url\" content=\"https:\/\/agrupacionespsoe.es\/ponferrada\/el-grupo-socialista-critica-la-falta-de-politicas-sociales-del-actual-equipo-de-gobierno-en-materia-de-vivienda\/\" \/>\n<meta property=\"og:site_name\" content=\"Agrupaci\u00f3n Socialista de Ponferrada\" \/>\n<meta property=\"article:published_time\" content=\"2024-02-20T11:34:57+00:00\" \/>\n<meta property=\"article:modified_time\" content=\"2024-02-20T11:34:58+00:00\" \/>\n<meta property=\"og:image\" content=\"https:\/\/agrupacionespsoe.es\/ponferrada\/wp-content\/uploads\/sites\/36\/2024\/02\/WhatsApp-Image-2024-02-20-at-12.34.13.jpeg\" \/>\n\t<meta property=\"og:image:width\" content=\"1369\" \/>\n\t<meta property=\"og:image:height\" content=\"1600\" \/>\n\t<meta property=\"og:image:type\" content=\"image\/jpeg\" \/>\n<meta name=\"author\" content=\"ponferrada2\" \/>\n<meta name=\"twitter:card\" content=\"summary_large_image\" \/>\n<meta name=\"twitter:label1\" content=\"Escrito por\" \/>\n\t<meta name=\"twitter:data1\" content=\"ponferrada2\" \/>\n\t<meta name=\"twitter:label2\" content=\"Tiempo de lectura\" \/>\n\t<meta name=\"twitter:data2\" content=\"4 minutos\" \/>\n<script type=\"application\/ld+json\" class=\"yoast-schema-graph\">{\"@context\":\"https:\/\/schema.org\",\"@graph\":[{\"@type\":\"Article\",\"@id\":\"https:\/\/agrupacionespsoe.es\/ponferrada\/el-grupo-socialista-critica-la-falta-de-politicas-sociales-del-actual-equipo-de-gobierno-en-materia-de-vivienda\/#article\",\"isPartOf\":{\"@id\":\"https:\/\/agrupacionespsoe.es\/ponferrada\/el-grupo-socialista-critica-la-falta-de-politicas-sociales-del-actual-equipo-de-gobierno-en-materia-de-vivienda\/\"},\"author\":{\"name\":\"ponferrada2\",\"@id\":\"https:\/\/agrupacionespsoe.es\/ponferrada\/#\/schema\/person\/cd29ee627f3b70c05d415f02596debaa\"},\"headline\":\"El grupo socialista critica la falta de pol\u00edticas sociales del actual equipo de gobierno en materia de vivienda\",\"datePublished\":\"2024-02-20T11:34:57+00:00\",\"dateModified\":\"2024-02-20T11:34:58+00:00\",\"mainEntityOfPage\":{\"@id\":\"https:\/\/agrupacionespsoe.es\/ponferrada\/el-grupo-socialista-critica-la-falta-de-politicas-sociales-del-actual-equipo-de-gobierno-en-materia-de-vivienda\/\"},\"wordCount\":719,\"commentCount\":0,\"publisher\":{\"@id\":\"https:\/\/agrupacionespsoe.es\/ponferrada\/#organization\"},\"image\":{\"@id\":\"https:\/\/agrupacionespsoe.es\/ponferrada\/el-grupo-socialista-critica-la-falta-de-politicas-sociales-del-actual-equipo-de-gobierno-en-materia-de-vivienda\/#primaryimage\"},\"thumbnailUrl\":\"https:\/\/agrupacionespsoe.es\/ponferrada\/wp-content\/uploads\/sites\/36\/2024\/02\/WhatsApp-Image-2024-02-20-at-12.34.13.jpeg\",\"articleSection\":[\"ACTUALIDAD\"],\"inLanguage\":\"es\",\"potentialAction\":[{\"@type\":\"CommentAction\",\"name\":\"Comment\",\"target\":[\"https:\/\/agrupacionespsoe.es\/ponferrada\/el-grupo-socialista-critica-la-falta-de-politicas-sociales-del-actual-equipo-de-gobierno-en-materia-de-vivienda\/#respond\"]}]},{\"@type\":\"WebPage\",\"@id\":\"https:\/\/agrupacionespsoe.es\/ponferrada\/el-grupo-socialista-critica-la-falta-de-politicas-sociales-del-actual-equipo-de-gobierno-en-materia-de-vivienda\/\",\"url\":\"https:\/\/agrupacionespsoe.es\/ponferrada\/el-grupo-socialista-critica-la-falta-de-politicas-sociales-del-actual-equipo-de-gobierno-en-materia-de-vivienda\/\",\"name\":\"El grupo socialista critica la falta de pol\u00edticas sociales del actual equipo de gobierno en materia de vivienda - Agrupaci\u00f3n Socialista de Ponferrada\",\"isPartOf\":{\"@id\":\"https:\/\/agrupacionespsoe.es\/ponferrada\/#website\"},\"primaryImageOfPage\":{\"@id\":\"https:\/\/agrupacionespsoe.es\/ponferrada\/el-grupo-socialista-critica-la-falta-de-politicas-sociales-del-actual-equipo-de-gobierno-en-materia-de-vivienda\/#primaryimage\"},\"image\":{\"@id\":\"https:\/\/agrupacionespsoe.es\/ponferrada\/el-grupo-socialista-critica-la-falta-de-politicas-sociales-del-actual-equipo-de-gobierno-en-materia-de-vivienda\/#primaryimage\"},\"thumbnailUrl\":\"https:\/\/agrupacionespsoe.es\/ponferrada\/wp-content\/uploads\/sites\/36\/2024\/02\/WhatsApp-Image-2024-02-20-at-12.34.13.jpeg\",\"datePublished\":\"2024-02-20T11:34:57+00:00\",\"dateModified\":\"2024-02-20T11:34:58+00:00\",\"breadcrumb\":{\"@id\":\"https:\/\/agrupacionespsoe.es\/ponferrada\/el-grupo-socialista-critica-la-falta-de-politicas-sociales-del-actual-equipo-de-gobierno-en-materia-de-vivienda\/#breadcrumb\"},\"inLanguage\":\"es\",\"potentialAction\":[{\"@type\":\"ReadAction\",\"target\":[\"https:\/\/agrupacionespsoe.es\/ponferrada\/el-grupo-socialista-critica-la-falta-de-politicas-sociales-del-actual-equipo-de-gobierno-en-materia-de-vivienda\/\"]}]},{\"@type\":\"ImageObject\",\"inLanguage\":\"es\",\"@id\":\"https:\/\/agrupacionespsoe.es\/ponferrada\/el-grupo-socialista-critica-la-falta-de-politicas-sociales-del-actual-equipo-de-gobierno-en-materia-de-vivienda\/#primaryimage\",\"url\":\"https:\/\/agrupacionespsoe.es\/ponferrada\/wp-content\/uploads\/sites\/36\/2024\/02\/WhatsApp-Image-2024-02-20-at-12.34.13.jpeg\",\"contentUrl\":\"https:\/\/agrupacionespsoe.es\/ponferrada\/wp-content\/uploads\/sites\/36\/2024\/02\/WhatsApp-Image-2024-02-20-at-12.34.13.jpeg\",\"width\":1369,\"height\":1600},{\"@type\":\"BreadcrumbList\",\"@id\":\"https:\/\/agrupacionespsoe.es\/ponferrada\/el-grupo-socialista-critica-la-falta-de-politicas-sociales-del-actual-equipo-de-gobierno-en-materia-de-vivienda\/#breadcrumb\",\"itemListElement\":[{\"@type\":\"ListItem\",\"position\":1,\"name\":\"Portada\",\"item\":\"https:\/\/agrupacionespsoe.es\/ponferrada\/\"},{\"@type\":\"ListItem\",\"position\":2,\"name\":\"El grupo socialista critica la falta de pol\u00edticas sociales del actual equipo de gobierno en materia de vivienda\"}]},{\"@type\":\"WebSite\",\"@id\":\"https:\/\/agrupacionespsoe.es\/ponferrada\/#website\",\"url\":\"https:\/\/agrupacionespsoe.es\/ponferrada\/\",\"name\":\"Agrupaci\u00f3n Socialista de Ponferrada\",\"description\":\"Agrupaci\u00f3n Socialista de Ponferrada\",\"publisher\":{\"@id\":\"https:\/\/agrupacionespsoe.es\/ponferrada\/#organization\"},\"potentialAction\":[{\"@type\":\"SearchAction\",\"target\":{\"@type\":\"EntryPoint\",\"urlTemplate\":\"https:\/\/agrupacionespsoe.es\/ponferrada\/?s={search_term_string}\"},\"query-input\":{\"@type\":\"PropertyValueSpecification\",\"valueRequired\":true,\"valueName\":\"search_term_string\"}}],\"inLanguage\":\"es\"},{\"@type\":\"Organization\",\"@id\":\"https:\/\/agrupacionespsoe.es\/ponferrada\/#organization\",\"name\":\"Agrupaci\u00f3n Socialista de Ponferrada\",\"url\":\"https:\/\/agrupacionespsoe.es\/ponferrada\/\",\"logo\":{\"@type\":\"ImageObject\",\"inLanguage\":\"es\",\"@id\":\"https:\/\/agrupacionespsoe.es\/ponferrada\/#\/schema\/logo\/image\/\",\"url\":\"https:\/\/agrupacionespsoe.es\/wp-content\/uploads\/2022\/07\/Logotipo_electoral_del_PSOE.png\",\"contentUrl\":\"https:\/\/agrupacionespsoe.es\/wp-content\/uploads\/2022\/07\/Logotipo_electoral_del_PSOE.png\",\"width\":422,\"height\":422,\"caption\":\"Agrupaci\u00f3n Socialista de Ponferrada\"},\"image\":{\"@id\":\"https:\/\/agrupacionespsoe.es\/ponferrada\/#\/schema\/logo\/image\/\"}},{\"@type\":\"Person\",\"@id\":\"https:\/\/agrupacionespsoe.es\/ponferrada\/#\/schema\/person\/cd29ee627f3b70c05d415f02596debaa\",\"name\":\"ponferrada2\",\"image\":{\"@type\":\"ImageObject\",\"inLanguage\":\"es\",\"@id\":\"https:\/\/agrupacionespsoe.es\/ponferrada\/#\/schema\/person\/image\/\",\"url\":\"https:\/\/secure.gravatar.com\/avatar\/f499eeb60144c664cf7b7edf75549b50?s=96&d=mm&r=g\",\"contentUrl\":\"https:\/\/secure.gravatar.com\/avatar\/f499eeb60144c664cf7b7edf75549b50?s=96&d=mm&r=g\",\"caption\":\"ponferrada2\"},\"url\":\"https:\/\/agrupacionespsoe.es\/ponferrada\/author\/ponferrada2\/\"}]}<\/script>\n<!-- \/ Yoast SEO plugin. -->","yoast_head_json":{"title":"El grupo socialista critica la falta de pol\u00edticas sociales del actual equipo de gobierno en materia de vivienda - Agrupaci\u00f3n Socialista de Ponferrada","robots":{"index":"index","follow":"follow","max-snippet":"max-snippet:-1","max-image-preview":"max-image-preview:large","max-video-preview":"max-video-preview:-1"},"canonical":"https:\/\/agrupacionespsoe.es\/ponferrada\/el-grupo-socialista-critica-la-falta-de-politicas-sociales-del-actual-equipo-de-gobierno-en-materia-de-vivienda\/","og_locale":"es_ES","og_type":"article","og_title":"El grupo socialista critica la falta de pol\u00edticas sociales del actual equipo de gobierno en materia de vivienda - Agrupaci\u00f3n Socialista de Ponferrada","og_description":"El grupo socialista ha criticado la falta de proyecto y pol\u00edticas del actual equipo de gobierno en materia de vivienda protegida. Concejalas del grupo socialista han visitado las ubicaciones donde el anterior equipo de gobierno hab\u00eda apostado por la vivienda p\u00fablica para criticar la falta de iniciativas y de reivindicaci\u00f3n del actual equipo de gobierno. ...","og_url":"https:\/\/agrupacionespsoe.es\/ponferrada\/el-grupo-socialista-critica-la-falta-de-politicas-sociales-del-actual-equipo-de-gobierno-en-materia-de-vivienda\/","og_site_name":"Agrupaci\u00f3n Socialista de Ponferrada","article_published_time":"2024-02-20T11:34:57+00:00","article_modified_time":"2024-02-20T11:34:58+00:00","og_image":[{"width":1369,"height":1600,"url":"https:\/\/agrupacionespsoe.es\/ponferrada\/wp-content\/uploads\/sites\/36\/2024\/02\/WhatsApp-Image-2024-02-20-at-12.34.13.jpeg","type":"image\/jpeg"}],"author":"ponferrada2","twitter_card":"summary_large_image","twitter_misc":{"Escrito por":"ponferrada2","Tiempo de lectura":"4 minutos"},"schema":{"@context":"https:\/\/schema.org","@graph":[{"@type":"Article","@id":"https:\/\/agrupacionespsoe.es\/ponferrada\/el-grupo-socialista-critica-la-falta-de-politicas-sociales-del-actual-equipo-de-gobierno-en-materia-de-vivienda\/#article","isPartOf":{"@id":"https:\/\/agrupacionespsoe.es\/ponferrada\/el-grupo-socialista-critica-la-falta-de-politicas-sociales-del-actual-equipo-de-gobierno-en-materia-de-vivienda\/"},"author":{"name":"ponferrada2","@id":"https:\/\/agrupacionespsoe.es\/ponferrada\/#\/schema\/person\/cd29ee627f3b70c05d415f02596debaa"},"headline":"El grupo socialista critica la falta de pol\u00edticas sociales del actual equipo de gobierno en materia de vivienda","datePublished":"2024-02-20T11:34:57+00:00","dateModified":"2024-02-20T11:34:58+00:00","mainEntityOfPage":{"@id":"https:\/\/agrupacionespsoe.es\/ponferrada\/el-grupo-socialista-critica-la-falta-de-politicas-sociales-del-actual-equipo-de-gobierno-en-materia-de-vivienda\/"},"wordCount":719,"commentCount":0,"publisher":{"@id":"https:\/\/agrupacionespsoe.es\/ponferrada\/#organization"},"image":{"@id":"https:\/\/agrupacionespsoe.es\/ponferrada\/el-grupo-socialista-critica-la-falta-de-politicas-sociales-del-actual-equipo-de-gobierno-en-materia-de-vivienda\/#primaryimage"},"thumbnailUrl":"https:\/\/agrupacionespsoe.es\/ponferrada\/wp-content\/uploads\/sites\/36\/2024\/02\/WhatsApp-Image-2024-02-20-at-12.34.13.jpeg","articleSection":["ACTUALIDAD"],"inLanguage":"es","potentialAction":[{"@type":"CommentAction","name":"Comment","target":["https:\/\/agrupacionespsoe.es\/ponferrada\/el-grupo-socialista-critica-la-falta-de-politicas-sociales-del-actual-equipo-de-gobierno-en-materia-de-vivienda\/#respond"]}]},{"@type":"WebPage","@id":"https:\/\/agrupacionespsoe.es\/ponferrada\/el-grupo-socialista-critica-la-falta-de-politicas-sociales-del-actual-equipo-de-gobierno-en-materia-de-vivienda\/","url":"https:\/\/agrupacionespsoe.es\/ponferrada\/el-grupo-socialista-critica-la-falta-de-politicas-sociales-del-actual-equipo-de-gobierno-en-materia-de-vivienda\/","name":"El grupo socialista critica la falta de pol\u00edticas sociales del actual equipo de gobierno en materia de vivienda - Agrupaci\u00f3n Socialista de Ponferrada","isPartOf":{"@id":"https:\/\/agrupacionespsoe.es\/ponferrada\/#website"},"primaryImageOfPage":{"@id":"https:\/\/agrupacionespsoe.es\/ponferrada\/el-grupo-socialista-critica-la-falta-de-politicas-sociales-del-actual-equipo-de-gobierno-en-materia-de-vivienda\/#primaryimage"},"image":{"@id":"https:\/\/agrupacionespsoe.es\/ponferrada\/el-grupo-socialista-critica-la-falta-de-politicas-sociales-del-actual-equipo-de-gobierno-en-materia-de-vivienda\/#primaryimage"},"thumbnailUrl":"https:\/\/agrupacionespsoe.es\/ponferrada\/wp-content\/uploads\/sites\/36\/2024\/02\/WhatsApp-Image-2024-02-20-at-12.34.13.jpeg","datePublished":"2024-02-20T11:34:57+00:00","dateModified":"2024-02-20T11:34:58+00:00","breadcrumb":{"@id":"https:\/\/agrupacionespsoe.es\/ponferrada\/el-grupo-socialista-critica-la-falta-de-politicas-sociales-del-actual-equipo-de-gobierno-en-materia-de-vivienda\/#breadcrumb"},"inLanguage":"es","potentialAction":[{"@type":"ReadAction","target":["https:\/\/agrupacionespsoe.es\/ponferrada\/el-grupo-socialista-critica-la-falta-de-politicas-sociales-del-actual-equipo-de-gobierno-en-materia-de-vivienda\/"]}]},{"@type":"ImageObject","inLanguage":"es","@id":"https:\/\/agrupacionespsoe.es\/ponferrada\/el-grupo-socialista-critica-la-falta-de-politicas-sociales-del-actual-equipo-de-gobierno-en-materia-de-vivienda\/#primaryimage","url":"https:\/\/agrupacionespsoe.es\/ponferrada\/wp-content\/uploads\/sites\/36\/2024\/02\/WhatsApp-Image-2024-02-20-at-12.34.13.jpeg","contentUrl":"https:\/\/agrupacionespsoe.es\/ponferrada\/wp-content\/uploads\/sites\/36\/2024\/02\/WhatsApp-Image-2024-02-20-at-12.34.13.jpeg","width":1369,"height":1600},{"@type":"BreadcrumbList","@id":"https:\/\/agrupacionespsoe.es\/ponferrada\/el-grupo-socialista-critica-la-falta-de-politicas-sociales-del-actual-equipo-de-gobierno-en-materia-de-vivienda\/#breadcrumb","itemListElement":[{"@type":"ListItem","position":1,"name":"Portada","item":"https:\/\/agrupacionespsoe.es\/ponferrada\/"},{"@type":"ListItem","position":2,"name":"El grupo socialista critica la falta de pol\u00edticas sociales del actual equipo de gobierno en materia de vivienda"}]},{"@type":"WebSite","@id":"https:\/\/agrupacionespsoe.es\/ponferrada\/#website","url":"https:\/\/agrupacionespsoe.es\/ponferrada\/","name":"Agrupaci\u00f3n Socialista de Ponferrada","description":"Agrupaci\u00f3n Socialista de Ponferrada","publisher":{"@id":"https:\/\/agrupacionespsoe.es\/ponferrada\/#organization"},"potentialAction":[{"@type":"SearchAction","target":{"@type":"EntryPoint","urlTemplate":"https:\/\/agrupacionespsoe.es\/ponferrada\/?s={search_term_string}"},"query-input":{"@type":"PropertyValueSpecification","valueRequired":true,"valueName":"search_term_string"}}],"inLanguage":"es"},{"@type":"Organization","@id":"https:\/\/agrupacionespsoe.es\/ponferrada\/#organization","name":"Agrupaci\u00f3n Socialista de Ponferrada","url":"https:\/\/agrupacionespsoe.es\/ponferrada\/","logo":{"@type":"ImageObject","inLanguage":"es","@id":"https:\/\/agrupacionespsoe.es\/ponferrada\/#\/schema\/logo\/image\/","url":"https:\/\/agrupacionespsoe.es\/wp-content\/uploads\/2022\/07\/Logotipo_electoral_del_PSOE.png","contentUrl":"https:\/\/agrupacionespsoe.es\/wp-content\/uploads\/2022\/07\/Logotipo_electoral_del_PSOE.png","width":422,"height":422,"caption":"Agrupaci\u00f3n Socialista de Ponferrada"},"image":{"@id":"https:\/\/agrupacionespsoe.es\/ponferrada\/#\/schema\/logo\/image\/"}},{"@type":"Person","@id":"https:\/\/agrupacionespsoe.es\/ponferrada\/#\/schema\/person\/cd29ee627f3b70c05d415f02596debaa","name":"ponferrada2","image":{"@type":"ImageObject","inLanguage":"es","@id":"https:\/\/agrupacionespsoe.es\/ponferrada\/#\/schema\/person\/image\/","url":"https:\/\/secure.gravatar.com\/avatar\/f499eeb60144c664cf7b7edf75549b50?s=96&d=mm&r=g","contentUrl":"https:\/\/secure.gravatar.com\/avatar\/f499eeb60144c664cf7b7edf75549b50?s=96&d=mm&r=g","caption":"ponferrada2"},"url":"https:\/\/agrupacionespsoe.es\/ponferrada\/author\/ponferrada2\/"}]}},"jetpack_featured_media_url":"https:\/\/agrupacionespsoe.es\/ponferrada\/wp-content\/uploads\/sites\/36\/2024\/02\/WhatsApp-Image-2024-02-20-at-12.34.13.jpeg","jetpack_sharing_enabled":true,"_links":{"self":[{"href":"https:\/\/agrupacionespsoe.es\/ponferrada\/wp-json\/wp\/v2\/posts\/386","targetHints":{"allow":["GET"]}}],"collection":[{"href":"https:\/\/agrupacionespsoe.es\/ponferrada\/wp-json\/wp\/v2\/posts"}],"about":[{"href":"https:\/\/agrupacionespsoe.es\/ponferrada\/wp-json\/wp\/v2\/types\/post"}],"author":[{"embeddable":true,"href":"https:\/\/agrupacionespsoe.es\/ponferrada\/wp-json\/wp\/v2\/users\/32"}],"replies":[{"embeddable":true,"href":"https:\/\/agrupacionespsoe.es\/ponferrada\/wp-json\/wp\/v2\/comments?post=386"}],"version-history":[{"count":1,"href":"https:\/\/agrupacionespsoe.es\/ponferrada\/wp-json\/wp\/v2\/posts\/386\/revisions"}],"predecessor-version":[{"id":388,"href":"https:\/\/agrupacionespsoe.es\/ponferrada\/wp-json\/wp\/v2\/posts\/386\/revisions\/388"}],"wp:featuredmedia":[{"embeddable":true,"href":"https:\/\/agrupacionespsoe.es\/ponferrada\/wp-json\/wp\/v2\/media\/387"}],"wp:attachment":[{"href":"https:\/\/agrupacionespsoe.es\/ponferrada\/wp-json\/wp\/v2\/media?parent=386"}],"wp:term":[{"taxonomy":"category","embeddable":true,"href":"https:\/\/agrupacionespsoe.es\/ponferrada\/wp-json\/wp\/v2\/categories?post=386"},{"taxonomy":"post_tag","embeddable":true,"href":"https:\/\/agrupacionespsoe.es\/ponferrada\/wp-json\/wp\/v2\/tags?post=386"}],"curies":[{"name":"wp","href":"https:\/\/api.w.org\/{rel}","templated":true}]}}