{"id":382,"date":"2024-02-16T12:16:37","date_gmt":"2024-02-16T12:16:37","guid":{"rendered":"https:\/\/agrupacionespsoe.es\/ponferrada\/?p=382"},"modified":"2024-02-16T12:16:38","modified_gmt":"2024-02-16T12:16:38","slug":"el-grupo-municipal-socialista-continua-con-las-negociaciones-con-el-pp-para-sacar-al-ayuntamiento-del-lio-en-el-que-se-encuentra","status":"publish","type":"post","link":"https:\/\/agrupacionespsoe.es\/ponferrada\/el-grupo-municipal-socialista-continua-con-las-negociaciones-con-el-pp-para-sacar-al-ayuntamiento-del-lio-en-el-que-se-encuentra\/","title":{"rendered":"El Grupo Municipal Socialista contin\u00faa con las negociaciones con el PP para sacar al ayuntamiento del l\u00edo en el que se encuentra."},"content":{"rendered":"\n<p>El Grupo Socialista quiere informar que contin\u00faan las negociaciones con el PP para poder sacar al ayuntamiento del l\u00edo que ha generado su pacto con VOX y la ruptura del mismo.<\/p>\n\n\n\n<p>Mabel Fern\u00e1ndez se\u00f1ala que \u201ccomo ya hemos manifestado, el grupo socialista est\u00e1 trabajando para proponer medidas que puedan incorporarse en los presupuestos. Se trata de aportaciones que a nuestro juicio mejoran la vida de la ciudadan\u00eda y que van destinadas a solventar los problemas reales de los y las ponferradinas.\u201d<\/p>\n\n\n\n<p>Mabel Fern\u00e1ndez contin\u00faa se\u00f1alando que \u201cpor el momento nos suena bien la m\u00fasica que estamos escuchando y nos alegra que por fin se ponga distancia con las pol\u00edticas de la ultraderecha negacionistas de la violencia de g\u00e9nero, del cambio clim\u00e1tico y que practican la pol\u00edtica del odio y del enfrentamiento entre los ciudadanos.<\/p>\n\n\n\n<p>Mabel Fern\u00e1ndez concluye se\u00f1alando que a\u00fan nos queda camino por recorrer en la negociaci\u00f3n pero el PSOE est\u00e1 dispuesto a sentarse cuantas veces haga falta si es para mejorar la vida de la ciudadan\u00eda<\/p>\n\n\n\n<figure class=\"wp-block-image size-large\"><img loading=\"lazy\" decoding=\"async\" width=\"1024\" height=\"652\" src=\"https:\/\/agrupacionespsoe.es\/ponferrada\/wp-content\/uploads\/sites\/36\/2024\/02\/WhatsApp-Image-2024-02-16-at-13.15.53-1024x652.jpeg\" alt=\"\" class=\"wp-image-383\" \/><\/figure>\n","protected":false},"excerpt":{"rendered":"<p>El Grupo Socialista quiere informar que contin\u00faan las negociaciones con el PP para poder sacar al ayuntamiento del l\u00edo que ha generado su pacto con VOX y la ruptura del mismo. Mabel Fern\u00e1ndez se\u00f1ala que \u201ccomo ya hemos manifestado, el grupo socialista est\u00e1 trabajando para proponer medidas que puedan incorporarse en los presupuestos. Se trata &#8230;<\/p>\n","protected":false},"author":32,"featured_media":383,"comment_status":"open","ping_status":"open","sticky":false,"template":"","format":"standard","meta":{"_jetpack_memberships_contains_paid_content":false,"footnotes":""},"categories":[6],"tags":[],"class_list":["post-382","post","type-post","status-publish","format-standard","has-post-thumbnail","hentry","category-actualidad"],"yoast_head":"<!-- This site is optimized with the Yoast SEO plugin v24.0 - https:\/\/yoast.com\/wordpress\/plugins\/seo\/ -->\n<title>El Grupo Municipal Socialista contin\u00faa con las negociaciones con el PP para sacar al ayuntamiento del l\u00edo en el que se encuentra. - Agrupaci\u00f3n Socialista de Ponferrada<\/title>\n<meta name=\"robots\" content=\"index, follow, max-snippet:-1, max-image-preview:large, max-video-preview:-1\" \/>\n<link rel=\"canonical\" href=\"https:\/\/agrupacionespsoe.es\/ponferrada\/el-grupo-municipal-socialista-continua-con-las-negociaciones-con-el-pp-para-sacar-al-ayuntamiento-del-lio-en-el-que-se-encuentra\/\" \/>\n<meta property=\"og:locale\" content=\"es_ES\" \/>\n<meta property=\"og:type\" content=\"article\" \/>\n<meta property=\"og:title\" content=\"El Grupo Municipal Socialista contin\u00faa con las negociaciones con el PP para sacar al ayuntamiento del l\u00edo en el que se encuentra. - Agrupaci\u00f3n Socialista de Ponferrada\" \/>\n<meta property=\"og:description\" content=\"El Grupo Socialista quiere informar que contin\u00faan las negociaciones con el PP para poder sacar al ayuntamiento del l\u00edo que ha generado su pacto con VOX y la ruptura del mismo. Mabel Fern\u00e1ndez se\u00f1ala que \u201ccomo ya hemos manifestado, el grupo socialista est\u00e1 trabajando para proponer medidas que puedan incorporarse en los presupuestos. Se trata ...\" \/>\n<meta property=\"og:url\" content=\"https:\/\/agrupacionespsoe.es\/ponferrada\/el-grupo-municipal-socialista-continua-con-las-negociaciones-con-el-pp-para-sacar-al-ayuntamiento-del-lio-en-el-que-se-encuentra\/\" \/>\n<meta property=\"og:site_name\" content=\"Agrupaci\u00f3n Socialista de Ponferrada\" \/>\n<meta property=\"article:published_time\" content=\"2024-02-16T12:16:37+00:00\" \/>\n<meta property=\"article:modified_time\" content=\"2024-02-16T12:16:38+00:00\" \/>\n<meta property=\"og:image\" content=\"https:\/\/agrupacionespsoe.es\/ponferrada\/wp-content\/uploads\/sites\/36\/2024\/02\/WhatsApp-Image-2024-02-16-at-13.15.53.jpeg\" \/>\n\t<meta property=\"og:image:width\" content=\"1571\" \/>\n\t<meta property=\"og:image:height\" content=\"1000\" \/>\n\t<meta property=\"og:image:type\" content=\"image\/jpeg\" \/>\n<meta name=\"author\" content=\"ponferrada2\" \/>\n<meta name=\"twitter:card\" content=\"summary_large_image\" \/>\n<meta name=\"twitter:label1\" content=\"Escrito por\" \/>\n\t<meta name=\"twitter:data1\" content=\"ponferrada2\" \/>\n\t<meta name=\"twitter:label2\" content=\"Tiempo de lectura\" \/>\n\t<meta name=\"twitter:data2\" content=\"1 minuto\" \/>\n<script type=\"application\/ld+json\" class=\"yoast-schema-graph\">{\"@context\":\"https:\/\/schema.org\",\"@graph\":[{\"@type\":\"Article\",\"@id\":\"https:\/\/agrupacionespsoe.es\/ponferrada\/el-grupo-municipal-socialista-continua-con-las-negociaciones-con-el-pp-para-sacar-al-ayuntamiento-del-lio-en-el-que-se-encuentra\/#article\",\"isPartOf\":{\"@id\":\"https:\/\/agrupacionespsoe.es\/ponferrada\/el-grupo-municipal-socialista-continua-con-las-negociaciones-con-el-pp-para-sacar-al-ayuntamiento-del-lio-en-el-que-se-encuentra\/\"},\"author\":{\"name\":\"ponferrada2\",\"@id\":\"https:\/\/agrupacionespsoe.es\/ponferrada\/#\/schema\/person\/cd29ee627f3b70c05d415f02596debaa\"},\"headline\":\"El Grupo Municipal Socialista contin\u00faa con las negociaciones con el PP para sacar al ayuntamiento del l\u00edo en el que se encuentra.\",\"datePublished\":\"2024-02-16T12:16:37+00:00\",\"dateModified\":\"2024-02-16T12:16:38+00:00\",\"mainEntityOfPage\":{\"@id\":\"https:\/\/agrupacionespsoe.es\/ponferrada\/el-grupo-municipal-socialista-continua-con-las-negociaciones-con-el-pp-para-sacar-al-ayuntamiento-del-lio-en-el-que-se-encuentra\/\"},\"wordCount\":210,\"commentCount\":0,\"publisher\":{\"@id\":\"https:\/\/agrupacionespsoe.es\/ponferrada\/#organization\"},\"image\":{\"@id\":\"https:\/\/agrupacionespsoe.es\/ponferrada\/el-grupo-municipal-socialista-continua-con-las-negociaciones-con-el-pp-para-sacar-al-ayuntamiento-del-lio-en-el-que-se-encuentra\/#primaryimage\"},\"thumbnailUrl\":\"https:\/\/agrupacionespsoe.es\/ponferrada\/wp-content\/uploads\/sites\/36\/2024\/02\/WhatsApp-Image-2024-02-16-at-13.15.53-e1711383933752.jpeg\",\"articleSection\":[\"ACTUALIDAD\"],\"inLanguage\":\"es\",\"potentialAction\":[{\"@type\":\"CommentAction\",\"name\":\"Comment\",\"target\":[\"https:\/\/agrupacionespsoe.es\/ponferrada\/el-grupo-municipal-socialista-continua-con-las-negociaciones-con-el-pp-para-sacar-al-ayuntamiento-del-lio-en-el-que-se-encuentra\/#respond\"]}]},{\"@type\":\"WebPage\",\"@id\":\"https:\/\/agrupacionespsoe.es\/ponferrada\/el-grupo-municipal-socialista-continua-con-las-negociaciones-con-el-pp-para-sacar-al-ayuntamiento-del-lio-en-el-que-se-encuentra\/\",\"url\":\"https:\/\/agrupacionespsoe.es\/ponferrada\/el-grupo-municipal-socialista-continua-con-las-negociaciones-con-el-pp-para-sacar-al-ayuntamiento-del-lio-en-el-que-se-encuentra\/\",\"name\":\"El Grupo Municipal Socialista contin\u00faa con las negociaciones con el PP para sacar al ayuntamiento del l\u00edo en el que se encuentra. - Agrupaci\u00f3n Socialista de Ponferrada\",\"isPartOf\":{\"@id\":\"https:\/\/agrupacionespsoe.es\/ponferrada\/#website\"},\"primaryImageOfPage\":{\"@id\":\"https:\/\/agrupacionespsoe.es\/ponferrada\/el-grupo-municipal-socialista-continua-con-las-negociaciones-con-el-pp-para-sacar-al-ayuntamiento-del-lio-en-el-que-se-encuentra\/#primaryimage\"},\"image\":{\"@id\":\"https:\/\/agrupacionespsoe.es\/ponferrada\/el-grupo-municipal-socialista-continua-con-las-negociaciones-con-el-pp-para-sacar-al-ayuntamiento-del-lio-en-el-que-se-encuentra\/#primaryimage\"},\"thumbnailUrl\":\"https:\/\/agrupacionespsoe.es\/ponferrada\/wp-content\/uploads\/sites\/36\/2024\/02\/WhatsApp-Image-2024-02-16-at-13.15.53-e1711383933752.jpeg\",\"datePublished\":\"2024-02-16T12:16:37+00:00\",\"dateModified\":\"2024-02-16T12:16:38+00:00\",\"breadcrumb\":{\"@id\":\"https:\/\/agrupacionespsoe.es\/ponferrada\/el-grupo-municipal-socialista-continua-con-las-negociaciones-con-el-pp-para-sacar-al-ayuntamiento-del-lio-en-el-que-se-encuentra\/#breadcrumb\"},\"inLanguage\":\"es\",\"potentialAction\":[{\"@type\":\"ReadAction\",\"target\":[\"https:\/\/agrupacionespsoe.es\/ponferrada\/el-grupo-municipal-socialista-continua-con-las-negociaciones-con-el-pp-para-sacar-al-ayuntamiento-del-lio-en-el-que-se-encuentra\/\"]}]},{\"@type\":\"ImageObject\",\"inLanguage\":\"es\",\"@id\":\"https:\/\/agrupacionespsoe.es\/ponferrada\/el-grupo-municipal-socialista-continua-con-las-negociaciones-con-el-pp-para-sacar-al-ayuntamiento-del-lio-en-el-que-se-encuentra\/#primaryimage\",\"url\":\"https:\/\/agrupacionespsoe.es\/ponferrada\/wp-content\/uploads\/sites\/36\/2024\/02\/WhatsApp-Image-2024-02-16-at-13.15.53-e1711383933752.jpeg\",\"contentUrl\":\"https:\/\/agrupacionespsoe.es\/ponferrada\/wp-content\/uploads\/sites\/36\/2024\/02\/WhatsApp-Image-2024-02-16-at-13.15.53-e1711383933752.jpeg\",\"width\":631,\"height\":1000},{\"@type\":\"BreadcrumbList\",\"@id\":\"https:\/\/agrupacionespsoe.es\/ponferrada\/el-grupo-municipal-socialista-continua-con-las-negociaciones-con-el-pp-para-sacar-al-ayuntamiento-del-lio-en-el-que-se-encuentra\/#breadcrumb\",\"itemListElement\":[{\"@type\":\"ListItem\",\"position\":1,\"name\":\"Portada\",\"item\":\"https:\/\/agrupacionespsoe.es\/ponferrada\/\"},{\"@type\":\"ListItem\",\"position\":2,\"name\":\"El Grupo Municipal Socialista contin\u00faa con las negociaciones con el PP para sacar al ayuntamiento del l\u00edo en el que se encuentra.\"}]},{\"@type\":\"WebSite\",\"@id\":\"https:\/\/agrupacionespsoe.es\/ponferrada\/#website\",\"url\":\"https:\/\/agrupacionespsoe.es\/ponferrada\/\",\"name\":\"Agrupaci\u00f3n Socialista de Ponferrada\",\"description\":\"Agrupaci\u00f3n Socialista de Ponferrada\",\"publisher\":{\"@id\":\"https:\/\/agrupacionespsoe.es\/ponferrada\/#organization\"},\"potentialAction\":[{\"@type\":\"SearchAction\",\"target\":{\"@type\":\"EntryPoint\",\"urlTemplate\":\"https:\/\/agrupacionespsoe.es\/ponferrada\/?s={search_term_string}\"},\"query-input\":{\"@type\":\"PropertyValueSpecification\",\"valueRequired\":true,\"valueName\":\"search_term_string\"}}],\"inLanguage\":\"es\"},{\"@type\":\"Organization\",\"@id\":\"https:\/\/agrupacionespsoe.es\/ponferrada\/#organization\",\"name\":\"Agrupaci\u00f3n Socialista de Ponferrada\",\"url\":\"https:\/\/agrupacionespsoe.es\/ponferrada\/\",\"logo\":{\"@type\":\"ImageObject\",\"inLanguage\":\"es\",\"@id\":\"https:\/\/agrupacionespsoe.es\/ponferrada\/#\/schema\/logo\/image\/\",\"url\":\"https:\/\/agrupacionespsoe.es\/wp-content\/uploads\/2022\/07\/Logotipo_electoral_del_PSOE.png\",\"contentUrl\":\"https:\/\/agrupacionespsoe.es\/wp-content\/uploads\/2022\/07\/Logotipo_electoral_del_PSOE.png\",\"width\":422,\"height\":422,\"caption\":\"Agrupaci\u00f3n Socialista de Ponferrada\"},\"image\":{\"@id\":\"https:\/\/agrupacionespsoe.es\/ponferrada\/#\/schema\/logo\/image\/\"}},{\"@type\":\"Person\",\"@id\":\"https:\/\/agrupacionespsoe.es\/ponferrada\/#\/schema\/person\/cd29ee627f3b70c05d415f02596debaa\",\"name\":\"ponferrada2\",\"image\":{\"@type\":\"ImageObject\",\"inLanguage\":\"es\",\"@id\":\"https:\/\/agrupacionespsoe.es\/ponferrada\/#\/schema\/person\/image\/\",\"url\":\"https:\/\/secure.gravatar.com\/avatar\/f499eeb60144c664cf7b7edf75549b50?s=96&d=mm&r=g\",\"contentUrl\":\"https:\/\/secure.gravatar.com\/avatar\/f499eeb60144c664cf7b7edf75549b50?s=96&d=mm&r=g\",\"caption\":\"ponferrada2\"},\"url\":\"https:\/\/agrupacionespsoe.es\/ponferrada\/author\/ponferrada2\/\"}]}<\/script>\n<!-- \/ Yoast SEO plugin. -->","yoast_head_json":{"title":"El Grupo Municipal Socialista contin\u00faa con las negociaciones con el PP para sacar al ayuntamiento del l\u00edo en el que se encuentra. - Agrupaci\u00f3n Socialista de Ponferrada","robots":{"index":"index","follow":"follow","max-snippet":"max-snippet:-1","max-image-preview":"max-image-preview:large","max-video-preview":"max-video-preview:-1"},"canonical":"https:\/\/agrupacionespsoe.es\/ponferrada\/el-grupo-municipal-socialista-continua-con-las-negociaciones-con-el-pp-para-sacar-al-ayuntamiento-del-lio-en-el-que-se-encuentra\/","og_locale":"es_ES","og_type":"article","og_title":"El Grupo Municipal Socialista contin\u00faa con las negociaciones con el PP para sacar al ayuntamiento del l\u00edo en el que se encuentra. - Agrupaci\u00f3n Socialista de Ponferrada","og_description":"El Grupo Socialista quiere informar que contin\u00faan las negociaciones con el PP para poder sacar al ayuntamiento del l\u00edo que ha generado su pacto con VOX y la ruptura del mismo. Mabel Fern\u00e1ndez se\u00f1ala que \u201ccomo ya hemos manifestado, el grupo socialista est\u00e1 trabajando para proponer medidas que puedan incorporarse en los presupuestos. Se trata ...","og_url":"https:\/\/agrupacionespsoe.es\/ponferrada\/el-grupo-municipal-socialista-continua-con-las-negociaciones-con-el-pp-para-sacar-al-ayuntamiento-del-lio-en-el-que-se-encuentra\/","og_site_name":"Agrupaci\u00f3n Socialista de Ponferrada","article_published_time":"2024-02-16T12:16:37+00:00","article_modified_time":"2024-02-16T12:16:38+00:00","og_image":[{"width":1571,"height":1000,"url":"https:\/\/agrupacionespsoe.es\/ponferrada\/wp-content\/uploads\/sites\/36\/2024\/02\/WhatsApp-Image-2024-02-16-at-13.15.53.jpeg","type":"image\/jpeg"}],"author":"ponferrada2","twitter_card":"summary_large_image","twitter_misc":{"Escrito por":"ponferrada2","Tiempo de lectura":"1 minuto"},"schema":{"@context":"https:\/\/schema.org","@graph":[{"@type":"Article","@id":"https:\/\/agrupacionespsoe.es\/ponferrada\/el-grupo-municipal-socialista-continua-con-las-negociaciones-con-el-pp-para-sacar-al-ayuntamiento-del-lio-en-el-que-se-encuentra\/#article","isPartOf":{"@id":"https:\/\/agrupacionespsoe.es\/ponferrada\/el-grupo-municipal-socialista-continua-con-las-negociaciones-con-el-pp-para-sacar-al-ayuntamiento-del-lio-en-el-que-se-encuentra\/"},"author":{"name":"ponferrada2","@id":"https:\/\/agrupacionespsoe.es\/ponferrada\/#\/schema\/person\/cd29ee627f3b70c05d415f02596debaa"},"headline":"El Grupo Municipal Socialista contin\u00faa con las negociaciones con el PP para sacar al ayuntamiento del l\u00edo en el que se encuentra.","datePublished":"2024-02-16T12:16:37+00:00","dateModified":"2024-02-16T12:16:38+00:00","mainEntityOfPage":{"@id":"https:\/\/agrupacionespsoe.es\/ponferrada\/el-grupo-municipal-socialista-continua-con-las-negociaciones-con-el-pp-para-sacar-al-ayuntamiento-del-lio-en-el-que-se-encuentra\/"},"wordCount":210,"commentCount":0,"publisher":{"@id":"https:\/\/agrupacionespsoe.es\/ponferrada\/#organization"},"image":{"@id":"https:\/\/agrupacionespsoe.es\/ponferrada\/el-grupo-municipal-socialista-continua-con-las-negociaciones-con-el-pp-para-sacar-al-ayuntamiento-del-lio-en-el-que-se-encuentra\/#primaryimage"},"thumbnailUrl":"https:\/\/agrupacionespsoe.es\/ponferrada\/wp-content\/uploads\/sites\/36\/2024\/02\/WhatsApp-Image-2024-02-16-at-13.15.53-e1711383933752.jpeg","articleSection":["ACTUALIDAD"],"inLanguage":"es","potentialAction":[{"@type":"CommentAction","name":"Comment","target":["https:\/\/agrupacionespsoe.es\/ponferrada\/el-grupo-municipal-socialista-continua-con-las-negociaciones-con-el-pp-para-sacar-al-ayuntamiento-del-lio-en-el-que-se-encuentra\/#respond"]}]},{"@type":"WebPage","@id":"https:\/\/agrupacionespsoe.es\/ponferrada\/el-grupo-municipal-socialista-continua-con-las-negociaciones-con-el-pp-para-sacar-al-ayuntamiento-del-lio-en-el-que-se-encuentra\/","url":"https:\/\/agrupacionespsoe.es\/ponferrada\/el-grupo-municipal-socialista-continua-con-las-negociaciones-con-el-pp-para-sacar-al-ayuntamiento-del-lio-en-el-que-se-encuentra\/","name":"El Grupo Municipal Socialista contin\u00faa con las negociaciones con el PP para sacar al ayuntamiento del l\u00edo en el que se encuentra. - Agrupaci\u00f3n Socialista de Ponferrada","isPartOf":{"@id":"https:\/\/agrupacionespsoe.es\/ponferrada\/#website"},"primaryImageOfPage":{"@id":"https:\/\/agrupacionespsoe.es\/ponferrada\/el-grupo-municipal-socialista-continua-con-las-negociaciones-con-el-pp-para-sacar-al-ayuntamiento-del-lio-en-el-que-se-encuentra\/#primaryimage"},"image":{"@id":"https:\/\/agrupacionespsoe.es\/ponferrada\/el-grupo-municipal-socialista-continua-con-las-negociaciones-con-el-pp-para-sacar-al-ayuntamiento-del-lio-en-el-que-se-encuentra\/#primaryimage"},"thumbnailUrl":"https:\/\/agrupacionespsoe.es\/ponferrada\/wp-content\/uploads\/sites\/36\/2024\/02\/WhatsApp-Image-2024-02-16-at-13.15.53-e1711383933752.jpeg","datePublished":"2024-02-16T12:16:37+00:00","dateModified":"2024-02-16T12:16:38+00:00","breadcrumb":{"@id":"https:\/\/agrupacionespsoe.es\/ponferrada\/el-grupo-municipal-socialista-continua-con-las-negociaciones-con-el-pp-para-sacar-al-ayuntamiento-del-lio-en-el-que-se-encuentra\/#breadcrumb"},"inLanguage":"es","potentialAction":[{"@type":"ReadAction","target":["https:\/\/agrupacionespsoe.es\/ponferrada\/el-grupo-municipal-socialista-continua-con-las-negociaciones-con-el-pp-para-sacar-al-ayuntamiento-del-lio-en-el-que-se-encuentra\/"]}]},{"@type":"ImageObject","inLanguage":"es","@id":"https:\/\/agrupacionespsoe.es\/ponferrada\/el-grupo-municipal-socialista-continua-con-las-negociaciones-con-el-pp-para-sacar-al-ayuntamiento-del-lio-en-el-que-se-encuentra\/#primaryimage","url":"https:\/\/agrupacionespsoe.es\/ponferrada\/wp-content\/uploads\/sites\/36\/2024\/02\/WhatsApp-Image-2024-02-16-at-13.15.53-e1711383933752.jpeg","contentUrl":"https:\/\/agrupacionespsoe.es\/ponferrada\/wp-content\/uploads\/sites\/36\/2024\/02\/WhatsApp-Image-2024-02-16-at-13.15.53-e1711383933752.jpeg","width":631,"height":1000},{"@type":"BreadcrumbList","@id":"https:\/\/agrupacionespsoe.es\/ponferrada\/el-grupo-municipal-socialista-continua-con-las-negociaciones-con-el-pp-para-sacar-al-ayuntamiento-del-lio-en-el-que-se-encuentra\/#breadcrumb","itemListElement":[{"@type":"ListItem","position":1,"name":"Portada","item":"https:\/\/agrupacionespsoe.es\/ponferrada\/"},{"@type":"ListItem","position":2,"name":"El Grupo Municipal Socialista contin\u00faa con las negociaciones con el PP para sacar al ayuntamiento del l\u00edo en el que se encuentra."}]},{"@type":"WebSite","@id":"https:\/\/agrupacionespsoe.es\/ponferrada\/#website","url":"https:\/\/agrupacionespsoe.es\/ponferrada\/","name":"Agrupaci\u00f3n Socialista de Ponferrada","description":"Agrupaci\u00f3n Socialista de Ponferrada","publisher":{"@id":"https:\/\/agrupacionespsoe.es\/ponferrada\/#organization"},"potentialAction":[{"@type":"SearchAction","target":{"@type":"EntryPoint","urlTemplate":"https:\/\/agrupacionespsoe.es\/ponferrada\/?s={search_term_string}"},"query-input":{"@type":"PropertyValueSpecification","valueRequired":true,"valueName":"search_term_string"}}],"inLanguage":"es"},{"@type":"Organization","@id":"https:\/\/agrupacionespsoe.es\/ponferrada\/#organization","name":"Agrupaci\u00f3n Socialista de Ponferrada","url":"https:\/\/agrupacionespsoe.es\/ponferrada\/","logo":{"@type":"ImageObject","inLanguage":"es","@id":"https:\/\/agrupacionespsoe.es\/ponferrada\/#\/schema\/logo\/image\/","url":"https:\/\/agrupacionespsoe.es\/wp-content\/uploads\/2022\/07\/Logotipo_electoral_del_PSOE.png","contentUrl":"https:\/\/agrupacionespsoe.es\/wp-content\/uploads\/2022\/07\/Logotipo_electoral_del_PSOE.png","width":422,"height":422,"caption":"Agrupaci\u00f3n Socialista de Ponferrada"},"image":{"@id":"https:\/\/agrupacionespsoe.es\/ponferrada\/#\/schema\/logo\/image\/"}},{"@type":"Person","@id":"https:\/\/agrupacionespsoe.es\/ponferrada\/#\/schema\/person\/cd29ee627f3b70c05d415f02596debaa","name":"ponferrada2","image":{"@type":"ImageObject","inLanguage":"es","@id":"https:\/\/agrupacionespsoe.es\/ponferrada\/#\/schema\/person\/image\/","url":"https:\/\/secure.gravatar.com\/avatar\/f499eeb60144c664cf7b7edf75549b50?s=96&d=mm&r=g","contentUrl":"https:\/\/secure.gravatar.com\/avatar\/f499eeb60144c664cf7b7edf75549b50?s=96&d=mm&r=g","caption":"ponferrada2"},"url":"https:\/\/agrupacionespsoe.es\/ponferrada\/author\/ponferrada2\/"}]}},"jetpack_featured_media_url":"https:\/\/agrupacionespsoe.es\/ponferrada\/wp-content\/uploads\/sites\/36\/2024\/02\/WhatsApp-Image-2024-02-16-at-13.15.53-e1711383933752.jpeg","jetpack_sharing_enabled":true,"_links":{"self":[{"href":"https:\/\/agrupacionespsoe.es\/ponferrada\/wp-json\/wp\/v2\/posts\/382","targetHints":{"allow":["GET"]}}],"collection":[{"href":"https:\/\/agrupacionespsoe.es\/ponferrada\/wp-json\/wp\/v2\/posts"}],"about":[{"href":"https:\/\/agrupacionespsoe.es\/ponferrada\/wp-json\/wp\/v2\/types\/post"}],"author":[{"embeddable":true,"href":"https:\/\/agrupacionespsoe.es\/ponferrada\/wp-json\/wp\/v2\/users\/32"}],"replies":[{"embeddable":true,"href":"https:\/\/agrupacionespsoe.es\/ponferrada\/wp-json\/wp\/v2\/comments?post=382"}],"version-history":[{"count":1,"href":"https:\/\/agrupacionespsoe.es\/ponferrada\/wp-json\/wp\/v2\/posts\/382\/revisions"}],"predecessor-version":[{"id":384,"href":"https:\/\/agrupacionespsoe.es\/ponferrada\/wp-json\/wp\/v2\/posts\/382\/revisions\/384"}],"wp:featuredmedia":[{"embeddable":true,"href":"https:\/\/agrupacionespsoe.es\/ponferrada\/wp-json\/wp\/v2\/media\/383"}],"wp:attachment":[{"href":"https:\/\/agrupacionespsoe.es\/ponferrada\/wp-json\/wp\/v2\/media?parent=382"}],"wp:term":[{"taxonomy":"category","embeddable":true,"href":"https:\/\/agrupacionespsoe.es\/ponferrada\/wp-json\/wp\/v2\/categories?post=382"},{"taxonomy":"post_tag","embeddable":true,"href":"https:\/\/agrupacionespsoe.es\/ponferrada\/wp-json\/wp\/v2\/tags?post=382"}],"curies":[{"name":"wp","href":"https:\/\/api.w.org\/{rel}","templated":true}]}}