{"id":379,"date":"2024-02-15T08:41:05","date_gmt":"2024-02-15T08:41:05","guid":{"rendered":"https:\/\/agrupacionespsoe.es\/ponferrada\/?p=379"},"modified":"2024-02-16T08:43:19","modified_gmt":"2024-02-16T08:43:19","slug":"el-grupo-socialista-propuso-al-actual-equipo-de-gobierno-la-solucion-a-la-falta-de-senal-de-la-tdt","status":"publish","type":"post","link":"https:\/\/agrupacionespsoe.es\/ponferrada\/el-grupo-socialista-propuso-al-actual-equipo-de-gobierno-la-solucion-a-la-falta-de-senal-de-la-tdt\/","title":{"rendered":"\u2022\u00a0 El Grupo socialista propuso al actual equipo de gobierno la soluci\u00f3n a la falta de se\u00f1al de la TDT"},"content":{"rendered":"\n<ul class=\"wp-block-list\">\n<li><strong>El Grupo Socialista se\u00f1ala que es otro ejemplo de la desidia y delabandono en el que tienen el medio rural<\/strong><\/li>\n<\/ul>\n\n\n\n<p>El grupo socialista sale al paso de la noticia de la falta de se\u00f1al de televisi\u00f3n debido a los cambios en las emisiones de TDT.<\/p>\n\n\n\n<p>En palabras de Andr\u00e9s Gabella el responsable del grupo socialista de medio rural resulta asombroso que hayan llegado a esta situaci\u00f3n sin hacer nada. Desde julio del a\u00f1o pasado ya se conoce que en febrero se iban a producir cambios en la TDT y que se necesitaba una adaptaci\u00f3n y este equipo de gobierno no ha hecho absolutamente nada para dar servicio a esas poblaciones. Este es otro ejemplo de la desidia y la falta de preocupaci\u00f3n por los problemas reales de la ciudadan\u00eda en general y con el abandono del medio rural en particular.<\/p>\n\n\n\n<p>Andr\u00e9s Gabella se\u00f1ala que de este asunto si que no van a poder culpar al anterior equipo de gobierno como acostumbran a hacer, se marcan los tantos de la gesti\u00f3n anterior y echan la culpa de los problemas que existen. Pero este es un asunto que depende exclusivamente de la gesti\u00f3n del actual equipo de gobierno.<\/p>\n\n\n\n<p>Andr\u00e9s Gabella contin\u00faa criticando que si en lugar de mover bustos de un lado para otro, hacer esculturas que no son necesarias o reformas en el ayuntamiento por importe de 62.000 euros que no repercuten en la mejora del servicio deber\u00edan estar preocupados por solventar los problemas reales, por acercar los servicios al medio rural y no por abandonarlos una vez m\u00e1s.<\/p>\n\n\n\n<p>Acaba se\u00f1alando que \u201cel actual equipo de gobierno ha tenido muchas oportunidades de realizar una inversi\u00f3n que realmente arregle el problema, ahora le echaran la culpa al presupuesto, pero para hacer otros gastos si hay dinero, y- ha querido recordar que- el PSOE propuso una inversi\u00f3n que solventar\u00eda el problema y respetar\u00eda nuestro patrimonio que es la l\u00ednea el\u00e9ctrica de media tensi\u00f3n en el alto de Cor\u00f3n, no los parches que est\u00e1n proponiendo para solucionarlo.<\/p>\n\n\n\n<figure class=\"wp-block-image size-large\"><img loading=\"lazy\" decoding=\"async\" width=\"1024\" height=\"943\" src=\"https:\/\/agrupacionespsoe.es\/ponferrada\/wp-content\/uploads\/sites\/36\/2024\/02\/WhatsApp-Image-2024-02-16-at-09.42.50-1024x943.jpeg\" alt=\"\" class=\"wp-image-380\" srcset=\"https:\/\/agrupacionespsoe.es\/ponferrada\/wp-content\/uploads\/sites\/36\/2024\/02\/WhatsApp-Image-2024-02-16-at-09.42.50-1024x943.jpeg 1024w, https:\/\/agrupacionespsoe.es\/ponferrada\/wp-content\/uploads\/sites\/36\/2024\/02\/WhatsApp-Image-2024-02-16-at-09.42.50-300x276.jpeg 300w, https:\/\/agrupacionespsoe.es\/ponferrada\/wp-content\/uploads\/sites\/36\/2024\/02\/WhatsApp-Image-2024-02-16-at-09.42.50-768x708.jpeg 768w, https:\/\/agrupacionespsoe.es\/ponferrada\/wp-content\/uploads\/sites\/36\/2024\/02\/WhatsApp-Image-2024-02-16-at-09.42.50.jpeg 1511w\" sizes=\"auto, (max-width: 1024px) 100vw, 1024px\" \/><\/figure>\n","protected":false},"excerpt":{"rendered":"<p>El grupo socialista sale al paso de la noticia de la falta de se\u00f1al de televisi\u00f3n debido a los cambios en las emisiones de TDT. En palabras de Andr\u00e9s Gabella el responsable del grupo socialista de medio rural resulta asombroso que hayan llegado a esta situaci\u00f3n sin hacer nada. Desde julio del a\u00f1o pasado ya &#8230;<\/p>\n","protected":false},"author":32,"featured_media":380,"comment_status":"open","ping_status":"open","sticky":false,"template":"","format":"standard","meta":{"_jetpack_memberships_contains_paid_content":false,"footnotes":""},"categories":[6],"tags":[],"class_list":["post-379","post","type-post","status-publish","format-standard","has-post-thumbnail","hentry","category-actualidad"],"yoast_head":"<!-- This site is optimized with the Yoast SEO plugin v24.0 - https:\/\/yoast.com\/wordpress\/plugins\/seo\/ -->\n<title>\u2022\u00a0 El Grupo socialista propuso al actual equipo de gobierno la soluci\u00f3n a la falta de se\u00f1al de la TDT - Agrupaci\u00f3n Socialista de Ponferrada<\/title>\n<meta name=\"robots\" content=\"index, follow, max-snippet:-1, max-image-preview:large, max-video-preview:-1\" \/>\n<link rel=\"canonical\" href=\"https:\/\/agrupacionespsoe.es\/ponferrada\/el-grupo-socialista-propuso-al-actual-equipo-de-gobierno-la-solucion-a-la-falta-de-senal-de-la-tdt\/\" \/>\n<meta property=\"og:locale\" content=\"es_ES\" \/>\n<meta property=\"og:type\" content=\"article\" \/>\n<meta property=\"og:title\" content=\"\u2022\u00a0 El Grupo socialista propuso al actual equipo de gobierno la soluci\u00f3n a la falta de se\u00f1al de la TDT - Agrupaci\u00f3n Socialista de Ponferrada\" \/>\n<meta property=\"og:description\" content=\"El grupo socialista sale al paso de la noticia de la falta de se\u00f1al de televisi\u00f3n debido a los cambios en las emisiones de TDT. En palabras de Andr\u00e9s Gabella el responsable del grupo socialista de medio rural resulta asombroso que hayan llegado a esta situaci\u00f3n sin hacer nada. Desde julio del a\u00f1o pasado ya ...\" \/>\n<meta property=\"og:url\" content=\"https:\/\/agrupacionespsoe.es\/ponferrada\/el-grupo-socialista-propuso-al-actual-equipo-de-gobierno-la-solucion-a-la-falta-de-senal-de-la-tdt\/\" \/>\n<meta property=\"og:site_name\" content=\"Agrupaci\u00f3n Socialista de Ponferrada\" \/>\n<meta property=\"article:published_time\" content=\"2024-02-15T08:41:05+00:00\" \/>\n<meta property=\"article:modified_time\" content=\"2024-02-16T08:43:19+00:00\" \/>\n<meta property=\"og:image\" content=\"https:\/\/agrupacionespsoe.es\/ponferrada\/wp-content\/uploads\/sites\/36\/2024\/02\/WhatsApp-Image-2024-02-16-at-09.42.50.jpeg\" \/>\n\t<meta property=\"og:image:width\" content=\"1511\" \/>\n\t<meta property=\"og:image:height\" content=\"1392\" \/>\n\t<meta property=\"og:image:type\" content=\"image\/jpeg\" \/>\n<meta name=\"author\" content=\"ponferrada2\" \/>\n<meta name=\"twitter:card\" content=\"summary_large_image\" \/>\n<meta name=\"twitter:label1\" content=\"Escrito por\" \/>\n\t<meta name=\"twitter:data1\" content=\"ponferrada2\" \/>\n\t<meta name=\"twitter:label2\" content=\"Tiempo de lectura\" \/>\n\t<meta name=\"twitter:data2\" content=\"2 minutos\" \/>\n<script type=\"application\/ld+json\" class=\"yoast-schema-graph\">{\"@context\":\"https:\/\/schema.org\",\"@graph\":[{\"@type\":\"Article\",\"@id\":\"https:\/\/agrupacionespsoe.es\/ponferrada\/el-grupo-socialista-propuso-al-actual-equipo-de-gobierno-la-solucion-a-la-falta-de-senal-de-la-tdt\/#article\",\"isPartOf\":{\"@id\":\"https:\/\/agrupacionespsoe.es\/ponferrada\/el-grupo-socialista-propuso-al-actual-equipo-de-gobierno-la-solucion-a-la-falta-de-senal-de-la-tdt\/\"},\"author\":{\"name\":\"ponferrada2\",\"@id\":\"https:\/\/agrupacionespsoe.es\/ponferrada\/#\/schema\/person\/cd29ee627f3b70c05d415f02596debaa\"},\"headline\":\"\u2022\u00a0 El Grupo socialista propuso al actual equipo de gobierno la soluci\u00f3n a la falta de se\u00f1al de la TDT\",\"datePublished\":\"2024-02-15T08:41:05+00:00\",\"dateModified\":\"2024-02-16T08:43:19+00:00\",\"mainEntityOfPage\":{\"@id\":\"https:\/\/agrupacionespsoe.es\/ponferrada\/el-grupo-socialista-propuso-al-actual-equipo-de-gobierno-la-solucion-a-la-falta-de-senal-de-la-tdt\/\"},\"wordCount\":380,\"commentCount\":0,\"publisher\":{\"@id\":\"https:\/\/agrupacionespsoe.es\/ponferrada\/#organization\"},\"image\":{\"@id\":\"https:\/\/agrupacionespsoe.es\/ponferrada\/el-grupo-socialista-propuso-al-actual-equipo-de-gobierno-la-solucion-a-la-falta-de-senal-de-la-tdt\/#primaryimage\"},\"thumbnailUrl\":\"https:\/\/agrupacionespsoe.es\/ponferrada\/wp-content\/uploads\/sites\/36\/2024\/02\/WhatsApp-Image-2024-02-16-at-09.42.50.jpeg\",\"articleSection\":[\"ACTUALIDAD\"],\"inLanguage\":\"es\",\"potentialAction\":[{\"@type\":\"CommentAction\",\"name\":\"Comment\",\"target\":[\"https:\/\/agrupacionespsoe.es\/ponferrada\/el-grupo-socialista-propuso-al-actual-equipo-de-gobierno-la-solucion-a-la-falta-de-senal-de-la-tdt\/#respond\"]}]},{\"@type\":\"WebPage\",\"@id\":\"https:\/\/agrupacionespsoe.es\/ponferrada\/el-grupo-socialista-propuso-al-actual-equipo-de-gobierno-la-solucion-a-la-falta-de-senal-de-la-tdt\/\",\"url\":\"https:\/\/agrupacionespsoe.es\/ponferrada\/el-grupo-socialista-propuso-al-actual-equipo-de-gobierno-la-solucion-a-la-falta-de-senal-de-la-tdt\/\",\"name\":\"\u2022\u00a0 El Grupo socialista propuso al actual equipo de gobierno la soluci\u00f3n a la falta de se\u00f1al de la TDT - Agrupaci\u00f3n Socialista de Ponferrada\",\"isPartOf\":{\"@id\":\"https:\/\/agrupacionespsoe.es\/ponferrada\/#website\"},\"primaryImageOfPage\":{\"@id\":\"https:\/\/agrupacionespsoe.es\/ponferrada\/el-grupo-socialista-propuso-al-actual-equipo-de-gobierno-la-solucion-a-la-falta-de-senal-de-la-tdt\/#primaryimage\"},\"image\":{\"@id\":\"https:\/\/agrupacionespsoe.es\/ponferrada\/el-grupo-socialista-propuso-al-actual-equipo-de-gobierno-la-solucion-a-la-falta-de-senal-de-la-tdt\/#primaryimage\"},\"thumbnailUrl\":\"https:\/\/agrupacionespsoe.es\/ponferrada\/wp-content\/uploads\/sites\/36\/2024\/02\/WhatsApp-Image-2024-02-16-at-09.42.50.jpeg\",\"datePublished\":\"2024-02-15T08:41:05+00:00\",\"dateModified\":\"2024-02-16T08:43:19+00:00\",\"breadcrumb\":{\"@id\":\"https:\/\/agrupacionespsoe.es\/ponferrada\/el-grupo-socialista-propuso-al-actual-equipo-de-gobierno-la-solucion-a-la-falta-de-senal-de-la-tdt\/#breadcrumb\"},\"inLanguage\":\"es\",\"potentialAction\":[{\"@type\":\"ReadAction\",\"target\":[\"https:\/\/agrupacionespsoe.es\/ponferrada\/el-grupo-socialista-propuso-al-actual-equipo-de-gobierno-la-solucion-a-la-falta-de-senal-de-la-tdt\/\"]}]},{\"@type\":\"ImageObject\",\"inLanguage\":\"es\",\"@id\":\"https:\/\/agrupacionespsoe.es\/ponferrada\/el-grupo-socialista-propuso-al-actual-equipo-de-gobierno-la-solucion-a-la-falta-de-senal-de-la-tdt\/#primaryimage\",\"url\":\"https:\/\/agrupacionespsoe.es\/ponferrada\/wp-content\/uploads\/sites\/36\/2024\/02\/WhatsApp-Image-2024-02-16-at-09.42.50.jpeg\",\"contentUrl\":\"https:\/\/agrupacionespsoe.es\/ponferrada\/wp-content\/uploads\/sites\/36\/2024\/02\/WhatsApp-Image-2024-02-16-at-09.42.50.jpeg\",\"width\":1511,\"height\":1392},{\"@type\":\"BreadcrumbList\",\"@id\":\"https:\/\/agrupacionespsoe.es\/ponferrada\/el-grupo-socialista-propuso-al-actual-equipo-de-gobierno-la-solucion-a-la-falta-de-senal-de-la-tdt\/#breadcrumb\",\"itemListElement\":[{\"@type\":\"ListItem\",\"position\":1,\"name\":\"Portada\",\"item\":\"https:\/\/agrupacionespsoe.es\/ponferrada\/\"},{\"@type\":\"ListItem\",\"position\":2,\"name\":\"\u2022\u00a0 El Grupo socialista propuso al actual equipo de gobierno la soluci\u00f3n a la falta de se\u00f1al de la TDT\"}]},{\"@type\":\"WebSite\",\"@id\":\"https:\/\/agrupacionespsoe.es\/ponferrada\/#website\",\"url\":\"https:\/\/agrupacionespsoe.es\/ponferrada\/\",\"name\":\"Agrupaci\u00f3n Socialista de Ponferrada\",\"description\":\"Agrupaci\u00f3n Socialista de Ponferrada\",\"publisher\":{\"@id\":\"https:\/\/agrupacionespsoe.es\/ponferrada\/#organization\"},\"potentialAction\":[{\"@type\":\"SearchAction\",\"target\":{\"@type\":\"EntryPoint\",\"urlTemplate\":\"https:\/\/agrupacionespsoe.es\/ponferrada\/?s={search_term_string}\"},\"query-input\":{\"@type\":\"PropertyValueSpecification\",\"valueRequired\":true,\"valueName\":\"search_term_string\"}}],\"inLanguage\":\"es\"},{\"@type\":\"Organization\",\"@id\":\"https:\/\/agrupacionespsoe.es\/ponferrada\/#organization\",\"name\":\"Agrupaci\u00f3n Socialista de Ponferrada\",\"url\":\"https:\/\/agrupacionespsoe.es\/ponferrada\/\",\"logo\":{\"@type\":\"ImageObject\",\"inLanguage\":\"es\",\"@id\":\"https:\/\/agrupacionespsoe.es\/ponferrada\/#\/schema\/logo\/image\/\",\"url\":\"https:\/\/agrupacionespsoe.es\/wp-content\/uploads\/2022\/07\/Logotipo_electoral_del_PSOE.png\",\"contentUrl\":\"https:\/\/agrupacionespsoe.es\/wp-content\/uploads\/2022\/07\/Logotipo_electoral_del_PSOE.png\",\"width\":422,\"height\":422,\"caption\":\"Agrupaci\u00f3n Socialista de Ponferrada\"},\"image\":{\"@id\":\"https:\/\/agrupacionespsoe.es\/ponferrada\/#\/schema\/logo\/image\/\"}},{\"@type\":\"Person\",\"@id\":\"https:\/\/agrupacionespsoe.es\/ponferrada\/#\/schema\/person\/cd29ee627f3b70c05d415f02596debaa\",\"name\":\"ponferrada2\",\"image\":{\"@type\":\"ImageObject\",\"inLanguage\":\"es\",\"@id\":\"https:\/\/agrupacionespsoe.es\/ponferrada\/#\/schema\/person\/image\/\",\"url\":\"https:\/\/secure.gravatar.com\/avatar\/f499eeb60144c664cf7b7edf75549b50?s=96&d=mm&r=g\",\"contentUrl\":\"https:\/\/secure.gravatar.com\/avatar\/f499eeb60144c664cf7b7edf75549b50?s=96&d=mm&r=g\",\"caption\":\"ponferrada2\"},\"url\":\"https:\/\/agrupacionespsoe.es\/ponferrada\/author\/ponferrada2\/\"}]}<\/script>\n<!-- \/ Yoast SEO plugin. -->","yoast_head_json":{"title":"\u2022\u00a0 El Grupo socialista propuso al actual equipo de gobierno la soluci\u00f3n a la falta de se\u00f1al de la TDT - Agrupaci\u00f3n Socialista de Ponferrada","robots":{"index":"index","follow":"follow","max-snippet":"max-snippet:-1","max-image-preview":"max-image-preview:large","max-video-preview":"max-video-preview:-1"},"canonical":"https:\/\/agrupacionespsoe.es\/ponferrada\/el-grupo-socialista-propuso-al-actual-equipo-de-gobierno-la-solucion-a-la-falta-de-senal-de-la-tdt\/","og_locale":"es_ES","og_type":"article","og_title":"\u2022\u00a0 El Grupo socialista propuso al actual equipo de gobierno la soluci\u00f3n a la falta de se\u00f1al de la TDT - Agrupaci\u00f3n Socialista de Ponferrada","og_description":"El grupo socialista sale al paso de la noticia de la falta de se\u00f1al de televisi\u00f3n debido a los cambios en las emisiones de TDT. En palabras de Andr\u00e9s Gabella el responsable del grupo socialista de medio rural resulta asombroso que hayan llegado a esta situaci\u00f3n sin hacer nada. Desde julio del a\u00f1o pasado ya ...","og_url":"https:\/\/agrupacionespsoe.es\/ponferrada\/el-grupo-socialista-propuso-al-actual-equipo-de-gobierno-la-solucion-a-la-falta-de-senal-de-la-tdt\/","og_site_name":"Agrupaci\u00f3n Socialista de Ponferrada","article_published_time":"2024-02-15T08:41:05+00:00","article_modified_time":"2024-02-16T08:43:19+00:00","og_image":[{"width":1511,"height":1392,"url":"https:\/\/agrupacionespsoe.es\/ponferrada\/wp-content\/uploads\/sites\/36\/2024\/02\/WhatsApp-Image-2024-02-16-at-09.42.50.jpeg","type":"image\/jpeg"}],"author":"ponferrada2","twitter_card":"summary_large_image","twitter_misc":{"Escrito por":"ponferrada2","Tiempo de lectura":"2 minutos"},"schema":{"@context":"https:\/\/schema.org","@graph":[{"@type":"Article","@id":"https:\/\/agrupacionespsoe.es\/ponferrada\/el-grupo-socialista-propuso-al-actual-equipo-de-gobierno-la-solucion-a-la-falta-de-senal-de-la-tdt\/#article","isPartOf":{"@id":"https:\/\/agrupacionespsoe.es\/ponferrada\/el-grupo-socialista-propuso-al-actual-equipo-de-gobierno-la-solucion-a-la-falta-de-senal-de-la-tdt\/"},"author":{"name":"ponferrada2","@id":"https:\/\/agrupacionespsoe.es\/ponferrada\/#\/schema\/person\/cd29ee627f3b70c05d415f02596debaa"},"headline":"\u2022\u00a0 El Grupo socialista propuso al actual equipo de gobierno la soluci\u00f3n a la falta de se\u00f1al de la TDT","datePublished":"2024-02-15T08:41:05+00:00","dateModified":"2024-02-16T08:43:19+00:00","mainEntityOfPage":{"@id":"https:\/\/agrupacionespsoe.es\/ponferrada\/el-grupo-socialista-propuso-al-actual-equipo-de-gobierno-la-solucion-a-la-falta-de-senal-de-la-tdt\/"},"wordCount":380,"commentCount":0,"publisher":{"@id":"https:\/\/agrupacionespsoe.es\/ponferrada\/#organization"},"image":{"@id":"https:\/\/agrupacionespsoe.es\/ponferrada\/el-grupo-socialista-propuso-al-actual-equipo-de-gobierno-la-solucion-a-la-falta-de-senal-de-la-tdt\/#primaryimage"},"thumbnailUrl":"https:\/\/agrupacionespsoe.es\/ponferrada\/wp-content\/uploads\/sites\/36\/2024\/02\/WhatsApp-Image-2024-02-16-at-09.42.50.jpeg","articleSection":["ACTUALIDAD"],"inLanguage":"es","potentialAction":[{"@type":"CommentAction","name":"Comment","target":["https:\/\/agrupacionespsoe.es\/ponferrada\/el-grupo-socialista-propuso-al-actual-equipo-de-gobierno-la-solucion-a-la-falta-de-senal-de-la-tdt\/#respond"]}]},{"@type":"WebPage","@id":"https:\/\/agrupacionespsoe.es\/ponferrada\/el-grupo-socialista-propuso-al-actual-equipo-de-gobierno-la-solucion-a-la-falta-de-senal-de-la-tdt\/","url":"https:\/\/agrupacionespsoe.es\/ponferrada\/el-grupo-socialista-propuso-al-actual-equipo-de-gobierno-la-solucion-a-la-falta-de-senal-de-la-tdt\/","name":"\u2022\u00a0 El Grupo socialista propuso al actual equipo de gobierno la soluci\u00f3n a la falta de se\u00f1al de la TDT - Agrupaci\u00f3n Socialista de Ponferrada","isPartOf":{"@id":"https:\/\/agrupacionespsoe.es\/ponferrada\/#website"},"primaryImageOfPage":{"@id":"https:\/\/agrupacionespsoe.es\/ponferrada\/el-grupo-socialista-propuso-al-actual-equipo-de-gobierno-la-solucion-a-la-falta-de-senal-de-la-tdt\/#primaryimage"},"image":{"@id":"https:\/\/agrupacionespsoe.es\/ponferrada\/el-grupo-socialista-propuso-al-actual-equipo-de-gobierno-la-solucion-a-la-falta-de-senal-de-la-tdt\/#primaryimage"},"thumbnailUrl":"https:\/\/agrupacionespsoe.es\/ponferrada\/wp-content\/uploads\/sites\/36\/2024\/02\/WhatsApp-Image-2024-02-16-at-09.42.50.jpeg","datePublished":"2024-02-15T08:41:05+00:00","dateModified":"2024-02-16T08:43:19+00:00","breadcrumb":{"@id":"https:\/\/agrupacionespsoe.es\/ponferrada\/el-grupo-socialista-propuso-al-actual-equipo-de-gobierno-la-solucion-a-la-falta-de-senal-de-la-tdt\/#breadcrumb"},"inLanguage":"es","potentialAction":[{"@type":"ReadAction","target":["https:\/\/agrupacionespsoe.es\/ponferrada\/el-grupo-socialista-propuso-al-actual-equipo-de-gobierno-la-solucion-a-la-falta-de-senal-de-la-tdt\/"]}]},{"@type":"ImageObject","inLanguage":"es","@id":"https:\/\/agrupacionespsoe.es\/ponferrada\/el-grupo-socialista-propuso-al-actual-equipo-de-gobierno-la-solucion-a-la-falta-de-senal-de-la-tdt\/#primaryimage","url":"https:\/\/agrupacionespsoe.es\/ponferrada\/wp-content\/uploads\/sites\/36\/2024\/02\/WhatsApp-Image-2024-02-16-at-09.42.50.jpeg","contentUrl":"https:\/\/agrupacionespsoe.es\/ponferrada\/wp-content\/uploads\/sites\/36\/2024\/02\/WhatsApp-Image-2024-02-16-at-09.42.50.jpeg","width":1511,"height":1392},{"@type":"BreadcrumbList","@id":"https:\/\/agrupacionespsoe.es\/ponferrada\/el-grupo-socialista-propuso-al-actual-equipo-de-gobierno-la-solucion-a-la-falta-de-senal-de-la-tdt\/#breadcrumb","itemListElement":[{"@type":"ListItem","position":1,"name":"Portada","item":"https:\/\/agrupacionespsoe.es\/ponferrada\/"},{"@type":"ListItem","position":2,"name":"\u2022\u00a0 El Grupo socialista propuso al actual equipo de gobierno la soluci\u00f3n a la falta de se\u00f1al de la TDT"}]},{"@type":"WebSite","@id":"https:\/\/agrupacionespsoe.es\/ponferrada\/#website","url":"https:\/\/agrupacionespsoe.es\/ponferrada\/","name":"Agrupaci\u00f3n Socialista de Ponferrada","description":"Agrupaci\u00f3n Socialista de Ponferrada","publisher":{"@id":"https:\/\/agrupacionespsoe.es\/ponferrada\/#organization"},"potentialAction":[{"@type":"SearchAction","target":{"@type":"EntryPoint","urlTemplate":"https:\/\/agrupacionespsoe.es\/ponferrada\/?s={search_term_string}"},"query-input":{"@type":"PropertyValueSpecification","valueRequired":true,"valueName":"search_term_string"}}],"inLanguage":"es"},{"@type":"Organization","@id":"https:\/\/agrupacionespsoe.es\/ponferrada\/#organization","name":"Agrupaci\u00f3n Socialista de Ponferrada","url":"https:\/\/agrupacionespsoe.es\/ponferrada\/","logo":{"@type":"ImageObject","inLanguage":"es","@id":"https:\/\/agrupacionespsoe.es\/ponferrada\/#\/schema\/logo\/image\/","url":"https:\/\/agrupacionespsoe.es\/wp-content\/uploads\/2022\/07\/Logotipo_electoral_del_PSOE.png","contentUrl":"https:\/\/agrupacionespsoe.es\/wp-content\/uploads\/2022\/07\/Logotipo_electoral_del_PSOE.png","width":422,"height":422,"caption":"Agrupaci\u00f3n Socialista de Ponferrada"},"image":{"@id":"https:\/\/agrupacionespsoe.es\/ponferrada\/#\/schema\/logo\/image\/"}},{"@type":"Person","@id":"https:\/\/agrupacionespsoe.es\/ponferrada\/#\/schema\/person\/cd29ee627f3b70c05d415f02596debaa","name":"ponferrada2","image":{"@type":"ImageObject","inLanguage":"es","@id":"https:\/\/agrupacionespsoe.es\/ponferrada\/#\/schema\/person\/image\/","url":"https:\/\/secure.gravatar.com\/avatar\/f499eeb60144c664cf7b7edf75549b50?s=96&d=mm&r=g","contentUrl":"https:\/\/secure.gravatar.com\/avatar\/f499eeb60144c664cf7b7edf75549b50?s=96&d=mm&r=g","caption":"ponferrada2"},"url":"https:\/\/agrupacionespsoe.es\/ponferrada\/author\/ponferrada2\/"}]}},"jetpack_featured_media_url":"https:\/\/agrupacionespsoe.es\/ponferrada\/wp-content\/uploads\/sites\/36\/2024\/02\/WhatsApp-Image-2024-02-16-at-09.42.50.jpeg","jetpack_sharing_enabled":true,"_links":{"self":[{"href":"https:\/\/agrupacionespsoe.es\/ponferrada\/wp-json\/wp\/v2\/posts\/379","targetHints":{"allow":["GET"]}}],"collection":[{"href":"https:\/\/agrupacionespsoe.es\/ponferrada\/wp-json\/wp\/v2\/posts"}],"about":[{"href":"https:\/\/agrupacionespsoe.es\/ponferrada\/wp-json\/wp\/v2\/types\/post"}],"author":[{"embeddable":true,"href":"https:\/\/agrupacionespsoe.es\/ponferrada\/wp-json\/wp\/v2\/users\/32"}],"replies":[{"embeddable":true,"href":"https:\/\/agrupacionespsoe.es\/ponferrada\/wp-json\/wp\/v2\/comments?post=379"}],"version-history":[{"count":1,"href":"https:\/\/agrupacionespsoe.es\/ponferrada\/wp-json\/wp\/v2\/posts\/379\/revisions"}],"predecessor-version":[{"id":381,"href":"https:\/\/agrupacionespsoe.es\/ponferrada\/wp-json\/wp\/v2\/posts\/379\/revisions\/381"}],"wp:featuredmedia":[{"embeddable":true,"href":"https:\/\/agrupacionespsoe.es\/ponferrada\/wp-json\/wp\/v2\/media\/380"}],"wp:attachment":[{"href":"https:\/\/agrupacionespsoe.es\/ponferrada\/wp-json\/wp\/v2\/media?parent=379"}],"wp:term":[{"taxonomy":"category","embeddable":true,"href":"https:\/\/agrupacionespsoe.es\/ponferrada\/wp-json\/wp\/v2\/categories?post=379"},{"taxonomy":"post_tag","embeddable":true,"href":"https:\/\/agrupacionespsoe.es\/ponferrada\/wp-json\/wp\/v2\/tags?post=379"}],"curies":[{"name":"wp","href":"https:\/\/api.w.org\/{rel}","templated":true}]}}