{"id":368,"date":"2024-02-06T08:37:44","date_gmt":"2024-02-06T08:37:44","guid":{"rendered":"https:\/\/agrupacionespsoe.es\/ponferrada\/?p=368"},"modified":"2024-02-06T08:37:44","modified_gmt":"2024-02-06T08:37:44","slug":"el-psoe-de-ponferrada-ha-repasado-el-espectaculo-de-la-ultima-semana-en-el-ayuntamiento","status":"publish","type":"post","link":"https:\/\/agrupacionespsoe.es\/ponferrada\/el-psoe-de-ponferrada-ha-repasado-el-espectaculo-de-la-ultima-semana-en-el-ayuntamiento\/","title":{"rendered":"El PSOE de Ponferrada ha repasado el espect\u00e1culo de la \u00faltima semana en el ayuntamiento."},"content":{"rendered":"\n<p class=\"has-large-font-size\"><strong>\u00a0\u00a0\u00a0 El \u00a0PSOE de \u00a0Ponferrada considera que la presentaci\u00f3n del proyecto de La Placa es la cortina de humo<\/strong><\/p>\n\n\n\n<p>El PSOE de Ponferrada ha tenido este lunes la reuni\u00f3n de la Comisi\u00f3n de la Ejecutiva Municipal donde entre otros temas se ha valorado la actualidad municipal.<\/p>\n\n\n\n<p>Desde el PSOE de Ponferrada valoramos muy negativamente el espect\u00e1culo que se est\u00e1n dando en las \u00faltimas semanas.<\/p>\n\n\n\n<p>El secretario general ha hecho un relato de lo que ha pasado en la \u00faltima semana. \u201cPrimero con las propuestas que se englobaban dentro del proyecto de presupuestos, unos presupuestos muy escorados a la derecha y que supon\u00edan un importante recorte en materia de derechos sociales, se ha destacado la eliminaci\u00f3n de la partida destinada al comedor solidario, la importante reducci\u00f3n del comedor escolar en periodo no lectivo, la eliminaci\u00f3n de la partida de la red de municipios libres de prostituci\u00f3n, la reducci\u00f3n en el programa de conciliaci\u00f3n de la vida laboral y familiar y de los vales de adquisici\u00f3n de productos de primera necesidad o la eliminaci\u00f3n de la partida de las actividades del consejo escolar.\u201d<\/p>\n\n\n\n<p>Se ha vuelto a incidir en la equivocaci\u00f3n y la preocupaci\u00f3n por la externalizaci\u00f3n de 4 servicios municipales que van a suponer un coste de 829.000\u20ac, los socialistas han recordado que el coste de realizar esos servicios con medios propios era de 384.000\u20ac y que va a suponer que no se emplee a 55 personas durante 6 meses.<\/p>\n\n\n\n<p>Mabel ha indicado que \u201cpara continuar el serial que desde el actual equipo de gobierno nos han ofrecido, el d\u00eda antes de la celebraci\u00f3n del Pleno nos informaron v\u00eda comunicado que VOX entraba en el gobierno municipal con la asunci\u00f3n de las \u00e1reas de cultura y de formaci\u00f3n y empleo, ese mismo d\u00eda nos informan v\u00eda comunicado que se suspende el Pleno, Coalici\u00f3n por el Bierzo se\u00f1ala que ha parado la entrada en el gobierno de VOX y para rematar VOX el mismo d\u00eda del Pleno y los siguientes ha dado pormenores de lo acontecido esos d\u00edas se\u00f1alando que el pacto est\u00e1 roto\u201d.<\/p>\n\n\n\n<p>Desde el PSOE de Ponferrada consideramos que este equipo de gobierno que solo lleva 7 meses ya ha convertido al ayuntamiento en la casa de los l\u00edos. Con unas actuaciones pol\u00edticas muy polarizadas a la derecha que se\u00f1alan la poca visi\u00f3n de futuro que se tiene de Ponferrada, un equipo de gobierno que no destaca por su trabajo o sus actuaciones sino por sus l\u00edos, falsedades o sus equivocaciones.<\/p>\n\n\n\n<p>Mabel se\u00f1ala que \u201cdespu\u00e9s del espect\u00e1culo que nos han ofrecido queda patente que el PSOE es el \u00fanico partido serio, cre\u00edble y con capacidad de gesti\u00f3n en la corporaci\u00f3n municipal.\u201d<\/p>\n\n\n\n<p>En la ejecutiva municipal tambi\u00e9n se ha valorado el anuncio del Sr. Morala de solicitar fondos europeos para financiar el 30% del apartadero ferroviario de La Placa, si bien desde el PSOE se valora de manera positiva que el PP contin\u00fae con un proyecto que inici\u00f3 el PSOE, lo que ha resultado curioso por un lado es que anuncien un proyecto del que solo van a tener seguro el 30% de la financiaci\u00f3n cuando el propio Morala criticaba hace menos de un a\u00f1o lo que \u00e9l consideraba \u201cpropagandismo socialista\u201d cuando el PSOE anunci\u00f3 la llegada de los fondos para realizar el proyecto que hoy han presentado, y que calificaba como milongas, mentirosos o que lo que iba a tener 740 metros era la nariz de Pinocho que tenemos los socialistas.<\/p>\n\n\n\n<p>Mabel Fern\u00e1ndez ha informado que \u201cen el PSOE compartimos la importancia de este proyecto que es fundamental para el futuro de Ponferrada y de El Bierzo y por eso pedimos m\u00e1s seriedad y m\u00e1s trabajo, han utilizado este important\u00edsimo proyecto como una cortina de humo para pasar p\u00e1gina de los presupuestos y lo anuncian cuando ni siquiera tienen confirmada la financiaci\u00f3n del 30% del proyecto, les pedimos que anuncie proyectos que por lo menos sean viables en lo que respecta a su financiaci\u00f3n, si los socialistas hubi\u00e9ramos hecho esto mismo en nuestro mandato no alcanzamos a imaginar los calificativos que el actual alcalde hubiera proferido, no teniendo ni el 30% confirmado y pidiendo a las empresas privadas que colaboren con la financiaci\u00f3n, resulta muy sorprendente la falta de seriedad y de ideas propias del actual equipo de gobierno, solo les ha faltado iniciar un crowdfunding.<\/p>\n\n\n\n<p>Para finalizar la ejecutiva tambi\u00e9n ha se\u00f1alado el hartazgo que le han manifestado muchos de los vecinos de la calle de la sede que desde finales de octubre llevan suportando las manifestantes de ultraderecha gritando consignas y silbando todos los d\u00edas durante casi una hora sin que nadie desde el ayuntamiento haga nada. Desde el PSOE pedimos a la polic\u00eda municipal que ejerza su labor de mediaci\u00f3n para que se respete el derecho de los vecinos a la tranquilidad.<\/p>\n\n\n\n<figure class=\"wp-block-image size-large\"><img loading=\"lazy\" decoding=\"async\" width=\"1024\" height=\"768\" src=\"https:\/\/agrupacionespsoe.es\/ponferrada\/wp-content\/uploads\/sites\/36\/2024\/02\/IMG_20240205_195638-1024x768.jpg\" alt=\"\" class=\"wp-image-369\" srcset=\"https:\/\/agrupacionespsoe.es\/ponferrada\/wp-content\/uploads\/sites\/36\/2024\/02\/IMG_20240205_195638-1024x768.jpg 1024w, https:\/\/agrupacionespsoe.es\/ponferrada\/wp-content\/uploads\/sites\/36\/2024\/02\/IMG_20240205_195638-300x225.jpg 300w, https:\/\/agrupacionespsoe.es\/ponferrada\/wp-content\/uploads\/sites\/36\/2024\/02\/IMG_20240205_195638-768x576.jpg 768w, https:\/\/agrupacionespsoe.es\/ponferrada\/wp-content\/uploads\/sites\/36\/2024\/02\/IMG_20240205_195638-1536x1152.jpg 1536w, https:\/\/agrupacionespsoe.es\/ponferrada\/wp-content\/uploads\/sites\/36\/2024\/02\/IMG_20240205_195638-2048x1536.jpg 2048w\" sizes=\"auto, (max-width: 1024px) 100vw, 1024px\" \/><\/figure>\n","protected":false},"excerpt":{"rendered":"<p>\u00a0\u00a0\u00a0 El \u00a0PSOE de \u00a0Ponferrada considera que la presentaci\u00f3n del proyecto de La Placa es la cortina de humo El PSOE de Ponferrada ha tenido este lunes la reuni\u00f3n de la Comisi\u00f3n de la Ejecutiva Municipal donde entre otros temas se ha valorado la actualidad municipal. Desde el PSOE de Ponferrada valoramos muy negativamente el &#8230;<\/p>\n","protected":false},"author":32,"featured_media":369,"comment_status":"open","ping_status":"open","sticky":false,"template":"","format":"standard","meta":{"_jetpack_memberships_contains_paid_content":false,"footnotes":""},"categories":[6],"tags":[],"class_list":["post-368","post","type-post","status-publish","format-standard","has-post-thumbnail","hentry","category-actualidad"],"yoast_head":"<!-- This site is optimized with the Yoast SEO plugin v24.0 - https:\/\/yoast.com\/wordpress\/plugins\/seo\/ -->\n<title>El PSOE de Ponferrada ha repasado el espect\u00e1culo de la \u00faltima semana en el ayuntamiento. - Agrupaci\u00f3n Socialista de Ponferrada<\/title>\n<meta name=\"robots\" content=\"index, follow, max-snippet:-1, max-image-preview:large, max-video-preview:-1\" \/>\n<link rel=\"canonical\" href=\"https:\/\/agrupacionespsoe.es\/ponferrada\/el-psoe-de-ponferrada-ha-repasado-el-espectaculo-de-la-ultima-semana-en-el-ayuntamiento\/\" \/>\n<meta property=\"og:locale\" content=\"es_ES\" \/>\n<meta property=\"og:type\" content=\"article\" \/>\n<meta property=\"og:title\" content=\"El PSOE de Ponferrada ha repasado el espect\u00e1culo de la \u00faltima semana en el ayuntamiento. - Agrupaci\u00f3n Socialista de Ponferrada\" \/>\n<meta property=\"og:description\" content=\"\u00a0\u00a0\u00a0 El \u00a0PSOE de \u00a0Ponferrada considera que la presentaci\u00f3n del proyecto de La Placa es la cortina de humo El PSOE de Ponferrada ha tenido este lunes la reuni\u00f3n de la Comisi\u00f3n de la Ejecutiva Municipal donde entre otros temas se ha valorado la actualidad municipal. Desde el PSOE de Ponferrada valoramos muy negativamente el ...\" \/>\n<meta property=\"og:url\" content=\"https:\/\/agrupacionespsoe.es\/ponferrada\/el-psoe-de-ponferrada-ha-repasado-el-espectaculo-de-la-ultima-semana-en-el-ayuntamiento\/\" \/>\n<meta property=\"og:site_name\" content=\"Agrupaci\u00f3n Socialista de Ponferrada\" \/>\n<meta property=\"article:published_time\" content=\"2024-02-06T08:37:44+00:00\" \/>\n<meta property=\"og:image\" content=\"https:\/\/agrupacionespsoe.es\/ponferrada\/wp-content\/uploads\/sites\/36\/2024\/02\/IMG_20240205_195638-scaled.jpg\" \/>\n\t<meta property=\"og:image:width\" content=\"2560\" \/>\n\t<meta property=\"og:image:height\" content=\"1920\" \/>\n\t<meta property=\"og:image:type\" content=\"image\/jpeg\" \/>\n<meta name=\"author\" content=\"ponferrada2\" \/>\n<meta name=\"twitter:card\" content=\"summary_large_image\" \/>\n<meta name=\"twitter:label1\" content=\"Escrito por\" \/>\n\t<meta name=\"twitter:data1\" content=\"ponferrada2\" \/>\n\t<meta name=\"twitter:label2\" content=\"Tiempo de lectura\" \/>\n\t<meta name=\"twitter:data2\" content=\"4 minutos\" \/>\n<script type=\"application\/ld+json\" class=\"yoast-schema-graph\">{\"@context\":\"https:\/\/schema.org\",\"@graph\":[{\"@type\":\"Article\",\"@id\":\"https:\/\/agrupacionespsoe.es\/ponferrada\/el-psoe-de-ponferrada-ha-repasado-el-espectaculo-de-la-ultima-semana-en-el-ayuntamiento\/#article\",\"isPartOf\":{\"@id\":\"https:\/\/agrupacionespsoe.es\/ponferrada\/el-psoe-de-ponferrada-ha-repasado-el-espectaculo-de-la-ultima-semana-en-el-ayuntamiento\/\"},\"author\":{\"name\":\"ponferrada2\",\"@id\":\"https:\/\/agrupacionespsoe.es\/ponferrada\/#\/schema\/person\/cd29ee627f3b70c05d415f02596debaa\"},\"headline\":\"El PSOE de Ponferrada ha repasado el espect\u00e1culo de la \u00faltima semana en el ayuntamiento.\",\"datePublished\":\"2024-02-06T08:37:44+00:00\",\"dateModified\":\"2024-02-06T08:37:44+00:00\",\"mainEntityOfPage\":{\"@id\":\"https:\/\/agrupacionespsoe.es\/ponferrada\/el-psoe-de-ponferrada-ha-repasado-el-espectaculo-de-la-ultima-semana-en-el-ayuntamiento\/\"},\"wordCount\":857,\"commentCount\":0,\"publisher\":{\"@id\":\"https:\/\/agrupacionespsoe.es\/ponferrada\/#organization\"},\"image\":{\"@id\":\"https:\/\/agrupacionespsoe.es\/ponferrada\/el-psoe-de-ponferrada-ha-repasado-el-espectaculo-de-la-ultima-semana-en-el-ayuntamiento\/#primaryimage\"},\"thumbnailUrl\":\"https:\/\/agrupacionespsoe.es\/ponferrada\/wp-content\/uploads\/sites\/36\/2024\/02\/IMG_20240205_195638-scaled.jpg\",\"articleSection\":[\"ACTUALIDAD\"],\"inLanguage\":\"es\",\"potentialAction\":[{\"@type\":\"CommentAction\",\"name\":\"Comment\",\"target\":[\"https:\/\/agrupacionespsoe.es\/ponferrada\/el-psoe-de-ponferrada-ha-repasado-el-espectaculo-de-la-ultima-semana-en-el-ayuntamiento\/#respond\"]}]},{\"@type\":\"WebPage\",\"@id\":\"https:\/\/agrupacionespsoe.es\/ponferrada\/el-psoe-de-ponferrada-ha-repasado-el-espectaculo-de-la-ultima-semana-en-el-ayuntamiento\/\",\"url\":\"https:\/\/agrupacionespsoe.es\/ponferrada\/el-psoe-de-ponferrada-ha-repasado-el-espectaculo-de-la-ultima-semana-en-el-ayuntamiento\/\",\"name\":\"El PSOE de Ponferrada ha repasado el espect\u00e1culo de la \u00faltima semana en el ayuntamiento. - Agrupaci\u00f3n Socialista de Ponferrada\",\"isPartOf\":{\"@id\":\"https:\/\/agrupacionespsoe.es\/ponferrada\/#website\"},\"primaryImageOfPage\":{\"@id\":\"https:\/\/agrupacionespsoe.es\/ponferrada\/el-psoe-de-ponferrada-ha-repasado-el-espectaculo-de-la-ultima-semana-en-el-ayuntamiento\/#primaryimage\"},\"image\":{\"@id\":\"https:\/\/agrupacionespsoe.es\/ponferrada\/el-psoe-de-ponferrada-ha-repasado-el-espectaculo-de-la-ultima-semana-en-el-ayuntamiento\/#primaryimage\"},\"thumbnailUrl\":\"https:\/\/agrupacionespsoe.es\/ponferrada\/wp-content\/uploads\/sites\/36\/2024\/02\/IMG_20240205_195638-scaled.jpg\",\"datePublished\":\"2024-02-06T08:37:44+00:00\",\"dateModified\":\"2024-02-06T08:37:44+00:00\",\"breadcrumb\":{\"@id\":\"https:\/\/agrupacionespsoe.es\/ponferrada\/el-psoe-de-ponferrada-ha-repasado-el-espectaculo-de-la-ultima-semana-en-el-ayuntamiento\/#breadcrumb\"},\"inLanguage\":\"es\",\"potentialAction\":[{\"@type\":\"ReadAction\",\"target\":[\"https:\/\/agrupacionespsoe.es\/ponferrada\/el-psoe-de-ponferrada-ha-repasado-el-espectaculo-de-la-ultima-semana-en-el-ayuntamiento\/\"]}]},{\"@type\":\"ImageObject\",\"inLanguage\":\"es\",\"@id\":\"https:\/\/agrupacionespsoe.es\/ponferrada\/el-psoe-de-ponferrada-ha-repasado-el-espectaculo-de-la-ultima-semana-en-el-ayuntamiento\/#primaryimage\",\"url\":\"https:\/\/agrupacionespsoe.es\/ponferrada\/wp-content\/uploads\/sites\/36\/2024\/02\/IMG_20240205_195638-scaled.jpg\",\"contentUrl\":\"https:\/\/agrupacionespsoe.es\/ponferrada\/wp-content\/uploads\/sites\/36\/2024\/02\/IMG_20240205_195638-scaled.jpg\",\"width\":2560,\"height\":1920},{\"@type\":\"BreadcrumbList\",\"@id\":\"https:\/\/agrupacionespsoe.es\/ponferrada\/el-psoe-de-ponferrada-ha-repasado-el-espectaculo-de-la-ultima-semana-en-el-ayuntamiento\/#breadcrumb\",\"itemListElement\":[{\"@type\":\"ListItem\",\"position\":1,\"name\":\"Portada\",\"item\":\"https:\/\/agrupacionespsoe.es\/ponferrada\/\"},{\"@type\":\"ListItem\",\"position\":2,\"name\":\"El PSOE de Ponferrada ha repasado el espect\u00e1culo de la \u00faltima semana en el ayuntamiento.\"}]},{\"@type\":\"WebSite\",\"@id\":\"https:\/\/agrupacionespsoe.es\/ponferrada\/#website\",\"url\":\"https:\/\/agrupacionespsoe.es\/ponferrada\/\",\"name\":\"Agrupaci\u00f3n Socialista de Ponferrada\",\"description\":\"Agrupaci\u00f3n Socialista de Ponferrada\",\"publisher\":{\"@id\":\"https:\/\/agrupacionespsoe.es\/ponferrada\/#organization\"},\"potentialAction\":[{\"@type\":\"SearchAction\",\"target\":{\"@type\":\"EntryPoint\",\"urlTemplate\":\"https:\/\/agrupacionespsoe.es\/ponferrada\/?s={search_term_string}\"},\"query-input\":{\"@type\":\"PropertyValueSpecification\",\"valueRequired\":true,\"valueName\":\"search_term_string\"}}],\"inLanguage\":\"es\"},{\"@type\":\"Organization\",\"@id\":\"https:\/\/agrupacionespsoe.es\/ponferrada\/#organization\",\"name\":\"Agrupaci\u00f3n Socialista de Ponferrada\",\"url\":\"https:\/\/agrupacionespsoe.es\/ponferrada\/\",\"logo\":{\"@type\":\"ImageObject\",\"inLanguage\":\"es\",\"@id\":\"https:\/\/agrupacionespsoe.es\/ponferrada\/#\/schema\/logo\/image\/\",\"url\":\"https:\/\/agrupacionespsoe.es\/wp-content\/uploads\/2022\/07\/Logotipo_electoral_del_PSOE.png\",\"contentUrl\":\"https:\/\/agrupacionespsoe.es\/wp-content\/uploads\/2022\/07\/Logotipo_electoral_del_PSOE.png\",\"width\":422,\"height\":422,\"caption\":\"Agrupaci\u00f3n Socialista de Ponferrada\"},\"image\":{\"@id\":\"https:\/\/agrupacionespsoe.es\/ponferrada\/#\/schema\/logo\/image\/\"}},{\"@type\":\"Person\",\"@id\":\"https:\/\/agrupacionespsoe.es\/ponferrada\/#\/schema\/person\/cd29ee627f3b70c05d415f02596debaa\",\"name\":\"ponferrada2\",\"image\":{\"@type\":\"ImageObject\",\"inLanguage\":\"es\",\"@id\":\"https:\/\/agrupacionespsoe.es\/ponferrada\/#\/schema\/person\/image\/\",\"url\":\"https:\/\/secure.gravatar.com\/avatar\/f499eeb60144c664cf7b7edf75549b50?s=96&d=mm&r=g\",\"contentUrl\":\"https:\/\/secure.gravatar.com\/avatar\/f499eeb60144c664cf7b7edf75549b50?s=96&d=mm&r=g\",\"caption\":\"ponferrada2\"},\"url\":\"https:\/\/agrupacionespsoe.es\/ponferrada\/author\/ponferrada2\/\"}]}<\/script>\n<!-- \/ Yoast SEO plugin. -->","yoast_head_json":{"title":"El PSOE de Ponferrada ha repasado el espect\u00e1culo de la \u00faltima semana en el ayuntamiento. - Agrupaci\u00f3n Socialista de Ponferrada","robots":{"index":"index","follow":"follow","max-snippet":"max-snippet:-1","max-image-preview":"max-image-preview:large","max-video-preview":"max-video-preview:-1"},"canonical":"https:\/\/agrupacionespsoe.es\/ponferrada\/el-psoe-de-ponferrada-ha-repasado-el-espectaculo-de-la-ultima-semana-en-el-ayuntamiento\/","og_locale":"es_ES","og_type":"article","og_title":"El PSOE de Ponferrada ha repasado el espect\u00e1culo de la \u00faltima semana en el ayuntamiento. - Agrupaci\u00f3n Socialista de Ponferrada","og_description":"\u00a0\u00a0\u00a0 El \u00a0PSOE de \u00a0Ponferrada considera que la presentaci\u00f3n del proyecto de La Placa es la cortina de humo El PSOE de Ponferrada ha tenido este lunes la reuni\u00f3n de la Comisi\u00f3n de la Ejecutiva Municipal donde entre otros temas se ha valorado la actualidad municipal. Desde el PSOE de Ponferrada valoramos muy negativamente el ...","og_url":"https:\/\/agrupacionespsoe.es\/ponferrada\/el-psoe-de-ponferrada-ha-repasado-el-espectaculo-de-la-ultima-semana-en-el-ayuntamiento\/","og_site_name":"Agrupaci\u00f3n Socialista de Ponferrada","article_published_time":"2024-02-06T08:37:44+00:00","og_image":[{"width":2560,"height":1920,"url":"https:\/\/agrupacionespsoe.es\/ponferrada\/wp-content\/uploads\/sites\/36\/2024\/02\/IMG_20240205_195638-scaled.jpg","type":"image\/jpeg"}],"author":"ponferrada2","twitter_card":"summary_large_image","twitter_misc":{"Escrito por":"ponferrada2","Tiempo de lectura":"4 minutos"},"schema":{"@context":"https:\/\/schema.org","@graph":[{"@type":"Article","@id":"https:\/\/agrupacionespsoe.es\/ponferrada\/el-psoe-de-ponferrada-ha-repasado-el-espectaculo-de-la-ultima-semana-en-el-ayuntamiento\/#article","isPartOf":{"@id":"https:\/\/agrupacionespsoe.es\/ponferrada\/el-psoe-de-ponferrada-ha-repasado-el-espectaculo-de-la-ultima-semana-en-el-ayuntamiento\/"},"author":{"name":"ponferrada2","@id":"https:\/\/agrupacionespsoe.es\/ponferrada\/#\/schema\/person\/cd29ee627f3b70c05d415f02596debaa"},"headline":"El PSOE de Ponferrada ha repasado el espect\u00e1culo de la \u00faltima semana en el ayuntamiento.","datePublished":"2024-02-06T08:37:44+00:00","dateModified":"2024-02-06T08:37:44+00:00","mainEntityOfPage":{"@id":"https:\/\/agrupacionespsoe.es\/ponferrada\/el-psoe-de-ponferrada-ha-repasado-el-espectaculo-de-la-ultima-semana-en-el-ayuntamiento\/"},"wordCount":857,"commentCount":0,"publisher":{"@id":"https:\/\/agrupacionespsoe.es\/ponferrada\/#organization"},"image":{"@id":"https:\/\/agrupacionespsoe.es\/ponferrada\/el-psoe-de-ponferrada-ha-repasado-el-espectaculo-de-la-ultima-semana-en-el-ayuntamiento\/#primaryimage"},"thumbnailUrl":"https:\/\/agrupacionespsoe.es\/ponferrada\/wp-content\/uploads\/sites\/36\/2024\/02\/IMG_20240205_195638-scaled.jpg","articleSection":["ACTUALIDAD"],"inLanguage":"es","potentialAction":[{"@type":"CommentAction","name":"Comment","target":["https:\/\/agrupacionespsoe.es\/ponferrada\/el-psoe-de-ponferrada-ha-repasado-el-espectaculo-de-la-ultima-semana-en-el-ayuntamiento\/#respond"]}]},{"@type":"WebPage","@id":"https:\/\/agrupacionespsoe.es\/ponferrada\/el-psoe-de-ponferrada-ha-repasado-el-espectaculo-de-la-ultima-semana-en-el-ayuntamiento\/","url":"https:\/\/agrupacionespsoe.es\/ponferrada\/el-psoe-de-ponferrada-ha-repasado-el-espectaculo-de-la-ultima-semana-en-el-ayuntamiento\/","name":"El PSOE de Ponferrada ha repasado el espect\u00e1culo de la \u00faltima semana en el ayuntamiento. - Agrupaci\u00f3n Socialista de Ponferrada","isPartOf":{"@id":"https:\/\/agrupacionespsoe.es\/ponferrada\/#website"},"primaryImageOfPage":{"@id":"https:\/\/agrupacionespsoe.es\/ponferrada\/el-psoe-de-ponferrada-ha-repasado-el-espectaculo-de-la-ultima-semana-en-el-ayuntamiento\/#primaryimage"},"image":{"@id":"https:\/\/agrupacionespsoe.es\/ponferrada\/el-psoe-de-ponferrada-ha-repasado-el-espectaculo-de-la-ultima-semana-en-el-ayuntamiento\/#primaryimage"},"thumbnailUrl":"https:\/\/agrupacionespsoe.es\/ponferrada\/wp-content\/uploads\/sites\/36\/2024\/02\/IMG_20240205_195638-scaled.jpg","datePublished":"2024-02-06T08:37:44+00:00","dateModified":"2024-02-06T08:37:44+00:00","breadcrumb":{"@id":"https:\/\/agrupacionespsoe.es\/ponferrada\/el-psoe-de-ponferrada-ha-repasado-el-espectaculo-de-la-ultima-semana-en-el-ayuntamiento\/#breadcrumb"},"inLanguage":"es","potentialAction":[{"@type":"ReadAction","target":["https:\/\/agrupacionespsoe.es\/ponferrada\/el-psoe-de-ponferrada-ha-repasado-el-espectaculo-de-la-ultima-semana-en-el-ayuntamiento\/"]}]},{"@type":"ImageObject","inLanguage":"es","@id":"https:\/\/agrupacionespsoe.es\/ponferrada\/el-psoe-de-ponferrada-ha-repasado-el-espectaculo-de-la-ultima-semana-en-el-ayuntamiento\/#primaryimage","url":"https:\/\/agrupacionespsoe.es\/ponferrada\/wp-content\/uploads\/sites\/36\/2024\/02\/IMG_20240205_195638-scaled.jpg","contentUrl":"https:\/\/agrupacionespsoe.es\/ponferrada\/wp-content\/uploads\/sites\/36\/2024\/02\/IMG_20240205_195638-scaled.jpg","width":2560,"height":1920},{"@type":"BreadcrumbList","@id":"https:\/\/agrupacionespsoe.es\/ponferrada\/el-psoe-de-ponferrada-ha-repasado-el-espectaculo-de-la-ultima-semana-en-el-ayuntamiento\/#breadcrumb","itemListElement":[{"@type":"ListItem","position":1,"name":"Portada","item":"https:\/\/agrupacionespsoe.es\/ponferrada\/"},{"@type":"ListItem","position":2,"name":"El PSOE de Ponferrada ha repasado el espect\u00e1culo de la \u00faltima semana en el ayuntamiento."}]},{"@type":"WebSite","@id":"https:\/\/agrupacionespsoe.es\/ponferrada\/#website","url":"https:\/\/agrupacionespsoe.es\/ponferrada\/","name":"Agrupaci\u00f3n Socialista de Ponferrada","description":"Agrupaci\u00f3n Socialista de Ponferrada","publisher":{"@id":"https:\/\/agrupacionespsoe.es\/ponferrada\/#organization"},"potentialAction":[{"@type":"SearchAction","target":{"@type":"EntryPoint","urlTemplate":"https:\/\/agrupacionespsoe.es\/ponferrada\/?s={search_term_string}"},"query-input":{"@type":"PropertyValueSpecification","valueRequired":true,"valueName":"search_term_string"}}],"inLanguage":"es"},{"@type":"Organization","@id":"https:\/\/agrupacionespsoe.es\/ponferrada\/#organization","name":"Agrupaci\u00f3n Socialista de Ponferrada","url":"https:\/\/agrupacionespsoe.es\/ponferrada\/","logo":{"@type":"ImageObject","inLanguage":"es","@id":"https:\/\/agrupacionespsoe.es\/ponferrada\/#\/schema\/logo\/image\/","url":"https:\/\/agrupacionespsoe.es\/wp-content\/uploads\/2022\/07\/Logotipo_electoral_del_PSOE.png","contentUrl":"https:\/\/agrupacionespsoe.es\/wp-content\/uploads\/2022\/07\/Logotipo_electoral_del_PSOE.png","width":422,"height":422,"caption":"Agrupaci\u00f3n Socialista de Ponferrada"},"image":{"@id":"https:\/\/agrupacionespsoe.es\/ponferrada\/#\/schema\/logo\/image\/"}},{"@type":"Person","@id":"https:\/\/agrupacionespsoe.es\/ponferrada\/#\/schema\/person\/cd29ee627f3b70c05d415f02596debaa","name":"ponferrada2","image":{"@type":"ImageObject","inLanguage":"es","@id":"https:\/\/agrupacionespsoe.es\/ponferrada\/#\/schema\/person\/image\/","url":"https:\/\/secure.gravatar.com\/avatar\/f499eeb60144c664cf7b7edf75549b50?s=96&d=mm&r=g","contentUrl":"https:\/\/secure.gravatar.com\/avatar\/f499eeb60144c664cf7b7edf75549b50?s=96&d=mm&r=g","caption":"ponferrada2"},"url":"https:\/\/agrupacionespsoe.es\/ponferrada\/author\/ponferrada2\/"}]}},"jetpack_featured_media_url":"https:\/\/agrupacionespsoe.es\/ponferrada\/wp-content\/uploads\/sites\/36\/2024\/02\/IMG_20240205_195638-scaled.jpg","jetpack_sharing_enabled":true,"_links":{"self":[{"href":"https:\/\/agrupacionespsoe.es\/ponferrada\/wp-json\/wp\/v2\/posts\/368","targetHints":{"allow":["GET"]}}],"collection":[{"href":"https:\/\/agrupacionespsoe.es\/ponferrada\/wp-json\/wp\/v2\/posts"}],"about":[{"href":"https:\/\/agrupacionespsoe.es\/ponferrada\/wp-json\/wp\/v2\/types\/post"}],"author":[{"embeddable":true,"href":"https:\/\/agrupacionespsoe.es\/ponferrada\/wp-json\/wp\/v2\/users\/32"}],"replies":[{"embeddable":true,"href":"https:\/\/agrupacionespsoe.es\/ponferrada\/wp-json\/wp\/v2\/comments?post=368"}],"version-history":[{"count":1,"href":"https:\/\/agrupacionespsoe.es\/ponferrada\/wp-json\/wp\/v2\/posts\/368\/revisions"}],"predecessor-version":[{"id":370,"href":"https:\/\/agrupacionespsoe.es\/ponferrada\/wp-json\/wp\/v2\/posts\/368\/revisions\/370"}],"wp:featuredmedia":[{"embeddable":true,"href":"https:\/\/agrupacionespsoe.es\/ponferrada\/wp-json\/wp\/v2\/media\/369"}],"wp:attachment":[{"href":"https:\/\/agrupacionespsoe.es\/ponferrada\/wp-json\/wp\/v2\/media?parent=368"}],"wp:term":[{"taxonomy":"category","embeddable":true,"href":"https:\/\/agrupacionespsoe.es\/ponferrada\/wp-json\/wp\/v2\/categories?post=368"},{"taxonomy":"post_tag","embeddable":true,"href":"https:\/\/agrupacionespsoe.es\/ponferrada\/wp-json\/wp\/v2\/tags?post=368"}],"curies":[{"name":"wp","href":"https:\/\/api.w.org\/{rel}","templated":true}]}}