{"id":362,"date":"2024-02-03T08:00:03","date_gmt":"2024-02-03T08:00:03","guid":{"rendered":"https:\/\/agrupacionespsoe.es\/ponferrada\/?p=362"},"modified":"2024-02-05T08:21:15","modified_gmt":"2024-02-05T08:21:15","slug":"el-show-en-el-ayuntamiento-muestra-la-poca-capacidad-del-equipo-de-gobierno","status":"publish","type":"post","link":"https:\/\/agrupacionespsoe.es\/ponferrada\/el-show-en-el-ayuntamiento-muestra-la-poca-capacidad-del-equipo-de-gobierno\/","title":{"rendered":"El show en el ayuntamiento muestra la poca capacidad del equipo de gobierno"},"content":{"rendered":"\n<p>El PSOE ha valorado el lamentable espect\u00e1culo que el nuevo equipo de gobierno ha dado a cuenta de la aprobaci\u00f3n de sus primeros presupuestos, lo que hemos calificado como el show de Morala.<\/p>\n\n\n\n<p>Las actuaciones han sido un desprop\u00f3sito: convocan el pleno, intercambian comunicados de los partidos que gobiernan, para finalmente suspender el Pleno pasadas las 22.00h, dice poco de la seriedad del equipo de gobierno.<\/p>\n\n\n\n<p>El PSOE siempre ha defendido que VOZX est\u00e1 en el equipo de gobierno, alguien que tiene competencias espec\u00edficas para desarrollar un \u00e1rea de gesti\u00f3n y cobra una dedicaci\u00f3n por ello, dependiendo adem\u00e1s directamente del alcalde, forma parte del equipo de gobierno.<\/p>\n\n\n\n<p>Creemos que la suspensi\u00f3n de este pleno es una falta de respeto a la corporaci\u00f3n pero tambi\u00e9n a los ciudadanos, el PSOE considera que las explicaciones contradictorias que se han dado desde los tres partidos no se sostienen, sobre todo la que mantiene el PP que dice que el motivo es dar tiempo a estudiar las enmiendas presentadas por VOX, cuando en la documentaci\u00f3n que VOX envi\u00f3 a todos los medios de comunicaci\u00f3n junto con el comunicado consta la aceptaci\u00f3n de las enmiendas de pu\u00f1o y letra del propio alcalde Sr. Morala.<\/p>\n\n\n\n<p>En cuanto a las enmiendas que han presentado, el PSOE considera que, las enmiendas son delirantes, negacionistas del cambio clim\u00e1tico y de la violencia de g\u00e9nero y de corte racista.<\/p>\n\n\n\n<p>Analizando las enmiendas que el Alcalde acepto, se considera delirante dedicar 25.000 euros al estudio de reapertura del doble sentido, en la avenida de La Puebla, G\u00f3mez N\u00fa\u00f1ez y Camino de Santiago.<\/p>\n\n\n\n<p>Los socialistas queremos criticar la eliminaci\u00f3n de la partida destinada a las escuelas infantiles (los ni\u00f1os y ni\u00f1as de 0 a 3 a\u00f1os) para hacer un taller de manejo de las emociones e igualdad, cuya financiaci\u00f3n va a incrementar la partida de la semana de la movilidad. Esto es un ejemplo claro de lo que a los y las ponferradinas nos cabe esperar de las pol\u00edticas que va a traer VOX a la gesti\u00f3n no solo de sus \u00e1reas de gobierno sino que van a afectar a todas las existentes, imponiendo sus pol\u00edticas negacionistas.<\/p>\n\n\n\n<p>Y la mayor parte de las enmiendas van encaminadas a eliminar las partidas destinadas a los migrantes, la conclusi\u00f3n que el PSOE ha obtenido es que usaron a los inmigrantes y a la actual concejala de Interculturalidad para obtener r\u00e9ditos pol\u00edticos sin ninguna intenci\u00f3n de desarrollar un \u00e1rea de trabajo.<\/p>\n\n\n\n<p>Queremos destacar el hachazo que plantean a los programas de cooperaci\u00f3n al desarrollo que pasan de 90.000\u20ac a 54.000\u20ac, recort\u00e1ndola en un 40% a pesar de que el propio alcalde se comprometi\u00f3 a principios de octubre a \u201cgarantizar la continuidad de las ayudas para programas de igualdad de la mujer y cooperaci\u00f3n al desarrollo pese a la oposici\u00f3n de VOX\u201d.<\/p>\n\n\n\n<p>Por \u00faltimo los socialistas queremos destacar la minoraci\u00f3n de la partida destinada al Baloncesto Ciudad de Ponferrada en 13.000 euros para ponerlo en una partida que los concejales de VOX utilizaran para desarrollar su ideolog\u00eda sin ni siquiera comentarlo a los responsables del club.<\/p>\n\n\n\n<p>El PSOE se ofrece a solucionar este caos en el que est\u00e1 inmerso el ayuntamiento siempre y cuando la propuesta no venga de manos de la utraderecha.<\/p>\n\n\n\n<figure class=\"wp-block-image size-full\"><img loading=\"lazy\" decoding=\"async\" width=\"1600\" height=\"1200\" src=\"https:\/\/agrupacionespsoe.es\/ponferrada\/wp-content\/uploads\/sites\/36\/2024\/02\/WhatsApp-Image-2024-02-05-at-09.20.18.jpeg\" alt=\"\" class=\"wp-image-365\" srcset=\"https:\/\/agrupacionespsoe.es\/ponferrada\/wp-content\/uploads\/sites\/36\/2024\/02\/WhatsApp-Image-2024-02-05-at-09.20.18.jpeg 1600w, https:\/\/agrupacionespsoe.es\/ponferrada\/wp-content\/uploads\/sites\/36\/2024\/02\/WhatsApp-Image-2024-02-05-at-09.20.18-300x225.jpeg 300w, https:\/\/agrupacionespsoe.es\/ponferrada\/wp-content\/uploads\/sites\/36\/2024\/02\/WhatsApp-Image-2024-02-05-at-09.20.18-1024x768.jpeg 1024w, https:\/\/agrupacionespsoe.es\/ponferrada\/wp-content\/uploads\/sites\/36\/2024\/02\/WhatsApp-Image-2024-02-05-at-09.20.18-768x576.jpeg 768w, https:\/\/agrupacionespsoe.es\/ponferrada\/wp-content\/uploads\/sites\/36\/2024\/02\/WhatsApp-Image-2024-02-05-at-09.20.18-1536x1152.jpeg 1536w\" sizes=\"auto, (max-width: 1600px) 100vw, 1600px\" \/><\/figure>\n","protected":false},"excerpt":{"rendered":"<p>El PSOE ha valorado el lamentable espect\u00e1culo que el nuevo equipo de gobierno ha dado a cuenta de la aprobaci\u00f3n de sus primeros presupuestos, lo que hemos calificado como el show de Morala. Las actuaciones han sido un desprop\u00f3sito: convocan el pleno, intercambian comunicados de los partidos que gobiernan, para finalmente suspender el Pleno pasadas &#8230;<\/p>\n","protected":false},"author":32,"featured_media":365,"comment_status":"open","ping_status":"open","sticky":false,"template":"","format":"standard","meta":{"_jetpack_memberships_contains_paid_content":false,"footnotes":""},"categories":[6],"tags":[],"class_list":["post-362","post","type-post","status-publish","format-standard","has-post-thumbnail","hentry","category-actualidad"],"yoast_head":"<!-- This site is optimized with the Yoast SEO plugin v24.0 - https:\/\/yoast.com\/wordpress\/plugins\/seo\/ -->\n<title>El show en el ayuntamiento muestra la poca capacidad del equipo de gobierno - Agrupaci\u00f3n Socialista de Ponferrada<\/title>\n<meta name=\"robots\" content=\"index, follow, max-snippet:-1, max-image-preview:large, max-video-preview:-1\" \/>\n<link rel=\"canonical\" href=\"https:\/\/agrupacionespsoe.es\/ponferrada\/el-show-en-el-ayuntamiento-muestra-la-poca-capacidad-del-equipo-de-gobierno\/\" \/>\n<meta property=\"og:locale\" content=\"es_ES\" \/>\n<meta property=\"og:type\" content=\"article\" \/>\n<meta property=\"og:title\" content=\"El show en el ayuntamiento muestra la poca capacidad del equipo de gobierno - Agrupaci\u00f3n Socialista de Ponferrada\" \/>\n<meta property=\"og:description\" content=\"El PSOE ha valorado el lamentable espect\u00e1culo que el nuevo equipo de gobierno ha dado a cuenta de la aprobaci\u00f3n de sus primeros presupuestos, lo que hemos calificado como el show de Morala. Las actuaciones han sido un desprop\u00f3sito: convocan el pleno, intercambian comunicados de los partidos que gobiernan, para finalmente suspender el Pleno pasadas ...\" \/>\n<meta property=\"og:url\" content=\"https:\/\/agrupacionespsoe.es\/ponferrada\/el-show-en-el-ayuntamiento-muestra-la-poca-capacidad-del-equipo-de-gobierno\/\" \/>\n<meta property=\"og:site_name\" content=\"Agrupaci\u00f3n Socialista de Ponferrada\" \/>\n<meta property=\"article:published_time\" content=\"2024-02-03T08:00:03+00:00\" \/>\n<meta property=\"article:modified_time\" content=\"2024-02-05T08:21:15+00:00\" \/>\n<meta property=\"og:image\" content=\"https:\/\/agrupacionespsoe.es\/ponferrada\/wp-content\/uploads\/sites\/36\/2024\/02\/WhatsApp-Image-2024-02-05-at-09.20.18.jpeg\" \/>\n\t<meta property=\"og:image:width\" content=\"1600\" \/>\n\t<meta property=\"og:image:height\" content=\"1200\" \/>\n\t<meta property=\"og:image:type\" content=\"image\/jpeg\" \/>\n<meta name=\"author\" content=\"ponferrada2\" \/>\n<meta name=\"twitter:card\" content=\"summary_large_image\" \/>\n<meta name=\"twitter:label1\" content=\"Escrito por\" \/>\n\t<meta name=\"twitter:data1\" content=\"ponferrada2\" \/>\n\t<meta name=\"twitter:label2\" content=\"Tiempo de lectura\" \/>\n\t<meta name=\"twitter:data2\" content=\"3 minutos\" \/>\n<script type=\"application\/ld+json\" class=\"yoast-schema-graph\">{\"@context\":\"https:\/\/schema.org\",\"@graph\":[{\"@type\":\"Article\",\"@id\":\"https:\/\/agrupacionespsoe.es\/ponferrada\/el-show-en-el-ayuntamiento-muestra-la-poca-capacidad-del-equipo-de-gobierno\/#article\",\"isPartOf\":{\"@id\":\"https:\/\/agrupacionespsoe.es\/ponferrada\/el-show-en-el-ayuntamiento-muestra-la-poca-capacidad-del-equipo-de-gobierno\/\"},\"author\":{\"name\":\"ponferrada2\",\"@id\":\"https:\/\/agrupacionespsoe.es\/ponferrada\/#\/schema\/person\/cd29ee627f3b70c05d415f02596debaa\"},\"headline\":\"El show en el ayuntamiento muestra la poca capacidad del equipo de gobierno\",\"datePublished\":\"2024-02-03T08:00:03+00:00\",\"dateModified\":\"2024-02-05T08:21:15+00:00\",\"mainEntityOfPage\":{\"@id\":\"https:\/\/agrupacionespsoe.es\/ponferrada\/el-show-en-el-ayuntamiento-muestra-la-poca-capacidad-del-equipo-de-gobierno\/\"},\"wordCount\":578,\"commentCount\":0,\"publisher\":{\"@id\":\"https:\/\/agrupacionespsoe.es\/ponferrada\/#organization\"},\"image\":{\"@id\":\"https:\/\/agrupacionespsoe.es\/ponferrada\/el-show-en-el-ayuntamiento-muestra-la-poca-capacidad-del-equipo-de-gobierno\/#primaryimage\"},\"thumbnailUrl\":\"https:\/\/agrupacionespsoe.es\/ponferrada\/wp-content\/uploads\/sites\/36\/2024\/02\/WhatsApp-Image-2024-02-05-at-09.20.18.jpeg\",\"articleSection\":[\"ACTUALIDAD\"],\"inLanguage\":\"es\",\"potentialAction\":[{\"@type\":\"CommentAction\",\"name\":\"Comment\",\"target\":[\"https:\/\/agrupacionespsoe.es\/ponferrada\/el-show-en-el-ayuntamiento-muestra-la-poca-capacidad-del-equipo-de-gobierno\/#respond\"]}]},{\"@type\":\"WebPage\",\"@id\":\"https:\/\/agrupacionespsoe.es\/ponferrada\/el-show-en-el-ayuntamiento-muestra-la-poca-capacidad-del-equipo-de-gobierno\/\",\"url\":\"https:\/\/agrupacionespsoe.es\/ponferrada\/el-show-en-el-ayuntamiento-muestra-la-poca-capacidad-del-equipo-de-gobierno\/\",\"name\":\"El show en el ayuntamiento muestra la poca capacidad del equipo de gobierno - Agrupaci\u00f3n Socialista de Ponferrada\",\"isPartOf\":{\"@id\":\"https:\/\/agrupacionespsoe.es\/ponferrada\/#website\"},\"primaryImageOfPage\":{\"@id\":\"https:\/\/agrupacionespsoe.es\/ponferrada\/el-show-en-el-ayuntamiento-muestra-la-poca-capacidad-del-equipo-de-gobierno\/#primaryimage\"},\"image\":{\"@id\":\"https:\/\/agrupacionespsoe.es\/ponferrada\/el-show-en-el-ayuntamiento-muestra-la-poca-capacidad-del-equipo-de-gobierno\/#primaryimage\"},\"thumbnailUrl\":\"https:\/\/agrupacionespsoe.es\/ponferrada\/wp-content\/uploads\/sites\/36\/2024\/02\/WhatsApp-Image-2024-02-05-at-09.20.18.jpeg\",\"datePublished\":\"2024-02-03T08:00:03+00:00\",\"dateModified\":\"2024-02-05T08:21:15+00:00\",\"breadcrumb\":{\"@id\":\"https:\/\/agrupacionespsoe.es\/ponferrada\/el-show-en-el-ayuntamiento-muestra-la-poca-capacidad-del-equipo-de-gobierno\/#breadcrumb\"},\"inLanguage\":\"es\",\"potentialAction\":[{\"@type\":\"ReadAction\",\"target\":[\"https:\/\/agrupacionespsoe.es\/ponferrada\/el-show-en-el-ayuntamiento-muestra-la-poca-capacidad-del-equipo-de-gobierno\/\"]}]},{\"@type\":\"ImageObject\",\"inLanguage\":\"es\",\"@id\":\"https:\/\/agrupacionespsoe.es\/ponferrada\/el-show-en-el-ayuntamiento-muestra-la-poca-capacidad-del-equipo-de-gobierno\/#primaryimage\",\"url\":\"https:\/\/agrupacionespsoe.es\/ponferrada\/wp-content\/uploads\/sites\/36\/2024\/02\/WhatsApp-Image-2024-02-05-at-09.20.18.jpeg\",\"contentUrl\":\"https:\/\/agrupacionespsoe.es\/ponferrada\/wp-content\/uploads\/sites\/36\/2024\/02\/WhatsApp-Image-2024-02-05-at-09.20.18.jpeg\",\"width\":1600,\"height\":1200},{\"@type\":\"BreadcrumbList\",\"@id\":\"https:\/\/agrupacionespsoe.es\/ponferrada\/el-show-en-el-ayuntamiento-muestra-la-poca-capacidad-del-equipo-de-gobierno\/#breadcrumb\",\"itemListElement\":[{\"@type\":\"ListItem\",\"position\":1,\"name\":\"Portada\",\"item\":\"https:\/\/agrupacionespsoe.es\/ponferrada\/\"},{\"@type\":\"ListItem\",\"position\":2,\"name\":\"El show en el ayuntamiento muestra la poca capacidad del equipo de gobierno\"}]},{\"@type\":\"WebSite\",\"@id\":\"https:\/\/agrupacionespsoe.es\/ponferrada\/#website\",\"url\":\"https:\/\/agrupacionespsoe.es\/ponferrada\/\",\"name\":\"Agrupaci\u00f3n Socialista de Ponferrada\",\"description\":\"Agrupaci\u00f3n Socialista de Ponferrada\",\"publisher\":{\"@id\":\"https:\/\/agrupacionespsoe.es\/ponferrada\/#organization\"},\"potentialAction\":[{\"@type\":\"SearchAction\",\"target\":{\"@type\":\"EntryPoint\",\"urlTemplate\":\"https:\/\/agrupacionespsoe.es\/ponferrada\/?s={search_term_string}\"},\"query-input\":{\"@type\":\"PropertyValueSpecification\",\"valueRequired\":true,\"valueName\":\"search_term_string\"}}],\"inLanguage\":\"es\"},{\"@type\":\"Organization\",\"@id\":\"https:\/\/agrupacionespsoe.es\/ponferrada\/#organization\",\"name\":\"Agrupaci\u00f3n Socialista de Ponferrada\",\"url\":\"https:\/\/agrupacionespsoe.es\/ponferrada\/\",\"logo\":{\"@type\":\"ImageObject\",\"inLanguage\":\"es\",\"@id\":\"https:\/\/agrupacionespsoe.es\/ponferrada\/#\/schema\/logo\/image\/\",\"url\":\"https:\/\/agrupacionespsoe.es\/wp-content\/uploads\/2022\/07\/Logotipo_electoral_del_PSOE.png\",\"contentUrl\":\"https:\/\/agrupacionespsoe.es\/wp-content\/uploads\/2022\/07\/Logotipo_electoral_del_PSOE.png\",\"width\":422,\"height\":422,\"caption\":\"Agrupaci\u00f3n Socialista de Ponferrada\"},\"image\":{\"@id\":\"https:\/\/agrupacionespsoe.es\/ponferrada\/#\/schema\/logo\/image\/\"}},{\"@type\":\"Person\",\"@id\":\"https:\/\/agrupacionespsoe.es\/ponferrada\/#\/schema\/person\/cd29ee627f3b70c05d415f02596debaa\",\"name\":\"ponferrada2\",\"image\":{\"@type\":\"ImageObject\",\"inLanguage\":\"es\",\"@id\":\"https:\/\/agrupacionespsoe.es\/ponferrada\/#\/schema\/person\/image\/\",\"url\":\"https:\/\/secure.gravatar.com\/avatar\/f499eeb60144c664cf7b7edf75549b50?s=96&d=mm&r=g\",\"contentUrl\":\"https:\/\/secure.gravatar.com\/avatar\/f499eeb60144c664cf7b7edf75549b50?s=96&d=mm&r=g\",\"caption\":\"ponferrada2\"},\"url\":\"https:\/\/agrupacionespsoe.es\/ponferrada\/author\/ponferrada2\/\"}]}<\/script>\n<!-- \/ Yoast SEO plugin. -->","yoast_head_json":{"title":"El show en el ayuntamiento muestra la poca capacidad del equipo de gobierno - Agrupaci\u00f3n Socialista de Ponferrada","robots":{"index":"index","follow":"follow","max-snippet":"max-snippet:-1","max-image-preview":"max-image-preview:large","max-video-preview":"max-video-preview:-1"},"canonical":"https:\/\/agrupacionespsoe.es\/ponferrada\/el-show-en-el-ayuntamiento-muestra-la-poca-capacidad-del-equipo-de-gobierno\/","og_locale":"es_ES","og_type":"article","og_title":"El show en el ayuntamiento muestra la poca capacidad del equipo de gobierno - Agrupaci\u00f3n Socialista de Ponferrada","og_description":"El PSOE ha valorado el lamentable espect\u00e1culo que el nuevo equipo de gobierno ha dado a cuenta de la aprobaci\u00f3n de sus primeros presupuestos, lo que hemos calificado como el show de Morala. Las actuaciones han sido un desprop\u00f3sito: convocan el pleno, intercambian comunicados de los partidos que gobiernan, para finalmente suspender el Pleno pasadas ...","og_url":"https:\/\/agrupacionespsoe.es\/ponferrada\/el-show-en-el-ayuntamiento-muestra-la-poca-capacidad-del-equipo-de-gobierno\/","og_site_name":"Agrupaci\u00f3n Socialista de Ponferrada","article_published_time":"2024-02-03T08:00:03+00:00","article_modified_time":"2024-02-05T08:21:15+00:00","og_image":[{"width":1600,"height":1200,"url":"https:\/\/agrupacionespsoe.es\/ponferrada\/wp-content\/uploads\/sites\/36\/2024\/02\/WhatsApp-Image-2024-02-05-at-09.20.18.jpeg","type":"image\/jpeg"}],"author":"ponferrada2","twitter_card":"summary_large_image","twitter_misc":{"Escrito por":"ponferrada2","Tiempo de lectura":"3 minutos"},"schema":{"@context":"https:\/\/schema.org","@graph":[{"@type":"Article","@id":"https:\/\/agrupacionespsoe.es\/ponferrada\/el-show-en-el-ayuntamiento-muestra-la-poca-capacidad-del-equipo-de-gobierno\/#article","isPartOf":{"@id":"https:\/\/agrupacionespsoe.es\/ponferrada\/el-show-en-el-ayuntamiento-muestra-la-poca-capacidad-del-equipo-de-gobierno\/"},"author":{"name":"ponferrada2","@id":"https:\/\/agrupacionespsoe.es\/ponferrada\/#\/schema\/person\/cd29ee627f3b70c05d415f02596debaa"},"headline":"El show en el ayuntamiento muestra la poca capacidad del equipo de gobierno","datePublished":"2024-02-03T08:00:03+00:00","dateModified":"2024-02-05T08:21:15+00:00","mainEntityOfPage":{"@id":"https:\/\/agrupacionespsoe.es\/ponferrada\/el-show-en-el-ayuntamiento-muestra-la-poca-capacidad-del-equipo-de-gobierno\/"},"wordCount":578,"commentCount":0,"publisher":{"@id":"https:\/\/agrupacionespsoe.es\/ponferrada\/#organization"},"image":{"@id":"https:\/\/agrupacionespsoe.es\/ponferrada\/el-show-en-el-ayuntamiento-muestra-la-poca-capacidad-del-equipo-de-gobierno\/#primaryimage"},"thumbnailUrl":"https:\/\/agrupacionespsoe.es\/ponferrada\/wp-content\/uploads\/sites\/36\/2024\/02\/WhatsApp-Image-2024-02-05-at-09.20.18.jpeg","articleSection":["ACTUALIDAD"],"inLanguage":"es","potentialAction":[{"@type":"CommentAction","name":"Comment","target":["https:\/\/agrupacionespsoe.es\/ponferrada\/el-show-en-el-ayuntamiento-muestra-la-poca-capacidad-del-equipo-de-gobierno\/#respond"]}]},{"@type":"WebPage","@id":"https:\/\/agrupacionespsoe.es\/ponferrada\/el-show-en-el-ayuntamiento-muestra-la-poca-capacidad-del-equipo-de-gobierno\/","url":"https:\/\/agrupacionespsoe.es\/ponferrada\/el-show-en-el-ayuntamiento-muestra-la-poca-capacidad-del-equipo-de-gobierno\/","name":"El show en el ayuntamiento muestra la poca capacidad del equipo de gobierno - Agrupaci\u00f3n Socialista de Ponferrada","isPartOf":{"@id":"https:\/\/agrupacionespsoe.es\/ponferrada\/#website"},"primaryImageOfPage":{"@id":"https:\/\/agrupacionespsoe.es\/ponferrada\/el-show-en-el-ayuntamiento-muestra-la-poca-capacidad-del-equipo-de-gobierno\/#primaryimage"},"image":{"@id":"https:\/\/agrupacionespsoe.es\/ponferrada\/el-show-en-el-ayuntamiento-muestra-la-poca-capacidad-del-equipo-de-gobierno\/#primaryimage"},"thumbnailUrl":"https:\/\/agrupacionespsoe.es\/ponferrada\/wp-content\/uploads\/sites\/36\/2024\/02\/WhatsApp-Image-2024-02-05-at-09.20.18.jpeg","datePublished":"2024-02-03T08:00:03+00:00","dateModified":"2024-02-05T08:21:15+00:00","breadcrumb":{"@id":"https:\/\/agrupacionespsoe.es\/ponferrada\/el-show-en-el-ayuntamiento-muestra-la-poca-capacidad-del-equipo-de-gobierno\/#breadcrumb"},"inLanguage":"es","potentialAction":[{"@type":"ReadAction","target":["https:\/\/agrupacionespsoe.es\/ponferrada\/el-show-en-el-ayuntamiento-muestra-la-poca-capacidad-del-equipo-de-gobierno\/"]}]},{"@type":"ImageObject","inLanguage":"es","@id":"https:\/\/agrupacionespsoe.es\/ponferrada\/el-show-en-el-ayuntamiento-muestra-la-poca-capacidad-del-equipo-de-gobierno\/#primaryimage","url":"https:\/\/agrupacionespsoe.es\/ponferrada\/wp-content\/uploads\/sites\/36\/2024\/02\/WhatsApp-Image-2024-02-05-at-09.20.18.jpeg","contentUrl":"https:\/\/agrupacionespsoe.es\/ponferrada\/wp-content\/uploads\/sites\/36\/2024\/02\/WhatsApp-Image-2024-02-05-at-09.20.18.jpeg","width":1600,"height":1200},{"@type":"BreadcrumbList","@id":"https:\/\/agrupacionespsoe.es\/ponferrada\/el-show-en-el-ayuntamiento-muestra-la-poca-capacidad-del-equipo-de-gobierno\/#breadcrumb","itemListElement":[{"@type":"ListItem","position":1,"name":"Portada","item":"https:\/\/agrupacionespsoe.es\/ponferrada\/"},{"@type":"ListItem","position":2,"name":"El show en el ayuntamiento muestra la poca capacidad del equipo de gobierno"}]},{"@type":"WebSite","@id":"https:\/\/agrupacionespsoe.es\/ponferrada\/#website","url":"https:\/\/agrupacionespsoe.es\/ponferrada\/","name":"Agrupaci\u00f3n Socialista de Ponferrada","description":"Agrupaci\u00f3n Socialista de Ponferrada","publisher":{"@id":"https:\/\/agrupacionespsoe.es\/ponferrada\/#organization"},"potentialAction":[{"@type":"SearchAction","target":{"@type":"EntryPoint","urlTemplate":"https:\/\/agrupacionespsoe.es\/ponferrada\/?s={search_term_string}"},"query-input":{"@type":"PropertyValueSpecification","valueRequired":true,"valueName":"search_term_string"}}],"inLanguage":"es"},{"@type":"Organization","@id":"https:\/\/agrupacionespsoe.es\/ponferrada\/#organization","name":"Agrupaci\u00f3n Socialista de Ponferrada","url":"https:\/\/agrupacionespsoe.es\/ponferrada\/","logo":{"@type":"ImageObject","inLanguage":"es","@id":"https:\/\/agrupacionespsoe.es\/ponferrada\/#\/schema\/logo\/image\/","url":"https:\/\/agrupacionespsoe.es\/wp-content\/uploads\/2022\/07\/Logotipo_electoral_del_PSOE.png","contentUrl":"https:\/\/agrupacionespsoe.es\/wp-content\/uploads\/2022\/07\/Logotipo_electoral_del_PSOE.png","width":422,"height":422,"caption":"Agrupaci\u00f3n Socialista de Ponferrada"},"image":{"@id":"https:\/\/agrupacionespsoe.es\/ponferrada\/#\/schema\/logo\/image\/"}},{"@type":"Person","@id":"https:\/\/agrupacionespsoe.es\/ponferrada\/#\/schema\/person\/cd29ee627f3b70c05d415f02596debaa","name":"ponferrada2","image":{"@type":"ImageObject","inLanguage":"es","@id":"https:\/\/agrupacionespsoe.es\/ponferrada\/#\/schema\/person\/image\/","url":"https:\/\/secure.gravatar.com\/avatar\/f499eeb60144c664cf7b7edf75549b50?s=96&d=mm&r=g","contentUrl":"https:\/\/secure.gravatar.com\/avatar\/f499eeb60144c664cf7b7edf75549b50?s=96&d=mm&r=g","caption":"ponferrada2"},"url":"https:\/\/agrupacionespsoe.es\/ponferrada\/author\/ponferrada2\/"}]}},"jetpack_featured_media_url":"https:\/\/agrupacionespsoe.es\/ponferrada\/wp-content\/uploads\/sites\/36\/2024\/02\/WhatsApp-Image-2024-02-05-at-09.20.18.jpeg","jetpack_sharing_enabled":true,"_links":{"self":[{"href":"https:\/\/agrupacionespsoe.es\/ponferrada\/wp-json\/wp\/v2\/posts\/362","targetHints":{"allow":["GET"]}}],"collection":[{"href":"https:\/\/agrupacionespsoe.es\/ponferrada\/wp-json\/wp\/v2\/posts"}],"about":[{"href":"https:\/\/agrupacionespsoe.es\/ponferrada\/wp-json\/wp\/v2\/types\/post"}],"author":[{"embeddable":true,"href":"https:\/\/agrupacionespsoe.es\/ponferrada\/wp-json\/wp\/v2\/users\/32"}],"replies":[{"embeddable":true,"href":"https:\/\/agrupacionespsoe.es\/ponferrada\/wp-json\/wp\/v2\/comments?post=362"}],"version-history":[{"count":2,"href":"https:\/\/agrupacionespsoe.es\/ponferrada\/wp-json\/wp\/v2\/posts\/362\/revisions"}],"predecessor-version":[{"id":367,"href":"https:\/\/agrupacionespsoe.es\/ponferrada\/wp-json\/wp\/v2\/posts\/362\/revisions\/367"}],"wp:featuredmedia":[{"embeddable":true,"href":"https:\/\/agrupacionespsoe.es\/ponferrada\/wp-json\/wp\/v2\/media\/365"}],"wp:attachment":[{"href":"https:\/\/agrupacionespsoe.es\/ponferrada\/wp-json\/wp\/v2\/media?parent=362"}],"wp:term":[{"taxonomy":"category","embeddable":true,"href":"https:\/\/agrupacionespsoe.es\/ponferrada\/wp-json\/wp\/v2\/categories?post=362"},{"taxonomy":"post_tag","embeddable":true,"href":"https:\/\/agrupacionespsoe.es\/ponferrada\/wp-json\/wp\/v2\/tags?post=362"}],"curies":[{"name":"wp","href":"https:\/\/api.w.org\/{rel}","templated":true}]}}