{"id":353,"date":"2024-01-26T16:34:38","date_gmt":"2024-01-26T16:34:38","guid":{"rendered":"https:\/\/agrupacionespsoe.es\/ponferrada\/?p=353"},"modified":"2024-01-26T18:04:02","modified_gmt":"2024-01-26T18:04:02","slug":"el-grupo-socialista-ofrecio-un-acuerdo-para-abstenerse-en-los-presupuestos","status":"publish","type":"post","link":"https:\/\/agrupacionespsoe.es\/ponferrada\/el-grupo-socialista-ofrecio-un-acuerdo-para-abstenerse-en-los-presupuestos\/","title":{"rendered":"El Grupo Socialista ofreci\u00f3 un acuerdo para abstenerse en los presupuestos"},"content":{"rendered":"\n<p class=\"has-large-font-size\"><strong><mark class=\"has-inline-color has-primary-color\">El PP lo rechaz\u00f3 por no acabar con los chiringuitos de VOX<\/mark><\/strong><\/p>\n\n\n\n<p>El PSOE ha calificado el proyecto de presupuestos de 2024 que ha presentado el actual equipo de gobierno como NEFASTOS, unos presupuestos que son malos para Ponferrada y malos para los y las ponferradinas.<\/p>\n\n\n\n<p>A nuestro juicio es el <strong>presupuesto de las 3 grandes mentiras:<\/strong><\/p>\n\n\n\n<ul class=\"wp-block-list\">\n<li>Ni m\u00e1s inversi\u00f3n, Se reducen en 2.258.641\u20ac<\/li>\n\n\n\n<li>Ni es el proyecto que sienta las bases para la reducci\u00f3n de impuestos y tasas (porque consolida los que ya est\u00e1n e incluso adelanta que van a mantener la ORA)<\/li>\n\n\n\n<li>Ni mucho menos hace un reparto igualitario de las inversiones ni por barrios ni teniendo en cuenta las pedan\u00edas existentes, solo como an\u00e9cdota las dos grandes inversiones en el medio rural van a la misma pedan\u00eda.<\/li>\n<\/ul>\n\n\n\n<p>Un presupuesto PLAGADO DE IMPROBABLES y que viene a dar la raz\u00f3n a lo que desde el PSOE venimos denunciando desde que se inici\u00f3 este tripartito. En asuntos como:<\/p>\n\n\n\n<ul class=\"wp-block-list\">\n<li>El aumento de los sueldos del equipo de gobierno: Van a percibir 200.000 euros M\u00c1S, elev\u00e1ndose por encima de 1,3 millones.<\/li>\n\n\n\n<li>Van a casi duplicar el presupuesto de fiestas.<\/li>\n\n\n\n<li>y a reducir el gasto social<\/li>\n<\/ul>\n\n\n\n<p>Y a pesar de que los presupuestos no nos gustan, por RESPONSABILIDAD el PSOE le ha ofrecido una propuesta al equipo de gobierno para que el gobierno de esta ciudad no quede en manos de la ultraderecha,<\/p>\n\n\n\n<p>El PSOE se abstendr\u00eda NO necesitando los votos de VOX.<\/p>\n\n\n\n<p>Una propuesta que no han aceptado porque para ellos nuestras peticiones de eliminaci\u00f3n de los chiringuitos de VOX eran una l\u00ednea roja, al igual que mantener el empleo de 55 personas durante 6 meses, que ellos van a externalizar con un coste superior al que supondr\u00eda al ayuntamiento.<\/p>\n\n\n\n<p>Nos resulta incomprensible, han elegido el camino que ya nos marcaron en la foto de Valladolid, el camino donde la ultraderecha CONDICIONAR\u00c1 la vida pol\u00edtica del ayuntamiento y tendr\u00e1 poder en la toma de decisiones que afectan a la ciudadan\u00eda.<\/p>\n\n\n\n<p>Este es consecuencia de que el acuerdo de gobierno no est\u00e1 fundamentado en un programa pol\u00edtico o una visi\u00f3n de lo que quieren hacer con Ponferrada sino que les unen intereses personales coincidentes.<\/p>\n\n\n\n<figure class=\"wp-block-image size-large\"><img loading=\"lazy\" decoding=\"async\" width=\"1024\" height=\"768\" src=\"https:\/\/agrupacionespsoe.es\/ponferrada\/wp-content\/uploads\/sites\/36\/2024\/01\/WhatsApp-Image-2024-01-26-at-18.19.11-1024x768.jpeg\" alt=\"\" class=\"wp-image-356\" srcset=\"https:\/\/agrupacionespsoe.es\/ponferrada\/wp-content\/uploads\/sites\/36\/2024\/01\/WhatsApp-Image-2024-01-26-at-18.19.11-1024x768.jpeg 1024w, https:\/\/agrupacionespsoe.es\/ponferrada\/wp-content\/uploads\/sites\/36\/2024\/01\/WhatsApp-Image-2024-01-26-at-18.19.11-300x225.jpeg 300w, https:\/\/agrupacionespsoe.es\/ponferrada\/wp-content\/uploads\/sites\/36\/2024\/01\/WhatsApp-Image-2024-01-26-at-18.19.11-768x576.jpeg 768w, https:\/\/agrupacionespsoe.es\/ponferrada\/wp-content\/uploads\/sites\/36\/2024\/01\/WhatsApp-Image-2024-01-26-at-18.19.11-1536x1152.jpeg 1536w, https:\/\/agrupacionespsoe.es\/ponferrada\/wp-content\/uploads\/sites\/36\/2024\/01\/WhatsApp-Image-2024-01-26-at-18.19.11.jpeg 2048w\" sizes=\"auto, (max-width: 1024px) 100vw, 1024px\" \/><\/figure>\n","protected":false},"excerpt":{"rendered":"<p>El PP lo rechaz\u00f3 por no acabar con los chiringuitos de VOX El PSOE ha calificado el proyecto de presupuestos de 2024 que ha presentado el actual equipo de gobierno como NEFASTOS, unos presupuestos que son malos para Ponferrada y malos para los y las ponferradinas. A nuestro juicio es el presupuesto de las 3 &#8230;<\/p>\n","protected":false},"author":32,"featured_media":356,"comment_status":"open","ping_status":"open","sticky":false,"template":"","format":"standard","meta":{"_jetpack_memberships_contains_paid_content":false,"footnotes":""},"categories":[6],"tags":[],"class_list":["post-353","post","type-post","status-publish","format-standard","has-post-thumbnail","hentry","category-actualidad"],"yoast_head":"<!-- This site is optimized with the Yoast SEO plugin v24.0 - https:\/\/yoast.com\/wordpress\/plugins\/seo\/ -->\n<title>El Grupo Socialista ofreci\u00f3 un acuerdo para abstenerse en los presupuestos - Agrupaci\u00f3n Socialista de Ponferrada<\/title>\n<meta name=\"robots\" content=\"index, follow, max-snippet:-1, max-image-preview:large, max-video-preview:-1\" \/>\n<link rel=\"canonical\" href=\"https:\/\/agrupacionespsoe.es\/ponferrada\/el-grupo-socialista-ofrecio-un-acuerdo-para-abstenerse-en-los-presupuestos\/\" \/>\n<meta property=\"og:locale\" content=\"es_ES\" \/>\n<meta property=\"og:type\" content=\"article\" \/>\n<meta property=\"og:title\" content=\"El Grupo Socialista ofreci\u00f3 un acuerdo para abstenerse en los presupuestos - Agrupaci\u00f3n Socialista de Ponferrada\" \/>\n<meta property=\"og:description\" content=\"El PP lo rechaz\u00f3 por no acabar con los chiringuitos de VOX El PSOE ha calificado el proyecto de presupuestos de 2024 que ha presentado el actual equipo de gobierno como NEFASTOS, unos presupuestos que son malos para Ponferrada y malos para los y las ponferradinas. A nuestro juicio es el presupuesto de las 3 ...\" \/>\n<meta property=\"og:url\" content=\"https:\/\/agrupacionespsoe.es\/ponferrada\/el-grupo-socialista-ofrecio-un-acuerdo-para-abstenerse-en-los-presupuestos\/\" \/>\n<meta property=\"og:site_name\" content=\"Agrupaci\u00f3n Socialista de Ponferrada\" \/>\n<meta property=\"article:published_time\" content=\"2024-01-26T16:34:38+00:00\" \/>\n<meta property=\"article:modified_time\" content=\"2024-01-26T18:04:02+00:00\" \/>\n<meta property=\"og:image\" content=\"https:\/\/agrupacionespsoe.es\/ponferrada\/wp-content\/uploads\/sites\/36\/2024\/01\/WhatsApp-Image-2024-01-26-at-18.19.11.jpeg\" \/>\n\t<meta property=\"og:image:width\" content=\"2048\" \/>\n\t<meta property=\"og:image:height\" content=\"1536\" \/>\n\t<meta property=\"og:image:type\" content=\"image\/jpeg\" \/>\n<meta name=\"author\" content=\"ponferrada2\" \/>\n<meta name=\"twitter:card\" content=\"summary_large_image\" \/>\n<meta name=\"twitter:label1\" content=\"Escrito por\" \/>\n\t<meta name=\"twitter:data1\" content=\"ponferrada2\" \/>\n\t<meta name=\"twitter:label2\" content=\"Tiempo de lectura\" \/>\n\t<meta name=\"twitter:data2\" content=\"2 minutos\" \/>\n<script type=\"application\/ld+json\" class=\"yoast-schema-graph\">{\"@context\":\"https:\/\/schema.org\",\"@graph\":[{\"@type\":\"Article\",\"@id\":\"https:\/\/agrupacionespsoe.es\/ponferrada\/el-grupo-socialista-ofrecio-un-acuerdo-para-abstenerse-en-los-presupuestos\/#article\",\"isPartOf\":{\"@id\":\"https:\/\/agrupacionespsoe.es\/ponferrada\/el-grupo-socialista-ofrecio-un-acuerdo-para-abstenerse-en-los-presupuestos\/\"},\"author\":{\"name\":\"ponferrada2\",\"@id\":\"https:\/\/agrupacionespsoe.es\/ponferrada\/#\/schema\/person\/cd29ee627f3b70c05d415f02596debaa\"},\"headline\":\"El Grupo Socialista ofreci\u00f3 un acuerdo para abstenerse en los presupuestos\",\"datePublished\":\"2024-01-26T16:34:38+00:00\",\"dateModified\":\"2024-01-26T18:04:02+00:00\",\"mainEntityOfPage\":{\"@id\":\"https:\/\/agrupacionespsoe.es\/ponferrada\/el-grupo-socialista-ofrecio-un-acuerdo-para-abstenerse-en-los-presupuestos\/\"},\"wordCount\":384,\"commentCount\":0,\"publisher\":{\"@id\":\"https:\/\/agrupacionespsoe.es\/ponferrada\/#organization\"},\"image\":{\"@id\":\"https:\/\/agrupacionespsoe.es\/ponferrada\/el-grupo-socialista-ofrecio-un-acuerdo-para-abstenerse-en-los-presupuestos\/#primaryimage\"},\"thumbnailUrl\":\"https:\/\/agrupacionespsoe.es\/ponferrada\/wp-content\/uploads\/sites\/36\/2024\/01\/WhatsApp-Image-2024-01-26-at-18.19.11.jpeg\",\"articleSection\":[\"ACTUALIDAD\"],\"inLanguage\":\"es\",\"potentialAction\":[{\"@type\":\"CommentAction\",\"name\":\"Comment\",\"target\":[\"https:\/\/agrupacionespsoe.es\/ponferrada\/el-grupo-socialista-ofrecio-un-acuerdo-para-abstenerse-en-los-presupuestos\/#respond\"]}]},{\"@type\":\"WebPage\",\"@id\":\"https:\/\/agrupacionespsoe.es\/ponferrada\/el-grupo-socialista-ofrecio-un-acuerdo-para-abstenerse-en-los-presupuestos\/\",\"url\":\"https:\/\/agrupacionespsoe.es\/ponferrada\/el-grupo-socialista-ofrecio-un-acuerdo-para-abstenerse-en-los-presupuestos\/\",\"name\":\"El Grupo Socialista ofreci\u00f3 un acuerdo para abstenerse en los presupuestos - Agrupaci\u00f3n Socialista de Ponferrada\",\"isPartOf\":{\"@id\":\"https:\/\/agrupacionespsoe.es\/ponferrada\/#website\"},\"primaryImageOfPage\":{\"@id\":\"https:\/\/agrupacionespsoe.es\/ponferrada\/el-grupo-socialista-ofrecio-un-acuerdo-para-abstenerse-en-los-presupuestos\/#primaryimage\"},\"image\":{\"@id\":\"https:\/\/agrupacionespsoe.es\/ponferrada\/el-grupo-socialista-ofrecio-un-acuerdo-para-abstenerse-en-los-presupuestos\/#primaryimage\"},\"thumbnailUrl\":\"https:\/\/agrupacionespsoe.es\/ponferrada\/wp-content\/uploads\/sites\/36\/2024\/01\/WhatsApp-Image-2024-01-26-at-18.19.11.jpeg\",\"datePublished\":\"2024-01-26T16:34:38+00:00\",\"dateModified\":\"2024-01-26T18:04:02+00:00\",\"breadcrumb\":{\"@id\":\"https:\/\/agrupacionespsoe.es\/ponferrada\/el-grupo-socialista-ofrecio-un-acuerdo-para-abstenerse-en-los-presupuestos\/#breadcrumb\"},\"inLanguage\":\"es\",\"potentialAction\":[{\"@type\":\"ReadAction\",\"target\":[\"https:\/\/agrupacionespsoe.es\/ponferrada\/el-grupo-socialista-ofrecio-un-acuerdo-para-abstenerse-en-los-presupuestos\/\"]}]},{\"@type\":\"ImageObject\",\"inLanguage\":\"es\",\"@id\":\"https:\/\/agrupacionespsoe.es\/ponferrada\/el-grupo-socialista-ofrecio-un-acuerdo-para-abstenerse-en-los-presupuestos\/#primaryimage\",\"url\":\"https:\/\/agrupacionespsoe.es\/ponferrada\/wp-content\/uploads\/sites\/36\/2024\/01\/WhatsApp-Image-2024-01-26-at-18.19.11.jpeg\",\"contentUrl\":\"https:\/\/agrupacionespsoe.es\/ponferrada\/wp-content\/uploads\/sites\/36\/2024\/01\/WhatsApp-Image-2024-01-26-at-18.19.11.jpeg\",\"width\":2048,\"height\":1536},{\"@type\":\"BreadcrumbList\",\"@id\":\"https:\/\/agrupacionespsoe.es\/ponferrada\/el-grupo-socialista-ofrecio-un-acuerdo-para-abstenerse-en-los-presupuestos\/#breadcrumb\",\"itemListElement\":[{\"@type\":\"ListItem\",\"position\":1,\"name\":\"Portada\",\"item\":\"https:\/\/agrupacionespsoe.es\/ponferrada\/\"},{\"@type\":\"ListItem\",\"position\":2,\"name\":\"El Grupo Socialista ofreci\u00f3 un acuerdo para abstenerse en los presupuestos\"}]},{\"@type\":\"WebSite\",\"@id\":\"https:\/\/agrupacionespsoe.es\/ponferrada\/#website\",\"url\":\"https:\/\/agrupacionespsoe.es\/ponferrada\/\",\"name\":\"Agrupaci\u00f3n Socialista de Ponferrada\",\"description\":\"Agrupaci\u00f3n Socialista de Ponferrada\",\"publisher\":{\"@id\":\"https:\/\/agrupacionespsoe.es\/ponferrada\/#organization\"},\"potentialAction\":[{\"@type\":\"SearchAction\",\"target\":{\"@type\":\"EntryPoint\",\"urlTemplate\":\"https:\/\/agrupacionespsoe.es\/ponferrada\/?s={search_term_string}\"},\"query-input\":{\"@type\":\"PropertyValueSpecification\",\"valueRequired\":true,\"valueName\":\"search_term_string\"}}],\"inLanguage\":\"es\"},{\"@type\":\"Organization\",\"@id\":\"https:\/\/agrupacionespsoe.es\/ponferrada\/#organization\",\"name\":\"Agrupaci\u00f3n Socialista de Ponferrada\",\"url\":\"https:\/\/agrupacionespsoe.es\/ponferrada\/\",\"logo\":{\"@type\":\"ImageObject\",\"inLanguage\":\"es\",\"@id\":\"https:\/\/agrupacionespsoe.es\/ponferrada\/#\/schema\/logo\/image\/\",\"url\":\"https:\/\/agrupacionespsoe.es\/wp-content\/uploads\/2022\/07\/Logotipo_electoral_del_PSOE.png\",\"contentUrl\":\"https:\/\/agrupacionespsoe.es\/wp-content\/uploads\/2022\/07\/Logotipo_electoral_del_PSOE.png\",\"width\":422,\"height\":422,\"caption\":\"Agrupaci\u00f3n Socialista de Ponferrada\"},\"image\":{\"@id\":\"https:\/\/agrupacionespsoe.es\/ponferrada\/#\/schema\/logo\/image\/\"}},{\"@type\":\"Person\",\"@id\":\"https:\/\/agrupacionespsoe.es\/ponferrada\/#\/schema\/person\/cd29ee627f3b70c05d415f02596debaa\",\"name\":\"ponferrada2\",\"image\":{\"@type\":\"ImageObject\",\"inLanguage\":\"es\",\"@id\":\"https:\/\/agrupacionespsoe.es\/ponferrada\/#\/schema\/person\/image\/\",\"url\":\"https:\/\/secure.gravatar.com\/avatar\/f499eeb60144c664cf7b7edf75549b50?s=96&d=mm&r=g\",\"contentUrl\":\"https:\/\/secure.gravatar.com\/avatar\/f499eeb60144c664cf7b7edf75549b50?s=96&d=mm&r=g\",\"caption\":\"ponferrada2\"},\"url\":\"https:\/\/agrupacionespsoe.es\/ponferrada\/author\/ponferrada2\/\"}]}<\/script>\n<!-- \/ Yoast SEO plugin. -->","yoast_head_json":{"title":"El Grupo Socialista ofreci\u00f3 un acuerdo para abstenerse en los presupuestos - Agrupaci\u00f3n Socialista de Ponferrada","robots":{"index":"index","follow":"follow","max-snippet":"max-snippet:-1","max-image-preview":"max-image-preview:large","max-video-preview":"max-video-preview:-1"},"canonical":"https:\/\/agrupacionespsoe.es\/ponferrada\/el-grupo-socialista-ofrecio-un-acuerdo-para-abstenerse-en-los-presupuestos\/","og_locale":"es_ES","og_type":"article","og_title":"El Grupo Socialista ofreci\u00f3 un acuerdo para abstenerse en los presupuestos - Agrupaci\u00f3n Socialista de Ponferrada","og_description":"El PP lo rechaz\u00f3 por no acabar con los chiringuitos de VOX El PSOE ha calificado el proyecto de presupuestos de 2024 que ha presentado el actual equipo de gobierno como NEFASTOS, unos presupuestos que son malos para Ponferrada y malos para los y las ponferradinas. A nuestro juicio es el presupuesto de las 3 ...","og_url":"https:\/\/agrupacionespsoe.es\/ponferrada\/el-grupo-socialista-ofrecio-un-acuerdo-para-abstenerse-en-los-presupuestos\/","og_site_name":"Agrupaci\u00f3n Socialista de Ponferrada","article_published_time":"2024-01-26T16:34:38+00:00","article_modified_time":"2024-01-26T18:04:02+00:00","og_image":[{"width":2048,"height":1536,"url":"https:\/\/agrupacionespsoe.es\/ponferrada\/wp-content\/uploads\/sites\/36\/2024\/01\/WhatsApp-Image-2024-01-26-at-18.19.11.jpeg","type":"image\/jpeg"}],"author":"ponferrada2","twitter_card":"summary_large_image","twitter_misc":{"Escrito por":"ponferrada2","Tiempo de lectura":"2 minutos"},"schema":{"@context":"https:\/\/schema.org","@graph":[{"@type":"Article","@id":"https:\/\/agrupacionespsoe.es\/ponferrada\/el-grupo-socialista-ofrecio-un-acuerdo-para-abstenerse-en-los-presupuestos\/#article","isPartOf":{"@id":"https:\/\/agrupacionespsoe.es\/ponferrada\/el-grupo-socialista-ofrecio-un-acuerdo-para-abstenerse-en-los-presupuestos\/"},"author":{"name":"ponferrada2","@id":"https:\/\/agrupacionespsoe.es\/ponferrada\/#\/schema\/person\/cd29ee627f3b70c05d415f02596debaa"},"headline":"El Grupo Socialista ofreci\u00f3 un acuerdo para abstenerse en los presupuestos","datePublished":"2024-01-26T16:34:38+00:00","dateModified":"2024-01-26T18:04:02+00:00","mainEntityOfPage":{"@id":"https:\/\/agrupacionespsoe.es\/ponferrada\/el-grupo-socialista-ofrecio-un-acuerdo-para-abstenerse-en-los-presupuestos\/"},"wordCount":384,"commentCount":0,"publisher":{"@id":"https:\/\/agrupacionespsoe.es\/ponferrada\/#organization"},"image":{"@id":"https:\/\/agrupacionespsoe.es\/ponferrada\/el-grupo-socialista-ofrecio-un-acuerdo-para-abstenerse-en-los-presupuestos\/#primaryimage"},"thumbnailUrl":"https:\/\/agrupacionespsoe.es\/ponferrada\/wp-content\/uploads\/sites\/36\/2024\/01\/WhatsApp-Image-2024-01-26-at-18.19.11.jpeg","articleSection":["ACTUALIDAD"],"inLanguage":"es","potentialAction":[{"@type":"CommentAction","name":"Comment","target":["https:\/\/agrupacionespsoe.es\/ponferrada\/el-grupo-socialista-ofrecio-un-acuerdo-para-abstenerse-en-los-presupuestos\/#respond"]}]},{"@type":"WebPage","@id":"https:\/\/agrupacionespsoe.es\/ponferrada\/el-grupo-socialista-ofrecio-un-acuerdo-para-abstenerse-en-los-presupuestos\/","url":"https:\/\/agrupacionespsoe.es\/ponferrada\/el-grupo-socialista-ofrecio-un-acuerdo-para-abstenerse-en-los-presupuestos\/","name":"El Grupo Socialista ofreci\u00f3 un acuerdo para abstenerse en los presupuestos - Agrupaci\u00f3n Socialista de Ponferrada","isPartOf":{"@id":"https:\/\/agrupacionespsoe.es\/ponferrada\/#website"},"primaryImageOfPage":{"@id":"https:\/\/agrupacionespsoe.es\/ponferrada\/el-grupo-socialista-ofrecio-un-acuerdo-para-abstenerse-en-los-presupuestos\/#primaryimage"},"image":{"@id":"https:\/\/agrupacionespsoe.es\/ponferrada\/el-grupo-socialista-ofrecio-un-acuerdo-para-abstenerse-en-los-presupuestos\/#primaryimage"},"thumbnailUrl":"https:\/\/agrupacionespsoe.es\/ponferrada\/wp-content\/uploads\/sites\/36\/2024\/01\/WhatsApp-Image-2024-01-26-at-18.19.11.jpeg","datePublished":"2024-01-26T16:34:38+00:00","dateModified":"2024-01-26T18:04:02+00:00","breadcrumb":{"@id":"https:\/\/agrupacionespsoe.es\/ponferrada\/el-grupo-socialista-ofrecio-un-acuerdo-para-abstenerse-en-los-presupuestos\/#breadcrumb"},"inLanguage":"es","potentialAction":[{"@type":"ReadAction","target":["https:\/\/agrupacionespsoe.es\/ponferrada\/el-grupo-socialista-ofrecio-un-acuerdo-para-abstenerse-en-los-presupuestos\/"]}]},{"@type":"ImageObject","inLanguage":"es","@id":"https:\/\/agrupacionespsoe.es\/ponferrada\/el-grupo-socialista-ofrecio-un-acuerdo-para-abstenerse-en-los-presupuestos\/#primaryimage","url":"https:\/\/agrupacionespsoe.es\/ponferrada\/wp-content\/uploads\/sites\/36\/2024\/01\/WhatsApp-Image-2024-01-26-at-18.19.11.jpeg","contentUrl":"https:\/\/agrupacionespsoe.es\/ponferrada\/wp-content\/uploads\/sites\/36\/2024\/01\/WhatsApp-Image-2024-01-26-at-18.19.11.jpeg","width":2048,"height":1536},{"@type":"BreadcrumbList","@id":"https:\/\/agrupacionespsoe.es\/ponferrada\/el-grupo-socialista-ofrecio-un-acuerdo-para-abstenerse-en-los-presupuestos\/#breadcrumb","itemListElement":[{"@type":"ListItem","position":1,"name":"Portada","item":"https:\/\/agrupacionespsoe.es\/ponferrada\/"},{"@type":"ListItem","position":2,"name":"El Grupo Socialista ofreci\u00f3 un acuerdo para abstenerse en los presupuestos"}]},{"@type":"WebSite","@id":"https:\/\/agrupacionespsoe.es\/ponferrada\/#website","url":"https:\/\/agrupacionespsoe.es\/ponferrada\/","name":"Agrupaci\u00f3n Socialista de Ponferrada","description":"Agrupaci\u00f3n Socialista de Ponferrada","publisher":{"@id":"https:\/\/agrupacionespsoe.es\/ponferrada\/#organization"},"potentialAction":[{"@type":"SearchAction","target":{"@type":"EntryPoint","urlTemplate":"https:\/\/agrupacionespsoe.es\/ponferrada\/?s={search_term_string}"},"query-input":{"@type":"PropertyValueSpecification","valueRequired":true,"valueName":"search_term_string"}}],"inLanguage":"es"},{"@type":"Organization","@id":"https:\/\/agrupacionespsoe.es\/ponferrada\/#organization","name":"Agrupaci\u00f3n Socialista de Ponferrada","url":"https:\/\/agrupacionespsoe.es\/ponferrada\/","logo":{"@type":"ImageObject","inLanguage":"es","@id":"https:\/\/agrupacionespsoe.es\/ponferrada\/#\/schema\/logo\/image\/","url":"https:\/\/agrupacionespsoe.es\/wp-content\/uploads\/2022\/07\/Logotipo_electoral_del_PSOE.png","contentUrl":"https:\/\/agrupacionespsoe.es\/wp-content\/uploads\/2022\/07\/Logotipo_electoral_del_PSOE.png","width":422,"height":422,"caption":"Agrupaci\u00f3n Socialista de Ponferrada"},"image":{"@id":"https:\/\/agrupacionespsoe.es\/ponferrada\/#\/schema\/logo\/image\/"}},{"@type":"Person","@id":"https:\/\/agrupacionespsoe.es\/ponferrada\/#\/schema\/person\/cd29ee627f3b70c05d415f02596debaa","name":"ponferrada2","image":{"@type":"ImageObject","inLanguage":"es","@id":"https:\/\/agrupacionespsoe.es\/ponferrada\/#\/schema\/person\/image\/","url":"https:\/\/secure.gravatar.com\/avatar\/f499eeb60144c664cf7b7edf75549b50?s=96&d=mm&r=g","contentUrl":"https:\/\/secure.gravatar.com\/avatar\/f499eeb60144c664cf7b7edf75549b50?s=96&d=mm&r=g","caption":"ponferrada2"},"url":"https:\/\/agrupacionespsoe.es\/ponferrada\/author\/ponferrada2\/"}]}},"jetpack_featured_media_url":"https:\/\/agrupacionespsoe.es\/ponferrada\/wp-content\/uploads\/sites\/36\/2024\/01\/WhatsApp-Image-2024-01-26-at-18.19.11.jpeg","jetpack_sharing_enabled":true,"_links":{"self":[{"href":"https:\/\/agrupacionespsoe.es\/ponferrada\/wp-json\/wp\/v2\/posts\/353","targetHints":{"allow":["GET"]}}],"collection":[{"href":"https:\/\/agrupacionespsoe.es\/ponferrada\/wp-json\/wp\/v2\/posts"}],"about":[{"href":"https:\/\/agrupacionespsoe.es\/ponferrada\/wp-json\/wp\/v2\/types\/post"}],"author":[{"embeddable":true,"href":"https:\/\/agrupacionespsoe.es\/ponferrada\/wp-json\/wp\/v2\/users\/32"}],"replies":[{"embeddable":true,"href":"https:\/\/agrupacionespsoe.es\/ponferrada\/wp-json\/wp\/v2\/comments?post=353"}],"version-history":[{"count":2,"href":"https:\/\/agrupacionespsoe.es\/ponferrada\/wp-json\/wp\/v2\/posts\/353\/revisions"}],"predecessor-version":[{"id":357,"href":"https:\/\/agrupacionespsoe.es\/ponferrada\/wp-json\/wp\/v2\/posts\/353\/revisions\/357"}],"wp:featuredmedia":[{"embeddable":true,"href":"https:\/\/agrupacionespsoe.es\/ponferrada\/wp-json\/wp\/v2\/media\/356"}],"wp:attachment":[{"href":"https:\/\/agrupacionespsoe.es\/ponferrada\/wp-json\/wp\/v2\/media?parent=353"}],"wp:term":[{"taxonomy":"category","embeddable":true,"href":"https:\/\/agrupacionespsoe.es\/ponferrada\/wp-json\/wp\/v2\/categories?post=353"},{"taxonomy":"post_tag","embeddable":true,"href":"https:\/\/agrupacionespsoe.es\/ponferrada\/wp-json\/wp\/v2\/tags?post=353"}],"curies":[{"name":"wp","href":"https:\/\/api.w.org\/{rel}","templated":true}]}}