{"id":350,"date":"2024-01-25T11:15:00","date_gmt":"2024-01-25T11:15:00","guid":{"rendered":"https:\/\/agrupacionespsoe.es\/ponferrada\/?p=350"},"modified":"2024-01-26T16:19:05","modified_gmt":"2024-01-26T16:19:05","slug":"el-grupo-socialista-vuelve-a-denunciar-que-el-equipo-de-gobierno-no-convoca-ni-plenos-ordinarios-ni-mucho-menos-comisiones-informativas","status":"publish","type":"post","link":"https:\/\/agrupacionespsoe.es\/ponferrada\/el-grupo-socialista-vuelve-a-denunciar-que-el-equipo-de-gobierno-no-convoca-ni-plenos-ordinarios-ni-mucho-menos-comisiones-informativas\/","title":{"rendered":"El Grupo Socialista vuelve a denunciar que el equipo de gobierno no convoca ni plenos ordinarios ni mucho menos comisiones informativas"},"content":{"rendered":"\n<ul class=\"wp-block-list\">\n<li><strong>La falta de convocatoria del Pleno ordinario es por la incapacidad y la falta de trabajo del actual equipo de gobierno<\/strong><\/li>\n<\/ul>\n\n\n\n<p>El grupo socialista quiere volver a manifestar su descontento por la forma de hacer pol\u00edtica de la nueva corporaci\u00f3n municipal.<\/p>\n\n\n\n<p>Desde el grupo se\u00f1alan que \u201ccomenzamos el a\u00f1o y el nuevo equipo de gobierno no ha sido capaz de traer ning\u00fan asunto al pleno ordinario. Desde el Grupo socialista ya hemos criticado la falta de inter\u00e9s para la ciudadan\u00eda de los puntos que habitualmente llevan a los plenos, pero en esta ocasi\u00f3n ni siquiera han podido convocar un pleno ordinario para debatir ning\u00fan punto, esto es, sin duda, debido a la incapacidad y la falta de trabajo del actual equipo de gobierno. Solo son capaces de continuar con lo que ya estaba iniciado por el equipo de gobierno de Olegario Ram\u00f3n.\u201d<\/p>\n\n\n\n<p>Contin\u00faan indicando que \u201clas ma\u00f1as les delatan y sus ma\u00f1as son completamente antidemocr\u00e1ticas y la ant\u00edtesis de la transparencia y buen gobierno\u201d.<\/p>\n\n\n\n<p>A esto a\u00f1adimos que PP, Coalici\u00f3n y VOX siguen sin convocar comisiones de manera peri\u00f3dica como deber\u00edan en un ayuntamiento como el de Ponferrada.<\/p>\n\n\n\n<p>El grupo socialista ha querido recalcar que&nbsp; el PP ha recuperado las formas de actuar de su predecesora en el cargo que fue una de las pocas que no era capaz de convocar los plenos ordinarios, lo que va en contra del esp\u00edritu de todas las normas y leyes que se\u00f1alan los derechos de los concejales en la oposici\u00f3n, normas que dicen respetan y acatar.\u201d<\/p>\n\n\n\n<p>No entienden que la falta de transparencia con la que gobiernan afectan a la ciudadan\u00eda que no conocen las decisiones que se toman ni la forma en la que se toman y tampoco se pueden mejorar sin la participaci\u00f3n de todos los agentes implicados, es decir, est\u00e1n vulnerando el derecho fundamental de los ciudadanos a participar en los asuntos p\u00fablicos.<\/p>\n\n\n\n<p>Por \u00faltimo se\u00f1alan que ni convocan comisiones informativas ni tampoco responden a las solicitudes de informaci\u00f3n que se est\u00e1n haciendo desde el \u00fanico grupo pol\u00edtico en la oposici\u00f3n. \u201cEstas actuaciones son propias de unos falsos dem\u00f3cratas, solo lo son cuando las c\u00e1maras les enfocan y no en sus actuaciones diarias\u201d.<\/p>\n\n\n\n<figure class=\"wp-block-image size-large\"><img loading=\"lazy\" decoding=\"async\" width=\"1024\" height=\"768\" src=\"https:\/\/agrupacionespsoe.es\/ponferrada\/wp-content\/uploads\/sites\/36\/2024\/01\/WhatsApp-Image-2024-01-26-at-17.18.32-1024x768.jpeg\" alt=\"\" class=\"wp-image-351\" srcset=\"https:\/\/agrupacionespsoe.es\/ponferrada\/wp-content\/uploads\/sites\/36\/2024\/01\/WhatsApp-Image-2024-01-26-at-17.18.32-1024x768.jpeg 1024w, https:\/\/agrupacionespsoe.es\/ponferrada\/wp-content\/uploads\/sites\/36\/2024\/01\/WhatsApp-Image-2024-01-26-at-17.18.32-300x225.jpeg 300w, https:\/\/agrupacionespsoe.es\/ponferrada\/wp-content\/uploads\/sites\/36\/2024\/01\/WhatsApp-Image-2024-01-26-at-17.18.32-768x576.jpeg 768w, https:\/\/agrupacionespsoe.es\/ponferrada\/wp-content\/uploads\/sites\/36\/2024\/01\/WhatsApp-Image-2024-01-26-at-17.18.32-1536x1152.jpeg 1536w, https:\/\/agrupacionespsoe.es\/ponferrada\/wp-content\/uploads\/sites\/36\/2024\/01\/WhatsApp-Image-2024-01-26-at-17.18.32.jpeg 1600w\" sizes=\"auto, (max-width: 1024px) 100vw, 1024px\" \/><\/figure>\n","protected":false},"excerpt":{"rendered":"<p>El grupo socialista quiere volver a manifestar su descontento por la forma de hacer pol\u00edtica de la nueva corporaci\u00f3n municipal. Desde el grupo se\u00f1alan que \u201ccomenzamos el a\u00f1o y el nuevo equipo de gobierno no ha sido capaz de traer ning\u00fan asunto al pleno ordinario. Desde el Grupo socialista ya hemos criticado la falta de &#8230;<\/p>\n","protected":false},"author":32,"featured_media":351,"comment_status":"open","ping_status":"open","sticky":false,"template":"","format":"standard","meta":{"_jetpack_memberships_contains_paid_content":false,"footnotes":""},"categories":[6],"tags":[],"class_list":["post-350","post","type-post","status-publish","format-standard","has-post-thumbnail","hentry","category-actualidad"],"yoast_head":"<!-- This site is optimized with the Yoast SEO plugin v24.0 - https:\/\/yoast.com\/wordpress\/plugins\/seo\/ -->\n<title>El Grupo Socialista vuelve a denunciar que el equipo de gobierno no convoca ni plenos ordinarios ni mucho menos comisiones informativas - Agrupaci\u00f3n Socialista de Ponferrada<\/title>\n<meta name=\"robots\" content=\"index, follow, max-snippet:-1, max-image-preview:large, max-video-preview:-1\" \/>\n<link rel=\"canonical\" href=\"https:\/\/agrupacionespsoe.es\/ponferrada\/el-grupo-socialista-vuelve-a-denunciar-que-el-equipo-de-gobierno-no-convoca-ni-plenos-ordinarios-ni-mucho-menos-comisiones-informativas\/\" \/>\n<meta property=\"og:locale\" content=\"es_ES\" \/>\n<meta property=\"og:type\" content=\"article\" \/>\n<meta property=\"og:title\" content=\"El Grupo Socialista vuelve a denunciar que el equipo de gobierno no convoca ni plenos ordinarios ni mucho menos comisiones informativas - Agrupaci\u00f3n Socialista de Ponferrada\" \/>\n<meta property=\"og:description\" content=\"El grupo socialista quiere volver a manifestar su descontento por la forma de hacer pol\u00edtica de la nueva corporaci\u00f3n municipal. Desde el grupo se\u00f1alan que \u201ccomenzamos el a\u00f1o y el nuevo equipo de gobierno no ha sido capaz de traer ning\u00fan asunto al pleno ordinario. Desde el Grupo socialista ya hemos criticado la falta de ...\" \/>\n<meta property=\"og:url\" content=\"https:\/\/agrupacionespsoe.es\/ponferrada\/el-grupo-socialista-vuelve-a-denunciar-que-el-equipo-de-gobierno-no-convoca-ni-plenos-ordinarios-ni-mucho-menos-comisiones-informativas\/\" \/>\n<meta property=\"og:site_name\" content=\"Agrupaci\u00f3n Socialista de Ponferrada\" \/>\n<meta property=\"article:published_time\" content=\"2024-01-25T11:15:00+00:00\" \/>\n<meta property=\"article:modified_time\" content=\"2024-01-26T16:19:05+00:00\" \/>\n<meta property=\"og:image\" content=\"https:\/\/agrupacionespsoe.es\/ponferrada\/wp-content\/uploads\/sites\/36\/2024\/01\/WhatsApp-Image-2024-01-26-at-17.18.32.jpeg\" \/>\n\t<meta property=\"og:image:width\" content=\"1600\" \/>\n\t<meta property=\"og:image:height\" content=\"1200\" \/>\n\t<meta property=\"og:image:type\" content=\"image\/jpeg\" \/>\n<meta name=\"author\" content=\"ponferrada2\" \/>\n<meta name=\"twitter:card\" content=\"summary_large_image\" \/>\n<meta name=\"twitter:label1\" content=\"Escrito por\" \/>\n\t<meta name=\"twitter:data1\" content=\"ponferrada2\" \/>\n\t<meta name=\"twitter:label2\" content=\"Tiempo de lectura\" \/>\n\t<meta name=\"twitter:data2\" content=\"2 minutos\" \/>\n<script type=\"application\/ld+json\" class=\"yoast-schema-graph\">{\"@context\":\"https:\/\/schema.org\",\"@graph\":[{\"@type\":\"Article\",\"@id\":\"https:\/\/agrupacionespsoe.es\/ponferrada\/el-grupo-socialista-vuelve-a-denunciar-que-el-equipo-de-gobierno-no-convoca-ni-plenos-ordinarios-ni-mucho-menos-comisiones-informativas\/#article\",\"isPartOf\":{\"@id\":\"https:\/\/agrupacionespsoe.es\/ponferrada\/el-grupo-socialista-vuelve-a-denunciar-que-el-equipo-de-gobierno-no-convoca-ni-plenos-ordinarios-ni-mucho-menos-comisiones-informativas\/\"},\"author\":{\"name\":\"ponferrada2\",\"@id\":\"https:\/\/agrupacionespsoe.es\/ponferrada\/#\/schema\/person\/cd29ee627f3b70c05d415f02596debaa\"},\"headline\":\"El Grupo Socialista vuelve a denunciar que el equipo de gobierno no convoca ni plenos ordinarios ni mucho menos comisiones informativas\",\"datePublished\":\"2024-01-25T11:15:00+00:00\",\"dateModified\":\"2024-01-26T16:19:05+00:00\",\"mainEntityOfPage\":{\"@id\":\"https:\/\/agrupacionespsoe.es\/ponferrada\/el-grupo-socialista-vuelve-a-denunciar-que-el-equipo-de-gobierno-no-convoca-ni-plenos-ordinarios-ni-mucho-menos-comisiones-informativas\/\"},\"wordCount\":418,\"commentCount\":0,\"publisher\":{\"@id\":\"https:\/\/agrupacionespsoe.es\/ponferrada\/#organization\"},\"image\":{\"@id\":\"https:\/\/agrupacionespsoe.es\/ponferrada\/el-grupo-socialista-vuelve-a-denunciar-que-el-equipo-de-gobierno-no-convoca-ni-plenos-ordinarios-ni-mucho-menos-comisiones-informativas\/#primaryimage\"},\"thumbnailUrl\":\"https:\/\/agrupacionespsoe.es\/ponferrada\/wp-content\/uploads\/sites\/36\/2024\/01\/WhatsApp-Image-2024-01-26-at-17.18.32.jpeg\",\"articleSection\":[\"ACTUALIDAD\"],\"inLanguage\":\"es\",\"potentialAction\":[{\"@type\":\"CommentAction\",\"name\":\"Comment\",\"target\":[\"https:\/\/agrupacionespsoe.es\/ponferrada\/el-grupo-socialista-vuelve-a-denunciar-que-el-equipo-de-gobierno-no-convoca-ni-plenos-ordinarios-ni-mucho-menos-comisiones-informativas\/#respond\"]}]},{\"@type\":\"WebPage\",\"@id\":\"https:\/\/agrupacionespsoe.es\/ponferrada\/el-grupo-socialista-vuelve-a-denunciar-que-el-equipo-de-gobierno-no-convoca-ni-plenos-ordinarios-ni-mucho-menos-comisiones-informativas\/\",\"url\":\"https:\/\/agrupacionespsoe.es\/ponferrada\/el-grupo-socialista-vuelve-a-denunciar-que-el-equipo-de-gobierno-no-convoca-ni-plenos-ordinarios-ni-mucho-menos-comisiones-informativas\/\",\"name\":\"El Grupo Socialista vuelve a denunciar que el equipo de gobierno no convoca ni plenos ordinarios ni mucho menos comisiones informativas - Agrupaci\u00f3n Socialista de Ponferrada\",\"isPartOf\":{\"@id\":\"https:\/\/agrupacionespsoe.es\/ponferrada\/#website\"},\"primaryImageOfPage\":{\"@id\":\"https:\/\/agrupacionespsoe.es\/ponferrada\/el-grupo-socialista-vuelve-a-denunciar-que-el-equipo-de-gobierno-no-convoca-ni-plenos-ordinarios-ni-mucho-menos-comisiones-informativas\/#primaryimage\"},\"image\":{\"@id\":\"https:\/\/agrupacionespsoe.es\/ponferrada\/el-grupo-socialista-vuelve-a-denunciar-que-el-equipo-de-gobierno-no-convoca-ni-plenos-ordinarios-ni-mucho-menos-comisiones-informativas\/#primaryimage\"},\"thumbnailUrl\":\"https:\/\/agrupacionespsoe.es\/ponferrada\/wp-content\/uploads\/sites\/36\/2024\/01\/WhatsApp-Image-2024-01-26-at-17.18.32.jpeg\",\"datePublished\":\"2024-01-25T11:15:00+00:00\",\"dateModified\":\"2024-01-26T16:19:05+00:00\",\"breadcrumb\":{\"@id\":\"https:\/\/agrupacionespsoe.es\/ponferrada\/el-grupo-socialista-vuelve-a-denunciar-que-el-equipo-de-gobierno-no-convoca-ni-plenos-ordinarios-ni-mucho-menos-comisiones-informativas\/#breadcrumb\"},\"inLanguage\":\"es\",\"potentialAction\":[{\"@type\":\"ReadAction\",\"target\":[\"https:\/\/agrupacionespsoe.es\/ponferrada\/el-grupo-socialista-vuelve-a-denunciar-que-el-equipo-de-gobierno-no-convoca-ni-plenos-ordinarios-ni-mucho-menos-comisiones-informativas\/\"]}]},{\"@type\":\"ImageObject\",\"inLanguage\":\"es\",\"@id\":\"https:\/\/agrupacionespsoe.es\/ponferrada\/el-grupo-socialista-vuelve-a-denunciar-que-el-equipo-de-gobierno-no-convoca-ni-plenos-ordinarios-ni-mucho-menos-comisiones-informativas\/#primaryimage\",\"url\":\"https:\/\/agrupacionespsoe.es\/ponferrada\/wp-content\/uploads\/sites\/36\/2024\/01\/WhatsApp-Image-2024-01-26-at-17.18.32.jpeg\",\"contentUrl\":\"https:\/\/agrupacionespsoe.es\/ponferrada\/wp-content\/uploads\/sites\/36\/2024\/01\/WhatsApp-Image-2024-01-26-at-17.18.32.jpeg\",\"width\":1600,\"height\":1200},{\"@type\":\"BreadcrumbList\",\"@id\":\"https:\/\/agrupacionespsoe.es\/ponferrada\/el-grupo-socialista-vuelve-a-denunciar-que-el-equipo-de-gobierno-no-convoca-ni-plenos-ordinarios-ni-mucho-menos-comisiones-informativas\/#breadcrumb\",\"itemListElement\":[{\"@type\":\"ListItem\",\"position\":1,\"name\":\"Portada\",\"item\":\"https:\/\/agrupacionespsoe.es\/ponferrada\/\"},{\"@type\":\"ListItem\",\"position\":2,\"name\":\"El Grupo Socialista vuelve a denunciar que el equipo de gobierno no convoca ni plenos ordinarios ni mucho menos comisiones informativas\"}]},{\"@type\":\"WebSite\",\"@id\":\"https:\/\/agrupacionespsoe.es\/ponferrada\/#website\",\"url\":\"https:\/\/agrupacionespsoe.es\/ponferrada\/\",\"name\":\"Agrupaci\u00f3n Socialista de Ponferrada\",\"description\":\"Agrupaci\u00f3n Socialista de Ponferrada\",\"publisher\":{\"@id\":\"https:\/\/agrupacionespsoe.es\/ponferrada\/#organization\"},\"potentialAction\":[{\"@type\":\"SearchAction\",\"target\":{\"@type\":\"EntryPoint\",\"urlTemplate\":\"https:\/\/agrupacionespsoe.es\/ponferrada\/?s={search_term_string}\"},\"query-input\":{\"@type\":\"PropertyValueSpecification\",\"valueRequired\":true,\"valueName\":\"search_term_string\"}}],\"inLanguage\":\"es\"},{\"@type\":\"Organization\",\"@id\":\"https:\/\/agrupacionespsoe.es\/ponferrada\/#organization\",\"name\":\"Agrupaci\u00f3n Socialista de Ponferrada\",\"url\":\"https:\/\/agrupacionespsoe.es\/ponferrada\/\",\"logo\":{\"@type\":\"ImageObject\",\"inLanguage\":\"es\",\"@id\":\"https:\/\/agrupacionespsoe.es\/ponferrada\/#\/schema\/logo\/image\/\",\"url\":\"https:\/\/agrupacionespsoe.es\/wp-content\/uploads\/2022\/07\/Logotipo_electoral_del_PSOE.png\",\"contentUrl\":\"https:\/\/agrupacionespsoe.es\/wp-content\/uploads\/2022\/07\/Logotipo_electoral_del_PSOE.png\",\"width\":422,\"height\":422,\"caption\":\"Agrupaci\u00f3n Socialista de Ponferrada\"},\"image\":{\"@id\":\"https:\/\/agrupacionespsoe.es\/ponferrada\/#\/schema\/logo\/image\/\"}},{\"@type\":\"Person\",\"@id\":\"https:\/\/agrupacionespsoe.es\/ponferrada\/#\/schema\/person\/cd29ee627f3b70c05d415f02596debaa\",\"name\":\"ponferrada2\",\"image\":{\"@type\":\"ImageObject\",\"inLanguage\":\"es\",\"@id\":\"https:\/\/agrupacionespsoe.es\/ponferrada\/#\/schema\/person\/image\/\",\"url\":\"https:\/\/secure.gravatar.com\/avatar\/f499eeb60144c664cf7b7edf75549b50?s=96&d=mm&r=g\",\"contentUrl\":\"https:\/\/secure.gravatar.com\/avatar\/f499eeb60144c664cf7b7edf75549b50?s=96&d=mm&r=g\",\"caption\":\"ponferrada2\"},\"url\":\"https:\/\/agrupacionespsoe.es\/ponferrada\/author\/ponferrada2\/\"}]}<\/script>\n<!-- \/ Yoast SEO plugin. -->","yoast_head_json":{"title":"El Grupo Socialista vuelve a denunciar que el equipo de gobierno no convoca ni plenos ordinarios ni mucho menos comisiones informativas - Agrupaci\u00f3n Socialista de Ponferrada","robots":{"index":"index","follow":"follow","max-snippet":"max-snippet:-1","max-image-preview":"max-image-preview:large","max-video-preview":"max-video-preview:-1"},"canonical":"https:\/\/agrupacionespsoe.es\/ponferrada\/el-grupo-socialista-vuelve-a-denunciar-que-el-equipo-de-gobierno-no-convoca-ni-plenos-ordinarios-ni-mucho-menos-comisiones-informativas\/","og_locale":"es_ES","og_type":"article","og_title":"El Grupo Socialista vuelve a denunciar que el equipo de gobierno no convoca ni plenos ordinarios ni mucho menos comisiones informativas - Agrupaci\u00f3n Socialista de Ponferrada","og_description":"El grupo socialista quiere volver a manifestar su descontento por la forma de hacer pol\u00edtica de la nueva corporaci\u00f3n municipal. Desde el grupo se\u00f1alan que \u201ccomenzamos el a\u00f1o y el nuevo equipo de gobierno no ha sido capaz de traer ning\u00fan asunto al pleno ordinario. Desde el Grupo socialista ya hemos criticado la falta de ...","og_url":"https:\/\/agrupacionespsoe.es\/ponferrada\/el-grupo-socialista-vuelve-a-denunciar-que-el-equipo-de-gobierno-no-convoca-ni-plenos-ordinarios-ni-mucho-menos-comisiones-informativas\/","og_site_name":"Agrupaci\u00f3n Socialista de Ponferrada","article_published_time":"2024-01-25T11:15:00+00:00","article_modified_time":"2024-01-26T16:19:05+00:00","og_image":[{"width":1600,"height":1200,"url":"https:\/\/agrupacionespsoe.es\/ponferrada\/wp-content\/uploads\/sites\/36\/2024\/01\/WhatsApp-Image-2024-01-26-at-17.18.32.jpeg","type":"image\/jpeg"}],"author":"ponferrada2","twitter_card":"summary_large_image","twitter_misc":{"Escrito por":"ponferrada2","Tiempo de lectura":"2 minutos"},"schema":{"@context":"https:\/\/schema.org","@graph":[{"@type":"Article","@id":"https:\/\/agrupacionespsoe.es\/ponferrada\/el-grupo-socialista-vuelve-a-denunciar-que-el-equipo-de-gobierno-no-convoca-ni-plenos-ordinarios-ni-mucho-menos-comisiones-informativas\/#article","isPartOf":{"@id":"https:\/\/agrupacionespsoe.es\/ponferrada\/el-grupo-socialista-vuelve-a-denunciar-que-el-equipo-de-gobierno-no-convoca-ni-plenos-ordinarios-ni-mucho-menos-comisiones-informativas\/"},"author":{"name":"ponferrada2","@id":"https:\/\/agrupacionespsoe.es\/ponferrada\/#\/schema\/person\/cd29ee627f3b70c05d415f02596debaa"},"headline":"El Grupo Socialista vuelve a denunciar que el equipo de gobierno no convoca ni plenos ordinarios ni mucho menos comisiones informativas","datePublished":"2024-01-25T11:15:00+00:00","dateModified":"2024-01-26T16:19:05+00:00","mainEntityOfPage":{"@id":"https:\/\/agrupacionespsoe.es\/ponferrada\/el-grupo-socialista-vuelve-a-denunciar-que-el-equipo-de-gobierno-no-convoca-ni-plenos-ordinarios-ni-mucho-menos-comisiones-informativas\/"},"wordCount":418,"commentCount":0,"publisher":{"@id":"https:\/\/agrupacionespsoe.es\/ponferrada\/#organization"},"image":{"@id":"https:\/\/agrupacionespsoe.es\/ponferrada\/el-grupo-socialista-vuelve-a-denunciar-que-el-equipo-de-gobierno-no-convoca-ni-plenos-ordinarios-ni-mucho-menos-comisiones-informativas\/#primaryimage"},"thumbnailUrl":"https:\/\/agrupacionespsoe.es\/ponferrada\/wp-content\/uploads\/sites\/36\/2024\/01\/WhatsApp-Image-2024-01-26-at-17.18.32.jpeg","articleSection":["ACTUALIDAD"],"inLanguage":"es","potentialAction":[{"@type":"CommentAction","name":"Comment","target":["https:\/\/agrupacionespsoe.es\/ponferrada\/el-grupo-socialista-vuelve-a-denunciar-que-el-equipo-de-gobierno-no-convoca-ni-plenos-ordinarios-ni-mucho-menos-comisiones-informativas\/#respond"]}]},{"@type":"WebPage","@id":"https:\/\/agrupacionespsoe.es\/ponferrada\/el-grupo-socialista-vuelve-a-denunciar-que-el-equipo-de-gobierno-no-convoca-ni-plenos-ordinarios-ni-mucho-menos-comisiones-informativas\/","url":"https:\/\/agrupacionespsoe.es\/ponferrada\/el-grupo-socialista-vuelve-a-denunciar-que-el-equipo-de-gobierno-no-convoca-ni-plenos-ordinarios-ni-mucho-menos-comisiones-informativas\/","name":"El Grupo Socialista vuelve a denunciar que el equipo de gobierno no convoca ni plenos ordinarios ni mucho menos comisiones informativas - Agrupaci\u00f3n Socialista de Ponferrada","isPartOf":{"@id":"https:\/\/agrupacionespsoe.es\/ponferrada\/#website"},"primaryImageOfPage":{"@id":"https:\/\/agrupacionespsoe.es\/ponferrada\/el-grupo-socialista-vuelve-a-denunciar-que-el-equipo-de-gobierno-no-convoca-ni-plenos-ordinarios-ni-mucho-menos-comisiones-informativas\/#primaryimage"},"image":{"@id":"https:\/\/agrupacionespsoe.es\/ponferrada\/el-grupo-socialista-vuelve-a-denunciar-que-el-equipo-de-gobierno-no-convoca-ni-plenos-ordinarios-ni-mucho-menos-comisiones-informativas\/#primaryimage"},"thumbnailUrl":"https:\/\/agrupacionespsoe.es\/ponferrada\/wp-content\/uploads\/sites\/36\/2024\/01\/WhatsApp-Image-2024-01-26-at-17.18.32.jpeg","datePublished":"2024-01-25T11:15:00+00:00","dateModified":"2024-01-26T16:19:05+00:00","breadcrumb":{"@id":"https:\/\/agrupacionespsoe.es\/ponferrada\/el-grupo-socialista-vuelve-a-denunciar-que-el-equipo-de-gobierno-no-convoca-ni-plenos-ordinarios-ni-mucho-menos-comisiones-informativas\/#breadcrumb"},"inLanguage":"es","potentialAction":[{"@type":"ReadAction","target":["https:\/\/agrupacionespsoe.es\/ponferrada\/el-grupo-socialista-vuelve-a-denunciar-que-el-equipo-de-gobierno-no-convoca-ni-plenos-ordinarios-ni-mucho-menos-comisiones-informativas\/"]}]},{"@type":"ImageObject","inLanguage":"es","@id":"https:\/\/agrupacionespsoe.es\/ponferrada\/el-grupo-socialista-vuelve-a-denunciar-que-el-equipo-de-gobierno-no-convoca-ni-plenos-ordinarios-ni-mucho-menos-comisiones-informativas\/#primaryimage","url":"https:\/\/agrupacionespsoe.es\/ponferrada\/wp-content\/uploads\/sites\/36\/2024\/01\/WhatsApp-Image-2024-01-26-at-17.18.32.jpeg","contentUrl":"https:\/\/agrupacionespsoe.es\/ponferrada\/wp-content\/uploads\/sites\/36\/2024\/01\/WhatsApp-Image-2024-01-26-at-17.18.32.jpeg","width":1600,"height":1200},{"@type":"BreadcrumbList","@id":"https:\/\/agrupacionespsoe.es\/ponferrada\/el-grupo-socialista-vuelve-a-denunciar-que-el-equipo-de-gobierno-no-convoca-ni-plenos-ordinarios-ni-mucho-menos-comisiones-informativas\/#breadcrumb","itemListElement":[{"@type":"ListItem","position":1,"name":"Portada","item":"https:\/\/agrupacionespsoe.es\/ponferrada\/"},{"@type":"ListItem","position":2,"name":"El Grupo Socialista vuelve a denunciar que el equipo de gobierno no convoca ni plenos ordinarios ni mucho menos comisiones informativas"}]},{"@type":"WebSite","@id":"https:\/\/agrupacionespsoe.es\/ponferrada\/#website","url":"https:\/\/agrupacionespsoe.es\/ponferrada\/","name":"Agrupaci\u00f3n Socialista de Ponferrada","description":"Agrupaci\u00f3n Socialista de Ponferrada","publisher":{"@id":"https:\/\/agrupacionespsoe.es\/ponferrada\/#organization"},"potentialAction":[{"@type":"SearchAction","target":{"@type":"EntryPoint","urlTemplate":"https:\/\/agrupacionespsoe.es\/ponferrada\/?s={search_term_string}"},"query-input":{"@type":"PropertyValueSpecification","valueRequired":true,"valueName":"search_term_string"}}],"inLanguage":"es"},{"@type":"Organization","@id":"https:\/\/agrupacionespsoe.es\/ponferrada\/#organization","name":"Agrupaci\u00f3n Socialista de Ponferrada","url":"https:\/\/agrupacionespsoe.es\/ponferrada\/","logo":{"@type":"ImageObject","inLanguage":"es","@id":"https:\/\/agrupacionespsoe.es\/ponferrada\/#\/schema\/logo\/image\/","url":"https:\/\/agrupacionespsoe.es\/wp-content\/uploads\/2022\/07\/Logotipo_electoral_del_PSOE.png","contentUrl":"https:\/\/agrupacionespsoe.es\/wp-content\/uploads\/2022\/07\/Logotipo_electoral_del_PSOE.png","width":422,"height":422,"caption":"Agrupaci\u00f3n Socialista de Ponferrada"},"image":{"@id":"https:\/\/agrupacionespsoe.es\/ponferrada\/#\/schema\/logo\/image\/"}},{"@type":"Person","@id":"https:\/\/agrupacionespsoe.es\/ponferrada\/#\/schema\/person\/cd29ee627f3b70c05d415f02596debaa","name":"ponferrada2","image":{"@type":"ImageObject","inLanguage":"es","@id":"https:\/\/agrupacionespsoe.es\/ponferrada\/#\/schema\/person\/image\/","url":"https:\/\/secure.gravatar.com\/avatar\/f499eeb60144c664cf7b7edf75549b50?s=96&d=mm&r=g","contentUrl":"https:\/\/secure.gravatar.com\/avatar\/f499eeb60144c664cf7b7edf75549b50?s=96&d=mm&r=g","caption":"ponferrada2"},"url":"https:\/\/agrupacionespsoe.es\/ponferrada\/author\/ponferrada2\/"}]}},"jetpack_featured_media_url":"https:\/\/agrupacionespsoe.es\/ponferrada\/wp-content\/uploads\/sites\/36\/2024\/01\/WhatsApp-Image-2024-01-26-at-17.18.32.jpeg","jetpack_sharing_enabled":true,"_links":{"self":[{"href":"https:\/\/agrupacionespsoe.es\/ponferrada\/wp-json\/wp\/v2\/posts\/350","targetHints":{"allow":["GET"]}}],"collection":[{"href":"https:\/\/agrupacionespsoe.es\/ponferrada\/wp-json\/wp\/v2\/posts"}],"about":[{"href":"https:\/\/agrupacionespsoe.es\/ponferrada\/wp-json\/wp\/v2\/types\/post"}],"author":[{"embeddable":true,"href":"https:\/\/agrupacionespsoe.es\/ponferrada\/wp-json\/wp\/v2\/users\/32"}],"replies":[{"embeddable":true,"href":"https:\/\/agrupacionespsoe.es\/ponferrada\/wp-json\/wp\/v2\/comments?post=350"}],"version-history":[{"count":1,"href":"https:\/\/agrupacionespsoe.es\/ponferrada\/wp-json\/wp\/v2\/posts\/350\/revisions"}],"predecessor-version":[{"id":352,"href":"https:\/\/agrupacionespsoe.es\/ponferrada\/wp-json\/wp\/v2\/posts\/350\/revisions\/352"}],"wp:featuredmedia":[{"embeddable":true,"href":"https:\/\/agrupacionespsoe.es\/ponferrada\/wp-json\/wp\/v2\/media\/351"}],"wp:attachment":[{"href":"https:\/\/agrupacionespsoe.es\/ponferrada\/wp-json\/wp\/v2\/media?parent=350"}],"wp:term":[{"taxonomy":"category","embeddable":true,"href":"https:\/\/agrupacionespsoe.es\/ponferrada\/wp-json\/wp\/v2\/categories?post=350"},{"taxonomy":"post_tag","embeddable":true,"href":"https:\/\/agrupacionespsoe.es\/ponferrada\/wp-json\/wp\/v2\/tags?post=350"}],"curies":[{"name":"wp","href":"https:\/\/api.w.org\/{rel}","templated":true}]}}